{"id":28547,"date":"2025-06-21T10:20:14","date_gmt":"2025-06-21T10:20:14","guid":{"rendered":"https:\/\/lequotidien.mr\/?p=28547"},"modified":"2025-06-21T10:20:14","modified_gmt":"2025-06-21T10:20:14","slug":"signature-dun-accord-de-cooperation-archivistique-entre-la-mauritanie-et-le-maroc-a-rabat","status":"publish","type":"post","link":"https:\/\/lequotidien.mr\/?p=28547&lang=fr","title":{"rendered":"Signature d&#8217;un accord de coop\u00e9ration archivistique entre la Mauritanie et le Maroc \u00e0 Rabat"},"content":{"rendered":"<p>Un nouvel accord renfor\u00e7ant les liens culturels et historiques vient d&#8217;\u00eatre scell\u00e9 entre la Mauritanie et le Royaume du Maroc. Ce vendredi 20 juin 2025, les deux pays ont sign\u00e9 un\u00a0<strong>accord de coop\u00e9ration archivistique<\/strong>\u00a0lors d&#8217;une c\u00e9r\u00e9monie tenue au si\u00e8ge prestigieux de la\u00a0<strong>Fondation Archives du Maroc \u00e0 Rabat<\/strong>.<\/p>\n<p>Cet accord, visant \u00e0 structurer et dynamiser la collaboration dans le domaine crucial de la pr\u00e9servation et de la valorisation du patrimoine documentaire, a \u00e9t\u00e9 paraph\u00e9 par :<\/p>\n<p><strong>Pour la Mauritanie :<\/strong>\u00a0M.\u00a0<strong>Mohamed Mokhtar Sidi Mohamed El Hadi<\/strong>, D\u00e9l\u00e9gu\u00e9 g\u00e9n\u00e9ral des Archives nationales de Mauritanie.<\/p>\n<p><strong>Pour le Maroc :<\/strong>\u00a0Mme\u00a0<strong>Latifa Mouftaqir<\/strong>, Directrice de la Fondation Archives du Maroc.<\/p>\n<p>La c\u00e9r\u00e9monie s&#8217;est d\u00e9roul\u00e9e en pr\u00e9sence de personnalit\u00e9s illustrant l&#8217;importance accord\u00e9e \u00e0 ce partenariat par les deux parties : M.\u00a0<strong>Nani El Houssein<\/strong>, Conseiller culturel \u00e0 l&#8217;Ambassade de Mauritanie \u00e0 Rabat\u00a0; et M.\u00a0<strong>Mohamed Fathi<\/strong>, Responsable de la coop\u00e9ration internationale \u00e0 la Fondation Archives du Maroc.<\/p>\n<p><strong>Objectifs et port\u00e9e de l&#8217;Accord<\/strong><\/p>\n<p>Bien que le d\u00e9tail pr\u00e9cis des clauses ne soit pas imm\u00e9diatement public, ce type d&#8217;accord de coop\u00e9ration archivistique couvre g\u00e9n\u00e9ralement des domaines essentiels tels que :<\/p>\n<p><strong>-L&#8217;\u00e9change d&#8217;expertises et de bonnes pratiques<\/strong>\u00a0en mati\u00e8re de gestion, de conservation et de restauration des documents d&#8217;archives\u00a0;<\/p>\n<p><strong>-La formation du personnel<\/strong>\u00a0sp\u00e9cialis\u00e9 des deux institutions\u00a0;<\/p>\n<p><strong>-L&#8217;organisation conjointe de colloques, s\u00e9minaires et expositions<\/strong>\u00a0mettant en valeur l&#8217;histoire et le patrimoine documentaire partag\u00e9\u00a0;<\/p>\n<p><strong>-La num\u00e9risation et la mise \u00e0 disposition des fonds d&#8217;archives<\/strong>, facilitant ainsi l&#8217;acc\u00e8s \u00e0 la recherche historique\u00a0;<\/p>\n<p><strong>-L&#8217;\u00e9change de copies de documents d&#8217;int\u00e9r\u00eat commun<\/strong>\u00a0pour enrichir les collections nationales.<\/p>\n<p><strong>La Mauritanie, partenaire actif dans la pr\u00e9servation du patrimoine<\/strong><\/p>\n<p>Cette signature s&#8217;inscrit dans une strat\u00e9gie mauritanienne active de pr\u00e9servation et de mise en r\u00e9seau de son patrimoine archivistique. La Mauritanie est en effet d\u00e9j\u00e0 li\u00e9e par des\u00a0accords similaires avec plusieurs autres nations.<\/p>\n<p>Ce r\u00e9seau croissant d&#8217;accords t\u00e9moigne de la volont\u00e9 de Nouakchott de pr\u00e9server son riche patrimoine historique et de le rendre accessible, tout en renfor\u00e7ant ses liens culturels et scientifiques avec des partenaires strat\u00e9giques \u00e0 travers le monde.<\/p>\n<p>La signature de cet accord entre Rabat et Nouakchott repr\u00e9sente une\u00a0\u00e9tape concr\u00e8te et significative\u00a0dans le renforcement des relations culturelles et historiques entre les deux pays voisins. Il ouvre la voie \u00e0 une collaboration fructueuse pour la sauvegarde d&#8217;une m\u00e9moire commune et la facilitation de la recherche scientifique dans les domaines de l&#8217;histoire et du patrimoine des deux nations. La Fondation Archives du Maroc, h\u00f4te de l&#8217;\u00e9v\u00e9nement, confirme ainsi son r\u00f4le central dans la diplomatie archivistique du Royaume.<\/p>\n","protected":false},"excerpt":{"rendered":"<p>Un nouvel accord renfor\u00e7ant les liens culturels et historiques vient d&#8217;\u00eatre scell\u00e9 entre la Mauritanie et le Royaume du Maroc. Ce vendredi 20 juin 2025, les deux pays ont sign\u00e9 un\u00a0accord de coop\u00e9ration archivistique\u00a0lors d&#8217;une c\u00e9r\u00e9monie tenue au si\u00e8ge prestigieux de la\u00a0Fondation Archives du Maroc \u00e0 Rabat. Cet accord, visant \u00e0 structurer et dynamiser la&#8230;..<\/p>\n","protected":false},"author":12,"featured_media":28548,"comment_status":"open","ping_status":"open","sticky":false,"template":"","format":"standard","meta":{"footnotes":""},"categories":[23,55],"tags":[],"class_list":["post-28547","post","type-post","status-publish","format-standard","has-post-thumbnail","hentry","category-actualite","category-culture"],"yoast_head":"<!-- This site is optimized with the Yoast SEO plugin v27.5 - https:\/\/yoast.com\/product\/yoast-seo-wordpress\/ -->\n<title>Signature d&#039;un accord de coop\u00e9ration archivistique entre la Mauritanie et le Maroc \u00e0 Rabat - Le Quotidien de Nouakchott<\/title>\n<meta name=\"robots\" content=\"index, follow, max-snippet:-1, max-image-preview:large, max-video-preview:-1\" \/>\n<link rel=\"canonical\" href=\"https:\/\/lequotidien.mr\/?p=28547&lang=fr\" \/>\n<meta property=\"og:locale\" content=\"ar_AR\" \/>\n<meta property=\"og:type\" content=\"article\" \/>\n<meta property=\"og:title\" content=\"Signature d&#039;un accord de coop\u00e9ration archivistique entre la Mauritanie et le Maroc \u00e0 Rabat - Le Quotidien de Nouakchott\" \/>\n<meta property=\"og:description\" content=\"Un nouvel accord renfor\u00e7ant les liens culturels et historiques vient d&#8217;\u00eatre scell\u00e9 entre la Mauritanie et le Royaume du Maroc. Ce vendredi 20 juin 2025, les deux pays ont sign\u00e9 un\u00a0accord de coop\u00e9ration archivistique\u00a0lors d&#8217;une c\u00e9r\u00e9monie tenue au si\u00e8ge prestigieux de la\u00a0Fondation Archives du Maroc \u00e0 Rabat. Cet accord, visant \u00e0 structurer et dynamiser la.....\" \/>\n<meta property=\"og:url\" content=\"https:\/\/lequotidien.mr\/?p=28547&amp;lang=fr\" \/>\n<meta property=\"og:site_name\" content=\"Le Quotidien de Nouakchott\" \/>\n<meta property=\"article:publisher\" content=\"https:\/\/web.facebook.com\/lequotidienmr\" \/>\n<meta property=\"article:published_time\" content=\"2025-06-21T10:20:14+00:00\" \/>\n<meta property=\"og:image\" content=\"https:\/\/lequotidien.mr\/wp-content\/uploads\/2025\/06\/photo-accord-Mtnie_Maroc.jpg\" \/>\n\t<meta property=\"og:image:width\" content=\"750\" \/>\n\t<meta property=\"og:image:height\" content=\"430\" \/>\n\t<meta property=\"og:image:type\" content=\"image\/jpeg\" \/>\n<meta name=\"author\" content=\"Med Ahmed\" \/>\n<meta name=\"twitter:card\" content=\"summary_large_image\" \/>\n<meta name=\"twitter:creator\" content=\"@lequotidienmr\" \/>\n<meta name=\"twitter:site\" content=\"@lequotidienmr\" \/>\n<meta name=\"twitter:label1\" content=\"\u0643\u064f\u062a\u0628 \u0628\u0648\u0627\u0633\u0637\u0629\" \/>\n\t<meta name=\"twitter:data1\" content=\"Med Ahmed\" \/>\n\t<meta name=\"twitter:label2\" content=\"\u0648\u0642\u062a \u0627\u0644\u0642\u0631\u0627\u0621\u0629 \u0627\u0644\u0645\u064f\u0642\u062f\u0651\u0631\" \/>\n\t<meta name=\"twitter:data2\" content=\"4 \u062f\u0642\u0627\u0626\u0642\" \/>\n<script type=\"application\/ld+json\" class=\"yoast-schema-graph\">{\"@context\":\"https:\\\/\\\/schema.org\",\"@graph\":[{\"@type\":\"Article\",\"@id\":\"https:\\\/\\\/lequotidien.mr\\\/?p=28547&lang=fr#article\",\"isPartOf\":{\"@id\":\"https:\\\/\\\/lequotidien.mr\\\/?p=28547&lang=fr\"},\"author\":{\"name\":\"Med Ahmed\",\"@id\":\"https:\\\/\\\/lequotidien.mr\\\/#\\\/schema\\\/person\\\/d2d350202a4d599685ed8abc25f97596\"},\"headline\":\"Signature d&#8217;un accord de coop\u00e9ration archivistique entre la Mauritanie et le Maroc \u00e0 Rabat\",\"datePublished\":\"2025-06-21T10:20:14+00:00\",\"mainEntityOfPage\":{\"@id\":\"https:\\\/\\\/lequotidien.mr\\\/?p=28547&lang=fr\"},\"wordCount\":485,\"commentCount\":0,\"publisher\":{\"@id\":\"https:\\\/\\\/lequotidien.mr\\\/#organization\"},\"image\":{\"@id\":\"https:\\\/\\\/lequotidien.mr\\\/?p=28547&lang=fr#primaryimage\"},\"thumbnailUrl\":\"https:\\\/\\\/lequotidien.mr\\\/wp-content\\\/uploads\\\/2025\\\/06\\\/photo-accord-Mtnie_Maroc.jpg\",\"articleSection\":[\"ACTUALIT\u00c9\",\"Culture\"],\"inLanguage\":\"ar\",\"potentialAction\":[{\"@type\":\"CommentAction\",\"name\":\"Comment\",\"target\":[\"https:\\\/\\\/lequotidien.mr\\\/?p=28547&lang=fr#respond\"]}]},{\"@type\":\"WebPage\",\"@id\":\"https:\\\/\\\/lequotidien.mr\\\/?p=28547&lang=fr\",\"url\":\"https:\\\/\\\/lequotidien.mr\\\/?p=28547&lang=fr\",\"name\":\"Signature d'un accord de coop\u00e9ration archivistique entre la Mauritanie et le Maroc \u00e0 Rabat - Le Quotidien de Nouakchott\",\"isPartOf\":{\"@id\":\"https:\\\/\\\/lequotidien.mr\\\/#website\"},\"primaryImageOfPage\":{\"@id\":\"https:\\\/\\\/lequotidien.mr\\\/?p=28547&lang=fr#primaryimage\"},\"image\":{\"@id\":\"https:\\\/\\\/lequotidien.mr\\\/?p=28547&lang=fr#primaryimage\"},\"thumbnailUrl\":\"https:\\\/\\\/lequotidien.mr\\\/wp-content\\\/uploads\\\/2025\\\/06\\\/photo-accord-Mtnie_Maroc.jpg\",\"datePublished\":\"2025-06-21T10:20:14+00:00\",\"breadcrumb\":{\"@id\":\"https:\\\/\\\/lequotidien.mr\\\/?p=28547&lang=fr#breadcrumb\"},\"inLanguage\":\"ar\",\"potentialAction\":[{\"@type\":\"ReadAction\",\"target\":[\"https:\\\/\\\/lequotidien.mr\\\/?p=28547&lang=fr\"]}]},{\"@type\":\"ImageObject\",\"inLanguage\":\"ar\",\"@id\":\"https:\\\/\\\/lequotidien.mr\\\/?p=28547&lang=fr#primaryimage\",\"url\":\"https:\\\/\\\/lequotidien.mr\\\/wp-content\\\/uploads\\\/2025\\\/06\\\/photo-accord-Mtnie_Maroc.jpg\",\"contentUrl\":\"https:\\\/\\\/lequotidien.mr\\\/wp-content\\\/uploads\\\/2025\\\/06\\\/photo-accord-Mtnie_Maroc.jpg\",\"width\":750,\"height\":430},{\"@type\":\"BreadcrumbList\",\"@id\":\"https:\\\/\\\/lequotidien.mr\\\/?p=28547&lang=fr#breadcrumb\",\"itemListElement\":[{\"@type\":\"ListItem\",\"position\":1,\"name\":\"Home\",\"item\":\"https:\\\/\\\/lequotidien.mr\\\/\"},{\"@type\":\"ListItem\",\"position\":2,\"name\":\"Signature d&rsquo;un accord de coop\u00e9ration archivistique entre la Mauritanie et le Maroc \u00e0 Rabat\"}]},{\"@type\":\"WebSite\",\"@id\":\"https:\\\/\\\/lequotidien.mr\\\/#website\",\"url\":\"https:\\\/\\\/lequotidien.mr\\\/\",\"name\":\"Le Quotidien de Nouakchott\",\"description\":\"\u0625\u062e\u0628\u0627\u0631\u064a\u0629 \u0645\u0633\u062a\u0642\u0644\u0629 \u0644\u0644\u0623\u0646\u0628\u0627\u0621 \u0627\u0644\u0639\u0627\u0645\u0629\",\"publisher\":{\"@id\":\"https:\\\/\\\/lequotidien.mr\\\/#organization\"},\"potentialAction\":[{\"@type\":\"SearchAction\",\"target\":{\"@type\":\"EntryPoint\",\"urlTemplate\":\"https:\\\/\\\/lequotidien.mr\\\/?s={search_term_string}\"},\"query-input\":{\"@type\":\"PropertyValueSpecification\",\"valueRequired\":true,\"valueName\":\"search_term_string\"}}],\"inLanguage\":\"ar\"},{\"@type\":\"Organization\",\"@id\":\"https:\\\/\\\/lequotidien.mr\\\/#organization\",\"name\":\"Le Quotidien de Nouakchott\",\"url\":\"https:\\\/\\\/lequotidien.mr\\\/\",\"logo\":{\"@type\":\"ImageObject\",\"inLanguage\":\"ar\",\"@id\":\"https:\\\/\\\/lequotidien.mr\\\/#\\\/schema\\\/logo\\\/image\\\/\",\"url\":\"https:\\\/\\\/lequotidien.mr\\\/wp-content\\\/uploads\\\/2022\\\/11\\\/logolequotidien.jpg\",\"contentUrl\":\"https:\\\/\\\/lequotidien.mr\\\/wp-content\\\/uploads\\\/2022\\\/11\\\/logolequotidien.jpg\",\"width\":290,\"height\":65,\"caption\":\"Le Quotidien de Nouakchott\"},\"image\":{\"@id\":\"https:\\\/\\\/lequotidien.mr\\\/#\\\/schema\\\/logo\\\/image\\\/\"},\"sameAs\":[\"https:\\\/\\\/web.facebook.com\\\/lequotidienmr\",\"https:\\\/\\\/x.com\\\/lequotidienmr\"]},{\"@type\":\"Person\",\"@id\":\"https:\\\/\\\/lequotidien.mr\\\/#\\\/schema\\\/person\\\/d2d350202a4d599685ed8abc25f97596\",\"name\":\"Med Ahmed\",\"image\":{\"@type\":\"ImageObject\",\"inLanguage\":\"ar\",\"@id\":\"https:\\\/\\\/secure.gravatar.com\\\/avatar\\\/fd2acc62ed50732923d1d39c17172c9b04149f142be92310ecc69e1358f94b52?s=96&d=mm&r=g\",\"url\":\"https:\\\/\\\/secure.gravatar.com\\\/avatar\\\/fd2acc62ed50732923d1d39c17172c9b04149f142be92310ecc69e1358f94b52?s=96&d=mm&r=g\",\"contentUrl\":\"https:\\\/\\\/secure.gravatar.com\\\/avatar\\\/fd2acc62ed50732923d1d39c17172c9b04149f142be92310ecc69e1358f94b52?s=96&d=mm&r=g\",\"caption\":\"Med Ahmed\"},\"url\":\"https:\\\/\\\/lequotidien.mr\\\/?author=12\"}]}<\/script>\n<!-- \/ Yoast SEO plugin. -->","yoast_head_json":{"title":"Signature d'un accord de coop\u00e9ration archivistique entre la Mauritanie et le Maroc \u00e0 Rabat - Le Quotidien de Nouakchott","robots":{"index":"index","follow":"follow","max-snippet":"max-snippet:-1","max-image-preview":"max-image-preview:large","max-video-preview":"max-video-preview:-1"},"canonical":"https:\/\/lequotidien.mr\/?p=28547&lang=fr","og_locale":"ar_AR","og_type":"article","og_title":"Signature d'un accord de coop\u00e9ration archivistique entre la Mauritanie et le Maroc \u00e0 Rabat - Le Quotidien de Nouakchott","og_description":"Un nouvel accord renfor\u00e7ant les liens culturels et historiques vient d&#8217;\u00eatre scell\u00e9 entre la Mauritanie et le Royaume du Maroc. Ce vendredi 20 juin 2025, les deux pays ont sign\u00e9 un\u00a0accord de coop\u00e9ration archivistique\u00a0lors d&#8217;une c\u00e9r\u00e9monie tenue au si\u00e8ge prestigieux de la\u00a0Fondation Archives du Maroc \u00e0 Rabat. Cet accord, visant \u00e0 structurer et dynamiser la.....","og_url":"https:\/\/lequotidien.mr\/?p=28547&lang=fr","og_site_name":"Le Quotidien de Nouakchott","article_publisher":"https:\/\/web.facebook.com\/lequotidienmr","article_published_time":"2025-06-21T10:20:14+00:00","og_image":[{"width":750,"height":430,"url":"https:\/\/lequotidien.mr\/wp-content\/uploads\/2025\/06\/photo-accord-Mtnie_Maroc.jpg","type":"image\/jpeg"}],"author":"Med Ahmed","twitter_card":"summary_large_image","twitter_creator":"@lequotidienmr","twitter_site":"@lequotidienmr","twitter_misc":{"\u0643\u064f\u062a\u0628 \u0628\u0648\u0627\u0633\u0637\u0629":"Med Ahmed","\u0648\u0642\u062a \u0627\u0644\u0642\u0631\u0627\u0621\u0629 \u0627\u0644\u0645\u064f\u0642\u062f\u0651\u0631":"4 \u062f\u0642\u0627\u0626\u0642"},"schema":{"@context":"https:\/\/schema.org","@graph":[{"@type":"Article","@id":"https:\/\/lequotidien.mr\/?p=28547&lang=fr#article","isPartOf":{"@id":"https:\/\/lequotidien.mr\/?p=28547&lang=fr"},"author":{"name":"Med Ahmed","@id":"https:\/\/lequotidien.mr\/#\/schema\/person\/d2d350202a4d599685ed8abc25f97596"},"headline":"Signature d&#8217;un accord de coop\u00e9ration archivistique entre la Mauritanie et le Maroc \u00e0 Rabat","datePublished":"2025-06-21T10:20:14+00:00","mainEntityOfPage":{"@id":"https:\/\/lequotidien.mr\/?p=28547&lang=fr"},"wordCount":485,"commentCount":0,"publisher":{"@id":"https:\/\/lequotidien.mr\/#organization"},"image":{"@id":"https:\/\/lequotidien.mr\/?p=28547&lang=fr#primaryimage"},"thumbnailUrl":"https:\/\/lequotidien.mr\/wp-content\/uploads\/2025\/06\/photo-accord-Mtnie_Maroc.jpg","articleSection":["ACTUALIT\u00c9","Culture"],"inLanguage":"ar","potentialAction":[{"@type":"CommentAction","name":"Comment","target":["https:\/\/lequotidien.mr\/?p=28547&lang=fr#respond"]}]},{"@type":"WebPage","@id":"https:\/\/lequotidien.mr\/?p=28547&lang=fr","url":"https:\/\/lequotidien.mr\/?p=28547&lang=fr","name":"Signature d'un accord de coop\u00e9ration archivistique entre la Mauritanie et le Maroc \u00e0 Rabat - Le Quotidien de Nouakchott","isPartOf":{"@id":"https:\/\/lequotidien.mr\/#website"},"primaryImageOfPage":{"@id":"https:\/\/lequotidien.mr\/?p=28547&lang=fr#primaryimage"},"image":{"@id":"https:\/\/lequotidien.mr\/?p=28547&lang=fr#primaryimage"},"thumbnailUrl":"https:\/\/lequotidien.mr\/wp-content\/uploads\/2025\/06\/photo-accord-Mtnie_Maroc.jpg","datePublished":"2025-06-21T10:20:14+00:00","breadcrumb":{"@id":"https:\/\/lequotidien.mr\/?p=28547&lang=fr#breadcrumb"},"inLanguage":"ar","potentialAction":[{"@type":"ReadAction","target":["https:\/\/lequotidien.mr\/?p=28547&lang=fr"]}]},{"@type":"ImageObject","inLanguage":"ar","@id":"https:\/\/lequotidien.mr\/?p=28547&lang=fr#primaryimage","url":"https:\/\/lequotidien.mr\/wp-content\/uploads\/2025\/06\/photo-accord-Mtnie_Maroc.jpg","contentUrl":"https:\/\/lequotidien.mr\/wp-content\/uploads\/2025\/06\/photo-accord-Mtnie_Maroc.jpg","width":750,"height":430},{"@type":"BreadcrumbList","@id":"https:\/\/lequotidien.mr\/?p=28547&lang=fr#breadcrumb","itemListElement":[{"@type":"ListItem","position":1,"name":"Home","item":"https:\/\/lequotidien.mr\/"},{"@type":"ListItem","position":2,"name":"Signature d&rsquo;un accord de coop\u00e9ration archivistique entre la Mauritanie et le Maroc \u00e0 Rabat"}]},{"@type":"WebSite","@id":"https:\/\/lequotidien.mr\/#website","url":"https:\/\/lequotidien.mr\/","name":"Le Quotidien de Nouakchott","description":"\u0625\u062e\u0628\u0627\u0631\u064a\u0629 \u0645\u0633\u062a\u0642\u0644\u0629 \u0644\u0644\u0623\u0646\u0628\u0627\u0621 \u0627\u0644\u0639\u0627\u0645\u0629","publisher":{"@id":"https:\/\/lequotidien.mr\/#organization"},"potentialAction":[{"@type":"SearchAction","target":{"@type":"EntryPoint","urlTemplate":"https:\/\/lequotidien.mr\/?s={search_term_string}"},"query-input":{"@type":"PropertyValueSpecification","valueRequired":true,"valueName":"search_term_string"}}],"inLanguage":"ar"},{"@type":"Organization","@id":"https:\/\/lequotidien.mr\/#organization","name":"Le Quotidien de Nouakchott","url":"https:\/\/lequotidien.mr\/","logo":{"@type":"ImageObject","inLanguage":"ar","@id":"https:\/\/lequotidien.mr\/#\/schema\/logo\/image\/","url":"https:\/\/lequotidien.mr\/wp-content\/uploads\/2022\/11\/logolequotidien.jpg","contentUrl":"https:\/\/lequotidien.mr\/wp-content\/uploads\/2022\/11\/logolequotidien.jpg","width":290,"height":65,"caption":"Le Quotidien de Nouakchott"},"image":{"@id":"https:\/\/lequotidien.mr\/#\/schema\/logo\/image\/"},"sameAs":["https:\/\/web.facebook.com\/lequotidienmr","https:\/\/x.com\/lequotidienmr"]},{"@type":"Person","@id":"https:\/\/lequotidien.mr\/#\/schema\/person\/d2d350202a4d599685ed8abc25f97596","name":"Med Ahmed","image":{"@type":"ImageObject","inLanguage":"ar","@id":"https:\/\/secure.gravatar.com\/avatar\/fd2acc62ed50732923d1d39c17172c9b04149f142be92310ecc69e1358f94b52?s=96&d=mm&r=g","url":"https:\/\/secure.gravatar.com\/avatar\/fd2acc62ed50732923d1d39c17172c9b04149f142be92310ecc69e1358f94b52?s=96&d=mm&r=g","contentUrl":"https:\/\/secure.gravatar.com\/avatar\/fd2acc62ed50732923d1d39c17172c9b04149f142be92310ecc69e1358f94b52?s=96&d=mm&r=g","caption":"Med Ahmed"},"url":"https:\/\/lequotidien.mr\/?author=12"}]}},"_links":{"self":[{"href":"https:\/\/lequotidien.mr\/index.php?rest_route=\/wp\/v2\/posts\/28547","targetHints":{"allow":["GET"]}}],"collection":[{"href":"https:\/\/lequotidien.mr\/index.php?rest_route=\/wp\/v2\/posts"}],"about":[{"href":"https:\/\/lequotidien.mr\/index.php?rest_route=\/wp\/v2\/types\/post"}],"author":[{"embeddable":true,"href":"https:\/\/lequotidien.mr\/index.php?rest_route=\/wp\/v2\/users\/12"}],"replies":[{"embeddable":true,"href":"https:\/\/lequotidien.mr\/index.php?rest_route=%2Fwp%2Fv2%2Fcomments&post=28547"}],"version-history":[{"count":1,"href":"https:\/\/lequotidien.mr\/index.php?rest_route=\/wp\/v2\/posts\/28547\/revisions"}],"predecessor-version":[{"id":28549,"href":"https:\/\/lequotidien.mr\/index.php?rest_route=\/wp\/v2\/posts\/28547\/revisions\/28549"}],"wp:featuredmedia":[{"embeddable":true,"href":"https:\/\/lequotidien.mr\/index.php?rest_route=\/wp\/v2\/media\/28548"}],"wp:attachment":[{"href":"https:\/\/lequotidien.mr\/index.php?rest_route=%2Fwp%2Fv2%2Fmedia&parent=28547"}],"wp:term":[{"taxonomy":"category","embeddable":true,"href":"https:\/\/lequotidien.mr\/index.php?rest_route=%2Fwp%2Fv2%2Fcategories&post=28547"},{"taxonomy":"post_tag","embeddable":true,"href":"https:\/\/lequotidien.mr\/index.php?rest_route=%2Fwp%2Fv2%2Ftags&post=28547"}],"curies":[{"name":"wp","href":"https:\/\/api.w.org\/{rel}","templated":true}]}}