{"id":28542,"date":"2025-06-20T22:21:56","date_gmt":"2025-06-20T22:21:56","guid":{"rendered":"https:\/\/lequotidien.mr\/?p=28542"},"modified":"2025-06-20T22:21:56","modified_gmt":"2025-06-20T22:21:56","slug":"dixieme-conference-des-parties-a-la-convention-de-2005-du-comite-intergouvernemental-pour-la-protection-et-la-promotion-de-la-diversite-des-expressions-culturelles-paris-la-mauritanie-elue-membre-du","status":"publish","type":"post","link":"https:\/\/lequotidien.mr\/?p=28542&lang=fr","title":{"rendered":"Dixi\u00e8me Conf\u00e9rence des Parties \u00e0 la Convention de 2005 du Comit\u00e9 intergouvernemental pour la protection et la promotion de la diversit\u00e9 des expressions culturelles\/Paris : La Mauritanie \u00e9lue membre du Comit\u00e9 intergouvernemental"},"content":{"rendered":"<p>La Mauritanie a remport\u00e9 une distinction culturelle internationale majeure ce vendredi. Lors de la dixi\u00e8me Conf\u00e9rence des Parties \u00e0 la\u00a0<strong>Convention de 2005 sur la protection et la promotion de la diversit\u00e9 des expressions culturelles<\/strong>, tenue au si\u00e8ge de l&#8217;UNESCO \u00e0 Paris, le pays a \u00e9t\u00e9 \u00e9lu comme membre du\u00a0<strong>Comit\u00e9 intergouvernemental<\/strong>\u00a0charg\u00e9 de veiller sur cet instrument fondamental.<\/p>\n<p>Cette \u00e9lection, pour un mandat de\u00a0<strong>quatre ans<\/strong>, place la Mauritanie parmi les\u00a0<strong>24 \u00c9tats membres<\/strong>\u00a0qui piloteront les travaux du Comit\u00e9. Une d\u00e9l\u00e9gation mauritanienne de haut niveau, conduite par le\u00a0Ministre de la Culture, des Arts, de la Communication et des Relations avec le Parlement, Porte-parole du Gouvernement, <strong>M. El Houssein Meddou<\/strong>, et comprenant l&#8217;Ambassadrice D\u00e9l\u00e9gu\u00e9e permanente de la Mauritanie aupr\u00e8s de l\u2019UNESCO,<strong> Mme Moulaty El Mokhtar Lemhamid<\/strong>, a assist\u00e9 au processus \u00e9lectoral.<\/p>\n<p><strong>Une reconnaissance et une responsabilit\u00e9<\/strong><\/p>\n<p>Dans un discours prononc\u00e9 devant les repr\u00e9sentants des \u00c9tats parties, le Ministre El Houssein Meddou a soulign\u00e9 la port\u00e9e de cette \u00e9lection. Il l&#8217;a qualifi\u00e9e d&#8217;<strong>&#8220;honneur&#8221;<\/strong>\u00a0et d&#8217;<strong>&#8220;acte de reconnaissance&#8221;<\/strong>\u00a0envers les efforts et les performances de la Mauritanie dans le domaine crucial de la\u00a0<strong>protection et de la promotion de la diversit\u00e9 culturelle<\/strong>.<\/p>\n<p>Au-del\u00e0 de la reconnaissance, le ministre a insist\u00e9 sur la\u00a0dimension responsabilit\u00e9\u00a0que rev\u00eat ce nouveau statut. &#8220;C&#8217;est aussi une\u00a0<strong>mission<\/strong>&#8220;, a-t-il d\u00e9clar\u00e9, pr\u00e9cisant que la Mauritanie s&#8217;engagerait activement dans la\u00a0<strong>coordination des efforts internationaux<\/strong>. Cet engagement vise \u00e0 la fois \u00e0\u00a0<strong>renforcer les acquis<\/strong>\u00a0existants en mati\u00e8re de diversit\u00e9 culturelle et \u00e0\u00a0<strong>relever les d\u00e9fis<\/strong>\u00a0persistants auxquels elle est confront\u00e9e \u00e0 l&#8217;\u00e9chelle mondiale.<\/p>\n<p><strong>La Convention de 2005 : un cadre essentiel<\/strong><\/p>\n<p>La\u00a0<strong>Convention sur la protection et la promotion de la diversit\u00e9 des expressions culturelles<\/strong>, adopt\u00e9e en 2005, est un pilier du mandat de l&#8217;UNESCO. Elle reconna\u00eet la\u00a0<strong>double nature, \u00e9conomique et culturelle<\/strong>, des biens et services culturels contemporains et offre un cadre aux \u00c9tats pour soutenir leurs politiques culturelles tout en favorisant les \u00e9changes internationaux \u00e9quilibr\u00e9s.<\/p>\n<p>L&#8217;\u00e9lection de la Mauritanie au sein de son Comit\u00e9 intergouvernemental t\u00e9moigne de la\u00a0croissance de son engagement\u00a0sur la sc\u00e8ne culturelle internationale et de la\u00a0reconnaissance de son patrimoine culturel riche et diversifi\u00e9. Elle offre au pays une\u00a0tribune privil\u00e9gi\u00e9e\u00a0pour contribuer activement aux d\u00e9bats et aux actions futures visant \u00e0 pr\u00e9server la mosa\u00efque culturelle mondiale. Cette position renforce \u00e9galement le r\u00f4le de la diplomatie culturelle mauritanienne dans les enceintes multilat\u00e9rales.<\/p>\n","protected":false},"excerpt":{"rendered":"<p>La Mauritanie a remport\u00e9 une distinction culturelle internationale majeure ce vendredi. Lors de la dixi\u00e8me Conf\u00e9rence des Parties \u00e0 la\u00a0Convention de 2005 sur la protection et la promotion de la diversit\u00e9 des expressions culturelles, tenue au si\u00e8ge de l&#8217;UNESCO \u00e0 Paris, le pays a \u00e9t\u00e9 \u00e9lu comme membre du\u00a0Comit\u00e9 intergouvernemental\u00a0charg\u00e9 de veiller sur cet instrument&#8230;..<\/p>\n","protected":false},"author":12,"featured_media":28543,"comment_status":"open","ping_status":"open","sticky":false,"template":"","format":"standard","meta":{"footnotes":""},"categories":[23,55],"tags":[],"class_list":["post-28542","post","type-post","status-publish","format-standard","has-post-thumbnail","hentry","category-actualite","category-culture"],"yoast_head":"<!-- This site is optimized with the Yoast SEO plugin v27.5 - https:\/\/yoast.com\/product\/yoast-seo-wordpress\/ -->\n<title>Dixi\u00e8me Conf\u00e9rence des Parties \u00e0 la Convention de 2005 du Comit\u00e9 intergouvernemental pour la protection et la promotion de la diversit\u00e9 des expressions culturelles\/Paris : La Mauritanie \u00e9lue membre du Comit\u00e9 intergouvernemental - Le Quotidien de Nouakchott<\/title>\n<meta name=\"robots\" content=\"index, follow, max-snippet:-1, max-image-preview:large, max-video-preview:-1\" \/>\n<link rel=\"canonical\" href=\"https:\/\/lequotidien.mr\/?p=28542&lang=fr\" \/>\n<meta property=\"og:locale\" content=\"ar_AR\" \/>\n<meta property=\"og:type\" content=\"article\" \/>\n<meta property=\"og:title\" content=\"Dixi\u00e8me Conf\u00e9rence des Parties \u00e0 la Convention de 2005 du Comit\u00e9 intergouvernemental pour la protection et la promotion de la diversit\u00e9 des expressions culturelles\/Paris : La Mauritanie \u00e9lue membre du Comit\u00e9 intergouvernemental - Le Quotidien de Nouakchott\" \/>\n<meta property=\"og:description\" content=\"La Mauritanie a remport\u00e9 une distinction culturelle internationale majeure ce vendredi. Lors de la dixi\u00e8me Conf\u00e9rence des Parties \u00e0 la\u00a0Convention de 2005 sur la protection et la promotion de la diversit\u00e9 des expressions culturelles, tenue au si\u00e8ge de l&#8217;UNESCO \u00e0 Paris, le pays a \u00e9t\u00e9 \u00e9lu comme membre du\u00a0Comit\u00e9 intergouvernemental\u00a0charg\u00e9 de veiller sur cet instrument.....\" \/>\n<meta property=\"og:url\" content=\"https:\/\/lequotidien.mr\/?p=28542&amp;lang=fr\" \/>\n<meta property=\"og:site_name\" content=\"Le Quotidien de Nouakchott\" \/>\n<meta property=\"article:publisher\" content=\"https:\/\/web.facebook.com\/lequotidienmr\" \/>\n<meta property=\"article:published_time\" content=\"2025-06-20T22:21:56+00:00\" \/>\n<meta property=\"og:image\" content=\"https:\/\/lequotidien.mr\/wp-content\/uploads\/2025\/06\/photo-diversite-culturelle-2.jpg\" \/>\n\t<meta property=\"og:image:width\" content=\"750\" \/>\n\t<meta property=\"og:image:height\" content=\"430\" \/>\n\t<meta property=\"og:image:type\" content=\"image\/jpeg\" \/>\n<meta name=\"author\" content=\"Med Ahmed\" \/>\n<meta name=\"twitter:card\" content=\"summary_large_image\" \/>\n<meta name=\"twitter:creator\" content=\"@lequotidienmr\" \/>\n<meta name=\"twitter:site\" content=\"@lequotidienmr\" \/>\n<meta name=\"twitter:label1\" content=\"\u0643\u064f\u062a\u0628 \u0628\u0648\u0627\u0633\u0637\u0629\" \/>\n\t<meta name=\"twitter:data1\" content=\"Med Ahmed\" \/>\n\t<meta name=\"twitter:label2\" content=\"\u0648\u0642\u062a \u0627\u0644\u0642\u0631\u0627\u0621\u0629 \u0627\u0644\u0645\u064f\u0642\u062f\u0651\u0631\" \/>\n\t<meta name=\"twitter:data2\" content=\"3 \u062f\u0642\u0627\u0626\u0642\" \/>\n<script type=\"application\/ld+json\" class=\"yoast-schema-graph\">{\"@context\":\"https:\\\/\\\/schema.org\",\"@graph\":[{\"@type\":\"Article\",\"@id\":\"https:\\\/\\\/lequotidien.mr\\\/?p=28542&lang=fr#article\",\"isPartOf\":{\"@id\":\"https:\\\/\\\/lequotidien.mr\\\/?p=28542&lang=fr\"},\"author\":{\"name\":\"Med Ahmed\",\"@id\":\"https:\\\/\\\/lequotidien.mr\\\/#\\\/schema\\\/person\\\/d2d350202a4d599685ed8abc25f97596\"},\"headline\":\"Dixi\u00e8me Conf\u00e9rence des Parties \u00e0 la Convention de 2005 du Comit\u00e9 intergouvernemental pour la protection et la promotion de la diversit\u00e9 des expressions culturelles\\\/Paris : La Mauritanie \u00e9lue membre du Comit\u00e9 intergouvernemental\",\"datePublished\":\"2025-06-20T22:21:56+00:00\",\"mainEntityOfPage\":{\"@id\":\"https:\\\/\\\/lequotidien.mr\\\/?p=28542&lang=fr\"},\"wordCount\":452,\"commentCount\":0,\"publisher\":{\"@id\":\"https:\\\/\\\/lequotidien.mr\\\/#organization\"},\"image\":{\"@id\":\"https:\\\/\\\/lequotidien.mr\\\/?p=28542&lang=fr#primaryimage\"},\"thumbnailUrl\":\"https:\\\/\\\/lequotidien.mr\\\/wp-content\\\/uploads\\\/2025\\\/06\\\/photo-diversite-culturelle-2.jpg\",\"articleSection\":[\"ACTUALIT\u00c9\",\"Culture\"],\"inLanguage\":\"ar\",\"potentialAction\":[{\"@type\":\"CommentAction\",\"name\":\"Comment\",\"target\":[\"https:\\\/\\\/lequotidien.mr\\\/?p=28542&lang=fr#respond\"]}]},{\"@type\":\"WebPage\",\"@id\":\"https:\\\/\\\/lequotidien.mr\\\/?p=28542&lang=fr\",\"url\":\"https:\\\/\\\/lequotidien.mr\\\/?p=28542&lang=fr\",\"name\":\"Dixi\u00e8me Conf\u00e9rence des Parties \u00e0 la Convention de 2005 du Comit\u00e9 intergouvernemental pour la protection et la promotion de la diversit\u00e9 des expressions culturelles\\\/Paris : La Mauritanie \u00e9lue membre du Comit\u00e9 intergouvernemental - Le Quotidien de Nouakchott\",\"isPartOf\":{\"@id\":\"https:\\\/\\\/lequotidien.mr\\\/#website\"},\"primaryImageOfPage\":{\"@id\":\"https:\\\/\\\/lequotidien.mr\\\/?p=28542&lang=fr#primaryimage\"},\"image\":{\"@id\":\"https:\\\/\\\/lequotidien.mr\\\/?p=28542&lang=fr#primaryimage\"},\"thumbnailUrl\":\"https:\\\/\\\/lequotidien.mr\\\/wp-content\\\/uploads\\\/2025\\\/06\\\/photo-diversite-culturelle-2.jpg\",\"datePublished\":\"2025-06-20T22:21:56+00:00\",\"breadcrumb\":{\"@id\":\"https:\\\/\\\/lequotidien.mr\\\/?p=28542&lang=fr#breadcrumb\"},\"inLanguage\":\"ar\",\"potentialAction\":[{\"@type\":\"ReadAction\",\"target\":[\"https:\\\/\\\/lequotidien.mr\\\/?p=28542&lang=fr\"]}]},{\"@type\":\"ImageObject\",\"inLanguage\":\"ar\",\"@id\":\"https:\\\/\\\/lequotidien.mr\\\/?p=28542&lang=fr#primaryimage\",\"url\":\"https:\\\/\\\/lequotidien.mr\\\/wp-content\\\/uploads\\\/2025\\\/06\\\/photo-diversite-culturelle-2.jpg\",\"contentUrl\":\"https:\\\/\\\/lequotidien.mr\\\/wp-content\\\/uploads\\\/2025\\\/06\\\/photo-diversite-culturelle-2.jpg\",\"width\":750,\"height\":430},{\"@type\":\"BreadcrumbList\",\"@id\":\"https:\\\/\\\/lequotidien.mr\\\/?p=28542&lang=fr#breadcrumb\",\"itemListElement\":[{\"@type\":\"ListItem\",\"position\":1,\"name\":\"Home\",\"item\":\"https:\\\/\\\/lequotidien.mr\\\/\"},{\"@type\":\"ListItem\",\"position\":2,\"name\":\"Dixi\u00e8me Conf\u00e9rence des Parties \u00e0 la Convention de 2005 du Comit\u00e9 intergouvernemental pour la protection et la promotion de la diversit\u00e9 des expressions culturelles\\\/Paris : La Mauritanie \u00e9lue membre du Comit\u00e9 intergouvernemental\"}]},{\"@type\":\"WebSite\",\"@id\":\"https:\\\/\\\/lequotidien.mr\\\/#website\",\"url\":\"https:\\\/\\\/lequotidien.mr\\\/\",\"name\":\"Le Quotidien de Nouakchott\",\"description\":\"\u0625\u062e\u0628\u0627\u0631\u064a\u0629 \u0645\u0633\u062a\u0642\u0644\u0629 \u0644\u0644\u0623\u0646\u0628\u0627\u0621 \u0627\u0644\u0639\u0627\u0645\u0629\",\"publisher\":{\"@id\":\"https:\\\/\\\/lequotidien.mr\\\/#organization\"},\"potentialAction\":[{\"@type\":\"SearchAction\",\"target\":{\"@type\":\"EntryPoint\",\"urlTemplate\":\"https:\\\/\\\/lequotidien.mr\\\/?s={search_term_string}\"},\"query-input\":{\"@type\":\"PropertyValueSpecification\",\"valueRequired\":true,\"valueName\":\"search_term_string\"}}],\"inLanguage\":\"ar\"},{\"@type\":\"Organization\",\"@id\":\"https:\\\/\\\/lequotidien.mr\\\/#organization\",\"name\":\"Le Quotidien de Nouakchott\",\"url\":\"https:\\\/\\\/lequotidien.mr\\\/\",\"logo\":{\"@type\":\"ImageObject\",\"inLanguage\":\"ar\",\"@id\":\"https:\\\/\\\/lequotidien.mr\\\/#\\\/schema\\\/logo\\\/image\\\/\",\"url\":\"https:\\\/\\\/lequotidien.mr\\\/wp-content\\\/uploads\\\/2022\\\/11\\\/logolequotidien.jpg\",\"contentUrl\":\"https:\\\/\\\/lequotidien.mr\\\/wp-content\\\/uploads\\\/2022\\\/11\\\/logolequotidien.jpg\",\"width\":290,\"height\":65,\"caption\":\"Le Quotidien de Nouakchott\"},\"image\":{\"@id\":\"https:\\\/\\\/lequotidien.mr\\\/#\\\/schema\\\/logo\\\/image\\\/\"},\"sameAs\":[\"https:\\\/\\\/web.facebook.com\\\/lequotidienmr\",\"https:\\\/\\\/x.com\\\/lequotidienmr\"]},{\"@type\":\"Person\",\"@id\":\"https:\\\/\\\/lequotidien.mr\\\/#\\\/schema\\\/person\\\/d2d350202a4d599685ed8abc25f97596\",\"name\":\"Med Ahmed\",\"image\":{\"@type\":\"ImageObject\",\"inLanguage\":\"ar\",\"@id\":\"https:\\\/\\\/secure.gravatar.com\\\/avatar\\\/fd2acc62ed50732923d1d39c17172c9b04149f142be92310ecc69e1358f94b52?s=96&d=mm&r=g\",\"url\":\"https:\\\/\\\/secure.gravatar.com\\\/avatar\\\/fd2acc62ed50732923d1d39c17172c9b04149f142be92310ecc69e1358f94b52?s=96&d=mm&r=g\",\"contentUrl\":\"https:\\\/\\\/secure.gravatar.com\\\/avatar\\\/fd2acc62ed50732923d1d39c17172c9b04149f142be92310ecc69e1358f94b52?s=96&d=mm&r=g\",\"caption\":\"Med Ahmed\"},\"url\":\"https:\\\/\\\/lequotidien.mr\\\/?author=12\"}]}<\/script>\n<!-- \/ Yoast SEO plugin. -->","yoast_head_json":{"title":"Dixi\u00e8me Conf\u00e9rence des Parties \u00e0 la Convention de 2005 du Comit\u00e9 intergouvernemental pour la protection et la promotion de la diversit\u00e9 des expressions culturelles\/Paris : La Mauritanie \u00e9lue membre du Comit\u00e9 intergouvernemental - Le Quotidien de Nouakchott","robots":{"index":"index","follow":"follow","max-snippet":"max-snippet:-1","max-image-preview":"max-image-preview:large","max-video-preview":"max-video-preview:-1"},"canonical":"https:\/\/lequotidien.mr\/?p=28542&lang=fr","og_locale":"ar_AR","og_type":"article","og_title":"Dixi\u00e8me Conf\u00e9rence des Parties \u00e0 la Convention de 2005 du Comit\u00e9 intergouvernemental pour la protection et la promotion de la diversit\u00e9 des expressions culturelles\/Paris : La Mauritanie \u00e9lue membre du Comit\u00e9 intergouvernemental - Le Quotidien de Nouakchott","og_description":"La Mauritanie a remport\u00e9 une distinction culturelle internationale majeure ce vendredi. Lors de la dixi\u00e8me Conf\u00e9rence des Parties \u00e0 la\u00a0Convention de 2005 sur la protection et la promotion de la diversit\u00e9 des expressions culturelles, tenue au si\u00e8ge de l&#8217;UNESCO \u00e0 Paris, le pays a \u00e9t\u00e9 \u00e9lu comme membre du\u00a0Comit\u00e9 intergouvernemental\u00a0charg\u00e9 de veiller sur cet instrument.....","og_url":"https:\/\/lequotidien.mr\/?p=28542&lang=fr","og_site_name":"Le Quotidien de Nouakchott","article_publisher":"https:\/\/web.facebook.com\/lequotidienmr","article_published_time":"2025-06-20T22:21:56+00:00","og_image":[{"width":750,"height":430,"url":"https:\/\/lequotidien.mr\/wp-content\/uploads\/2025\/06\/photo-diversite-culturelle-2.jpg","type":"image\/jpeg"}],"author":"Med Ahmed","twitter_card":"summary_large_image","twitter_creator":"@lequotidienmr","twitter_site":"@lequotidienmr","twitter_misc":{"\u0643\u064f\u062a\u0628 \u0628\u0648\u0627\u0633\u0637\u0629":"Med Ahmed","\u0648\u0642\u062a \u0627\u0644\u0642\u0631\u0627\u0621\u0629 \u0627\u0644\u0645\u064f\u0642\u062f\u0651\u0631":"3 \u062f\u0642\u0627\u0626\u0642"},"schema":{"@context":"https:\/\/schema.org","@graph":[{"@type":"Article","@id":"https:\/\/lequotidien.mr\/?p=28542&lang=fr#article","isPartOf":{"@id":"https:\/\/lequotidien.mr\/?p=28542&lang=fr"},"author":{"name":"Med Ahmed","@id":"https:\/\/lequotidien.mr\/#\/schema\/person\/d2d350202a4d599685ed8abc25f97596"},"headline":"Dixi\u00e8me Conf\u00e9rence des Parties \u00e0 la Convention de 2005 du Comit\u00e9 intergouvernemental pour la protection et la promotion de la diversit\u00e9 des expressions culturelles\/Paris : La Mauritanie \u00e9lue membre du Comit\u00e9 intergouvernemental","datePublished":"2025-06-20T22:21:56+00:00","mainEntityOfPage":{"@id":"https:\/\/lequotidien.mr\/?p=28542&lang=fr"},"wordCount":452,"commentCount":0,"publisher":{"@id":"https:\/\/lequotidien.mr\/#organization"},"image":{"@id":"https:\/\/lequotidien.mr\/?p=28542&lang=fr#primaryimage"},"thumbnailUrl":"https:\/\/lequotidien.mr\/wp-content\/uploads\/2025\/06\/photo-diversite-culturelle-2.jpg","articleSection":["ACTUALIT\u00c9","Culture"],"inLanguage":"ar","potentialAction":[{"@type":"CommentAction","name":"Comment","target":["https:\/\/lequotidien.mr\/?p=28542&lang=fr#respond"]}]},{"@type":"WebPage","@id":"https:\/\/lequotidien.mr\/?p=28542&lang=fr","url":"https:\/\/lequotidien.mr\/?p=28542&lang=fr","name":"Dixi\u00e8me Conf\u00e9rence des Parties \u00e0 la Convention de 2005 du Comit\u00e9 intergouvernemental pour la protection et la promotion de la diversit\u00e9 des expressions culturelles\/Paris : La Mauritanie \u00e9lue membre du Comit\u00e9 intergouvernemental - Le Quotidien de Nouakchott","isPartOf":{"@id":"https:\/\/lequotidien.mr\/#website"},"primaryImageOfPage":{"@id":"https:\/\/lequotidien.mr\/?p=28542&lang=fr#primaryimage"},"image":{"@id":"https:\/\/lequotidien.mr\/?p=28542&lang=fr#primaryimage"},"thumbnailUrl":"https:\/\/lequotidien.mr\/wp-content\/uploads\/2025\/06\/photo-diversite-culturelle-2.jpg","datePublished":"2025-06-20T22:21:56+00:00","breadcrumb":{"@id":"https:\/\/lequotidien.mr\/?p=28542&lang=fr#breadcrumb"},"inLanguage":"ar","potentialAction":[{"@type":"ReadAction","target":["https:\/\/lequotidien.mr\/?p=28542&lang=fr"]}]},{"@type":"ImageObject","inLanguage":"ar","@id":"https:\/\/lequotidien.mr\/?p=28542&lang=fr#primaryimage","url":"https:\/\/lequotidien.mr\/wp-content\/uploads\/2025\/06\/photo-diversite-culturelle-2.jpg","contentUrl":"https:\/\/lequotidien.mr\/wp-content\/uploads\/2025\/06\/photo-diversite-culturelle-2.jpg","width":750,"height":430},{"@type":"BreadcrumbList","@id":"https:\/\/lequotidien.mr\/?p=28542&lang=fr#breadcrumb","itemListElement":[{"@type":"ListItem","position":1,"name":"Home","item":"https:\/\/lequotidien.mr\/"},{"@type":"ListItem","position":2,"name":"Dixi\u00e8me Conf\u00e9rence des Parties \u00e0 la Convention de 2005 du Comit\u00e9 intergouvernemental pour la protection et la promotion de la diversit\u00e9 des expressions culturelles\/Paris : La Mauritanie \u00e9lue membre du Comit\u00e9 intergouvernemental"}]},{"@type":"WebSite","@id":"https:\/\/lequotidien.mr\/#website","url":"https:\/\/lequotidien.mr\/","name":"Le Quotidien de Nouakchott","description":"\u0625\u062e\u0628\u0627\u0631\u064a\u0629 \u0645\u0633\u062a\u0642\u0644\u0629 \u0644\u0644\u0623\u0646\u0628\u0627\u0621 \u0627\u0644\u0639\u0627\u0645\u0629","publisher":{"@id":"https:\/\/lequotidien.mr\/#organization"},"potentialAction":[{"@type":"SearchAction","target":{"@type":"EntryPoint","urlTemplate":"https:\/\/lequotidien.mr\/?s={search_term_string}"},"query-input":{"@type":"PropertyValueSpecification","valueRequired":true,"valueName":"search_term_string"}}],"inLanguage":"ar"},{"@type":"Organization","@id":"https:\/\/lequotidien.mr\/#organization","name":"Le Quotidien de Nouakchott","url":"https:\/\/lequotidien.mr\/","logo":{"@type":"ImageObject","inLanguage":"ar","@id":"https:\/\/lequotidien.mr\/#\/schema\/logo\/image\/","url":"https:\/\/lequotidien.mr\/wp-content\/uploads\/2022\/11\/logolequotidien.jpg","contentUrl":"https:\/\/lequotidien.mr\/wp-content\/uploads\/2022\/11\/logolequotidien.jpg","width":290,"height":65,"caption":"Le Quotidien de Nouakchott"},"image":{"@id":"https:\/\/lequotidien.mr\/#\/schema\/logo\/image\/"},"sameAs":["https:\/\/web.facebook.com\/lequotidienmr","https:\/\/x.com\/lequotidienmr"]},{"@type":"Person","@id":"https:\/\/lequotidien.mr\/#\/schema\/person\/d2d350202a4d599685ed8abc25f97596","name":"Med Ahmed","image":{"@type":"ImageObject","inLanguage":"ar","@id":"https:\/\/secure.gravatar.com\/avatar\/fd2acc62ed50732923d1d39c17172c9b04149f142be92310ecc69e1358f94b52?s=96&d=mm&r=g","url":"https:\/\/secure.gravatar.com\/avatar\/fd2acc62ed50732923d1d39c17172c9b04149f142be92310ecc69e1358f94b52?s=96&d=mm&r=g","contentUrl":"https:\/\/secure.gravatar.com\/avatar\/fd2acc62ed50732923d1d39c17172c9b04149f142be92310ecc69e1358f94b52?s=96&d=mm&r=g","caption":"Med Ahmed"},"url":"https:\/\/lequotidien.mr\/?author=12"}]}},"_links":{"self":[{"href":"https:\/\/lequotidien.mr\/index.php?rest_route=\/wp\/v2\/posts\/28542","targetHints":{"allow":["GET"]}}],"collection":[{"href":"https:\/\/lequotidien.mr\/index.php?rest_route=\/wp\/v2\/posts"}],"about":[{"href":"https:\/\/lequotidien.mr\/index.php?rest_route=\/wp\/v2\/types\/post"}],"author":[{"embeddable":true,"href":"https:\/\/lequotidien.mr\/index.php?rest_route=\/wp\/v2\/users\/12"}],"replies":[{"embeddable":true,"href":"https:\/\/lequotidien.mr\/index.php?rest_route=%2Fwp%2Fv2%2Fcomments&post=28542"}],"version-history":[{"count":1,"href":"https:\/\/lequotidien.mr\/index.php?rest_route=\/wp\/v2\/posts\/28542\/revisions"}],"predecessor-version":[{"id":28544,"href":"https:\/\/lequotidien.mr\/index.php?rest_route=\/wp\/v2\/posts\/28542\/revisions\/28544"}],"wp:featuredmedia":[{"embeddable":true,"href":"https:\/\/lequotidien.mr\/index.php?rest_route=\/wp\/v2\/media\/28543"}],"wp:attachment":[{"href":"https:\/\/lequotidien.mr\/index.php?rest_route=%2Fwp%2Fv2%2Fmedia&parent=28542"}],"wp:term":[{"taxonomy":"category","embeddable":true,"href":"https:\/\/lequotidien.mr\/index.php?rest_route=%2Fwp%2Fv2%2Fcategories&post=28542"},{"taxonomy":"post_tag","embeddable":true,"href":"https:\/\/lequotidien.mr\/index.php?rest_route=%2Fwp%2Fv2%2Ftags&post=28542"}],"curies":[{"name":"wp","href":"https:\/\/api.w.org\/{rel}","templated":true}]}}