{"id":28539,"date":"2025-06-20T22:00:54","date_gmt":"2025-06-20T22:00:54","guid":{"rendered":"https:\/\/lequotidien.mr\/?p=28539"},"modified":"2025-06-20T22:00:54","modified_gmt":"2025-06-20T22:00:54","slug":"visite-ministerielle-en-usines-laitieres-le-ministre-thiam-tidjani-salue-le-bond-qualitatif-de-lindustrie-mauritanienne","status":"publish","type":"post","link":"https:\/\/lequotidien.mr\/?p=28539&lang=fr","title":{"rendered":"Visite minist\u00e9rielle en usines laiti\u00e8res : Le Ministre Thiam Tidjani salue le &#8220;bond qualitatif&#8221; de l&#8217;industrie mauritanienne"},"content":{"rendered":"<p>Le Ministre des Mines et de l\u2019Industrie, M. Thiam Tidjani, a effectu\u00e9 ce vendredi une visite d\u2019inspection et d\u2019information dans deux importantes usines laiti\u00e8res de Nouakchott Nord, l&#8217;occasion pour lui de r\u00e9affirmer la dynamique positive que conna\u00eet le secteur industriel national.<\/p>\n<p>Accompagn\u00e9 de Mme Tfayla Hadena, Wali de Nouakchott Nord, ainsi que de repr\u00e9sentants des autorit\u00e9s administratives, s\u00e9curitaires et de cadres du secteur, le ministre s&#8217;est rendu \u00e0 la Soci\u00e9t\u00e9 Nationale Laiti\u00e8re (Toujounine) et \u00e0 la soci\u00e9t\u00e9 Al-Nazaha pour les produits alimentaires (Dar Naim).<\/p>\n<p><strong>Une industrie en plein essor<\/strong><\/p>\n<p>Au cours de cette visite, M. Tidjani a saisi l&#8217;opportunit\u00e9 pour dresser un bilan encourageant de l&#8217;\u00e9tat de l&#8217;industrie mauritanienne. Il a d\u00e9clar\u00e9 que le secteur &#8220;conna\u00eet aujourd\u2019hui un bond qualitatif \u00e0 tous les niveaux&#8221;. Pour preuve de cette ambition, il a cit\u00e9 des avanc\u00e9es majeures :<\/p>\n<p><strong>-La formulation de la strat\u00e9gie nationale pour l\u2019industrie \u00e0 l\u2019horizon 2030<\/strong>, feuille de route pour le d\u00e9veloppement industriel du pays\u00a0;<\/p>\n<p><strong>-La promulgation de la premi\u00e8re loi r\u00e9gissant l\u2019industrie<\/strong>, cadre juridique essentiel pour structurer le secteur\u00a0;<\/p>\n<p><strong>-La programmation de la cr\u00e9ation d\u2019une zone industrielle int\u00e9gr\u00e9e<\/strong>, con\u00e7ue pour \u00eatre dot\u00e9e des \u00e9l\u00e9ments essentiels en \u00e9nergie, eau, services et infrastructures n\u00e9cessaires \u00e0 son attractivit\u00e9.<\/p>\n<p>Le Ministre a \u00e9galement salu\u00e9 &#8220;les investissements nationaux croissants dans le secteur industriel&#8221;, signe d&#8217;une confiance retrouv\u00e9e des op\u00e9rateurs locaux.<\/p>\n<p><strong>Focus sur les unit\u00e9s laiti\u00e8res et le capital humain<\/strong><\/p>\n<p>La d\u00e9l\u00e9gation minist\u00e9rielle a inspect\u00e9 en d\u00e9tail les diff\u00e9rents services, notamment ceux relatifs \u00e0 la sant\u00e9 et \u00e0 la s\u00e9curit\u00e9, des deux entreprises visit\u00e9es. Elle a pris connaissance des processus de production des produits laitiers \u00e0 longue et courte dur\u00e9e de conservation, ainsi que de leurs d\u00e9riv\u00e9s, recevant des explications d\u00e9taill\u00e9es des responsables des sites.<\/p>\n<p>Visiblement satisfait de ce qu&#8217;il a observ\u00e9, M. Tidjani a particuli\u00e8rement mis en avant &#8220;l\u2019efficacit\u00e9 mauritanienne \u00e9lev\u00e9e qu\u2019il a constat\u00e9e au niveau des ing\u00e9nieurs, techniciens, administrateurs et ouvriers&#8221;. Il a soulign\u00e9 avec force que &#8220;ces ressources humaines constituent le v\u00e9ritable capital de tout d\u00e9veloppement industriel national&#8221;.<\/p>\n<p>Le Ministre a r\u00e9affirm\u00e9 l&#8217;engagement de son d\u00e9partement \u00e0 &#8220;soutenir les acteurs industriels nationaux et \u00e0 fournir un environnement propice \u00e0 une croissance industrielle comp\u00e9titive et g\u00e9n\u00e9ratrice d\u2019emplois&#8221;. Cette orientation, a-t-il pr\u00e9cis\u00e9, s&#8217;inscrit pleinement dans le cadre du programme du Pr\u00e9sident de la R\u00e9publique, Son Excellence M. Mohamed Cheikh El Ghazouani, intitul\u00e9 &#8220;Mon ambition pour la patrie&#8221;.<\/p>\n<p><strong>Satisfaction du patronat et couverture du march\u00e9<\/strong><\/p>\n<p>Intervenant \u00e9galement, M. Mohamed Zeine El Abidine Cheikh Ahmed, Pr\u00e9sident de l\u2019Union Nationale du Patronat Mauritanien (UPM), a confirm\u00e9 le bon fonctionnement des usines visit\u00e9es &#8220;avec la qualit\u00e9 requise&#8221;. Il a apport\u00e9 un \u00e9clairage significatif sur le march\u00e9 laitier, indiquant que &#8220;les usines laiti\u00e8res \u00e0 longue dur\u00e9e de conservation actuellement disponibles dans le pays couvrent 60% des besoins du march\u00e9&#8221;.<\/p>\n<p>Le pr\u00e9sident de l&#8217;UPM a exprim\u00e9 ses &#8220;sinc\u00e8res remerciements&#8221; au Pr\u00e9sident El Ghazouani pour la cr\u00e9ation d\u2019un minist\u00e8re d\u00e9di\u00e9 sp\u00e9cifiquement \u00e0 l\u2019industrie. Il est convaincu que &#8220;le r\u00f4le \u00e9minent jou\u00e9 par le gouvernement dans ce domaine aura un impact positif sur le d\u00e9veloppement de l\u2019industrie dans le pays&#8221;.<\/p>\n<p>Cette visite terrain concr\u00e9tise ainsi la volont\u00e9 affich\u00e9e des pouvoirs publics d&#8217;accompagner et de dynamiser le tissu industriel mauritanien, en s&#8217;appuyant \u00e0 la fois sur des r\u00e9formes structurelles et sur le potentiel humain local, dans la perspective des objectifs ambitieux fix\u00e9s pour 2030.<\/p>\n","protected":false},"excerpt":{"rendered":"<p>Le Ministre des Mines et de l\u2019Industrie, M. Thiam Tidjani, a effectu\u00e9 ce vendredi une visite d\u2019inspection et d\u2019information dans deux importantes usines laiti\u00e8res de Nouakchott Nord, l&#8217;occasion pour lui de r\u00e9affirmer la dynamique positive que conna\u00eet le secteur industriel national. Accompagn\u00e9 de Mme Tfayla Hadena, Wali de Nouakchott Nord, ainsi que de repr\u00e9sentants des&#8230;..<\/p>\n","protected":false},"author":12,"featured_media":28540,"comment_status":"open","ping_status":"open","sticky":false,"template":"","format":"standard","meta":{"footnotes":""},"categories":[23,49],"tags":[],"class_list":["post-28539","post","type-post","status-publish","format-standard","has-post-thumbnail","hentry","category-actualite","category-economie"],"yoast_head":"<!-- This site is optimized with the Yoast SEO plugin v27.5 - https:\/\/yoast.com\/product\/yoast-seo-wordpress\/ -->\n<title>Visite minist\u00e9rielle en usines laiti\u00e8res : Le Ministre Thiam Tidjani salue le &quot;bond qualitatif&quot; de l&#039;industrie mauritanienne - Le Quotidien de Nouakchott<\/title>\n<meta name=\"robots\" content=\"index, follow, max-snippet:-1, max-image-preview:large, max-video-preview:-1\" \/>\n<link rel=\"canonical\" href=\"https:\/\/lequotidien.mr\/?p=28539&lang=fr\" \/>\n<meta property=\"og:locale\" content=\"ar_AR\" \/>\n<meta property=\"og:type\" content=\"article\" \/>\n<meta property=\"og:title\" content=\"Visite minist\u00e9rielle en usines laiti\u00e8res : Le Ministre Thiam Tidjani salue le &quot;bond qualitatif&quot; de l&#039;industrie mauritanienne - Le Quotidien de Nouakchott\" \/>\n<meta property=\"og:description\" content=\"Le Ministre des Mines et de l\u2019Industrie, M. Thiam Tidjani, a effectu\u00e9 ce vendredi une visite d\u2019inspection et d\u2019information dans deux importantes usines laiti\u00e8res de Nouakchott Nord, l&#8217;occasion pour lui de r\u00e9affirmer la dynamique positive que conna\u00eet le secteur industriel national. Accompagn\u00e9 de Mme Tfayla Hadena, Wali de Nouakchott Nord, ainsi que de repr\u00e9sentants des.....\" \/>\n<meta property=\"og:url\" content=\"https:\/\/lequotidien.mr\/?p=28539&amp;lang=fr\" \/>\n<meta property=\"og:site_name\" content=\"Le Quotidien de Nouakchott\" \/>\n<meta property=\"article:publisher\" content=\"https:\/\/web.facebook.com\/lequotidienmr\" \/>\n<meta property=\"article:published_time\" content=\"2025-06-20T22:00:54+00:00\" \/>\n<meta property=\"og:image\" content=\"https:\/\/lequotidien.mr\/wp-content\/uploads\/2025\/06\/photo-industrie-nationale.jpg\" \/>\n\t<meta property=\"og:image:width\" content=\"750\" \/>\n\t<meta property=\"og:image:height\" content=\"430\" \/>\n\t<meta property=\"og:image:type\" content=\"image\/jpeg\" \/>\n<meta name=\"author\" content=\"Med Ahmed\" \/>\n<meta name=\"twitter:card\" content=\"summary_large_image\" \/>\n<meta name=\"twitter:creator\" content=\"@lequotidienmr\" \/>\n<meta name=\"twitter:site\" content=\"@lequotidienmr\" \/>\n<meta name=\"twitter:label1\" content=\"\u0643\u064f\u062a\u0628 \u0628\u0648\u0627\u0633\u0637\u0629\" \/>\n\t<meta name=\"twitter:data1\" content=\"Med Ahmed\" \/>\n\t<meta name=\"twitter:label2\" content=\"\u0648\u0642\u062a \u0627\u0644\u0642\u0631\u0627\u0621\u0629 \u0627\u0644\u0645\u064f\u0642\u062f\u0651\u0631\" \/>\n\t<meta name=\"twitter:data2\" content=\"4 \u062f\u0642\u0627\u0626\u0642\" \/>\n<script type=\"application\/ld+json\" class=\"yoast-schema-graph\">{\"@context\":\"https:\\\/\\\/schema.org\",\"@graph\":[{\"@type\":\"Article\",\"@id\":\"https:\\\/\\\/lequotidien.mr\\\/?p=28539&lang=fr#article\",\"isPartOf\":{\"@id\":\"https:\\\/\\\/lequotidien.mr\\\/?p=28539&lang=fr\"},\"author\":{\"name\":\"Med Ahmed\",\"@id\":\"https:\\\/\\\/lequotidien.mr\\\/#\\\/schema\\\/person\\\/d2d350202a4d599685ed8abc25f97596\"},\"headline\":\"Visite minist\u00e9rielle en usines laiti\u00e8res : Le Ministre Thiam Tidjani salue le &#8220;bond qualitatif&#8221; de l&#8217;industrie mauritanienne\",\"datePublished\":\"2025-06-20T22:00:54+00:00\",\"mainEntityOfPage\":{\"@id\":\"https:\\\/\\\/lequotidien.mr\\\/?p=28539&lang=fr\"},\"wordCount\":640,\"commentCount\":0,\"publisher\":{\"@id\":\"https:\\\/\\\/lequotidien.mr\\\/#organization\"},\"image\":{\"@id\":\"https:\\\/\\\/lequotidien.mr\\\/?p=28539&lang=fr#primaryimage\"},\"thumbnailUrl\":\"https:\\\/\\\/lequotidien.mr\\\/wp-content\\\/uploads\\\/2025\\\/06\\\/photo-industrie-nationale.jpg\",\"articleSection\":[\"ACTUALIT\u00c9\",\"Economie\"],\"inLanguage\":\"ar\",\"potentialAction\":[{\"@type\":\"CommentAction\",\"name\":\"Comment\",\"target\":[\"https:\\\/\\\/lequotidien.mr\\\/?p=28539&lang=fr#respond\"]}]},{\"@type\":\"WebPage\",\"@id\":\"https:\\\/\\\/lequotidien.mr\\\/?p=28539&lang=fr\",\"url\":\"https:\\\/\\\/lequotidien.mr\\\/?p=28539&lang=fr\",\"name\":\"Visite minist\u00e9rielle en usines laiti\u00e8res : Le Ministre Thiam Tidjani salue le \\\"bond qualitatif\\\" de l'industrie mauritanienne - Le Quotidien de Nouakchott\",\"isPartOf\":{\"@id\":\"https:\\\/\\\/lequotidien.mr\\\/#website\"},\"primaryImageOfPage\":{\"@id\":\"https:\\\/\\\/lequotidien.mr\\\/?p=28539&lang=fr#primaryimage\"},\"image\":{\"@id\":\"https:\\\/\\\/lequotidien.mr\\\/?p=28539&lang=fr#primaryimage\"},\"thumbnailUrl\":\"https:\\\/\\\/lequotidien.mr\\\/wp-content\\\/uploads\\\/2025\\\/06\\\/photo-industrie-nationale.jpg\",\"datePublished\":\"2025-06-20T22:00:54+00:00\",\"breadcrumb\":{\"@id\":\"https:\\\/\\\/lequotidien.mr\\\/?p=28539&lang=fr#breadcrumb\"},\"inLanguage\":\"ar\",\"potentialAction\":[{\"@type\":\"ReadAction\",\"target\":[\"https:\\\/\\\/lequotidien.mr\\\/?p=28539&lang=fr\"]}]},{\"@type\":\"ImageObject\",\"inLanguage\":\"ar\",\"@id\":\"https:\\\/\\\/lequotidien.mr\\\/?p=28539&lang=fr#primaryimage\",\"url\":\"https:\\\/\\\/lequotidien.mr\\\/wp-content\\\/uploads\\\/2025\\\/06\\\/photo-industrie-nationale.jpg\",\"contentUrl\":\"https:\\\/\\\/lequotidien.mr\\\/wp-content\\\/uploads\\\/2025\\\/06\\\/photo-industrie-nationale.jpg\",\"width\":750,\"height\":430},{\"@type\":\"BreadcrumbList\",\"@id\":\"https:\\\/\\\/lequotidien.mr\\\/?p=28539&lang=fr#breadcrumb\",\"itemListElement\":[{\"@type\":\"ListItem\",\"position\":1,\"name\":\"Home\",\"item\":\"https:\\\/\\\/lequotidien.mr\\\/\"},{\"@type\":\"ListItem\",\"position\":2,\"name\":\"Visite minist\u00e9rielle en usines laiti\u00e8res : Le Ministre Thiam Tidjani salue le \u00ab\u00a0bond qualitatif\u00a0\u00bb de l&rsquo;industrie mauritanienne\"}]},{\"@type\":\"WebSite\",\"@id\":\"https:\\\/\\\/lequotidien.mr\\\/#website\",\"url\":\"https:\\\/\\\/lequotidien.mr\\\/\",\"name\":\"Le Quotidien de Nouakchott\",\"description\":\"\u0625\u062e\u0628\u0627\u0631\u064a\u0629 \u0645\u0633\u062a\u0642\u0644\u0629 \u0644\u0644\u0623\u0646\u0628\u0627\u0621 \u0627\u0644\u0639\u0627\u0645\u0629\",\"publisher\":{\"@id\":\"https:\\\/\\\/lequotidien.mr\\\/#organization\"},\"potentialAction\":[{\"@type\":\"SearchAction\",\"target\":{\"@type\":\"EntryPoint\",\"urlTemplate\":\"https:\\\/\\\/lequotidien.mr\\\/?s={search_term_string}\"},\"query-input\":{\"@type\":\"PropertyValueSpecification\",\"valueRequired\":true,\"valueName\":\"search_term_string\"}}],\"inLanguage\":\"ar\"},{\"@type\":\"Organization\",\"@id\":\"https:\\\/\\\/lequotidien.mr\\\/#organization\",\"name\":\"Le Quotidien de Nouakchott\",\"url\":\"https:\\\/\\\/lequotidien.mr\\\/\",\"logo\":{\"@type\":\"ImageObject\",\"inLanguage\":\"ar\",\"@id\":\"https:\\\/\\\/lequotidien.mr\\\/#\\\/schema\\\/logo\\\/image\\\/\",\"url\":\"https:\\\/\\\/lequotidien.mr\\\/wp-content\\\/uploads\\\/2022\\\/11\\\/logolequotidien.jpg\",\"contentUrl\":\"https:\\\/\\\/lequotidien.mr\\\/wp-content\\\/uploads\\\/2022\\\/11\\\/logolequotidien.jpg\",\"width\":290,\"height\":65,\"caption\":\"Le Quotidien de Nouakchott\"},\"image\":{\"@id\":\"https:\\\/\\\/lequotidien.mr\\\/#\\\/schema\\\/logo\\\/image\\\/\"},\"sameAs\":[\"https:\\\/\\\/web.facebook.com\\\/lequotidienmr\",\"https:\\\/\\\/x.com\\\/lequotidienmr\"]},{\"@type\":\"Person\",\"@id\":\"https:\\\/\\\/lequotidien.mr\\\/#\\\/schema\\\/person\\\/d2d350202a4d599685ed8abc25f97596\",\"name\":\"Med Ahmed\",\"image\":{\"@type\":\"ImageObject\",\"inLanguage\":\"ar\",\"@id\":\"https:\\\/\\\/secure.gravatar.com\\\/avatar\\\/fd2acc62ed50732923d1d39c17172c9b04149f142be92310ecc69e1358f94b52?s=96&d=mm&r=g\",\"url\":\"https:\\\/\\\/secure.gravatar.com\\\/avatar\\\/fd2acc62ed50732923d1d39c17172c9b04149f142be92310ecc69e1358f94b52?s=96&d=mm&r=g\",\"contentUrl\":\"https:\\\/\\\/secure.gravatar.com\\\/avatar\\\/fd2acc62ed50732923d1d39c17172c9b04149f142be92310ecc69e1358f94b52?s=96&d=mm&r=g\",\"caption\":\"Med Ahmed\"},\"url\":\"https:\\\/\\\/lequotidien.mr\\\/?author=12\"}]}<\/script>\n<!-- \/ Yoast SEO plugin. -->","yoast_head_json":{"title":"Visite minist\u00e9rielle en usines laiti\u00e8res : Le Ministre Thiam Tidjani salue le \"bond qualitatif\" de l'industrie mauritanienne - Le Quotidien de Nouakchott","robots":{"index":"index","follow":"follow","max-snippet":"max-snippet:-1","max-image-preview":"max-image-preview:large","max-video-preview":"max-video-preview:-1"},"canonical":"https:\/\/lequotidien.mr\/?p=28539&lang=fr","og_locale":"ar_AR","og_type":"article","og_title":"Visite minist\u00e9rielle en usines laiti\u00e8res : Le Ministre Thiam Tidjani salue le \"bond qualitatif\" de l'industrie mauritanienne - Le Quotidien de Nouakchott","og_description":"Le Ministre des Mines et de l\u2019Industrie, M. Thiam Tidjani, a effectu\u00e9 ce vendredi une visite d\u2019inspection et d\u2019information dans deux importantes usines laiti\u00e8res de Nouakchott Nord, l&#8217;occasion pour lui de r\u00e9affirmer la dynamique positive que conna\u00eet le secteur industriel national. Accompagn\u00e9 de Mme Tfayla Hadena, Wali de Nouakchott Nord, ainsi que de repr\u00e9sentants des.....","og_url":"https:\/\/lequotidien.mr\/?p=28539&lang=fr","og_site_name":"Le Quotidien de Nouakchott","article_publisher":"https:\/\/web.facebook.com\/lequotidienmr","article_published_time":"2025-06-20T22:00:54+00:00","og_image":[{"width":750,"height":430,"url":"https:\/\/lequotidien.mr\/wp-content\/uploads\/2025\/06\/photo-industrie-nationale.jpg","type":"image\/jpeg"}],"author":"Med Ahmed","twitter_card":"summary_large_image","twitter_creator":"@lequotidienmr","twitter_site":"@lequotidienmr","twitter_misc":{"\u0643\u064f\u062a\u0628 \u0628\u0648\u0627\u0633\u0637\u0629":"Med Ahmed","\u0648\u0642\u062a \u0627\u0644\u0642\u0631\u0627\u0621\u0629 \u0627\u0644\u0645\u064f\u0642\u062f\u0651\u0631":"4 \u062f\u0642\u0627\u0626\u0642"},"schema":{"@context":"https:\/\/schema.org","@graph":[{"@type":"Article","@id":"https:\/\/lequotidien.mr\/?p=28539&lang=fr#article","isPartOf":{"@id":"https:\/\/lequotidien.mr\/?p=28539&lang=fr"},"author":{"name":"Med Ahmed","@id":"https:\/\/lequotidien.mr\/#\/schema\/person\/d2d350202a4d599685ed8abc25f97596"},"headline":"Visite minist\u00e9rielle en usines laiti\u00e8res : Le Ministre Thiam Tidjani salue le &#8220;bond qualitatif&#8221; de l&#8217;industrie mauritanienne","datePublished":"2025-06-20T22:00:54+00:00","mainEntityOfPage":{"@id":"https:\/\/lequotidien.mr\/?p=28539&lang=fr"},"wordCount":640,"commentCount":0,"publisher":{"@id":"https:\/\/lequotidien.mr\/#organization"},"image":{"@id":"https:\/\/lequotidien.mr\/?p=28539&lang=fr#primaryimage"},"thumbnailUrl":"https:\/\/lequotidien.mr\/wp-content\/uploads\/2025\/06\/photo-industrie-nationale.jpg","articleSection":["ACTUALIT\u00c9","Economie"],"inLanguage":"ar","potentialAction":[{"@type":"CommentAction","name":"Comment","target":["https:\/\/lequotidien.mr\/?p=28539&lang=fr#respond"]}]},{"@type":"WebPage","@id":"https:\/\/lequotidien.mr\/?p=28539&lang=fr","url":"https:\/\/lequotidien.mr\/?p=28539&lang=fr","name":"Visite minist\u00e9rielle en usines laiti\u00e8res : Le Ministre Thiam Tidjani salue le \"bond qualitatif\" de l'industrie mauritanienne - Le Quotidien de Nouakchott","isPartOf":{"@id":"https:\/\/lequotidien.mr\/#website"},"primaryImageOfPage":{"@id":"https:\/\/lequotidien.mr\/?p=28539&lang=fr#primaryimage"},"image":{"@id":"https:\/\/lequotidien.mr\/?p=28539&lang=fr#primaryimage"},"thumbnailUrl":"https:\/\/lequotidien.mr\/wp-content\/uploads\/2025\/06\/photo-industrie-nationale.jpg","datePublished":"2025-06-20T22:00:54+00:00","breadcrumb":{"@id":"https:\/\/lequotidien.mr\/?p=28539&lang=fr#breadcrumb"},"inLanguage":"ar","potentialAction":[{"@type":"ReadAction","target":["https:\/\/lequotidien.mr\/?p=28539&lang=fr"]}]},{"@type":"ImageObject","inLanguage":"ar","@id":"https:\/\/lequotidien.mr\/?p=28539&lang=fr#primaryimage","url":"https:\/\/lequotidien.mr\/wp-content\/uploads\/2025\/06\/photo-industrie-nationale.jpg","contentUrl":"https:\/\/lequotidien.mr\/wp-content\/uploads\/2025\/06\/photo-industrie-nationale.jpg","width":750,"height":430},{"@type":"BreadcrumbList","@id":"https:\/\/lequotidien.mr\/?p=28539&lang=fr#breadcrumb","itemListElement":[{"@type":"ListItem","position":1,"name":"Home","item":"https:\/\/lequotidien.mr\/"},{"@type":"ListItem","position":2,"name":"Visite minist\u00e9rielle en usines laiti\u00e8res : Le Ministre Thiam Tidjani salue le \u00ab\u00a0bond qualitatif\u00a0\u00bb de l&rsquo;industrie mauritanienne"}]},{"@type":"WebSite","@id":"https:\/\/lequotidien.mr\/#website","url":"https:\/\/lequotidien.mr\/","name":"Le Quotidien de Nouakchott","description":"\u0625\u062e\u0628\u0627\u0631\u064a\u0629 \u0645\u0633\u062a\u0642\u0644\u0629 \u0644\u0644\u0623\u0646\u0628\u0627\u0621 \u0627\u0644\u0639\u0627\u0645\u0629","publisher":{"@id":"https:\/\/lequotidien.mr\/#organization"},"potentialAction":[{"@type":"SearchAction","target":{"@type":"EntryPoint","urlTemplate":"https:\/\/lequotidien.mr\/?s={search_term_string}"},"query-input":{"@type":"PropertyValueSpecification","valueRequired":true,"valueName":"search_term_string"}}],"inLanguage":"ar"},{"@type":"Organization","@id":"https:\/\/lequotidien.mr\/#organization","name":"Le Quotidien de Nouakchott","url":"https:\/\/lequotidien.mr\/","logo":{"@type":"ImageObject","inLanguage":"ar","@id":"https:\/\/lequotidien.mr\/#\/schema\/logo\/image\/","url":"https:\/\/lequotidien.mr\/wp-content\/uploads\/2022\/11\/logolequotidien.jpg","contentUrl":"https:\/\/lequotidien.mr\/wp-content\/uploads\/2022\/11\/logolequotidien.jpg","width":290,"height":65,"caption":"Le Quotidien de Nouakchott"},"image":{"@id":"https:\/\/lequotidien.mr\/#\/schema\/logo\/image\/"},"sameAs":["https:\/\/web.facebook.com\/lequotidienmr","https:\/\/x.com\/lequotidienmr"]},{"@type":"Person","@id":"https:\/\/lequotidien.mr\/#\/schema\/person\/d2d350202a4d599685ed8abc25f97596","name":"Med Ahmed","image":{"@type":"ImageObject","inLanguage":"ar","@id":"https:\/\/secure.gravatar.com\/avatar\/fd2acc62ed50732923d1d39c17172c9b04149f142be92310ecc69e1358f94b52?s=96&d=mm&r=g","url":"https:\/\/secure.gravatar.com\/avatar\/fd2acc62ed50732923d1d39c17172c9b04149f142be92310ecc69e1358f94b52?s=96&d=mm&r=g","contentUrl":"https:\/\/secure.gravatar.com\/avatar\/fd2acc62ed50732923d1d39c17172c9b04149f142be92310ecc69e1358f94b52?s=96&d=mm&r=g","caption":"Med Ahmed"},"url":"https:\/\/lequotidien.mr\/?author=12"}]}},"_links":{"self":[{"href":"https:\/\/lequotidien.mr\/index.php?rest_route=\/wp\/v2\/posts\/28539","targetHints":{"allow":["GET"]}}],"collection":[{"href":"https:\/\/lequotidien.mr\/index.php?rest_route=\/wp\/v2\/posts"}],"about":[{"href":"https:\/\/lequotidien.mr\/index.php?rest_route=\/wp\/v2\/types\/post"}],"author":[{"embeddable":true,"href":"https:\/\/lequotidien.mr\/index.php?rest_route=\/wp\/v2\/users\/12"}],"replies":[{"embeddable":true,"href":"https:\/\/lequotidien.mr\/index.php?rest_route=%2Fwp%2Fv2%2Fcomments&post=28539"}],"version-history":[{"count":1,"href":"https:\/\/lequotidien.mr\/index.php?rest_route=\/wp\/v2\/posts\/28539\/revisions"}],"predecessor-version":[{"id":28541,"href":"https:\/\/lequotidien.mr\/index.php?rest_route=\/wp\/v2\/posts\/28539\/revisions\/28541"}],"wp:featuredmedia":[{"embeddable":true,"href":"https:\/\/lequotidien.mr\/index.php?rest_route=\/wp\/v2\/media\/28540"}],"wp:attachment":[{"href":"https:\/\/lequotidien.mr\/index.php?rest_route=%2Fwp%2Fv2%2Fmedia&parent=28539"}],"wp:term":[{"taxonomy":"category","embeddable":true,"href":"https:\/\/lequotidien.mr\/index.php?rest_route=%2Fwp%2Fv2%2Fcategories&post=28539"},{"taxonomy":"post_tag","embeddable":true,"href":"https:\/\/lequotidien.mr\/index.php?rest_route=%2Fwp%2Fv2%2Ftags&post=28539"}],"curies":[{"name":"wp","href":"https:\/\/api.w.org\/{rel}","templated":true}]}}