{"id":28534,"date":"2025-06-20T13:32:55","date_gmt":"2025-06-20T13:32:55","guid":{"rendered":"https:\/\/lequotidien.mr\/?p=28534"},"modified":"2025-06-20T13:32:55","modified_gmt":"2025-06-20T13:32:55","slug":"la-mauritanie-celebre-la-science-au-coeur-de-la-securite-sanitaire-des-aliments-a-luniversite-de-nouakchott","status":"publish","type":"post","link":"https:\/\/lequotidien.mr\/?p=28534&lang=fr","title":{"rendered":"La Mauritanie c\u00e9l\u00e8bre la science au c\u0153ur de la s\u00e9curit\u00e9 sanitaire des aliments \u00e0 l&#8217;Universit\u00e9 de Nouakchott"},"content":{"rendered":"<p>L&#8217;Agence Mauritanienne de S\u00e9curit\u00e9 Sanitaire des Aliments (AMSA) a organis\u00e9, ce mercredi, une c\u00e9r\u00e9monie officielle \u00e0 l&#8217;Universit\u00e9 de Nouakchott pour c\u00e9l\u00e9brer la Journ\u00e9e mondiale de la s\u00e9curit\u00e9 sanitaire des aliments. Plac\u00e9e sous le th\u00e8me &#8220;<strong>La s\u00e9curit\u00e9 sanitaire des aliments : la science et les fondements de la prise de d\u00e9cision<\/strong>&#8220;, cette journ\u00e9e internationale (comm\u00e9mor\u00e9e le 7 juin) vise \u00e0 sensibiliser sur le r\u00f4le crucial d&#8217;une alimentation s\u00fbre pour la sant\u00e9 publique, la s\u00e9curit\u00e9 alimentaire et le d\u00e9veloppement \u00e9conomique et agricole durable.<\/p>\n<p><strong>Un lieu symbolique pour une mission fondamentale<\/strong><\/p>\n<p>Le choix de l&#8217;Universit\u00e9 de Nouakchott comme cadre de la c\u00e9l\u00e9bration a \u00e9t\u00e9 unanimement salu\u00e9. M.\u00a0<strong>Amadou El Hadj Gueye, Secr\u00e9taire g\u00e9n\u00e9ral du Minist\u00e8re du Commerce et du Tourisme<\/strong>, a exprim\u00e9 sa joie de participer \u00e0 cet \u00e9v\u00e9nement dans un lieu symbolisant &#8220;<strong>la recherche, la connaissance et l\u2019innovation<\/strong>&#8220;. Il a soulign\u00e9 l&#8217;importance strat\u00e9gique de la s\u00e9curit\u00e9 sanitaire des aliments pour la sant\u00e9 publique, le d\u00e9veloppement \u00e9conomique, la s\u00e9curit\u00e9 alimentaire et la protection de l&#8217;environnement, rappelant les &#8220;<strong>progr\u00e8s significatifs<\/strong>&#8221; accomplis par la Mauritanie dans son cadre institutionnel et l\u00e9gislatif.<\/p>\n<p><strong>M. Yacoub Diagana, <\/strong>Doyen de la Facult\u00e9 des Sciences et Techniques, a soulign\u00e9 l&#8217;honneur pour l&#8217;universit\u00e9 d&#8217;accueillir cet \u00e9v\u00e9nement. Il a rappel\u00e9 l&#8217;engagement pr\u00e9coce de l&#8217;institution sur cette th\u00e9matique et mis en avant ses ressources : &#8220;<strong>un certain nombre d\u2019experts dans diverses sp\u00e9cialit\u00e9s et d\u2019\u00e9quipes de recherche<\/strong>&#8221; actives dans des secteurs connexes, positionnant l&#8217;universit\u00e9 comme un acteur cl\u00e9 de la recherche appliqu\u00e9e en s\u00e9curit\u00e9 alimentaire.<\/p>\n<p><strong>Priorit\u00e9 gouvernementale et renforcement des syst\u00e8mes<\/strong><\/p>\n<p><strong>M. Mohamed El Hassen Breika, <\/strong>Directeur g\u00e9n\u00e9ral de l\u2019AMSSA, a r\u00e9affirm\u00e9 l&#8217;engagement des plus hautes autorit\u00e9s du pays. &#8220;<strong>Le gouvernement mauritanien, sous les hautes directives de Son Excellence le Pr\u00e9sident de la R\u00e9publique, M. Mohamed Cheikh El Ghazouani, accorde une attention croissante \u00e0 la s\u00e9curit\u00e9 sanitaire des aliments<\/strong>&#8220;, la consid\u00e9rant comme &#8220;<strong>un \u00e9l\u00e9ment essentiel des politiques sanitaires, \u00e9conomiques et agricoles<\/strong>&#8220;.<\/p>\n<p>Il a d\u00e9taill\u00e9 les actions prioritaires de l&#8217;AMSA :<\/p>\n<p><strong>-Renforcer les syst\u00e8mes de contr\u00f4le<\/strong>\u00a0et d\u00e9velopper les capacit\u00e9s techniques\u00a0;<\/p>\n<p><strong>-Sensibiliser<\/strong>\u00a0producteurs, commer\u00e7ants et consommateurs\u00a0;<\/p>\n<p><strong>-Intensifier l&#8217;inspection et le contr\u00f4le\u00a0<\/strong>;<\/p>\n<p><strong>-\u00c9largir la port\u00e9e des analyses de laboratoire\u00a0<\/strong>;<\/p>\n<p><strong>-Lancer la num\u00e9risation des proc\u00e9dures<\/strong>\u00a0de tra\u00e7abilit\u00e9 et de contr\u00f4le, une avanc\u00e9e majeure pour l&#8217;efficacit\u00e9 du syst\u00e8me.<\/p>\n<p><strong>Contexte mondial et d\u00e9fis persistants<\/strong><\/p>\n<p><strong>M. Aliou Diongue, <\/strong>Directeur Pays du Programme Alimentaire Mondial (PAM) en Mauritanie, a replac\u00e9 la journ\u00e9e dans son contexte global. Rappelant son lancement en 2018 par l&#8217;OMS et la FAO, il a soulign\u00e9 ses objectifs : sensibilisation, pr\u00e9vention des maladies, promotion d&#8217;approches collaboratives et appel \u00e0 des solutions renforc\u00e9es.<\/p>\n<p>Il a mis en garde contre un fl\u00e9au persistant : &#8220;<strong>Malgr\u00e9 les progr\u00e8s r\u00e9alis\u00e9s, les maladies d\u2019origine alimentaire continuent de causer des ravages silencieux<\/strong>&#8220;, citant les donn\u00e9es de l&#8217;OMS. Il a appel\u00e9 \u00e0 la mise en \u0153uvre de la\u00a0Strat\u00e9gie mondiale pour la s\u00e9curit\u00e9 sanitaire des aliments (2022-2030), pr\u00f4nant le renforcement des syst\u00e8mes nationaux, la coop\u00e9ration intersectorielle et la centralit\u00e9 de la science (&#8220;<strong>mettre le monde au c\u0153ur<\/strong>&#8220;) dans l&#8217;\u00e9laboration des politiques publiques.<\/p>\n<p><strong>Dialogues th\u00e9matiques : La science en action<\/strong><\/p>\n<p>Les c\u00e9l\u00e9brations ont \u00e9t\u00e9 dynamis\u00e9es par\u00a0<strong>trois sessions de dialogue<\/strong>\u00a0approfondissant des aspects scientifiques et pratiques :<\/p>\n<p><strong>1-&#8220;Le r\u00f4le de la recherche scientifique dans la promotion d\u2019aliments s\u00fbrs et nutritifs&#8221;<\/strong>\u00a0: Explorant comment la recherche fondamentale et appliqu\u00e9e peut g\u00e9n\u00e9rer des solutions concr\u00e8tes\u00a0;<\/p>\n<p><strong>2-&#8220;La promotion de solutions locales pour une alimentation saine et nutritive&#8221;<\/strong>\u00a0: Mettant l&#8217;accent sur les innovations et pratiques endog\u00e8nes pour am\u00e9liorer la qualit\u00e9 et l&#8217;accessibilit\u00e9 des aliments\u00a0;<\/p>\n<p><strong>3-Discussion sur l\u2019approche &#8220;Une seule sant\u00e9&#8221;<\/strong>\u00a0: \u00c9valuant la pertinence et la faisabilit\u00e9 de cette approche int\u00e9gr\u00e9e (sant\u00e9 humaine, animale et environnementale) dans le contexte mauritanien.<\/p>\n<p>Cette journ\u00e9e \u00e0 Nouakchott a ainsi d\u00e9montr\u00e9 la volont\u00e9 de la Mauritanie de placer la\u00a0<strong>science, la collaboration institutionnelle et le renforcement des capacit\u00e9s<\/strong>\u00a0au centre de sa strat\u00e9gie pour garantir \u00e0 tous ses citoyens l&#8217;acc\u00e8s \u00e0 une alimentation s\u00fbre et nutritive, pilier indispensable de la sant\u00e9 publique et du d\u00e9veloppement national.<\/p>\n<p>&nbsp;<\/p>\n","protected":false},"excerpt":{"rendered":"<p>L&#8217;Agence Mauritanienne de S\u00e9curit\u00e9 Sanitaire des Aliments (AMSA) a organis\u00e9, ce mercredi, une c\u00e9r\u00e9monie officielle \u00e0 l&#8217;Universit\u00e9 de Nouakchott pour c\u00e9l\u00e9brer la Journ\u00e9e mondiale de la s\u00e9curit\u00e9 sanitaire des aliments. Plac\u00e9e sous le th\u00e8me &#8220;La s\u00e9curit\u00e9 sanitaire des aliments : la science et les fondements de la prise de d\u00e9cision&#8220;, cette journ\u00e9e internationale (comm\u00e9mor\u00e9e le&#8230;..<\/p>\n","protected":false},"author":12,"featured_media":28535,"comment_status":"open","ping_status":"open","sticky":false,"template":"","format":"standard","meta":{"footnotes":""},"categories":[23,49],"tags":[],"class_list":["post-28534","post","type-post","status-publish","format-standard","has-post-thumbnail","hentry","category-actualite","category-economie"],"yoast_head":"<!-- This site is optimized with the Yoast SEO plugin v27.5 - https:\/\/yoast.com\/product\/yoast-seo-wordpress\/ -->\n<title>La Mauritanie c\u00e9l\u00e8bre la science au c\u0153ur de la s\u00e9curit\u00e9 sanitaire des aliments \u00e0 l&#039;Universit\u00e9 de Nouakchott - Le Quotidien de Nouakchott<\/title>\n<meta name=\"robots\" content=\"index, follow, max-snippet:-1, max-image-preview:large, max-video-preview:-1\" \/>\n<link rel=\"canonical\" href=\"https:\/\/lequotidien.mr\/?p=28534&lang=fr\" \/>\n<meta property=\"og:locale\" content=\"ar_AR\" \/>\n<meta property=\"og:type\" content=\"article\" \/>\n<meta property=\"og:title\" content=\"La Mauritanie c\u00e9l\u00e8bre la science au c\u0153ur de la s\u00e9curit\u00e9 sanitaire des aliments \u00e0 l&#039;Universit\u00e9 de Nouakchott - Le Quotidien de Nouakchott\" \/>\n<meta property=\"og:description\" content=\"L&#8217;Agence Mauritanienne de S\u00e9curit\u00e9 Sanitaire des Aliments (AMSA) a organis\u00e9, ce mercredi, une c\u00e9r\u00e9monie officielle \u00e0 l&#8217;Universit\u00e9 de Nouakchott pour c\u00e9l\u00e9brer la Journ\u00e9e mondiale de la s\u00e9curit\u00e9 sanitaire des aliments. Plac\u00e9e sous le th\u00e8me &#8220;La s\u00e9curit\u00e9 sanitaire des aliments : la science et les fondements de la prise de d\u00e9cision&#8220;, cette journ\u00e9e internationale (comm\u00e9mor\u00e9e le.....\" \/>\n<meta property=\"og:url\" content=\"https:\/\/lequotidien.mr\/?p=28534&amp;lang=fr\" \/>\n<meta property=\"og:site_name\" content=\"Le Quotidien de Nouakchott\" \/>\n<meta property=\"article:publisher\" content=\"https:\/\/web.facebook.com\/lequotidienmr\" \/>\n<meta property=\"article:published_time\" content=\"2025-06-20T13:32:55+00:00\" \/>\n<meta property=\"og:image\" content=\"https:\/\/lequotidien.mr\/wp-content\/uploads\/2025\/06\/photo-securite-alintaire.jpg\" \/>\n\t<meta property=\"og:image:width\" content=\"750\" \/>\n\t<meta property=\"og:image:height\" content=\"430\" \/>\n\t<meta property=\"og:image:type\" content=\"image\/jpeg\" \/>\n<meta name=\"author\" content=\"Med Ahmed\" \/>\n<meta name=\"twitter:card\" content=\"summary_large_image\" \/>\n<meta name=\"twitter:creator\" content=\"@lequotidienmr\" \/>\n<meta name=\"twitter:site\" content=\"@lequotidienmr\" \/>\n<meta name=\"twitter:label1\" content=\"\u0643\u064f\u062a\u0628 \u0628\u0648\u0627\u0633\u0637\u0629\" \/>\n\t<meta name=\"twitter:data1\" content=\"Med Ahmed\" \/>\n\t<meta name=\"twitter:label2\" content=\"\u0648\u0642\u062a \u0627\u0644\u0642\u0631\u0627\u0621\u0629 \u0627\u0644\u0645\u064f\u0642\u062f\u0651\u0631\" \/>\n\t<meta name=\"twitter:data2\" content=\"5 \u062f\u0642\u0627\u0626\u0642\" \/>\n<script type=\"application\/ld+json\" class=\"yoast-schema-graph\">{\"@context\":\"https:\\\/\\\/schema.org\",\"@graph\":[{\"@type\":\"Article\",\"@id\":\"https:\\\/\\\/lequotidien.mr\\\/?p=28534&lang=fr#article\",\"isPartOf\":{\"@id\":\"https:\\\/\\\/lequotidien.mr\\\/?p=28534&lang=fr\"},\"author\":{\"name\":\"Med Ahmed\",\"@id\":\"https:\\\/\\\/lequotidien.mr\\\/#\\\/schema\\\/person\\\/d2d350202a4d599685ed8abc25f97596\"},\"headline\":\"La Mauritanie c\u00e9l\u00e8bre la science au c\u0153ur de la s\u00e9curit\u00e9 sanitaire des aliments \u00e0 l&#8217;Universit\u00e9 de Nouakchott\",\"datePublished\":\"2025-06-20T13:32:55+00:00\",\"mainEntityOfPage\":{\"@id\":\"https:\\\/\\\/lequotidien.mr\\\/?p=28534&lang=fr\"},\"wordCount\":775,\"commentCount\":0,\"publisher\":{\"@id\":\"https:\\\/\\\/lequotidien.mr\\\/#organization\"},\"image\":{\"@id\":\"https:\\\/\\\/lequotidien.mr\\\/?p=28534&lang=fr#primaryimage\"},\"thumbnailUrl\":\"https:\\\/\\\/lequotidien.mr\\\/wp-content\\\/uploads\\\/2025\\\/06\\\/photo-securite-alintaire.jpg\",\"articleSection\":[\"ACTUALIT\u00c9\",\"Economie\"],\"inLanguage\":\"ar\",\"potentialAction\":[{\"@type\":\"CommentAction\",\"name\":\"Comment\",\"target\":[\"https:\\\/\\\/lequotidien.mr\\\/?p=28534&lang=fr#respond\"]}]},{\"@type\":\"WebPage\",\"@id\":\"https:\\\/\\\/lequotidien.mr\\\/?p=28534&lang=fr\",\"url\":\"https:\\\/\\\/lequotidien.mr\\\/?p=28534&lang=fr\",\"name\":\"La Mauritanie c\u00e9l\u00e8bre la science au c\u0153ur de la s\u00e9curit\u00e9 sanitaire des aliments \u00e0 l'Universit\u00e9 de Nouakchott - Le Quotidien de Nouakchott\",\"isPartOf\":{\"@id\":\"https:\\\/\\\/lequotidien.mr\\\/#website\"},\"primaryImageOfPage\":{\"@id\":\"https:\\\/\\\/lequotidien.mr\\\/?p=28534&lang=fr#primaryimage\"},\"image\":{\"@id\":\"https:\\\/\\\/lequotidien.mr\\\/?p=28534&lang=fr#primaryimage\"},\"thumbnailUrl\":\"https:\\\/\\\/lequotidien.mr\\\/wp-content\\\/uploads\\\/2025\\\/06\\\/photo-securite-alintaire.jpg\",\"datePublished\":\"2025-06-20T13:32:55+00:00\",\"breadcrumb\":{\"@id\":\"https:\\\/\\\/lequotidien.mr\\\/?p=28534&lang=fr#breadcrumb\"},\"inLanguage\":\"ar\",\"potentialAction\":[{\"@type\":\"ReadAction\",\"target\":[\"https:\\\/\\\/lequotidien.mr\\\/?p=28534&lang=fr\"]}]},{\"@type\":\"ImageObject\",\"inLanguage\":\"ar\",\"@id\":\"https:\\\/\\\/lequotidien.mr\\\/?p=28534&lang=fr#primaryimage\",\"url\":\"https:\\\/\\\/lequotidien.mr\\\/wp-content\\\/uploads\\\/2025\\\/06\\\/photo-securite-alintaire.jpg\",\"contentUrl\":\"https:\\\/\\\/lequotidien.mr\\\/wp-content\\\/uploads\\\/2025\\\/06\\\/photo-securite-alintaire.jpg\",\"width\":750,\"height\":430},{\"@type\":\"BreadcrumbList\",\"@id\":\"https:\\\/\\\/lequotidien.mr\\\/?p=28534&lang=fr#breadcrumb\",\"itemListElement\":[{\"@type\":\"ListItem\",\"position\":1,\"name\":\"Home\",\"item\":\"https:\\\/\\\/lequotidien.mr\\\/\"},{\"@type\":\"ListItem\",\"position\":2,\"name\":\"La Mauritanie c\u00e9l\u00e8bre la science au c\u0153ur de la s\u00e9curit\u00e9 sanitaire des aliments \u00e0 l&rsquo;Universit\u00e9 de Nouakchott\"}]},{\"@type\":\"WebSite\",\"@id\":\"https:\\\/\\\/lequotidien.mr\\\/#website\",\"url\":\"https:\\\/\\\/lequotidien.mr\\\/\",\"name\":\"Le Quotidien de Nouakchott\",\"description\":\"\u0625\u062e\u0628\u0627\u0631\u064a\u0629 \u0645\u0633\u062a\u0642\u0644\u0629 \u0644\u0644\u0623\u0646\u0628\u0627\u0621 \u0627\u0644\u0639\u0627\u0645\u0629\",\"publisher\":{\"@id\":\"https:\\\/\\\/lequotidien.mr\\\/#organization\"},\"potentialAction\":[{\"@type\":\"SearchAction\",\"target\":{\"@type\":\"EntryPoint\",\"urlTemplate\":\"https:\\\/\\\/lequotidien.mr\\\/?s={search_term_string}\"},\"query-input\":{\"@type\":\"PropertyValueSpecification\",\"valueRequired\":true,\"valueName\":\"search_term_string\"}}],\"inLanguage\":\"ar\"},{\"@type\":\"Organization\",\"@id\":\"https:\\\/\\\/lequotidien.mr\\\/#organization\",\"name\":\"Le Quotidien de Nouakchott\",\"url\":\"https:\\\/\\\/lequotidien.mr\\\/\",\"logo\":{\"@type\":\"ImageObject\",\"inLanguage\":\"ar\",\"@id\":\"https:\\\/\\\/lequotidien.mr\\\/#\\\/schema\\\/logo\\\/image\\\/\",\"url\":\"https:\\\/\\\/lequotidien.mr\\\/wp-content\\\/uploads\\\/2022\\\/11\\\/logolequotidien.jpg\",\"contentUrl\":\"https:\\\/\\\/lequotidien.mr\\\/wp-content\\\/uploads\\\/2022\\\/11\\\/logolequotidien.jpg\",\"width\":290,\"height\":65,\"caption\":\"Le Quotidien de Nouakchott\"},\"image\":{\"@id\":\"https:\\\/\\\/lequotidien.mr\\\/#\\\/schema\\\/logo\\\/image\\\/\"},\"sameAs\":[\"https:\\\/\\\/web.facebook.com\\\/lequotidienmr\",\"https:\\\/\\\/x.com\\\/lequotidienmr\"]},{\"@type\":\"Person\",\"@id\":\"https:\\\/\\\/lequotidien.mr\\\/#\\\/schema\\\/person\\\/d2d350202a4d599685ed8abc25f97596\",\"name\":\"Med Ahmed\",\"image\":{\"@type\":\"ImageObject\",\"inLanguage\":\"ar\",\"@id\":\"https:\\\/\\\/secure.gravatar.com\\\/avatar\\\/fd2acc62ed50732923d1d39c17172c9b04149f142be92310ecc69e1358f94b52?s=96&d=mm&r=g\",\"url\":\"https:\\\/\\\/secure.gravatar.com\\\/avatar\\\/fd2acc62ed50732923d1d39c17172c9b04149f142be92310ecc69e1358f94b52?s=96&d=mm&r=g\",\"contentUrl\":\"https:\\\/\\\/secure.gravatar.com\\\/avatar\\\/fd2acc62ed50732923d1d39c17172c9b04149f142be92310ecc69e1358f94b52?s=96&d=mm&r=g\",\"caption\":\"Med Ahmed\"},\"url\":\"https:\\\/\\\/lequotidien.mr\\\/?author=12\"}]}<\/script>\n<!-- \/ Yoast SEO plugin. -->","yoast_head_json":{"title":"La Mauritanie c\u00e9l\u00e8bre la science au c\u0153ur de la s\u00e9curit\u00e9 sanitaire des aliments \u00e0 l'Universit\u00e9 de Nouakchott - Le Quotidien de Nouakchott","robots":{"index":"index","follow":"follow","max-snippet":"max-snippet:-1","max-image-preview":"max-image-preview:large","max-video-preview":"max-video-preview:-1"},"canonical":"https:\/\/lequotidien.mr\/?p=28534&lang=fr","og_locale":"ar_AR","og_type":"article","og_title":"La Mauritanie c\u00e9l\u00e8bre la science au c\u0153ur de la s\u00e9curit\u00e9 sanitaire des aliments \u00e0 l'Universit\u00e9 de Nouakchott - Le Quotidien de Nouakchott","og_description":"L&#8217;Agence Mauritanienne de S\u00e9curit\u00e9 Sanitaire des Aliments (AMSA) a organis\u00e9, ce mercredi, une c\u00e9r\u00e9monie officielle \u00e0 l&#8217;Universit\u00e9 de Nouakchott pour c\u00e9l\u00e9brer la Journ\u00e9e mondiale de la s\u00e9curit\u00e9 sanitaire des aliments. Plac\u00e9e sous le th\u00e8me &#8220;La s\u00e9curit\u00e9 sanitaire des aliments : la science et les fondements de la prise de d\u00e9cision&#8220;, cette journ\u00e9e internationale (comm\u00e9mor\u00e9e le.....","og_url":"https:\/\/lequotidien.mr\/?p=28534&lang=fr","og_site_name":"Le Quotidien de Nouakchott","article_publisher":"https:\/\/web.facebook.com\/lequotidienmr","article_published_time":"2025-06-20T13:32:55+00:00","og_image":[{"width":750,"height":430,"url":"https:\/\/lequotidien.mr\/wp-content\/uploads\/2025\/06\/photo-securite-alintaire.jpg","type":"image\/jpeg"}],"author":"Med Ahmed","twitter_card":"summary_large_image","twitter_creator":"@lequotidienmr","twitter_site":"@lequotidienmr","twitter_misc":{"\u0643\u064f\u062a\u0628 \u0628\u0648\u0627\u0633\u0637\u0629":"Med Ahmed","\u0648\u0642\u062a \u0627\u0644\u0642\u0631\u0627\u0621\u0629 \u0627\u0644\u0645\u064f\u0642\u062f\u0651\u0631":"5 \u062f\u0642\u0627\u0626\u0642"},"schema":{"@context":"https:\/\/schema.org","@graph":[{"@type":"Article","@id":"https:\/\/lequotidien.mr\/?p=28534&lang=fr#article","isPartOf":{"@id":"https:\/\/lequotidien.mr\/?p=28534&lang=fr"},"author":{"name":"Med Ahmed","@id":"https:\/\/lequotidien.mr\/#\/schema\/person\/d2d350202a4d599685ed8abc25f97596"},"headline":"La Mauritanie c\u00e9l\u00e8bre la science au c\u0153ur de la s\u00e9curit\u00e9 sanitaire des aliments \u00e0 l&#8217;Universit\u00e9 de Nouakchott","datePublished":"2025-06-20T13:32:55+00:00","mainEntityOfPage":{"@id":"https:\/\/lequotidien.mr\/?p=28534&lang=fr"},"wordCount":775,"commentCount":0,"publisher":{"@id":"https:\/\/lequotidien.mr\/#organization"},"image":{"@id":"https:\/\/lequotidien.mr\/?p=28534&lang=fr#primaryimage"},"thumbnailUrl":"https:\/\/lequotidien.mr\/wp-content\/uploads\/2025\/06\/photo-securite-alintaire.jpg","articleSection":["ACTUALIT\u00c9","Economie"],"inLanguage":"ar","potentialAction":[{"@type":"CommentAction","name":"Comment","target":["https:\/\/lequotidien.mr\/?p=28534&lang=fr#respond"]}]},{"@type":"WebPage","@id":"https:\/\/lequotidien.mr\/?p=28534&lang=fr","url":"https:\/\/lequotidien.mr\/?p=28534&lang=fr","name":"La Mauritanie c\u00e9l\u00e8bre la science au c\u0153ur de la s\u00e9curit\u00e9 sanitaire des aliments \u00e0 l'Universit\u00e9 de Nouakchott - Le Quotidien de Nouakchott","isPartOf":{"@id":"https:\/\/lequotidien.mr\/#website"},"primaryImageOfPage":{"@id":"https:\/\/lequotidien.mr\/?p=28534&lang=fr#primaryimage"},"image":{"@id":"https:\/\/lequotidien.mr\/?p=28534&lang=fr#primaryimage"},"thumbnailUrl":"https:\/\/lequotidien.mr\/wp-content\/uploads\/2025\/06\/photo-securite-alintaire.jpg","datePublished":"2025-06-20T13:32:55+00:00","breadcrumb":{"@id":"https:\/\/lequotidien.mr\/?p=28534&lang=fr#breadcrumb"},"inLanguage":"ar","potentialAction":[{"@type":"ReadAction","target":["https:\/\/lequotidien.mr\/?p=28534&lang=fr"]}]},{"@type":"ImageObject","inLanguage":"ar","@id":"https:\/\/lequotidien.mr\/?p=28534&lang=fr#primaryimage","url":"https:\/\/lequotidien.mr\/wp-content\/uploads\/2025\/06\/photo-securite-alintaire.jpg","contentUrl":"https:\/\/lequotidien.mr\/wp-content\/uploads\/2025\/06\/photo-securite-alintaire.jpg","width":750,"height":430},{"@type":"BreadcrumbList","@id":"https:\/\/lequotidien.mr\/?p=28534&lang=fr#breadcrumb","itemListElement":[{"@type":"ListItem","position":1,"name":"Home","item":"https:\/\/lequotidien.mr\/"},{"@type":"ListItem","position":2,"name":"La Mauritanie c\u00e9l\u00e8bre la science au c\u0153ur de la s\u00e9curit\u00e9 sanitaire des aliments \u00e0 l&rsquo;Universit\u00e9 de Nouakchott"}]},{"@type":"WebSite","@id":"https:\/\/lequotidien.mr\/#website","url":"https:\/\/lequotidien.mr\/","name":"Le Quotidien de Nouakchott","description":"\u0625\u062e\u0628\u0627\u0631\u064a\u0629 \u0645\u0633\u062a\u0642\u0644\u0629 \u0644\u0644\u0623\u0646\u0628\u0627\u0621 \u0627\u0644\u0639\u0627\u0645\u0629","publisher":{"@id":"https:\/\/lequotidien.mr\/#organization"},"potentialAction":[{"@type":"SearchAction","target":{"@type":"EntryPoint","urlTemplate":"https:\/\/lequotidien.mr\/?s={search_term_string}"},"query-input":{"@type":"PropertyValueSpecification","valueRequired":true,"valueName":"search_term_string"}}],"inLanguage":"ar"},{"@type":"Organization","@id":"https:\/\/lequotidien.mr\/#organization","name":"Le Quotidien de Nouakchott","url":"https:\/\/lequotidien.mr\/","logo":{"@type":"ImageObject","inLanguage":"ar","@id":"https:\/\/lequotidien.mr\/#\/schema\/logo\/image\/","url":"https:\/\/lequotidien.mr\/wp-content\/uploads\/2022\/11\/logolequotidien.jpg","contentUrl":"https:\/\/lequotidien.mr\/wp-content\/uploads\/2022\/11\/logolequotidien.jpg","width":290,"height":65,"caption":"Le Quotidien de Nouakchott"},"image":{"@id":"https:\/\/lequotidien.mr\/#\/schema\/logo\/image\/"},"sameAs":["https:\/\/web.facebook.com\/lequotidienmr","https:\/\/x.com\/lequotidienmr"]},{"@type":"Person","@id":"https:\/\/lequotidien.mr\/#\/schema\/person\/d2d350202a4d599685ed8abc25f97596","name":"Med Ahmed","image":{"@type":"ImageObject","inLanguage":"ar","@id":"https:\/\/secure.gravatar.com\/avatar\/fd2acc62ed50732923d1d39c17172c9b04149f142be92310ecc69e1358f94b52?s=96&d=mm&r=g","url":"https:\/\/secure.gravatar.com\/avatar\/fd2acc62ed50732923d1d39c17172c9b04149f142be92310ecc69e1358f94b52?s=96&d=mm&r=g","contentUrl":"https:\/\/secure.gravatar.com\/avatar\/fd2acc62ed50732923d1d39c17172c9b04149f142be92310ecc69e1358f94b52?s=96&d=mm&r=g","caption":"Med Ahmed"},"url":"https:\/\/lequotidien.mr\/?author=12"}]}},"_links":{"self":[{"href":"https:\/\/lequotidien.mr\/index.php?rest_route=\/wp\/v2\/posts\/28534","targetHints":{"allow":["GET"]}}],"collection":[{"href":"https:\/\/lequotidien.mr\/index.php?rest_route=\/wp\/v2\/posts"}],"about":[{"href":"https:\/\/lequotidien.mr\/index.php?rest_route=\/wp\/v2\/types\/post"}],"author":[{"embeddable":true,"href":"https:\/\/lequotidien.mr\/index.php?rest_route=\/wp\/v2\/users\/12"}],"replies":[{"embeddable":true,"href":"https:\/\/lequotidien.mr\/index.php?rest_route=%2Fwp%2Fv2%2Fcomments&post=28534"}],"version-history":[{"count":1,"href":"https:\/\/lequotidien.mr\/index.php?rest_route=\/wp\/v2\/posts\/28534\/revisions"}],"predecessor-version":[{"id":28536,"href":"https:\/\/lequotidien.mr\/index.php?rest_route=\/wp\/v2\/posts\/28534\/revisions\/28536"}],"wp:featuredmedia":[{"embeddable":true,"href":"https:\/\/lequotidien.mr\/index.php?rest_route=\/wp\/v2\/media\/28535"}],"wp:attachment":[{"href":"https:\/\/lequotidien.mr\/index.php?rest_route=%2Fwp%2Fv2%2Fmedia&parent=28534"}],"wp:term":[{"taxonomy":"category","embeddable":true,"href":"https:\/\/lequotidien.mr\/index.php?rest_route=%2Fwp%2Fv2%2Fcategories&post=28534"},{"taxonomy":"post_tag","embeddable":true,"href":"https:\/\/lequotidien.mr\/index.php?rest_route=%2Fwp%2Fv2%2Ftags&post=28534"}],"curies":[{"name":"wp","href":"https:\/\/api.w.org\/{rel}","templated":true}]}}