{"id":28530,"date":"2025-06-20T12:59:24","date_gmt":"2025-06-20T12:59:24","guid":{"rendered":"https:\/\/lequotidien.mr\/?p=28530"},"modified":"2025-06-20T12:59:24","modified_gmt":"2025-06-20T12:59:24","slug":"atelier-strategique-a-vienne-la-mauritanie-mobilise-les-partenaires-pour-relever-les-defis-de-leau-et-de-lassainissement","status":"publish","type":"post","link":"https:\/\/lequotidien.mr\/?p=28530&lang=fr","title":{"rendered":"Atelier strat\u00e9gique \u00e0 Vienne : La Mauritanie mobilise les partenaires pour relever les d\u00e9fis de l&#8217;eau et de l&#8217;assainissement"},"content":{"rendered":"<p>Dans le sillage de la participation du Pr\u00e9sident de la R\u00e9publique, M. Mohamed Cheikh El Ghazouani, \u00e0 la table ronde sur le d\u00e9veloppement en Mauritanie lors du Forum du Fonds de l\u2019OPEP 2025, le secteur de l&#8217;eau et de l&#8217;assainissement a \u00e9t\u00e9 au c\u0153ur d&#8217;un atelier de haut niveau mercredi \u00e0 Vienne. La Ministre de l\u2019Hydraulique et de l\u2019Assainissement, Mme Amal Mouloud, a conduit la d\u00e9l\u00e9gation mauritanienne aux travaux organis\u00e9s au si\u00e8ge du Fonds de l\u2019OPEP pour le D\u00e9veloppement International (FODI).<\/p>\n<p><strong>L&#8217;Eau : Un droit vital et un d\u00e9fi majeur pour la Mauritanie<\/strong><\/p>\n<p>Dans son\u00a0discours d&#8217;ouverture, la Ministre Mouloud a pos\u00e9 un cadre clair des enjeux. Elle a soulign\u00e9 le caract\u00e8re fondamental de l&#8217;eau, la d\u00e9finissant comme &#8220;<strong>une condition essentielle \u00e0 la vie, un d\u00e9fi environnemental et \u00e9conomique, et un droit humain indispensable<\/strong>&#8220;. Elle a ensuite dress\u00e9 un constat sans \u00e9quivoque : la Mauritanie, \u00e0 l&#8217;instar des autres pays du Sahel, fait face \u00e0 des d\u00e9fis croissants. Ces d\u00e9fis sont principalement li\u00e9s \u00e0 la\u00a0<strong>rar\u00e9faction des ressources en eau<\/strong>, aux\u00a0<strong>impacts des changements climatiques<\/strong>\u00a0et \u00e0 l&#8217;<strong>augmentation constante de la demande en services de base<\/strong>\u00a0li\u00e9s \u00e0 l&#8217;eau et \u00e0 l&#8217;assainissement.<\/p>\n<p>Mme Mouloud a exprim\u00e9 ses\u00a0vifs remerciements au Fonds de l\u2019OPEP\u00a0pour l\u2019organisation de cet atelier, qu\u2019elle a qualifi\u00e9 d\u2019opportunit\u00e9 pr\u00e9cieuse. Elle y voit un espace crucial pour &#8220;<strong>\u00e9changer des exp\u00e9riences, explorer des solutions innovantes et renforcer les partenariats<\/strong>&#8220;. L&#8217;objectif ultime, a-t-elle rappel\u00e9, est d&#8217;<strong>am\u00e9liorer l&#8217;acc\u00e8s aux services essentiels<\/strong>\u00a0et de\u00a0<strong>consolider la gestion durable des ressources en eau<\/strong>\u00a0pour la population mauritanienne.<\/p>\n<p><strong>Diagnostics techniques et pr\u00e9sentations des projets phares<\/strong><\/p>\n<p>L&#8217;atelier s&#8217;est distingu\u00e9 par la qualit\u00e9 et la pr\u00e9cision des\u00a0pr\u00e9sentations techniques sp\u00e9cialis\u00e9es\u00a0couvrant les multiples facettes du secteur mauritanien :<\/p>\n<p><strong>-\u00c9tat des Lieux des Ressources Hydriques :<\/strong>\u00a0M. Salah Eddine Babah, Directeur de l\u2019Hydraulique, a pr\u00e9sent\u00e9 un expos\u00e9 d\u00e9taill\u00e9 sur la r\u00e9alit\u00e9 des ressources en eau en Mauritanie, mettant en lumi\u00e8re les contraintes et les potentialit\u00e9s.<\/p>\n<p><strong>-L&#8217;Assainissement, un D\u00e9fi Permanent :<\/strong>\u00a0M. Modou Ba, Charg\u00e9 de mission, a pass\u00e9 en revue la situation actuelle de l\u2019assainissement dans le pays, identifiant les obstacles majeurs et les besoins critiques.<\/p>\n<p><strong>-Focus sur les Ressources de Surface et Projets de Barrages :<\/strong>\u00a0M. Abdallahi Oudaa, Directeur de l\u2019Hydrologie et des Barrages, a captiv\u00e9 l&#8217;audience avec un expos\u00e9 technique sur les ressources de surface. Il a notamment pr\u00e9sent\u00e9 en d\u00e9tail les\u00a0<strong>projets strat\u00e9giques de barrages de &#8220;Tarf El Mahroud&#8221; et de &#8220;Karakoro&#8221;<\/strong>. Un point crucial a \u00e9t\u00e9 soulign\u00e9 : les \u00e9tudes de ces projets sontactuellement en cours de mise \u00e0 jour\u00a0dans le but pr\u00e9cis de les finaliser pour\u00a0obtenir les financements n\u00e9cessaires\u00a0\u00e0 leur r\u00e9alisation.<\/p>\n<p><strong>Expertise internationale et perspectives de solutions<\/strong><\/p>\n<p>L&#8217;atelier a \u00e9galement b\u00e9n\u00e9fici\u00e9 de\u00a0pr\u00e9sentations avanc\u00e9es\u00a0par des experts repr\u00e9sentant des institutions partenaires de premier plan :<\/p>\n<p><strong>-Le<\/strong>\u00a0<strong>Fonds de l\u2019OPEP pour le D\u00e9veloppement International (FODI)\u00a0;<\/strong><\/p>\n<p><strong>-L\u2019Agence Internationale de l\u2019\u00c9nergie Atomique (AIEA)\u00a0;<\/strong><\/p>\n<p><strong>-L\u2019Organisation des Nations Unies pour le D\u00e9veloppement Industriel (ONUDI)\u00a0;<\/strong><\/p>\n<p><strong>-La plateforme<\/strong>\u00a0<strong>Uptime Global<\/strong><\/p>\n<p>Leurs interventions ont port\u00e9 sur des th\u00e9matiques essentielles pour l&#8217;avenir du secteur : les\u00a0<strong>moyens d\u2019am\u00e9liorer l\u2019efficacit\u00e9 de l\u2019utilisation de l\u2019eau<\/strong>, les strat\u00e9gies pour\u00a0<strong>renforcer la gouvernance<\/strong>\u00a0des ressources, et les m\u00e9canismes pour\u00a0<strong>\u00e9largir le financement bas\u00e9 sur les r\u00e9sultats<\/strong>\u00a0dans les projets d\u2019infrastructures hydrauliques et d&#8217;assainissement.<\/p>\n<p><strong>Renforcer le partenariat strat\u00e9gique avec le FODI<\/strong><\/p>\n<p>Cet atelier technique de haut niveau ne constitue pas un \u00e9v\u00e9nement isol\u00e9. Il s&#8217;inscrit r\u00e9solument dans le cadre de\u00a0l\u2019approfondissement du partenariat strat\u00e9gique\u00a0entre le gouvernement mauritanien, \u00e0 travers le minist\u00e8re de l\u2019Hydraulique et de l\u2019Assainissement, et le Fonds de l\u2019OPEP pour le D\u00e9veloppement International. Les discussions riches et les pr\u00e9sentations d\u00e9taill\u00e9es ont permis de\u00a0faire avancer la r\u00e9flexion commune\u00a0et de\u00a0jeter les bases pour des collaborations futures concr\u00e8tes\u00a0visant \u00e0 s\u00e9curiser l&#8217;acc\u00e8s \u00e0 l&#8217;eau et \u00e0 l&#8217;assainissement pour tous les Mauritaniens, dans un contexte de ressources limit\u00e9es et de changements climatiques. La pr\u00e9sence active de la Ministre Mouloud et de son \u00e9quipe technique d\u00e9montre la priorit\u00e9 absolue accord\u00e9e par la Mauritanie \u00e0 ces secteurs vitaux pour son d\u00e9veloppement durable.<\/p>\n","protected":false},"excerpt":{"rendered":"<p>Dans le sillage de la participation du Pr\u00e9sident de la R\u00e9publique, M. Mohamed Cheikh El Ghazouani, \u00e0 la table ronde sur le d\u00e9veloppement en Mauritanie lors du Forum du Fonds de l\u2019OPEP 2025, le secteur de l&#8217;eau et de l&#8217;assainissement a \u00e9t\u00e9 au c\u0153ur d&#8217;un atelier de haut niveau mercredi \u00e0 Vienne. La Ministre de&#8230;..<\/p>\n","protected":false},"author":12,"featured_media":28532,"comment_status":"open","ping_status":"open","sticky":false,"template":"","format":"standard","meta":{"footnotes":""},"categories":[23,49],"tags":[],"class_list":["post-28530","post","type-post","status-publish","format-standard","has-post-thumbnail","hentry","category-actualite","category-economie"],"yoast_head":"<!-- This site is optimized with the Yoast SEO plugin v27.5 - https:\/\/yoast.com\/product\/yoast-seo-wordpress\/ -->\n<title>Atelier strat\u00e9gique \u00e0 Vienne : La Mauritanie mobilise les partenaires pour relever les d\u00e9fis de l&#039;eau et de l&#039;assainissement - Le Quotidien de Nouakchott<\/title>\n<meta name=\"robots\" content=\"index, follow, max-snippet:-1, max-image-preview:large, max-video-preview:-1\" \/>\n<link rel=\"canonical\" href=\"https:\/\/lequotidien.mr\/?p=28530&lang=fr\" \/>\n<meta property=\"og:locale\" content=\"ar_AR\" \/>\n<meta property=\"og:type\" content=\"article\" \/>\n<meta property=\"og:title\" content=\"Atelier strat\u00e9gique \u00e0 Vienne : La Mauritanie mobilise les partenaires pour relever les d\u00e9fis de l&#039;eau et de l&#039;assainissement - Le Quotidien de Nouakchott\" \/>\n<meta property=\"og:description\" content=\"Dans le sillage de la participation du Pr\u00e9sident de la R\u00e9publique, M. Mohamed Cheikh El Ghazouani, \u00e0 la table ronde sur le d\u00e9veloppement en Mauritanie lors du Forum du Fonds de l\u2019OPEP 2025, le secteur de l&#8217;eau et de l&#8217;assainissement a \u00e9t\u00e9 au c\u0153ur d&#8217;un atelier de haut niveau mercredi \u00e0 Vienne. La Ministre de.....\" \/>\n<meta property=\"og:url\" content=\"https:\/\/lequotidien.mr\/?p=28530&amp;lang=fr\" \/>\n<meta property=\"og:site_name\" content=\"Le Quotidien de Nouakchott\" \/>\n<meta property=\"article:publisher\" content=\"https:\/\/web.facebook.com\/lequotidienmr\" \/>\n<meta property=\"article:published_time\" content=\"2025-06-20T12:59:24+00:00\" \/>\n<meta property=\"og:image\" content=\"https:\/\/lequotidien.mr\/wp-content\/uploads\/2025\/06\/photo-panel-eau-1.jpg\" \/>\n\t<meta property=\"og:image:width\" content=\"750\" \/>\n\t<meta property=\"og:image:height\" content=\"430\" \/>\n\t<meta property=\"og:image:type\" content=\"image\/jpeg\" \/>\n<meta name=\"author\" content=\"Med Ahmed\" \/>\n<meta name=\"twitter:card\" content=\"summary_large_image\" \/>\n<meta name=\"twitter:creator\" content=\"@lequotidienmr\" \/>\n<meta name=\"twitter:site\" content=\"@lequotidienmr\" \/>\n<meta name=\"twitter:label1\" content=\"\u0643\u064f\u062a\u0628 \u0628\u0648\u0627\u0633\u0637\u0629\" \/>\n\t<meta name=\"twitter:data1\" content=\"Med Ahmed\" \/>\n\t<meta name=\"twitter:label2\" content=\"\u0648\u0642\u062a \u0627\u0644\u0642\u0631\u0627\u0621\u0629 \u0627\u0644\u0645\u064f\u0642\u062f\u0651\u0631\" \/>\n\t<meta name=\"twitter:data2\" content=\"5 \u062f\u0642\u0627\u0626\u0642\" \/>\n<script type=\"application\/ld+json\" class=\"yoast-schema-graph\">{\"@context\":\"https:\\\/\\\/schema.org\",\"@graph\":[{\"@type\":\"Article\",\"@id\":\"https:\\\/\\\/lequotidien.mr\\\/?p=28530&lang=fr#article\",\"isPartOf\":{\"@id\":\"https:\\\/\\\/lequotidien.mr\\\/?p=28530&lang=fr\"},\"author\":{\"name\":\"Med Ahmed\",\"@id\":\"https:\\\/\\\/lequotidien.mr\\\/#\\\/schema\\\/person\\\/d2d350202a4d599685ed8abc25f97596\"},\"headline\":\"Atelier strat\u00e9gique \u00e0 Vienne : La Mauritanie mobilise les partenaires pour relever les d\u00e9fis de l&#8217;eau et de l&#8217;assainissement\",\"datePublished\":\"2025-06-20T12:59:24+00:00\",\"mainEntityOfPage\":{\"@id\":\"https:\\\/\\\/lequotidien.mr\\\/?p=28530&lang=fr\"},\"wordCount\":774,\"commentCount\":0,\"publisher\":{\"@id\":\"https:\\\/\\\/lequotidien.mr\\\/#organization\"},\"image\":{\"@id\":\"https:\\\/\\\/lequotidien.mr\\\/?p=28530&lang=fr#primaryimage\"},\"thumbnailUrl\":\"https:\\\/\\\/lequotidien.mr\\\/wp-content\\\/uploads\\\/2025\\\/06\\\/photo-panel-eau-1.jpg\",\"articleSection\":[\"ACTUALIT\u00c9\",\"Economie\"],\"inLanguage\":\"ar\",\"potentialAction\":[{\"@type\":\"CommentAction\",\"name\":\"Comment\",\"target\":[\"https:\\\/\\\/lequotidien.mr\\\/?p=28530&lang=fr#respond\"]}]},{\"@type\":\"WebPage\",\"@id\":\"https:\\\/\\\/lequotidien.mr\\\/?p=28530&lang=fr\",\"url\":\"https:\\\/\\\/lequotidien.mr\\\/?p=28530&lang=fr\",\"name\":\"Atelier strat\u00e9gique \u00e0 Vienne : La Mauritanie mobilise les partenaires pour relever les d\u00e9fis de l'eau et de l'assainissement - Le Quotidien de Nouakchott\",\"isPartOf\":{\"@id\":\"https:\\\/\\\/lequotidien.mr\\\/#website\"},\"primaryImageOfPage\":{\"@id\":\"https:\\\/\\\/lequotidien.mr\\\/?p=28530&lang=fr#primaryimage\"},\"image\":{\"@id\":\"https:\\\/\\\/lequotidien.mr\\\/?p=28530&lang=fr#primaryimage\"},\"thumbnailUrl\":\"https:\\\/\\\/lequotidien.mr\\\/wp-content\\\/uploads\\\/2025\\\/06\\\/photo-panel-eau-1.jpg\",\"datePublished\":\"2025-06-20T12:59:24+00:00\",\"breadcrumb\":{\"@id\":\"https:\\\/\\\/lequotidien.mr\\\/?p=28530&lang=fr#breadcrumb\"},\"inLanguage\":\"ar\",\"potentialAction\":[{\"@type\":\"ReadAction\",\"target\":[\"https:\\\/\\\/lequotidien.mr\\\/?p=28530&lang=fr\"]}]},{\"@type\":\"ImageObject\",\"inLanguage\":\"ar\",\"@id\":\"https:\\\/\\\/lequotidien.mr\\\/?p=28530&lang=fr#primaryimage\",\"url\":\"https:\\\/\\\/lequotidien.mr\\\/wp-content\\\/uploads\\\/2025\\\/06\\\/photo-panel-eau-1.jpg\",\"contentUrl\":\"https:\\\/\\\/lequotidien.mr\\\/wp-content\\\/uploads\\\/2025\\\/06\\\/photo-panel-eau-1.jpg\",\"width\":750,\"height\":430},{\"@type\":\"BreadcrumbList\",\"@id\":\"https:\\\/\\\/lequotidien.mr\\\/?p=28530&lang=fr#breadcrumb\",\"itemListElement\":[{\"@type\":\"ListItem\",\"position\":1,\"name\":\"Home\",\"item\":\"https:\\\/\\\/lequotidien.mr\\\/\"},{\"@type\":\"ListItem\",\"position\":2,\"name\":\"Atelier strat\u00e9gique \u00e0 Vienne : La Mauritanie mobilise les partenaires pour relever les d\u00e9fis de l&rsquo;eau et de l&rsquo;assainissement\"}]},{\"@type\":\"WebSite\",\"@id\":\"https:\\\/\\\/lequotidien.mr\\\/#website\",\"url\":\"https:\\\/\\\/lequotidien.mr\\\/\",\"name\":\"Le Quotidien de Nouakchott\",\"description\":\"\u0625\u062e\u0628\u0627\u0631\u064a\u0629 \u0645\u0633\u062a\u0642\u0644\u0629 \u0644\u0644\u0623\u0646\u0628\u0627\u0621 \u0627\u0644\u0639\u0627\u0645\u0629\",\"publisher\":{\"@id\":\"https:\\\/\\\/lequotidien.mr\\\/#organization\"},\"potentialAction\":[{\"@type\":\"SearchAction\",\"target\":{\"@type\":\"EntryPoint\",\"urlTemplate\":\"https:\\\/\\\/lequotidien.mr\\\/?s={search_term_string}\"},\"query-input\":{\"@type\":\"PropertyValueSpecification\",\"valueRequired\":true,\"valueName\":\"search_term_string\"}}],\"inLanguage\":\"ar\"},{\"@type\":\"Organization\",\"@id\":\"https:\\\/\\\/lequotidien.mr\\\/#organization\",\"name\":\"Le Quotidien de Nouakchott\",\"url\":\"https:\\\/\\\/lequotidien.mr\\\/\",\"logo\":{\"@type\":\"ImageObject\",\"inLanguage\":\"ar\",\"@id\":\"https:\\\/\\\/lequotidien.mr\\\/#\\\/schema\\\/logo\\\/image\\\/\",\"url\":\"https:\\\/\\\/lequotidien.mr\\\/wp-content\\\/uploads\\\/2022\\\/11\\\/logolequotidien.jpg\",\"contentUrl\":\"https:\\\/\\\/lequotidien.mr\\\/wp-content\\\/uploads\\\/2022\\\/11\\\/logolequotidien.jpg\",\"width\":290,\"height\":65,\"caption\":\"Le Quotidien de Nouakchott\"},\"image\":{\"@id\":\"https:\\\/\\\/lequotidien.mr\\\/#\\\/schema\\\/logo\\\/image\\\/\"},\"sameAs\":[\"https:\\\/\\\/web.facebook.com\\\/lequotidienmr\",\"https:\\\/\\\/x.com\\\/lequotidienmr\"]},{\"@type\":\"Person\",\"@id\":\"https:\\\/\\\/lequotidien.mr\\\/#\\\/schema\\\/person\\\/d2d350202a4d599685ed8abc25f97596\",\"name\":\"Med Ahmed\",\"image\":{\"@type\":\"ImageObject\",\"inLanguage\":\"ar\",\"@id\":\"https:\\\/\\\/secure.gravatar.com\\\/avatar\\\/fd2acc62ed50732923d1d39c17172c9b04149f142be92310ecc69e1358f94b52?s=96&d=mm&r=g\",\"url\":\"https:\\\/\\\/secure.gravatar.com\\\/avatar\\\/fd2acc62ed50732923d1d39c17172c9b04149f142be92310ecc69e1358f94b52?s=96&d=mm&r=g\",\"contentUrl\":\"https:\\\/\\\/secure.gravatar.com\\\/avatar\\\/fd2acc62ed50732923d1d39c17172c9b04149f142be92310ecc69e1358f94b52?s=96&d=mm&r=g\",\"caption\":\"Med Ahmed\"},\"url\":\"https:\\\/\\\/lequotidien.mr\\\/?author=12\"}]}<\/script>\n<!-- \/ Yoast SEO plugin. -->","yoast_head_json":{"title":"Atelier strat\u00e9gique \u00e0 Vienne : La Mauritanie mobilise les partenaires pour relever les d\u00e9fis de l'eau et de l'assainissement - Le Quotidien de Nouakchott","robots":{"index":"index","follow":"follow","max-snippet":"max-snippet:-1","max-image-preview":"max-image-preview:large","max-video-preview":"max-video-preview:-1"},"canonical":"https:\/\/lequotidien.mr\/?p=28530&lang=fr","og_locale":"ar_AR","og_type":"article","og_title":"Atelier strat\u00e9gique \u00e0 Vienne : La Mauritanie mobilise les partenaires pour relever les d\u00e9fis de l'eau et de l'assainissement - Le Quotidien de Nouakchott","og_description":"Dans le sillage de la participation du Pr\u00e9sident de la R\u00e9publique, M. Mohamed Cheikh El Ghazouani, \u00e0 la table ronde sur le d\u00e9veloppement en Mauritanie lors du Forum du Fonds de l\u2019OPEP 2025, le secteur de l&#8217;eau et de l&#8217;assainissement a \u00e9t\u00e9 au c\u0153ur d&#8217;un atelier de haut niveau mercredi \u00e0 Vienne. La Ministre de.....","og_url":"https:\/\/lequotidien.mr\/?p=28530&lang=fr","og_site_name":"Le Quotidien de Nouakchott","article_publisher":"https:\/\/web.facebook.com\/lequotidienmr","article_published_time":"2025-06-20T12:59:24+00:00","og_image":[{"width":750,"height":430,"url":"https:\/\/lequotidien.mr\/wp-content\/uploads\/2025\/06\/photo-panel-eau-1.jpg","type":"image\/jpeg"}],"author":"Med Ahmed","twitter_card":"summary_large_image","twitter_creator":"@lequotidienmr","twitter_site":"@lequotidienmr","twitter_misc":{"\u0643\u064f\u062a\u0628 \u0628\u0648\u0627\u0633\u0637\u0629":"Med Ahmed","\u0648\u0642\u062a \u0627\u0644\u0642\u0631\u0627\u0621\u0629 \u0627\u0644\u0645\u064f\u0642\u062f\u0651\u0631":"5 \u062f\u0642\u0627\u0626\u0642"},"schema":{"@context":"https:\/\/schema.org","@graph":[{"@type":"Article","@id":"https:\/\/lequotidien.mr\/?p=28530&lang=fr#article","isPartOf":{"@id":"https:\/\/lequotidien.mr\/?p=28530&lang=fr"},"author":{"name":"Med Ahmed","@id":"https:\/\/lequotidien.mr\/#\/schema\/person\/d2d350202a4d599685ed8abc25f97596"},"headline":"Atelier strat\u00e9gique \u00e0 Vienne : La Mauritanie mobilise les partenaires pour relever les d\u00e9fis de l&#8217;eau et de l&#8217;assainissement","datePublished":"2025-06-20T12:59:24+00:00","mainEntityOfPage":{"@id":"https:\/\/lequotidien.mr\/?p=28530&lang=fr"},"wordCount":774,"commentCount":0,"publisher":{"@id":"https:\/\/lequotidien.mr\/#organization"},"image":{"@id":"https:\/\/lequotidien.mr\/?p=28530&lang=fr#primaryimage"},"thumbnailUrl":"https:\/\/lequotidien.mr\/wp-content\/uploads\/2025\/06\/photo-panel-eau-1.jpg","articleSection":["ACTUALIT\u00c9","Economie"],"inLanguage":"ar","potentialAction":[{"@type":"CommentAction","name":"Comment","target":["https:\/\/lequotidien.mr\/?p=28530&lang=fr#respond"]}]},{"@type":"WebPage","@id":"https:\/\/lequotidien.mr\/?p=28530&lang=fr","url":"https:\/\/lequotidien.mr\/?p=28530&lang=fr","name":"Atelier strat\u00e9gique \u00e0 Vienne : La Mauritanie mobilise les partenaires pour relever les d\u00e9fis de l'eau et de l'assainissement - Le Quotidien de Nouakchott","isPartOf":{"@id":"https:\/\/lequotidien.mr\/#website"},"primaryImageOfPage":{"@id":"https:\/\/lequotidien.mr\/?p=28530&lang=fr#primaryimage"},"image":{"@id":"https:\/\/lequotidien.mr\/?p=28530&lang=fr#primaryimage"},"thumbnailUrl":"https:\/\/lequotidien.mr\/wp-content\/uploads\/2025\/06\/photo-panel-eau-1.jpg","datePublished":"2025-06-20T12:59:24+00:00","breadcrumb":{"@id":"https:\/\/lequotidien.mr\/?p=28530&lang=fr#breadcrumb"},"inLanguage":"ar","potentialAction":[{"@type":"ReadAction","target":["https:\/\/lequotidien.mr\/?p=28530&lang=fr"]}]},{"@type":"ImageObject","inLanguage":"ar","@id":"https:\/\/lequotidien.mr\/?p=28530&lang=fr#primaryimage","url":"https:\/\/lequotidien.mr\/wp-content\/uploads\/2025\/06\/photo-panel-eau-1.jpg","contentUrl":"https:\/\/lequotidien.mr\/wp-content\/uploads\/2025\/06\/photo-panel-eau-1.jpg","width":750,"height":430},{"@type":"BreadcrumbList","@id":"https:\/\/lequotidien.mr\/?p=28530&lang=fr#breadcrumb","itemListElement":[{"@type":"ListItem","position":1,"name":"Home","item":"https:\/\/lequotidien.mr\/"},{"@type":"ListItem","position":2,"name":"Atelier strat\u00e9gique \u00e0 Vienne : La Mauritanie mobilise les partenaires pour relever les d\u00e9fis de l&rsquo;eau et de l&rsquo;assainissement"}]},{"@type":"WebSite","@id":"https:\/\/lequotidien.mr\/#website","url":"https:\/\/lequotidien.mr\/","name":"Le Quotidien de Nouakchott","description":"\u0625\u062e\u0628\u0627\u0631\u064a\u0629 \u0645\u0633\u062a\u0642\u0644\u0629 \u0644\u0644\u0623\u0646\u0628\u0627\u0621 \u0627\u0644\u0639\u0627\u0645\u0629","publisher":{"@id":"https:\/\/lequotidien.mr\/#organization"},"potentialAction":[{"@type":"SearchAction","target":{"@type":"EntryPoint","urlTemplate":"https:\/\/lequotidien.mr\/?s={search_term_string}"},"query-input":{"@type":"PropertyValueSpecification","valueRequired":true,"valueName":"search_term_string"}}],"inLanguage":"ar"},{"@type":"Organization","@id":"https:\/\/lequotidien.mr\/#organization","name":"Le Quotidien de Nouakchott","url":"https:\/\/lequotidien.mr\/","logo":{"@type":"ImageObject","inLanguage":"ar","@id":"https:\/\/lequotidien.mr\/#\/schema\/logo\/image\/","url":"https:\/\/lequotidien.mr\/wp-content\/uploads\/2022\/11\/logolequotidien.jpg","contentUrl":"https:\/\/lequotidien.mr\/wp-content\/uploads\/2022\/11\/logolequotidien.jpg","width":290,"height":65,"caption":"Le Quotidien de Nouakchott"},"image":{"@id":"https:\/\/lequotidien.mr\/#\/schema\/logo\/image\/"},"sameAs":["https:\/\/web.facebook.com\/lequotidienmr","https:\/\/x.com\/lequotidienmr"]},{"@type":"Person","@id":"https:\/\/lequotidien.mr\/#\/schema\/person\/d2d350202a4d599685ed8abc25f97596","name":"Med Ahmed","image":{"@type":"ImageObject","inLanguage":"ar","@id":"https:\/\/secure.gravatar.com\/avatar\/fd2acc62ed50732923d1d39c17172c9b04149f142be92310ecc69e1358f94b52?s=96&d=mm&r=g","url":"https:\/\/secure.gravatar.com\/avatar\/fd2acc62ed50732923d1d39c17172c9b04149f142be92310ecc69e1358f94b52?s=96&d=mm&r=g","contentUrl":"https:\/\/secure.gravatar.com\/avatar\/fd2acc62ed50732923d1d39c17172c9b04149f142be92310ecc69e1358f94b52?s=96&d=mm&r=g","caption":"Med Ahmed"},"url":"https:\/\/lequotidien.mr\/?author=12"}]}},"_links":{"self":[{"href":"https:\/\/lequotidien.mr\/index.php?rest_route=\/wp\/v2\/posts\/28530","targetHints":{"allow":["GET"]}}],"collection":[{"href":"https:\/\/lequotidien.mr\/index.php?rest_route=\/wp\/v2\/posts"}],"about":[{"href":"https:\/\/lequotidien.mr\/index.php?rest_route=\/wp\/v2\/types\/post"}],"author":[{"embeddable":true,"href":"https:\/\/lequotidien.mr\/index.php?rest_route=\/wp\/v2\/users\/12"}],"replies":[{"embeddable":true,"href":"https:\/\/lequotidien.mr\/index.php?rest_route=%2Fwp%2Fv2%2Fcomments&post=28530"}],"version-history":[{"count":1,"href":"https:\/\/lequotidien.mr\/index.php?rest_route=\/wp\/v2\/posts\/28530\/revisions"}],"predecessor-version":[{"id":28533,"href":"https:\/\/lequotidien.mr\/index.php?rest_route=\/wp\/v2\/posts\/28530\/revisions\/28533"}],"wp:featuredmedia":[{"embeddable":true,"href":"https:\/\/lequotidien.mr\/index.php?rest_route=\/wp\/v2\/media\/28532"}],"wp:attachment":[{"href":"https:\/\/lequotidien.mr\/index.php?rest_route=%2Fwp%2Fv2%2Fmedia&parent=28530"}],"wp:term":[{"taxonomy":"category","embeddable":true,"href":"https:\/\/lequotidien.mr\/index.php?rest_route=%2Fwp%2Fv2%2Fcategories&post=28530"},{"taxonomy":"post_tag","embeddable":true,"href":"https:\/\/lequotidien.mr\/index.php?rest_route=%2Fwp%2Fv2%2Ftags&post=28530"}],"curies":[{"name":"wp","href":"https:\/\/api.w.org\/{rel}","templated":true}]}}