{"id":28512,"date":"2025-06-19T21:30:09","date_gmt":"2025-06-19T21:30:09","guid":{"rendered":"https:\/\/lequotidien.mr\/?p=28512"},"modified":"2025-06-19T21:30:09","modified_gmt":"2025-06-19T21:30:09","slug":"forum-2025-du-fonds-de-lopep-pour-le-developpement-international-le-president-el-ghazouani-reaffirme-son-engagement-pour-les-odd","status":"publish","type":"post","link":"https:\/\/lequotidien.mr\/?p=28512&lang=fr","title":{"rendered":"Forum 2025 du Fonds de l\u2019OPEP pour le D\u00e9veloppement International : le Pr\u00e9sident El Ghazouani r\u00e9affirme son engagement pour les ODD"},"content":{"rendered":"<p>Dans un discours prononc\u00e9 ce mardi \u00e0 l\u2019occasion de l\u2019ouverture du\u00a0<strong>Forum 2025 du Fonds de l\u2019OPEP pour le D\u00e9veloppement International (OFID)<\/strong>, le Pr\u00e9sident,\u00a0<strong>Mohamed Cheikh El Ghazouani<\/strong>, a r\u00e9affirm\u00e9 avec force l\u2019engagement de son pays en faveur de la coop\u00e9ration internationale et des Objectifs de D\u00e9veloppement Durable (ODD).<\/p>\n<p>Face aux repr\u00e9sentants internationaux r\u00e9unis dans la capitale autrichienne, le chef de l\u2019\u00c9tat mauritanien a soulign\u00e9 la\u00a0<strong>d\u00e9termination in\u00e9branlable de la Mauritanie<\/strong>\u00a0\u00e0 \u0153uvrer aux c\u00f4t\u00e9s de ses partenaires pour relever les d\u00e9fis mondiaux du d\u00e9veloppement. &#8220;La Mauritanie reste fermement engag\u00e9e \u00e0 soutenir les efforts de coop\u00e9ration internationale et \u00e0 renforcer les partenariats strat\u00e9giques&#8221;, a-t-il d\u00e9clar\u00e9, insistant sur la n\u00e9cessit\u00e9 d\u2019une action collective pour atteindre les cibles des ODD \u00e0 l\u2019horizon 2030.<\/p>\n<p>Le Pr\u00e9sident El Ghazouani a rendu un <strong>hommage appuy\u00e9 au r\u00f4le central jou\u00e9 par l\u2019OFID<\/strong>. Il a salu\u00e9 les &#8220;efforts remarquables&#8221; du Fonds dans le soutien aux projets de d\u00e9veloppement structurants, notamment dans les pays les plus vuln\u00e9rables, au nombre desquels figure la Mauritanie. &#8220;L\u2019impact concret des interventions de l\u2019OFID sur le terrain, dans des secteurs vitaux comme l\u2019\u00e9nergie, l\u2019eau, l\u2019agriculture et les infrastructures, contribue significativement \u00e0 l\u2019am\u00e9lioration des conditions de vie de nos populations&#8221;, a-t-il soulign\u00e9.<\/p>\n<p>Voici le texte int\u00e9gral du discours du Pr\u00e9sident de la R\u00e9publique :<\/p>\n<p>\u201cSon Excellence Dr Abdelhamid Al-Khalifa, Pr\u00e9sident du Fonds de l\u2019OPEP pour le d\u00e9veloppement international.<\/p>\n<p>\u2013 Excellences<\/p>\n<p>\u2013 Mesdames et Messieurs,<\/p>\n<p>J\u2019ai le plaisir, tout d\u2019abord, d\u2019exprimer mes sinc\u00e8res remerciements et ma grande appr\u00e9ciation au Fonds OPEP pour le d\u00e9veloppement international, en g\u00e9n\u00e9ral, et \u00e0 son pr\u00e9sident, Son Excellence le Dr Abdelhamid Al-Khalifa, pour l\u2019aimable invitation et de le f\u00e9liciter pour l\u2019excellente organisation de cette quatri\u00e8me \u00e9dition du Forum du Fonds OPEP pour le d\u00e9veloppement international.<\/p>\n<p>Aujourd\u2019hui, ce forum est une plateforme internationale de haut niveau permettant d\u2019\u00e9changer des points de vue sur le renforcement de la coop\u00e9ration au service du d\u00e9veloppement durable.<\/p>\n<p>Le th\u00e8me \u201cTransformer l\u2019autonomisation pour un avenir meilleur\u201d refl\u00e8te une profonde prise de conscience de la nature et de l\u2019ampleur des d\u00e9fis auxquels sont confront\u00e9s nos pays en d\u00e9veloppement.<\/p>\n<p>L\u2019accent mis sur quatre th\u00e8mes interd\u00e9pendants, qui sous-tendent cet objectif, t\u00e9moigne de la d\u00e9termination du fonds \u00e0 contribuer efficacement \u00e0 la formulation et \u00e0 la mise en \u0153uvre de solutions qui conduisent \u00e0 un avenir de d\u00e9veloppement plus inclusif, plus \u00e9quitable et plus durable gr\u00e2ce \u00e0 une coop\u00e9ration internationale renforc\u00e9e.<\/p>\n<p>La p\u00e9riode critique que traverse notre monde modifie progressivement certaines de ses r\u00e8gles et certains de ses principes, et les d\u00e9fis auxquels il est confront\u00e9 sont divers et de plus en plus importants, ce qui nous oblige tous \u00e0 renforcer l\u2019int\u00e9gration, \u00e0 \u00e9changer nos comp\u00e9tences et \u00e0 \u00e9tablir des partenariats fond\u00e9s sur la confiance et la transparence.<\/p>\n<p>Du haut de cette tribune, je r\u00e9it\u00e8re l\u2019engagement de la Mauritanie \u00e0 l\u2019action commune et \u00e0 soutenir la vision du Fonds OPEP de construire un monde dans lequel tous les peuples peuvent atteindre les objectifs du d\u00e9veloppement durable. J\u2019appr\u00e9cie \u00e9galement le r\u00f4le pionnier jou\u00e9 par le Fonds dans la promotion du partenariat Sud-Sud et l\u2019appui aux efforts de d\u00e9veloppement de nombreux pays en d\u00e9veloppement, y compris notre pays, dont les secteurs vitaux tels que l\u2019\u00e9nergie, l\u2019eau et les infrastructures ont b\u00e9n\u00e9fici\u00e9 d\u2019un soutien efficace et louable.<\/p>\n<p>Nous saluons \u00e9galement l\u2019attention accord\u00e9e par le Forum \u00e0 la durabilit\u00e9 des ressources, \u00e0 la r\u00e9alisation de transformations inclusives, au financement du d\u00e9veloppement, \u00e0 l\u2019am\u00e9lioration des capacit\u00e9s num\u00e9riques et des capacit\u00e9s humaines, affirmant notre volont\u00e9 de travailler avec tous les partenaires pour faire de cette transformation un succ\u00e8s et acc\u00e9l\u00e9rer la mise en \u0153uvre des Objectifs de d\u00e9veloppement durable (ODD).<\/p>\n<p>Excellences,<\/p>\n<p>Mesdames et Messieurs,<\/p>\n<p>Notre vision du d\u00e9veloppement en R\u00e9publique Islamique de Mauritanie est ambitieuse, bas\u00e9e sur la strat\u00e9gie de croissance acc\u00e9l\u00e9r\u00e9e et de prosp\u00e9rit\u00e9 partag\u00e9e, une strat\u00e9gie nationale globale qui vise \u00e0 r\u00e9aliser un d\u00e9veloppement \u00e9conomique durable, \u00e0 promouvoir la justice sociale, la gestion durable des ressources et le d\u00e9veloppement des infrastructures, avec une attention particuli\u00e8re pour les jeunes, les femmes et les groupes les plus vuln\u00e9rables, et \u00e0 d\u00e9velopper le capital humain en tant que principal moteur de toute transformation efficace du d\u00e9veloppement.<\/p>\n<p>Il ne peut y avoir de v\u00e9ritable d\u00e9veloppement sans une gestion durable de nos ressources naturelles. Nous nous sommes donc efforc\u00e9s de renforcer l\u2019int\u00e9gration des secteurs productifs tels que l\u2019\u00e9nergie, l\u2019eau et l\u2019agriculture par le biais de projets agricoles et hydrauliques respectueux de l\u2019environnement, et d\u2019accro\u00eetre le recours aux \u00e9nergies renouvelables, notamment solaire et \u00e9olienne, afin de renforcer la r\u00e9silience \u00e9conomique et d\u2019optimiser l\u2019utilisation de nos ressources nationales.<\/p>\n<p>Conscients que la mobilisation des ressources publiques et priv\u00e9es, locales et internationales, est un \u00e9l\u00e9ment crucial dans la mise en \u0153uvre de tout programme de d\u00e9veloppement ambitieux, nous avons entrepris, dans le cadre de cette strat\u00e9gie, d\u2019importantes r\u00e9formes structurelles qui nous ont permis de r\u00e9aliser des progr\u00e8s remarquables en termes d\u2019ajustement des grands \u00e9quilibres, d\u2019am\u00e9lioration du climat des affaires et d\u2019intensification des investissements dans les secteurs productifs, notamment dans les domaines de l\u2019\u00e9nergie, de l\u2019agriculture, de la p\u00eache et de la num\u00e9risation, progr\u00e8s salu\u00e9s par nos partenaires internationaux, au premier rang desquels le Fonds Mon\u00e9taire International dans son dernier rapport.<\/p>\n<p>Nous avons \u00e9galement \u0153uvr\u00e9 \u00e0 tirer profit des perspectives sans pr\u00e9c\u00e9dent offertes par la r\u00e9volution num\u00e9rique pour r\u00e9aliser un d\u00e9veloppement rapide et durable, en lan\u00e7ant plusieurs initiatives pour promouvoir la transformation num\u00e9rique, moderniser l\u2019administration et renforcer les capacit\u00e9s des jeunes dans les domaines techniques, les qualifiant ainsi pour participer efficacement \u00e0 l\u2019\u00e9conomie num\u00e9rique mondiale.<\/p>\n<p>Les diff\u00e9rentes r\u00e9alisations effectu\u00e9es dans le cadre de la strat\u00e9gie de croissance acc\u00e9l\u00e9r\u00e9e et de prosp\u00e9rit\u00e9 partag\u00e9e ouvrent des opportunit\u00e9s d\u2019investissement prometteuses dans de nombreux secteurs tels que les \u00e9nergies renouvelables, les min\u00e9raux verts, les ressources marines et l\u2019agriculture durable, renforc\u00e9es par la position strat\u00e9gique de notre pays sur les rives de l\u2019Atlantique, qui le qualifie pour \u00eatre une plateforme logistique r\u00e9gionale par excellence.<\/p>\n<p>Je tiens \u00e0 renouveler l\u2019invitation aux investisseurs et aux donateurs \u00e0 explorer ces formidables opportunit\u00e9s d\u2019investissement, j\u2019esp\u00e8re que les travaux de ce forum seront couronn\u00e9s de succ\u00e8s et d\u00e9boucheront sur des initiatives concr\u00e8tes qui contribueront \u00e0 construire un monde o\u00f9 le d\u00e9veloppement est inclusif, juste et durable, comme l\u2019esp\u00e8rent les peuples des pays en d\u00e9veloppement et comme l\u2019incarne le Fonds OPEP pour le d\u00e9veloppement international.<\/p>\n<p>Je vous remercie \u00bb.<\/p>\n<p>Dans sa conclusion, le Pr\u00e9sident de la R\u00e9publique a exprim\u00e9 ses\u00a0<strong>vifs remerciements et sa profonde reconnaissance<\/strong>\u00a0envers l\u2019institution et son Directeur G\u00e9n\u00e9ral,\u00a0<strong>Dr. Abdulhamid Alkhalifa<\/strong>. Il a lou\u00e9 &#8220;la vision \u00e9clair\u00e9e&#8221; et &#8220;l\u2019engagement constant&#8221; du Dr. Alkhalifa en faveur d\u2019un d\u00e9veloppement inclusif et durable, tout en r\u00e9it\u00e9rant la volont\u00e9 de la Mauritanie de poursuivre et d\u2019approfondir cette coop\u00e9ration fructueuse.<\/p>\n<p>Ce discours prononc\u00e9 sur la sc\u00e8ne internationale de Vienne souligne le\u00a0<strong>positionnement actif de la Mauritanie<\/strong>, actuelle pr\u00e9sidente en exercice de l\u2019Union Africaine (UA), dans la promotion de la solidarit\u00e9 Sud-Sud et de partenariats multilat\u00e9raux efficaces pour un avenir plus \u00e9quitable et prosp\u00e8re. La participation du Pr\u00e9sident Ghazouani \u00e0 ce forum de haut niveau confirme la priorit\u00e9 accord\u00e9e par Nouakchott au financement du d\u00e9veloppement comme levier essentiel de sa strat\u00e9gie nationale et continentale.<\/p>\n","protected":false},"excerpt":{"rendered":"<p>Dans un discours prononc\u00e9 ce mardi \u00e0 l\u2019occasion de l\u2019ouverture du\u00a0Forum 2025 du Fonds de l\u2019OPEP pour le D\u00e9veloppement International (OFID), le Pr\u00e9sident,\u00a0Mohamed Cheikh El Ghazouani, a r\u00e9affirm\u00e9 avec force l\u2019engagement de son pays en faveur de la coop\u00e9ration internationale et des Objectifs de D\u00e9veloppement Durable (ODD). Face aux repr\u00e9sentants internationaux r\u00e9unis dans la capitale&#8230;..<\/p>\n","protected":false},"author":12,"featured_media":28514,"comment_status":"open","ping_status":"open","sticky":false,"template":"","format":"standard","meta":{"footnotes":""},"categories":[23,49],"tags":[],"class_list":["post-28512","post","type-post","status-publish","format-standard","has-post-thumbnail","hentry","category-actualite","category-economie"],"yoast_head":"<!-- This site is optimized with the Yoast SEO plugin v27.5 - https:\/\/yoast.com\/product\/yoast-seo-wordpress\/ -->\n<title>Forum 2025 du Fonds de l\u2019OPEP pour le D\u00e9veloppement International : le Pr\u00e9sident El Ghazouani r\u00e9affirme son engagement pour les ODD - Le Quotidien de Nouakchott<\/title>\n<meta name=\"robots\" content=\"index, follow, max-snippet:-1, max-image-preview:large, max-video-preview:-1\" \/>\n<link rel=\"canonical\" href=\"https:\/\/lequotidien.mr\/?p=28512&lang=fr\" \/>\n<meta property=\"og:locale\" content=\"ar_AR\" \/>\n<meta property=\"og:type\" content=\"article\" \/>\n<meta property=\"og:title\" content=\"Forum 2025 du Fonds de l\u2019OPEP pour le D\u00e9veloppement International : le Pr\u00e9sident El Ghazouani r\u00e9affirme son engagement pour les ODD - Le Quotidien de Nouakchott\" \/>\n<meta property=\"og:description\" content=\"Dans un discours prononc\u00e9 ce mardi \u00e0 l\u2019occasion de l\u2019ouverture du\u00a0Forum 2025 du Fonds de l\u2019OPEP pour le D\u00e9veloppement International (OFID), le Pr\u00e9sident,\u00a0Mohamed Cheikh El Ghazouani, a r\u00e9affirm\u00e9 avec force l\u2019engagement de son pays en faveur de la coop\u00e9ration internationale et des Objectifs de D\u00e9veloppement Durable (ODD). Face aux repr\u00e9sentants internationaux r\u00e9unis dans la capitale.....\" \/>\n<meta property=\"og:url\" content=\"https:\/\/lequotidien.mr\/?p=28512&amp;lang=fr\" \/>\n<meta property=\"og:site_name\" content=\"Le Quotidien de Nouakchott\" \/>\n<meta property=\"article:publisher\" content=\"https:\/\/web.facebook.com\/lequotidienmr\" \/>\n<meta property=\"article:published_time\" content=\"2025-06-19T21:30:09+00:00\" \/>\n<meta property=\"og:image\" content=\"https:\/\/lequotidien.mr\/wp-content\/uploads\/2025\/06\/photo-Pdt-_-ODD.jpg\" \/>\n\t<meta property=\"og:image:width\" content=\"750\" \/>\n\t<meta property=\"og:image:height\" content=\"430\" \/>\n\t<meta property=\"og:image:type\" content=\"image\/jpeg\" \/>\n<meta name=\"author\" content=\"Med Ahmed\" \/>\n<meta name=\"twitter:card\" content=\"summary_large_image\" \/>\n<meta name=\"twitter:creator\" content=\"@lequotidienmr\" \/>\n<meta name=\"twitter:site\" content=\"@lequotidienmr\" \/>\n<meta name=\"twitter:label1\" content=\"\u0643\u064f\u062a\u0628 \u0628\u0648\u0627\u0633\u0637\u0629\" \/>\n\t<meta name=\"twitter:data1\" content=\"Med Ahmed\" \/>\n\t<meta name=\"twitter:label2\" content=\"\u0648\u0642\u062a \u0627\u0644\u0642\u0631\u0627\u0621\u0629 \u0627\u0644\u0645\u064f\u0642\u062f\u0651\u0631\" \/>\n\t<meta name=\"twitter:data2\" content=\"9 \u062f\u0642\u0627\u0626\u0642\" \/>\n<script type=\"application\/ld+json\" class=\"yoast-schema-graph\">{\"@context\":\"https:\\\/\\\/schema.org\",\"@graph\":[{\"@type\":\"Article\",\"@id\":\"https:\\\/\\\/lequotidien.mr\\\/?p=28512&lang=fr#article\",\"isPartOf\":{\"@id\":\"https:\\\/\\\/lequotidien.mr\\\/?p=28512&lang=fr\"},\"author\":{\"name\":\"Med Ahmed\",\"@id\":\"https:\\\/\\\/lequotidien.mr\\\/#\\\/schema\\\/person\\\/d2d350202a4d599685ed8abc25f97596\"},\"headline\":\"Forum 2025 du Fonds de l\u2019OPEP pour le D\u00e9veloppement International : le Pr\u00e9sident El Ghazouani r\u00e9affirme son engagement pour les ODD\",\"datePublished\":\"2025-06-19T21:30:09+00:00\",\"mainEntityOfPage\":{\"@id\":\"https:\\\/\\\/lequotidien.mr\\\/?p=28512&lang=fr\"},\"wordCount\":1384,\"commentCount\":0,\"publisher\":{\"@id\":\"https:\\\/\\\/lequotidien.mr\\\/#organization\"},\"image\":{\"@id\":\"https:\\\/\\\/lequotidien.mr\\\/?p=28512&lang=fr#primaryimage\"},\"thumbnailUrl\":\"https:\\\/\\\/lequotidien.mr\\\/wp-content\\\/uploads\\\/2025\\\/06\\\/photo-Pdt-_-ODD.jpg\",\"articleSection\":[\"ACTUALIT\u00c9\",\"Economie\"],\"inLanguage\":\"ar\",\"potentialAction\":[{\"@type\":\"CommentAction\",\"name\":\"Comment\",\"target\":[\"https:\\\/\\\/lequotidien.mr\\\/?p=28512&lang=fr#respond\"]}]},{\"@type\":\"WebPage\",\"@id\":\"https:\\\/\\\/lequotidien.mr\\\/?p=28512&lang=fr\",\"url\":\"https:\\\/\\\/lequotidien.mr\\\/?p=28512&lang=fr\",\"name\":\"Forum 2025 du Fonds de l\u2019OPEP pour le D\u00e9veloppement International : le Pr\u00e9sident El Ghazouani r\u00e9affirme son engagement pour les ODD - Le Quotidien de Nouakchott\",\"isPartOf\":{\"@id\":\"https:\\\/\\\/lequotidien.mr\\\/#website\"},\"primaryImageOfPage\":{\"@id\":\"https:\\\/\\\/lequotidien.mr\\\/?p=28512&lang=fr#primaryimage\"},\"image\":{\"@id\":\"https:\\\/\\\/lequotidien.mr\\\/?p=28512&lang=fr#primaryimage\"},\"thumbnailUrl\":\"https:\\\/\\\/lequotidien.mr\\\/wp-content\\\/uploads\\\/2025\\\/06\\\/photo-Pdt-_-ODD.jpg\",\"datePublished\":\"2025-06-19T21:30:09+00:00\",\"breadcrumb\":{\"@id\":\"https:\\\/\\\/lequotidien.mr\\\/?p=28512&lang=fr#breadcrumb\"},\"inLanguage\":\"ar\",\"potentialAction\":[{\"@type\":\"ReadAction\",\"target\":[\"https:\\\/\\\/lequotidien.mr\\\/?p=28512&lang=fr\"]}]},{\"@type\":\"ImageObject\",\"inLanguage\":\"ar\",\"@id\":\"https:\\\/\\\/lequotidien.mr\\\/?p=28512&lang=fr#primaryimage\",\"url\":\"https:\\\/\\\/lequotidien.mr\\\/wp-content\\\/uploads\\\/2025\\\/06\\\/photo-Pdt-_-ODD.jpg\",\"contentUrl\":\"https:\\\/\\\/lequotidien.mr\\\/wp-content\\\/uploads\\\/2025\\\/06\\\/photo-Pdt-_-ODD.jpg\",\"width\":750,\"height\":430},{\"@type\":\"BreadcrumbList\",\"@id\":\"https:\\\/\\\/lequotidien.mr\\\/?p=28512&lang=fr#breadcrumb\",\"itemListElement\":[{\"@type\":\"ListItem\",\"position\":1,\"name\":\"Home\",\"item\":\"https:\\\/\\\/lequotidien.mr\\\/\"},{\"@type\":\"ListItem\",\"position\":2,\"name\":\"Forum 2025 du Fonds de l\u2019OPEP pour le D\u00e9veloppement International : le Pr\u00e9sident El Ghazouani r\u00e9affirme son engagement pour les ODD\"}]},{\"@type\":\"WebSite\",\"@id\":\"https:\\\/\\\/lequotidien.mr\\\/#website\",\"url\":\"https:\\\/\\\/lequotidien.mr\\\/\",\"name\":\"Le Quotidien de Nouakchott\",\"description\":\"\u0625\u062e\u0628\u0627\u0631\u064a\u0629 \u0645\u0633\u062a\u0642\u0644\u0629 \u0644\u0644\u0623\u0646\u0628\u0627\u0621 \u0627\u0644\u0639\u0627\u0645\u0629\",\"publisher\":{\"@id\":\"https:\\\/\\\/lequotidien.mr\\\/#organization\"},\"potentialAction\":[{\"@type\":\"SearchAction\",\"target\":{\"@type\":\"EntryPoint\",\"urlTemplate\":\"https:\\\/\\\/lequotidien.mr\\\/?s={search_term_string}\"},\"query-input\":{\"@type\":\"PropertyValueSpecification\",\"valueRequired\":true,\"valueName\":\"search_term_string\"}}],\"inLanguage\":\"ar\"},{\"@type\":\"Organization\",\"@id\":\"https:\\\/\\\/lequotidien.mr\\\/#organization\",\"name\":\"Le Quotidien de Nouakchott\",\"url\":\"https:\\\/\\\/lequotidien.mr\\\/\",\"logo\":{\"@type\":\"ImageObject\",\"inLanguage\":\"ar\",\"@id\":\"https:\\\/\\\/lequotidien.mr\\\/#\\\/schema\\\/logo\\\/image\\\/\",\"url\":\"https:\\\/\\\/lequotidien.mr\\\/wp-content\\\/uploads\\\/2022\\\/11\\\/logolequotidien.jpg\",\"contentUrl\":\"https:\\\/\\\/lequotidien.mr\\\/wp-content\\\/uploads\\\/2022\\\/11\\\/logolequotidien.jpg\",\"width\":290,\"height\":65,\"caption\":\"Le Quotidien de Nouakchott\"},\"image\":{\"@id\":\"https:\\\/\\\/lequotidien.mr\\\/#\\\/schema\\\/logo\\\/image\\\/\"},\"sameAs\":[\"https:\\\/\\\/web.facebook.com\\\/lequotidienmr\",\"https:\\\/\\\/x.com\\\/lequotidienmr\"]},{\"@type\":\"Person\",\"@id\":\"https:\\\/\\\/lequotidien.mr\\\/#\\\/schema\\\/person\\\/d2d350202a4d599685ed8abc25f97596\",\"name\":\"Med Ahmed\",\"image\":{\"@type\":\"ImageObject\",\"inLanguage\":\"ar\",\"@id\":\"https:\\\/\\\/secure.gravatar.com\\\/avatar\\\/fd2acc62ed50732923d1d39c17172c9b04149f142be92310ecc69e1358f94b52?s=96&d=mm&r=g\",\"url\":\"https:\\\/\\\/secure.gravatar.com\\\/avatar\\\/fd2acc62ed50732923d1d39c17172c9b04149f142be92310ecc69e1358f94b52?s=96&d=mm&r=g\",\"contentUrl\":\"https:\\\/\\\/secure.gravatar.com\\\/avatar\\\/fd2acc62ed50732923d1d39c17172c9b04149f142be92310ecc69e1358f94b52?s=96&d=mm&r=g\",\"caption\":\"Med Ahmed\"},\"url\":\"https:\\\/\\\/lequotidien.mr\\\/?author=12\"}]}<\/script>\n<!-- \/ Yoast SEO plugin. -->","yoast_head_json":{"title":"Forum 2025 du Fonds de l\u2019OPEP pour le D\u00e9veloppement International : le Pr\u00e9sident El Ghazouani r\u00e9affirme son engagement pour les ODD - Le Quotidien de Nouakchott","robots":{"index":"index","follow":"follow","max-snippet":"max-snippet:-1","max-image-preview":"max-image-preview:large","max-video-preview":"max-video-preview:-1"},"canonical":"https:\/\/lequotidien.mr\/?p=28512&lang=fr","og_locale":"ar_AR","og_type":"article","og_title":"Forum 2025 du Fonds de l\u2019OPEP pour le D\u00e9veloppement International : le Pr\u00e9sident El Ghazouani r\u00e9affirme son engagement pour les ODD - Le Quotidien de Nouakchott","og_description":"Dans un discours prononc\u00e9 ce mardi \u00e0 l\u2019occasion de l\u2019ouverture du\u00a0Forum 2025 du Fonds de l\u2019OPEP pour le D\u00e9veloppement International (OFID), le Pr\u00e9sident,\u00a0Mohamed Cheikh El Ghazouani, a r\u00e9affirm\u00e9 avec force l\u2019engagement de son pays en faveur de la coop\u00e9ration internationale et des Objectifs de D\u00e9veloppement Durable (ODD). Face aux repr\u00e9sentants internationaux r\u00e9unis dans la capitale.....","og_url":"https:\/\/lequotidien.mr\/?p=28512&lang=fr","og_site_name":"Le Quotidien de Nouakchott","article_publisher":"https:\/\/web.facebook.com\/lequotidienmr","article_published_time":"2025-06-19T21:30:09+00:00","og_image":[{"width":750,"height":430,"url":"https:\/\/lequotidien.mr\/wp-content\/uploads\/2025\/06\/photo-Pdt-_-ODD.jpg","type":"image\/jpeg"}],"author":"Med Ahmed","twitter_card":"summary_large_image","twitter_creator":"@lequotidienmr","twitter_site":"@lequotidienmr","twitter_misc":{"\u0643\u064f\u062a\u0628 \u0628\u0648\u0627\u0633\u0637\u0629":"Med Ahmed","\u0648\u0642\u062a \u0627\u0644\u0642\u0631\u0627\u0621\u0629 \u0627\u0644\u0645\u064f\u0642\u062f\u0651\u0631":"9 \u062f\u0642\u0627\u0626\u0642"},"schema":{"@context":"https:\/\/schema.org","@graph":[{"@type":"Article","@id":"https:\/\/lequotidien.mr\/?p=28512&lang=fr#article","isPartOf":{"@id":"https:\/\/lequotidien.mr\/?p=28512&lang=fr"},"author":{"name":"Med Ahmed","@id":"https:\/\/lequotidien.mr\/#\/schema\/person\/d2d350202a4d599685ed8abc25f97596"},"headline":"Forum 2025 du Fonds de l\u2019OPEP pour le D\u00e9veloppement International : le Pr\u00e9sident El Ghazouani r\u00e9affirme son engagement pour les ODD","datePublished":"2025-06-19T21:30:09+00:00","mainEntityOfPage":{"@id":"https:\/\/lequotidien.mr\/?p=28512&lang=fr"},"wordCount":1384,"commentCount":0,"publisher":{"@id":"https:\/\/lequotidien.mr\/#organization"},"image":{"@id":"https:\/\/lequotidien.mr\/?p=28512&lang=fr#primaryimage"},"thumbnailUrl":"https:\/\/lequotidien.mr\/wp-content\/uploads\/2025\/06\/photo-Pdt-_-ODD.jpg","articleSection":["ACTUALIT\u00c9","Economie"],"inLanguage":"ar","potentialAction":[{"@type":"CommentAction","name":"Comment","target":["https:\/\/lequotidien.mr\/?p=28512&lang=fr#respond"]}]},{"@type":"WebPage","@id":"https:\/\/lequotidien.mr\/?p=28512&lang=fr","url":"https:\/\/lequotidien.mr\/?p=28512&lang=fr","name":"Forum 2025 du Fonds de l\u2019OPEP pour le D\u00e9veloppement International : le Pr\u00e9sident El Ghazouani r\u00e9affirme son engagement pour les ODD - Le Quotidien de Nouakchott","isPartOf":{"@id":"https:\/\/lequotidien.mr\/#website"},"primaryImageOfPage":{"@id":"https:\/\/lequotidien.mr\/?p=28512&lang=fr#primaryimage"},"image":{"@id":"https:\/\/lequotidien.mr\/?p=28512&lang=fr#primaryimage"},"thumbnailUrl":"https:\/\/lequotidien.mr\/wp-content\/uploads\/2025\/06\/photo-Pdt-_-ODD.jpg","datePublished":"2025-06-19T21:30:09+00:00","breadcrumb":{"@id":"https:\/\/lequotidien.mr\/?p=28512&lang=fr#breadcrumb"},"inLanguage":"ar","potentialAction":[{"@type":"ReadAction","target":["https:\/\/lequotidien.mr\/?p=28512&lang=fr"]}]},{"@type":"ImageObject","inLanguage":"ar","@id":"https:\/\/lequotidien.mr\/?p=28512&lang=fr#primaryimage","url":"https:\/\/lequotidien.mr\/wp-content\/uploads\/2025\/06\/photo-Pdt-_-ODD.jpg","contentUrl":"https:\/\/lequotidien.mr\/wp-content\/uploads\/2025\/06\/photo-Pdt-_-ODD.jpg","width":750,"height":430},{"@type":"BreadcrumbList","@id":"https:\/\/lequotidien.mr\/?p=28512&lang=fr#breadcrumb","itemListElement":[{"@type":"ListItem","position":1,"name":"Home","item":"https:\/\/lequotidien.mr\/"},{"@type":"ListItem","position":2,"name":"Forum 2025 du Fonds de l\u2019OPEP pour le D\u00e9veloppement International : le Pr\u00e9sident El Ghazouani r\u00e9affirme son engagement pour les ODD"}]},{"@type":"WebSite","@id":"https:\/\/lequotidien.mr\/#website","url":"https:\/\/lequotidien.mr\/","name":"Le Quotidien de Nouakchott","description":"\u0625\u062e\u0628\u0627\u0631\u064a\u0629 \u0645\u0633\u062a\u0642\u0644\u0629 \u0644\u0644\u0623\u0646\u0628\u0627\u0621 \u0627\u0644\u0639\u0627\u0645\u0629","publisher":{"@id":"https:\/\/lequotidien.mr\/#organization"},"potentialAction":[{"@type":"SearchAction","target":{"@type":"EntryPoint","urlTemplate":"https:\/\/lequotidien.mr\/?s={search_term_string}"},"query-input":{"@type":"PropertyValueSpecification","valueRequired":true,"valueName":"search_term_string"}}],"inLanguage":"ar"},{"@type":"Organization","@id":"https:\/\/lequotidien.mr\/#organization","name":"Le Quotidien de Nouakchott","url":"https:\/\/lequotidien.mr\/","logo":{"@type":"ImageObject","inLanguage":"ar","@id":"https:\/\/lequotidien.mr\/#\/schema\/logo\/image\/","url":"https:\/\/lequotidien.mr\/wp-content\/uploads\/2022\/11\/logolequotidien.jpg","contentUrl":"https:\/\/lequotidien.mr\/wp-content\/uploads\/2022\/11\/logolequotidien.jpg","width":290,"height":65,"caption":"Le Quotidien de Nouakchott"},"image":{"@id":"https:\/\/lequotidien.mr\/#\/schema\/logo\/image\/"},"sameAs":["https:\/\/web.facebook.com\/lequotidienmr","https:\/\/x.com\/lequotidienmr"]},{"@type":"Person","@id":"https:\/\/lequotidien.mr\/#\/schema\/person\/d2d350202a4d599685ed8abc25f97596","name":"Med Ahmed","image":{"@type":"ImageObject","inLanguage":"ar","@id":"https:\/\/secure.gravatar.com\/avatar\/fd2acc62ed50732923d1d39c17172c9b04149f142be92310ecc69e1358f94b52?s=96&d=mm&r=g","url":"https:\/\/secure.gravatar.com\/avatar\/fd2acc62ed50732923d1d39c17172c9b04149f142be92310ecc69e1358f94b52?s=96&d=mm&r=g","contentUrl":"https:\/\/secure.gravatar.com\/avatar\/fd2acc62ed50732923d1d39c17172c9b04149f142be92310ecc69e1358f94b52?s=96&d=mm&r=g","caption":"Med Ahmed"},"url":"https:\/\/lequotidien.mr\/?author=12"}]}},"_links":{"self":[{"href":"https:\/\/lequotidien.mr\/index.php?rest_route=\/wp\/v2\/posts\/28512","targetHints":{"allow":["GET"]}}],"collection":[{"href":"https:\/\/lequotidien.mr\/index.php?rest_route=\/wp\/v2\/posts"}],"about":[{"href":"https:\/\/lequotidien.mr\/index.php?rest_route=\/wp\/v2\/types\/post"}],"author":[{"embeddable":true,"href":"https:\/\/lequotidien.mr\/index.php?rest_route=\/wp\/v2\/users\/12"}],"replies":[{"embeddable":true,"href":"https:\/\/lequotidien.mr\/index.php?rest_route=%2Fwp%2Fv2%2Fcomments&post=28512"}],"version-history":[{"count":1,"href":"https:\/\/lequotidien.mr\/index.php?rest_route=\/wp\/v2\/posts\/28512\/revisions"}],"predecessor-version":[{"id":28515,"href":"https:\/\/lequotidien.mr\/index.php?rest_route=\/wp\/v2\/posts\/28512\/revisions\/28515"}],"wp:featuredmedia":[{"embeddable":true,"href":"https:\/\/lequotidien.mr\/index.php?rest_route=\/wp\/v2\/media\/28514"}],"wp:attachment":[{"href":"https:\/\/lequotidien.mr\/index.php?rest_route=%2Fwp%2Fv2%2Fmedia&parent=28512"}],"wp:term":[{"taxonomy":"category","embeddable":true,"href":"https:\/\/lequotidien.mr\/index.php?rest_route=%2Fwp%2Fv2%2Fcategories&post=28512"},{"taxonomy":"post_tag","embeddable":true,"href":"https:\/\/lequotidien.mr\/index.php?rest_route=%2Fwp%2Fv2%2Ftags&post=28512"}],"curies":[{"name":"wp","href":"https:\/\/api.w.org\/{rel}","templated":true}]}}