{"id":28364,"date":"2025-06-12T19:51:31","date_gmt":"2025-06-12T19:51:31","guid":{"rendered":"https:\/\/lequotidien.mr\/?p=28364"},"modified":"2025-06-12T19:51:31","modified_gmt":"2025-06-12T19:51:31","slug":"ouverture-du-forum-sur-la-cooperation-afrique-chine-a-changsha-une-nouvelle-etape-dans-le-partenariat-strategique-sino-africain","status":"publish","type":"post","link":"https:\/\/lequotidien.mr\/?p=28364&lang=fr","title":{"rendered":"Ouverture du Forum sur la coop\u00e9ration Afrique-Chine \u00e0 Changsha : Une nouvelle \u00e9tape dans le partenariat strat\u00e9gique sino-africain"},"content":{"rendered":"<p>Le Forum sur la coop\u00e9ration Afrique-Chine (FOCAC) s\u2019est officiellement ouvert, mercredi dernier, \u00e0 Changsha, en R\u00e9publique populaire de Chine, marquant une nouvelle phase de renforcement des liens entre le continent africain et la deuxi\u00e8me puissance \u00e9conomique mondiale. \u00c0 cette occasion, le ministre mauritanien de l\u2019\u00c9conomie et des Finances, M. Sid\u2019Ahmed Bouh, a salu\u00e9 une plateforme \u00ab\u00a0r\u00e9elle et concr\u00e8te pour relever ensemble les d\u00e9fis du d\u00e9veloppement durable et \u00e9quitable\u00a0\u00bb.<\/p>\n<p data-start=\"636\" data-end=\"1156\">Dans son intervention lors de la r\u00e9union minist\u00e9rielle des coordinateurs charg\u00e9s du suivi des mesures adopt\u00e9es lors du pr\u00e9c\u00e9dent sommet du FOCAC, M. Bouh a mis en avant l\u2019importance de cette coop\u00e9ration, fond\u00e9e sur une approche \u00ab\u00a0amicale, pratique et constructive\u00a0\u00bb. Il a soulign\u00e9 que le Forum couvre des domaines cruciaux tels que le commerce, l&#8217;industrie, les infrastructures, la sant\u00e9, l&#8217;agriculture, la s\u00e9curit\u00e9, la culture, la formation et le d\u00e9veloppement vert, offrant ainsi une r\u00e9ponse globale aux d\u00e9fis actuels.<\/p>\n<p data-start=\"1158\" data-end=\"1523\">Le ministre a rappel\u00e9 que la Mauritanie et la Chine c\u00e9l\u00e8brent cette ann\u00e9e 60 ans de relations diplomatiques. \u00ab\u00a0Nos deux pays ont toujours entretenu une amiti\u00e9 solide, fond\u00e9e sur la confiance mutuelle et une coop\u00e9ration fructueuse\u00a0\u00bb, a-t-il indiqu\u00e9, notant que la Chine a accompagn\u00e9 la Mauritanie dans plusieurs projets structurants et vitaux pour son d\u00e9veloppement.<\/p>\n<p data-start=\"1158\" data-end=\"1523\">M. Bouh a \u00e9galement salu\u00e9 la vision du pr\u00e9sident mauritanien Mohamed Ould Cheikh El Ghazouani, soulignant les efforts entrepris pour b\u00e2tir une \u00e9conomie diversifi\u00e9e, \u00e9mergente et r\u00e9siliente, en partenariat avec des acteurs internationaux comme la Chine.<\/p>\n<p data-start=\"1779\" data-end=\"2198\">Lors du pr\u00e9c\u00e9dent Sommet des chefs d\u2019\u00c9tat et de gouvernement du FOCAC, tenu en septembre 2024 \u00e0 P\u00e9kin, le pr\u00e9sident chinois Xi Jinping avait pr\u00e9sent\u00e9 une feuille de route ambitieuse pour la p\u00e9riode 2025-2027. Cette nouvelle phase de coop\u00e9ration met l\u2019accent sur le d\u00e9veloppement mutuellement b\u00e9n\u00e9fique, la croissance partag\u00e9e et une plus grande int\u00e9gration des \u00e9conomies africaines dans les cha\u00eenes de valeur mondiales.<\/p>\n<p data-start=\"2200\" data-end=\"2459\">Face aux bouleversements g\u00e9opolitiques et \u00e9conomiques actuels, M. Bouh a appel\u00e9 \u00e0 un effort collectif pour pr\u00e9server la coop\u00e9ration multilat\u00e9rale et les principes d\u2019un libre-\u00e9change \u00e9quitable, dans le respect des r\u00e8gles de l\u2019Organisation mondiale du commerce.<\/p>\n<p data-start=\"2461\" data-end=\"2927\">La d\u00e9l\u00e9gation mauritanienne, conduite par M. Bouh, comprenait \u00e9galement plusieurs hauts responsables, dont M. Mohamed Abdallahi Vilali, ambassadeur en Chine, M. Ahmed Mahmouden, directeur g\u00e9n\u00e9ral de la coop\u00e9ration multilat\u00e9rale au minist\u00e8re des Affaires \u00e9trang\u00e8res, M. Mamadou El Moustapha Diakhate, directeur de l\u2019Union africaine et des organisations r\u00e9gionales, ainsi que M. Moustapha Sidi Mohamed, conseiller \u00e9conomique au minist\u00e8re de l\u2019\u00c9conomie et des Finances.<\/p>\n<p data-start=\"2929\" data-end=\"3175\">Le ministre a conclu son discours en remerciant chaleureusement le gouvernement et le peuple chinois pour leur accueil dans la ville de Changsha, soulignant que cette hospitalit\u00e9 illustre une fois de plus la solidit\u00e9 du partenariat sino-africain.<\/p>\n","protected":false},"excerpt":{"rendered":"<p>Le Forum sur la coop\u00e9ration Afrique-Chine (FOCAC) s\u2019est officiellement ouvert, mercredi dernier, \u00e0 Changsha, en R\u00e9publique populaire de Chine, marquant une nouvelle phase de renforcement des liens entre le continent africain et la deuxi\u00e8me puissance \u00e9conomique mondiale. \u00c0 cette occasion, le ministre mauritanien de l\u2019\u00c9conomie et des Finances, M. Sid\u2019Ahmed Bouh, a salu\u00e9 une plateforme&#8230;..<\/p>\n","protected":false},"author":12,"featured_media":28365,"comment_status":"open","ping_status":"open","sticky":false,"template":"","format":"standard","meta":{"footnotes":""},"categories":[23,49],"tags":[],"class_list":["post-28364","post","type-post","status-publish","format-standard","has-post-thumbnail","hentry","category-actualite","category-economie"],"yoast_head":"<!-- This site is optimized with the Yoast SEO plugin v27.5 - https:\/\/yoast.com\/product\/yoast-seo-wordpress\/ -->\n<title>Ouverture du Forum sur la coop\u00e9ration Afrique-Chine \u00e0 Changsha : Une nouvelle \u00e9tape dans le partenariat strat\u00e9gique sino-africain - Le Quotidien de Nouakchott<\/title>\n<meta name=\"robots\" content=\"index, follow, max-snippet:-1, max-image-preview:large, max-video-preview:-1\" \/>\n<link rel=\"canonical\" href=\"https:\/\/lequotidien.mr\/?p=28364&lang=fr\" \/>\n<meta property=\"og:locale\" content=\"ar_AR\" \/>\n<meta property=\"og:type\" content=\"article\" \/>\n<meta property=\"og:title\" content=\"Ouverture du Forum sur la coop\u00e9ration Afrique-Chine \u00e0 Changsha : Une nouvelle \u00e9tape dans le partenariat strat\u00e9gique sino-africain - Le Quotidien de Nouakchott\" \/>\n<meta property=\"og:description\" content=\"Le Forum sur la coop\u00e9ration Afrique-Chine (FOCAC) s\u2019est officiellement ouvert, mercredi dernier, \u00e0 Changsha, en R\u00e9publique populaire de Chine, marquant une nouvelle phase de renforcement des liens entre le continent africain et la deuxi\u00e8me puissance \u00e9conomique mondiale. \u00c0 cette occasion, le ministre mauritanien de l\u2019\u00c9conomie et des Finances, M. Sid\u2019Ahmed Bouh, a salu\u00e9 une plateforme.....\" \/>\n<meta property=\"og:url\" content=\"https:\/\/lequotidien.mr\/?p=28364&amp;lang=fr\" \/>\n<meta property=\"og:site_name\" content=\"Le Quotidien de Nouakchott\" \/>\n<meta property=\"article:publisher\" content=\"https:\/\/web.facebook.com\/lequotidienmr\" \/>\n<meta property=\"article:published_time\" content=\"2025-06-12T19:51:31+00:00\" \/>\n<meta property=\"og:image\" content=\"https:\/\/lequotidien.mr\/wp-content\/uploads\/2025\/06\/photo-reunion-mnistrielle-Sino-Africaine.jpg\" \/>\n\t<meta property=\"og:image:width\" content=\"750\" \/>\n\t<meta property=\"og:image:height\" content=\"430\" \/>\n\t<meta property=\"og:image:type\" content=\"image\/jpeg\" \/>\n<meta name=\"author\" content=\"Med Ahmed\" \/>\n<meta name=\"twitter:card\" content=\"summary_large_image\" \/>\n<meta name=\"twitter:creator\" content=\"@lequotidienmr\" \/>\n<meta name=\"twitter:site\" content=\"@lequotidienmr\" \/>\n<meta name=\"twitter:label1\" content=\"\u0643\u064f\u062a\u0628 \u0628\u0648\u0627\u0633\u0637\u0629\" \/>\n\t<meta name=\"twitter:data1\" content=\"Med Ahmed\" \/>\n\t<meta name=\"twitter:label2\" content=\"\u0648\u0642\u062a \u0627\u0644\u0642\u0631\u0627\u0621\u0629 \u0627\u0644\u0645\u064f\u0642\u062f\u0651\u0631\" \/>\n\t<meta name=\"twitter:data2\" content=\"4 \u062f\u0642\u0627\u0626\u0642\" \/>\n<script type=\"application\/ld+json\" class=\"yoast-schema-graph\">{\"@context\":\"https:\\\/\\\/schema.org\",\"@graph\":[{\"@type\":\"Article\",\"@id\":\"https:\\\/\\\/lequotidien.mr\\\/?p=28364&lang=fr#article\",\"isPartOf\":{\"@id\":\"https:\\\/\\\/lequotidien.mr\\\/?p=28364&lang=fr\"},\"author\":{\"name\":\"Med Ahmed\",\"@id\":\"https:\\\/\\\/lequotidien.mr\\\/#\\\/schema\\\/person\\\/d2d350202a4d599685ed8abc25f97596\"},\"headline\":\"Ouverture du Forum sur la coop\u00e9ration Afrique-Chine \u00e0 Changsha : Une nouvelle \u00e9tape dans le partenariat strat\u00e9gique sino-africain\",\"datePublished\":\"2025-06-12T19:51:31+00:00\",\"mainEntityOfPage\":{\"@id\":\"https:\\\/\\\/lequotidien.mr\\\/?p=28364&lang=fr\"},\"wordCount\":517,\"commentCount\":0,\"publisher\":{\"@id\":\"https:\\\/\\\/lequotidien.mr\\\/#organization\"},\"image\":{\"@id\":\"https:\\\/\\\/lequotidien.mr\\\/?p=28364&lang=fr#primaryimage\"},\"thumbnailUrl\":\"https:\\\/\\\/lequotidien.mr\\\/wp-content\\\/uploads\\\/2025\\\/06\\\/photo-reunion-mnistrielle-Sino-Africaine.jpg\",\"articleSection\":[\"ACTUALIT\u00c9\",\"Economie\"],\"inLanguage\":\"ar\",\"potentialAction\":[{\"@type\":\"CommentAction\",\"name\":\"Comment\",\"target\":[\"https:\\\/\\\/lequotidien.mr\\\/?p=28364&lang=fr#respond\"]}]},{\"@type\":\"WebPage\",\"@id\":\"https:\\\/\\\/lequotidien.mr\\\/?p=28364&lang=fr\",\"url\":\"https:\\\/\\\/lequotidien.mr\\\/?p=28364&lang=fr\",\"name\":\"Ouverture du Forum sur la coop\u00e9ration Afrique-Chine \u00e0 Changsha : Une nouvelle \u00e9tape dans le partenariat strat\u00e9gique sino-africain - Le Quotidien de Nouakchott\",\"isPartOf\":{\"@id\":\"https:\\\/\\\/lequotidien.mr\\\/#website\"},\"primaryImageOfPage\":{\"@id\":\"https:\\\/\\\/lequotidien.mr\\\/?p=28364&lang=fr#primaryimage\"},\"image\":{\"@id\":\"https:\\\/\\\/lequotidien.mr\\\/?p=28364&lang=fr#primaryimage\"},\"thumbnailUrl\":\"https:\\\/\\\/lequotidien.mr\\\/wp-content\\\/uploads\\\/2025\\\/06\\\/photo-reunion-mnistrielle-Sino-Africaine.jpg\",\"datePublished\":\"2025-06-12T19:51:31+00:00\",\"breadcrumb\":{\"@id\":\"https:\\\/\\\/lequotidien.mr\\\/?p=28364&lang=fr#breadcrumb\"},\"inLanguage\":\"ar\",\"potentialAction\":[{\"@type\":\"ReadAction\",\"target\":[\"https:\\\/\\\/lequotidien.mr\\\/?p=28364&lang=fr\"]}]},{\"@type\":\"ImageObject\",\"inLanguage\":\"ar\",\"@id\":\"https:\\\/\\\/lequotidien.mr\\\/?p=28364&lang=fr#primaryimage\",\"url\":\"https:\\\/\\\/lequotidien.mr\\\/wp-content\\\/uploads\\\/2025\\\/06\\\/photo-reunion-mnistrielle-Sino-Africaine.jpg\",\"contentUrl\":\"https:\\\/\\\/lequotidien.mr\\\/wp-content\\\/uploads\\\/2025\\\/06\\\/photo-reunion-mnistrielle-Sino-Africaine.jpg\",\"width\":750,\"height\":430},{\"@type\":\"BreadcrumbList\",\"@id\":\"https:\\\/\\\/lequotidien.mr\\\/?p=28364&lang=fr#breadcrumb\",\"itemListElement\":[{\"@type\":\"ListItem\",\"position\":1,\"name\":\"Home\",\"item\":\"https:\\\/\\\/lequotidien.mr\\\/\"},{\"@type\":\"ListItem\",\"position\":2,\"name\":\"Ouverture du Forum sur la coop\u00e9ration Afrique-Chine \u00e0 Changsha : Une nouvelle \u00e9tape dans le partenariat strat\u00e9gique sino-africain\"}]},{\"@type\":\"WebSite\",\"@id\":\"https:\\\/\\\/lequotidien.mr\\\/#website\",\"url\":\"https:\\\/\\\/lequotidien.mr\\\/\",\"name\":\"Le Quotidien de Nouakchott\",\"description\":\"\u0625\u062e\u0628\u0627\u0631\u064a\u0629 \u0645\u0633\u062a\u0642\u0644\u0629 \u0644\u0644\u0623\u0646\u0628\u0627\u0621 \u0627\u0644\u0639\u0627\u0645\u0629\",\"publisher\":{\"@id\":\"https:\\\/\\\/lequotidien.mr\\\/#organization\"},\"potentialAction\":[{\"@type\":\"SearchAction\",\"target\":{\"@type\":\"EntryPoint\",\"urlTemplate\":\"https:\\\/\\\/lequotidien.mr\\\/?s={search_term_string}\"},\"query-input\":{\"@type\":\"PropertyValueSpecification\",\"valueRequired\":true,\"valueName\":\"search_term_string\"}}],\"inLanguage\":\"ar\"},{\"@type\":\"Organization\",\"@id\":\"https:\\\/\\\/lequotidien.mr\\\/#organization\",\"name\":\"Le Quotidien de Nouakchott\",\"url\":\"https:\\\/\\\/lequotidien.mr\\\/\",\"logo\":{\"@type\":\"ImageObject\",\"inLanguage\":\"ar\",\"@id\":\"https:\\\/\\\/lequotidien.mr\\\/#\\\/schema\\\/logo\\\/image\\\/\",\"url\":\"https:\\\/\\\/lequotidien.mr\\\/wp-content\\\/uploads\\\/2022\\\/11\\\/logolequotidien.jpg\",\"contentUrl\":\"https:\\\/\\\/lequotidien.mr\\\/wp-content\\\/uploads\\\/2022\\\/11\\\/logolequotidien.jpg\",\"width\":290,\"height\":65,\"caption\":\"Le Quotidien de Nouakchott\"},\"image\":{\"@id\":\"https:\\\/\\\/lequotidien.mr\\\/#\\\/schema\\\/logo\\\/image\\\/\"},\"sameAs\":[\"https:\\\/\\\/web.facebook.com\\\/lequotidienmr\",\"https:\\\/\\\/x.com\\\/lequotidienmr\"]},{\"@type\":\"Person\",\"@id\":\"https:\\\/\\\/lequotidien.mr\\\/#\\\/schema\\\/person\\\/d2d350202a4d599685ed8abc25f97596\",\"name\":\"Med Ahmed\",\"image\":{\"@type\":\"ImageObject\",\"inLanguage\":\"ar\",\"@id\":\"https:\\\/\\\/secure.gravatar.com\\\/avatar\\\/fd2acc62ed50732923d1d39c17172c9b04149f142be92310ecc69e1358f94b52?s=96&d=mm&r=g\",\"url\":\"https:\\\/\\\/secure.gravatar.com\\\/avatar\\\/fd2acc62ed50732923d1d39c17172c9b04149f142be92310ecc69e1358f94b52?s=96&d=mm&r=g\",\"contentUrl\":\"https:\\\/\\\/secure.gravatar.com\\\/avatar\\\/fd2acc62ed50732923d1d39c17172c9b04149f142be92310ecc69e1358f94b52?s=96&d=mm&r=g\",\"caption\":\"Med Ahmed\"},\"url\":\"https:\\\/\\\/lequotidien.mr\\\/?author=12\"}]}<\/script>\n<!-- \/ Yoast SEO plugin. -->","yoast_head_json":{"title":"Ouverture du Forum sur la coop\u00e9ration Afrique-Chine \u00e0 Changsha : Une nouvelle \u00e9tape dans le partenariat strat\u00e9gique sino-africain - Le Quotidien de Nouakchott","robots":{"index":"index","follow":"follow","max-snippet":"max-snippet:-1","max-image-preview":"max-image-preview:large","max-video-preview":"max-video-preview:-1"},"canonical":"https:\/\/lequotidien.mr\/?p=28364&lang=fr","og_locale":"ar_AR","og_type":"article","og_title":"Ouverture du Forum sur la coop\u00e9ration Afrique-Chine \u00e0 Changsha : Une nouvelle \u00e9tape dans le partenariat strat\u00e9gique sino-africain - Le Quotidien de Nouakchott","og_description":"Le Forum sur la coop\u00e9ration Afrique-Chine (FOCAC) s\u2019est officiellement ouvert, mercredi dernier, \u00e0 Changsha, en R\u00e9publique populaire de Chine, marquant une nouvelle phase de renforcement des liens entre le continent africain et la deuxi\u00e8me puissance \u00e9conomique mondiale. \u00c0 cette occasion, le ministre mauritanien de l\u2019\u00c9conomie et des Finances, M. Sid\u2019Ahmed Bouh, a salu\u00e9 une plateforme.....","og_url":"https:\/\/lequotidien.mr\/?p=28364&lang=fr","og_site_name":"Le Quotidien de Nouakchott","article_publisher":"https:\/\/web.facebook.com\/lequotidienmr","article_published_time":"2025-06-12T19:51:31+00:00","og_image":[{"width":750,"height":430,"url":"https:\/\/lequotidien.mr\/wp-content\/uploads\/2025\/06\/photo-reunion-mnistrielle-Sino-Africaine.jpg","type":"image\/jpeg"}],"author":"Med Ahmed","twitter_card":"summary_large_image","twitter_creator":"@lequotidienmr","twitter_site":"@lequotidienmr","twitter_misc":{"\u0643\u064f\u062a\u0628 \u0628\u0648\u0627\u0633\u0637\u0629":"Med Ahmed","\u0648\u0642\u062a \u0627\u0644\u0642\u0631\u0627\u0621\u0629 \u0627\u0644\u0645\u064f\u0642\u062f\u0651\u0631":"4 \u062f\u0642\u0627\u0626\u0642"},"schema":{"@context":"https:\/\/schema.org","@graph":[{"@type":"Article","@id":"https:\/\/lequotidien.mr\/?p=28364&lang=fr#article","isPartOf":{"@id":"https:\/\/lequotidien.mr\/?p=28364&lang=fr"},"author":{"name":"Med Ahmed","@id":"https:\/\/lequotidien.mr\/#\/schema\/person\/d2d350202a4d599685ed8abc25f97596"},"headline":"Ouverture du Forum sur la coop\u00e9ration Afrique-Chine \u00e0 Changsha : Une nouvelle \u00e9tape dans le partenariat strat\u00e9gique sino-africain","datePublished":"2025-06-12T19:51:31+00:00","mainEntityOfPage":{"@id":"https:\/\/lequotidien.mr\/?p=28364&lang=fr"},"wordCount":517,"commentCount":0,"publisher":{"@id":"https:\/\/lequotidien.mr\/#organization"},"image":{"@id":"https:\/\/lequotidien.mr\/?p=28364&lang=fr#primaryimage"},"thumbnailUrl":"https:\/\/lequotidien.mr\/wp-content\/uploads\/2025\/06\/photo-reunion-mnistrielle-Sino-Africaine.jpg","articleSection":["ACTUALIT\u00c9","Economie"],"inLanguage":"ar","potentialAction":[{"@type":"CommentAction","name":"Comment","target":["https:\/\/lequotidien.mr\/?p=28364&lang=fr#respond"]}]},{"@type":"WebPage","@id":"https:\/\/lequotidien.mr\/?p=28364&lang=fr","url":"https:\/\/lequotidien.mr\/?p=28364&lang=fr","name":"Ouverture du Forum sur la coop\u00e9ration Afrique-Chine \u00e0 Changsha : Une nouvelle \u00e9tape dans le partenariat strat\u00e9gique sino-africain - Le Quotidien de Nouakchott","isPartOf":{"@id":"https:\/\/lequotidien.mr\/#website"},"primaryImageOfPage":{"@id":"https:\/\/lequotidien.mr\/?p=28364&lang=fr#primaryimage"},"image":{"@id":"https:\/\/lequotidien.mr\/?p=28364&lang=fr#primaryimage"},"thumbnailUrl":"https:\/\/lequotidien.mr\/wp-content\/uploads\/2025\/06\/photo-reunion-mnistrielle-Sino-Africaine.jpg","datePublished":"2025-06-12T19:51:31+00:00","breadcrumb":{"@id":"https:\/\/lequotidien.mr\/?p=28364&lang=fr#breadcrumb"},"inLanguage":"ar","potentialAction":[{"@type":"ReadAction","target":["https:\/\/lequotidien.mr\/?p=28364&lang=fr"]}]},{"@type":"ImageObject","inLanguage":"ar","@id":"https:\/\/lequotidien.mr\/?p=28364&lang=fr#primaryimage","url":"https:\/\/lequotidien.mr\/wp-content\/uploads\/2025\/06\/photo-reunion-mnistrielle-Sino-Africaine.jpg","contentUrl":"https:\/\/lequotidien.mr\/wp-content\/uploads\/2025\/06\/photo-reunion-mnistrielle-Sino-Africaine.jpg","width":750,"height":430},{"@type":"BreadcrumbList","@id":"https:\/\/lequotidien.mr\/?p=28364&lang=fr#breadcrumb","itemListElement":[{"@type":"ListItem","position":1,"name":"Home","item":"https:\/\/lequotidien.mr\/"},{"@type":"ListItem","position":2,"name":"Ouverture du Forum sur la coop\u00e9ration Afrique-Chine \u00e0 Changsha : Une nouvelle \u00e9tape dans le partenariat strat\u00e9gique sino-africain"}]},{"@type":"WebSite","@id":"https:\/\/lequotidien.mr\/#website","url":"https:\/\/lequotidien.mr\/","name":"Le Quotidien de Nouakchott","description":"\u0625\u062e\u0628\u0627\u0631\u064a\u0629 \u0645\u0633\u062a\u0642\u0644\u0629 \u0644\u0644\u0623\u0646\u0628\u0627\u0621 \u0627\u0644\u0639\u0627\u0645\u0629","publisher":{"@id":"https:\/\/lequotidien.mr\/#organization"},"potentialAction":[{"@type":"SearchAction","target":{"@type":"EntryPoint","urlTemplate":"https:\/\/lequotidien.mr\/?s={search_term_string}"},"query-input":{"@type":"PropertyValueSpecification","valueRequired":true,"valueName":"search_term_string"}}],"inLanguage":"ar"},{"@type":"Organization","@id":"https:\/\/lequotidien.mr\/#organization","name":"Le Quotidien de Nouakchott","url":"https:\/\/lequotidien.mr\/","logo":{"@type":"ImageObject","inLanguage":"ar","@id":"https:\/\/lequotidien.mr\/#\/schema\/logo\/image\/","url":"https:\/\/lequotidien.mr\/wp-content\/uploads\/2022\/11\/logolequotidien.jpg","contentUrl":"https:\/\/lequotidien.mr\/wp-content\/uploads\/2022\/11\/logolequotidien.jpg","width":290,"height":65,"caption":"Le Quotidien de Nouakchott"},"image":{"@id":"https:\/\/lequotidien.mr\/#\/schema\/logo\/image\/"},"sameAs":["https:\/\/web.facebook.com\/lequotidienmr","https:\/\/x.com\/lequotidienmr"]},{"@type":"Person","@id":"https:\/\/lequotidien.mr\/#\/schema\/person\/d2d350202a4d599685ed8abc25f97596","name":"Med Ahmed","image":{"@type":"ImageObject","inLanguage":"ar","@id":"https:\/\/secure.gravatar.com\/avatar\/fd2acc62ed50732923d1d39c17172c9b04149f142be92310ecc69e1358f94b52?s=96&d=mm&r=g","url":"https:\/\/secure.gravatar.com\/avatar\/fd2acc62ed50732923d1d39c17172c9b04149f142be92310ecc69e1358f94b52?s=96&d=mm&r=g","contentUrl":"https:\/\/secure.gravatar.com\/avatar\/fd2acc62ed50732923d1d39c17172c9b04149f142be92310ecc69e1358f94b52?s=96&d=mm&r=g","caption":"Med Ahmed"},"url":"https:\/\/lequotidien.mr\/?author=12"}]}},"_links":{"self":[{"href":"https:\/\/lequotidien.mr\/index.php?rest_route=\/wp\/v2\/posts\/28364","targetHints":{"allow":["GET"]}}],"collection":[{"href":"https:\/\/lequotidien.mr\/index.php?rest_route=\/wp\/v2\/posts"}],"about":[{"href":"https:\/\/lequotidien.mr\/index.php?rest_route=\/wp\/v2\/types\/post"}],"author":[{"embeddable":true,"href":"https:\/\/lequotidien.mr\/index.php?rest_route=\/wp\/v2\/users\/12"}],"replies":[{"embeddable":true,"href":"https:\/\/lequotidien.mr\/index.php?rest_route=%2Fwp%2Fv2%2Fcomments&post=28364"}],"version-history":[{"count":1,"href":"https:\/\/lequotidien.mr\/index.php?rest_route=\/wp\/v2\/posts\/28364\/revisions"}],"predecessor-version":[{"id":28366,"href":"https:\/\/lequotidien.mr\/index.php?rest_route=\/wp\/v2\/posts\/28364\/revisions\/28366"}],"wp:featuredmedia":[{"embeddable":true,"href":"https:\/\/lequotidien.mr\/index.php?rest_route=\/wp\/v2\/media\/28365"}],"wp:attachment":[{"href":"https:\/\/lequotidien.mr\/index.php?rest_route=%2Fwp%2Fv2%2Fmedia&parent=28364"}],"wp:term":[{"taxonomy":"category","embeddable":true,"href":"https:\/\/lequotidien.mr\/index.php?rest_route=%2Fwp%2Fv2%2Fcategories&post=28364"},{"taxonomy":"post_tag","embeddable":true,"href":"https:\/\/lequotidien.mr\/index.php?rest_route=%2Fwp%2Fv2%2Ftags&post=28364"}],"curies":[{"name":"wp","href":"https:\/\/api.w.org\/{rel}","templated":true}]}}