{"id":28361,"date":"2025-06-12T19:26:54","date_gmt":"2025-06-12T19:26:54","guid":{"rendered":"https:\/\/lequotidien.mr\/?p=28361"},"modified":"2025-06-12T19:26:54","modified_gmt":"2025-06-12T19:26:54","slug":"environnement-la-mauritanie-et-litalie-renforcent-leur-cooperation-face-aux-defis-climatiques","status":"publish","type":"post","link":"https:\/\/lequotidien.mr\/?p=28361&lang=fr","title":{"rendered":"Environnement : La Mauritanie et l&#8217;Italie renforcent leur coop\u00e9ration face aux d\u00e9fis climatiques"},"content":{"rendered":"<p>La coop\u00e9ration bilat\u00e9rale entre la Mauritanie et l&#8217;Italie dans les secteurs cruciaux de l&#8217;environnement et du changement climatique vient de franchir une \u00e9tape significative. Mercredi, \u00e0 Nice, la Ministre mauritanienne de l\u2019Environnement et du D\u00e9veloppement durable,\u00a0<strong>Mme Messaouda Baham Mohamed Laghdaf<\/strong>, a sign\u00e9 un protocole d&#8217;accord avec son homologue italien, en pr\u00e9sence de l&#8217;Ambassadeur de Mauritanie en France,\u00a0<strong>M. Mohamed Yahya Teiss<\/strong>.<\/p>\n<p>Cet accord formalise la volont\u00e9 commune des deux pays d&#8217;intensifier leur partenariat pour faire face aux d\u00e9fis environnementaux et climatiques pressants. Il vise \u00e0 structurer et d\u00e9velopper la coop\u00e9ration autour de priorit\u00e9s strat\u00e9giques identifi\u00e9es conjointement.<\/p>\n<p>Le protocole d&#8217;accord se concentre sur plusieurs axes majeurs :<\/p>\n<p><strong>1-Adaptation au changement climatique :<\/strong>\u00a0D\u00e9veloppement de strat\u00e9gies et de projets pour renforcer la r\u00e9silience face aux impacts des d\u00e9r\u00e8glements climatiques\u00a0;<\/p>\n<p><strong>2-Pr\u00e9servation de la biodiversit\u00e9 :<\/strong>\u00a0Protection des \u00e9cosyst\u00e8mes terrestres et marins, essentiels pour un pays comme la Mauritanie\u00a0;<\/p>\n<p><strong>3-Gestion durable des ressources naturelles :<\/strong>\u00a0Optimisation de l&#8217;utilisation des ressources (eau, sols, etc.) pour assurer leur p\u00e9rennit\u00e9\u00a0;<\/p>\n<p><strong>4-Soutien \u00e0 la transition verte :<\/strong>\u00a0Accompagnement vers une \u00e9conomie plus respectueuse de l&#8217;environnement, inclusive et durable.<\/p>\n<p>La signature de ce m\u00e9morandum d&#8217;entente repr\u00e9sente la concr\u00e9tisation d&#8217;une ambition partag\u00e9e. Il t\u00e9moigne de l&#8217;engagement des gouvernements mauritanien et italien \u00e0 unir leurs efforts pour relever les d\u00e9fis globaux que repr\u00e9sentent la d\u00e9gradation environnementale et le changement climatique.<\/p>\n<p>Cette collaboration renforc\u00e9e est con\u00e7ue pour contribuer directement \u00e0 l&#8217;atteinte des Objectifs de D\u00e9veloppement Durable (ODD), tant au niveau national en Mauritanie et en Italie, qu&#8217;\u00e0 l&#8217;\u00e9chelle internationale.<\/p>\n<p>Ce protocole ouvre la voie \u00e0 des \u00e9changes d&#8217;expertise, des projets conjoints et un soutien potentiel de l&#8217;Italie dans la mise en \u0153uvre des politiques environnementales et climatiques de la Mauritanie, un pays particuli\u00e8rement vuln\u00e9rable aux effets du r\u00e9chauffement plan\u00e9taire.<\/p>\n","protected":false},"excerpt":{"rendered":"<p>La coop\u00e9ration bilat\u00e9rale entre la Mauritanie et l&#8217;Italie dans les secteurs cruciaux de l&#8217;environnement et du changement climatique vient de franchir une \u00e9tape significative. Mercredi, \u00e0 Nice, la Ministre mauritanienne de l\u2019Environnement et du D\u00e9veloppement durable,\u00a0Mme Messaouda Baham Mohamed Laghdaf, a sign\u00e9 un protocole d&#8217;accord avec son homologue italien, en pr\u00e9sence de l&#8217;Ambassadeur de Mauritanie&#8230;..<\/p>\n","protected":false},"author":12,"featured_media":28362,"comment_status":"open","ping_status":"open","sticky":false,"template":"","format":"standard","meta":{"footnotes":""},"categories":[23,49],"tags":[],"class_list":["post-28361","post","type-post","status-publish","format-standard","has-post-thumbnail","hentry","category-actualite","category-economie"],"yoast_head":"<!-- This site is optimized with the Yoast SEO plugin v27.5 - https:\/\/yoast.com\/product\/yoast-seo-wordpress\/ -->\n<title>Environnement : La Mauritanie et l&#039;Italie renforcent leur coop\u00e9ration face aux d\u00e9fis climatiques - Le Quotidien de Nouakchott<\/title>\n<meta name=\"robots\" content=\"index, follow, max-snippet:-1, max-image-preview:large, max-video-preview:-1\" \/>\n<link rel=\"canonical\" href=\"https:\/\/lequotidien.mr\/?p=28361&lang=fr\" \/>\n<meta property=\"og:locale\" content=\"ar_AR\" \/>\n<meta property=\"og:type\" content=\"article\" \/>\n<meta property=\"og:title\" content=\"Environnement : La Mauritanie et l&#039;Italie renforcent leur coop\u00e9ration face aux d\u00e9fis climatiques - Le Quotidien de Nouakchott\" \/>\n<meta property=\"og:description\" content=\"La coop\u00e9ration bilat\u00e9rale entre la Mauritanie et l&#8217;Italie dans les secteurs cruciaux de l&#8217;environnement et du changement climatique vient de franchir une \u00e9tape significative. Mercredi, \u00e0 Nice, la Ministre mauritanienne de l\u2019Environnement et du D\u00e9veloppement durable,\u00a0Mme Messaouda Baham Mohamed Laghdaf, a sign\u00e9 un protocole d&#8217;accord avec son homologue italien, en pr\u00e9sence de l&#8217;Ambassadeur de Mauritanie.....\" \/>\n<meta property=\"og:url\" content=\"https:\/\/lequotidien.mr\/?p=28361&amp;lang=fr\" \/>\n<meta property=\"og:site_name\" content=\"Le Quotidien de Nouakchott\" \/>\n<meta property=\"article:publisher\" content=\"https:\/\/web.facebook.com\/lequotidienmr\" \/>\n<meta property=\"article:published_time\" content=\"2025-06-12T19:26:54+00:00\" \/>\n<meta property=\"og:image\" content=\"https:\/\/lequotidien.mr\/wp-content\/uploads\/2025\/06\/photo-Mtnie-Italie-_-environnement.jpg\" \/>\n\t<meta property=\"og:image:width\" content=\"750\" \/>\n\t<meta property=\"og:image:height\" content=\"430\" \/>\n\t<meta property=\"og:image:type\" content=\"image\/jpeg\" \/>\n<meta name=\"author\" content=\"Med Ahmed\" \/>\n<meta name=\"twitter:card\" content=\"summary_large_image\" \/>\n<meta name=\"twitter:creator\" content=\"@lequotidienmr\" \/>\n<meta name=\"twitter:site\" content=\"@lequotidienmr\" \/>\n<meta name=\"twitter:label1\" content=\"\u0643\u064f\u062a\u0628 \u0628\u0648\u0627\u0633\u0637\u0629\" \/>\n\t<meta name=\"twitter:data1\" content=\"Med Ahmed\" \/>\n\t<meta name=\"twitter:label2\" content=\"\u0648\u0642\u062a \u0627\u0644\u0642\u0631\u0627\u0621\u0629 \u0627\u0644\u0645\u064f\u0642\u062f\u0651\u0631\" \/>\n\t<meta name=\"twitter:data2\" content=\"3 \u062f\u0642\u0627\u0626\u0642\" \/>\n<script type=\"application\/ld+json\" class=\"yoast-schema-graph\">{\"@context\":\"https:\\\/\\\/schema.org\",\"@graph\":[{\"@type\":\"Article\",\"@id\":\"https:\\\/\\\/lequotidien.mr\\\/?p=28361&lang=fr#article\",\"isPartOf\":{\"@id\":\"https:\\\/\\\/lequotidien.mr\\\/?p=28361&lang=fr\"},\"author\":{\"name\":\"Med Ahmed\",\"@id\":\"https:\\\/\\\/lequotidien.mr\\\/#\\\/schema\\\/person\\\/d2d350202a4d599685ed8abc25f97596\"},\"headline\":\"Environnement : La Mauritanie et l&#8217;Italie renforcent leur coop\u00e9ration face aux d\u00e9fis climatiques\",\"datePublished\":\"2025-06-12T19:26:54+00:00\",\"mainEntityOfPage\":{\"@id\":\"https:\\\/\\\/lequotidien.mr\\\/?p=28361&lang=fr\"},\"wordCount\":341,\"commentCount\":0,\"publisher\":{\"@id\":\"https:\\\/\\\/lequotidien.mr\\\/#organization\"},\"image\":{\"@id\":\"https:\\\/\\\/lequotidien.mr\\\/?p=28361&lang=fr#primaryimage\"},\"thumbnailUrl\":\"https:\\\/\\\/lequotidien.mr\\\/wp-content\\\/uploads\\\/2025\\\/06\\\/photo-Mtnie-Italie-_-environnement.jpg\",\"articleSection\":[\"ACTUALIT\u00c9\",\"Economie\"],\"inLanguage\":\"ar\",\"potentialAction\":[{\"@type\":\"CommentAction\",\"name\":\"Comment\",\"target\":[\"https:\\\/\\\/lequotidien.mr\\\/?p=28361&lang=fr#respond\"]}]},{\"@type\":\"WebPage\",\"@id\":\"https:\\\/\\\/lequotidien.mr\\\/?p=28361&lang=fr\",\"url\":\"https:\\\/\\\/lequotidien.mr\\\/?p=28361&lang=fr\",\"name\":\"Environnement : La Mauritanie et l'Italie renforcent leur coop\u00e9ration face aux d\u00e9fis climatiques - Le Quotidien de Nouakchott\",\"isPartOf\":{\"@id\":\"https:\\\/\\\/lequotidien.mr\\\/#website\"},\"primaryImageOfPage\":{\"@id\":\"https:\\\/\\\/lequotidien.mr\\\/?p=28361&lang=fr#primaryimage\"},\"image\":{\"@id\":\"https:\\\/\\\/lequotidien.mr\\\/?p=28361&lang=fr#primaryimage\"},\"thumbnailUrl\":\"https:\\\/\\\/lequotidien.mr\\\/wp-content\\\/uploads\\\/2025\\\/06\\\/photo-Mtnie-Italie-_-environnement.jpg\",\"datePublished\":\"2025-06-12T19:26:54+00:00\",\"breadcrumb\":{\"@id\":\"https:\\\/\\\/lequotidien.mr\\\/?p=28361&lang=fr#breadcrumb\"},\"inLanguage\":\"ar\",\"potentialAction\":[{\"@type\":\"ReadAction\",\"target\":[\"https:\\\/\\\/lequotidien.mr\\\/?p=28361&lang=fr\"]}]},{\"@type\":\"ImageObject\",\"inLanguage\":\"ar\",\"@id\":\"https:\\\/\\\/lequotidien.mr\\\/?p=28361&lang=fr#primaryimage\",\"url\":\"https:\\\/\\\/lequotidien.mr\\\/wp-content\\\/uploads\\\/2025\\\/06\\\/photo-Mtnie-Italie-_-environnement.jpg\",\"contentUrl\":\"https:\\\/\\\/lequotidien.mr\\\/wp-content\\\/uploads\\\/2025\\\/06\\\/photo-Mtnie-Italie-_-environnement.jpg\",\"width\":750,\"height\":430},{\"@type\":\"BreadcrumbList\",\"@id\":\"https:\\\/\\\/lequotidien.mr\\\/?p=28361&lang=fr#breadcrumb\",\"itemListElement\":[{\"@type\":\"ListItem\",\"position\":1,\"name\":\"Home\",\"item\":\"https:\\\/\\\/lequotidien.mr\\\/\"},{\"@type\":\"ListItem\",\"position\":2,\"name\":\"Environnement : La Mauritanie et l&rsquo;Italie renforcent leur coop\u00e9ration face aux d\u00e9fis climatiques\"}]},{\"@type\":\"WebSite\",\"@id\":\"https:\\\/\\\/lequotidien.mr\\\/#website\",\"url\":\"https:\\\/\\\/lequotidien.mr\\\/\",\"name\":\"Le Quotidien de Nouakchott\",\"description\":\"\u0625\u062e\u0628\u0627\u0631\u064a\u0629 \u0645\u0633\u062a\u0642\u0644\u0629 \u0644\u0644\u0623\u0646\u0628\u0627\u0621 \u0627\u0644\u0639\u0627\u0645\u0629\",\"publisher\":{\"@id\":\"https:\\\/\\\/lequotidien.mr\\\/#organization\"},\"potentialAction\":[{\"@type\":\"SearchAction\",\"target\":{\"@type\":\"EntryPoint\",\"urlTemplate\":\"https:\\\/\\\/lequotidien.mr\\\/?s={search_term_string}\"},\"query-input\":{\"@type\":\"PropertyValueSpecification\",\"valueRequired\":true,\"valueName\":\"search_term_string\"}}],\"inLanguage\":\"ar\"},{\"@type\":\"Organization\",\"@id\":\"https:\\\/\\\/lequotidien.mr\\\/#organization\",\"name\":\"Le Quotidien de Nouakchott\",\"url\":\"https:\\\/\\\/lequotidien.mr\\\/\",\"logo\":{\"@type\":\"ImageObject\",\"inLanguage\":\"ar\",\"@id\":\"https:\\\/\\\/lequotidien.mr\\\/#\\\/schema\\\/logo\\\/image\\\/\",\"url\":\"https:\\\/\\\/lequotidien.mr\\\/wp-content\\\/uploads\\\/2022\\\/11\\\/logolequotidien.jpg\",\"contentUrl\":\"https:\\\/\\\/lequotidien.mr\\\/wp-content\\\/uploads\\\/2022\\\/11\\\/logolequotidien.jpg\",\"width\":290,\"height\":65,\"caption\":\"Le Quotidien de Nouakchott\"},\"image\":{\"@id\":\"https:\\\/\\\/lequotidien.mr\\\/#\\\/schema\\\/logo\\\/image\\\/\"},\"sameAs\":[\"https:\\\/\\\/web.facebook.com\\\/lequotidienmr\",\"https:\\\/\\\/x.com\\\/lequotidienmr\"]},{\"@type\":\"Person\",\"@id\":\"https:\\\/\\\/lequotidien.mr\\\/#\\\/schema\\\/person\\\/d2d350202a4d599685ed8abc25f97596\",\"name\":\"Med Ahmed\",\"image\":{\"@type\":\"ImageObject\",\"inLanguage\":\"ar\",\"@id\":\"https:\\\/\\\/secure.gravatar.com\\\/avatar\\\/fd2acc62ed50732923d1d39c17172c9b04149f142be92310ecc69e1358f94b52?s=96&d=mm&r=g\",\"url\":\"https:\\\/\\\/secure.gravatar.com\\\/avatar\\\/fd2acc62ed50732923d1d39c17172c9b04149f142be92310ecc69e1358f94b52?s=96&d=mm&r=g\",\"contentUrl\":\"https:\\\/\\\/secure.gravatar.com\\\/avatar\\\/fd2acc62ed50732923d1d39c17172c9b04149f142be92310ecc69e1358f94b52?s=96&d=mm&r=g\",\"caption\":\"Med Ahmed\"},\"url\":\"https:\\\/\\\/lequotidien.mr\\\/?author=12\"}]}<\/script>\n<!-- \/ Yoast SEO plugin. -->","yoast_head_json":{"title":"Environnement : La Mauritanie et l'Italie renforcent leur coop\u00e9ration face aux d\u00e9fis climatiques - Le Quotidien de Nouakchott","robots":{"index":"index","follow":"follow","max-snippet":"max-snippet:-1","max-image-preview":"max-image-preview:large","max-video-preview":"max-video-preview:-1"},"canonical":"https:\/\/lequotidien.mr\/?p=28361&lang=fr","og_locale":"ar_AR","og_type":"article","og_title":"Environnement : La Mauritanie et l'Italie renforcent leur coop\u00e9ration face aux d\u00e9fis climatiques - Le Quotidien de Nouakchott","og_description":"La coop\u00e9ration bilat\u00e9rale entre la Mauritanie et l&#8217;Italie dans les secteurs cruciaux de l&#8217;environnement et du changement climatique vient de franchir une \u00e9tape significative. Mercredi, \u00e0 Nice, la Ministre mauritanienne de l\u2019Environnement et du D\u00e9veloppement durable,\u00a0Mme Messaouda Baham Mohamed Laghdaf, a sign\u00e9 un protocole d&#8217;accord avec son homologue italien, en pr\u00e9sence de l&#8217;Ambassadeur de Mauritanie.....","og_url":"https:\/\/lequotidien.mr\/?p=28361&lang=fr","og_site_name":"Le Quotidien de Nouakchott","article_publisher":"https:\/\/web.facebook.com\/lequotidienmr","article_published_time":"2025-06-12T19:26:54+00:00","og_image":[{"width":750,"height":430,"url":"https:\/\/lequotidien.mr\/wp-content\/uploads\/2025\/06\/photo-Mtnie-Italie-_-environnement.jpg","type":"image\/jpeg"}],"author":"Med Ahmed","twitter_card":"summary_large_image","twitter_creator":"@lequotidienmr","twitter_site":"@lequotidienmr","twitter_misc":{"\u0643\u064f\u062a\u0628 \u0628\u0648\u0627\u0633\u0637\u0629":"Med Ahmed","\u0648\u0642\u062a \u0627\u0644\u0642\u0631\u0627\u0621\u0629 \u0627\u0644\u0645\u064f\u0642\u062f\u0651\u0631":"3 \u062f\u0642\u0627\u0626\u0642"},"schema":{"@context":"https:\/\/schema.org","@graph":[{"@type":"Article","@id":"https:\/\/lequotidien.mr\/?p=28361&lang=fr#article","isPartOf":{"@id":"https:\/\/lequotidien.mr\/?p=28361&lang=fr"},"author":{"name":"Med Ahmed","@id":"https:\/\/lequotidien.mr\/#\/schema\/person\/d2d350202a4d599685ed8abc25f97596"},"headline":"Environnement : La Mauritanie et l&#8217;Italie renforcent leur coop\u00e9ration face aux d\u00e9fis climatiques","datePublished":"2025-06-12T19:26:54+00:00","mainEntityOfPage":{"@id":"https:\/\/lequotidien.mr\/?p=28361&lang=fr"},"wordCount":341,"commentCount":0,"publisher":{"@id":"https:\/\/lequotidien.mr\/#organization"},"image":{"@id":"https:\/\/lequotidien.mr\/?p=28361&lang=fr#primaryimage"},"thumbnailUrl":"https:\/\/lequotidien.mr\/wp-content\/uploads\/2025\/06\/photo-Mtnie-Italie-_-environnement.jpg","articleSection":["ACTUALIT\u00c9","Economie"],"inLanguage":"ar","potentialAction":[{"@type":"CommentAction","name":"Comment","target":["https:\/\/lequotidien.mr\/?p=28361&lang=fr#respond"]}]},{"@type":"WebPage","@id":"https:\/\/lequotidien.mr\/?p=28361&lang=fr","url":"https:\/\/lequotidien.mr\/?p=28361&lang=fr","name":"Environnement : La Mauritanie et l'Italie renforcent leur coop\u00e9ration face aux d\u00e9fis climatiques - Le Quotidien de Nouakchott","isPartOf":{"@id":"https:\/\/lequotidien.mr\/#website"},"primaryImageOfPage":{"@id":"https:\/\/lequotidien.mr\/?p=28361&lang=fr#primaryimage"},"image":{"@id":"https:\/\/lequotidien.mr\/?p=28361&lang=fr#primaryimage"},"thumbnailUrl":"https:\/\/lequotidien.mr\/wp-content\/uploads\/2025\/06\/photo-Mtnie-Italie-_-environnement.jpg","datePublished":"2025-06-12T19:26:54+00:00","breadcrumb":{"@id":"https:\/\/lequotidien.mr\/?p=28361&lang=fr#breadcrumb"},"inLanguage":"ar","potentialAction":[{"@type":"ReadAction","target":["https:\/\/lequotidien.mr\/?p=28361&lang=fr"]}]},{"@type":"ImageObject","inLanguage":"ar","@id":"https:\/\/lequotidien.mr\/?p=28361&lang=fr#primaryimage","url":"https:\/\/lequotidien.mr\/wp-content\/uploads\/2025\/06\/photo-Mtnie-Italie-_-environnement.jpg","contentUrl":"https:\/\/lequotidien.mr\/wp-content\/uploads\/2025\/06\/photo-Mtnie-Italie-_-environnement.jpg","width":750,"height":430},{"@type":"BreadcrumbList","@id":"https:\/\/lequotidien.mr\/?p=28361&lang=fr#breadcrumb","itemListElement":[{"@type":"ListItem","position":1,"name":"Home","item":"https:\/\/lequotidien.mr\/"},{"@type":"ListItem","position":2,"name":"Environnement : La Mauritanie et l&rsquo;Italie renforcent leur coop\u00e9ration face aux d\u00e9fis climatiques"}]},{"@type":"WebSite","@id":"https:\/\/lequotidien.mr\/#website","url":"https:\/\/lequotidien.mr\/","name":"Le Quotidien de Nouakchott","description":"\u0625\u062e\u0628\u0627\u0631\u064a\u0629 \u0645\u0633\u062a\u0642\u0644\u0629 \u0644\u0644\u0623\u0646\u0628\u0627\u0621 \u0627\u0644\u0639\u0627\u0645\u0629","publisher":{"@id":"https:\/\/lequotidien.mr\/#organization"},"potentialAction":[{"@type":"SearchAction","target":{"@type":"EntryPoint","urlTemplate":"https:\/\/lequotidien.mr\/?s={search_term_string}"},"query-input":{"@type":"PropertyValueSpecification","valueRequired":true,"valueName":"search_term_string"}}],"inLanguage":"ar"},{"@type":"Organization","@id":"https:\/\/lequotidien.mr\/#organization","name":"Le Quotidien de Nouakchott","url":"https:\/\/lequotidien.mr\/","logo":{"@type":"ImageObject","inLanguage":"ar","@id":"https:\/\/lequotidien.mr\/#\/schema\/logo\/image\/","url":"https:\/\/lequotidien.mr\/wp-content\/uploads\/2022\/11\/logolequotidien.jpg","contentUrl":"https:\/\/lequotidien.mr\/wp-content\/uploads\/2022\/11\/logolequotidien.jpg","width":290,"height":65,"caption":"Le Quotidien de Nouakchott"},"image":{"@id":"https:\/\/lequotidien.mr\/#\/schema\/logo\/image\/"},"sameAs":["https:\/\/web.facebook.com\/lequotidienmr","https:\/\/x.com\/lequotidienmr"]},{"@type":"Person","@id":"https:\/\/lequotidien.mr\/#\/schema\/person\/d2d350202a4d599685ed8abc25f97596","name":"Med Ahmed","image":{"@type":"ImageObject","inLanguage":"ar","@id":"https:\/\/secure.gravatar.com\/avatar\/fd2acc62ed50732923d1d39c17172c9b04149f142be92310ecc69e1358f94b52?s=96&d=mm&r=g","url":"https:\/\/secure.gravatar.com\/avatar\/fd2acc62ed50732923d1d39c17172c9b04149f142be92310ecc69e1358f94b52?s=96&d=mm&r=g","contentUrl":"https:\/\/secure.gravatar.com\/avatar\/fd2acc62ed50732923d1d39c17172c9b04149f142be92310ecc69e1358f94b52?s=96&d=mm&r=g","caption":"Med Ahmed"},"url":"https:\/\/lequotidien.mr\/?author=12"}]}},"_links":{"self":[{"href":"https:\/\/lequotidien.mr\/index.php?rest_route=\/wp\/v2\/posts\/28361","targetHints":{"allow":["GET"]}}],"collection":[{"href":"https:\/\/lequotidien.mr\/index.php?rest_route=\/wp\/v2\/posts"}],"about":[{"href":"https:\/\/lequotidien.mr\/index.php?rest_route=\/wp\/v2\/types\/post"}],"author":[{"embeddable":true,"href":"https:\/\/lequotidien.mr\/index.php?rest_route=\/wp\/v2\/users\/12"}],"replies":[{"embeddable":true,"href":"https:\/\/lequotidien.mr\/index.php?rest_route=%2Fwp%2Fv2%2Fcomments&post=28361"}],"version-history":[{"count":1,"href":"https:\/\/lequotidien.mr\/index.php?rest_route=\/wp\/v2\/posts\/28361\/revisions"}],"predecessor-version":[{"id":28363,"href":"https:\/\/lequotidien.mr\/index.php?rest_route=\/wp\/v2\/posts\/28361\/revisions\/28363"}],"wp:featuredmedia":[{"embeddable":true,"href":"https:\/\/lequotidien.mr\/index.php?rest_route=\/wp\/v2\/media\/28362"}],"wp:attachment":[{"href":"https:\/\/lequotidien.mr\/index.php?rest_route=%2Fwp%2Fv2%2Fmedia&parent=28361"}],"wp:term":[{"taxonomy":"category","embeddable":true,"href":"https:\/\/lequotidien.mr\/index.php?rest_route=%2Fwp%2Fv2%2Fcategories&post=28361"},{"taxonomy":"post_tag","embeddable":true,"href":"https:\/\/lequotidien.mr\/index.php?rest_route=%2Fwp%2Fv2%2Ftags&post=28361"}],"curies":[{"name":"wp","href":"https:\/\/api.w.org\/{rel}","templated":true}]}}