{"id":28328,"date":"2025-06-11T19:28:28","date_gmt":"2025-06-11T19:28:28","guid":{"rendered":"https:\/\/lequotidien.mr\/?p=28328"},"modified":"2025-06-11T19:32:51","modified_gmt":"2025-06-11T19:32:51","slug":"omvs-en-alerte-preparation-active-face-au-risque-dinondations-pour-la-prochaine-saison-des-pluies","status":"publish","type":"post","link":"https:\/\/lequotidien.mr\/?p=28328&lang=fr","title":{"rendered":"OMVS en Alerte : Pr\u00e9paration active face au risque d&#8217;inondations pour la prochaine saison des pluies"},"content":{"rendered":"<p>Face aux al\u00e9as climatiques et \u00e0 la menace r\u00e9currente des inondations, l&#8217;Organisation pour la Mise en Valeur du fleuve S\u00e9n\u00e9gal (OMVS) a entam\u00e9 des pr\u00e9paratifs s\u00e9rieux en vue de la prochaine saison des pluies. Sa cellule de suivi a formul\u00e9 des recommandations cruciales pour renforcer la r\u00e9silience des populations et des infrastructures du bassin.<\/p>\n<p>Le fleuve S\u00e9n\u00e9gal, art\u00e8re vitale longue de 1790 km traversant la Guin\u00e9e, le Mali, la Mauritanie et le S\u00e9n\u00e9gal, avec un bassin de 340 000 km\u00b2 et un d\u00e9bit annuel d&#8217;environ 24 milliards de m\u00b3, est \u00e0 la fois une source de vie et de vuln\u00e9rabilit\u00e9. Les fortes pr\u00e9cipitations peuvent rapidement transformer ce potentiel en danger.<\/p>\n<p><strong>Les mesures cl\u00e9s recommand\u00e9es par l&#8217;OMVS :<\/strong><\/p>\n<p><strong>1-R\u00e9vision urgente des sch\u00e9mas de gestion des barrages :<\/strong>\u00a0La cellule de suivi insiste sur l&#8217;adaptation n\u00e9cessaire des protocoles d&#8217;exploitation des grands barrages (comme Manantali et Diama) aux pr\u00e9visions de pr\u00e9cipitations intenses. L&#8217;objectif est d&#8217;optimiser les l\u00e2chers d&#8217;eau en amont pour \u00e9viter des crues brutales et d\u00e9vastatrices en aval, tout en garantissant la s\u00e9curit\u00e9 des ouvrages.<\/p>\n<p><strong>2-D\u00e9ploiement d&#8217;un syst\u00e8me d&#8217;alerte pr\u00e9coce robuste :<\/strong>\u00a0L&#8217;accent est mis sur la mise en place ou le renforcement de dispositifs capables de d\u00e9tecter et de pr\u00e9dire les risques de mont\u00e9e des eaux rapidement et avec pr\u00e9cision. Ce syst\u00e8me est essentiel pour sauver des vies, permettre l&#8217;\u00e9vacuation des biens et prot\u00e9ger les pr\u00e9cieuses zones agricoles riveraines.<\/p>\n<p><strong>3-Renforcement de la coordination inter-\u00c9tats :<\/strong>\u00a0L&#8217;OMVS souligne l&#8217;imp\u00e9rieuse n\u00e9cessit\u00e9 d&#8217;une collaboration \u00e9troite et harmonieuse entre la Guin\u00e9e, le Mali, la Mauritanie et le S\u00e9n\u00e9gal. Seule une action concert\u00e9e et solidaire, bas\u00e9e sur des \u00e9changes d&#8217;information en temps r\u00e9el et des d\u00e9cisions communes, permettra de g\u00e9rer efficacement une crue transfrontali\u00e8re.<\/p>\n<p><strong>4-Sensibilisation intensive des populations riveraines :<\/strong>\u00a0Informer et pr\u00e9parer les communaut\u00e9s vivant au plus pr\u00e8s du fleuve est jug\u00e9 primordial. Des campagnes de sensibilisation doivent les tenir inform\u00e9es des risques, des consignes de s\u00e9curit\u00e9 et des plans d&#8217;\u00e9vacuation, afin qu&#8217;elles soient pr\u00eates \u00e0 r\u00e9agir rapidement en cas d&#8217;alerte.<\/p>\n<p><strong>Une Pr\u00e9paration vitale pour les objectifs de l&#8217;OMVS<\/strong><\/p>\n<p>Ces mesures de pr\u00e9vention des inondations sont directement li\u00e9es aux missions fondamentales de l&#8217;OMVS :<\/p>\n<p><strong>-Protection de l&#8217;environnement :<\/strong>\u00a0Limiter les d\u00e9g\u00e2ts des inondations pr\u00e9serve les \u00e9cosyst\u00e8mes fragiles du bassin\u00a0;<\/p>\n<p><strong>-Agriculture irrigu\u00e9e :<\/strong>\u00a0Prot\u00e9ger les p\u00e9rim\u00e8tres irrigu\u00e9s existants et futurs des submersions destructrices est essentiel pour la s\u00e9curit\u00e9 alimentaire\u00a0;<\/p>\n<p><strong>-Am\u00e9lioration des revenus des populations :<\/strong>\u00a0\u00c9viter la perte de r\u00e9coltes, de b\u00e9tail et d&#8217;habitations pr\u00e9serve les moyens de subsistance des riverains\u00a0;<\/p>\n<p><strong>-\u00c9nergie :<\/strong>\u00a0Assurer la s\u00e9curit\u00e9 des barrages hydro\u00e9lectriques comme Manantali est critique pour la production d&#8217;\u00e9lectricit\u00e9 de la r\u00e9gion.<\/p>\n<p>La proactivit\u00e9 affich\u00e9e par l&#8217;OMVS en amont de la saison des pluies d\u00e9montre une prise de conscience aigu\u00eb des enjeux. La mise en \u0153uvre effective et coordonn\u00e9e de ces recommandations par les quatre \u00c9tats membres sera d\u00e9terminante pour minimiser l&#8217;impact des potentielles inondations et prot\u00e9ger les populations, leurs biens et les acquis du d\u00e9veloppement dans le bassin du fleuve S\u00e9n\u00e9gal. La vigilance et la coop\u00e9ration restent les ma\u00eetres mots pour traverser la saison humide en toute s\u00e9curit\u00e9.<\/p>\n<p>&nbsp;<\/p>\n","protected":false},"excerpt":{"rendered":"<p>Face aux al\u00e9as climatiques et \u00e0 la menace r\u00e9currente des inondations, l&#8217;Organisation pour la Mise en Valeur du fleuve S\u00e9n\u00e9gal (OMVS) a entam\u00e9 des pr\u00e9paratifs s\u00e9rieux en vue de la prochaine saison des pluies. Sa cellule de suivi a formul\u00e9 des recommandations cruciales pour renforcer la r\u00e9silience des populations et des infrastructures du bassin. Le&#8230;..<\/p>\n","protected":false},"author":12,"featured_media":28330,"comment_status":"open","ping_status":"open","sticky":false,"template":"","format":"standard","meta":{"footnotes":""},"categories":[23,49],"tags":[],"class_list":["post-28328","post","type-post","status-publish","format-standard","has-post-thumbnail","hentry","category-actualite","category-economie"],"yoast_head":"<!-- This site is optimized with the Yoast SEO plugin v27.5 - https:\/\/yoast.com\/product\/yoast-seo-wordpress\/ -->\n<title>OMVS en Alerte : Pr\u00e9paration active face au risque d&#039;inondations pour la prochaine saison des pluies - Le Quotidien de Nouakchott<\/title>\n<meta name=\"robots\" content=\"index, follow, max-snippet:-1, max-image-preview:large, max-video-preview:-1\" \/>\n<link rel=\"canonical\" href=\"https:\/\/lequotidien.mr\/?p=28328&lang=fr\" \/>\n<meta property=\"og:locale\" content=\"ar_AR\" \/>\n<meta property=\"og:type\" content=\"article\" \/>\n<meta property=\"og:title\" content=\"OMVS en Alerte : Pr\u00e9paration active face au risque d&#039;inondations pour la prochaine saison des pluies - Le Quotidien de Nouakchott\" \/>\n<meta property=\"og:description\" content=\"Face aux al\u00e9as climatiques et \u00e0 la menace r\u00e9currente des inondations, l&#8217;Organisation pour la Mise en Valeur du fleuve S\u00e9n\u00e9gal (OMVS) a entam\u00e9 des pr\u00e9paratifs s\u00e9rieux en vue de la prochaine saison des pluies. Sa cellule de suivi a formul\u00e9 des recommandations cruciales pour renforcer la r\u00e9silience des populations et des infrastructures du bassin. Le.....\" \/>\n<meta property=\"og:url\" content=\"https:\/\/lequotidien.mr\/?p=28328&amp;lang=fr\" \/>\n<meta property=\"og:site_name\" content=\"Le Quotidien de Nouakchott\" \/>\n<meta property=\"article:publisher\" content=\"https:\/\/web.facebook.com\/lequotidienmr\" \/>\n<meta property=\"article:published_time\" content=\"2025-06-11T19:28:28+00:00\" \/>\n<meta property=\"article:modified_time\" content=\"2025-06-11T19:32:51+00:00\" \/>\n<meta property=\"og:image\" content=\"https:\/\/lequotidien.mr\/wp-content\/uploads\/2025\/06\/photo-fleuve-Senegal-1.jpeg\" \/>\n\t<meta property=\"og:image:width\" content=\"640\" \/>\n\t<meta property=\"og:image:height\" content=\"463\" \/>\n\t<meta property=\"og:image:type\" content=\"image\/jpeg\" \/>\n<meta name=\"author\" content=\"Med Ahmed\" \/>\n<meta name=\"twitter:card\" content=\"summary_large_image\" \/>\n<meta name=\"twitter:creator\" content=\"@lequotidienmr\" \/>\n<meta name=\"twitter:site\" content=\"@lequotidienmr\" \/>\n<meta name=\"twitter:label1\" content=\"\u0643\u064f\u062a\u0628 \u0628\u0648\u0627\u0633\u0637\u0629\" \/>\n\t<meta name=\"twitter:data1\" content=\"Med Ahmed\" \/>\n\t<meta name=\"twitter:label2\" content=\"\u0648\u0642\u062a \u0627\u0644\u0642\u0631\u0627\u0621\u0629 \u0627\u0644\u0645\u064f\u0642\u062f\u0651\u0631\" \/>\n\t<meta name=\"twitter:data2\" content=\"4 \u062f\u0642\u0627\u0626\u0642\" \/>\n<script type=\"application\/ld+json\" class=\"yoast-schema-graph\">{\"@context\":\"https:\\\/\\\/schema.org\",\"@graph\":[{\"@type\":\"Article\",\"@id\":\"https:\\\/\\\/lequotidien.mr\\\/?p=28328&lang=fr#article\",\"isPartOf\":{\"@id\":\"https:\\\/\\\/lequotidien.mr\\\/?p=28328&lang=fr\"},\"author\":{\"name\":\"Med Ahmed\",\"@id\":\"https:\\\/\\\/lequotidien.mr\\\/#\\\/schema\\\/person\\\/d2d350202a4d599685ed8abc25f97596\"},\"headline\":\"OMVS en Alerte : Pr\u00e9paration active face au risque d&#8217;inondations pour la prochaine saison des pluies\",\"datePublished\":\"2025-06-11T19:28:28+00:00\",\"dateModified\":\"2025-06-11T19:32:51+00:00\",\"mainEntityOfPage\":{\"@id\":\"https:\\\/\\\/lequotidien.mr\\\/?p=28328&lang=fr\"},\"wordCount\":615,\"commentCount\":0,\"publisher\":{\"@id\":\"https:\\\/\\\/lequotidien.mr\\\/#organization\"},\"image\":{\"@id\":\"https:\\\/\\\/lequotidien.mr\\\/?p=28328&lang=fr#primaryimage\"},\"thumbnailUrl\":\"https:\\\/\\\/lequotidien.mr\\\/wp-content\\\/uploads\\\/2025\\\/06\\\/photo-fleuve-Senegal-1.jpeg\",\"articleSection\":[\"ACTUALIT\u00c9\",\"Economie\"],\"inLanguage\":\"ar\",\"potentialAction\":[{\"@type\":\"CommentAction\",\"name\":\"Comment\",\"target\":[\"https:\\\/\\\/lequotidien.mr\\\/?p=28328&lang=fr#respond\"]}]},{\"@type\":\"WebPage\",\"@id\":\"https:\\\/\\\/lequotidien.mr\\\/?p=28328&lang=fr\",\"url\":\"https:\\\/\\\/lequotidien.mr\\\/?p=28328&lang=fr\",\"name\":\"OMVS en Alerte : Pr\u00e9paration active face au risque d'inondations pour la prochaine saison des pluies - Le Quotidien de Nouakchott\",\"isPartOf\":{\"@id\":\"https:\\\/\\\/lequotidien.mr\\\/#website\"},\"primaryImageOfPage\":{\"@id\":\"https:\\\/\\\/lequotidien.mr\\\/?p=28328&lang=fr#primaryimage\"},\"image\":{\"@id\":\"https:\\\/\\\/lequotidien.mr\\\/?p=28328&lang=fr#primaryimage\"},\"thumbnailUrl\":\"https:\\\/\\\/lequotidien.mr\\\/wp-content\\\/uploads\\\/2025\\\/06\\\/photo-fleuve-Senegal-1.jpeg\",\"datePublished\":\"2025-06-11T19:28:28+00:00\",\"dateModified\":\"2025-06-11T19:32:51+00:00\",\"breadcrumb\":{\"@id\":\"https:\\\/\\\/lequotidien.mr\\\/?p=28328&lang=fr#breadcrumb\"},\"inLanguage\":\"ar\",\"potentialAction\":[{\"@type\":\"ReadAction\",\"target\":[\"https:\\\/\\\/lequotidien.mr\\\/?p=28328&lang=fr\"]}]},{\"@type\":\"ImageObject\",\"inLanguage\":\"ar\",\"@id\":\"https:\\\/\\\/lequotidien.mr\\\/?p=28328&lang=fr#primaryimage\",\"url\":\"https:\\\/\\\/lequotidien.mr\\\/wp-content\\\/uploads\\\/2025\\\/06\\\/photo-fleuve-Senegal-1.jpeg\",\"contentUrl\":\"https:\\\/\\\/lequotidien.mr\\\/wp-content\\\/uploads\\\/2025\\\/06\\\/photo-fleuve-Senegal-1.jpeg\",\"width\":640,\"height\":463},{\"@type\":\"BreadcrumbList\",\"@id\":\"https:\\\/\\\/lequotidien.mr\\\/?p=28328&lang=fr#breadcrumb\",\"itemListElement\":[{\"@type\":\"ListItem\",\"position\":1,\"name\":\"Home\",\"item\":\"https:\\\/\\\/lequotidien.mr\\\/\"},{\"@type\":\"ListItem\",\"position\":2,\"name\":\"OMVS en Alerte : Pr\u00e9paration active face au risque d&rsquo;inondations pour la prochaine saison des pluies\"}]},{\"@type\":\"WebSite\",\"@id\":\"https:\\\/\\\/lequotidien.mr\\\/#website\",\"url\":\"https:\\\/\\\/lequotidien.mr\\\/\",\"name\":\"Le Quotidien de Nouakchott\",\"description\":\"\u0625\u062e\u0628\u0627\u0631\u064a\u0629 \u0645\u0633\u062a\u0642\u0644\u0629 \u0644\u0644\u0623\u0646\u0628\u0627\u0621 \u0627\u0644\u0639\u0627\u0645\u0629\",\"publisher\":{\"@id\":\"https:\\\/\\\/lequotidien.mr\\\/#organization\"},\"potentialAction\":[{\"@type\":\"SearchAction\",\"target\":{\"@type\":\"EntryPoint\",\"urlTemplate\":\"https:\\\/\\\/lequotidien.mr\\\/?s={search_term_string}\"},\"query-input\":{\"@type\":\"PropertyValueSpecification\",\"valueRequired\":true,\"valueName\":\"search_term_string\"}}],\"inLanguage\":\"ar\"},{\"@type\":\"Organization\",\"@id\":\"https:\\\/\\\/lequotidien.mr\\\/#organization\",\"name\":\"Le Quotidien de Nouakchott\",\"url\":\"https:\\\/\\\/lequotidien.mr\\\/\",\"logo\":{\"@type\":\"ImageObject\",\"inLanguage\":\"ar\",\"@id\":\"https:\\\/\\\/lequotidien.mr\\\/#\\\/schema\\\/logo\\\/image\\\/\",\"url\":\"https:\\\/\\\/lequotidien.mr\\\/wp-content\\\/uploads\\\/2022\\\/11\\\/logolequotidien.jpg\",\"contentUrl\":\"https:\\\/\\\/lequotidien.mr\\\/wp-content\\\/uploads\\\/2022\\\/11\\\/logolequotidien.jpg\",\"width\":290,\"height\":65,\"caption\":\"Le Quotidien de Nouakchott\"},\"image\":{\"@id\":\"https:\\\/\\\/lequotidien.mr\\\/#\\\/schema\\\/logo\\\/image\\\/\"},\"sameAs\":[\"https:\\\/\\\/web.facebook.com\\\/lequotidienmr\",\"https:\\\/\\\/x.com\\\/lequotidienmr\"]},{\"@type\":\"Person\",\"@id\":\"https:\\\/\\\/lequotidien.mr\\\/#\\\/schema\\\/person\\\/d2d350202a4d599685ed8abc25f97596\",\"name\":\"Med Ahmed\",\"image\":{\"@type\":\"ImageObject\",\"inLanguage\":\"ar\",\"@id\":\"https:\\\/\\\/secure.gravatar.com\\\/avatar\\\/fd2acc62ed50732923d1d39c17172c9b04149f142be92310ecc69e1358f94b52?s=96&d=mm&r=g\",\"url\":\"https:\\\/\\\/secure.gravatar.com\\\/avatar\\\/fd2acc62ed50732923d1d39c17172c9b04149f142be92310ecc69e1358f94b52?s=96&d=mm&r=g\",\"contentUrl\":\"https:\\\/\\\/secure.gravatar.com\\\/avatar\\\/fd2acc62ed50732923d1d39c17172c9b04149f142be92310ecc69e1358f94b52?s=96&d=mm&r=g\",\"caption\":\"Med Ahmed\"},\"url\":\"https:\\\/\\\/lequotidien.mr\\\/?author=12\"}]}<\/script>\n<!-- \/ Yoast SEO plugin. -->","yoast_head_json":{"title":"OMVS en Alerte : Pr\u00e9paration active face au risque d'inondations pour la prochaine saison des pluies - Le Quotidien de Nouakchott","robots":{"index":"index","follow":"follow","max-snippet":"max-snippet:-1","max-image-preview":"max-image-preview:large","max-video-preview":"max-video-preview:-1"},"canonical":"https:\/\/lequotidien.mr\/?p=28328&lang=fr","og_locale":"ar_AR","og_type":"article","og_title":"OMVS en Alerte : Pr\u00e9paration active face au risque d'inondations pour la prochaine saison des pluies - Le Quotidien de Nouakchott","og_description":"Face aux al\u00e9as climatiques et \u00e0 la menace r\u00e9currente des inondations, l&#8217;Organisation pour la Mise en Valeur du fleuve S\u00e9n\u00e9gal (OMVS) a entam\u00e9 des pr\u00e9paratifs s\u00e9rieux en vue de la prochaine saison des pluies. Sa cellule de suivi a formul\u00e9 des recommandations cruciales pour renforcer la r\u00e9silience des populations et des infrastructures du bassin. Le.....","og_url":"https:\/\/lequotidien.mr\/?p=28328&lang=fr","og_site_name":"Le Quotidien de Nouakchott","article_publisher":"https:\/\/web.facebook.com\/lequotidienmr","article_published_time":"2025-06-11T19:28:28+00:00","article_modified_time":"2025-06-11T19:32:51+00:00","og_image":[{"width":640,"height":463,"url":"https:\/\/lequotidien.mr\/wp-content\/uploads\/2025\/06\/photo-fleuve-Senegal-1.jpeg","type":"image\/jpeg"}],"author":"Med Ahmed","twitter_card":"summary_large_image","twitter_creator":"@lequotidienmr","twitter_site":"@lequotidienmr","twitter_misc":{"\u0643\u064f\u062a\u0628 \u0628\u0648\u0627\u0633\u0637\u0629":"Med Ahmed","\u0648\u0642\u062a \u0627\u0644\u0642\u0631\u0627\u0621\u0629 \u0627\u0644\u0645\u064f\u0642\u062f\u0651\u0631":"4 \u062f\u0642\u0627\u0626\u0642"},"schema":{"@context":"https:\/\/schema.org","@graph":[{"@type":"Article","@id":"https:\/\/lequotidien.mr\/?p=28328&lang=fr#article","isPartOf":{"@id":"https:\/\/lequotidien.mr\/?p=28328&lang=fr"},"author":{"name":"Med Ahmed","@id":"https:\/\/lequotidien.mr\/#\/schema\/person\/d2d350202a4d599685ed8abc25f97596"},"headline":"OMVS en Alerte : Pr\u00e9paration active face au risque d&#8217;inondations pour la prochaine saison des pluies","datePublished":"2025-06-11T19:28:28+00:00","dateModified":"2025-06-11T19:32:51+00:00","mainEntityOfPage":{"@id":"https:\/\/lequotidien.mr\/?p=28328&lang=fr"},"wordCount":615,"commentCount":0,"publisher":{"@id":"https:\/\/lequotidien.mr\/#organization"},"image":{"@id":"https:\/\/lequotidien.mr\/?p=28328&lang=fr#primaryimage"},"thumbnailUrl":"https:\/\/lequotidien.mr\/wp-content\/uploads\/2025\/06\/photo-fleuve-Senegal-1.jpeg","articleSection":["ACTUALIT\u00c9","Economie"],"inLanguage":"ar","potentialAction":[{"@type":"CommentAction","name":"Comment","target":["https:\/\/lequotidien.mr\/?p=28328&lang=fr#respond"]}]},{"@type":"WebPage","@id":"https:\/\/lequotidien.mr\/?p=28328&lang=fr","url":"https:\/\/lequotidien.mr\/?p=28328&lang=fr","name":"OMVS en Alerte : Pr\u00e9paration active face au risque d'inondations pour la prochaine saison des pluies - Le Quotidien de Nouakchott","isPartOf":{"@id":"https:\/\/lequotidien.mr\/#website"},"primaryImageOfPage":{"@id":"https:\/\/lequotidien.mr\/?p=28328&lang=fr#primaryimage"},"image":{"@id":"https:\/\/lequotidien.mr\/?p=28328&lang=fr#primaryimage"},"thumbnailUrl":"https:\/\/lequotidien.mr\/wp-content\/uploads\/2025\/06\/photo-fleuve-Senegal-1.jpeg","datePublished":"2025-06-11T19:28:28+00:00","dateModified":"2025-06-11T19:32:51+00:00","breadcrumb":{"@id":"https:\/\/lequotidien.mr\/?p=28328&lang=fr#breadcrumb"},"inLanguage":"ar","potentialAction":[{"@type":"ReadAction","target":["https:\/\/lequotidien.mr\/?p=28328&lang=fr"]}]},{"@type":"ImageObject","inLanguage":"ar","@id":"https:\/\/lequotidien.mr\/?p=28328&lang=fr#primaryimage","url":"https:\/\/lequotidien.mr\/wp-content\/uploads\/2025\/06\/photo-fleuve-Senegal-1.jpeg","contentUrl":"https:\/\/lequotidien.mr\/wp-content\/uploads\/2025\/06\/photo-fleuve-Senegal-1.jpeg","width":640,"height":463},{"@type":"BreadcrumbList","@id":"https:\/\/lequotidien.mr\/?p=28328&lang=fr#breadcrumb","itemListElement":[{"@type":"ListItem","position":1,"name":"Home","item":"https:\/\/lequotidien.mr\/"},{"@type":"ListItem","position":2,"name":"OMVS en Alerte : Pr\u00e9paration active face au risque d&rsquo;inondations pour la prochaine saison des pluies"}]},{"@type":"WebSite","@id":"https:\/\/lequotidien.mr\/#website","url":"https:\/\/lequotidien.mr\/","name":"Le Quotidien de Nouakchott","description":"\u0625\u062e\u0628\u0627\u0631\u064a\u0629 \u0645\u0633\u062a\u0642\u0644\u0629 \u0644\u0644\u0623\u0646\u0628\u0627\u0621 \u0627\u0644\u0639\u0627\u0645\u0629","publisher":{"@id":"https:\/\/lequotidien.mr\/#organization"},"potentialAction":[{"@type":"SearchAction","target":{"@type":"EntryPoint","urlTemplate":"https:\/\/lequotidien.mr\/?s={search_term_string}"},"query-input":{"@type":"PropertyValueSpecification","valueRequired":true,"valueName":"search_term_string"}}],"inLanguage":"ar"},{"@type":"Organization","@id":"https:\/\/lequotidien.mr\/#organization","name":"Le Quotidien de Nouakchott","url":"https:\/\/lequotidien.mr\/","logo":{"@type":"ImageObject","inLanguage":"ar","@id":"https:\/\/lequotidien.mr\/#\/schema\/logo\/image\/","url":"https:\/\/lequotidien.mr\/wp-content\/uploads\/2022\/11\/logolequotidien.jpg","contentUrl":"https:\/\/lequotidien.mr\/wp-content\/uploads\/2022\/11\/logolequotidien.jpg","width":290,"height":65,"caption":"Le Quotidien de Nouakchott"},"image":{"@id":"https:\/\/lequotidien.mr\/#\/schema\/logo\/image\/"},"sameAs":["https:\/\/web.facebook.com\/lequotidienmr","https:\/\/x.com\/lequotidienmr"]},{"@type":"Person","@id":"https:\/\/lequotidien.mr\/#\/schema\/person\/d2d350202a4d599685ed8abc25f97596","name":"Med Ahmed","image":{"@type":"ImageObject","inLanguage":"ar","@id":"https:\/\/secure.gravatar.com\/avatar\/fd2acc62ed50732923d1d39c17172c9b04149f142be92310ecc69e1358f94b52?s=96&d=mm&r=g","url":"https:\/\/secure.gravatar.com\/avatar\/fd2acc62ed50732923d1d39c17172c9b04149f142be92310ecc69e1358f94b52?s=96&d=mm&r=g","contentUrl":"https:\/\/secure.gravatar.com\/avatar\/fd2acc62ed50732923d1d39c17172c9b04149f142be92310ecc69e1358f94b52?s=96&d=mm&r=g","caption":"Med Ahmed"},"url":"https:\/\/lequotidien.mr\/?author=12"}]}},"_links":{"self":[{"href":"https:\/\/lequotidien.mr\/index.php?rest_route=\/wp\/v2\/posts\/28328","targetHints":{"allow":["GET"]}}],"collection":[{"href":"https:\/\/lequotidien.mr\/index.php?rest_route=\/wp\/v2\/posts"}],"about":[{"href":"https:\/\/lequotidien.mr\/index.php?rest_route=\/wp\/v2\/types\/post"}],"author":[{"embeddable":true,"href":"https:\/\/lequotidien.mr\/index.php?rest_route=\/wp\/v2\/users\/12"}],"replies":[{"embeddable":true,"href":"https:\/\/lequotidien.mr\/index.php?rest_route=%2Fwp%2Fv2%2Fcomments&post=28328"}],"version-history":[{"count":3,"href":"https:\/\/lequotidien.mr\/index.php?rest_route=\/wp\/v2\/posts\/28328\/revisions"}],"predecessor-version":[{"id":28333,"href":"https:\/\/lequotidien.mr\/index.php?rest_route=\/wp\/v2\/posts\/28328\/revisions\/28333"}],"wp:featuredmedia":[{"embeddable":true,"href":"https:\/\/lequotidien.mr\/index.php?rest_route=\/wp\/v2\/media\/28330"}],"wp:attachment":[{"href":"https:\/\/lequotidien.mr\/index.php?rest_route=%2Fwp%2Fv2%2Fmedia&parent=28328"}],"wp:term":[{"taxonomy":"category","embeddable":true,"href":"https:\/\/lequotidien.mr\/index.php?rest_route=%2Fwp%2Fv2%2Fcategories&post=28328"},{"taxonomy":"post_tag","embeddable":true,"href":"https:\/\/lequotidien.mr\/index.php?rest_route=%2Fwp%2Fv2%2Ftags&post=28328"}],"curies":[{"name":"wp","href":"https:\/\/api.w.org\/{rel}","templated":true}]}}