{"id":28325,"date":"2025-06-11T19:06:00","date_gmt":"2025-06-11T19:06:00","guid":{"rendered":"https:\/\/lequotidien.mr\/?p=28325"},"modified":"2025-06-11T19:06:00","modified_gmt":"2025-06-11T19:06:00","slug":"inchiri-mobilisation-contre-les-drogues-lors-dune-soiree-culturelle-a-akjoujt","status":"publish","type":"post","link":"https:\/\/lequotidien.mr\/?p=28325&lang=fr","title":{"rendered":"Inchiri : Mobilisation contre les drogues lors d&#8217;une soir\u00e9e culturelle \u00e0 Akjoujt"},"content":{"rendered":"<p>Le Wali de la r\u00e9gion de l\u2019Inchiri, M. Idrissa Demba Kor\u00e9ra, a pr\u00e9sid\u00e9, hier lundi soir \u00e0 Akjoujt, l\u2019ouverture d\u2019une importante soir\u00e9e culturelle d\u00e9di\u00e9e \u00e0 la sensibilisation aux dangers des stup\u00e9fiants et des substances psychotropes. Cet \u00e9v\u00e9nement, \u00e0 forte port\u00e9e sociale, a mobilis\u00e9 les autorit\u00e9s et la soci\u00e9t\u00e9 civile locale.<\/p>\n<p><strong>Une initiative citoyenne contre un fl\u00e9au social<\/strong><\/p>\n<p>Organis\u00e9e par l\u2019Association de la Jeunesse de Basma pour la Culture et la Renaissance du Patrimoine, en coop\u00e9ration avec le Forum R\u00e9gional des Organisations de la Soci\u00e9t\u00e9 Civile de l\u2019Inchiri, cette manifestation s\u2019inscrit r\u00e9solument dans le cadre de la lutte contre la toxicomanie. Elle vise \u00e0 alerter sur les p\u00e9rils que repr\u00e9sentent les drogues pour l\u2019individu, la sant\u00e9 publique et la coh\u00e9sion sociale.<\/p>\n<p>Dans son allocution d\u2019ouverture, le Wali M. Idrissa Demba Kor\u00e9ra a vivement salu\u00e9 l\u2019engagement de tous les acteurs impliqu\u00e9s dans cette campagne de sensibilisation et d\u2019\u00e9ducation, particuli\u00e8rement en direction de la jeunesse. Il a soulign\u00e9 l\u2019imp\u00e9rieuse n\u00e9cessit\u00e9 de diffuser et de promouvoir les valeurs de l\u2019Islam et ses vertus comme rempart contre ce fl\u00e9au.<\/p>\n<p>Le gouverneur a particuli\u00e8rement mis en lumi\u00e8re &#8220;le r\u00f4le jou\u00e9 par l\u2019Association des jeunes de Basma dans la sensibilisation au danger de ce ph\u00e9nom\u00e8ne&#8221;. Il a lanc\u00e9 un appel pressant \u00e0 l\u2019ensemble des citoyens de la r\u00e9gion pour qu\u2019ils contribuent \u00e0 &#8220;ce noble effort&#8221; de protection de la communaut\u00e9.<\/p>\n<p><strong>Basma sonne l&#8217;alarme et appelle \u00e0 l&#8217;action<\/strong><\/p>\n<p>Mme Fatimetou Che\u00efbani, Pr\u00e9sidente de l\u2019Association Basma, a pr\u00e9cis\u00e9 l\u2019objectif crucial de la soir\u00e9e : \u00e9veiller les consciences face au &#8220;v\u00e9ritable danger&#8221; que constituent les drogues et substances psychotropes, contre lequel la soci\u00e9t\u00e9 &#8220;doit s\u2019immuniser&#8221;. Elle a pr\u00e9sent\u00e9 cette manifestation comme &#8220;un appel sinc\u00e8re&#8221; adress\u00e9 aux parents et aux leaders d\u2019opinion de la r\u00e9gion, les exhortant \u00e0 s\u2019impliquer activement dans le processus de sensibilisation contre ce fl\u00e9au d\u00e9vastateur.<\/p>\n<p><strong>Une mobilisation institutionnelle et associative<\/strong><\/p>\n<p>La c\u00e9r\u00e9monie d\u2019ouverture s\u2019est d\u00e9roul\u00e9e en pr\u00e9sence d\u2019un parterre d\u2019officiels, t\u00e9moignant de l\u2019importance accord\u00e9e \u00e0 cette lutte, notamment le conseiller du wali charg\u00e9 des affaires \u00e9conomiques et du d\u00e9veloppement local, ainsi que l\u2019adjoint au maire de la commune d\u2019Akjoujt.<\/p>\n<p>Cette soir\u00e9e culturelle de sensibilisation, combinant probablement messages de pr\u00e9vention et expressions artistiques, illustre la volont\u00e9 des autorit\u00e9s r\u00e9gionales et de la soci\u00e9t\u00e9 civile de l\u2019Inchiri d\u2019unir leurs forces pour combattre la toxicomanie. Elle souligne la reconnaissance du r\u00f4le central de l\u2019\u00e9ducation, des valeurs religieuses et de la mobilisation communautaire dans ce combat essentiel pour l\u2019avenir de la jeunesse et la sant\u00e9 de la soci\u00e9t\u00e9 mauritanienne.<\/p>\n","protected":false},"excerpt":{"rendered":"<p>Le Wali de la r\u00e9gion de l\u2019Inchiri, M. Idrissa Demba Kor\u00e9ra, a pr\u00e9sid\u00e9, hier lundi soir \u00e0 Akjoujt, l\u2019ouverture d\u2019une importante soir\u00e9e culturelle d\u00e9di\u00e9e \u00e0 la sensibilisation aux dangers des stup\u00e9fiants et des substances psychotropes. Cet \u00e9v\u00e9nement, \u00e0 forte port\u00e9e sociale, a mobilis\u00e9 les autorit\u00e9s et la soci\u00e9t\u00e9 civile locale. Une initiative citoyenne contre un&#8230;..<\/p>\n","protected":false},"author":12,"featured_media":28326,"comment_status":"open","ping_status":"open","sticky":false,"template":"","format":"standard","meta":{"footnotes":""},"categories":[23,55],"tags":[],"class_list":["post-28325","post","type-post","status-publish","format-standard","has-post-thumbnail","hentry","category-actualite","category-culture"],"yoast_head":"<!-- This site is optimized with the Yoast SEO plugin v27.5 - https:\/\/yoast.com\/product\/yoast-seo-wordpress\/ -->\n<title>Inchiri : Mobilisation contre les drogues lors d&#039;une soir\u00e9e culturelle \u00e0 Akjoujt - Le Quotidien de Nouakchott<\/title>\n<meta name=\"robots\" content=\"index, follow, max-snippet:-1, max-image-preview:large, max-video-preview:-1\" \/>\n<link rel=\"canonical\" href=\"https:\/\/lequotidien.mr\/?p=28325&lang=fr\" \/>\n<meta property=\"og:locale\" content=\"ar_AR\" \/>\n<meta property=\"og:type\" content=\"article\" \/>\n<meta property=\"og:title\" content=\"Inchiri : Mobilisation contre les drogues lors d&#039;une soir\u00e9e culturelle \u00e0 Akjoujt - Le Quotidien de Nouakchott\" \/>\n<meta property=\"og:description\" content=\"Le Wali de la r\u00e9gion de l\u2019Inchiri, M. Idrissa Demba Kor\u00e9ra, a pr\u00e9sid\u00e9, hier lundi soir \u00e0 Akjoujt, l\u2019ouverture d\u2019une importante soir\u00e9e culturelle d\u00e9di\u00e9e \u00e0 la sensibilisation aux dangers des stup\u00e9fiants et des substances psychotropes. Cet \u00e9v\u00e9nement, \u00e0 forte port\u00e9e sociale, a mobilis\u00e9 les autorit\u00e9s et la soci\u00e9t\u00e9 civile locale. Une initiative citoyenne contre un.....\" \/>\n<meta property=\"og:url\" content=\"https:\/\/lequotidien.mr\/?p=28325&amp;lang=fr\" \/>\n<meta property=\"og:site_name\" content=\"Le Quotidien de Nouakchott\" \/>\n<meta property=\"article:publisher\" content=\"https:\/\/web.facebook.com\/lequotidienmr\" \/>\n<meta property=\"article:published_time\" content=\"2025-06-11T19:06:00+00:00\" \/>\n<meta property=\"og:image\" content=\"https:\/\/lequotidien.mr\/wp-content\/uploads\/2025\/06\/photo-soiree-dgers-drogue.jpg\" \/>\n\t<meta property=\"og:image:width\" content=\"750\" \/>\n\t<meta property=\"og:image:height\" content=\"430\" \/>\n\t<meta property=\"og:image:type\" content=\"image\/jpeg\" \/>\n<meta name=\"author\" content=\"Med Ahmed\" \/>\n<meta name=\"twitter:card\" content=\"summary_large_image\" \/>\n<meta name=\"twitter:creator\" content=\"@lequotidienmr\" \/>\n<meta name=\"twitter:site\" content=\"@lequotidienmr\" \/>\n<meta name=\"twitter:label1\" content=\"\u0643\u064f\u062a\u0628 \u0628\u0648\u0627\u0633\u0637\u0629\" \/>\n\t<meta name=\"twitter:data1\" content=\"Med Ahmed\" \/>\n\t<meta name=\"twitter:label2\" content=\"\u0648\u0642\u062a \u0627\u0644\u0642\u0631\u0627\u0621\u0629 \u0627\u0644\u0645\u064f\u0642\u062f\u0651\u0631\" \/>\n\t<meta name=\"twitter:data2\" content=\"3 \u062f\u0642\u0627\u0626\u0642\" \/>\n<script type=\"application\/ld+json\" class=\"yoast-schema-graph\">{\"@context\":\"https:\\\/\\\/schema.org\",\"@graph\":[{\"@type\":\"Article\",\"@id\":\"https:\\\/\\\/lequotidien.mr\\\/?p=28325&lang=fr#article\",\"isPartOf\":{\"@id\":\"https:\\\/\\\/lequotidien.mr\\\/?p=28325&lang=fr\"},\"author\":{\"name\":\"Med Ahmed\",\"@id\":\"https:\\\/\\\/lequotidien.mr\\\/#\\\/schema\\\/person\\\/d2d350202a4d599685ed8abc25f97596\"},\"headline\":\"Inchiri : Mobilisation contre les drogues lors d&#8217;une soir\u00e9e culturelle \u00e0 Akjoujt\",\"datePublished\":\"2025-06-11T19:06:00+00:00\",\"mainEntityOfPage\":{\"@id\":\"https:\\\/\\\/lequotidien.mr\\\/?p=28325&lang=fr\"},\"wordCount\":501,\"commentCount\":0,\"publisher\":{\"@id\":\"https:\\\/\\\/lequotidien.mr\\\/#organization\"},\"image\":{\"@id\":\"https:\\\/\\\/lequotidien.mr\\\/?p=28325&lang=fr#primaryimage\"},\"thumbnailUrl\":\"https:\\\/\\\/lequotidien.mr\\\/wp-content\\\/uploads\\\/2025\\\/06\\\/photo-soiree-dgers-drogue.jpg\",\"articleSection\":[\"ACTUALIT\u00c9\",\"Culture\"],\"inLanguage\":\"ar\",\"potentialAction\":[{\"@type\":\"CommentAction\",\"name\":\"Comment\",\"target\":[\"https:\\\/\\\/lequotidien.mr\\\/?p=28325&lang=fr#respond\"]}]},{\"@type\":\"WebPage\",\"@id\":\"https:\\\/\\\/lequotidien.mr\\\/?p=28325&lang=fr\",\"url\":\"https:\\\/\\\/lequotidien.mr\\\/?p=28325&lang=fr\",\"name\":\"Inchiri : Mobilisation contre les drogues lors d'une soir\u00e9e culturelle \u00e0 Akjoujt - Le Quotidien de Nouakchott\",\"isPartOf\":{\"@id\":\"https:\\\/\\\/lequotidien.mr\\\/#website\"},\"primaryImageOfPage\":{\"@id\":\"https:\\\/\\\/lequotidien.mr\\\/?p=28325&lang=fr#primaryimage\"},\"image\":{\"@id\":\"https:\\\/\\\/lequotidien.mr\\\/?p=28325&lang=fr#primaryimage\"},\"thumbnailUrl\":\"https:\\\/\\\/lequotidien.mr\\\/wp-content\\\/uploads\\\/2025\\\/06\\\/photo-soiree-dgers-drogue.jpg\",\"datePublished\":\"2025-06-11T19:06:00+00:00\",\"breadcrumb\":{\"@id\":\"https:\\\/\\\/lequotidien.mr\\\/?p=28325&lang=fr#breadcrumb\"},\"inLanguage\":\"ar\",\"potentialAction\":[{\"@type\":\"ReadAction\",\"target\":[\"https:\\\/\\\/lequotidien.mr\\\/?p=28325&lang=fr\"]}]},{\"@type\":\"ImageObject\",\"inLanguage\":\"ar\",\"@id\":\"https:\\\/\\\/lequotidien.mr\\\/?p=28325&lang=fr#primaryimage\",\"url\":\"https:\\\/\\\/lequotidien.mr\\\/wp-content\\\/uploads\\\/2025\\\/06\\\/photo-soiree-dgers-drogue.jpg\",\"contentUrl\":\"https:\\\/\\\/lequotidien.mr\\\/wp-content\\\/uploads\\\/2025\\\/06\\\/photo-soiree-dgers-drogue.jpg\",\"width\":750,\"height\":430},{\"@type\":\"BreadcrumbList\",\"@id\":\"https:\\\/\\\/lequotidien.mr\\\/?p=28325&lang=fr#breadcrumb\",\"itemListElement\":[{\"@type\":\"ListItem\",\"position\":1,\"name\":\"Home\",\"item\":\"https:\\\/\\\/lequotidien.mr\\\/\"},{\"@type\":\"ListItem\",\"position\":2,\"name\":\"Inchiri : Mobilisation contre les drogues lors d&rsquo;une soir\u00e9e culturelle \u00e0 Akjoujt\"}]},{\"@type\":\"WebSite\",\"@id\":\"https:\\\/\\\/lequotidien.mr\\\/#website\",\"url\":\"https:\\\/\\\/lequotidien.mr\\\/\",\"name\":\"Le Quotidien de Nouakchott\",\"description\":\"\u0625\u062e\u0628\u0627\u0631\u064a\u0629 \u0645\u0633\u062a\u0642\u0644\u0629 \u0644\u0644\u0623\u0646\u0628\u0627\u0621 \u0627\u0644\u0639\u0627\u0645\u0629\",\"publisher\":{\"@id\":\"https:\\\/\\\/lequotidien.mr\\\/#organization\"},\"potentialAction\":[{\"@type\":\"SearchAction\",\"target\":{\"@type\":\"EntryPoint\",\"urlTemplate\":\"https:\\\/\\\/lequotidien.mr\\\/?s={search_term_string}\"},\"query-input\":{\"@type\":\"PropertyValueSpecification\",\"valueRequired\":true,\"valueName\":\"search_term_string\"}}],\"inLanguage\":\"ar\"},{\"@type\":\"Organization\",\"@id\":\"https:\\\/\\\/lequotidien.mr\\\/#organization\",\"name\":\"Le Quotidien de Nouakchott\",\"url\":\"https:\\\/\\\/lequotidien.mr\\\/\",\"logo\":{\"@type\":\"ImageObject\",\"inLanguage\":\"ar\",\"@id\":\"https:\\\/\\\/lequotidien.mr\\\/#\\\/schema\\\/logo\\\/image\\\/\",\"url\":\"https:\\\/\\\/lequotidien.mr\\\/wp-content\\\/uploads\\\/2022\\\/11\\\/logolequotidien.jpg\",\"contentUrl\":\"https:\\\/\\\/lequotidien.mr\\\/wp-content\\\/uploads\\\/2022\\\/11\\\/logolequotidien.jpg\",\"width\":290,\"height\":65,\"caption\":\"Le Quotidien de Nouakchott\"},\"image\":{\"@id\":\"https:\\\/\\\/lequotidien.mr\\\/#\\\/schema\\\/logo\\\/image\\\/\"},\"sameAs\":[\"https:\\\/\\\/web.facebook.com\\\/lequotidienmr\",\"https:\\\/\\\/x.com\\\/lequotidienmr\"]},{\"@type\":\"Person\",\"@id\":\"https:\\\/\\\/lequotidien.mr\\\/#\\\/schema\\\/person\\\/d2d350202a4d599685ed8abc25f97596\",\"name\":\"Med Ahmed\",\"image\":{\"@type\":\"ImageObject\",\"inLanguage\":\"ar\",\"@id\":\"https:\\\/\\\/secure.gravatar.com\\\/avatar\\\/fd2acc62ed50732923d1d39c17172c9b04149f142be92310ecc69e1358f94b52?s=96&d=mm&r=g\",\"url\":\"https:\\\/\\\/secure.gravatar.com\\\/avatar\\\/fd2acc62ed50732923d1d39c17172c9b04149f142be92310ecc69e1358f94b52?s=96&d=mm&r=g\",\"contentUrl\":\"https:\\\/\\\/secure.gravatar.com\\\/avatar\\\/fd2acc62ed50732923d1d39c17172c9b04149f142be92310ecc69e1358f94b52?s=96&d=mm&r=g\",\"caption\":\"Med Ahmed\"},\"url\":\"https:\\\/\\\/lequotidien.mr\\\/?author=12\"}]}<\/script>\n<!-- \/ Yoast SEO plugin. -->","yoast_head_json":{"title":"Inchiri : Mobilisation contre les drogues lors d'une soir\u00e9e culturelle \u00e0 Akjoujt - Le Quotidien de Nouakchott","robots":{"index":"index","follow":"follow","max-snippet":"max-snippet:-1","max-image-preview":"max-image-preview:large","max-video-preview":"max-video-preview:-1"},"canonical":"https:\/\/lequotidien.mr\/?p=28325&lang=fr","og_locale":"ar_AR","og_type":"article","og_title":"Inchiri : Mobilisation contre les drogues lors d'une soir\u00e9e culturelle \u00e0 Akjoujt - Le Quotidien de Nouakchott","og_description":"Le Wali de la r\u00e9gion de l\u2019Inchiri, M. Idrissa Demba Kor\u00e9ra, a pr\u00e9sid\u00e9, hier lundi soir \u00e0 Akjoujt, l\u2019ouverture d\u2019une importante soir\u00e9e culturelle d\u00e9di\u00e9e \u00e0 la sensibilisation aux dangers des stup\u00e9fiants et des substances psychotropes. Cet \u00e9v\u00e9nement, \u00e0 forte port\u00e9e sociale, a mobilis\u00e9 les autorit\u00e9s et la soci\u00e9t\u00e9 civile locale. Une initiative citoyenne contre un.....","og_url":"https:\/\/lequotidien.mr\/?p=28325&lang=fr","og_site_name":"Le Quotidien de Nouakchott","article_publisher":"https:\/\/web.facebook.com\/lequotidienmr","article_published_time":"2025-06-11T19:06:00+00:00","og_image":[{"width":750,"height":430,"url":"https:\/\/lequotidien.mr\/wp-content\/uploads\/2025\/06\/photo-soiree-dgers-drogue.jpg","type":"image\/jpeg"}],"author":"Med Ahmed","twitter_card":"summary_large_image","twitter_creator":"@lequotidienmr","twitter_site":"@lequotidienmr","twitter_misc":{"\u0643\u064f\u062a\u0628 \u0628\u0648\u0627\u0633\u0637\u0629":"Med Ahmed","\u0648\u0642\u062a \u0627\u0644\u0642\u0631\u0627\u0621\u0629 \u0627\u0644\u0645\u064f\u0642\u062f\u0651\u0631":"3 \u062f\u0642\u0627\u0626\u0642"},"schema":{"@context":"https:\/\/schema.org","@graph":[{"@type":"Article","@id":"https:\/\/lequotidien.mr\/?p=28325&lang=fr#article","isPartOf":{"@id":"https:\/\/lequotidien.mr\/?p=28325&lang=fr"},"author":{"name":"Med Ahmed","@id":"https:\/\/lequotidien.mr\/#\/schema\/person\/d2d350202a4d599685ed8abc25f97596"},"headline":"Inchiri : Mobilisation contre les drogues lors d&#8217;une soir\u00e9e culturelle \u00e0 Akjoujt","datePublished":"2025-06-11T19:06:00+00:00","mainEntityOfPage":{"@id":"https:\/\/lequotidien.mr\/?p=28325&lang=fr"},"wordCount":501,"commentCount":0,"publisher":{"@id":"https:\/\/lequotidien.mr\/#organization"},"image":{"@id":"https:\/\/lequotidien.mr\/?p=28325&lang=fr#primaryimage"},"thumbnailUrl":"https:\/\/lequotidien.mr\/wp-content\/uploads\/2025\/06\/photo-soiree-dgers-drogue.jpg","articleSection":["ACTUALIT\u00c9","Culture"],"inLanguage":"ar","potentialAction":[{"@type":"CommentAction","name":"Comment","target":["https:\/\/lequotidien.mr\/?p=28325&lang=fr#respond"]}]},{"@type":"WebPage","@id":"https:\/\/lequotidien.mr\/?p=28325&lang=fr","url":"https:\/\/lequotidien.mr\/?p=28325&lang=fr","name":"Inchiri : Mobilisation contre les drogues lors d'une soir\u00e9e culturelle \u00e0 Akjoujt - Le Quotidien de Nouakchott","isPartOf":{"@id":"https:\/\/lequotidien.mr\/#website"},"primaryImageOfPage":{"@id":"https:\/\/lequotidien.mr\/?p=28325&lang=fr#primaryimage"},"image":{"@id":"https:\/\/lequotidien.mr\/?p=28325&lang=fr#primaryimage"},"thumbnailUrl":"https:\/\/lequotidien.mr\/wp-content\/uploads\/2025\/06\/photo-soiree-dgers-drogue.jpg","datePublished":"2025-06-11T19:06:00+00:00","breadcrumb":{"@id":"https:\/\/lequotidien.mr\/?p=28325&lang=fr#breadcrumb"},"inLanguage":"ar","potentialAction":[{"@type":"ReadAction","target":["https:\/\/lequotidien.mr\/?p=28325&lang=fr"]}]},{"@type":"ImageObject","inLanguage":"ar","@id":"https:\/\/lequotidien.mr\/?p=28325&lang=fr#primaryimage","url":"https:\/\/lequotidien.mr\/wp-content\/uploads\/2025\/06\/photo-soiree-dgers-drogue.jpg","contentUrl":"https:\/\/lequotidien.mr\/wp-content\/uploads\/2025\/06\/photo-soiree-dgers-drogue.jpg","width":750,"height":430},{"@type":"BreadcrumbList","@id":"https:\/\/lequotidien.mr\/?p=28325&lang=fr#breadcrumb","itemListElement":[{"@type":"ListItem","position":1,"name":"Home","item":"https:\/\/lequotidien.mr\/"},{"@type":"ListItem","position":2,"name":"Inchiri : Mobilisation contre les drogues lors d&rsquo;une soir\u00e9e culturelle \u00e0 Akjoujt"}]},{"@type":"WebSite","@id":"https:\/\/lequotidien.mr\/#website","url":"https:\/\/lequotidien.mr\/","name":"Le Quotidien de Nouakchott","description":"\u0625\u062e\u0628\u0627\u0631\u064a\u0629 \u0645\u0633\u062a\u0642\u0644\u0629 \u0644\u0644\u0623\u0646\u0628\u0627\u0621 \u0627\u0644\u0639\u0627\u0645\u0629","publisher":{"@id":"https:\/\/lequotidien.mr\/#organization"},"potentialAction":[{"@type":"SearchAction","target":{"@type":"EntryPoint","urlTemplate":"https:\/\/lequotidien.mr\/?s={search_term_string}"},"query-input":{"@type":"PropertyValueSpecification","valueRequired":true,"valueName":"search_term_string"}}],"inLanguage":"ar"},{"@type":"Organization","@id":"https:\/\/lequotidien.mr\/#organization","name":"Le Quotidien de Nouakchott","url":"https:\/\/lequotidien.mr\/","logo":{"@type":"ImageObject","inLanguage":"ar","@id":"https:\/\/lequotidien.mr\/#\/schema\/logo\/image\/","url":"https:\/\/lequotidien.mr\/wp-content\/uploads\/2022\/11\/logolequotidien.jpg","contentUrl":"https:\/\/lequotidien.mr\/wp-content\/uploads\/2022\/11\/logolequotidien.jpg","width":290,"height":65,"caption":"Le Quotidien de Nouakchott"},"image":{"@id":"https:\/\/lequotidien.mr\/#\/schema\/logo\/image\/"},"sameAs":["https:\/\/web.facebook.com\/lequotidienmr","https:\/\/x.com\/lequotidienmr"]},{"@type":"Person","@id":"https:\/\/lequotidien.mr\/#\/schema\/person\/d2d350202a4d599685ed8abc25f97596","name":"Med Ahmed","image":{"@type":"ImageObject","inLanguage":"ar","@id":"https:\/\/secure.gravatar.com\/avatar\/fd2acc62ed50732923d1d39c17172c9b04149f142be92310ecc69e1358f94b52?s=96&d=mm&r=g","url":"https:\/\/secure.gravatar.com\/avatar\/fd2acc62ed50732923d1d39c17172c9b04149f142be92310ecc69e1358f94b52?s=96&d=mm&r=g","contentUrl":"https:\/\/secure.gravatar.com\/avatar\/fd2acc62ed50732923d1d39c17172c9b04149f142be92310ecc69e1358f94b52?s=96&d=mm&r=g","caption":"Med Ahmed"},"url":"https:\/\/lequotidien.mr\/?author=12"}]}},"_links":{"self":[{"href":"https:\/\/lequotidien.mr\/index.php?rest_route=\/wp\/v2\/posts\/28325","targetHints":{"allow":["GET"]}}],"collection":[{"href":"https:\/\/lequotidien.mr\/index.php?rest_route=\/wp\/v2\/posts"}],"about":[{"href":"https:\/\/lequotidien.mr\/index.php?rest_route=\/wp\/v2\/types\/post"}],"author":[{"embeddable":true,"href":"https:\/\/lequotidien.mr\/index.php?rest_route=\/wp\/v2\/users\/12"}],"replies":[{"embeddable":true,"href":"https:\/\/lequotidien.mr\/index.php?rest_route=%2Fwp%2Fv2%2Fcomments&post=28325"}],"version-history":[{"count":1,"href":"https:\/\/lequotidien.mr\/index.php?rest_route=\/wp\/v2\/posts\/28325\/revisions"}],"predecessor-version":[{"id":28327,"href":"https:\/\/lequotidien.mr\/index.php?rest_route=\/wp\/v2\/posts\/28325\/revisions\/28327"}],"wp:featuredmedia":[{"embeddable":true,"href":"https:\/\/lequotidien.mr\/index.php?rest_route=\/wp\/v2\/media\/28326"}],"wp:attachment":[{"href":"https:\/\/lequotidien.mr\/index.php?rest_route=%2Fwp%2Fv2%2Fmedia&parent=28325"}],"wp:term":[{"taxonomy":"category","embeddable":true,"href":"https:\/\/lequotidien.mr\/index.php?rest_route=%2Fwp%2Fv2%2Fcategories&post=28325"},{"taxonomy":"post_tag","embeddable":true,"href":"https:\/\/lequotidien.mr\/index.php?rest_route=%2Fwp%2Fv2%2Ftags&post=28325"}],"curies":[{"name":"wp","href":"https:\/\/api.w.org\/{rel}","templated":true}]}}