{"id":28279,"date":"2025-06-09T23:53:06","date_gmt":"2025-06-09T23:53:06","guid":{"rendered":"https:\/\/lequotidien.mr\/?p=28279"},"modified":"2025-06-09T23:53:06","modified_gmt":"2025-06-09T23:53:06","slug":"agenda-du-premier-ministre-suivi-rapproche-du-projet-duranium-daura-energy-et-avancees-majeures-pour-le-logement-des-enseignants","status":"publish","type":"post","link":"https:\/\/lequotidien.mr\/?p=28279&lang=fr","title":{"rendered":"Agenda du Premier ministre : Suivi rapproch\u00e9 du projet d\u2019uranium d\u2019Aura Energy et avanc\u00e9es majeures pour le logement des enseignants"},"content":{"rendered":"<p>L\u2019agenda du Premier ministre mauritanien, M. Moctar Djay, a \u00e9t\u00e9 marqu\u00e9 cette semaine par le suivi de dossiers strat\u00e9giques, alliant d\u00e9veloppement \u00e9conomique majeur et pr\u00e9occupation sociale, conform\u00e9ment aux orientations du Pr\u00e9sident de la R\u00e9publique, Mohamed Cheikh El Ghazouani.<\/p>\n<p><strong>Projet d\u2019uranium d\u2019Aura Energy : Engagements et perspectives<\/strong><\/p>\n<p>Lundi, le Chef du gouvernement a re\u00e7u en audience M. Philip Mitchell, Pr\u00e9sident de la soci\u00e9t\u00e9 mini\u00e8re australienne Aura Energy. L\u2019entreprise est engag\u00e9e dans un projet d\u2019exploitation d\u2019uranium dans le nord-ouest du pays, consid\u00e9r\u00e9 comme l\u2019un des \u00ab grands projets structurants \u00bb du programme pr\u00e9sidentiel.<\/p>\n<p>Lors de cette rencontre, M. Mitchell a pr\u00e9sent\u00e9 un \u00e9tat d\u2019avancement d\u00e9taill\u00e9 du projet et a fait le point sur la mobilisation des financements n\u00e9cessaires \u00e0 sa concr\u00e9tisation. Les chiffres avanc\u00e9s sont significatifs : le projet vise une production annuelle d\u2019environ un million de livres d\u2019uranium, g\u00e9n\u00e9rant des revenus estim\u00e9s \u00e0 160 millions de dollars par an. Sa mise en \u0153uvre n\u00e9cessitera un investissement initial de 300 millions de dollars et emploiera environ 1 000 personnes pendant la phase de construction des installations.<\/p>\n<p>En r\u00e9ponse, le Premier ministre Moctar Djay a salu\u00e9 les efforts d\u00e9ploy\u00e9s par Aura Energy et ses partenaires. Il a\u00a0<strong>r\u00e9affirm\u00e9 l\u2019attachement ferme du gouvernement mauritanien \u00e0 sa nouvelle strat\u00e9gie de gestion des permis miniers<\/strong>. Cette strat\u00e9gie repose sur deux piliers essentiels :\u00a0<strong>le strict respect des d\u00e9lais impartis<\/strong>\u00a0aux d\u00e9tenteurs de permis et\u00a0<strong>la valorisation durable des ressources naturelles<\/strong>\u00a0du pays, au b\u00e9n\u00e9fice de sa souverainet\u00e9 \u00e9conomique.<\/p>\n<p>\u00c0 l\u2019issue de l\u2019entretien, M. Philip Mitchell a d\u00e9clar\u00e9 \u00e0 l\u2019Agence Mauritanienne d\u2019Information (AMI) avoir eu \u00ab l\u2019honneur de rencontrer le Premier ministre \u00bb et de lui pr\u00e9senter le projet. Il a indiqu\u00e9 avoir discut\u00e9 du plan de mise en \u0153uvre et exprim\u00e9 l\u2019espoir que les travaux d\u00e9buteraient \u00ab au d\u00e9but de l\u2019ann\u00e9e prochaine \u00bb. La rencontre s\u2019est tenue en pr\u00e9sence de M. Thiam Tidjani, Ministre des Mines et de l\u2019Industrie, et de M. Cheikh Zeidane, Directeur de Cabinet du Premier ministre.<\/p>\n<p><strong>Fonds d\u2019appui au logement des enseignants : Accord trouv\u00e9 apr\u00e8s concertation<\/strong><\/p>\n<p>Plus t\u00f4t dans la semaine, vendredi dernier, le Premier ministre avait pr\u00e9sid\u00e9 une r\u00e9union cruciale du comit\u00e9 minist\u00e9riel charg\u00e9 du\u00a0<strong>Fonds d\u2019appui au logement des enseignants<\/strong>. Cr\u00e9\u00e9 sur instruction du Pr\u00e9sident El Ghazouani, ce fonds vise \u00e0 faciliter l\u2019acc\u00e8s des enseignants en activit\u00e9 \u00e0 un logement d\u00e9cent, am\u00e9liorant ainsi leurs conditions de vie.<\/p>\n<p>Apr\u00e8s un \u00ab long processus de discussion \u00bb marqu\u00e9 par la recherche de solutions adapt\u00e9es, un accord global a \u00e9t\u00e9 trouv\u00e9. Les points consensuels couvrent d\u00e9sormais :<\/p>\n<p>-Le montant de l\u2019aide fournie par le fonds\u00a0;<\/p>\n<p>-Le pourcentage de la contribution financi\u00e8re de l\u2019enseignant\u00a0;<\/p>\n<p>-Le mode de paiement\u00a0;<\/p>\n<p>-Les crit\u00e8res d\u2019\u00e9ligibilit\u00e9.<\/p>\n<p>-Le nombre annuel de b\u00e9n\u00e9ficiaires.<\/p>\n<p>Le Premier ministre a\u00a0<strong>salu\u00e9 \u00ab l\u2019engagement positif \u00bb des repr\u00e9sentants des enseignants<\/strong>\u00a0ainsi que\u00a0<strong>l\u2019atmosph\u00e8re constructive<\/strong>\u00a0ayant pr\u00e9sid\u00e9 aux n\u00e9gociations, r\u00e9sultat d\u2019un processus de concertation entre le gouvernement et ces repr\u00e9sentants. Il a instruit la commission de finaliser rapidement la r\u00e9daction des textes r\u00e9glementaires en coh\u00e9rence avec l\u2019accord trouv\u00e9 et de pr\u00e9parer le plan technique de vente des logements. Ce plan concerne les logements annonc\u00e9s par le Pr\u00e9sident de la R\u00e9publique comme contribution au soutien de ce fonds.<\/p>\n<p>Ces deux r\u00e9unions illustrent la dynamique de l\u2019ex\u00e9cutif mauritanien, conduit par le Premier ministre Moctar Djay, pour mettre en \u0153uvre le programme du Pr\u00e9sident El Ghazouani. D\u2019un c\u00f4t\u00e9, le suivi rigoureux de projets d\u2019investissement structurants, comme celui d\u2019Aura Energy, vise \u00e0 stimuler la croissance, cr\u00e9er des emplois et renforcer la souverainet\u00e9 nationale dans les secteurs strat\u00e9giques. De l\u2019autre, l\u2019aboutissement des n\u00e9gociations sur le Fonds d\u2019appui au logement des enseignants d\u00e9montre la priorit\u00e9 accord\u00e9e au dialogue social et \u00e0 l\u2019am\u00e9lioration des conditions de vie des acteurs cl\u00e9s du d\u00e9veloppement, en l\u2019occurrence les enseignants.<\/p>\n","protected":false},"excerpt":{"rendered":"<p>L\u2019agenda du Premier ministre mauritanien, M. Moctar Djay, a \u00e9t\u00e9 marqu\u00e9 cette semaine par le suivi de dossiers strat\u00e9giques, alliant d\u00e9veloppement \u00e9conomique majeur et pr\u00e9occupation sociale, conform\u00e9ment aux orientations du Pr\u00e9sident de la R\u00e9publique, Mohamed Cheikh El Ghazouani. Projet d\u2019uranium d\u2019Aura Energy : Engagements et perspectives Lundi, le Chef du gouvernement a re\u00e7u en audience&#8230;..<\/p>\n","protected":false},"author":12,"featured_media":28280,"comment_status":"open","ping_status":"open","sticky":false,"template":"","format":"standard","meta":{"footnotes":""},"categories":[23,49],"tags":[],"class_list":["post-28279","post","type-post","status-publish","format-standard","has-post-thumbnail","hentry","category-actualite","category-economie"],"yoast_head":"<!-- This site is optimized with the Yoast SEO plugin v27.5 - https:\/\/yoast.com\/product\/yoast-seo-wordpress\/ -->\n<title>Agenda du Premier ministre : Suivi rapproch\u00e9 du projet d\u2019uranium d\u2019Aura Energy et avanc\u00e9es majeures pour le logement des enseignants - Le Quotidien de Nouakchott<\/title>\n<meta name=\"robots\" content=\"index, follow, max-snippet:-1, max-image-preview:large, max-video-preview:-1\" \/>\n<link rel=\"canonical\" href=\"https:\/\/lequotidien.mr\/?p=28279&lang=fr\" \/>\n<meta property=\"og:locale\" content=\"ar_AR\" \/>\n<meta property=\"og:type\" content=\"article\" \/>\n<meta property=\"og:title\" content=\"Agenda du Premier ministre : Suivi rapproch\u00e9 du projet d\u2019uranium d\u2019Aura Energy et avanc\u00e9es majeures pour le logement des enseignants - Le Quotidien de Nouakchott\" \/>\n<meta property=\"og:description\" content=\"L\u2019agenda du Premier ministre mauritanien, M. Moctar Djay, a \u00e9t\u00e9 marqu\u00e9 cette semaine par le suivi de dossiers strat\u00e9giques, alliant d\u00e9veloppement \u00e9conomique majeur et pr\u00e9occupation sociale, conform\u00e9ment aux orientations du Pr\u00e9sident de la R\u00e9publique, Mohamed Cheikh El Ghazouani. Projet d\u2019uranium d\u2019Aura Energy : Engagements et perspectives Lundi, le Chef du gouvernement a re\u00e7u en audience.....\" \/>\n<meta property=\"og:url\" content=\"https:\/\/lequotidien.mr\/?p=28279&amp;lang=fr\" \/>\n<meta property=\"og:site_name\" content=\"Le Quotidien de Nouakchott\" \/>\n<meta property=\"article:publisher\" content=\"https:\/\/web.facebook.com\/lequotidienmr\" \/>\n<meta property=\"article:published_time\" content=\"2025-06-09T23:53:06+00:00\" \/>\n<meta property=\"og:image\" content=\"https:\/\/lequotidien.mr\/wp-content\/uploads\/2025\/06\/photo-lgmts-enseignants.jpg\" \/>\n\t<meta property=\"og:image:width\" content=\"750\" \/>\n\t<meta property=\"og:image:height\" content=\"430\" \/>\n\t<meta property=\"og:image:type\" content=\"image\/jpeg\" \/>\n<meta name=\"author\" content=\"Med Ahmed\" \/>\n<meta name=\"twitter:card\" content=\"summary_large_image\" \/>\n<meta name=\"twitter:creator\" content=\"@lequotidienmr\" \/>\n<meta name=\"twitter:site\" content=\"@lequotidienmr\" \/>\n<meta name=\"twitter:label1\" content=\"\u0643\u064f\u062a\u0628 \u0628\u0648\u0627\u0633\u0637\u0629\" \/>\n\t<meta name=\"twitter:data1\" content=\"Med Ahmed\" \/>\n\t<meta name=\"twitter:label2\" content=\"\u0648\u0642\u062a \u0627\u0644\u0642\u0631\u0627\u0621\u0629 \u0627\u0644\u0645\u064f\u0642\u062f\u0651\u0631\" \/>\n\t<meta name=\"twitter:data2\" content=\"5 \u062f\u0642\u0627\u0626\u0642\" \/>\n<script type=\"application\/ld+json\" class=\"yoast-schema-graph\">{\"@context\":\"https:\\\/\\\/schema.org\",\"@graph\":[{\"@type\":\"Article\",\"@id\":\"https:\\\/\\\/lequotidien.mr\\\/?p=28279&lang=fr#article\",\"isPartOf\":{\"@id\":\"https:\\\/\\\/lequotidien.mr\\\/?p=28279&lang=fr\"},\"author\":{\"name\":\"Med Ahmed\",\"@id\":\"https:\\\/\\\/lequotidien.mr\\\/#\\\/schema\\\/person\\\/d2d350202a4d599685ed8abc25f97596\"},\"headline\":\"Agenda du Premier ministre : Suivi rapproch\u00e9 du projet d\u2019uranium d\u2019Aura Energy et avanc\u00e9es majeures pour le logement des enseignants\",\"datePublished\":\"2025-06-09T23:53:06+00:00\",\"mainEntityOfPage\":{\"@id\":\"https:\\\/\\\/lequotidien.mr\\\/?p=28279&lang=fr\"},\"wordCount\":726,\"commentCount\":0,\"publisher\":{\"@id\":\"https:\\\/\\\/lequotidien.mr\\\/#organization\"},\"image\":{\"@id\":\"https:\\\/\\\/lequotidien.mr\\\/?p=28279&lang=fr#primaryimage\"},\"thumbnailUrl\":\"https:\\\/\\\/lequotidien.mr\\\/wp-content\\\/uploads\\\/2025\\\/06\\\/photo-lgmts-enseignants.jpg\",\"articleSection\":[\"ACTUALIT\u00c9\",\"Economie\"],\"inLanguage\":\"ar\",\"potentialAction\":[{\"@type\":\"CommentAction\",\"name\":\"Comment\",\"target\":[\"https:\\\/\\\/lequotidien.mr\\\/?p=28279&lang=fr#respond\"]}]},{\"@type\":\"WebPage\",\"@id\":\"https:\\\/\\\/lequotidien.mr\\\/?p=28279&lang=fr\",\"url\":\"https:\\\/\\\/lequotidien.mr\\\/?p=28279&lang=fr\",\"name\":\"Agenda du Premier ministre : Suivi rapproch\u00e9 du projet d\u2019uranium d\u2019Aura Energy et avanc\u00e9es majeures pour le logement des enseignants - Le Quotidien de Nouakchott\",\"isPartOf\":{\"@id\":\"https:\\\/\\\/lequotidien.mr\\\/#website\"},\"primaryImageOfPage\":{\"@id\":\"https:\\\/\\\/lequotidien.mr\\\/?p=28279&lang=fr#primaryimage\"},\"image\":{\"@id\":\"https:\\\/\\\/lequotidien.mr\\\/?p=28279&lang=fr#primaryimage\"},\"thumbnailUrl\":\"https:\\\/\\\/lequotidien.mr\\\/wp-content\\\/uploads\\\/2025\\\/06\\\/photo-lgmts-enseignants.jpg\",\"datePublished\":\"2025-06-09T23:53:06+00:00\",\"breadcrumb\":{\"@id\":\"https:\\\/\\\/lequotidien.mr\\\/?p=28279&lang=fr#breadcrumb\"},\"inLanguage\":\"ar\",\"potentialAction\":[{\"@type\":\"ReadAction\",\"target\":[\"https:\\\/\\\/lequotidien.mr\\\/?p=28279&lang=fr\"]}]},{\"@type\":\"ImageObject\",\"inLanguage\":\"ar\",\"@id\":\"https:\\\/\\\/lequotidien.mr\\\/?p=28279&lang=fr#primaryimage\",\"url\":\"https:\\\/\\\/lequotidien.mr\\\/wp-content\\\/uploads\\\/2025\\\/06\\\/photo-lgmts-enseignants.jpg\",\"contentUrl\":\"https:\\\/\\\/lequotidien.mr\\\/wp-content\\\/uploads\\\/2025\\\/06\\\/photo-lgmts-enseignants.jpg\",\"width\":750,\"height\":430},{\"@type\":\"BreadcrumbList\",\"@id\":\"https:\\\/\\\/lequotidien.mr\\\/?p=28279&lang=fr#breadcrumb\",\"itemListElement\":[{\"@type\":\"ListItem\",\"position\":1,\"name\":\"Home\",\"item\":\"https:\\\/\\\/lequotidien.mr\\\/\"},{\"@type\":\"ListItem\",\"position\":2,\"name\":\"Agenda du Premier ministre : Suivi rapproch\u00e9 du projet d\u2019uranium d\u2019Aura Energy et avanc\u00e9es majeures pour le logement des enseignants\"}]},{\"@type\":\"WebSite\",\"@id\":\"https:\\\/\\\/lequotidien.mr\\\/#website\",\"url\":\"https:\\\/\\\/lequotidien.mr\\\/\",\"name\":\"Le Quotidien de Nouakchott\",\"description\":\"\u0625\u062e\u0628\u0627\u0631\u064a\u0629 \u0645\u0633\u062a\u0642\u0644\u0629 \u0644\u0644\u0623\u0646\u0628\u0627\u0621 \u0627\u0644\u0639\u0627\u0645\u0629\",\"publisher\":{\"@id\":\"https:\\\/\\\/lequotidien.mr\\\/#organization\"},\"potentialAction\":[{\"@type\":\"SearchAction\",\"target\":{\"@type\":\"EntryPoint\",\"urlTemplate\":\"https:\\\/\\\/lequotidien.mr\\\/?s={search_term_string}\"},\"query-input\":{\"@type\":\"PropertyValueSpecification\",\"valueRequired\":true,\"valueName\":\"search_term_string\"}}],\"inLanguage\":\"ar\"},{\"@type\":\"Organization\",\"@id\":\"https:\\\/\\\/lequotidien.mr\\\/#organization\",\"name\":\"Le Quotidien de Nouakchott\",\"url\":\"https:\\\/\\\/lequotidien.mr\\\/\",\"logo\":{\"@type\":\"ImageObject\",\"inLanguage\":\"ar\",\"@id\":\"https:\\\/\\\/lequotidien.mr\\\/#\\\/schema\\\/logo\\\/image\\\/\",\"url\":\"https:\\\/\\\/lequotidien.mr\\\/wp-content\\\/uploads\\\/2022\\\/11\\\/logolequotidien.jpg\",\"contentUrl\":\"https:\\\/\\\/lequotidien.mr\\\/wp-content\\\/uploads\\\/2022\\\/11\\\/logolequotidien.jpg\",\"width\":290,\"height\":65,\"caption\":\"Le Quotidien de Nouakchott\"},\"image\":{\"@id\":\"https:\\\/\\\/lequotidien.mr\\\/#\\\/schema\\\/logo\\\/image\\\/\"},\"sameAs\":[\"https:\\\/\\\/web.facebook.com\\\/lequotidienmr\",\"https:\\\/\\\/x.com\\\/lequotidienmr\"]},{\"@type\":\"Person\",\"@id\":\"https:\\\/\\\/lequotidien.mr\\\/#\\\/schema\\\/person\\\/d2d350202a4d599685ed8abc25f97596\",\"name\":\"Med Ahmed\",\"image\":{\"@type\":\"ImageObject\",\"inLanguage\":\"ar\",\"@id\":\"https:\\\/\\\/secure.gravatar.com\\\/avatar\\\/fd2acc62ed50732923d1d39c17172c9b04149f142be92310ecc69e1358f94b52?s=96&d=mm&r=g\",\"url\":\"https:\\\/\\\/secure.gravatar.com\\\/avatar\\\/fd2acc62ed50732923d1d39c17172c9b04149f142be92310ecc69e1358f94b52?s=96&d=mm&r=g\",\"contentUrl\":\"https:\\\/\\\/secure.gravatar.com\\\/avatar\\\/fd2acc62ed50732923d1d39c17172c9b04149f142be92310ecc69e1358f94b52?s=96&d=mm&r=g\",\"caption\":\"Med Ahmed\"},\"url\":\"https:\\\/\\\/lequotidien.mr\\\/?author=12\"}]}<\/script>\n<!-- \/ Yoast SEO plugin. -->","yoast_head_json":{"title":"Agenda du Premier ministre : Suivi rapproch\u00e9 du projet d\u2019uranium d\u2019Aura Energy et avanc\u00e9es majeures pour le logement des enseignants - Le Quotidien de Nouakchott","robots":{"index":"index","follow":"follow","max-snippet":"max-snippet:-1","max-image-preview":"max-image-preview:large","max-video-preview":"max-video-preview:-1"},"canonical":"https:\/\/lequotidien.mr\/?p=28279&lang=fr","og_locale":"ar_AR","og_type":"article","og_title":"Agenda du Premier ministre : Suivi rapproch\u00e9 du projet d\u2019uranium d\u2019Aura Energy et avanc\u00e9es majeures pour le logement des enseignants - Le Quotidien de Nouakchott","og_description":"L\u2019agenda du Premier ministre mauritanien, M. Moctar Djay, a \u00e9t\u00e9 marqu\u00e9 cette semaine par le suivi de dossiers strat\u00e9giques, alliant d\u00e9veloppement \u00e9conomique majeur et pr\u00e9occupation sociale, conform\u00e9ment aux orientations du Pr\u00e9sident de la R\u00e9publique, Mohamed Cheikh El Ghazouani. Projet d\u2019uranium d\u2019Aura Energy : Engagements et perspectives Lundi, le Chef du gouvernement a re\u00e7u en audience.....","og_url":"https:\/\/lequotidien.mr\/?p=28279&lang=fr","og_site_name":"Le Quotidien de Nouakchott","article_publisher":"https:\/\/web.facebook.com\/lequotidienmr","article_published_time":"2025-06-09T23:53:06+00:00","og_image":[{"width":750,"height":430,"url":"https:\/\/lequotidien.mr\/wp-content\/uploads\/2025\/06\/photo-lgmts-enseignants.jpg","type":"image\/jpeg"}],"author":"Med Ahmed","twitter_card":"summary_large_image","twitter_creator":"@lequotidienmr","twitter_site":"@lequotidienmr","twitter_misc":{"\u0643\u064f\u062a\u0628 \u0628\u0648\u0627\u0633\u0637\u0629":"Med Ahmed","\u0648\u0642\u062a \u0627\u0644\u0642\u0631\u0627\u0621\u0629 \u0627\u0644\u0645\u064f\u0642\u062f\u0651\u0631":"5 \u062f\u0642\u0627\u0626\u0642"},"schema":{"@context":"https:\/\/schema.org","@graph":[{"@type":"Article","@id":"https:\/\/lequotidien.mr\/?p=28279&lang=fr#article","isPartOf":{"@id":"https:\/\/lequotidien.mr\/?p=28279&lang=fr"},"author":{"name":"Med Ahmed","@id":"https:\/\/lequotidien.mr\/#\/schema\/person\/d2d350202a4d599685ed8abc25f97596"},"headline":"Agenda du Premier ministre : Suivi rapproch\u00e9 du projet d\u2019uranium d\u2019Aura Energy et avanc\u00e9es majeures pour le logement des enseignants","datePublished":"2025-06-09T23:53:06+00:00","mainEntityOfPage":{"@id":"https:\/\/lequotidien.mr\/?p=28279&lang=fr"},"wordCount":726,"commentCount":0,"publisher":{"@id":"https:\/\/lequotidien.mr\/#organization"},"image":{"@id":"https:\/\/lequotidien.mr\/?p=28279&lang=fr#primaryimage"},"thumbnailUrl":"https:\/\/lequotidien.mr\/wp-content\/uploads\/2025\/06\/photo-lgmts-enseignants.jpg","articleSection":["ACTUALIT\u00c9","Economie"],"inLanguage":"ar","potentialAction":[{"@type":"CommentAction","name":"Comment","target":["https:\/\/lequotidien.mr\/?p=28279&lang=fr#respond"]}]},{"@type":"WebPage","@id":"https:\/\/lequotidien.mr\/?p=28279&lang=fr","url":"https:\/\/lequotidien.mr\/?p=28279&lang=fr","name":"Agenda du Premier ministre : Suivi rapproch\u00e9 du projet d\u2019uranium d\u2019Aura Energy et avanc\u00e9es majeures pour le logement des enseignants - Le Quotidien de Nouakchott","isPartOf":{"@id":"https:\/\/lequotidien.mr\/#website"},"primaryImageOfPage":{"@id":"https:\/\/lequotidien.mr\/?p=28279&lang=fr#primaryimage"},"image":{"@id":"https:\/\/lequotidien.mr\/?p=28279&lang=fr#primaryimage"},"thumbnailUrl":"https:\/\/lequotidien.mr\/wp-content\/uploads\/2025\/06\/photo-lgmts-enseignants.jpg","datePublished":"2025-06-09T23:53:06+00:00","breadcrumb":{"@id":"https:\/\/lequotidien.mr\/?p=28279&lang=fr#breadcrumb"},"inLanguage":"ar","potentialAction":[{"@type":"ReadAction","target":["https:\/\/lequotidien.mr\/?p=28279&lang=fr"]}]},{"@type":"ImageObject","inLanguage":"ar","@id":"https:\/\/lequotidien.mr\/?p=28279&lang=fr#primaryimage","url":"https:\/\/lequotidien.mr\/wp-content\/uploads\/2025\/06\/photo-lgmts-enseignants.jpg","contentUrl":"https:\/\/lequotidien.mr\/wp-content\/uploads\/2025\/06\/photo-lgmts-enseignants.jpg","width":750,"height":430},{"@type":"BreadcrumbList","@id":"https:\/\/lequotidien.mr\/?p=28279&lang=fr#breadcrumb","itemListElement":[{"@type":"ListItem","position":1,"name":"Home","item":"https:\/\/lequotidien.mr\/"},{"@type":"ListItem","position":2,"name":"Agenda du Premier ministre : Suivi rapproch\u00e9 du projet d\u2019uranium d\u2019Aura Energy et avanc\u00e9es majeures pour le logement des enseignants"}]},{"@type":"WebSite","@id":"https:\/\/lequotidien.mr\/#website","url":"https:\/\/lequotidien.mr\/","name":"Le Quotidien de Nouakchott","description":"\u0625\u062e\u0628\u0627\u0631\u064a\u0629 \u0645\u0633\u062a\u0642\u0644\u0629 \u0644\u0644\u0623\u0646\u0628\u0627\u0621 \u0627\u0644\u0639\u0627\u0645\u0629","publisher":{"@id":"https:\/\/lequotidien.mr\/#organization"},"potentialAction":[{"@type":"SearchAction","target":{"@type":"EntryPoint","urlTemplate":"https:\/\/lequotidien.mr\/?s={search_term_string}"},"query-input":{"@type":"PropertyValueSpecification","valueRequired":true,"valueName":"search_term_string"}}],"inLanguage":"ar"},{"@type":"Organization","@id":"https:\/\/lequotidien.mr\/#organization","name":"Le Quotidien de Nouakchott","url":"https:\/\/lequotidien.mr\/","logo":{"@type":"ImageObject","inLanguage":"ar","@id":"https:\/\/lequotidien.mr\/#\/schema\/logo\/image\/","url":"https:\/\/lequotidien.mr\/wp-content\/uploads\/2022\/11\/logolequotidien.jpg","contentUrl":"https:\/\/lequotidien.mr\/wp-content\/uploads\/2022\/11\/logolequotidien.jpg","width":290,"height":65,"caption":"Le Quotidien de Nouakchott"},"image":{"@id":"https:\/\/lequotidien.mr\/#\/schema\/logo\/image\/"},"sameAs":["https:\/\/web.facebook.com\/lequotidienmr","https:\/\/x.com\/lequotidienmr"]},{"@type":"Person","@id":"https:\/\/lequotidien.mr\/#\/schema\/person\/d2d350202a4d599685ed8abc25f97596","name":"Med Ahmed","image":{"@type":"ImageObject","inLanguage":"ar","@id":"https:\/\/secure.gravatar.com\/avatar\/fd2acc62ed50732923d1d39c17172c9b04149f142be92310ecc69e1358f94b52?s=96&d=mm&r=g","url":"https:\/\/secure.gravatar.com\/avatar\/fd2acc62ed50732923d1d39c17172c9b04149f142be92310ecc69e1358f94b52?s=96&d=mm&r=g","contentUrl":"https:\/\/secure.gravatar.com\/avatar\/fd2acc62ed50732923d1d39c17172c9b04149f142be92310ecc69e1358f94b52?s=96&d=mm&r=g","caption":"Med Ahmed"},"url":"https:\/\/lequotidien.mr\/?author=12"}]}},"_links":{"self":[{"href":"https:\/\/lequotidien.mr\/index.php?rest_route=\/wp\/v2\/posts\/28279","targetHints":{"allow":["GET"]}}],"collection":[{"href":"https:\/\/lequotidien.mr\/index.php?rest_route=\/wp\/v2\/posts"}],"about":[{"href":"https:\/\/lequotidien.mr\/index.php?rest_route=\/wp\/v2\/types\/post"}],"author":[{"embeddable":true,"href":"https:\/\/lequotidien.mr\/index.php?rest_route=\/wp\/v2\/users\/12"}],"replies":[{"embeddable":true,"href":"https:\/\/lequotidien.mr\/index.php?rest_route=%2Fwp%2Fv2%2Fcomments&post=28279"}],"version-history":[{"count":1,"href":"https:\/\/lequotidien.mr\/index.php?rest_route=\/wp\/v2\/posts\/28279\/revisions"}],"predecessor-version":[{"id":28281,"href":"https:\/\/lequotidien.mr\/index.php?rest_route=\/wp\/v2\/posts\/28279\/revisions\/28281"}],"wp:featuredmedia":[{"embeddable":true,"href":"https:\/\/lequotidien.mr\/index.php?rest_route=\/wp\/v2\/media\/28280"}],"wp:attachment":[{"href":"https:\/\/lequotidien.mr\/index.php?rest_route=%2Fwp%2Fv2%2Fmedia&parent=28279"}],"wp:term":[{"taxonomy":"category","embeddable":true,"href":"https:\/\/lequotidien.mr\/index.php?rest_route=%2Fwp%2Fv2%2Fcategories&post=28279"},{"taxonomy":"post_tag","embeddable":true,"href":"https:\/\/lequotidien.mr\/index.php?rest_route=%2Fwp%2Fv2%2Ftags&post=28279"}],"curies":[{"name":"wp","href":"https:\/\/api.w.org\/{rel}","templated":true}]}}