{"id":28218,"date":"2025-06-05T23:03:01","date_gmt":"2025-06-05T23:03:01","guid":{"rendered":"https:\/\/lequotidien.mr\/?p=28218"},"modified":"2025-06-05T23:03:01","modified_gmt":"2025-06-05T23:03:01","slug":"kiffa-concertation-sur-le-lancement-du-programme-tameer-taazour-villes-dans-lassaba","status":"publish","type":"post","link":"https:\/\/lequotidien.mr\/?p=28218&lang=fr","title":{"rendered":"Kiffa: Concertation sur le lancement du programme \u00ab Tameer \u2013 TAAZOUR Villes \u00bb dans l\u2019Assaba"},"content":{"rendered":"<p>Le D\u00e9l\u00e9gu\u00e9 G\u00e9n\u00e9ral \u00e0 la Solidarit\u00e9 Nationale et \u00e0 la Lutte contre l\u2019Exclusion, M. Cheikh Bede, a pr\u00e9sid\u00e9, mardi \u00e0 Kiffa, une r\u00e9union de concertation cruciale d\u00e9di\u00e9e \u00e0 l\u2019\u00e9tude des m\u00e9canismes de lancement du programme \u00ab Tameer \u2013 TAAZOUR Villes \u00bb au niveau de la wilaya de l\u2019Assaba.<\/p>\n<p>Cette rencontre d\u2019envergure, destin\u00e9e \u00e0 poser les bases op\u00e9rationnelles du programme dans la r\u00e9gion, s\u2019est tenue en pr\u00e9sence d\u2019un large \u00e9ventail d\u2019acteurs locaux. \u00c9taient r\u00e9unis autour de la table les autorit\u00e9s administratives et s\u00e9curitaires, les \u00e9lus locaux, les imams, les repr\u00e9sentants de la jeunesse, de la soci\u00e9t\u00e9 civile, des associations de parents d\u2019\u00e9l\u00e8ves, ainsi que les notables et repr\u00e9sentants de la population locale. Le wali de l\u2019Assaba, le hakem de la moughataa de Kiffa, la vice-pr\u00e9sidente de la r\u00e9gion d\u2019Assaba et le maire de la commune de Kiffa assistaient \u00e9galement \u00e0 cette session.<\/p>\n<p>Dans son intervention inaugurale, M. Cheikh Bede a situ\u00e9 sa visite dans le cadre strict du suivi de la situation des citoyens durant la p\u00e9riode de soudure. Cette action s\u2019inscrit, a-t-il soulign\u00e9, dans le respect des instructions directes du Pr\u00e9sident de la R\u00e9publique, Son Excellence Monsieur Mohamed Cheikh El Ghazouani. L&#8217;objectif ultime est de \u00ab trouver des solutions aux probl\u00e8mes des citoyens et \u00e0 les int\u00e9grer dans les plans de d\u00e9veloppement \u00bb, a rappel\u00e9 le D\u00e9l\u00e9gu\u00e9 G\u00e9n\u00e9ral.<\/p>\n<p><strong>Visite de terrain et actions imm\u00e9diates<\/strong><\/p>\n<p>Le D\u00e9l\u00e9gu\u00e9 G\u00e9n\u00e9ral a profit\u00e9 de l&#8217;occasion pour rendre compte de ses r\u00e9cents d\u00e9placements dans plusieurs communes, y compris celles de l\u2019Assaba. Il s\u2019est notamment enquis de l\u2019\u00e9tat d\u2019avancement de projets vitaux tels que l\u2019\u00e9lectrification des villages de\u00a0<strong>Fam Lakhdheiratt, Belewar et Aghorat<\/strong>. Parall\u00e8lement, il a supervis\u00e9 des op\u00e9rations de transferts mon\u00e9taires au b\u00e9n\u00e9fice de\u00a0<strong>familles n\u00e9cessiteuses<\/strong>, une action concr\u00e8te visant \u00e0 all\u00e9ger leurs charges saisonni\u00e8res et \u00e0 promouvoir activement le principe de solidarit\u00e9 nationale.<\/p>\n<p><strong>Pr\u00e9sentation de la strat\u00e9gie \u00ab Ta\u2019amir \u00bb et bilan de TAAZOUR<\/strong><\/p>\n<p>M. Bede a ensuite pr\u00e9sent\u00e9 en d\u00e9tail la <strong>nouvelle strat\u00e9gie<\/strong>port\u00e9e par sa D\u00e9l\u00e9gation, centr\u00e9e sur le projet structurant\u00a0<strong>\u00ab Ta\u2019amir \u00bb<\/strong>. Il a mis en lumi\u00e8re les\u00a0<strong>r\u00e9sultats tangibles<\/strong>d\u00e9j\u00e0 obtenus gr\u00e2ce aux interventions du programme \u00ab TAAZOUR \u00bb \u00e0 travers les diff\u00e9rentes wilayas du pays. Ces succ\u00e8s couvrent des secteurs essentiels au bien-\u00eatre des populations :\u00a0<strong>\u00e9ducation, sant\u00e9, agriculture, eau et \u00e9lectricit\u00e9<\/strong>.<\/p>\n<p>R\u00e9pondant aux pr\u00e9occupations et interrogations soulev\u00e9es par les participants, le D\u00e9l\u00e9gu\u00e9 G\u00e9n\u00e9ral a r\u00e9affirm\u00e9 les orientations fondamentales donn\u00e9es par le Pr\u00e9sident de la R\u00e9publique. Ces directives prioritaires se concentrent sur trois piliers majeurs :<\/p>\n<p>1-<strong>Le rapprochement de l\u2019administration du citoyen<\/strong>\u00a0pour une meilleure \u00e9coute et r\u00e9activit\u00e9\u00a0;<\/p>\n<p><strong>2-La cr\u00e9ation des conditions d\u2019une vie d\u00e9cente<\/strong>\u00a0pour tous les Mauritaniens\u00a0;<\/p>\n<p><strong>3-Le renforcement du sentiment d\u2019appartenance au pays<\/strong>, socle de la coh\u00e9sion nationale.<\/p>\n<p>Cette r\u00e9union de Kiffa marque une \u00e9tape importante dans la pr\u00e9paration du d\u00e9ploiement du volet \u00ab Tameer \u2013 TAAZOUR Villes \u00bb dans l\u2019Assaba. La large participation et la concertation avec tous les acteurs locaux t\u00e9moignent de la volont\u00e9 des autorit\u00e9s nationales et r\u00e9gionales d\u2019ancrer ce programme ambitieux de solidarit\u00e9 et de lutte contre l\u2019exclusion dans le r\u00e9el des territoires et des populations, conform\u00e9ment \u00e0 la vision du Pr\u00e9sident de la R\u00e9publique. La mise en \u0153uvre effective des m\u00e9canismes discut\u00e9s sera d\u00e9sormais attendue sur le terrain.<\/p>\n","protected":false},"excerpt":{"rendered":"<p>Le D\u00e9l\u00e9gu\u00e9 G\u00e9n\u00e9ral \u00e0 la Solidarit\u00e9 Nationale et \u00e0 la Lutte contre l\u2019Exclusion, M. Cheikh Bede, a pr\u00e9sid\u00e9, mardi \u00e0 Kiffa, une r\u00e9union de concertation cruciale d\u00e9di\u00e9e \u00e0 l\u2019\u00e9tude des m\u00e9canismes de lancement du programme \u00ab Tameer \u2013 TAAZOUR Villes \u00bb au niveau de la wilaya de l\u2019Assaba. Cette rencontre d\u2019envergure, destin\u00e9e \u00e0 poser les&#8230;..<\/p>\n","protected":false},"author":12,"featured_media":28219,"comment_status":"open","ping_status":"open","sticky":false,"template":"","format":"standard","meta":{"footnotes":""},"categories":[23,49],"tags":[],"class_list":["post-28218","post","type-post","status-publish","format-standard","has-post-thumbnail","hentry","category-actualite","category-economie"],"yoast_head":"<!-- This site is optimized with the Yoast SEO plugin v27.5 - https:\/\/yoast.com\/product\/yoast-seo-wordpress\/ -->\n<title>Kiffa: Concertation sur le lancement du programme \u00ab Tameer \u2013 TAAZOUR Villes \u00bb dans l\u2019Assaba - Le Quotidien de Nouakchott<\/title>\n<meta name=\"robots\" content=\"index, follow, max-snippet:-1, max-image-preview:large, max-video-preview:-1\" \/>\n<link rel=\"canonical\" href=\"https:\/\/lequotidien.mr\/?p=28218&lang=fr\" \/>\n<meta property=\"og:locale\" content=\"ar_AR\" \/>\n<meta property=\"og:type\" content=\"article\" \/>\n<meta property=\"og:title\" content=\"Kiffa: Concertation sur le lancement du programme \u00ab Tameer \u2013 TAAZOUR Villes \u00bb dans l\u2019Assaba - Le Quotidien de Nouakchott\" \/>\n<meta property=\"og:description\" content=\"Le D\u00e9l\u00e9gu\u00e9 G\u00e9n\u00e9ral \u00e0 la Solidarit\u00e9 Nationale et \u00e0 la Lutte contre l\u2019Exclusion, M. Cheikh Bede, a pr\u00e9sid\u00e9, mardi \u00e0 Kiffa, une r\u00e9union de concertation cruciale d\u00e9di\u00e9e \u00e0 l\u2019\u00e9tude des m\u00e9canismes de lancement du programme \u00ab Tameer \u2013 TAAZOUR Villes \u00bb au niveau de la wilaya de l\u2019Assaba. Cette rencontre d\u2019envergure, destin\u00e9e \u00e0 poser les.....\" \/>\n<meta property=\"og:url\" content=\"https:\/\/lequotidien.mr\/?p=28218&amp;lang=fr\" \/>\n<meta property=\"og:site_name\" content=\"Le Quotidien de Nouakchott\" \/>\n<meta property=\"article:publisher\" content=\"https:\/\/web.facebook.com\/lequotidienmr\" \/>\n<meta property=\"article:published_time\" content=\"2025-06-05T23:03:01+00:00\" \/>\n<meta property=\"og:image\" content=\"https:\/\/lequotidien.mr\/wp-content\/uploads\/2025\/06\/photo-Taazour-Assaba.jpg\" \/>\n\t<meta property=\"og:image:width\" content=\"750\" \/>\n\t<meta property=\"og:image:height\" content=\"430\" \/>\n\t<meta property=\"og:image:type\" content=\"image\/jpeg\" \/>\n<meta name=\"author\" content=\"Med Ahmed\" \/>\n<meta name=\"twitter:card\" content=\"summary_large_image\" \/>\n<meta name=\"twitter:creator\" content=\"@lequotidienmr\" \/>\n<meta name=\"twitter:site\" content=\"@lequotidienmr\" \/>\n<meta name=\"twitter:label1\" content=\"\u0643\u064f\u062a\u0628 \u0628\u0648\u0627\u0633\u0637\u0629\" \/>\n\t<meta name=\"twitter:data1\" content=\"Med Ahmed\" \/>\n\t<meta name=\"twitter:label2\" content=\"\u0648\u0642\u062a \u0627\u0644\u0642\u0631\u0627\u0621\u0629 \u0627\u0644\u0645\u064f\u0642\u062f\u0651\u0631\" \/>\n\t<meta name=\"twitter:data2\" content=\"4 \u062f\u0642\u0627\u0626\u0642\" \/>\n<script type=\"application\/ld+json\" class=\"yoast-schema-graph\">{\"@context\":\"https:\\\/\\\/schema.org\",\"@graph\":[{\"@type\":\"Article\",\"@id\":\"https:\\\/\\\/lequotidien.mr\\\/?p=28218&lang=fr#article\",\"isPartOf\":{\"@id\":\"https:\\\/\\\/lequotidien.mr\\\/?p=28218&lang=fr\"},\"author\":{\"name\":\"Med Ahmed\",\"@id\":\"https:\\\/\\\/lequotidien.mr\\\/#\\\/schema\\\/person\\\/d2d350202a4d599685ed8abc25f97596\"},\"headline\":\"Kiffa: Concertation sur le lancement du programme \u00ab Tameer \u2013 TAAZOUR Villes \u00bb dans l\u2019Assaba\",\"datePublished\":\"2025-06-05T23:03:01+00:00\",\"mainEntityOfPage\":{\"@id\":\"https:\\\/\\\/lequotidien.mr\\\/?p=28218&lang=fr\"},\"wordCount\":630,\"commentCount\":0,\"publisher\":{\"@id\":\"https:\\\/\\\/lequotidien.mr\\\/#organization\"},\"image\":{\"@id\":\"https:\\\/\\\/lequotidien.mr\\\/?p=28218&lang=fr#primaryimage\"},\"thumbnailUrl\":\"https:\\\/\\\/lequotidien.mr\\\/wp-content\\\/uploads\\\/2025\\\/06\\\/photo-Taazour-Assaba.jpg\",\"articleSection\":[\"ACTUALIT\u00c9\",\"Economie\"],\"inLanguage\":\"ar\",\"potentialAction\":[{\"@type\":\"CommentAction\",\"name\":\"Comment\",\"target\":[\"https:\\\/\\\/lequotidien.mr\\\/?p=28218&lang=fr#respond\"]}]},{\"@type\":\"WebPage\",\"@id\":\"https:\\\/\\\/lequotidien.mr\\\/?p=28218&lang=fr\",\"url\":\"https:\\\/\\\/lequotidien.mr\\\/?p=28218&lang=fr\",\"name\":\"Kiffa: Concertation sur le lancement du programme \u00ab Tameer \u2013 TAAZOUR Villes \u00bb dans l\u2019Assaba - Le Quotidien de Nouakchott\",\"isPartOf\":{\"@id\":\"https:\\\/\\\/lequotidien.mr\\\/#website\"},\"primaryImageOfPage\":{\"@id\":\"https:\\\/\\\/lequotidien.mr\\\/?p=28218&lang=fr#primaryimage\"},\"image\":{\"@id\":\"https:\\\/\\\/lequotidien.mr\\\/?p=28218&lang=fr#primaryimage\"},\"thumbnailUrl\":\"https:\\\/\\\/lequotidien.mr\\\/wp-content\\\/uploads\\\/2025\\\/06\\\/photo-Taazour-Assaba.jpg\",\"datePublished\":\"2025-06-05T23:03:01+00:00\",\"breadcrumb\":{\"@id\":\"https:\\\/\\\/lequotidien.mr\\\/?p=28218&lang=fr#breadcrumb\"},\"inLanguage\":\"ar\",\"potentialAction\":[{\"@type\":\"ReadAction\",\"target\":[\"https:\\\/\\\/lequotidien.mr\\\/?p=28218&lang=fr\"]}]},{\"@type\":\"ImageObject\",\"inLanguage\":\"ar\",\"@id\":\"https:\\\/\\\/lequotidien.mr\\\/?p=28218&lang=fr#primaryimage\",\"url\":\"https:\\\/\\\/lequotidien.mr\\\/wp-content\\\/uploads\\\/2025\\\/06\\\/photo-Taazour-Assaba.jpg\",\"contentUrl\":\"https:\\\/\\\/lequotidien.mr\\\/wp-content\\\/uploads\\\/2025\\\/06\\\/photo-Taazour-Assaba.jpg\",\"width\":750,\"height\":430},{\"@type\":\"BreadcrumbList\",\"@id\":\"https:\\\/\\\/lequotidien.mr\\\/?p=28218&lang=fr#breadcrumb\",\"itemListElement\":[{\"@type\":\"ListItem\",\"position\":1,\"name\":\"Home\",\"item\":\"https:\\\/\\\/lequotidien.mr\\\/\"},{\"@type\":\"ListItem\",\"position\":2,\"name\":\"Kiffa: Concertation sur le lancement du programme \u00ab Tameer \u2013 TAAZOUR Villes \u00bb dans l\u2019Assaba\"}]},{\"@type\":\"WebSite\",\"@id\":\"https:\\\/\\\/lequotidien.mr\\\/#website\",\"url\":\"https:\\\/\\\/lequotidien.mr\\\/\",\"name\":\"Le Quotidien de Nouakchott\",\"description\":\"\u0625\u062e\u0628\u0627\u0631\u064a\u0629 \u0645\u0633\u062a\u0642\u0644\u0629 \u0644\u0644\u0623\u0646\u0628\u0627\u0621 \u0627\u0644\u0639\u0627\u0645\u0629\",\"publisher\":{\"@id\":\"https:\\\/\\\/lequotidien.mr\\\/#organization\"},\"potentialAction\":[{\"@type\":\"SearchAction\",\"target\":{\"@type\":\"EntryPoint\",\"urlTemplate\":\"https:\\\/\\\/lequotidien.mr\\\/?s={search_term_string}\"},\"query-input\":{\"@type\":\"PropertyValueSpecification\",\"valueRequired\":true,\"valueName\":\"search_term_string\"}}],\"inLanguage\":\"ar\"},{\"@type\":\"Organization\",\"@id\":\"https:\\\/\\\/lequotidien.mr\\\/#organization\",\"name\":\"Le Quotidien de Nouakchott\",\"url\":\"https:\\\/\\\/lequotidien.mr\\\/\",\"logo\":{\"@type\":\"ImageObject\",\"inLanguage\":\"ar\",\"@id\":\"https:\\\/\\\/lequotidien.mr\\\/#\\\/schema\\\/logo\\\/image\\\/\",\"url\":\"https:\\\/\\\/lequotidien.mr\\\/wp-content\\\/uploads\\\/2022\\\/11\\\/logolequotidien.jpg\",\"contentUrl\":\"https:\\\/\\\/lequotidien.mr\\\/wp-content\\\/uploads\\\/2022\\\/11\\\/logolequotidien.jpg\",\"width\":290,\"height\":65,\"caption\":\"Le Quotidien de Nouakchott\"},\"image\":{\"@id\":\"https:\\\/\\\/lequotidien.mr\\\/#\\\/schema\\\/logo\\\/image\\\/\"},\"sameAs\":[\"https:\\\/\\\/web.facebook.com\\\/lequotidienmr\",\"https:\\\/\\\/x.com\\\/lequotidienmr\"]},{\"@type\":\"Person\",\"@id\":\"https:\\\/\\\/lequotidien.mr\\\/#\\\/schema\\\/person\\\/d2d350202a4d599685ed8abc25f97596\",\"name\":\"Med Ahmed\",\"image\":{\"@type\":\"ImageObject\",\"inLanguage\":\"ar\",\"@id\":\"https:\\\/\\\/secure.gravatar.com\\\/avatar\\\/fd2acc62ed50732923d1d39c17172c9b04149f142be92310ecc69e1358f94b52?s=96&d=mm&r=g\",\"url\":\"https:\\\/\\\/secure.gravatar.com\\\/avatar\\\/fd2acc62ed50732923d1d39c17172c9b04149f142be92310ecc69e1358f94b52?s=96&d=mm&r=g\",\"contentUrl\":\"https:\\\/\\\/secure.gravatar.com\\\/avatar\\\/fd2acc62ed50732923d1d39c17172c9b04149f142be92310ecc69e1358f94b52?s=96&d=mm&r=g\",\"caption\":\"Med Ahmed\"},\"url\":\"https:\\\/\\\/lequotidien.mr\\\/?author=12\"}]}<\/script>\n<!-- \/ Yoast SEO plugin. -->","yoast_head_json":{"title":"Kiffa: Concertation sur le lancement du programme \u00ab Tameer \u2013 TAAZOUR Villes \u00bb dans l\u2019Assaba - Le Quotidien de Nouakchott","robots":{"index":"index","follow":"follow","max-snippet":"max-snippet:-1","max-image-preview":"max-image-preview:large","max-video-preview":"max-video-preview:-1"},"canonical":"https:\/\/lequotidien.mr\/?p=28218&lang=fr","og_locale":"ar_AR","og_type":"article","og_title":"Kiffa: Concertation sur le lancement du programme \u00ab Tameer \u2013 TAAZOUR Villes \u00bb dans l\u2019Assaba - Le Quotidien de Nouakchott","og_description":"Le D\u00e9l\u00e9gu\u00e9 G\u00e9n\u00e9ral \u00e0 la Solidarit\u00e9 Nationale et \u00e0 la Lutte contre l\u2019Exclusion, M. Cheikh Bede, a pr\u00e9sid\u00e9, mardi \u00e0 Kiffa, une r\u00e9union de concertation cruciale d\u00e9di\u00e9e \u00e0 l\u2019\u00e9tude des m\u00e9canismes de lancement du programme \u00ab Tameer \u2013 TAAZOUR Villes \u00bb au niveau de la wilaya de l\u2019Assaba. Cette rencontre d\u2019envergure, destin\u00e9e \u00e0 poser les.....","og_url":"https:\/\/lequotidien.mr\/?p=28218&lang=fr","og_site_name":"Le Quotidien de Nouakchott","article_publisher":"https:\/\/web.facebook.com\/lequotidienmr","article_published_time":"2025-06-05T23:03:01+00:00","og_image":[{"width":750,"height":430,"url":"https:\/\/lequotidien.mr\/wp-content\/uploads\/2025\/06\/photo-Taazour-Assaba.jpg","type":"image\/jpeg"}],"author":"Med Ahmed","twitter_card":"summary_large_image","twitter_creator":"@lequotidienmr","twitter_site":"@lequotidienmr","twitter_misc":{"\u0643\u064f\u062a\u0628 \u0628\u0648\u0627\u0633\u0637\u0629":"Med Ahmed","\u0648\u0642\u062a \u0627\u0644\u0642\u0631\u0627\u0621\u0629 \u0627\u0644\u0645\u064f\u0642\u062f\u0651\u0631":"4 \u062f\u0642\u0627\u0626\u0642"},"schema":{"@context":"https:\/\/schema.org","@graph":[{"@type":"Article","@id":"https:\/\/lequotidien.mr\/?p=28218&lang=fr#article","isPartOf":{"@id":"https:\/\/lequotidien.mr\/?p=28218&lang=fr"},"author":{"name":"Med Ahmed","@id":"https:\/\/lequotidien.mr\/#\/schema\/person\/d2d350202a4d599685ed8abc25f97596"},"headline":"Kiffa: Concertation sur le lancement du programme \u00ab Tameer \u2013 TAAZOUR Villes \u00bb dans l\u2019Assaba","datePublished":"2025-06-05T23:03:01+00:00","mainEntityOfPage":{"@id":"https:\/\/lequotidien.mr\/?p=28218&lang=fr"},"wordCount":630,"commentCount":0,"publisher":{"@id":"https:\/\/lequotidien.mr\/#organization"},"image":{"@id":"https:\/\/lequotidien.mr\/?p=28218&lang=fr#primaryimage"},"thumbnailUrl":"https:\/\/lequotidien.mr\/wp-content\/uploads\/2025\/06\/photo-Taazour-Assaba.jpg","articleSection":["ACTUALIT\u00c9","Economie"],"inLanguage":"ar","potentialAction":[{"@type":"CommentAction","name":"Comment","target":["https:\/\/lequotidien.mr\/?p=28218&lang=fr#respond"]}]},{"@type":"WebPage","@id":"https:\/\/lequotidien.mr\/?p=28218&lang=fr","url":"https:\/\/lequotidien.mr\/?p=28218&lang=fr","name":"Kiffa: Concertation sur le lancement du programme \u00ab Tameer \u2013 TAAZOUR Villes \u00bb dans l\u2019Assaba - Le Quotidien de Nouakchott","isPartOf":{"@id":"https:\/\/lequotidien.mr\/#website"},"primaryImageOfPage":{"@id":"https:\/\/lequotidien.mr\/?p=28218&lang=fr#primaryimage"},"image":{"@id":"https:\/\/lequotidien.mr\/?p=28218&lang=fr#primaryimage"},"thumbnailUrl":"https:\/\/lequotidien.mr\/wp-content\/uploads\/2025\/06\/photo-Taazour-Assaba.jpg","datePublished":"2025-06-05T23:03:01+00:00","breadcrumb":{"@id":"https:\/\/lequotidien.mr\/?p=28218&lang=fr#breadcrumb"},"inLanguage":"ar","potentialAction":[{"@type":"ReadAction","target":["https:\/\/lequotidien.mr\/?p=28218&lang=fr"]}]},{"@type":"ImageObject","inLanguage":"ar","@id":"https:\/\/lequotidien.mr\/?p=28218&lang=fr#primaryimage","url":"https:\/\/lequotidien.mr\/wp-content\/uploads\/2025\/06\/photo-Taazour-Assaba.jpg","contentUrl":"https:\/\/lequotidien.mr\/wp-content\/uploads\/2025\/06\/photo-Taazour-Assaba.jpg","width":750,"height":430},{"@type":"BreadcrumbList","@id":"https:\/\/lequotidien.mr\/?p=28218&lang=fr#breadcrumb","itemListElement":[{"@type":"ListItem","position":1,"name":"Home","item":"https:\/\/lequotidien.mr\/"},{"@type":"ListItem","position":2,"name":"Kiffa: Concertation sur le lancement du programme \u00ab Tameer \u2013 TAAZOUR Villes \u00bb dans l\u2019Assaba"}]},{"@type":"WebSite","@id":"https:\/\/lequotidien.mr\/#website","url":"https:\/\/lequotidien.mr\/","name":"Le Quotidien de Nouakchott","description":"\u0625\u062e\u0628\u0627\u0631\u064a\u0629 \u0645\u0633\u062a\u0642\u0644\u0629 \u0644\u0644\u0623\u0646\u0628\u0627\u0621 \u0627\u0644\u0639\u0627\u0645\u0629","publisher":{"@id":"https:\/\/lequotidien.mr\/#organization"},"potentialAction":[{"@type":"SearchAction","target":{"@type":"EntryPoint","urlTemplate":"https:\/\/lequotidien.mr\/?s={search_term_string}"},"query-input":{"@type":"PropertyValueSpecification","valueRequired":true,"valueName":"search_term_string"}}],"inLanguage":"ar"},{"@type":"Organization","@id":"https:\/\/lequotidien.mr\/#organization","name":"Le Quotidien de Nouakchott","url":"https:\/\/lequotidien.mr\/","logo":{"@type":"ImageObject","inLanguage":"ar","@id":"https:\/\/lequotidien.mr\/#\/schema\/logo\/image\/","url":"https:\/\/lequotidien.mr\/wp-content\/uploads\/2022\/11\/logolequotidien.jpg","contentUrl":"https:\/\/lequotidien.mr\/wp-content\/uploads\/2022\/11\/logolequotidien.jpg","width":290,"height":65,"caption":"Le Quotidien de Nouakchott"},"image":{"@id":"https:\/\/lequotidien.mr\/#\/schema\/logo\/image\/"},"sameAs":["https:\/\/web.facebook.com\/lequotidienmr","https:\/\/x.com\/lequotidienmr"]},{"@type":"Person","@id":"https:\/\/lequotidien.mr\/#\/schema\/person\/d2d350202a4d599685ed8abc25f97596","name":"Med Ahmed","image":{"@type":"ImageObject","inLanguage":"ar","@id":"https:\/\/secure.gravatar.com\/avatar\/fd2acc62ed50732923d1d39c17172c9b04149f142be92310ecc69e1358f94b52?s=96&d=mm&r=g","url":"https:\/\/secure.gravatar.com\/avatar\/fd2acc62ed50732923d1d39c17172c9b04149f142be92310ecc69e1358f94b52?s=96&d=mm&r=g","contentUrl":"https:\/\/secure.gravatar.com\/avatar\/fd2acc62ed50732923d1d39c17172c9b04149f142be92310ecc69e1358f94b52?s=96&d=mm&r=g","caption":"Med Ahmed"},"url":"https:\/\/lequotidien.mr\/?author=12"}]}},"_links":{"self":[{"href":"https:\/\/lequotidien.mr\/index.php?rest_route=\/wp\/v2\/posts\/28218","targetHints":{"allow":["GET"]}}],"collection":[{"href":"https:\/\/lequotidien.mr\/index.php?rest_route=\/wp\/v2\/posts"}],"about":[{"href":"https:\/\/lequotidien.mr\/index.php?rest_route=\/wp\/v2\/types\/post"}],"author":[{"embeddable":true,"href":"https:\/\/lequotidien.mr\/index.php?rest_route=\/wp\/v2\/users\/12"}],"replies":[{"embeddable":true,"href":"https:\/\/lequotidien.mr\/index.php?rest_route=%2Fwp%2Fv2%2Fcomments&post=28218"}],"version-history":[{"count":1,"href":"https:\/\/lequotidien.mr\/index.php?rest_route=\/wp\/v2\/posts\/28218\/revisions"}],"predecessor-version":[{"id":28220,"href":"https:\/\/lequotidien.mr\/index.php?rest_route=\/wp\/v2\/posts\/28218\/revisions\/28220"}],"wp:featuredmedia":[{"embeddable":true,"href":"https:\/\/lequotidien.mr\/index.php?rest_route=\/wp\/v2\/media\/28219"}],"wp:attachment":[{"href":"https:\/\/lequotidien.mr\/index.php?rest_route=%2Fwp%2Fv2%2Fmedia&parent=28218"}],"wp:term":[{"taxonomy":"category","embeddable":true,"href":"https:\/\/lequotidien.mr\/index.php?rest_route=%2Fwp%2Fv2%2Fcategories&post=28218"},{"taxonomy":"post_tag","embeddable":true,"href":"https:\/\/lequotidien.mr\/index.php?rest_route=%2Fwp%2Fv2%2Ftags&post=28218"}],"curies":[{"name":"wp","href":"https:\/\/api.w.org\/{rel}","templated":true}]}}