{"id":28194,"date":"2025-06-04T23:38:29","date_gmt":"2025-06-04T23:38:29","guid":{"rendered":"https:\/\/lequotidien.mr\/?p=28194"},"modified":"2025-06-04T23:38:29","modified_gmt":"2025-06-04T23:38:29","slug":"conference-de-hambourg-sur-le-developpement-durable-le-ministre-de-lenergie-plaide-pour-les-investissements-verts","status":"publish","type":"post","link":"https:\/\/lequotidien.mr\/?p=28194&lang=fr","title":{"rendered":"Conf\u00e9rence de Hambourg sur le d\u00e9veloppement durable: Le ministre de l\u2019\u00c9nergie plaide pour les investissements verts"},"content":{"rendered":"<p>En marge de la 2\u00e8me \u00e9dition de la Conf\u00e9rence de Hambourg sur le D\u00e9veloppement Durable, le ministre mauritanien de l\u2019\u00c9nergie et du P\u00e9trole, M. Mohamed Khaled, a men\u00e9 une s\u00e9rie d\u2019activit\u00e9s diplomatiques et de plaidoyer pour positionner la Mauritanie comme destination strat\u00e9gique pour les investissements verts et les partenariats durables.<\/p>\n<p><strong>Rencontres bilat\u00e9rales prometteuses avec l&#8217;Allemagne<\/strong><\/p>\n<p>En d\u00e9placement les 2 et 3 juin dans la ville hans\u00e9atique, M. Khaled a engag\u00e9 des discussions de haut niveau avec ses homologues allemands. Il s&#8217;est notamment entretenu avec \u00a0<strong>Mme Reem Abali Radovan<\/strong>, ministre f\u00e9d\u00e9rale allemande de la Coop\u00e9ration \u00e9conomique et du D\u00e9veloppement et <strong>Mme B\u00e4rbel Kofler<\/strong>, ministre d\u00e9l\u00e9gu\u00e9e \u00e0 la Coop\u00e9ration.<\/p>\n<p>Ces entretiens ont centralement port\u00e9 sur\u00a0<strong>l&#8217;approfondissement de la coop\u00e9ration bilat\u00e9rale<\/strong>. Les responsables allemands ont r\u00e9affirm\u00e9 leur engagement en faveur d&#8217;un partenariat renforc\u00e9. Signe fort de cet int\u00e9r\u00eat, la ministre Abali Radovan a d\u00e9clar\u00e9 son intention d&#8217;<strong>inciter les entreprises allemandes \u00e0 investir en Mauritanie<\/strong>, en ciblant sp\u00e9cifiquement deux secteurs cruciaux :\u00a0<strong>les \u00e9nergies renouvelables<\/strong>\u00a0et\u00a0<strong>les industries manufacturi\u00e8res<\/strong>.<\/p>\n<p><strong>La Mauritanie sous les Projecteurs : Opportunit\u00e9s \u00e9nerg\u00e9tiques et investissements<\/strong><\/p>\n<p>Au-del\u00e0 des rencontres bilat\u00e9rales, le ministre Khaled a activement particip\u00e9 au programme de la conf\u00e9rence. Il est intervenu lors de deux s\u00e9minaires organis\u00e9s par l&#8217;<strong>Autorit\u00e9 Africaine de l&#8217;\u00c9nergie<\/strong>\u00a0:<\/p>\n<p>1-Un s\u00e9minaire d\u00e9di\u00e9 au\u00a0<strong>financement des infrastructures des projets \u00e9nerg\u00e9tiques\u00a0<\/strong>;<\/p>\n<p>2-Un s\u00e9minaire sp\u00e9cifiquement consacr\u00e9 \u00e0 la\u00a0<strong>Mauritanie<\/strong>.<\/p>\n<p>Lors de ces interventions, M. Khaled a pr\u00e9sent\u00e9 de mani\u00e8re d\u00e9taill\u00e9e\u00a0<strong>le paysage \u00e9nerg\u00e9tique mauritanien et les nombreuses opportunit\u00e9s d&#8217;investissement<\/strong>\u00a0qu&#8217;il offre. Ces pr\u00e9sentations visaient clairement \u00e0 attirer les capitaux et l&#8217;expertise internationale vers les projets nationaux, en particulier dans le domaine des \u00e9nergies propres et des infrastructures associ\u00e9es.<\/p>\n<p><strong>Hambourg : Plateforme mondiale pour les Objectifs de D\u00e9veloppement Durable<\/strong><\/p>\n<p>La Conf\u00e9rence de Hambourg sur le D\u00e9veloppement Durable s&#8217;est impos\u00e9e comme un \u00e9v\u00e9nement majeur. Cette deuxi\u00e8me \u00e9dition a r\u00e9uni des\u00a0<strong>repr\u00e9sentants de plus de 110 pays<\/strong>\u00a0autour de\u00a0<strong>60 sessions de travail<\/strong>. Son ambition : co-cr\u00e9er des solutions aux d\u00e9fis du d\u00e9veloppement, forger des alliances pour la durabilit\u00e9 et acc\u00e9l\u00e9rer la mise en \u0153uvre de l&#8217;<strong>Agenda 2030 des Nations Unies<\/strong>.<\/p>\n<p>Les th\u00e8mes centraux de cette ann\u00e9e \u2013\u00a0<strong>la mobilisation des investissements pour les ODD<\/strong>\u00a0et\u00a0<strong>la transformation des secteurs vitaux comme l&#8217;\u00e9nergie et les infrastructures<\/strong>\u00a0\u2013 r\u00e9sonnaient particuli\u00e8rement avec les objectifs port\u00e9s par la d\u00e9l\u00e9gation mauritanienne. La conf\u00e9rence b\u00e9n\u00e9ficie du soutien conjoint du\u00a0<strong>minist\u00e8re f\u00e9d\u00e9ral allemand de la Coop\u00e9ration \u00e9conomique et du D\u00e9veloppement (BMZ)<\/strong>, du\u00a0<strong>Programme des Nations Unies pour le D\u00e9veloppement (PNUD)<\/strong>, de la\u00a0<strong>Fondation Michael Otto<\/strong>\u00a0et de la\u00a0<strong>Ville de Hambourg<\/strong>.<\/p>\n<p>La participation du ministre Mohamed Khaled \u00e0 Hambourg d\u00e9passe la simple repr\u00e9sentation. Elle marque une\u00a0<strong>volont\u00e9 active de la Mauritanie de s&#8217;ins\u00e9rer dans les dynamiques internationales du d\u00e9veloppement durable<\/strong>\u00a0et de l&#8217;\u00e9nergie verte. Les engagements pris par les responsables allemands en faveur des investissements dans les \u00e9nergies renouvelables et l&#8217;industrie ouvrent des perspectives concr\u00e8tes pour un\u00a0<strong>renforcement significatif du partenariat \u00e9conomique et technique entre Nouakchott et Berlin<\/strong>. Le plaidoyer du ministre aupr\u00e8s des investisseurs internationaux place r\u00e9solument la Mauritanie sur la carte des destinations strat\u00e9giques pour la transition \u00e9nerg\u00e9tique et le d\u00e9veloppement industriel durable.<\/p>\n<p>&nbsp;<\/p>\n","protected":false},"excerpt":{"rendered":"<p>En marge de la 2\u00e8me \u00e9dition de la Conf\u00e9rence de Hambourg sur le D\u00e9veloppement Durable, le ministre mauritanien de l\u2019\u00c9nergie et du P\u00e9trole, M. Mohamed Khaled, a men\u00e9 une s\u00e9rie d\u2019activit\u00e9s diplomatiques et de plaidoyer pour positionner la Mauritanie comme destination strat\u00e9gique pour les investissements verts et les partenariats durables. Rencontres bilat\u00e9rales prometteuses avec l&#8217;Allemagne&#8230;..<\/p>\n","protected":false},"author":12,"featured_media":28195,"comment_status":"open","ping_status":"open","sticky":false,"template":"","format":"standard","meta":{"footnotes":""},"categories":[23,49],"tags":[],"class_list":["post-28194","post","type-post","status-publish","format-standard","has-post-thumbnail","hentry","category-actualite","category-economie"],"yoast_head":"<!-- This site is optimized with the Yoast SEO plugin v27.5 - https:\/\/yoast.com\/product\/yoast-seo-wordpress\/ -->\n<title>Conf\u00e9rence de Hambourg sur le d\u00e9veloppement durable: Le ministre de l\u2019\u00c9nergie plaide pour les investissements verts - Le Quotidien de Nouakchott<\/title>\n<meta name=\"robots\" content=\"index, follow, max-snippet:-1, max-image-preview:large, max-video-preview:-1\" \/>\n<link rel=\"canonical\" href=\"https:\/\/lequotidien.mr\/?p=28194&lang=fr\" \/>\n<meta property=\"og:locale\" content=\"ar_AR\" \/>\n<meta property=\"og:type\" content=\"article\" \/>\n<meta property=\"og:title\" content=\"Conf\u00e9rence de Hambourg sur le d\u00e9veloppement durable: Le ministre de l\u2019\u00c9nergie plaide pour les investissements verts - Le Quotidien de Nouakchott\" \/>\n<meta property=\"og:description\" content=\"En marge de la 2\u00e8me \u00e9dition de la Conf\u00e9rence de Hambourg sur le D\u00e9veloppement Durable, le ministre mauritanien de l\u2019\u00c9nergie et du P\u00e9trole, M. Mohamed Khaled, a men\u00e9 une s\u00e9rie d\u2019activit\u00e9s diplomatiques et de plaidoyer pour positionner la Mauritanie comme destination strat\u00e9gique pour les investissements verts et les partenariats durables. Rencontres bilat\u00e9rales prometteuses avec l&#8217;Allemagne.....\" \/>\n<meta property=\"og:url\" content=\"https:\/\/lequotidien.mr\/?p=28194&amp;lang=fr\" \/>\n<meta property=\"og:site_name\" content=\"Le Quotidien de Nouakchott\" \/>\n<meta property=\"article:publisher\" content=\"https:\/\/web.facebook.com\/lequotidienmr\" \/>\n<meta property=\"article:published_time\" content=\"2025-06-04T23:38:29+00:00\" \/>\n<meta property=\"og:image\" content=\"https:\/\/lequotidien.mr\/wp-content\/uploads\/2025\/06\/photo-dev-durable-Hambourg.jpg\" \/>\n\t<meta property=\"og:image:width\" content=\"750\" \/>\n\t<meta property=\"og:image:height\" content=\"430\" \/>\n\t<meta property=\"og:image:type\" content=\"image\/jpeg\" \/>\n<meta name=\"author\" content=\"Med Ahmed\" \/>\n<meta name=\"twitter:card\" content=\"summary_large_image\" \/>\n<meta name=\"twitter:creator\" content=\"@lequotidienmr\" \/>\n<meta name=\"twitter:site\" content=\"@lequotidienmr\" \/>\n<meta name=\"twitter:label1\" content=\"\u0643\u064f\u062a\u0628 \u0628\u0648\u0627\u0633\u0637\u0629\" \/>\n\t<meta name=\"twitter:data1\" content=\"Med Ahmed\" \/>\n\t<meta name=\"twitter:label2\" content=\"\u0648\u0642\u062a \u0627\u0644\u0642\u0631\u0627\u0621\u0629 \u0627\u0644\u0645\u064f\u0642\u062f\u0651\u0631\" \/>\n\t<meta name=\"twitter:data2\" content=\"4 \u062f\u0642\u0627\u0626\u0642\" \/>\n<script type=\"application\/ld+json\" class=\"yoast-schema-graph\">{\"@context\":\"https:\\\/\\\/schema.org\",\"@graph\":[{\"@type\":\"Article\",\"@id\":\"https:\\\/\\\/lequotidien.mr\\\/?p=28194&lang=fr#article\",\"isPartOf\":{\"@id\":\"https:\\\/\\\/lequotidien.mr\\\/?p=28194&lang=fr\"},\"author\":{\"name\":\"Med Ahmed\",\"@id\":\"https:\\\/\\\/lequotidien.mr\\\/#\\\/schema\\\/person\\\/d2d350202a4d599685ed8abc25f97596\"},\"headline\":\"Conf\u00e9rence de Hambourg sur le d\u00e9veloppement durable: Le ministre de l\u2019\u00c9nergie plaide pour les investissements verts\",\"datePublished\":\"2025-06-04T23:38:29+00:00\",\"mainEntityOfPage\":{\"@id\":\"https:\\\/\\\/lequotidien.mr\\\/?p=28194&lang=fr\"},\"wordCount\":613,\"commentCount\":0,\"publisher\":{\"@id\":\"https:\\\/\\\/lequotidien.mr\\\/#organization\"},\"image\":{\"@id\":\"https:\\\/\\\/lequotidien.mr\\\/?p=28194&lang=fr#primaryimage\"},\"thumbnailUrl\":\"https:\\\/\\\/lequotidien.mr\\\/wp-content\\\/uploads\\\/2025\\\/06\\\/photo-dev-durable-Hambourg.jpg\",\"articleSection\":[\"ACTUALIT\u00c9\",\"Economie\"],\"inLanguage\":\"ar\",\"potentialAction\":[{\"@type\":\"CommentAction\",\"name\":\"Comment\",\"target\":[\"https:\\\/\\\/lequotidien.mr\\\/?p=28194&lang=fr#respond\"]}]},{\"@type\":\"WebPage\",\"@id\":\"https:\\\/\\\/lequotidien.mr\\\/?p=28194&lang=fr\",\"url\":\"https:\\\/\\\/lequotidien.mr\\\/?p=28194&lang=fr\",\"name\":\"Conf\u00e9rence de Hambourg sur le d\u00e9veloppement durable: Le ministre de l\u2019\u00c9nergie plaide pour les investissements verts - Le Quotidien de Nouakchott\",\"isPartOf\":{\"@id\":\"https:\\\/\\\/lequotidien.mr\\\/#website\"},\"primaryImageOfPage\":{\"@id\":\"https:\\\/\\\/lequotidien.mr\\\/?p=28194&lang=fr#primaryimage\"},\"image\":{\"@id\":\"https:\\\/\\\/lequotidien.mr\\\/?p=28194&lang=fr#primaryimage\"},\"thumbnailUrl\":\"https:\\\/\\\/lequotidien.mr\\\/wp-content\\\/uploads\\\/2025\\\/06\\\/photo-dev-durable-Hambourg.jpg\",\"datePublished\":\"2025-06-04T23:38:29+00:00\",\"breadcrumb\":{\"@id\":\"https:\\\/\\\/lequotidien.mr\\\/?p=28194&lang=fr#breadcrumb\"},\"inLanguage\":\"ar\",\"potentialAction\":[{\"@type\":\"ReadAction\",\"target\":[\"https:\\\/\\\/lequotidien.mr\\\/?p=28194&lang=fr\"]}]},{\"@type\":\"ImageObject\",\"inLanguage\":\"ar\",\"@id\":\"https:\\\/\\\/lequotidien.mr\\\/?p=28194&lang=fr#primaryimage\",\"url\":\"https:\\\/\\\/lequotidien.mr\\\/wp-content\\\/uploads\\\/2025\\\/06\\\/photo-dev-durable-Hambourg.jpg\",\"contentUrl\":\"https:\\\/\\\/lequotidien.mr\\\/wp-content\\\/uploads\\\/2025\\\/06\\\/photo-dev-durable-Hambourg.jpg\",\"width\":750,\"height\":430},{\"@type\":\"BreadcrumbList\",\"@id\":\"https:\\\/\\\/lequotidien.mr\\\/?p=28194&lang=fr#breadcrumb\",\"itemListElement\":[{\"@type\":\"ListItem\",\"position\":1,\"name\":\"Home\",\"item\":\"https:\\\/\\\/lequotidien.mr\\\/\"},{\"@type\":\"ListItem\",\"position\":2,\"name\":\"Conf\u00e9rence de Hambourg sur le d\u00e9veloppement durable: Le ministre de l\u2019\u00c9nergie plaide pour les investissements verts\"}]},{\"@type\":\"WebSite\",\"@id\":\"https:\\\/\\\/lequotidien.mr\\\/#website\",\"url\":\"https:\\\/\\\/lequotidien.mr\\\/\",\"name\":\"Le Quotidien de Nouakchott\",\"description\":\"\u0625\u062e\u0628\u0627\u0631\u064a\u0629 \u0645\u0633\u062a\u0642\u0644\u0629 \u0644\u0644\u0623\u0646\u0628\u0627\u0621 \u0627\u0644\u0639\u0627\u0645\u0629\",\"publisher\":{\"@id\":\"https:\\\/\\\/lequotidien.mr\\\/#organization\"},\"potentialAction\":[{\"@type\":\"SearchAction\",\"target\":{\"@type\":\"EntryPoint\",\"urlTemplate\":\"https:\\\/\\\/lequotidien.mr\\\/?s={search_term_string}\"},\"query-input\":{\"@type\":\"PropertyValueSpecification\",\"valueRequired\":true,\"valueName\":\"search_term_string\"}}],\"inLanguage\":\"ar\"},{\"@type\":\"Organization\",\"@id\":\"https:\\\/\\\/lequotidien.mr\\\/#organization\",\"name\":\"Le Quotidien de Nouakchott\",\"url\":\"https:\\\/\\\/lequotidien.mr\\\/\",\"logo\":{\"@type\":\"ImageObject\",\"inLanguage\":\"ar\",\"@id\":\"https:\\\/\\\/lequotidien.mr\\\/#\\\/schema\\\/logo\\\/image\\\/\",\"url\":\"https:\\\/\\\/lequotidien.mr\\\/wp-content\\\/uploads\\\/2022\\\/11\\\/logolequotidien.jpg\",\"contentUrl\":\"https:\\\/\\\/lequotidien.mr\\\/wp-content\\\/uploads\\\/2022\\\/11\\\/logolequotidien.jpg\",\"width\":290,\"height\":65,\"caption\":\"Le Quotidien de Nouakchott\"},\"image\":{\"@id\":\"https:\\\/\\\/lequotidien.mr\\\/#\\\/schema\\\/logo\\\/image\\\/\"},\"sameAs\":[\"https:\\\/\\\/web.facebook.com\\\/lequotidienmr\",\"https:\\\/\\\/x.com\\\/lequotidienmr\"]},{\"@type\":\"Person\",\"@id\":\"https:\\\/\\\/lequotidien.mr\\\/#\\\/schema\\\/person\\\/d2d350202a4d599685ed8abc25f97596\",\"name\":\"Med Ahmed\",\"image\":{\"@type\":\"ImageObject\",\"inLanguage\":\"ar\",\"@id\":\"https:\\\/\\\/secure.gravatar.com\\\/avatar\\\/fd2acc62ed50732923d1d39c17172c9b04149f142be92310ecc69e1358f94b52?s=96&d=mm&r=g\",\"url\":\"https:\\\/\\\/secure.gravatar.com\\\/avatar\\\/fd2acc62ed50732923d1d39c17172c9b04149f142be92310ecc69e1358f94b52?s=96&d=mm&r=g\",\"contentUrl\":\"https:\\\/\\\/secure.gravatar.com\\\/avatar\\\/fd2acc62ed50732923d1d39c17172c9b04149f142be92310ecc69e1358f94b52?s=96&d=mm&r=g\",\"caption\":\"Med Ahmed\"},\"url\":\"https:\\\/\\\/lequotidien.mr\\\/?author=12\"}]}<\/script>\n<!-- \/ Yoast SEO plugin. -->","yoast_head_json":{"title":"Conf\u00e9rence de Hambourg sur le d\u00e9veloppement durable: Le ministre de l\u2019\u00c9nergie plaide pour les investissements verts - Le Quotidien de Nouakchott","robots":{"index":"index","follow":"follow","max-snippet":"max-snippet:-1","max-image-preview":"max-image-preview:large","max-video-preview":"max-video-preview:-1"},"canonical":"https:\/\/lequotidien.mr\/?p=28194&lang=fr","og_locale":"ar_AR","og_type":"article","og_title":"Conf\u00e9rence de Hambourg sur le d\u00e9veloppement durable: Le ministre de l\u2019\u00c9nergie plaide pour les investissements verts - Le Quotidien de Nouakchott","og_description":"En marge de la 2\u00e8me \u00e9dition de la Conf\u00e9rence de Hambourg sur le D\u00e9veloppement Durable, le ministre mauritanien de l\u2019\u00c9nergie et du P\u00e9trole, M. Mohamed Khaled, a men\u00e9 une s\u00e9rie d\u2019activit\u00e9s diplomatiques et de plaidoyer pour positionner la Mauritanie comme destination strat\u00e9gique pour les investissements verts et les partenariats durables. Rencontres bilat\u00e9rales prometteuses avec l&#8217;Allemagne.....","og_url":"https:\/\/lequotidien.mr\/?p=28194&lang=fr","og_site_name":"Le Quotidien de Nouakchott","article_publisher":"https:\/\/web.facebook.com\/lequotidienmr","article_published_time":"2025-06-04T23:38:29+00:00","og_image":[{"width":750,"height":430,"url":"https:\/\/lequotidien.mr\/wp-content\/uploads\/2025\/06\/photo-dev-durable-Hambourg.jpg","type":"image\/jpeg"}],"author":"Med Ahmed","twitter_card":"summary_large_image","twitter_creator":"@lequotidienmr","twitter_site":"@lequotidienmr","twitter_misc":{"\u0643\u064f\u062a\u0628 \u0628\u0648\u0627\u0633\u0637\u0629":"Med Ahmed","\u0648\u0642\u062a \u0627\u0644\u0642\u0631\u0627\u0621\u0629 \u0627\u0644\u0645\u064f\u0642\u062f\u0651\u0631":"4 \u062f\u0642\u0627\u0626\u0642"},"schema":{"@context":"https:\/\/schema.org","@graph":[{"@type":"Article","@id":"https:\/\/lequotidien.mr\/?p=28194&lang=fr#article","isPartOf":{"@id":"https:\/\/lequotidien.mr\/?p=28194&lang=fr"},"author":{"name":"Med Ahmed","@id":"https:\/\/lequotidien.mr\/#\/schema\/person\/d2d350202a4d599685ed8abc25f97596"},"headline":"Conf\u00e9rence de Hambourg sur le d\u00e9veloppement durable: Le ministre de l\u2019\u00c9nergie plaide pour les investissements verts","datePublished":"2025-06-04T23:38:29+00:00","mainEntityOfPage":{"@id":"https:\/\/lequotidien.mr\/?p=28194&lang=fr"},"wordCount":613,"commentCount":0,"publisher":{"@id":"https:\/\/lequotidien.mr\/#organization"},"image":{"@id":"https:\/\/lequotidien.mr\/?p=28194&lang=fr#primaryimage"},"thumbnailUrl":"https:\/\/lequotidien.mr\/wp-content\/uploads\/2025\/06\/photo-dev-durable-Hambourg.jpg","articleSection":["ACTUALIT\u00c9","Economie"],"inLanguage":"ar","potentialAction":[{"@type":"CommentAction","name":"Comment","target":["https:\/\/lequotidien.mr\/?p=28194&lang=fr#respond"]}]},{"@type":"WebPage","@id":"https:\/\/lequotidien.mr\/?p=28194&lang=fr","url":"https:\/\/lequotidien.mr\/?p=28194&lang=fr","name":"Conf\u00e9rence de Hambourg sur le d\u00e9veloppement durable: Le ministre de l\u2019\u00c9nergie plaide pour les investissements verts - Le Quotidien de Nouakchott","isPartOf":{"@id":"https:\/\/lequotidien.mr\/#website"},"primaryImageOfPage":{"@id":"https:\/\/lequotidien.mr\/?p=28194&lang=fr#primaryimage"},"image":{"@id":"https:\/\/lequotidien.mr\/?p=28194&lang=fr#primaryimage"},"thumbnailUrl":"https:\/\/lequotidien.mr\/wp-content\/uploads\/2025\/06\/photo-dev-durable-Hambourg.jpg","datePublished":"2025-06-04T23:38:29+00:00","breadcrumb":{"@id":"https:\/\/lequotidien.mr\/?p=28194&lang=fr#breadcrumb"},"inLanguage":"ar","potentialAction":[{"@type":"ReadAction","target":["https:\/\/lequotidien.mr\/?p=28194&lang=fr"]}]},{"@type":"ImageObject","inLanguage":"ar","@id":"https:\/\/lequotidien.mr\/?p=28194&lang=fr#primaryimage","url":"https:\/\/lequotidien.mr\/wp-content\/uploads\/2025\/06\/photo-dev-durable-Hambourg.jpg","contentUrl":"https:\/\/lequotidien.mr\/wp-content\/uploads\/2025\/06\/photo-dev-durable-Hambourg.jpg","width":750,"height":430},{"@type":"BreadcrumbList","@id":"https:\/\/lequotidien.mr\/?p=28194&lang=fr#breadcrumb","itemListElement":[{"@type":"ListItem","position":1,"name":"Home","item":"https:\/\/lequotidien.mr\/"},{"@type":"ListItem","position":2,"name":"Conf\u00e9rence de Hambourg sur le d\u00e9veloppement durable: Le ministre de l\u2019\u00c9nergie plaide pour les investissements verts"}]},{"@type":"WebSite","@id":"https:\/\/lequotidien.mr\/#website","url":"https:\/\/lequotidien.mr\/","name":"Le Quotidien de Nouakchott","description":"\u0625\u062e\u0628\u0627\u0631\u064a\u0629 \u0645\u0633\u062a\u0642\u0644\u0629 \u0644\u0644\u0623\u0646\u0628\u0627\u0621 \u0627\u0644\u0639\u0627\u0645\u0629","publisher":{"@id":"https:\/\/lequotidien.mr\/#organization"},"potentialAction":[{"@type":"SearchAction","target":{"@type":"EntryPoint","urlTemplate":"https:\/\/lequotidien.mr\/?s={search_term_string}"},"query-input":{"@type":"PropertyValueSpecification","valueRequired":true,"valueName":"search_term_string"}}],"inLanguage":"ar"},{"@type":"Organization","@id":"https:\/\/lequotidien.mr\/#organization","name":"Le Quotidien de Nouakchott","url":"https:\/\/lequotidien.mr\/","logo":{"@type":"ImageObject","inLanguage":"ar","@id":"https:\/\/lequotidien.mr\/#\/schema\/logo\/image\/","url":"https:\/\/lequotidien.mr\/wp-content\/uploads\/2022\/11\/logolequotidien.jpg","contentUrl":"https:\/\/lequotidien.mr\/wp-content\/uploads\/2022\/11\/logolequotidien.jpg","width":290,"height":65,"caption":"Le Quotidien de Nouakchott"},"image":{"@id":"https:\/\/lequotidien.mr\/#\/schema\/logo\/image\/"},"sameAs":["https:\/\/web.facebook.com\/lequotidienmr","https:\/\/x.com\/lequotidienmr"]},{"@type":"Person","@id":"https:\/\/lequotidien.mr\/#\/schema\/person\/d2d350202a4d599685ed8abc25f97596","name":"Med Ahmed","image":{"@type":"ImageObject","inLanguage":"ar","@id":"https:\/\/secure.gravatar.com\/avatar\/fd2acc62ed50732923d1d39c17172c9b04149f142be92310ecc69e1358f94b52?s=96&d=mm&r=g","url":"https:\/\/secure.gravatar.com\/avatar\/fd2acc62ed50732923d1d39c17172c9b04149f142be92310ecc69e1358f94b52?s=96&d=mm&r=g","contentUrl":"https:\/\/secure.gravatar.com\/avatar\/fd2acc62ed50732923d1d39c17172c9b04149f142be92310ecc69e1358f94b52?s=96&d=mm&r=g","caption":"Med Ahmed"},"url":"https:\/\/lequotidien.mr\/?author=12"}]}},"_links":{"self":[{"href":"https:\/\/lequotidien.mr\/index.php?rest_route=\/wp\/v2\/posts\/28194","targetHints":{"allow":["GET"]}}],"collection":[{"href":"https:\/\/lequotidien.mr\/index.php?rest_route=\/wp\/v2\/posts"}],"about":[{"href":"https:\/\/lequotidien.mr\/index.php?rest_route=\/wp\/v2\/types\/post"}],"author":[{"embeddable":true,"href":"https:\/\/lequotidien.mr\/index.php?rest_route=\/wp\/v2\/users\/12"}],"replies":[{"embeddable":true,"href":"https:\/\/lequotidien.mr\/index.php?rest_route=%2Fwp%2Fv2%2Fcomments&post=28194"}],"version-history":[{"count":1,"href":"https:\/\/lequotidien.mr\/index.php?rest_route=\/wp\/v2\/posts\/28194\/revisions"}],"predecessor-version":[{"id":28196,"href":"https:\/\/lequotidien.mr\/index.php?rest_route=\/wp\/v2\/posts\/28194\/revisions\/28196"}],"wp:featuredmedia":[{"embeddable":true,"href":"https:\/\/lequotidien.mr\/index.php?rest_route=\/wp\/v2\/media\/28195"}],"wp:attachment":[{"href":"https:\/\/lequotidien.mr\/index.php?rest_route=%2Fwp%2Fv2%2Fmedia&parent=28194"}],"wp:term":[{"taxonomy":"category","embeddable":true,"href":"https:\/\/lequotidien.mr\/index.php?rest_route=%2Fwp%2Fv2%2Fcategories&post=28194"},{"taxonomy":"post_tag","embeddable":true,"href":"https:\/\/lequotidien.mr\/index.php?rest_route=%2Fwp%2Fv2%2Ftags&post=28194"}],"curies":[{"name":"wp","href":"https:\/\/api.w.org\/{rel}","templated":true}]}}