{"id":281,"date":"2022-11-11T22:39:08","date_gmt":"2022-11-11T22:39:08","guid":{"rendered":"https:\/\/lequotidien.mr\/?p=281"},"modified":"2022-11-11T22:39:08","modified_gmt":"2022-11-11T22:39:08","slug":"culture-un-livre-mauritanien-a-la-saison-dautomne-de-mewcim-assila-theqafi-el-alemi","status":"publish","type":"post","link":"https:\/\/lequotidien.mr\/?p=281&lang=fr","title":{"rendered":"Culture : un livre mauritanien \u00e0 la saison d\u2019automne de \u00ab Mewcim Assila Theqafi El Alemi \u00bb"},"content":{"rendered":"<p>La fondation marocaine ASSILA a annonc\u00e9 que dans le cadre du programme de la 43<sup>\u00e8me<\/sup>\u00a0session d\u2019automne de Mewcim culturel Assila, il est pr\u00e9vu la signature d\u2019un livre mauritanien de l\u2019\u00e9crivain mauritanien Abdallahi O. Mouhamdi, sous le titre \u00ab\u00a0CHOUHOUD ZEMEN\u00a0: SADAQATOUN VI DOUROUBI ESSHAVA\u00a0\u00bb (les t\u00e9moins d\u2019une \u00e9poque\u00a0: des amiti\u00e9s sur les routes de la presse).<\/p>\n<p>Ce livre dont la premi\u00e8re \u00e9dition a \u00e9t\u00e9 publi\u00e9e \u00e0 Beyrouth, en ao\u00fbt dernier, et qui compte environ 170 pages, d\u2019un format moyen, \u00e9voque le parcours d\u2019un groupe de journalistes dont l\u2019auteur a crois\u00e9 les chemins alors qu\u2019il \u00e9voluait dans le monde de la presse et du journalisme, un parcours entam\u00e9 les ann\u00e9es 80 du si\u00e8cle dernier.<\/p>\n<p>L\u2019auteur a d\u00e9j\u00e0 publi\u00e9 un certain nombre de livres entre 2009 et 2020 dont notamment YEWMIYATT SAHAVIYOUN VI IVRIQIYA (le quotidien d\u2019un journaliste en Afrique), AL MAGHRIB WE IVRIQUIYA ROUYETOU MELIK (le Maroc et la vision d\u2019un roi) en 2020.<\/p>\n<p>La deuxi\u00e8me session d\u2019automne de la 43<sup>\u00e8me<\/sup>\u00a0saison culturelle internationale ASSILA sera lanc\u00e9e \u00e0 la fin de cette semaine sous le haut patronage du souverain marocain Mohamed VI.<\/p>\n<p>Le programme de cette ann\u00e9e pr\u00e9voit des activit\u00e9s culturelles et artistiques anim\u00e9es par les Emirats arabes unis, en plus de 7 colloques pr\u00e9vus dans le cadre de la 36<sup>\u00e8me<\/sup>\u00a0session de l\u2019universit\u00e9 d\u2019Al Moutemed Ibn Abbad Al Maftouha en plus d\u2019autres activit\u00e9s diverses auxquelles participent bon nombre de pays arabes, africains et mondiaux et pr\u00e8s de 400 chercheurs, penseurs, d\u00e9cideurs influents, \u00e9crivains et journalistes.<\/p>\n","protected":false},"excerpt":{"rendered":"<p>La fondation marocaine ASSILA a annonc\u00e9 que dans le cadre du programme de la 43\u00e8me\u00a0session d\u2019automne de Mewcim culturel Assila, il est pr\u00e9vu la signature d\u2019un livre mauritanien de l\u2019\u00e9crivain mauritanien Abdallahi O. Mouhamdi, sous le titre \u00ab\u00a0CHOUHOUD ZEMEN\u00a0: SADAQATOUN VI DOUROUBI ESSHAVA\u00a0\u00bb (les t\u00e9moins d\u2019une \u00e9poque\u00a0: des amiti\u00e9s sur les routes de la presse)&#8230;&#8230;<\/p>\n","protected":false},"author":3,"featured_media":282,"comment_status":"open","ping_status":"open","sticky":false,"template":"","format":"standard","meta":{"footnotes":""},"categories":[55],"tags":[],"class_list":["post-281","post","type-post","status-publish","format-standard","has-post-thumbnail","hentry","category-culture"],"yoast_head":"<!-- This site is optimized with the Yoast SEO plugin v27.5 - https:\/\/yoast.com\/product\/yoast-seo-wordpress\/ -->\n<title>Culture : un livre mauritanien \u00e0 la saison d\u2019automne de \u00ab Mewcim Assila Theqafi El Alemi \u00bb - Le Quotidien de Nouakchott<\/title>\n<meta name=\"robots\" content=\"index, follow, max-snippet:-1, max-image-preview:large, max-video-preview:-1\" \/>\n<link rel=\"canonical\" href=\"https:\/\/lequotidien.mr\/?p=281&lang=fr\" \/>\n<meta property=\"og:locale\" content=\"ar_AR\" \/>\n<meta property=\"og:type\" content=\"article\" \/>\n<meta property=\"og:title\" content=\"Culture : un livre mauritanien \u00e0 la saison d\u2019automne de \u00ab Mewcim Assila Theqafi El Alemi \u00bb - Le Quotidien de Nouakchott\" \/>\n<meta property=\"og:description\" content=\"La fondation marocaine ASSILA a annonc\u00e9 que dans le cadre du programme de la 43\u00e8me\u00a0session d\u2019automne de Mewcim culturel Assila, il est pr\u00e9vu la signature d\u2019un livre mauritanien de l\u2019\u00e9crivain mauritanien Abdallahi O. Mouhamdi, sous le titre \u00ab\u00a0CHOUHOUD ZEMEN\u00a0: SADAQATOUN VI DOUROUBI ESSHAVA\u00a0\u00bb (les t\u00e9moins d\u2019une \u00e9poque\u00a0: des amiti\u00e9s sur les routes de la presse)......\" \/>\n<meta property=\"og:url\" content=\"https:\/\/lequotidien.mr\/?p=281&amp;lang=fr\" \/>\n<meta property=\"og:site_name\" content=\"Le Quotidien de Nouakchott\" \/>\n<meta property=\"article:publisher\" content=\"https:\/\/web.facebook.com\/lequotidienmr\" \/>\n<meta property=\"article:author\" content=\"https:\/\/web.facebook.com\/a.mleiwih\" \/>\n<meta property=\"article:published_time\" content=\"2022-11-11T22:39:08+00:00\" \/>\n<meta property=\"og:image\" content=\"https:\/\/lequotidien.mr\/wp-content\/uploads\/2022\/11\/11-15.png\" \/>\n\t<meta property=\"og:image:width\" content=\"781\" \/>\n\t<meta property=\"og:image:height\" content=\"469\" \/>\n\t<meta property=\"og:image:type\" content=\"image\/png\" \/>\n<meta name=\"author\" content=\"Alioun M&#039;leiwih\" \/>\n<meta name=\"twitter:card\" content=\"summary_large_image\" \/>\n<meta name=\"twitter:creator\" content=\"@lequotidienmr\" \/>\n<meta name=\"twitter:site\" content=\"@lequotidienmr\" \/>\n<meta name=\"twitter:label1\" content=\"\u0643\u064f\u062a\u0628 \u0628\u0648\u0627\u0633\u0637\u0629\" \/>\n\t<meta name=\"twitter:data1\" content=\"Alioun M&#039;leiwih\" \/>\n\t<meta name=\"twitter:label2\" content=\"\u0648\u0642\u062a \u0627\u0644\u0642\u0631\u0627\u0621\u0629 \u0627\u0644\u0645\u064f\u0642\u062f\u0651\u0631\" \/>\n\t<meta name=\"twitter:data2\" content=\"\u062f\u0642\u064a\u0642\u0629 \u0648\u0627\u062d\u062f\u0629\" \/>\n<script type=\"application\/ld+json\" class=\"yoast-schema-graph\">{\"@context\":\"https:\\\/\\\/schema.org\",\"@graph\":[{\"@type\":\"Article\",\"@id\":\"https:\\\/\\\/lequotidien.mr\\\/?p=281&lang=fr#article\",\"isPartOf\":{\"@id\":\"https:\\\/\\\/lequotidien.mr\\\/?p=281&lang=fr\"},\"author\":{\"name\":\"Alioun M'leiwih\",\"@id\":\"https:\\\/\\\/lequotidien.mr\\\/#\\\/schema\\\/person\\\/69d1518c74c9137087929a20b1272cb0\"},\"headline\":\"Culture : un livre mauritanien \u00e0 la saison d\u2019automne de \u00ab Mewcim Assila Theqafi El Alemi \u00bb\",\"datePublished\":\"2022-11-11T22:39:08+00:00\",\"mainEntityOfPage\":{\"@id\":\"https:\\\/\\\/lequotidien.mr\\\/?p=281&lang=fr\"},\"wordCount\":284,\"commentCount\":0,\"publisher\":{\"@id\":\"https:\\\/\\\/lequotidien.mr\\\/#organization\"},\"image\":{\"@id\":\"https:\\\/\\\/lequotidien.mr\\\/?p=281&lang=fr#primaryimage\"},\"thumbnailUrl\":\"https:\\\/\\\/lequotidien.mr\\\/wp-content\\\/uploads\\\/2022\\\/11\\\/11-15.png\",\"articleSection\":[\"Culture\"],\"inLanguage\":\"ar\",\"potentialAction\":[{\"@type\":\"CommentAction\",\"name\":\"Comment\",\"target\":[\"https:\\\/\\\/lequotidien.mr\\\/?p=281&lang=fr#respond\"]}]},{\"@type\":\"WebPage\",\"@id\":\"https:\\\/\\\/lequotidien.mr\\\/?p=281&lang=fr\",\"url\":\"https:\\\/\\\/lequotidien.mr\\\/?p=281&lang=fr\",\"name\":\"Culture : un livre mauritanien \u00e0 la saison d\u2019automne de \u00ab Mewcim Assila Theqafi El Alemi \u00bb - Le Quotidien de Nouakchott\",\"isPartOf\":{\"@id\":\"https:\\\/\\\/lequotidien.mr\\\/#website\"},\"primaryImageOfPage\":{\"@id\":\"https:\\\/\\\/lequotidien.mr\\\/?p=281&lang=fr#primaryimage\"},\"image\":{\"@id\":\"https:\\\/\\\/lequotidien.mr\\\/?p=281&lang=fr#primaryimage\"},\"thumbnailUrl\":\"https:\\\/\\\/lequotidien.mr\\\/wp-content\\\/uploads\\\/2022\\\/11\\\/11-15.png\",\"datePublished\":\"2022-11-11T22:39:08+00:00\",\"breadcrumb\":{\"@id\":\"https:\\\/\\\/lequotidien.mr\\\/?p=281&lang=fr#breadcrumb\"},\"inLanguage\":\"ar\",\"potentialAction\":[{\"@type\":\"ReadAction\",\"target\":[\"https:\\\/\\\/lequotidien.mr\\\/?p=281&lang=fr\"]}]},{\"@type\":\"ImageObject\",\"inLanguage\":\"ar\",\"@id\":\"https:\\\/\\\/lequotidien.mr\\\/?p=281&lang=fr#primaryimage\",\"url\":\"https:\\\/\\\/lequotidien.mr\\\/wp-content\\\/uploads\\\/2022\\\/11\\\/11-15.png\",\"contentUrl\":\"https:\\\/\\\/lequotidien.mr\\\/wp-content\\\/uploads\\\/2022\\\/11\\\/11-15.png\",\"width\":781,\"height\":469},{\"@type\":\"BreadcrumbList\",\"@id\":\"https:\\\/\\\/lequotidien.mr\\\/?p=281&lang=fr#breadcrumb\",\"itemListElement\":[{\"@type\":\"ListItem\",\"position\":1,\"name\":\"Home\",\"item\":\"https:\\\/\\\/lequotidien.mr\\\/\"},{\"@type\":\"ListItem\",\"position\":2,\"name\":\"Culture : un livre mauritanien \u00e0 la saison d\u2019automne de \u00ab Mewcim Assila Theqafi El Alemi \u00bb\"}]},{\"@type\":\"WebSite\",\"@id\":\"https:\\\/\\\/lequotidien.mr\\\/#website\",\"url\":\"https:\\\/\\\/lequotidien.mr\\\/\",\"name\":\"Le Quotidien de Nouakchott\",\"description\":\"\u0625\u062e\u0628\u0627\u0631\u064a\u0629 \u0645\u0633\u062a\u0642\u0644\u0629 \u0644\u0644\u0623\u0646\u0628\u0627\u0621 \u0627\u0644\u0639\u0627\u0645\u0629\",\"publisher\":{\"@id\":\"https:\\\/\\\/lequotidien.mr\\\/#organization\"},\"potentialAction\":[{\"@type\":\"SearchAction\",\"target\":{\"@type\":\"EntryPoint\",\"urlTemplate\":\"https:\\\/\\\/lequotidien.mr\\\/?s={search_term_string}\"},\"query-input\":{\"@type\":\"PropertyValueSpecification\",\"valueRequired\":true,\"valueName\":\"search_term_string\"}}],\"inLanguage\":\"ar\"},{\"@type\":\"Organization\",\"@id\":\"https:\\\/\\\/lequotidien.mr\\\/#organization\",\"name\":\"Le Quotidien de Nouakchott\",\"url\":\"https:\\\/\\\/lequotidien.mr\\\/\",\"logo\":{\"@type\":\"ImageObject\",\"inLanguage\":\"ar\",\"@id\":\"https:\\\/\\\/lequotidien.mr\\\/#\\\/schema\\\/logo\\\/image\\\/\",\"url\":\"https:\\\/\\\/lequotidien.mr\\\/wp-content\\\/uploads\\\/2022\\\/11\\\/logolequotidien.jpg\",\"contentUrl\":\"https:\\\/\\\/lequotidien.mr\\\/wp-content\\\/uploads\\\/2022\\\/11\\\/logolequotidien.jpg\",\"width\":290,\"height\":65,\"caption\":\"Le Quotidien de Nouakchott\"},\"image\":{\"@id\":\"https:\\\/\\\/lequotidien.mr\\\/#\\\/schema\\\/logo\\\/image\\\/\"},\"sameAs\":[\"https:\\\/\\\/web.facebook.com\\\/lequotidienmr\",\"https:\\\/\\\/x.com\\\/lequotidienmr\"]},{\"@type\":\"Person\",\"@id\":\"https:\\\/\\\/lequotidien.mr\\\/#\\\/schema\\\/person\\\/69d1518c74c9137087929a20b1272cb0\",\"name\":\"Alioun M'leiwih\",\"image\":{\"@type\":\"ImageObject\",\"inLanguage\":\"ar\",\"@id\":\"https:\\\/\\\/secure.gravatar.com\\\/avatar\\\/01f9d357222d7d4ca8f71662f4b081718f06d25b11fc45662ecca0622d507e51?s=96&d=mm&r=g\",\"url\":\"https:\\\/\\\/secure.gravatar.com\\\/avatar\\\/01f9d357222d7d4ca8f71662f4b081718f06d25b11fc45662ecca0622d507e51?s=96&d=mm&r=g\",\"contentUrl\":\"https:\\\/\\\/secure.gravatar.com\\\/avatar\\\/01f9d357222d7d4ca8f71662f4b081718f06d25b11fc45662ecca0622d507e51?s=96&d=mm&r=g\",\"caption\":\"Alioun M'leiwih\"},\"sameAs\":[\"https:\\\/\\\/lequotidien.mr\\\/\",\"https:\\\/\\\/web.facebook.com\\\/a.mleiwih\",\"https:\\\/\\\/www.linkedin.com\\\/in\\\/alimlewih\\\/\"],\"url\":\"https:\\\/\\\/lequotidien.mr\\\/?author=3\"}]}<\/script>\n<!-- \/ Yoast SEO plugin. -->","yoast_head_json":{"title":"Culture : un livre mauritanien \u00e0 la saison d\u2019automne de \u00ab Mewcim Assila Theqafi El Alemi \u00bb - Le Quotidien de Nouakchott","robots":{"index":"index","follow":"follow","max-snippet":"max-snippet:-1","max-image-preview":"max-image-preview:large","max-video-preview":"max-video-preview:-1"},"canonical":"https:\/\/lequotidien.mr\/?p=281&lang=fr","og_locale":"ar_AR","og_type":"article","og_title":"Culture : un livre mauritanien \u00e0 la saison d\u2019automne de \u00ab Mewcim Assila Theqafi El Alemi \u00bb - Le Quotidien de Nouakchott","og_description":"La fondation marocaine ASSILA a annonc\u00e9 que dans le cadre du programme de la 43\u00e8me\u00a0session d\u2019automne de Mewcim culturel Assila, il est pr\u00e9vu la signature d\u2019un livre mauritanien de l\u2019\u00e9crivain mauritanien Abdallahi O. Mouhamdi, sous le titre \u00ab\u00a0CHOUHOUD ZEMEN\u00a0: SADAQATOUN VI DOUROUBI ESSHAVA\u00a0\u00bb (les t\u00e9moins d\u2019une \u00e9poque\u00a0: des amiti\u00e9s sur les routes de la presse)......","og_url":"https:\/\/lequotidien.mr\/?p=281&lang=fr","og_site_name":"Le Quotidien de Nouakchott","article_publisher":"https:\/\/web.facebook.com\/lequotidienmr","article_author":"https:\/\/web.facebook.com\/a.mleiwih","article_published_time":"2022-11-11T22:39:08+00:00","og_image":[{"width":781,"height":469,"url":"https:\/\/lequotidien.mr\/wp-content\/uploads\/2022\/11\/11-15.png","type":"image\/png"}],"author":"Alioun M'leiwih","twitter_card":"summary_large_image","twitter_creator":"@lequotidienmr","twitter_site":"@lequotidienmr","twitter_misc":{"\u0643\u064f\u062a\u0628 \u0628\u0648\u0627\u0633\u0637\u0629":"Alioun M'leiwih","\u0648\u0642\u062a \u0627\u0644\u0642\u0631\u0627\u0621\u0629 \u0627\u0644\u0645\u064f\u0642\u062f\u0651\u0631":"\u062f\u0642\u064a\u0642\u0629 \u0648\u0627\u062d\u062f\u0629"},"schema":{"@context":"https:\/\/schema.org","@graph":[{"@type":"Article","@id":"https:\/\/lequotidien.mr\/?p=281&lang=fr#article","isPartOf":{"@id":"https:\/\/lequotidien.mr\/?p=281&lang=fr"},"author":{"name":"Alioun M'leiwih","@id":"https:\/\/lequotidien.mr\/#\/schema\/person\/69d1518c74c9137087929a20b1272cb0"},"headline":"Culture : un livre mauritanien \u00e0 la saison d\u2019automne de \u00ab Mewcim Assila Theqafi El Alemi \u00bb","datePublished":"2022-11-11T22:39:08+00:00","mainEntityOfPage":{"@id":"https:\/\/lequotidien.mr\/?p=281&lang=fr"},"wordCount":284,"commentCount":0,"publisher":{"@id":"https:\/\/lequotidien.mr\/#organization"},"image":{"@id":"https:\/\/lequotidien.mr\/?p=281&lang=fr#primaryimage"},"thumbnailUrl":"https:\/\/lequotidien.mr\/wp-content\/uploads\/2022\/11\/11-15.png","articleSection":["Culture"],"inLanguage":"ar","potentialAction":[{"@type":"CommentAction","name":"Comment","target":["https:\/\/lequotidien.mr\/?p=281&lang=fr#respond"]}]},{"@type":"WebPage","@id":"https:\/\/lequotidien.mr\/?p=281&lang=fr","url":"https:\/\/lequotidien.mr\/?p=281&lang=fr","name":"Culture : un livre mauritanien \u00e0 la saison d\u2019automne de \u00ab Mewcim Assila Theqafi El Alemi \u00bb - Le Quotidien de Nouakchott","isPartOf":{"@id":"https:\/\/lequotidien.mr\/#website"},"primaryImageOfPage":{"@id":"https:\/\/lequotidien.mr\/?p=281&lang=fr#primaryimage"},"image":{"@id":"https:\/\/lequotidien.mr\/?p=281&lang=fr#primaryimage"},"thumbnailUrl":"https:\/\/lequotidien.mr\/wp-content\/uploads\/2022\/11\/11-15.png","datePublished":"2022-11-11T22:39:08+00:00","breadcrumb":{"@id":"https:\/\/lequotidien.mr\/?p=281&lang=fr#breadcrumb"},"inLanguage":"ar","potentialAction":[{"@type":"ReadAction","target":["https:\/\/lequotidien.mr\/?p=281&lang=fr"]}]},{"@type":"ImageObject","inLanguage":"ar","@id":"https:\/\/lequotidien.mr\/?p=281&lang=fr#primaryimage","url":"https:\/\/lequotidien.mr\/wp-content\/uploads\/2022\/11\/11-15.png","contentUrl":"https:\/\/lequotidien.mr\/wp-content\/uploads\/2022\/11\/11-15.png","width":781,"height":469},{"@type":"BreadcrumbList","@id":"https:\/\/lequotidien.mr\/?p=281&lang=fr#breadcrumb","itemListElement":[{"@type":"ListItem","position":1,"name":"Home","item":"https:\/\/lequotidien.mr\/"},{"@type":"ListItem","position":2,"name":"Culture : un livre mauritanien \u00e0 la saison d\u2019automne de \u00ab Mewcim Assila Theqafi El Alemi \u00bb"}]},{"@type":"WebSite","@id":"https:\/\/lequotidien.mr\/#website","url":"https:\/\/lequotidien.mr\/","name":"Le Quotidien de Nouakchott","description":"\u0625\u062e\u0628\u0627\u0631\u064a\u0629 \u0645\u0633\u062a\u0642\u0644\u0629 \u0644\u0644\u0623\u0646\u0628\u0627\u0621 \u0627\u0644\u0639\u0627\u0645\u0629","publisher":{"@id":"https:\/\/lequotidien.mr\/#organization"},"potentialAction":[{"@type":"SearchAction","target":{"@type":"EntryPoint","urlTemplate":"https:\/\/lequotidien.mr\/?s={search_term_string}"},"query-input":{"@type":"PropertyValueSpecification","valueRequired":true,"valueName":"search_term_string"}}],"inLanguage":"ar"},{"@type":"Organization","@id":"https:\/\/lequotidien.mr\/#organization","name":"Le Quotidien de Nouakchott","url":"https:\/\/lequotidien.mr\/","logo":{"@type":"ImageObject","inLanguage":"ar","@id":"https:\/\/lequotidien.mr\/#\/schema\/logo\/image\/","url":"https:\/\/lequotidien.mr\/wp-content\/uploads\/2022\/11\/logolequotidien.jpg","contentUrl":"https:\/\/lequotidien.mr\/wp-content\/uploads\/2022\/11\/logolequotidien.jpg","width":290,"height":65,"caption":"Le Quotidien de Nouakchott"},"image":{"@id":"https:\/\/lequotidien.mr\/#\/schema\/logo\/image\/"},"sameAs":["https:\/\/web.facebook.com\/lequotidienmr","https:\/\/x.com\/lequotidienmr"]},{"@type":"Person","@id":"https:\/\/lequotidien.mr\/#\/schema\/person\/69d1518c74c9137087929a20b1272cb0","name":"Alioun M'leiwih","image":{"@type":"ImageObject","inLanguage":"ar","@id":"https:\/\/secure.gravatar.com\/avatar\/01f9d357222d7d4ca8f71662f4b081718f06d25b11fc45662ecca0622d507e51?s=96&d=mm&r=g","url":"https:\/\/secure.gravatar.com\/avatar\/01f9d357222d7d4ca8f71662f4b081718f06d25b11fc45662ecca0622d507e51?s=96&d=mm&r=g","contentUrl":"https:\/\/secure.gravatar.com\/avatar\/01f9d357222d7d4ca8f71662f4b081718f06d25b11fc45662ecca0622d507e51?s=96&d=mm&r=g","caption":"Alioun M'leiwih"},"sameAs":["https:\/\/lequotidien.mr\/","https:\/\/web.facebook.com\/a.mleiwih","https:\/\/www.linkedin.com\/in\/alimlewih\/"],"url":"https:\/\/lequotidien.mr\/?author=3"}]}},"_links":{"self":[{"href":"https:\/\/lequotidien.mr\/index.php?rest_route=\/wp\/v2\/posts\/281","targetHints":{"allow":["GET"]}}],"collection":[{"href":"https:\/\/lequotidien.mr\/index.php?rest_route=\/wp\/v2\/posts"}],"about":[{"href":"https:\/\/lequotidien.mr\/index.php?rest_route=\/wp\/v2\/types\/post"}],"author":[{"embeddable":true,"href":"https:\/\/lequotidien.mr\/index.php?rest_route=\/wp\/v2\/users\/3"}],"replies":[{"embeddable":true,"href":"https:\/\/lequotidien.mr\/index.php?rest_route=%2Fwp%2Fv2%2Fcomments&post=281"}],"version-history":[{"count":1,"href":"https:\/\/lequotidien.mr\/index.php?rest_route=\/wp\/v2\/posts\/281\/revisions"}],"predecessor-version":[{"id":283,"href":"https:\/\/lequotidien.mr\/index.php?rest_route=\/wp\/v2\/posts\/281\/revisions\/283"}],"wp:featuredmedia":[{"embeddable":true,"href":"https:\/\/lequotidien.mr\/index.php?rest_route=\/wp\/v2\/media\/282"}],"wp:attachment":[{"href":"https:\/\/lequotidien.mr\/index.php?rest_route=%2Fwp%2Fv2%2Fmedia&parent=281"}],"wp:term":[{"taxonomy":"category","embeddable":true,"href":"https:\/\/lequotidien.mr\/index.php?rest_route=%2Fwp%2Fv2%2Fcategories&post=281"},{"taxonomy":"post_tag","embeddable":true,"href":"https:\/\/lequotidien.mr\/index.php?rest_route=%2Fwp%2Fv2%2Ftags&post=281"}],"curies":[{"name":"wp","href":"https:\/\/api.w.org\/{rel}","templated":true}]}}