{"id":28094,"date":"2025-06-01T23:21:53","date_gmt":"2025-06-01T23:21:53","guid":{"rendered":"https:\/\/lequotidien.mr\/?p=28094"},"modified":"2025-06-01T23:21:53","modified_gmt":"2025-06-01T23:21:53","slug":"le-president-el-ghazouani-recoit-sidi-tah-nouveau-president-de-la-bad-une-victoire-diplomatique-mauritanienne-celebree-a-nouakchott","status":"publish","type":"post","link":"https:\/\/lequotidien.mr\/?p=28094&lang=fr","title":{"rendered":"Le Pr\u00e9sident El Ghazouani re\u00e7oit Sidi Tah, nouveau pr\u00e9sident de la BAD : Une victoire diplomatique mauritanienne c\u00e9l\u00e9br\u00e9e \u00e0 Nouakchott"},"content":{"rendered":"<p>Le Pr\u00e9sident de la R\u00e9publique, Monsieur Mohamed Cheikh El Ghazouani, a re\u00e7u ce vendredi soir en audience au Palais pr\u00e9sidentiel \u00e0 Nouakchott, Monsieur Sidi Tah, le nouveau pr\u00e9sident \u00e9lu du Groupe de la Banque Africaine de D\u00e9veloppement (BAD).<\/p>\n<p>Cette rencontre de haut niveau, marqu\u00e9e par des \u00e9changes chaleureux, a permis au Chef de l&#8217;\u00c9tat mauritanien de f\u00e9liciter officiellement M. Sidi Tah pour son \u00e9lection \u00e0 la t\u00eate de cette institution financi\u00e8re panafricaine majeure. Le Pr\u00e9sident El Ghazouani lui a exprim\u00e9 ses v\u0153ux de &#8220;plein succ\u00e8s&#8221; dans sa nouvelle fonction, soulignant l&#8217;importance du r\u00f4le que la BAD est appel\u00e9e \u00e0 jouer dans le soutien au d\u00e9veloppement \u00e9conomique des pays africains.<\/p>\n<p>Au c\u0153ur des discussions, M. Sidi Tah a tenu \u00e0 exprimer sa profonde gratitude au Pr\u00e9sident El Ghazouani. Il a vivement remerci\u00e9 le Chef de l&#8217;\u00c9tat pour la &#8220;confiance&#8221; manifest\u00e9e en proposant sa candidature, au nom de la Mauritanie, au prestigieux poste de pr\u00e9sident de la BAD. Le nouvel \u00e9lu a \u00e9galement adress\u00e9 au Pr\u00e9sident ses &#8220;chaleureuses f\u00e9licitations pour le succ\u00e8s de la Mauritanie&#8221; dans cette \u00e9lection.<\/p>\n<p>Un communiqu\u00e9 publi\u00e9 \u00e0 l&#8217;issue de l&#8217;entretien a d\u00e9taill\u00e9 le sentiment de M. Sidi Tah. Ce dernier a soulign\u00e9 que la r\u00e9ception par le Pr\u00e9sident El Ghazouani constituait un &#8220;honneur&#8221;. Il a saisi cette occasion pour r\u00e9it\u00e9rer ses remerciements et sa gratitude envers le Pr\u00e9sident, non seulement pour sa nomination en tant que candidat mauritanien, mais aussi pour &#8220;les efforts consid\u00e9rables&#8221; d\u00e9ploy\u00e9s personnellement et &#8220;les orientations&#8221; donn\u00e9es aux organismes gouvernementaux. Ces actions d\u00e9cisives, a-t-il insist\u00e9, ont directement conduit au succ\u00e8s de la candidature mauritanienne.<\/p>\n<p>M. Sidi Tah a qualifi\u00e9 cette victoire de &#8220;succ\u00e8s pour la diplomatie mauritanienne&#8221;. Il l&#8217;a pr\u00e9sent\u00e9e comme le &#8220;fruit&#8221; de la pr\u00e9sidence de Son Excellence Mohamed Cheikh El Ghazouani \u00e0 l&#8217;Union Africaine. Selon lui, ce mandat \u00e0 la t\u00eate de l&#8217;UA a permis &#8220;aux Africains et au monde&#8221; de reconna\u00eetre les &#8220;formidables capacit\u00e9s&#8221; du Pr\u00e9sident Ghazouani \u00e0 &#8220;g\u00e9rer les conflits et les diff\u00e9rends avec une grande sagesse et une excellente r\u00e9putation&#8221;, des qualit\u00e9s qui ont sans doute pes\u00e9 dans la r\u00e9ussite mauritanienne.<\/p>\n<p>L&#8217;entretien s&#8217;est d\u00e9roul\u00e9 en pr\u00e9sence de Monsieur Nani Chrougha, Ministre charg\u00e9 du cabinet du Pr\u00e9sident de la R\u00e9publique, et de Monsieur Sid\u2019Ahmed Bouh, Ministre de l\u2019\u00c9conomie et des Finances, soulignant l&#8217;importance strat\u00e9gique accord\u00e9e par le gouvernement mauritanien \u00e0 cette \u00e9lection et \u00e0 la relation future avec la BAD sous la pr\u00e9sidence de Sidi Tah.<\/p>\n<p>Cette rencontre symbolise la reconnaissance par l&#8217;\u00c9tat mauritanien de l&#8217;importance capitale de la BAD pour le d\u00e9veloppement du continent et consacre le succ\u00e8s diplomatique remport\u00e9 par la Mauritanie en pla\u00e7ant l&#8217;un des siens \u00e0 la t\u00eate de cette institution cl\u00e9. Elle ouvre \u00e9galement la perspective d&#8217;un partenariat renforc\u00e9 entre Nouakchott et Abidjan dans les ann\u00e9es \u00e0 venir.<\/p>\n","protected":false},"excerpt":{"rendered":"<p>Le Pr\u00e9sident de la R\u00e9publique, Monsieur Mohamed Cheikh El Ghazouani, a re\u00e7u ce vendredi soir en audience au Palais pr\u00e9sidentiel \u00e0 Nouakchott, Monsieur Sidi Tah, le nouveau pr\u00e9sident \u00e9lu du Groupe de la Banque Africaine de D\u00e9veloppement (BAD). Cette rencontre de haut niveau, marqu\u00e9e par des \u00e9changes chaleureux, a permis au Chef de l&#8217;\u00c9tat mauritanien&#8230;..<\/p>\n","protected":false},"author":12,"featured_media":28096,"comment_status":"open","ping_status":"open","sticky":false,"template":"","format":"standard","meta":{"footnotes":""},"categories":[23,49],"tags":[],"class_list":["post-28094","post","type-post","status-publish","format-standard","has-post-thumbnail","hentry","category-actualite","category-economie"],"yoast_head":"<!-- This site is optimized with the Yoast SEO plugin v27.5 - https:\/\/yoast.com\/product\/yoast-seo-wordpress\/ -->\n<title>Le Pr\u00e9sident El Ghazouani re\u00e7oit Sidi Tah, nouveau pr\u00e9sident de la BAD : Une victoire diplomatique mauritanienne c\u00e9l\u00e9br\u00e9e \u00e0 Nouakchott - Le Quotidien de Nouakchott<\/title>\n<meta name=\"robots\" content=\"index, follow, max-snippet:-1, max-image-preview:large, max-video-preview:-1\" \/>\n<link rel=\"canonical\" href=\"https:\/\/lequotidien.mr\/?p=28094&lang=fr\" \/>\n<meta property=\"og:locale\" content=\"ar_AR\" \/>\n<meta property=\"og:type\" content=\"article\" \/>\n<meta property=\"og:title\" content=\"Le Pr\u00e9sident El Ghazouani re\u00e7oit Sidi Tah, nouveau pr\u00e9sident de la BAD : Une victoire diplomatique mauritanienne c\u00e9l\u00e9br\u00e9e \u00e0 Nouakchott - Le Quotidien de Nouakchott\" \/>\n<meta property=\"og:description\" content=\"Le Pr\u00e9sident de la R\u00e9publique, Monsieur Mohamed Cheikh El Ghazouani, a re\u00e7u ce vendredi soir en audience au Palais pr\u00e9sidentiel \u00e0 Nouakchott, Monsieur Sidi Tah, le nouveau pr\u00e9sident \u00e9lu du Groupe de la Banque Africaine de D\u00e9veloppement (BAD). Cette rencontre de haut niveau, marqu\u00e9e par des \u00e9changes chaleureux, a permis au Chef de l&#8217;\u00c9tat mauritanien.....\" \/>\n<meta property=\"og:url\" content=\"https:\/\/lequotidien.mr\/?p=28094&amp;lang=fr\" \/>\n<meta property=\"og:site_name\" content=\"Le Quotidien de Nouakchott\" \/>\n<meta property=\"article:publisher\" content=\"https:\/\/web.facebook.com\/lequotidienmr\" \/>\n<meta property=\"article:published_time\" content=\"2025-06-01T23:21:53+00:00\" \/>\n<meta property=\"og:image\" content=\"https:\/\/lequotidien.mr\/wp-content\/uploads\/2025\/06\/pdt-BAD-et-Ghazouani.jpg\" \/>\n\t<meta property=\"og:image:width\" content=\"750\" \/>\n\t<meta property=\"og:image:height\" content=\"430\" \/>\n\t<meta property=\"og:image:type\" content=\"image\/jpeg\" \/>\n<meta name=\"author\" content=\"Med Ahmed\" \/>\n<meta name=\"twitter:card\" content=\"summary_large_image\" \/>\n<meta name=\"twitter:creator\" content=\"@lequotidienmr\" \/>\n<meta name=\"twitter:site\" content=\"@lequotidienmr\" \/>\n<meta name=\"twitter:label1\" content=\"\u0643\u064f\u062a\u0628 \u0628\u0648\u0627\u0633\u0637\u0629\" \/>\n\t<meta name=\"twitter:data1\" content=\"Med Ahmed\" \/>\n\t<meta name=\"twitter:label2\" content=\"\u0648\u0642\u062a \u0627\u0644\u0642\u0631\u0627\u0621\u0629 \u0627\u0644\u0645\u064f\u0642\u062f\u0651\u0631\" \/>\n\t<meta name=\"twitter:data2\" content=\"3 \u062f\u0642\u0627\u0626\u0642\" \/>\n<script type=\"application\/ld+json\" class=\"yoast-schema-graph\">{\"@context\":\"https:\\\/\\\/schema.org\",\"@graph\":[{\"@type\":\"Article\",\"@id\":\"https:\\\/\\\/lequotidien.mr\\\/?p=28094&lang=fr#article\",\"isPartOf\":{\"@id\":\"https:\\\/\\\/lequotidien.mr\\\/?p=28094&lang=fr\"},\"author\":{\"name\":\"Med Ahmed\",\"@id\":\"https:\\\/\\\/lequotidien.mr\\\/#\\\/schema\\\/person\\\/d2d350202a4d599685ed8abc25f97596\"},\"headline\":\"Le Pr\u00e9sident El Ghazouani re\u00e7oit Sidi Tah, nouveau pr\u00e9sident de la BAD : Une victoire diplomatique mauritanienne c\u00e9l\u00e9br\u00e9e \u00e0 Nouakchott\",\"datePublished\":\"2025-06-01T23:21:53+00:00\",\"mainEntityOfPage\":{\"@id\":\"https:\\\/\\\/lequotidien.mr\\\/?p=28094&lang=fr\"},\"wordCount\":542,\"commentCount\":0,\"publisher\":{\"@id\":\"https:\\\/\\\/lequotidien.mr\\\/#organization\"},\"image\":{\"@id\":\"https:\\\/\\\/lequotidien.mr\\\/?p=28094&lang=fr#primaryimage\"},\"thumbnailUrl\":\"https:\\\/\\\/lequotidien.mr\\\/wp-content\\\/uploads\\\/2025\\\/06\\\/pdt-BAD-et-Ghazouani.jpg\",\"articleSection\":[\"ACTUALIT\u00c9\",\"Economie\"],\"inLanguage\":\"ar\",\"potentialAction\":[{\"@type\":\"CommentAction\",\"name\":\"Comment\",\"target\":[\"https:\\\/\\\/lequotidien.mr\\\/?p=28094&lang=fr#respond\"]}]},{\"@type\":\"WebPage\",\"@id\":\"https:\\\/\\\/lequotidien.mr\\\/?p=28094&lang=fr\",\"url\":\"https:\\\/\\\/lequotidien.mr\\\/?p=28094&lang=fr\",\"name\":\"Le Pr\u00e9sident El Ghazouani re\u00e7oit Sidi Tah, nouveau pr\u00e9sident de la BAD : Une victoire diplomatique mauritanienne c\u00e9l\u00e9br\u00e9e \u00e0 Nouakchott - Le Quotidien de Nouakchott\",\"isPartOf\":{\"@id\":\"https:\\\/\\\/lequotidien.mr\\\/#website\"},\"primaryImageOfPage\":{\"@id\":\"https:\\\/\\\/lequotidien.mr\\\/?p=28094&lang=fr#primaryimage\"},\"image\":{\"@id\":\"https:\\\/\\\/lequotidien.mr\\\/?p=28094&lang=fr#primaryimage\"},\"thumbnailUrl\":\"https:\\\/\\\/lequotidien.mr\\\/wp-content\\\/uploads\\\/2025\\\/06\\\/pdt-BAD-et-Ghazouani.jpg\",\"datePublished\":\"2025-06-01T23:21:53+00:00\",\"breadcrumb\":{\"@id\":\"https:\\\/\\\/lequotidien.mr\\\/?p=28094&lang=fr#breadcrumb\"},\"inLanguage\":\"ar\",\"potentialAction\":[{\"@type\":\"ReadAction\",\"target\":[\"https:\\\/\\\/lequotidien.mr\\\/?p=28094&lang=fr\"]}]},{\"@type\":\"ImageObject\",\"inLanguage\":\"ar\",\"@id\":\"https:\\\/\\\/lequotidien.mr\\\/?p=28094&lang=fr#primaryimage\",\"url\":\"https:\\\/\\\/lequotidien.mr\\\/wp-content\\\/uploads\\\/2025\\\/06\\\/pdt-BAD-et-Ghazouani.jpg\",\"contentUrl\":\"https:\\\/\\\/lequotidien.mr\\\/wp-content\\\/uploads\\\/2025\\\/06\\\/pdt-BAD-et-Ghazouani.jpg\",\"width\":750,\"height\":430},{\"@type\":\"BreadcrumbList\",\"@id\":\"https:\\\/\\\/lequotidien.mr\\\/?p=28094&lang=fr#breadcrumb\",\"itemListElement\":[{\"@type\":\"ListItem\",\"position\":1,\"name\":\"Home\",\"item\":\"https:\\\/\\\/lequotidien.mr\\\/\"},{\"@type\":\"ListItem\",\"position\":2,\"name\":\"Le Pr\u00e9sident El Ghazouani re\u00e7oit Sidi Tah, nouveau pr\u00e9sident de la BAD : Une victoire diplomatique mauritanienne c\u00e9l\u00e9br\u00e9e \u00e0 Nouakchott\"}]},{\"@type\":\"WebSite\",\"@id\":\"https:\\\/\\\/lequotidien.mr\\\/#website\",\"url\":\"https:\\\/\\\/lequotidien.mr\\\/\",\"name\":\"Le Quotidien de Nouakchott\",\"description\":\"\u0625\u062e\u0628\u0627\u0631\u064a\u0629 \u0645\u0633\u062a\u0642\u0644\u0629 \u0644\u0644\u0623\u0646\u0628\u0627\u0621 \u0627\u0644\u0639\u0627\u0645\u0629\",\"publisher\":{\"@id\":\"https:\\\/\\\/lequotidien.mr\\\/#organization\"},\"potentialAction\":[{\"@type\":\"SearchAction\",\"target\":{\"@type\":\"EntryPoint\",\"urlTemplate\":\"https:\\\/\\\/lequotidien.mr\\\/?s={search_term_string}\"},\"query-input\":{\"@type\":\"PropertyValueSpecification\",\"valueRequired\":true,\"valueName\":\"search_term_string\"}}],\"inLanguage\":\"ar\"},{\"@type\":\"Organization\",\"@id\":\"https:\\\/\\\/lequotidien.mr\\\/#organization\",\"name\":\"Le Quotidien de Nouakchott\",\"url\":\"https:\\\/\\\/lequotidien.mr\\\/\",\"logo\":{\"@type\":\"ImageObject\",\"inLanguage\":\"ar\",\"@id\":\"https:\\\/\\\/lequotidien.mr\\\/#\\\/schema\\\/logo\\\/image\\\/\",\"url\":\"https:\\\/\\\/lequotidien.mr\\\/wp-content\\\/uploads\\\/2022\\\/11\\\/logolequotidien.jpg\",\"contentUrl\":\"https:\\\/\\\/lequotidien.mr\\\/wp-content\\\/uploads\\\/2022\\\/11\\\/logolequotidien.jpg\",\"width\":290,\"height\":65,\"caption\":\"Le Quotidien de Nouakchott\"},\"image\":{\"@id\":\"https:\\\/\\\/lequotidien.mr\\\/#\\\/schema\\\/logo\\\/image\\\/\"},\"sameAs\":[\"https:\\\/\\\/web.facebook.com\\\/lequotidienmr\",\"https:\\\/\\\/x.com\\\/lequotidienmr\"]},{\"@type\":\"Person\",\"@id\":\"https:\\\/\\\/lequotidien.mr\\\/#\\\/schema\\\/person\\\/d2d350202a4d599685ed8abc25f97596\",\"name\":\"Med Ahmed\",\"image\":{\"@type\":\"ImageObject\",\"inLanguage\":\"ar\",\"@id\":\"https:\\\/\\\/secure.gravatar.com\\\/avatar\\\/fd2acc62ed50732923d1d39c17172c9b04149f142be92310ecc69e1358f94b52?s=96&d=mm&r=g\",\"url\":\"https:\\\/\\\/secure.gravatar.com\\\/avatar\\\/fd2acc62ed50732923d1d39c17172c9b04149f142be92310ecc69e1358f94b52?s=96&d=mm&r=g\",\"contentUrl\":\"https:\\\/\\\/secure.gravatar.com\\\/avatar\\\/fd2acc62ed50732923d1d39c17172c9b04149f142be92310ecc69e1358f94b52?s=96&d=mm&r=g\",\"caption\":\"Med Ahmed\"},\"url\":\"https:\\\/\\\/lequotidien.mr\\\/?author=12\"}]}<\/script>\n<!-- \/ Yoast SEO plugin. -->","yoast_head_json":{"title":"Le Pr\u00e9sident El Ghazouani re\u00e7oit Sidi Tah, nouveau pr\u00e9sident de la BAD : Une victoire diplomatique mauritanienne c\u00e9l\u00e9br\u00e9e \u00e0 Nouakchott - Le Quotidien de Nouakchott","robots":{"index":"index","follow":"follow","max-snippet":"max-snippet:-1","max-image-preview":"max-image-preview:large","max-video-preview":"max-video-preview:-1"},"canonical":"https:\/\/lequotidien.mr\/?p=28094&lang=fr","og_locale":"ar_AR","og_type":"article","og_title":"Le Pr\u00e9sident El Ghazouani re\u00e7oit Sidi Tah, nouveau pr\u00e9sident de la BAD : Une victoire diplomatique mauritanienne c\u00e9l\u00e9br\u00e9e \u00e0 Nouakchott - Le Quotidien de Nouakchott","og_description":"Le Pr\u00e9sident de la R\u00e9publique, Monsieur Mohamed Cheikh El Ghazouani, a re\u00e7u ce vendredi soir en audience au Palais pr\u00e9sidentiel \u00e0 Nouakchott, Monsieur Sidi Tah, le nouveau pr\u00e9sident \u00e9lu du Groupe de la Banque Africaine de D\u00e9veloppement (BAD). Cette rencontre de haut niveau, marqu\u00e9e par des \u00e9changes chaleureux, a permis au Chef de l&#8217;\u00c9tat mauritanien.....","og_url":"https:\/\/lequotidien.mr\/?p=28094&lang=fr","og_site_name":"Le Quotidien de Nouakchott","article_publisher":"https:\/\/web.facebook.com\/lequotidienmr","article_published_time":"2025-06-01T23:21:53+00:00","og_image":[{"width":750,"height":430,"url":"https:\/\/lequotidien.mr\/wp-content\/uploads\/2025\/06\/pdt-BAD-et-Ghazouani.jpg","type":"image\/jpeg"}],"author":"Med Ahmed","twitter_card":"summary_large_image","twitter_creator":"@lequotidienmr","twitter_site":"@lequotidienmr","twitter_misc":{"\u0643\u064f\u062a\u0628 \u0628\u0648\u0627\u0633\u0637\u0629":"Med Ahmed","\u0648\u0642\u062a \u0627\u0644\u0642\u0631\u0627\u0621\u0629 \u0627\u0644\u0645\u064f\u0642\u062f\u0651\u0631":"3 \u062f\u0642\u0627\u0626\u0642"},"schema":{"@context":"https:\/\/schema.org","@graph":[{"@type":"Article","@id":"https:\/\/lequotidien.mr\/?p=28094&lang=fr#article","isPartOf":{"@id":"https:\/\/lequotidien.mr\/?p=28094&lang=fr"},"author":{"name":"Med Ahmed","@id":"https:\/\/lequotidien.mr\/#\/schema\/person\/d2d350202a4d599685ed8abc25f97596"},"headline":"Le Pr\u00e9sident El Ghazouani re\u00e7oit Sidi Tah, nouveau pr\u00e9sident de la BAD : Une victoire diplomatique mauritanienne c\u00e9l\u00e9br\u00e9e \u00e0 Nouakchott","datePublished":"2025-06-01T23:21:53+00:00","mainEntityOfPage":{"@id":"https:\/\/lequotidien.mr\/?p=28094&lang=fr"},"wordCount":542,"commentCount":0,"publisher":{"@id":"https:\/\/lequotidien.mr\/#organization"},"image":{"@id":"https:\/\/lequotidien.mr\/?p=28094&lang=fr#primaryimage"},"thumbnailUrl":"https:\/\/lequotidien.mr\/wp-content\/uploads\/2025\/06\/pdt-BAD-et-Ghazouani.jpg","articleSection":["ACTUALIT\u00c9","Economie"],"inLanguage":"ar","potentialAction":[{"@type":"CommentAction","name":"Comment","target":["https:\/\/lequotidien.mr\/?p=28094&lang=fr#respond"]}]},{"@type":"WebPage","@id":"https:\/\/lequotidien.mr\/?p=28094&lang=fr","url":"https:\/\/lequotidien.mr\/?p=28094&lang=fr","name":"Le Pr\u00e9sident El Ghazouani re\u00e7oit Sidi Tah, nouveau pr\u00e9sident de la BAD : Une victoire diplomatique mauritanienne c\u00e9l\u00e9br\u00e9e \u00e0 Nouakchott - Le Quotidien de Nouakchott","isPartOf":{"@id":"https:\/\/lequotidien.mr\/#website"},"primaryImageOfPage":{"@id":"https:\/\/lequotidien.mr\/?p=28094&lang=fr#primaryimage"},"image":{"@id":"https:\/\/lequotidien.mr\/?p=28094&lang=fr#primaryimage"},"thumbnailUrl":"https:\/\/lequotidien.mr\/wp-content\/uploads\/2025\/06\/pdt-BAD-et-Ghazouani.jpg","datePublished":"2025-06-01T23:21:53+00:00","breadcrumb":{"@id":"https:\/\/lequotidien.mr\/?p=28094&lang=fr#breadcrumb"},"inLanguage":"ar","potentialAction":[{"@type":"ReadAction","target":["https:\/\/lequotidien.mr\/?p=28094&lang=fr"]}]},{"@type":"ImageObject","inLanguage":"ar","@id":"https:\/\/lequotidien.mr\/?p=28094&lang=fr#primaryimage","url":"https:\/\/lequotidien.mr\/wp-content\/uploads\/2025\/06\/pdt-BAD-et-Ghazouani.jpg","contentUrl":"https:\/\/lequotidien.mr\/wp-content\/uploads\/2025\/06\/pdt-BAD-et-Ghazouani.jpg","width":750,"height":430},{"@type":"BreadcrumbList","@id":"https:\/\/lequotidien.mr\/?p=28094&lang=fr#breadcrumb","itemListElement":[{"@type":"ListItem","position":1,"name":"Home","item":"https:\/\/lequotidien.mr\/"},{"@type":"ListItem","position":2,"name":"Le Pr\u00e9sident El Ghazouani re\u00e7oit Sidi Tah, nouveau pr\u00e9sident de la BAD : Une victoire diplomatique mauritanienne c\u00e9l\u00e9br\u00e9e \u00e0 Nouakchott"}]},{"@type":"WebSite","@id":"https:\/\/lequotidien.mr\/#website","url":"https:\/\/lequotidien.mr\/","name":"Le Quotidien de Nouakchott","description":"\u0625\u062e\u0628\u0627\u0631\u064a\u0629 \u0645\u0633\u062a\u0642\u0644\u0629 \u0644\u0644\u0623\u0646\u0628\u0627\u0621 \u0627\u0644\u0639\u0627\u0645\u0629","publisher":{"@id":"https:\/\/lequotidien.mr\/#organization"},"potentialAction":[{"@type":"SearchAction","target":{"@type":"EntryPoint","urlTemplate":"https:\/\/lequotidien.mr\/?s={search_term_string}"},"query-input":{"@type":"PropertyValueSpecification","valueRequired":true,"valueName":"search_term_string"}}],"inLanguage":"ar"},{"@type":"Organization","@id":"https:\/\/lequotidien.mr\/#organization","name":"Le Quotidien de Nouakchott","url":"https:\/\/lequotidien.mr\/","logo":{"@type":"ImageObject","inLanguage":"ar","@id":"https:\/\/lequotidien.mr\/#\/schema\/logo\/image\/","url":"https:\/\/lequotidien.mr\/wp-content\/uploads\/2022\/11\/logolequotidien.jpg","contentUrl":"https:\/\/lequotidien.mr\/wp-content\/uploads\/2022\/11\/logolequotidien.jpg","width":290,"height":65,"caption":"Le Quotidien de Nouakchott"},"image":{"@id":"https:\/\/lequotidien.mr\/#\/schema\/logo\/image\/"},"sameAs":["https:\/\/web.facebook.com\/lequotidienmr","https:\/\/x.com\/lequotidienmr"]},{"@type":"Person","@id":"https:\/\/lequotidien.mr\/#\/schema\/person\/d2d350202a4d599685ed8abc25f97596","name":"Med Ahmed","image":{"@type":"ImageObject","inLanguage":"ar","@id":"https:\/\/secure.gravatar.com\/avatar\/fd2acc62ed50732923d1d39c17172c9b04149f142be92310ecc69e1358f94b52?s=96&d=mm&r=g","url":"https:\/\/secure.gravatar.com\/avatar\/fd2acc62ed50732923d1d39c17172c9b04149f142be92310ecc69e1358f94b52?s=96&d=mm&r=g","contentUrl":"https:\/\/secure.gravatar.com\/avatar\/fd2acc62ed50732923d1d39c17172c9b04149f142be92310ecc69e1358f94b52?s=96&d=mm&r=g","caption":"Med Ahmed"},"url":"https:\/\/lequotidien.mr\/?author=12"}]}},"_links":{"self":[{"href":"https:\/\/lequotidien.mr\/index.php?rest_route=\/wp\/v2\/posts\/28094","targetHints":{"allow":["GET"]}}],"collection":[{"href":"https:\/\/lequotidien.mr\/index.php?rest_route=\/wp\/v2\/posts"}],"about":[{"href":"https:\/\/lequotidien.mr\/index.php?rest_route=\/wp\/v2\/types\/post"}],"author":[{"embeddable":true,"href":"https:\/\/lequotidien.mr\/index.php?rest_route=\/wp\/v2\/users\/12"}],"replies":[{"embeddable":true,"href":"https:\/\/lequotidien.mr\/index.php?rest_route=%2Fwp%2Fv2%2Fcomments&post=28094"}],"version-history":[{"count":1,"href":"https:\/\/lequotidien.mr\/index.php?rest_route=\/wp\/v2\/posts\/28094\/revisions"}],"predecessor-version":[{"id":28097,"href":"https:\/\/lequotidien.mr\/index.php?rest_route=\/wp\/v2\/posts\/28094\/revisions\/28097"}],"wp:featuredmedia":[{"embeddable":true,"href":"https:\/\/lequotidien.mr\/index.php?rest_route=\/wp\/v2\/media\/28096"}],"wp:attachment":[{"href":"https:\/\/lequotidien.mr\/index.php?rest_route=%2Fwp%2Fv2%2Fmedia&parent=28094"}],"wp:term":[{"taxonomy":"category","embeddable":true,"href":"https:\/\/lequotidien.mr\/index.php?rest_route=%2Fwp%2Fv2%2Fcategories&post=28094"},{"taxonomy":"post_tag","embeddable":true,"href":"https:\/\/lequotidien.mr\/index.php?rest_route=%2Fwp%2Fv2%2Ftags&post=28094"}],"curies":[{"name":"wp","href":"https:\/\/api.w.org\/{rel}","templated":true}]}}