{"id":28091,"date":"2025-06-01T22:48:32","date_gmt":"2025-06-01T22:48:32","guid":{"rendered":"https:\/\/lequotidien.mr\/?p=28091"},"modified":"2025-06-01T22:48:32","modified_gmt":"2025-06-01T22:48:32","slug":"rencontre-presidentielle-a-nouakchott-le-president-el-ghazouani-encourage-le-patronat-pour-une-economie-competitive-et-creatrice-demplois","status":"publish","type":"post","link":"https:\/\/lequotidien.mr\/?p=28091&lang=fr","title":{"rendered":"Rencontre pr\u00e9sidentielle \u00e0 Nouakchott : Le Pr\u00e9sident El Ghazouani encourage le patronat pour une \u00e9conomie comp\u00e9titive et cr\u00e9atrice d&#8217;emplois"},"content":{"rendered":"<p>Dans le cadre de sa vision strat\u00e9gique visant \u00e0 b\u00e2tir une \u00e9conomie nationale robuste, fond\u00e9e sur la cr\u00e9ation de valeur ajout\u00e9e et la g\u00e9n\u00e9ration d&#8217;emplois pour une croissance durable, le Pr\u00e9sident de la R\u00e9publique, M. Mohamed Cheikh El Ghazouani, a re\u00e7u ce jeudi le Bureau Ex\u00e9cutif de l&#8217;Union Nationale du Patronat Mauritanien (UNPM), conduit par son Pr\u00e9sident, M. Mohamed Zeine El Abidine Cheikh Ahmed.<\/p>\n<p>Cette rencontre au Palais pr\u00e9sidentiel met en lumi\u00e8re l&#8217;importance cruciale du partenariat public-priv\u00e9 dans la r\u00e9alisation des objectifs \u00e9conomiques de la Mauritanie.<\/p>\n<p><strong>F\u00e9licitations et reconnaissance du r\u00f4le cl\u00e9 du priv\u00e9<\/strong><\/p>\n<p>D\u00e8s l&#8217;entame de l&#8217;entretien, le Pr\u00e9sident El Ghazouani a adress\u00e9 ses vives f\u00e9licitations au Bureau Ex\u00e9cutif de l&#8217;UNPM, et \u00e0 travers lui \u00e0 l&#8217;ensemble des op\u00e9rateurs \u00e9conomiques priv\u00e9s nationaux, pour les &#8220;r\u00e9sultats significatifs&#8221; obtenus sur la voie de l&#8217;atteinte de la souverainet\u00e9 alimentaire, un objectif national prioritaire.<\/p>\n<p>Le Chef de l&#8217;\u00c9tat a \u00e9galement exprim\u00e9 sa &#8220;satisfaction&#8221; pour le r\u00f4le moteur jou\u00e9 par le secteur priv\u00e9 dans l&#8217;\u00e9conomie nationale. Il a salu\u00e9 sa contribution effective au soutien du d\u00e9veloppement \u00e9conomique du pays et r\u00e9affirm\u00e9 la disponibilit\u00e9 constante de l&#8217;\u00c9tat \u00e0 apporter le soutien n\u00e9cessaire \u00e0 ses acteurs.<\/p>\n<p><strong>Un environnement des affaires en nette am\u00e9lioration<\/strong><\/p>\n<p>La r\u00e9union a \u00e9t\u00e9 l&#8217;occasion pour les autorit\u00e9s d&#8217;informer les repr\u00e9sentants du patronat sur plusieurs initiatives r\u00e9centes destin\u00e9es \u00e0 am\u00e9liorer significativement le climat des affaires en Mauritanie. Parmi les r\u00e9formes phares pr\u00e9sent\u00e9es figurent :<\/p>\n<p><strong>-La simplification des proc\u00e9dures administratives<\/strong>\u00a0visant \u00e0 faciliter la cr\u00e9ation et le fonctionnement des entreprises\u00a0;<\/p>\n<p><strong>-La mise en place d&#8217;infrastructures de soutien<\/strong>\u00a0pour accompagner les investisseurs\u00a0;<\/p>\n<p><strong>-Le renforcement de la transparence<\/strong>\u00a0gr\u00e2ce \u00e0 des r\u00e9formes fondamentales, rendant l&#8217;environnement \u00e9conomique plus \u00e9quitable.<\/p>\n<p>Ces mesures, a-t-il \u00e9t\u00e9 soulign\u00e9, ont pour objectif commun d&#8217;encourager l&#8217;investissement productif et de construire une \u00e9conomie plus comp\u00e9titive, capable de cr\u00e9er de la valeur ajout\u00e9e et d&#8217;offrir des opportunit\u00e9s d&#8217;emploi, notamment pour les jeunes.<\/p>\n<p><strong>Des perspectives prometteuses pour un r\u00f4le accru du priv\u00e9<\/strong><\/p>\n<p>En conclusion de l&#8217;entretien, le Pr\u00e9sident El Ghazouani a mis en avant les atouts majeurs dont dispose d\u00e9sormais la Mauritanie pour son d\u00e9veloppement \u00e9conomique. Il a cit\u00e9 :<\/p>\n<p><strong>-L&#8217;ach\u00e8vement de grands projets structurants\u00a0;<\/strong><\/p>\n<p><strong>-La disponibilit\u00e9 de moyens de production renforc\u00e9s\u00a0;<\/strong><\/p>\n<p><strong>-Des r\u00e9formes \u00e9valu\u00e9es et en cours d&#8217;impl\u00e9mentation\u00a0;<\/strong><\/p>\n<p><strong>-D&#8217;immenses opportunit\u00e9s offertes par des dizaines de grands projets en cours de construction\u00a0;<\/strong><\/p>\n<p><strong>-Le lancement effectif de l&#8217;exploitation des richesses gazi\u00e8res du pays.<\/strong><\/p>\n<p>&#8220;Tous ces \u00e9l\u00e9ments&#8221;, a insist\u00e9 le Pr\u00e9sident, &#8220;constituent un environnement extr\u00eamement favorable pour que le secteur priv\u00e9 national puisse jouer un r\u00f4le encore plus efficace dans le d\u00e9veloppement de l&#8217;\u00e9conomie&#8221;. Il a particuli\u00e8rement appel\u00e9 \u00e0 la mise en place d&#8217;industries manufacturi\u00e8res, cr\u00e9atrices de valeur ajout\u00e9e et pourvoyeuses d&#8217;emplois pour la jeunesse mauritanienne.<\/p>\n<p>Cette rencontre de haut niveau confirme la volont\u00e9 de l&#8217;\u00c9tat mauritanien de placer le secteur priv\u00e9 national au c\u0153ur de sa strat\u00e9gie de d\u00e9veloppement \u00e9conomique et social, dans un cadre de partenariat renforc\u00e9 et de recherche constante d&#8217;une croissance inclusive et durable.<\/p>\n","protected":false},"excerpt":{"rendered":"<p>Dans le cadre de sa vision strat\u00e9gique visant \u00e0 b\u00e2tir une \u00e9conomie nationale robuste, fond\u00e9e sur la cr\u00e9ation de valeur ajout\u00e9e et la g\u00e9n\u00e9ration d&#8217;emplois pour une croissance durable, le Pr\u00e9sident de la R\u00e9publique, M. Mohamed Cheikh El Ghazouani, a re\u00e7u ce jeudi le Bureau Ex\u00e9cutif de l&#8217;Union Nationale du Patronat Mauritanien (UNPM), conduit par&#8230;..<\/p>\n","protected":false},"author":12,"featured_media":28092,"comment_status":"open","ping_status":"open","sticky":false,"template":"","format":"standard","meta":{"footnotes":""},"categories":[23,49],"tags":[],"class_list":["post-28091","post","type-post","status-publish","format-standard","has-post-thumbnail","hentry","category-actualite","category-economie"],"yoast_head":"<!-- This site is optimized with the Yoast SEO plugin v27.5 - https:\/\/yoast.com\/product\/yoast-seo-wordpress\/ -->\n<title>Rencontre pr\u00e9sidentielle \u00e0 Nouakchott : Le Pr\u00e9sident El Ghazouani encourage le patronat pour une \u00e9conomie comp\u00e9titive et cr\u00e9atrice d&#039;emplois - Le Quotidien de Nouakchott<\/title>\n<meta name=\"robots\" content=\"index, follow, max-snippet:-1, max-image-preview:large, max-video-preview:-1\" \/>\n<link rel=\"canonical\" href=\"https:\/\/lequotidien.mr\/?p=28091&lang=fr\" \/>\n<meta property=\"og:locale\" content=\"ar_AR\" \/>\n<meta property=\"og:type\" content=\"article\" \/>\n<meta property=\"og:title\" content=\"Rencontre pr\u00e9sidentielle \u00e0 Nouakchott : Le Pr\u00e9sident El Ghazouani encourage le patronat pour une \u00e9conomie comp\u00e9titive et cr\u00e9atrice d&#039;emplois - Le Quotidien de Nouakchott\" \/>\n<meta property=\"og:description\" content=\"Dans le cadre de sa vision strat\u00e9gique visant \u00e0 b\u00e2tir une \u00e9conomie nationale robuste, fond\u00e9e sur la cr\u00e9ation de valeur ajout\u00e9e et la g\u00e9n\u00e9ration d&#8217;emplois pour une croissance durable, le Pr\u00e9sident de la R\u00e9publique, M. Mohamed Cheikh El Ghazouani, a re\u00e7u ce jeudi le Bureau Ex\u00e9cutif de l&#8217;Union Nationale du Patronat Mauritanien (UNPM), conduit par.....\" \/>\n<meta property=\"og:url\" content=\"https:\/\/lequotidien.mr\/?p=28091&amp;lang=fr\" \/>\n<meta property=\"og:site_name\" content=\"Le Quotidien de Nouakchott\" \/>\n<meta property=\"article:publisher\" content=\"https:\/\/web.facebook.com\/lequotidienmr\" \/>\n<meta property=\"article:published_time\" content=\"2025-06-01T22:48:32+00:00\" \/>\n<meta property=\"og:image\" content=\"https:\/\/lequotidien.mr\/wp-content\/uploads\/2025\/06\/photo-patronat-GHazouani.jpg\" \/>\n\t<meta property=\"og:image:width\" content=\"750\" \/>\n\t<meta property=\"og:image:height\" content=\"430\" \/>\n\t<meta property=\"og:image:type\" content=\"image\/jpeg\" \/>\n<meta name=\"author\" content=\"Med Ahmed\" \/>\n<meta name=\"twitter:card\" content=\"summary_large_image\" \/>\n<meta name=\"twitter:creator\" content=\"@lequotidienmr\" \/>\n<meta name=\"twitter:site\" content=\"@lequotidienmr\" \/>\n<meta name=\"twitter:label1\" content=\"\u0643\u064f\u062a\u0628 \u0628\u0648\u0627\u0633\u0637\u0629\" \/>\n\t<meta name=\"twitter:data1\" content=\"Med Ahmed\" \/>\n\t<meta name=\"twitter:label2\" content=\"\u0648\u0642\u062a \u0627\u0644\u0642\u0631\u0627\u0621\u0629 \u0627\u0644\u0645\u064f\u0642\u062f\u0651\u0631\" \/>\n\t<meta name=\"twitter:data2\" content=\"3 \u062f\u0642\u0627\u0626\u0642\" \/>\n<script type=\"application\/ld+json\" class=\"yoast-schema-graph\">{\"@context\":\"https:\\\/\\\/schema.org\",\"@graph\":[{\"@type\":\"Article\",\"@id\":\"https:\\\/\\\/lequotidien.mr\\\/?p=28091&lang=fr#article\",\"isPartOf\":{\"@id\":\"https:\\\/\\\/lequotidien.mr\\\/?p=28091&lang=fr\"},\"author\":{\"name\":\"Med Ahmed\",\"@id\":\"https:\\\/\\\/lequotidien.mr\\\/#\\\/schema\\\/person\\\/d2d350202a4d599685ed8abc25f97596\"},\"headline\":\"Rencontre pr\u00e9sidentielle \u00e0 Nouakchott : Le Pr\u00e9sident El Ghazouani encourage le patronat pour une \u00e9conomie comp\u00e9titive et cr\u00e9atrice d&#8217;emplois\",\"datePublished\":\"2025-06-01T22:48:32+00:00\",\"mainEntityOfPage\":{\"@id\":\"https:\\\/\\\/lequotidien.mr\\\/?p=28091&lang=fr\"},\"wordCount\":589,\"commentCount\":0,\"publisher\":{\"@id\":\"https:\\\/\\\/lequotidien.mr\\\/#organization\"},\"image\":{\"@id\":\"https:\\\/\\\/lequotidien.mr\\\/?p=28091&lang=fr#primaryimage\"},\"thumbnailUrl\":\"https:\\\/\\\/lequotidien.mr\\\/wp-content\\\/uploads\\\/2025\\\/06\\\/photo-patronat-GHazouani.jpg\",\"articleSection\":[\"ACTUALIT\u00c9\",\"Economie\"],\"inLanguage\":\"ar\",\"potentialAction\":[{\"@type\":\"CommentAction\",\"name\":\"Comment\",\"target\":[\"https:\\\/\\\/lequotidien.mr\\\/?p=28091&lang=fr#respond\"]}]},{\"@type\":\"WebPage\",\"@id\":\"https:\\\/\\\/lequotidien.mr\\\/?p=28091&lang=fr\",\"url\":\"https:\\\/\\\/lequotidien.mr\\\/?p=28091&lang=fr\",\"name\":\"Rencontre pr\u00e9sidentielle \u00e0 Nouakchott : Le Pr\u00e9sident El Ghazouani encourage le patronat pour une \u00e9conomie comp\u00e9titive et cr\u00e9atrice d'emplois - Le Quotidien de Nouakchott\",\"isPartOf\":{\"@id\":\"https:\\\/\\\/lequotidien.mr\\\/#website\"},\"primaryImageOfPage\":{\"@id\":\"https:\\\/\\\/lequotidien.mr\\\/?p=28091&lang=fr#primaryimage\"},\"image\":{\"@id\":\"https:\\\/\\\/lequotidien.mr\\\/?p=28091&lang=fr#primaryimage\"},\"thumbnailUrl\":\"https:\\\/\\\/lequotidien.mr\\\/wp-content\\\/uploads\\\/2025\\\/06\\\/photo-patronat-GHazouani.jpg\",\"datePublished\":\"2025-06-01T22:48:32+00:00\",\"breadcrumb\":{\"@id\":\"https:\\\/\\\/lequotidien.mr\\\/?p=28091&lang=fr#breadcrumb\"},\"inLanguage\":\"ar\",\"potentialAction\":[{\"@type\":\"ReadAction\",\"target\":[\"https:\\\/\\\/lequotidien.mr\\\/?p=28091&lang=fr\"]}]},{\"@type\":\"ImageObject\",\"inLanguage\":\"ar\",\"@id\":\"https:\\\/\\\/lequotidien.mr\\\/?p=28091&lang=fr#primaryimage\",\"url\":\"https:\\\/\\\/lequotidien.mr\\\/wp-content\\\/uploads\\\/2025\\\/06\\\/photo-patronat-GHazouani.jpg\",\"contentUrl\":\"https:\\\/\\\/lequotidien.mr\\\/wp-content\\\/uploads\\\/2025\\\/06\\\/photo-patronat-GHazouani.jpg\",\"width\":750,\"height\":430},{\"@type\":\"BreadcrumbList\",\"@id\":\"https:\\\/\\\/lequotidien.mr\\\/?p=28091&lang=fr#breadcrumb\",\"itemListElement\":[{\"@type\":\"ListItem\",\"position\":1,\"name\":\"Home\",\"item\":\"https:\\\/\\\/lequotidien.mr\\\/\"},{\"@type\":\"ListItem\",\"position\":2,\"name\":\"Rencontre pr\u00e9sidentielle \u00e0 Nouakchott : Le Pr\u00e9sident El Ghazouani encourage le patronat pour une \u00e9conomie comp\u00e9titive et cr\u00e9atrice d&#8217;emplois\"}]},{\"@type\":\"WebSite\",\"@id\":\"https:\\\/\\\/lequotidien.mr\\\/#website\",\"url\":\"https:\\\/\\\/lequotidien.mr\\\/\",\"name\":\"Le Quotidien de Nouakchott\",\"description\":\"\u0625\u062e\u0628\u0627\u0631\u064a\u0629 \u0645\u0633\u062a\u0642\u0644\u0629 \u0644\u0644\u0623\u0646\u0628\u0627\u0621 \u0627\u0644\u0639\u0627\u0645\u0629\",\"publisher\":{\"@id\":\"https:\\\/\\\/lequotidien.mr\\\/#organization\"},\"potentialAction\":[{\"@type\":\"SearchAction\",\"target\":{\"@type\":\"EntryPoint\",\"urlTemplate\":\"https:\\\/\\\/lequotidien.mr\\\/?s={search_term_string}\"},\"query-input\":{\"@type\":\"PropertyValueSpecification\",\"valueRequired\":true,\"valueName\":\"search_term_string\"}}],\"inLanguage\":\"ar\"},{\"@type\":\"Organization\",\"@id\":\"https:\\\/\\\/lequotidien.mr\\\/#organization\",\"name\":\"Le Quotidien de Nouakchott\",\"url\":\"https:\\\/\\\/lequotidien.mr\\\/\",\"logo\":{\"@type\":\"ImageObject\",\"inLanguage\":\"ar\",\"@id\":\"https:\\\/\\\/lequotidien.mr\\\/#\\\/schema\\\/logo\\\/image\\\/\",\"url\":\"https:\\\/\\\/lequotidien.mr\\\/wp-content\\\/uploads\\\/2022\\\/11\\\/logolequotidien.jpg\",\"contentUrl\":\"https:\\\/\\\/lequotidien.mr\\\/wp-content\\\/uploads\\\/2022\\\/11\\\/logolequotidien.jpg\",\"width\":290,\"height\":65,\"caption\":\"Le Quotidien de Nouakchott\"},\"image\":{\"@id\":\"https:\\\/\\\/lequotidien.mr\\\/#\\\/schema\\\/logo\\\/image\\\/\"},\"sameAs\":[\"https:\\\/\\\/web.facebook.com\\\/lequotidienmr\",\"https:\\\/\\\/x.com\\\/lequotidienmr\"]},{\"@type\":\"Person\",\"@id\":\"https:\\\/\\\/lequotidien.mr\\\/#\\\/schema\\\/person\\\/d2d350202a4d599685ed8abc25f97596\",\"name\":\"Med Ahmed\",\"image\":{\"@type\":\"ImageObject\",\"inLanguage\":\"ar\",\"@id\":\"https:\\\/\\\/secure.gravatar.com\\\/avatar\\\/fd2acc62ed50732923d1d39c17172c9b04149f142be92310ecc69e1358f94b52?s=96&d=mm&r=g\",\"url\":\"https:\\\/\\\/secure.gravatar.com\\\/avatar\\\/fd2acc62ed50732923d1d39c17172c9b04149f142be92310ecc69e1358f94b52?s=96&d=mm&r=g\",\"contentUrl\":\"https:\\\/\\\/secure.gravatar.com\\\/avatar\\\/fd2acc62ed50732923d1d39c17172c9b04149f142be92310ecc69e1358f94b52?s=96&d=mm&r=g\",\"caption\":\"Med Ahmed\"},\"url\":\"https:\\\/\\\/lequotidien.mr\\\/?author=12\"}]}<\/script>\n<!-- \/ Yoast SEO plugin. -->","yoast_head_json":{"title":"Rencontre pr\u00e9sidentielle \u00e0 Nouakchott : Le Pr\u00e9sident El Ghazouani encourage le patronat pour une \u00e9conomie comp\u00e9titive et cr\u00e9atrice d'emplois - Le Quotidien de Nouakchott","robots":{"index":"index","follow":"follow","max-snippet":"max-snippet:-1","max-image-preview":"max-image-preview:large","max-video-preview":"max-video-preview:-1"},"canonical":"https:\/\/lequotidien.mr\/?p=28091&lang=fr","og_locale":"ar_AR","og_type":"article","og_title":"Rencontre pr\u00e9sidentielle \u00e0 Nouakchott : Le Pr\u00e9sident El Ghazouani encourage le patronat pour une \u00e9conomie comp\u00e9titive et cr\u00e9atrice d'emplois - Le Quotidien de Nouakchott","og_description":"Dans le cadre de sa vision strat\u00e9gique visant \u00e0 b\u00e2tir une \u00e9conomie nationale robuste, fond\u00e9e sur la cr\u00e9ation de valeur ajout\u00e9e et la g\u00e9n\u00e9ration d&#8217;emplois pour une croissance durable, le Pr\u00e9sident de la R\u00e9publique, M. Mohamed Cheikh El Ghazouani, a re\u00e7u ce jeudi le Bureau Ex\u00e9cutif de l&#8217;Union Nationale du Patronat Mauritanien (UNPM), conduit par.....","og_url":"https:\/\/lequotidien.mr\/?p=28091&lang=fr","og_site_name":"Le Quotidien de Nouakchott","article_publisher":"https:\/\/web.facebook.com\/lequotidienmr","article_published_time":"2025-06-01T22:48:32+00:00","og_image":[{"width":750,"height":430,"url":"https:\/\/lequotidien.mr\/wp-content\/uploads\/2025\/06\/photo-patronat-GHazouani.jpg","type":"image\/jpeg"}],"author":"Med Ahmed","twitter_card":"summary_large_image","twitter_creator":"@lequotidienmr","twitter_site":"@lequotidienmr","twitter_misc":{"\u0643\u064f\u062a\u0628 \u0628\u0648\u0627\u0633\u0637\u0629":"Med Ahmed","\u0648\u0642\u062a \u0627\u0644\u0642\u0631\u0627\u0621\u0629 \u0627\u0644\u0645\u064f\u0642\u062f\u0651\u0631":"3 \u062f\u0642\u0627\u0626\u0642"},"schema":{"@context":"https:\/\/schema.org","@graph":[{"@type":"Article","@id":"https:\/\/lequotidien.mr\/?p=28091&lang=fr#article","isPartOf":{"@id":"https:\/\/lequotidien.mr\/?p=28091&lang=fr"},"author":{"name":"Med Ahmed","@id":"https:\/\/lequotidien.mr\/#\/schema\/person\/d2d350202a4d599685ed8abc25f97596"},"headline":"Rencontre pr\u00e9sidentielle \u00e0 Nouakchott : Le Pr\u00e9sident El Ghazouani encourage le patronat pour une \u00e9conomie comp\u00e9titive et cr\u00e9atrice d&#8217;emplois","datePublished":"2025-06-01T22:48:32+00:00","mainEntityOfPage":{"@id":"https:\/\/lequotidien.mr\/?p=28091&lang=fr"},"wordCount":589,"commentCount":0,"publisher":{"@id":"https:\/\/lequotidien.mr\/#organization"},"image":{"@id":"https:\/\/lequotidien.mr\/?p=28091&lang=fr#primaryimage"},"thumbnailUrl":"https:\/\/lequotidien.mr\/wp-content\/uploads\/2025\/06\/photo-patronat-GHazouani.jpg","articleSection":["ACTUALIT\u00c9","Economie"],"inLanguage":"ar","potentialAction":[{"@type":"CommentAction","name":"Comment","target":["https:\/\/lequotidien.mr\/?p=28091&lang=fr#respond"]}]},{"@type":"WebPage","@id":"https:\/\/lequotidien.mr\/?p=28091&lang=fr","url":"https:\/\/lequotidien.mr\/?p=28091&lang=fr","name":"Rencontre pr\u00e9sidentielle \u00e0 Nouakchott : Le Pr\u00e9sident El Ghazouani encourage le patronat pour une \u00e9conomie comp\u00e9titive et cr\u00e9atrice d'emplois - Le Quotidien de Nouakchott","isPartOf":{"@id":"https:\/\/lequotidien.mr\/#website"},"primaryImageOfPage":{"@id":"https:\/\/lequotidien.mr\/?p=28091&lang=fr#primaryimage"},"image":{"@id":"https:\/\/lequotidien.mr\/?p=28091&lang=fr#primaryimage"},"thumbnailUrl":"https:\/\/lequotidien.mr\/wp-content\/uploads\/2025\/06\/photo-patronat-GHazouani.jpg","datePublished":"2025-06-01T22:48:32+00:00","breadcrumb":{"@id":"https:\/\/lequotidien.mr\/?p=28091&lang=fr#breadcrumb"},"inLanguage":"ar","potentialAction":[{"@type":"ReadAction","target":["https:\/\/lequotidien.mr\/?p=28091&lang=fr"]}]},{"@type":"ImageObject","inLanguage":"ar","@id":"https:\/\/lequotidien.mr\/?p=28091&lang=fr#primaryimage","url":"https:\/\/lequotidien.mr\/wp-content\/uploads\/2025\/06\/photo-patronat-GHazouani.jpg","contentUrl":"https:\/\/lequotidien.mr\/wp-content\/uploads\/2025\/06\/photo-patronat-GHazouani.jpg","width":750,"height":430},{"@type":"BreadcrumbList","@id":"https:\/\/lequotidien.mr\/?p=28091&lang=fr#breadcrumb","itemListElement":[{"@type":"ListItem","position":1,"name":"Home","item":"https:\/\/lequotidien.mr\/"},{"@type":"ListItem","position":2,"name":"Rencontre pr\u00e9sidentielle \u00e0 Nouakchott : Le Pr\u00e9sident El Ghazouani encourage le patronat pour une \u00e9conomie comp\u00e9titive et cr\u00e9atrice d&#8217;emplois"}]},{"@type":"WebSite","@id":"https:\/\/lequotidien.mr\/#website","url":"https:\/\/lequotidien.mr\/","name":"Le Quotidien de Nouakchott","description":"\u0625\u062e\u0628\u0627\u0631\u064a\u0629 \u0645\u0633\u062a\u0642\u0644\u0629 \u0644\u0644\u0623\u0646\u0628\u0627\u0621 \u0627\u0644\u0639\u0627\u0645\u0629","publisher":{"@id":"https:\/\/lequotidien.mr\/#organization"},"potentialAction":[{"@type":"SearchAction","target":{"@type":"EntryPoint","urlTemplate":"https:\/\/lequotidien.mr\/?s={search_term_string}"},"query-input":{"@type":"PropertyValueSpecification","valueRequired":true,"valueName":"search_term_string"}}],"inLanguage":"ar"},{"@type":"Organization","@id":"https:\/\/lequotidien.mr\/#organization","name":"Le Quotidien de Nouakchott","url":"https:\/\/lequotidien.mr\/","logo":{"@type":"ImageObject","inLanguage":"ar","@id":"https:\/\/lequotidien.mr\/#\/schema\/logo\/image\/","url":"https:\/\/lequotidien.mr\/wp-content\/uploads\/2022\/11\/logolequotidien.jpg","contentUrl":"https:\/\/lequotidien.mr\/wp-content\/uploads\/2022\/11\/logolequotidien.jpg","width":290,"height":65,"caption":"Le Quotidien de Nouakchott"},"image":{"@id":"https:\/\/lequotidien.mr\/#\/schema\/logo\/image\/"},"sameAs":["https:\/\/web.facebook.com\/lequotidienmr","https:\/\/x.com\/lequotidienmr"]},{"@type":"Person","@id":"https:\/\/lequotidien.mr\/#\/schema\/person\/d2d350202a4d599685ed8abc25f97596","name":"Med Ahmed","image":{"@type":"ImageObject","inLanguage":"ar","@id":"https:\/\/secure.gravatar.com\/avatar\/fd2acc62ed50732923d1d39c17172c9b04149f142be92310ecc69e1358f94b52?s=96&d=mm&r=g","url":"https:\/\/secure.gravatar.com\/avatar\/fd2acc62ed50732923d1d39c17172c9b04149f142be92310ecc69e1358f94b52?s=96&d=mm&r=g","contentUrl":"https:\/\/secure.gravatar.com\/avatar\/fd2acc62ed50732923d1d39c17172c9b04149f142be92310ecc69e1358f94b52?s=96&d=mm&r=g","caption":"Med Ahmed"},"url":"https:\/\/lequotidien.mr\/?author=12"}]}},"_links":{"self":[{"href":"https:\/\/lequotidien.mr\/index.php?rest_route=\/wp\/v2\/posts\/28091","targetHints":{"allow":["GET"]}}],"collection":[{"href":"https:\/\/lequotidien.mr\/index.php?rest_route=\/wp\/v2\/posts"}],"about":[{"href":"https:\/\/lequotidien.mr\/index.php?rest_route=\/wp\/v2\/types\/post"}],"author":[{"embeddable":true,"href":"https:\/\/lequotidien.mr\/index.php?rest_route=\/wp\/v2\/users\/12"}],"replies":[{"embeddable":true,"href":"https:\/\/lequotidien.mr\/index.php?rest_route=%2Fwp%2Fv2%2Fcomments&post=28091"}],"version-history":[{"count":1,"href":"https:\/\/lequotidien.mr\/index.php?rest_route=\/wp\/v2\/posts\/28091\/revisions"}],"predecessor-version":[{"id":28093,"href":"https:\/\/lequotidien.mr\/index.php?rest_route=\/wp\/v2\/posts\/28091\/revisions\/28093"}],"wp:featuredmedia":[{"embeddable":true,"href":"https:\/\/lequotidien.mr\/index.php?rest_route=\/wp\/v2\/media\/28092"}],"wp:attachment":[{"href":"https:\/\/lequotidien.mr\/index.php?rest_route=%2Fwp%2Fv2%2Fmedia&parent=28091"}],"wp:term":[{"taxonomy":"category","embeddable":true,"href":"https:\/\/lequotidien.mr\/index.php?rest_route=%2Fwp%2Fv2%2Fcategories&post=28091"},{"taxonomy":"post_tag","embeddable":true,"href":"https:\/\/lequotidien.mr\/index.php?rest_route=%2Fwp%2Fv2%2Ftags&post=28091"}],"curies":[{"name":"wp","href":"https:\/\/api.w.org\/{rel}","templated":true}]}}