{"id":28042,"date":"2025-05-29T22:58:52","date_gmt":"2025-05-29T22:58:52","guid":{"rendered":"https:\/\/lequotidien.mr\/?p=28042"},"modified":"2025-05-29T22:58:52","modified_gmt":"2025-05-29T22:58:52","slug":"election-du-dr-sidi-tah-a-la-tete-de-la-bad-le-president-el-ghazouani-exprime-ses-remerciements-aux-dirigeants-des-etats-membres-de-linstitution-financiere","status":"publish","type":"post","link":"https:\/\/lequotidien.mr\/?p=28042&lang=fr","title":{"rendered":"\u00c9lection du Dr Sidi Tah \u00e0 la t\u00eate de la BAD : Le Pr\u00e9sident El Ghazouani exprime ses remerciements aux dirigeants des Etats membres de l\u2019Institution financi\u00e8re"},"content":{"rendered":"<p>Le Dr. Sidi Tah a \u00e9t\u00e9 \u00e9lu confortablement \u00e0 la pr\u00e9sidence de la Banque Africaine de D\u00e9veloppement (BAD), une cons\u00e9cration majeure pour la diplomatie mauritanienne. Un succ\u00e8s imm\u00e9diatement salu\u00e9 par le Pr\u00e9sident Mohamed Cheikh El Ghazouani comme un triomphe collectif du continent.<\/p>\n<p>Dans un communiqu\u00e9 pr\u00e9sidentiel empreint d&#8217;\u00e9motion, le chef de l&#8217;\u00c9tat a exprim\u00e9 sa\u00a0<strong>&#8220;profonde gratitude et reconnaissance&#8221;<\/strong>\u00a0envers tous les chefs d&#8217;\u00c9tat et de gouvernement africains.\u00a0<em>&#8220;Cette sinc\u00e8re confiance et cette solidarit\u00e9 t\u00e9moignent de la force des liens de fraternit\u00e9, d&#8217;amiti\u00e9 et de coop\u00e9ration unissant la Mauritanie \u00e0 ses partenaires&#8221;<\/em>, a d\u00e9clar\u00e9 El Ghazouani, soulignant que ce large soutien consacre aussi <strong>&#8220;le r\u00f4le efficace et actif de notre diplomatie&#8221;<\/strong>\u00a0sur la sc\u00e8ne internationale.<\/p>\n<p>Les observateurs ont analys\u00e9 cette victoire comme une double reconnaissance, d\u2019une part d<strong>e l\u2019engagement personnel<\/strong>\u00a0du Pr\u00e9sident El Ghazouani pour l&#8217;unit\u00e9 africaine et un d\u00e9veloppement durable du continent\u00a0; et d\u2019autre part d<strong>u parcours d&#8217;exception du Dr. Sidi Tah<\/strong>, dont les comp\u00e9tences en d\u00e9veloppement, finance et coop\u00e9ration internationale ont fait de lui un\u00a0<em>&#8220;choix naturel, f\u00e9d\u00e9rateur et cr\u00e9dible&#8221;<\/em>\u00a0pour piloter cette institution strat\u00e9gique.<\/p>\n<p>Dans ses f\u00e9licitations au nouvel \u00e9lu, El Ghazouani n&#8217;a pas cach\u00e9 sa <strong>&#8220;fiert\u00e9 et son honneur&#8221;<\/strong>\u00a0de voir un citoyen mauritanien acc\u00e9der \u00e0 une fonction internationale de cette envergure. Il a \u00e9galement salu\u00e9 le travail remarquable de la direction de campagne et la mobilisation exemplaire qui ont port\u00e9 Sidi Tah au sommet.<\/p>\n<p>Lors d&#8217;un entretien t\u00e9l\u00e9phonique avec le Pr\u00e9sident El Ghazouani juste apr\u00e8s son \u00e9lection, le Dr. Sidi Tah a rendu hommage au <strong>&#8220;soutien ind\u00e9fectible, strat\u00e9gique et d\u00e9cisif&#8221;<\/strong>\u00a0du chef de l&#8217;\u00c9tat. Le nouveau pr\u00e9sident de la BAD s&#8217;est engag\u00e9 \u00e0 diriger l&#8217;institution\u00a0<strong>&#8220;avec int\u00e9grit\u00e9, efficacit\u00e9 et sens des responsabilit\u00e9s&#8221;<\/strong>, d\u00e9diant son mandat au service du d\u00e9veloppement \u00e9conomique et social de l&#8217;Afrique.<\/p>\n<p>Cette \u00e9lection couronne une intense campagne diplomatique men\u00e9e par Nouakchott. Le large consensus obtenu en faveur de Sidi Tah d\u00e9montre le capital de confiance accumul\u00e9 par la Mauritanie et consolide sa stature sur l&#8217;\u00e9chiquier continental. Le Dr. Sidi Tah prend d\u00e9sormais les r\u00eanes d&#8217;une institution cl\u00e9 pour le financement de l&#8217;avenir de l&#8217;Afrique, portant les espoirs de tout un pays et d&#8217;un continent.<\/p>\n","protected":false},"excerpt":{"rendered":"<p>Le Dr. Sidi Tah a \u00e9t\u00e9 \u00e9lu confortablement \u00e0 la pr\u00e9sidence de la Banque Africaine de D\u00e9veloppement (BAD), une cons\u00e9cration majeure pour la diplomatie mauritanienne. Un succ\u00e8s imm\u00e9diatement salu\u00e9 par le Pr\u00e9sident Mohamed Cheikh El Ghazouani comme un triomphe collectif du continent. Dans un communiqu\u00e9 pr\u00e9sidentiel empreint d&#8217;\u00e9motion, le chef de l&#8217;\u00c9tat a exprim\u00e9 sa\u00a0&#8220;profonde&#8230;..<\/p>\n","protected":false},"author":12,"featured_media":28043,"comment_status":"open","ping_status":"open","sticky":false,"template":"","format":"standard","meta":{"footnotes":""},"categories":[23,49],"tags":[],"class_list":["post-28042","post","type-post","status-publish","format-standard","has-post-thumbnail","hentry","category-actualite","category-economie"],"yoast_head":"<!-- This site is optimized with the Yoast SEO plugin v27.5 - https:\/\/yoast.com\/product\/yoast-seo-wordpress\/ -->\n<title>\u00c9lection du Dr Sidi Tah \u00e0 la t\u00eate de la BAD : Le Pr\u00e9sident El Ghazouani exprime ses remerciements aux dirigeants des Etats membres de l\u2019Institution financi\u00e8re - Le Quotidien de Nouakchott<\/title>\n<meta name=\"robots\" content=\"index, follow, max-snippet:-1, max-image-preview:large, max-video-preview:-1\" \/>\n<link rel=\"canonical\" href=\"https:\/\/lequotidien.mr\/?p=28042&lang=fr\" \/>\n<meta property=\"og:locale\" content=\"ar_AR\" \/>\n<meta property=\"og:type\" content=\"article\" \/>\n<meta property=\"og:title\" content=\"\u00c9lection du Dr Sidi Tah \u00e0 la t\u00eate de la BAD : Le Pr\u00e9sident El Ghazouani exprime ses remerciements aux dirigeants des Etats membres de l\u2019Institution financi\u00e8re - Le Quotidien de Nouakchott\" \/>\n<meta property=\"og:description\" content=\"Le Dr. Sidi Tah a \u00e9t\u00e9 \u00e9lu confortablement \u00e0 la pr\u00e9sidence de la Banque Africaine de D\u00e9veloppement (BAD), une cons\u00e9cration majeure pour la diplomatie mauritanienne. Un succ\u00e8s imm\u00e9diatement salu\u00e9 par le Pr\u00e9sident Mohamed Cheikh El Ghazouani comme un triomphe collectif du continent. Dans un communiqu\u00e9 pr\u00e9sidentiel empreint d&#8217;\u00e9motion, le chef de l&#8217;\u00c9tat a exprim\u00e9 sa\u00a0&#8220;profonde.....\" \/>\n<meta property=\"og:url\" content=\"https:\/\/lequotidien.mr\/?p=28042&amp;lang=fr\" \/>\n<meta property=\"og:site_name\" content=\"Le Quotidien de Nouakchott\" \/>\n<meta property=\"article:publisher\" content=\"https:\/\/web.facebook.com\/lequotidienmr\" \/>\n<meta property=\"article:published_time\" content=\"2025-05-29T22:58:52+00:00\" \/>\n<meta property=\"og:image\" content=\"https:\/\/lequotidien.mr\/wp-content\/uploads\/2025\/05\/photo-Pdt-remerciements-BAD.jpg\" \/>\n\t<meta property=\"og:image:width\" content=\"750\" \/>\n\t<meta property=\"og:image:height\" content=\"430\" \/>\n\t<meta property=\"og:image:type\" content=\"image\/jpeg\" \/>\n<meta name=\"author\" content=\"Med Ahmed\" \/>\n<meta name=\"twitter:card\" content=\"summary_large_image\" \/>\n<meta name=\"twitter:creator\" content=\"@lequotidienmr\" \/>\n<meta name=\"twitter:site\" content=\"@lequotidienmr\" \/>\n<meta name=\"twitter:label1\" content=\"\u0643\u064f\u062a\u0628 \u0628\u0648\u0627\u0633\u0637\u0629\" \/>\n\t<meta name=\"twitter:data1\" content=\"Med Ahmed\" \/>\n\t<meta name=\"twitter:label2\" content=\"\u0648\u0642\u062a \u0627\u0644\u0642\u0631\u0627\u0621\u0629 \u0627\u0644\u0645\u064f\u0642\u062f\u0651\u0631\" \/>\n\t<meta name=\"twitter:data2\" content=\"\u062f\u0642\u064a\u0642\u062a\u0627\u0646\" \/>\n<script type=\"application\/ld+json\" class=\"yoast-schema-graph\">{\"@context\":\"https:\\\/\\\/schema.org\",\"@graph\":[{\"@type\":\"Article\",\"@id\":\"https:\\\/\\\/lequotidien.mr\\\/?p=28042&lang=fr#article\",\"isPartOf\":{\"@id\":\"https:\\\/\\\/lequotidien.mr\\\/?p=28042&lang=fr\"},\"author\":{\"name\":\"Med Ahmed\",\"@id\":\"https:\\\/\\\/lequotidien.mr\\\/#\\\/schema\\\/person\\\/d2d350202a4d599685ed8abc25f97596\"},\"headline\":\"\u00c9lection du Dr Sidi Tah \u00e0 la t\u00eate de la BAD : Le Pr\u00e9sident El Ghazouani exprime ses remerciements aux dirigeants des Etats membres de l\u2019Institution financi\u00e8re\",\"datePublished\":\"2025-05-29T22:58:52+00:00\",\"mainEntityOfPage\":{\"@id\":\"https:\\\/\\\/lequotidien.mr\\\/?p=28042&lang=fr\"},\"wordCount\":437,\"commentCount\":0,\"publisher\":{\"@id\":\"https:\\\/\\\/lequotidien.mr\\\/#organization\"},\"image\":{\"@id\":\"https:\\\/\\\/lequotidien.mr\\\/?p=28042&lang=fr#primaryimage\"},\"thumbnailUrl\":\"https:\\\/\\\/lequotidien.mr\\\/wp-content\\\/uploads\\\/2025\\\/05\\\/photo-Pdt-remerciements-BAD.jpg\",\"articleSection\":[\"ACTUALIT\u00c9\",\"Economie\"],\"inLanguage\":\"ar\",\"potentialAction\":[{\"@type\":\"CommentAction\",\"name\":\"Comment\",\"target\":[\"https:\\\/\\\/lequotidien.mr\\\/?p=28042&lang=fr#respond\"]}]},{\"@type\":\"WebPage\",\"@id\":\"https:\\\/\\\/lequotidien.mr\\\/?p=28042&lang=fr\",\"url\":\"https:\\\/\\\/lequotidien.mr\\\/?p=28042&lang=fr\",\"name\":\"\u00c9lection du Dr Sidi Tah \u00e0 la t\u00eate de la BAD : Le Pr\u00e9sident El Ghazouani exprime ses remerciements aux dirigeants des Etats membres de l\u2019Institution financi\u00e8re - Le Quotidien de Nouakchott\",\"isPartOf\":{\"@id\":\"https:\\\/\\\/lequotidien.mr\\\/#website\"},\"primaryImageOfPage\":{\"@id\":\"https:\\\/\\\/lequotidien.mr\\\/?p=28042&lang=fr#primaryimage\"},\"image\":{\"@id\":\"https:\\\/\\\/lequotidien.mr\\\/?p=28042&lang=fr#primaryimage\"},\"thumbnailUrl\":\"https:\\\/\\\/lequotidien.mr\\\/wp-content\\\/uploads\\\/2025\\\/05\\\/photo-Pdt-remerciements-BAD.jpg\",\"datePublished\":\"2025-05-29T22:58:52+00:00\",\"breadcrumb\":{\"@id\":\"https:\\\/\\\/lequotidien.mr\\\/?p=28042&lang=fr#breadcrumb\"},\"inLanguage\":\"ar\",\"potentialAction\":[{\"@type\":\"ReadAction\",\"target\":[\"https:\\\/\\\/lequotidien.mr\\\/?p=28042&lang=fr\"]}]},{\"@type\":\"ImageObject\",\"inLanguage\":\"ar\",\"@id\":\"https:\\\/\\\/lequotidien.mr\\\/?p=28042&lang=fr#primaryimage\",\"url\":\"https:\\\/\\\/lequotidien.mr\\\/wp-content\\\/uploads\\\/2025\\\/05\\\/photo-Pdt-remerciements-BAD.jpg\",\"contentUrl\":\"https:\\\/\\\/lequotidien.mr\\\/wp-content\\\/uploads\\\/2025\\\/05\\\/photo-Pdt-remerciements-BAD.jpg\",\"width\":750,\"height\":430},{\"@type\":\"BreadcrumbList\",\"@id\":\"https:\\\/\\\/lequotidien.mr\\\/?p=28042&lang=fr#breadcrumb\",\"itemListElement\":[{\"@type\":\"ListItem\",\"position\":1,\"name\":\"Home\",\"item\":\"https:\\\/\\\/lequotidien.mr\\\/\"},{\"@type\":\"ListItem\",\"position\":2,\"name\":\"\u00c9lection du Dr Sidi Tah \u00e0 la t\u00eate de la BAD : Le Pr\u00e9sident El Ghazouani exprime ses remerciements aux dirigeants des Etats membres de l\u2019Institution financi\u00e8re\"}]},{\"@type\":\"WebSite\",\"@id\":\"https:\\\/\\\/lequotidien.mr\\\/#website\",\"url\":\"https:\\\/\\\/lequotidien.mr\\\/\",\"name\":\"Le Quotidien de Nouakchott\",\"description\":\"\u0625\u062e\u0628\u0627\u0631\u064a\u0629 \u0645\u0633\u062a\u0642\u0644\u0629 \u0644\u0644\u0623\u0646\u0628\u0627\u0621 \u0627\u0644\u0639\u0627\u0645\u0629\",\"publisher\":{\"@id\":\"https:\\\/\\\/lequotidien.mr\\\/#organization\"},\"potentialAction\":[{\"@type\":\"SearchAction\",\"target\":{\"@type\":\"EntryPoint\",\"urlTemplate\":\"https:\\\/\\\/lequotidien.mr\\\/?s={search_term_string}\"},\"query-input\":{\"@type\":\"PropertyValueSpecification\",\"valueRequired\":true,\"valueName\":\"search_term_string\"}}],\"inLanguage\":\"ar\"},{\"@type\":\"Organization\",\"@id\":\"https:\\\/\\\/lequotidien.mr\\\/#organization\",\"name\":\"Le Quotidien de Nouakchott\",\"url\":\"https:\\\/\\\/lequotidien.mr\\\/\",\"logo\":{\"@type\":\"ImageObject\",\"inLanguage\":\"ar\",\"@id\":\"https:\\\/\\\/lequotidien.mr\\\/#\\\/schema\\\/logo\\\/image\\\/\",\"url\":\"https:\\\/\\\/lequotidien.mr\\\/wp-content\\\/uploads\\\/2022\\\/11\\\/logolequotidien.jpg\",\"contentUrl\":\"https:\\\/\\\/lequotidien.mr\\\/wp-content\\\/uploads\\\/2022\\\/11\\\/logolequotidien.jpg\",\"width\":290,\"height\":65,\"caption\":\"Le Quotidien de Nouakchott\"},\"image\":{\"@id\":\"https:\\\/\\\/lequotidien.mr\\\/#\\\/schema\\\/logo\\\/image\\\/\"},\"sameAs\":[\"https:\\\/\\\/web.facebook.com\\\/lequotidienmr\",\"https:\\\/\\\/x.com\\\/lequotidienmr\"]},{\"@type\":\"Person\",\"@id\":\"https:\\\/\\\/lequotidien.mr\\\/#\\\/schema\\\/person\\\/d2d350202a4d599685ed8abc25f97596\",\"name\":\"Med Ahmed\",\"image\":{\"@type\":\"ImageObject\",\"inLanguage\":\"ar\",\"@id\":\"https:\\\/\\\/secure.gravatar.com\\\/avatar\\\/fd2acc62ed50732923d1d39c17172c9b04149f142be92310ecc69e1358f94b52?s=96&d=mm&r=g\",\"url\":\"https:\\\/\\\/secure.gravatar.com\\\/avatar\\\/fd2acc62ed50732923d1d39c17172c9b04149f142be92310ecc69e1358f94b52?s=96&d=mm&r=g\",\"contentUrl\":\"https:\\\/\\\/secure.gravatar.com\\\/avatar\\\/fd2acc62ed50732923d1d39c17172c9b04149f142be92310ecc69e1358f94b52?s=96&d=mm&r=g\",\"caption\":\"Med Ahmed\"},\"url\":\"https:\\\/\\\/lequotidien.mr\\\/?author=12\"}]}<\/script>\n<!-- \/ Yoast SEO plugin. -->","yoast_head_json":{"title":"\u00c9lection du Dr Sidi Tah \u00e0 la t\u00eate de la BAD : Le Pr\u00e9sident El Ghazouani exprime ses remerciements aux dirigeants des Etats membres de l\u2019Institution financi\u00e8re - Le Quotidien de Nouakchott","robots":{"index":"index","follow":"follow","max-snippet":"max-snippet:-1","max-image-preview":"max-image-preview:large","max-video-preview":"max-video-preview:-1"},"canonical":"https:\/\/lequotidien.mr\/?p=28042&lang=fr","og_locale":"ar_AR","og_type":"article","og_title":"\u00c9lection du Dr Sidi Tah \u00e0 la t\u00eate de la BAD : Le Pr\u00e9sident El Ghazouani exprime ses remerciements aux dirigeants des Etats membres de l\u2019Institution financi\u00e8re - Le Quotidien de Nouakchott","og_description":"Le Dr. Sidi Tah a \u00e9t\u00e9 \u00e9lu confortablement \u00e0 la pr\u00e9sidence de la Banque Africaine de D\u00e9veloppement (BAD), une cons\u00e9cration majeure pour la diplomatie mauritanienne. Un succ\u00e8s imm\u00e9diatement salu\u00e9 par le Pr\u00e9sident Mohamed Cheikh El Ghazouani comme un triomphe collectif du continent. Dans un communiqu\u00e9 pr\u00e9sidentiel empreint d&#8217;\u00e9motion, le chef de l&#8217;\u00c9tat a exprim\u00e9 sa\u00a0&#8220;profonde.....","og_url":"https:\/\/lequotidien.mr\/?p=28042&lang=fr","og_site_name":"Le Quotidien de Nouakchott","article_publisher":"https:\/\/web.facebook.com\/lequotidienmr","article_published_time":"2025-05-29T22:58:52+00:00","og_image":[{"width":750,"height":430,"url":"https:\/\/lequotidien.mr\/wp-content\/uploads\/2025\/05\/photo-Pdt-remerciements-BAD.jpg","type":"image\/jpeg"}],"author":"Med Ahmed","twitter_card":"summary_large_image","twitter_creator":"@lequotidienmr","twitter_site":"@lequotidienmr","twitter_misc":{"\u0643\u064f\u062a\u0628 \u0628\u0648\u0627\u0633\u0637\u0629":"Med Ahmed","\u0648\u0642\u062a \u0627\u0644\u0642\u0631\u0627\u0621\u0629 \u0627\u0644\u0645\u064f\u0642\u062f\u0651\u0631":"\u062f\u0642\u064a\u0642\u062a\u0627\u0646"},"schema":{"@context":"https:\/\/schema.org","@graph":[{"@type":"Article","@id":"https:\/\/lequotidien.mr\/?p=28042&lang=fr#article","isPartOf":{"@id":"https:\/\/lequotidien.mr\/?p=28042&lang=fr"},"author":{"name":"Med Ahmed","@id":"https:\/\/lequotidien.mr\/#\/schema\/person\/d2d350202a4d599685ed8abc25f97596"},"headline":"\u00c9lection du Dr Sidi Tah \u00e0 la t\u00eate de la BAD : Le Pr\u00e9sident El Ghazouani exprime ses remerciements aux dirigeants des Etats membres de l\u2019Institution financi\u00e8re","datePublished":"2025-05-29T22:58:52+00:00","mainEntityOfPage":{"@id":"https:\/\/lequotidien.mr\/?p=28042&lang=fr"},"wordCount":437,"commentCount":0,"publisher":{"@id":"https:\/\/lequotidien.mr\/#organization"},"image":{"@id":"https:\/\/lequotidien.mr\/?p=28042&lang=fr#primaryimage"},"thumbnailUrl":"https:\/\/lequotidien.mr\/wp-content\/uploads\/2025\/05\/photo-Pdt-remerciements-BAD.jpg","articleSection":["ACTUALIT\u00c9","Economie"],"inLanguage":"ar","potentialAction":[{"@type":"CommentAction","name":"Comment","target":["https:\/\/lequotidien.mr\/?p=28042&lang=fr#respond"]}]},{"@type":"WebPage","@id":"https:\/\/lequotidien.mr\/?p=28042&lang=fr","url":"https:\/\/lequotidien.mr\/?p=28042&lang=fr","name":"\u00c9lection du Dr Sidi Tah \u00e0 la t\u00eate de la BAD : Le Pr\u00e9sident El Ghazouani exprime ses remerciements aux dirigeants des Etats membres de l\u2019Institution financi\u00e8re - Le Quotidien de Nouakchott","isPartOf":{"@id":"https:\/\/lequotidien.mr\/#website"},"primaryImageOfPage":{"@id":"https:\/\/lequotidien.mr\/?p=28042&lang=fr#primaryimage"},"image":{"@id":"https:\/\/lequotidien.mr\/?p=28042&lang=fr#primaryimage"},"thumbnailUrl":"https:\/\/lequotidien.mr\/wp-content\/uploads\/2025\/05\/photo-Pdt-remerciements-BAD.jpg","datePublished":"2025-05-29T22:58:52+00:00","breadcrumb":{"@id":"https:\/\/lequotidien.mr\/?p=28042&lang=fr#breadcrumb"},"inLanguage":"ar","potentialAction":[{"@type":"ReadAction","target":["https:\/\/lequotidien.mr\/?p=28042&lang=fr"]}]},{"@type":"ImageObject","inLanguage":"ar","@id":"https:\/\/lequotidien.mr\/?p=28042&lang=fr#primaryimage","url":"https:\/\/lequotidien.mr\/wp-content\/uploads\/2025\/05\/photo-Pdt-remerciements-BAD.jpg","contentUrl":"https:\/\/lequotidien.mr\/wp-content\/uploads\/2025\/05\/photo-Pdt-remerciements-BAD.jpg","width":750,"height":430},{"@type":"BreadcrumbList","@id":"https:\/\/lequotidien.mr\/?p=28042&lang=fr#breadcrumb","itemListElement":[{"@type":"ListItem","position":1,"name":"Home","item":"https:\/\/lequotidien.mr\/"},{"@type":"ListItem","position":2,"name":"\u00c9lection du Dr Sidi Tah \u00e0 la t\u00eate de la BAD : Le Pr\u00e9sident El Ghazouani exprime ses remerciements aux dirigeants des Etats membres de l\u2019Institution financi\u00e8re"}]},{"@type":"WebSite","@id":"https:\/\/lequotidien.mr\/#website","url":"https:\/\/lequotidien.mr\/","name":"Le Quotidien de Nouakchott","description":"\u0625\u062e\u0628\u0627\u0631\u064a\u0629 \u0645\u0633\u062a\u0642\u0644\u0629 \u0644\u0644\u0623\u0646\u0628\u0627\u0621 \u0627\u0644\u0639\u0627\u0645\u0629","publisher":{"@id":"https:\/\/lequotidien.mr\/#organization"},"potentialAction":[{"@type":"SearchAction","target":{"@type":"EntryPoint","urlTemplate":"https:\/\/lequotidien.mr\/?s={search_term_string}"},"query-input":{"@type":"PropertyValueSpecification","valueRequired":true,"valueName":"search_term_string"}}],"inLanguage":"ar"},{"@type":"Organization","@id":"https:\/\/lequotidien.mr\/#organization","name":"Le Quotidien de Nouakchott","url":"https:\/\/lequotidien.mr\/","logo":{"@type":"ImageObject","inLanguage":"ar","@id":"https:\/\/lequotidien.mr\/#\/schema\/logo\/image\/","url":"https:\/\/lequotidien.mr\/wp-content\/uploads\/2022\/11\/logolequotidien.jpg","contentUrl":"https:\/\/lequotidien.mr\/wp-content\/uploads\/2022\/11\/logolequotidien.jpg","width":290,"height":65,"caption":"Le Quotidien de Nouakchott"},"image":{"@id":"https:\/\/lequotidien.mr\/#\/schema\/logo\/image\/"},"sameAs":["https:\/\/web.facebook.com\/lequotidienmr","https:\/\/x.com\/lequotidienmr"]},{"@type":"Person","@id":"https:\/\/lequotidien.mr\/#\/schema\/person\/d2d350202a4d599685ed8abc25f97596","name":"Med Ahmed","image":{"@type":"ImageObject","inLanguage":"ar","@id":"https:\/\/secure.gravatar.com\/avatar\/fd2acc62ed50732923d1d39c17172c9b04149f142be92310ecc69e1358f94b52?s=96&d=mm&r=g","url":"https:\/\/secure.gravatar.com\/avatar\/fd2acc62ed50732923d1d39c17172c9b04149f142be92310ecc69e1358f94b52?s=96&d=mm&r=g","contentUrl":"https:\/\/secure.gravatar.com\/avatar\/fd2acc62ed50732923d1d39c17172c9b04149f142be92310ecc69e1358f94b52?s=96&d=mm&r=g","caption":"Med Ahmed"},"url":"https:\/\/lequotidien.mr\/?author=12"}]}},"_links":{"self":[{"href":"https:\/\/lequotidien.mr\/index.php?rest_route=\/wp\/v2\/posts\/28042","targetHints":{"allow":["GET"]}}],"collection":[{"href":"https:\/\/lequotidien.mr\/index.php?rest_route=\/wp\/v2\/posts"}],"about":[{"href":"https:\/\/lequotidien.mr\/index.php?rest_route=\/wp\/v2\/types\/post"}],"author":[{"embeddable":true,"href":"https:\/\/lequotidien.mr\/index.php?rest_route=\/wp\/v2\/users\/12"}],"replies":[{"embeddable":true,"href":"https:\/\/lequotidien.mr\/index.php?rest_route=%2Fwp%2Fv2%2Fcomments&post=28042"}],"version-history":[{"count":1,"href":"https:\/\/lequotidien.mr\/index.php?rest_route=\/wp\/v2\/posts\/28042\/revisions"}],"predecessor-version":[{"id":28044,"href":"https:\/\/lequotidien.mr\/index.php?rest_route=\/wp\/v2\/posts\/28042\/revisions\/28044"}],"wp:featuredmedia":[{"embeddable":true,"href":"https:\/\/lequotidien.mr\/index.php?rest_route=\/wp\/v2\/media\/28043"}],"wp:attachment":[{"href":"https:\/\/lequotidien.mr\/index.php?rest_route=%2Fwp%2Fv2%2Fmedia&parent=28042"}],"wp:term":[{"taxonomy":"category","embeddable":true,"href":"https:\/\/lequotidien.mr\/index.php?rest_route=%2Fwp%2Fv2%2Fcategories&post=28042"},{"taxonomy":"post_tag","embeddable":true,"href":"https:\/\/lequotidien.mr\/index.php?rest_route=%2Fwp%2Fv2%2Ftags&post=28042"}],"curies":[{"name":"wp","href":"https:\/\/api.w.org\/{rel}","templated":true}]}}