{"id":28036,"date":"2025-05-29T21:49:28","date_gmt":"2025-05-29T21:49:28","guid":{"rendered":"https:\/\/lequotidien.mr\/?p=28036"},"modified":"2025-05-29T21:49:28","modified_gmt":"2025-05-29T21:49:28","slug":"commune-du-ksar-atelier-sur-la-realisation-de-fresques-murales-pour-jeunes-une-autre-dimension-de-la-modernisation-culturelle-de-nouakchott","status":"publish","type":"post","link":"https:\/\/lequotidien.mr\/?p=28036&lang=fr","title":{"rendered":"Commune du Ksar : Atelier sur la r\u00e9alisation de fresques murales pour jeunes, une autre dimension de la modernisation culturelle de Nouakchott"},"content":{"rendered":"<p>La Commune du Ksar a lanc\u00e9, jeudi, un atelier de formation d\u00e9di\u00e9 aux techniques de dessin de sensibilisation et de cr\u00e9ation de fresques murales \u00e9ducatives. Cet \u00e9v\u00e9nement de trois jours, b\u00e9n\u00e9ficiant \u00e0 une vingtaine de jeunes de la commune, s&#8217;inscrit pleinement dans le volet culturel du vaste programme de modernisation de la capitale mauritanienne, Nouakchott.<\/p>\n<p>Lors de la c\u00e9r\u00e9monie d&#8217;ouverture, le maire du Ksar, M. Mohamed Saleck Oumar, a plac\u00e9 l&#8217;atelier dans le cadre des efforts de partenariat visant \u00e0 concr\u00e9tiser la dimension culturelle de la modernisation de Nouakchott. Il y a vu une \u00e9tape significative :\u00a0<em>&#8220;Cet atelier constitue un nouveau jalon dans l\u2019\u00e9difice d\u2019une capitale moderne qui se r\u00e9concilie avec elle-m\u00eame, exprime son identit\u00e9 et s\u2019engage sur les questions de d\u00e9veloppement et de prise de conscience collective des habitants&#8221;<\/em>, a-t-il d\u00e9clar\u00e9.<\/p>\n<p>Mettant en avant le r\u00f4le crucial de la jeunesse, le maire a soulign\u00e9 qu&#8217;elle est\u00a0<em>&#8220;la pierre angulaire de toute v\u00e9ritable transformation&#8221;<\/em>, transformation devant refl\u00e9ter la riche diversit\u00e9 culturelle du pays. Il a \u00e9galement \u00e9lev\u00e9 la port\u00e9e de l&#8217;art mural au-del\u00e0 de la simple d\u00e9coration :\u00a0<em>&#8220;La fresque murale n\u2019est pas un dessin sur un mur, mais plut\u00f4t un cri artistique et un langage visuel capable d\u2019influencer et de transmettre directement des id\u00e9es et des positions&#8221;<\/em>.<\/p>\n<p>Cet atelier est le fruit d&#8217;une collaboration institutionnelle. M. Oumar a pr\u00e9cis\u00e9 qu&#8217;il s&#8217;inscrit dans le cadre d&#8217;<em>&#8220;un partenariat fructueux entre la municipalit\u00e9 et l\u2019Organisation pour le d\u00e9veloppement, les m\u00e9dias et les arts visuels, en coordination avec le minist\u00e8re de la Culture, des Arts, de la Communication et des Relations avec le Parlement&#8221;<\/em>.<\/p>\n<p>M. Khaled Moulay Idriss, chef du Bureau du d\u00e9veloppement, de l\u2019information et des arts visuels et responsable de la supervision de la formation, a pris la parole pour remercier les jeunes participants. Il a annonc\u00e9 que cet atelier au Ksar n&#8217;est que le d\u00e9but d&#8217;une s\u00e9rie qui s&#8217;\u00e9tendra \u00e0 toutes les communes de Nouakchott. L&#8217;objectif affich\u00e9 est clair : acqu\u00e9rir une expertise dans un domaine o\u00f9 elle faisait d\u00e9faut jusqu&#8217;\u00e0 pr\u00e9sent. <em>&#8220;L\u2019objectif de cette formation est d\u2019avoir une exp\u00e9rience suffisante dans ce domaine, qui, jusqu\u2019\u00e0 pr\u00e9sent, fait d\u00e9faut&#8221;<\/em>, a-t-il expliqu\u00e9.<\/p>\n<p>La c\u00e9r\u00e9monie d&#8217;ouverture s&#8217;est d\u00e9roul\u00e9e en pr\u00e9sence de la hakem du Ksar, Mme Zeinebou Abdellahi Messaoud, de plusieurs membres du conseil municipal et d&#8217;un groupe de jeunes de la commune, t\u00e9moignant de l&#8217;importance locale accord\u00e9e \u00e0 cette initiative culturelle et formatrice. Cet atelier marque ainsi une volont\u00e9 concr\u00e8te d&#8217;utiliser l&#8217;art public comme levier d&#8217;expression identitaire, de sensibilisation et d&#8217;engagement de la jeunesse dans la construction d&#8217;une Nouakchott moderne.<\/p>\n","protected":false},"excerpt":{"rendered":"<p>La Commune du Ksar a lanc\u00e9, jeudi, un atelier de formation d\u00e9di\u00e9 aux techniques de dessin de sensibilisation et de cr\u00e9ation de fresques murales \u00e9ducatives. Cet \u00e9v\u00e9nement de trois jours, b\u00e9n\u00e9ficiant \u00e0 une vingtaine de jeunes de la commune, s&#8217;inscrit pleinement dans le volet culturel du vaste programme de modernisation de la capitale mauritanienne, Nouakchott&#8230;&#8230;<\/p>\n","protected":false},"author":12,"featured_media":28037,"comment_status":"open","ping_status":"open","sticky":false,"template":"","format":"standard","meta":{"footnotes":""},"categories":[23,55],"tags":[],"class_list":["post-28036","post","type-post","status-publish","format-standard","has-post-thumbnail","hentry","category-actualite","category-culture"],"yoast_head":"<!-- This site is optimized with the Yoast SEO plugin v27.5 - https:\/\/yoast.com\/product\/yoast-seo-wordpress\/ -->\n<title>Commune du Ksar : Atelier sur la r\u00e9alisation de fresques murales pour jeunes, une autre dimension de la modernisation culturelle de Nouakchott - Le Quotidien de Nouakchott<\/title>\n<meta name=\"robots\" content=\"index, follow, max-snippet:-1, max-image-preview:large, max-video-preview:-1\" \/>\n<link rel=\"canonical\" href=\"https:\/\/lequotidien.mr\/?p=28036&lang=fr\" \/>\n<meta property=\"og:locale\" content=\"ar_AR\" \/>\n<meta property=\"og:type\" content=\"article\" \/>\n<meta property=\"og:title\" content=\"Commune du Ksar : Atelier sur la r\u00e9alisation de fresques murales pour jeunes, une autre dimension de la modernisation culturelle de Nouakchott - Le Quotidien de Nouakchott\" \/>\n<meta property=\"og:description\" content=\"La Commune du Ksar a lanc\u00e9, jeudi, un atelier de formation d\u00e9di\u00e9 aux techniques de dessin de sensibilisation et de cr\u00e9ation de fresques murales \u00e9ducatives. Cet \u00e9v\u00e9nement de trois jours, b\u00e9n\u00e9ficiant \u00e0 une vingtaine de jeunes de la commune, s&#8217;inscrit pleinement dans le volet culturel du vaste programme de modernisation de la capitale mauritanienne, Nouakchott......\" \/>\n<meta property=\"og:url\" content=\"https:\/\/lequotidien.mr\/?p=28036&amp;lang=fr\" \/>\n<meta property=\"og:site_name\" content=\"Le Quotidien de Nouakchott\" \/>\n<meta property=\"article:publisher\" content=\"https:\/\/web.facebook.com\/lequotidienmr\" \/>\n<meta property=\"article:published_time\" content=\"2025-05-29T21:49:28+00:00\" \/>\n<meta property=\"og:image\" content=\"https:\/\/lequotidien.mr\/wp-content\/uploads\/2025\/05\/photo-atelier-fresques-Ksar.jpg\" \/>\n\t<meta property=\"og:image:width\" content=\"750\" \/>\n\t<meta property=\"og:image:height\" content=\"430\" \/>\n\t<meta property=\"og:image:type\" content=\"image\/jpeg\" \/>\n<meta name=\"author\" content=\"Med Ahmed\" \/>\n<meta name=\"twitter:card\" content=\"summary_large_image\" \/>\n<meta name=\"twitter:creator\" content=\"@lequotidienmr\" \/>\n<meta name=\"twitter:site\" content=\"@lequotidienmr\" \/>\n<meta name=\"twitter:label1\" content=\"\u0643\u064f\u062a\u0628 \u0628\u0648\u0627\u0633\u0637\u0629\" \/>\n\t<meta name=\"twitter:data1\" content=\"Med Ahmed\" \/>\n\t<meta name=\"twitter:label2\" content=\"\u0648\u0642\u062a \u0627\u0644\u0642\u0631\u0627\u0621\u0629 \u0627\u0644\u0645\u064f\u0642\u062f\u0651\u0631\" \/>\n\t<meta name=\"twitter:data2\" content=\"\u062f\u0642\u064a\u0642\u062a\u0627\u0646\" \/>\n<script type=\"application\/ld+json\" class=\"yoast-schema-graph\">{\"@context\":\"https:\\\/\\\/schema.org\",\"@graph\":[{\"@type\":\"Article\",\"@id\":\"https:\\\/\\\/lequotidien.mr\\\/?p=28036&lang=fr#article\",\"isPartOf\":{\"@id\":\"https:\\\/\\\/lequotidien.mr\\\/?p=28036&lang=fr\"},\"author\":{\"name\":\"Med Ahmed\",\"@id\":\"https:\\\/\\\/lequotidien.mr\\\/#\\\/schema\\\/person\\\/d2d350202a4d599685ed8abc25f97596\"},\"headline\":\"Commune du Ksar : Atelier sur la r\u00e9alisation de fresques murales pour jeunes, une autre dimension de la modernisation culturelle de Nouakchott\",\"datePublished\":\"2025-05-29T21:49:28+00:00\",\"mainEntityOfPage\":{\"@id\":\"https:\\\/\\\/lequotidien.mr\\\/?p=28036&lang=fr\"},\"wordCount\":506,\"commentCount\":0,\"publisher\":{\"@id\":\"https:\\\/\\\/lequotidien.mr\\\/#organization\"},\"image\":{\"@id\":\"https:\\\/\\\/lequotidien.mr\\\/?p=28036&lang=fr#primaryimage\"},\"thumbnailUrl\":\"https:\\\/\\\/lequotidien.mr\\\/wp-content\\\/uploads\\\/2025\\\/05\\\/photo-atelier-fresques-Ksar.jpg\",\"articleSection\":[\"ACTUALIT\u00c9\",\"Culture\"],\"inLanguage\":\"ar\",\"potentialAction\":[{\"@type\":\"CommentAction\",\"name\":\"Comment\",\"target\":[\"https:\\\/\\\/lequotidien.mr\\\/?p=28036&lang=fr#respond\"]}]},{\"@type\":\"WebPage\",\"@id\":\"https:\\\/\\\/lequotidien.mr\\\/?p=28036&lang=fr\",\"url\":\"https:\\\/\\\/lequotidien.mr\\\/?p=28036&lang=fr\",\"name\":\"Commune du Ksar : Atelier sur la r\u00e9alisation de fresques murales pour jeunes, une autre dimension de la modernisation culturelle de Nouakchott - Le Quotidien de Nouakchott\",\"isPartOf\":{\"@id\":\"https:\\\/\\\/lequotidien.mr\\\/#website\"},\"primaryImageOfPage\":{\"@id\":\"https:\\\/\\\/lequotidien.mr\\\/?p=28036&lang=fr#primaryimage\"},\"image\":{\"@id\":\"https:\\\/\\\/lequotidien.mr\\\/?p=28036&lang=fr#primaryimage\"},\"thumbnailUrl\":\"https:\\\/\\\/lequotidien.mr\\\/wp-content\\\/uploads\\\/2025\\\/05\\\/photo-atelier-fresques-Ksar.jpg\",\"datePublished\":\"2025-05-29T21:49:28+00:00\",\"breadcrumb\":{\"@id\":\"https:\\\/\\\/lequotidien.mr\\\/?p=28036&lang=fr#breadcrumb\"},\"inLanguage\":\"ar\",\"potentialAction\":[{\"@type\":\"ReadAction\",\"target\":[\"https:\\\/\\\/lequotidien.mr\\\/?p=28036&lang=fr\"]}]},{\"@type\":\"ImageObject\",\"inLanguage\":\"ar\",\"@id\":\"https:\\\/\\\/lequotidien.mr\\\/?p=28036&lang=fr#primaryimage\",\"url\":\"https:\\\/\\\/lequotidien.mr\\\/wp-content\\\/uploads\\\/2025\\\/05\\\/photo-atelier-fresques-Ksar.jpg\",\"contentUrl\":\"https:\\\/\\\/lequotidien.mr\\\/wp-content\\\/uploads\\\/2025\\\/05\\\/photo-atelier-fresques-Ksar.jpg\",\"width\":750,\"height\":430},{\"@type\":\"BreadcrumbList\",\"@id\":\"https:\\\/\\\/lequotidien.mr\\\/?p=28036&lang=fr#breadcrumb\",\"itemListElement\":[{\"@type\":\"ListItem\",\"position\":1,\"name\":\"Home\",\"item\":\"https:\\\/\\\/lequotidien.mr\\\/\"},{\"@type\":\"ListItem\",\"position\":2,\"name\":\"Commune du Ksar : Atelier sur la r\u00e9alisation de fresques murales pour jeunes, une autre dimension de la modernisation culturelle de Nouakchott\"}]},{\"@type\":\"WebSite\",\"@id\":\"https:\\\/\\\/lequotidien.mr\\\/#website\",\"url\":\"https:\\\/\\\/lequotidien.mr\\\/\",\"name\":\"Le Quotidien de Nouakchott\",\"description\":\"\u0625\u062e\u0628\u0627\u0631\u064a\u0629 \u0645\u0633\u062a\u0642\u0644\u0629 \u0644\u0644\u0623\u0646\u0628\u0627\u0621 \u0627\u0644\u0639\u0627\u0645\u0629\",\"publisher\":{\"@id\":\"https:\\\/\\\/lequotidien.mr\\\/#organization\"},\"potentialAction\":[{\"@type\":\"SearchAction\",\"target\":{\"@type\":\"EntryPoint\",\"urlTemplate\":\"https:\\\/\\\/lequotidien.mr\\\/?s={search_term_string}\"},\"query-input\":{\"@type\":\"PropertyValueSpecification\",\"valueRequired\":true,\"valueName\":\"search_term_string\"}}],\"inLanguage\":\"ar\"},{\"@type\":\"Organization\",\"@id\":\"https:\\\/\\\/lequotidien.mr\\\/#organization\",\"name\":\"Le Quotidien de Nouakchott\",\"url\":\"https:\\\/\\\/lequotidien.mr\\\/\",\"logo\":{\"@type\":\"ImageObject\",\"inLanguage\":\"ar\",\"@id\":\"https:\\\/\\\/lequotidien.mr\\\/#\\\/schema\\\/logo\\\/image\\\/\",\"url\":\"https:\\\/\\\/lequotidien.mr\\\/wp-content\\\/uploads\\\/2022\\\/11\\\/logolequotidien.jpg\",\"contentUrl\":\"https:\\\/\\\/lequotidien.mr\\\/wp-content\\\/uploads\\\/2022\\\/11\\\/logolequotidien.jpg\",\"width\":290,\"height\":65,\"caption\":\"Le Quotidien de Nouakchott\"},\"image\":{\"@id\":\"https:\\\/\\\/lequotidien.mr\\\/#\\\/schema\\\/logo\\\/image\\\/\"},\"sameAs\":[\"https:\\\/\\\/web.facebook.com\\\/lequotidienmr\",\"https:\\\/\\\/x.com\\\/lequotidienmr\"]},{\"@type\":\"Person\",\"@id\":\"https:\\\/\\\/lequotidien.mr\\\/#\\\/schema\\\/person\\\/d2d350202a4d599685ed8abc25f97596\",\"name\":\"Med Ahmed\",\"image\":{\"@type\":\"ImageObject\",\"inLanguage\":\"ar\",\"@id\":\"https:\\\/\\\/secure.gravatar.com\\\/avatar\\\/fd2acc62ed50732923d1d39c17172c9b04149f142be92310ecc69e1358f94b52?s=96&d=mm&r=g\",\"url\":\"https:\\\/\\\/secure.gravatar.com\\\/avatar\\\/fd2acc62ed50732923d1d39c17172c9b04149f142be92310ecc69e1358f94b52?s=96&d=mm&r=g\",\"contentUrl\":\"https:\\\/\\\/secure.gravatar.com\\\/avatar\\\/fd2acc62ed50732923d1d39c17172c9b04149f142be92310ecc69e1358f94b52?s=96&d=mm&r=g\",\"caption\":\"Med Ahmed\"},\"url\":\"https:\\\/\\\/lequotidien.mr\\\/?author=12\"}]}<\/script>\n<!-- \/ Yoast SEO plugin. -->","yoast_head_json":{"title":"Commune du Ksar : Atelier sur la r\u00e9alisation de fresques murales pour jeunes, une autre dimension de la modernisation culturelle de Nouakchott - Le Quotidien de Nouakchott","robots":{"index":"index","follow":"follow","max-snippet":"max-snippet:-1","max-image-preview":"max-image-preview:large","max-video-preview":"max-video-preview:-1"},"canonical":"https:\/\/lequotidien.mr\/?p=28036&lang=fr","og_locale":"ar_AR","og_type":"article","og_title":"Commune du Ksar : Atelier sur la r\u00e9alisation de fresques murales pour jeunes, une autre dimension de la modernisation culturelle de Nouakchott - Le Quotidien de Nouakchott","og_description":"La Commune du Ksar a lanc\u00e9, jeudi, un atelier de formation d\u00e9di\u00e9 aux techniques de dessin de sensibilisation et de cr\u00e9ation de fresques murales \u00e9ducatives. Cet \u00e9v\u00e9nement de trois jours, b\u00e9n\u00e9ficiant \u00e0 une vingtaine de jeunes de la commune, s&#8217;inscrit pleinement dans le volet culturel du vaste programme de modernisation de la capitale mauritanienne, Nouakchott......","og_url":"https:\/\/lequotidien.mr\/?p=28036&lang=fr","og_site_name":"Le Quotidien de Nouakchott","article_publisher":"https:\/\/web.facebook.com\/lequotidienmr","article_published_time":"2025-05-29T21:49:28+00:00","og_image":[{"width":750,"height":430,"url":"https:\/\/lequotidien.mr\/wp-content\/uploads\/2025\/05\/photo-atelier-fresques-Ksar.jpg","type":"image\/jpeg"}],"author":"Med Ahmed","twitter_card":"summary_large_image","twitter_creator":"@lequotidienmr","twitter_site":"@lequotidienmr","twitter_misc":{"\u0643\u064f\u062a\u0628 \u0628\u0648\u0627\u0633\u0637\u0629":"Med Ahmed","\u0648\u0642\u062a \u0627\u0644\u0642\u0631\u0627\u0621\u0629 \u0627\u0644\u0645\u064f\u0642\u062f\u0651\u0631":"\u062f\u0642\u064a\u0642\u062a\u0627\u0646"},"schema":{"@context":"https:\/\/schema.org","@graph":[{"@type":"Article","@id":"https:\/\/lequotidien.mr\/?p=28036&lang=fr#article","isPartOf":{"@id":"https:\/\/lequotidien.mr\/?p=28036&lang=fr"},"author":{"name":"Med Ahmed","@id":"https:\/\/lequotidien.mr\/#\/schema\/person\/d2d350202a4d599685ed8abc25f97596"},"headline":"Commune du Ksar : Atelier sur la r\u00e9alisation de fresques murales pour jeunes, une autre dimension de la modernisation culturelle de Nouakchott","datePublished":"2025-05-29T21:49:28+00:00","mainEntityOfPage":{"@id":"https:\/\/lequotidien.mr\/?p=28036&lang=fr"},"wordCount":506,"commentCount":0,"publisher":{"@id":"https:\/\/lequotidien.mr\/#organization"},"image":{"@id":"https:\/\/lequotidien.mr\/?p=28036&lang=fr#primaryimage"},"thumbnailUrl":"https:\/\/lequotidien.mr\/wp-content\/uploads\/2025\/05\/photo-atelier-fresques-Ksar.jpg","articleSection":["ACTUALIT\u00c9","Culture"],"inLanguage":"ar","potentialAction":[{"@type":"CommentAction","name":"Comment","target":["https:\/\/lequotidien.mr\/?p=28036&lang=fr#respond"]}]},{"@type":"WebPage","@id":"https:\/\/lequotidien.mr\/?p=28036&lang=fr","url":"https:\/\/lequotidien.mr\/?p=28036&lang=fr","name":"Commune du Ksar : Atelier sur la r\u00e9alisation de fresques murales pour jeunes, une autre dimension de la modernisation culturelle de Nouakchott - Le Quotidien de Nouakchott","isPartOf":{"@id":"https:\/\/lequotidien.mr\/#website"},"primaryImageOfPage":{"@id":"https:\/\/lequotidien.mr\/?p=28036&lang=fr#primaryimage"},"image":{"@id":"https:\/\/lequotidien.mr\/?p=28036&lang=fr#primaryimage"},"thumbnailUrl":"https:\/\/lequotidien.mr\/wp-content\/uploads\/2025\/05\/photo-atelier-fresques-Ksar.jpg","datePublished":"2025-05-29T21:49:28+00:00","breadcrumb":{"@id":"https:\/\/lequotidien.mr\/?p=28036&lang=fr#breadcrumb"},"inLanguage":"ar","potentialAction":[{"@type":"ReadAction","target":["https:\/\/lequotidien.mr\/?p=28036&lang=fr"]}]},{"@type":"ImageObject","inLanguage":"ar","@id":"https:\/\/lequotidien.mr\/?p=28036&lang=fr#primaryimage","url":"https:\/\/lequotidien.mr\/wp-content\/uploads\/2025\/05\/photo-atelier-fresques-Ksar.jpg","contentUrl":"https:\/\/lequotidien.mr\/wp-content\/uploads\/2025\/05\/photo-atelier-fresques-Ksar.jpg","width":750,"height":430},{"@type":"BreadcrumbList","@id":"https:\/\/lequotidien.mr\/?p=28036&lang=fr#breadcrumb","itemListElement":[{"@type":"ListItem","position":1,"name":"Home","item":"https:\/\/lequotidien.mr\/"},{"@type":"ListItem","position":2,"name":"Commune du Ksar : Atelier sur la r\u00e9alisation de fresques murales pour jeunes, une autre dimension de la modernisation culturelle de Nouakchott"}]},{"@type":"WebSite","@id":"https:\/\/lequotidien.mr\/#website","url":"https:\/\/lequotidien.mr\/","name":"Le Quotidien de Nouakchott","description":"\u0625\u062e\u0628\u0627\u0631\u064a\u0629 \u0645\u0633\u062a\u0642\u0644\u0629 \u0644\u0644\u0623\u0646\u0628\u0627\u0621 \u0627\u0644\u0639\u0627\u0645\u0629","publisher":{"@id":"https:\/\/lequotidien.mr\/#organization"},"potentialAction":[{"@type":"SearchAction","target":{"@type":"EntryPoint","urlTemplate":"https:\/\/lequotidien.mr\/?s={search_term_string}"},"query-input":{"@type":"PropertyValueSpecification","valueRequired":true,"valueName":"search_term_string"}}],"inLanguage":"ar"},{"@type":"Organization","@id":"https:\/\/lequotidien.mr\/#organization","name":"Le Quotidien de Nouakchott","url":"https:\/\/lequotidien.mr\/","logo":{"@type":"ImageObject","inLanguage":"ar","@id":"https:\/\/lequotidien.mr\/#\/schema\/logo\/image\/","url":"https:\/\/lequotidien.mr\/wp-content\/uploads\/2022\/11\/logolequotidien.jpg","contentUrl":"https:\/\/lequotidien.mr\/wp-content\/uploads\/2022\/11\/logolequotidien.jpg","width":290,"height":65,"caption":"Le Quotidien de Nouakchott"},"image":{"@id":"https:\/\/lequotidien.mr\/#\/schema\/logo\/image\/"},"sameAs":["https:\/\/web.facebook.com\/lequotidienmr","https:\/\/x.com\/lequotidienmr"]},{"@type":"Person","@id":"https:\/\/lequotidien.mr\/#\/schema\/person\/d2d350202a4d599685ed8abc25f97596","name":"Med Ahmed","image":{"@type":"ImageObject","inLanguage":"ar","@id":"https:\/\/secure.gravatar.com\/avatar\/fd2acc62ed50732923d1d39c17172c9b04149f142be92310ecc69e1358f94b52?s=96&d=mm&r=g","url":"https:\/\/secure.gravatar.com\/avatar\/fd2acc62ed50732923d1d39c17172c9b04149f142be92310ecc69e1358f94b52?s=96&d=mm&r=g","contentUrl":"https:\/\/secure.gravatar.com\/avatar\/fd2acc62ed50732923d1d39c17172c9b04149f142be92310ecc69e1358f94b52?s=96&d=mm&r=g","caption":"Med Ahmed"},"url":"https:\/\/lequotidien.mr\/?author=12"}]}},"_links":{"self":[{"href":"https:\/\/lequotidien.mr\/index.php?rest_route=\/wp\/v2\/posts\/28036","targetHints":{"allow":["GET"]}}],"collection":[{"href":"https:\/\/lequotidien.mr\/index.php?rest_route=\/wp\/v2\/posts"}],"about":[{"href":"https:\/\/lequotidien.mr\/index.php?rest_route=\/wp\/v2\/types\/post"}],"author":[{"embeddable":true,"href":"https:\/\/lequotidien.mr\/index.php?rest_route=\/wp\/v2\/users\/12"}],"replies":[{"embeddable":true,"href":"https:\/\/lequotidien.mr\/index.php?rest_route=%2Fwp%2Fv2%2Fcomments&post=28036"}],"version-history":[{"count":1,"href":"https:\/\/lequotidien.mr\/index.php?rest_route=\/wp\/v2\/posts\/28036\/revisions"}],"predecessor-version":[{"id":28038,"href":"https:\/\/lequotidien.mr\/index.php?rest_route=\/wp\/v2\/posts\/28036\/revisions\/28038"}],"wp:featuredmedia":[{"embeddable":true,"href":"https:\/\/lequotidien.mr\/index.php?rest_route=\/wp\/v2\/media\/28037"}],"wp:attachment":[{"href":"https:\/\/lequotidien.mr\/index.php?rest_route=%2Fwp%2Fv2%2Fmedia&parent=28036"}],"wp:term":[{"taxonomy":"category","embeddable":true,"href":"https:\/\/lequotidien.mr\/index.php?rest_route=%2Fwp%2Fv2%2Fcategories&post=28036"},{"taxonomy":"post_tag","embeddable":true,"href":"https:\/\/lequotidien.mr\/index.php?rest_route=%2Fwp%2Fv2%2Ftags&post=28036"}],"curies":[{"name":"wp","href":"https:\/\/api.w.org\/{rel}","templated":true}]}}