{"id":28018,"date":"2025-05-29T16:39:51","date_gmt":"2025-05-29T16:39:51","guid":{"rendered":"https:\/\/lequotidien.mr\/?p=28018"},"modified":"2025-05-29T16:39:51","modified_gmt":"2025-05-29T16:39:51","slug":"sidi-ould-tah-elu-president-de-la-bad","status":"publish","type":"post","link":"https:\/\/lequotidien.mr\/?p=28018&lang=fr","title":{"rendered":"Sidi Ould Tah \u00e9lu pr\u00e9sident de la BAD"},"content":{"rendered":"<div class=\"field field-name-body field-type-text-with-summary field-label-hidden\">\n<div class=\"field-items\">\n<div class=\"field-item even\">\n<p>BAD :\u00a0 Sidi Ould Tah, de la Mauritanie, a \u00e9t\u00e9 \u00e9lu aujourd\u2019hui pr\u00e9sident du Groupe de la Banque africaine de d\u00e9veloppement lors des Assembl\u00e9es annuelles de la Banque qui se tiennent \u00e0 Abidjan, en C\u00f4te d\u2019Ivoire.<\/p>\n<p>M. Tah a \u00e9t\u00e9 \u00e9lu par le Conseil des gouverneurs de la Banque, compos\u00e9 des ministres des Finances et de l\u2019\u00c9conomie ou des gouverneurs des banques centrales des 81 pays membres r\u00e9gionaux et non r\u00e9gionaux du Groupe de la Banque. Ce Conseil est la plus haute instance d\u00e9cisionnelle du Groupe de la Banque.<\/p>\n<p>Les r\u00e9sultats ont \u00e9t\u00e9 annonc\u00e9s par Niale Kaba, ministre du Plan et du D\u00e9veloppement de la C\u00f4te d\u2019Ivoire et pr\u00e9sidente du Conseil des gouverneurs du Groupe de la Banque, le candidat \u00e9lu devant obtenir au moins 50,01\u00a0% \u00e0 la fois des\u00a0<a href=\"https:\/\/www.afdb.org\/en\/documents\/afdb-statement-voting-powers-30-april-2025\" target=\"_blank\" rel=\"noopener\">voix r\u00e9gionales et non r\u00e9gionales<\/a>.<\/p>\n<p>De nationalit\u00e9 mauritanienne, M. Tah poss\u00e8de plus de 35 ans d\u2019exp\u00e9rience en finance africaine et internationale. Il a pr\u00e9sid\u00e9 la Banque arabe pour le d\u00e9veloppement \u00e9conomique en Afrique (BADEA) pendant dix ans \u00e0 partir de 2015, o\u00f9 il a men\u00e9 une transformation compl\u00e8te qui a quadrupl\u00e9 le bilan de la banque, lui a valu une notation AAA et l\u2019a positionn\u00e9e parmi les banques de d\u00e9veloppement les mieux not\u00e9es en Afrique.<\/p>\n<p>Ancien ministre de l\u2019\u00c9conomie et des Finances de la Mauritanie, M. Tah a occup\u00e9 des postes de haut niveau dans des institutions multilat\u00e9rales et a dirig\u00e9 des op\u00e9rations de r\u00e9ponse \u00e0 des crises, de r\u00e9forme financi\u00e8re et de mobilisation innovante de ressources pour l\u2019Afrique, notamment la mise en place du programme de capital appelable d\u2019un milliard de dollars de la BADEA pour les BMD africaines.<\/p>\n<p>Le comit\u00e9 directeur du Conseil des gouverneurs a re\u00e7u et approuv\u00e9 un total de cinq candidats avant la date de cl\u00f4ture du 31 janvier 2025. La liste des candidats a \u00e9t\u00e9 officiellement annonc\u00e9e le 21 f\u00e9vrier 2025.<\/p>\n<p>Les autres candidats \u00e0 l\u2019\u00e9lection \u00e9taient :<\/p>\n<ul>\n<li>Amadou Hott (S\u00e9n\u00e9gal)<\/li>\n<li>Samuel Maimbo (Zambie)<\/li>\n<li>Mahamat Abbas Tolli (Tchad)<\/li>\n<li>Bajabulile Swazi Tshabalala (Afrique du Sud)<\/li>\n<\/ul>\n<p>M. Tah prendra ses fonctions le 1er septembre 2025, pour un mandat de cinq ans, au terme du deuxi\u00e8me mandat du pr\u00e9sident actuel, M. Akinwumi Adesina.<\/p>\n<p>Les anciens dirigeants de la Banque africaine de d\u00e9veloppement depuis sa cr\u00e9ation en 1964 sont :<\/p>\n<ul>\n<li>Mamoun Beheiry (Soudan), 1964-1970<\/li>\n<li>Abdelwahab Labidi (Tunisie), 1970-1976<\/li>\n<li>Kwame Donkor Fordwor (Ghana), 1976-1980<\/li>\n<li>Willa Mung&#8217;Omba (Zambie), 1980-1985<\/li>\n<li>Babacar N\u2019diaye (S\u00e9n\u00e9gal), 1985-1995<\/li>\n<li>Omar Kabbaj (Maroc), 1995-2005<\/li>\n<li>Donald Kaberuka (Rwanda), 2005-2015<\/li>\n<li>Akinwumi Adesina (Nig\u00e9ria), 2015-2025.<\/li>\n<\/ul>\n<p>L\u2019<a href=\"https:\/\/www.afdb.org\/fr\/about-us\/organisational-structure\/the-president\/afdb-presidential-election\">\u00e9lection<\/a>\u00a0d\u2019un nouveau pr\u00e9sident intervient \u00e0 un moment crucial des six d\u00e9cennies d\u2019existence du Groupe de la Banque. L\u2019Afrique a su rester r\u00e9siliente malgr\u00e9 les chocs climatiques, les perturbations \u00e9conomiques et l\u2019\u00e9volution du paysage g\u00e9opolitique, mais elle doit acc\u00e9l\u00e9rer ses efforts, sous peine de prendre du retard dans la r\u00e9alisation de l\u2019Agenda 2063 de l\u2019Union africaine et des Objectifs de d\u00e9veloppement durable, r\u00e9sum\u00e9s dans les \u00ab\u00a0High 5\u00a0\u00bb du Groupe de la Banque.<\/p>\n<p>Les Assembl\u00e9es annuelles 2025 du Groupe de la Banque africaine de d\u00e9veloppement se d\u00e9roulent du 26 au 30 mai \u00e0 Abidjan, en C\u00f4te d\u2019Ivoire, sous le th\u00e8me \u00ab Tirer le meilleur parti du capital de l\u2019Afrique pour favoriser son d\u00e9veloppement \u00bb.<\/p>\n<p>Le Groupe de la Banque africaine de d\u00e9veloppement comprend trois entit\u00e9s\u202f: la Banque africaine de d\u00e9veloppement, le Fonds africain de d\u00e9veloppement et le Fonds sp\u00e9cial du Nig\u00e9ria. Ses pays actionnaires comprennent 54\u202fpays africains, encore appel\u00e9s pays membres r\u00e9gionaux, et 27\u202fpays non africains, \u00e9galement appel\u00e9s pays membres non r\u00e9gionaux.<\/p>\n<p>Source : BAD<\/p>\n<p><a href=\"https:\/\/www.afdb.org\/fr\/news-and-events\/press-releases\/sidi-ould-tah-elu-neuvieme-president-du-groupe-de-la-banque-africaine-de-developpement-84109\">https:\/\/www.afdb.org\/fr\/news-and-events\/press-releases\/sidi-ould-tah-elu&#8230;<\/a><\/p>\n<\/div>\n<\/div>\n<\/div>\n<div class=\"sharethis-buttons\"><\/div>\n","protected":false},"excerpt":{"rendered":"<p>BAD :\u00a0 Sidi Ould Tah, de la Mauritanie, a \u00e9t\u00e9 \u00e9lu aujourd\u2019hui pr\u00e9sident du Groupe de la Banque africaine de d\u00e9veloppement lors des Assembl\u00e9es annuelles de la Banque qui se tiennent \u00e0 Abidjan, en C\u00f4te d\u2019Ivoire. M. Tah a \u00e9t\u00e9 \u00e9lu par le Conseil des gouverneurs de la Banque, compos\u00e9 des ministres des Finances et&#8230;..<\/p>\n","protected":false},"author":5,"featured_media":28019,"comment_status":"open","ping_status":"open","sticky":false,"template":"","format":"standard","meta":{"footnotes":""},"categories":[23,49,57],"tags":[],"class_list":["post-28018","post","type-post","status-publish","format-standard","has-post-thumbnail","hentry","category-actualite","category-economie","category-couverture-specilale"],"yoast_head":"<!-- This site is optimized with the Yoast SEO plugin v27.5 - https:\/\/yoast.com\/product\/yoast-seo-wordpress\/ -->\n<title>Sidi Ould Tah \u00e9lu pr\u00e9sident de la BAD - Le Quotidien de Nouakchott<\/title>\n<meta name=\"robots\" content=\"index, follow, max-snippet:-1, max-image-preview:large, max-video-preview:-1\" \/>\n<link rel=\"canonical\" href=\"https:\/\/lequotidien.mr\/?p=28018&lang=fr\" \/>\n<meta property=\"og:locale\" content=\"ar_AR\" \/>\n<meta property=\"og:type\" content=\"article\" \/>\n<meta property=\"og:title\" content=\"Sidi Ould Tah \u00e9lu pr\u00e9sident de la BAD - Le Quotidien de Nouakchott\" \/>\n<meta property=\"og:description\" content=\"BAD :\u00a0 Sidi Ould Tah, de la Mauritanie, a \u00e9t\u00e9 \u00e9lu aujourd\u2019hui pr\u00e9sident du Groupe de la Banque africaine de d\u00e9veloppement lors des Assembl\u00e9es annuelles de la Banque qui se tiennent \u00e0 Abidjan, en C\u00f4te d\u2019Ivoire. M. Tah a \u00e9t\u00e9 \u00e9lu par le Conseil des gouverneurs de la Banque, compos\u00e9 des ministres des Finances et.....\" \/>\n<meta property=\"og:url\" content=\"https:\/\/lequotidien.mr\/?p=28018&amp;lang=fr\" \/>\n<meta property=\"og:site_name\" content=\"Le Quotidien de Nouakchott\" \/>\n<meta property=\"article:publisher\" content=\"https:\/\/web.facebook.com\/lequotidienmr\" \/>\n<meta property=\"article:published_time\" content=\"2025-05-29T16:39:51+00:00\" \/>\n<meta property=\"og:image\" content=\"https:\/\/lequotidien.mr\/wp-content\/uploads\/2025\/05\/Sidi-Ould-Tah-I-Cover-Story-Forbes-Afrique-\u00a9Avril-Mai-2025_Forbesafrique.com_-1024x683-1.jpg\" \/>\n\t<meta property=\"og:image:width\" content=\"1024\" \/>\n\t<meta property=\"og:image:height\" content=\"683\" \/>\n\t<meta property=\"og:image:type\" content=\"image\/jpeg\" \/>\n<meta name=\"author\" content=\"Gayi Diawara\" \/>\n<meta name=\"twitter:card\" content=\"summary_large_image\" \/>\n<meta name=\"twitter:creator\" content=\"@lequotidienmr\" \/>\n<meta name=\"twitter:site\" content=\"@lequotidienmr\" \/>\n<meta name=\"twitter:label1\" content=\"\u0643\u064f\u062a\u0628 \u0628\u0648\u0627\u0633\u0637\u0629\" \/>\n\t<meta name=\"twitter:data1\" content=\"Gayi Diawara\" \/>\n\t<meta name=\"twitter:label2\" content=\"\u0648\u0642\u062a \u0627\u0644\u0642\u0631\u0627\u0621\u0629 \u0627\u0644\u0645\u064f\u0642\u062f\u0651\u0631\" \/>\n\t<meta name=\"twitter:data2\" content=\"3 \u062f\u0642\u0627\u0626\u0642\" \/>\n<script type=\"application\/ld+json\" class=\"yoast-schema-graph\">{\"@context\":\"https:\\\/\\\/schema.org\",\"@graph\":[{\"@type\":\"Article\",\"@id\":\"https:\\\/\\\/lequotidien.mr\\\/?p=28018&lang=fr#article\",\"isPartOf\":{\"@id\":\"https:\\\/\\\/lequotidien.mr\\\/?p=28018&lang=fr\"},\"author\":{\"name\":\"Gayi Diawara\",\"@id\":\"https:\\\/\\\/lequotidien.mr\\\/#\\\/schema\\\/person\\\/1077c8abd5640a6514b909318d271dee\"},\"headline\":\"Sidi Ould Tah \u00e9lu pr\u00e9sident de la BAD\",\"datePublished\":\"2025-05-29T16:39:51+00:00\",\"mainEntityOfPage\":{\"@id\":\"https:\\\/\\\/lequotidien.mr\\\/?p=28018&lang=fr\"},\"wordCount\":645,\"commentCount\":0,\"publisher\":{\"@id\":\"https:\\\/\\\/lequotidien.mr\\\/#organization\"},\"image\":{\"@id\":\"https:\\\/\\\/lequotidien.mr\\\/?p=28018&lang=fr#primaryimage\"},\"thumbnailUrl\":\"https:\\\/\\\/lequotidien.mr\\\/wp-content\\\/uploads\\\/2025\\\/05\\\/Sidi-Ould-Tah-I-Cover-Story-Forbes-Afrique-\u00a9Avril-Mai-2025_Forbesafrique.com_-1024x683-1.jpg\",\"articleSection\":[\"ACTUALIT\u00c9\",\"Economie\",\"Couverture sp\u00e9cilale\"],\"inLanguage\":\"ar\",\"potentialAction\":[{\"@type\":\"CommentAction\",\"name\":\"Comment\",\"target\":[\"https:\\\/\\\/lequotidien.mr\\\/?p=28018&lang=fr#respond\"]}]},{\"@type\":\"WebPage\",\"@id\":\"https:\\\/\\\/lequotidien.mr\\\/?p=28018&lang=fr\",\"url\":\"https:\\\/\\\/lequotidien.mr\\\/?p=28018&lang=fr\",\"name\":\"Sidi Ould Tah \u00e9lu pr\u00e9sident de la BAD - Le Quotidien de Nouakchott\",\"isPartOf\":{\"@id\":\"https:\\\/\\\/lequotidien.mr\\\/#website\"},\"primaryImageOfPage\":{\"@id\":\"https:\\\/\\\/lequotidien.mr\\\/?p=28018&lang=fr#primaryimage\"},\"image\":{\"@id\":\"https:\\\/\\\/lequotidien.mr\\\/?p=28018&lang=fr#primaryimage\"},\"thumbnailUrl\":\"https:\\\/\\\/lequotidien.mr\\\/wp-content\\\/uploads\\\/2025\\\/05\\\/Sidi-Ould-Tah-I-Cover-Story-Forbes-Afrique-\u00a9Avril-Mai-2025_Forbesafrique.com_-1024x683-1.jpg\",\"datePublished\":\"2025-05-29T16:39:51+00:00\",\"breadcrumb\":{\"@id\":\"https:\\\/\\\/lequotidien.mr\\\/?p=28018&lang=fr#breadcrumb\"},\"inLanguage\":\"ar\",\"potentialAction\":[{\"@type\":\"ReadAction\",\"target\":[\"https:\\\/\\\/lequotidien.mr\\\/?p=28018&lang=fr\"]}]},{\"@type\":\"ImageObject\",\"inLanguage\":\"ar\",\"@id\":\"https:\\\/\\\/lequotidien.mr\\\/?p=28018&lang=fr#primaryimage\",\"url\":\"https:\\\/\\\/lequotidien.mr\\\/wp-content\\\/uploads\\\/2025\\\/05\\\/Sidi-Ould-Tah-I-Cover-Story-Forbes-Afrique-\u00a9Avril-Mai-2025_Forbesafrique.com_-1024x683-1.jpg\",\"contentUrl\":\"https:\\\/\\\/lequotidien.mr\\\/wp-content\\\/uploads\\\/2025\\\/05\\\/Sidi-Ould-Tah-I-Cover-Story-Forbes-Afrique-\u00a9Avril-Mai-2025_Forbesafrique.com_-1024x683-1.jpg\",\"width\":1024,\"height\":683},{\"@type\":\"BreadcrumbList\",\"@id\":\"https:\\\/\\\/lequotidien.mr\\\/?p=28018&lang=fr#breadcrumb\",\"itemListElement\":[{\"@type\":\"ListItem\",\"position\":1,\"name\":\"Home\",\"item\":\"https:\\\/\\\/lequotidien.mr\\\/\"},{\"@type\":\"ListItem\",\"position\":2,\"name\":\"Sidi Ould Tah \u00e9lu pr\u00e9sident de la BAD\"}]},{\"@type\":\"WebSite\",\"@id\":\"https:\\\/\\\/lequotidien.mr\\\/#website\",\"url\":\"https:\\\/\\\/lequotidien.mr\\\/\",\"name\":\"Le Quotidien de Nouakchott\",\"description\":\"\u0625\u062e\u0628\u0627\u0631\u064a\u0629 \u0645\u0633\u062a\u0642\u0644\u0629 \u0644\u0644\u0623\u0646\u0628\u0627\u0621 \u0627\u0644\u0639\u0627\u0645\u0629\",\"publisher\":{\"@id\":\"https:\\\/\\\/lequotidien.mr\\\/#organization\"},\"potentialAction\":[{\"@type\":\"SearchAction\",\"target\":{\"@type\":\"EntryPoint\",\"urlTemplate\":\"https:\\\/\\\/lequotidien.mr\\\/?s={search_term_string}\"},\"query-input\":{\"@type\":\"PropertyValueSpecification\",\"valueRequired\":true,\"valueName\":\"search_term_string\"}}],\"inLanguage\":\"ar\"},{\"@type\":\"Organization\",\"@id\":\"https:\\\/\\\/lequotidien.mr\\\/#organization\",\"name\":\"Le Quotidien de Nouakchott\",\"url\":\"https:\\\/\\\/lequotidien.mr\\\/\",\"logo\":{\"@type\":\"ImageObject\",\"inLanguage\":\"ar\",\"@id\":\"https:\\\/\\\/lequotidien.mr\\\/#\\\/schema\\\/logo\\\/image\\\/\",\"url\":\"https:\\\/\\\/lequotidien.mr\\\/wp-content\\\/uploads\\\/2022\\\/11\\\/logolequotidien.jpg\",\"contentUrl\":\"https:\\\/\\\/lequotidien.mr\\\/wp-content\\\/uploads\\\/2022\\\/11\\\/logolequotidien.jpg\",\"width\":290,\"height\":65,\"caption\":\"Le Quotidien de Nouakchott\"},\"image\":{\"@id\":\"https:\\\/\\\/lequotidien.mr\\\/#\\\/schema\\\/logo\\\/image\\\/\"},\"sameAs\":[\"https:\\\/\\\/web.facebook.com\\\/lequotidienmr\",\"https:\\\/\\\/x.com\\\/lequotidienmr\"]},{\"@type\":\"Person\",\"@id\":\"https:\\\/\\\/lequotidien.mr\\\/#\\\/schema\\\/person\\\/1077c8abd5640a6514b909318d271dee\",\"name\":\"Gayi Diawara\",\"image\":{\"@type\":\"ImageObject\",\"inLanguage\":\"ar\",\"@id\":\"https:\\\/\\\/secure.gravatar.com\\\/avatar\\\/63ea8db1e19a6d2d608b24c0f78b5f3a7d6e0bc11959fec273410af333e4d0ac?s=96&d=mm&r=g\",\"url\":\"https:\\\/\\\/secure.gravatar.com\\\/avatar\\\/63ea8db1e19a6d2d608b24c0f78b5f3a7d6e0bc11959fec273410af333e4d0ac?s=96&d=mm&r=g\",\"contentUrl\":\"https:\\\/\\\/secure.gravatar.com\\\/avatar\\\/63ea8db1e19a6d2d608b24c0f78b5f3a7d6e0bc11959fec273410af333e4d0ac?s=96&d=mm&r=g\",\"caption\":\"Gayi Diawara\"},\"sameAs\":[\"http:\\\/\\\/lequotidien.mr\"],\"url\":\"https:\\\/\\\/lequotidien.mr\\\/?author=5\"}]}<\/script>\n<!-- \/ Yoast SEO plugin. -->","yoast_head_json":{"title":"Sidi Ould Tah \u00e9lu pr\u00e9sident de la BAD - Le Quotidien de Nouakchott","robots":{"index":"index","follow":"follow","max-snippet":"max-snippet:-1","max-image-preview":"max-image-preview:large","max-video-preview":"max-video-preview:-1"},"canonical":"https:\/\/lequotidien.mr\/?p=28018&lang=fr","og_locale":"ar_AR","og_type":"article","og_title":"Sidi Ould Tah \u00e9lu pr\u00e9sident de la BAD - Le Quotidien de Nouakchott","og_description":"BAD :\u00a0 Sidi Ould Tah, de la Mauritanie, a \u00e9t\u00e9 \u00e9lu aujourd\u2019hui pr\u00e9sident du Groupe de la Banque africaine de d\u00e9veloppement lors des Assembl\u00e9es annuelles de la Banque qui se tiennent \u00e0 Abidjan, en C\u00f4te d\u2019Ivoire. M. Tah a \u00e9t\u00e9 \u00e9lu par le Conseil des gouverneurs de la Banque, compos\u00e9 des ministres des Finances et.....","og_url":"https:\/\/lequotidien.mr\/?p=28018&lang=fr","og_site_name":"Le Quotidien de Nouakchott","article_publisher":"https:\/\/web.facebook.com\/lequotidienmr","article_published_time":"2025-05-29T16:39:51+00:00","og_image":[{"width":1024,"height":683,"url":"https:\/\/lequotidien.mr\/wp-content\/uploads\/2025\/05\/Sidi-Ould-Tah-I-Cover-Story-Forbes-Afrique-\u00a9Avril-Mai-2025_Forbesafrique.com_-1024x683-1.jpg","type":"image\/jpeg"}],"author":"Gayi Diawara","twitter_card":"summary_large_image","twitter_creator":"@lequotidienmr","twitter_site":"@lequotidienmr","twitter_misc":{"\u0643\u064f\u062a\u0628 \u0628\u0648\u0627\u0633\u0637\u0629":"Gayi Diawara","\u0648\u0642\u062a \u0627\u0644\u0642\u0631\u0627\u0621\u0629 \u0627\u0644\u0645\u064f\u0642\u062f\u0651\u0631":"3 \u062f\u0642\u0627\u0626\u0642"},"schema":{"@context":"https:\/\/schema.org","@graph":[{"@type":"Article","@id":"https:\/\/lequotidien.mr\/?p=28018&lang=fr#article","isPartOf":{"@id":"https:\/\/lequotidien.mr\/?p=28018&lang=fr"},"author":{"name":"Gayi Diawara","@id":"https:\/\/lequotidien.mr\/#\/schema\/person\/1077c8abd5640a6514b909318d271dee"},"headline":"Sidi Ould Tah \u00e9lu pr\u00e9sident de la BAD","datePublished":"2025-05-29T16:39:51+00:00","mainEntityOfPage":{"@id":"https:\/\/lequotidien.mr\/?p=28018&lang=fr"},"wordCount":645,"commentCount":0,"publisher":{"@id":"https:\/\/lequotidien.mr\/#organization"},"image":{"@id":"https:\/\/lequotidien.mr\/?p=28018&lang=fr#primaryimage"},"thumbnailUrl":"https:\/\/lequotidien.mr\/wp-content\/uploads\/2025\/05\/Sidi-Ould-Tah-I-Cover-Story-Forbes-Afrique-\u00a9Avril-Mai-2025_Forbesafrique.com_-1024x683-1.jpg","articleSection":["ACTUALIT\u00c9","Economie","Couverture sp\u00e9cilale"],"inLanguage":"ar","potentialAction":[{"@type":"CommentAction","name":"Comment","target":["https:\/\/lequotidien.mr\/?p=28018&lang=fr#respond"]}]},{"@type":"WebPage","@id":"https:\/\/lequotidien.mr\/?p=28018&lang=fr","url":"https:\/\/lequotidien.mr\/?p=28018&lang=fr","name":"Sidi Ould Tah \u00e9lu pr\u00e9sident de la BAD - Le Quotidien de Nouakchott","isPartOf":{"@id":"https:\/\/lequotidien.mr\/#website"},"primaryImageOfPage":{"@id":"https:\/\/lequotidien.mr\/?p=28018&lang=fr#primaryimage"},"image":{"@id":"https:\/\/lequotidien.mr\/?p=28018&lang=fr#primaryimage"},"thumbnailUrl":"https:\/\/lequotidien.mr\/wp-content\/uploads\/2025\/05\/Sidi-Ould-Tah-I-Cover-Story-Forbes-Afrique-\u00a9Avril-Mai-2025_Forbesafrique.com_-1024x683-1.jpg","datePublished":"2025-05-29T16:39:51+00:00","breadcrumb":{"@id":"https:\/\/lequotidien.mr\/?p=28018&lang=fr#breadcrumb"},"inLanguage":"ar","potentialAction":[{"@type":"ReadAction","target":["https:\/\/lequotidien.mr\/?p=28018&lang=fr"]}]},{"@type":"ImageObject","inLanguage":"ar","@id":"https:\/\/lequotidien.mr\/?p=28018&lang=fr#primaryimage","url":"https:\/\/lequotidien.mr\/wp-content\/uploads\/2025\/05\/Sidi-Ould-Tah-I-Cover-Story-Forbes-Afrique-\u00a9Avril-Mai-2025_Forbesafrique.com_-1024x683-1.jpg","contentUrl":"https:\/\/lequotidien.mr\/wp-content\/uploads\/2025\/05\/Sidi-Ould-Tah-I-Cover-Story-Forbes-Afrique-\u00a9Avril-Mai-2025_Forbesafrique.com_-1024x683-1.jpg","width":1024,"height":683},{"@type":"BreadcrumbList","@id":"https:\/\/lequotidien.mr\/?p=28018&lang=fr#breadcrumb","itemListElement":[{"@type":"ListItem","position":1,"name":"Home","item":"https:\/\/lequotidien.mr\/"},{"@type":"ListItem","position":2,"name":"Sidi Ould Tah \u00e9lu pr\u00e9sident de la BAD"}]},{"@type":"WebSite","@id":"https:\/\/lequotidien.mr\/#website","url":"https:\/\/lequotidien.mr\/","name":"Le Quotidien de Nouakchott","description":"\u0625\u062e\u0628\u0627\u0631\u064a\u0629 \u0645\u0633\u062a\u0642\u0644\u0629 \u0644\u0644\u0623\u0646\u0628\u0627\u0621 \u0627\u0644\u0639\u0627\u0645\u0629","publisher":{"@id":"https:\/\/lequotidien.mr\/#organization"},"potentialAction":[{"@type":"SearchAction","target":{"@type":"EntryPoint","urlTemplate":"https:\/\/lequotidien.mr\/?s={search_term_string}"},"query-input":{"@type":"PropertyValueSpecification","valueRequired":true,"valueName":"search_term_string"}}],"inLanguage":"ar"},{"@type":"Organization","@id":"https:\/\/lequotidien.mr\/#organization","name":"Le Quotidien de Nouakchott","url":"https:\/\/lequotidien.mr\/","logo":{"@type":"ImageObject","inLanguage":"ar","@id":"https:\/\/lequotidien.mr\/#\/schema\/logo\/image\/","url":"https:\/\/lequotidien.mr\/wp-content\/uploads\/2022\/11\/logolequotidien.jpg","contentUrl":"https:\/\/lequotidien.mr\/wp-content\/uploads\/2022\/11\/logolequotidien.jpg","width":290,"height":65,"caption":"Le Quotidien de Nouakchott"},"image":{"@id":"https:\/\/lequotidien.mr\/#\/schema\/logo\/image\/"},"sameAs":["https:\/\/web.facebook.com\/lequotidienmr","https:\/\/x.com\/lequotidienmr"]},{"@type":"Person","@id":"https:\/\/lequotidien.mr\/#\/schema\/person\/1077c8abd5640a6514b909318d271dee","name":"Gayi Diawara","image":{"@type":"ImageObject","inLanguage":"ar","@id":"https:\/\/secure.gravatar.com\/avatar\/63ea8db1e19a6d2d608b24c0f78b5f3a7d6e0bc11959fec273410af333e4d0ac?s=96&d=mm&r=g","url":"https:\/\/secure.gravatar.com\/avatar\/63ea8db1e19a6d2d608b24c0f78b5f3a7d6e0bc11959fec273410af333e4d0ac?s=96&d=mm&r=g","contentUrl":"https:\/\/secure.gravatar.com\/avatar\/63ea8db1e19a6d2d608b24c0f78b5f3a7d6e0bc11959fec273410af333e4d0ac?s=96&d=mm&r=g","caption":"Gayi Diawara"},"sameAs":["http:\/\/lequotidien.mr"],"url":"https:\/\/lequotidien.mr\/?author=5"}]}},"_links":{"self":[{"href":"https:\/\/lequotidien.mr\/index.php?rest_route=\/wp\/v2\/posts\/28018","targetHints":{"allow":["GET"]}}],"collection":[{"href":"https:\/\/lequotidien.mr\/index.php?rest_route=\/wp\/v2\/posts"}],"about":[{"href":"https:\/\/lequotidien.mr\/index.php?rest_route=\/wp\/v2\/types\/post"}],"author":[{"embeddable":true,"href":"https:\/\/lequotidien.mr\/index.php?rest_route=\/wp\/v2\/users\/5"}],"replies":[{"embeddable":true,"href":"https:\/\/lequotidien.mr\/index.php?rest_route=%2Fwp%2Fv2%2Fcomments&post=28018"}],"version-history":[{"count":1,"href":"https:\/\/lequotidien.mr\/index.php?rest_route=\/wp\/v2\/posts\/28018\/revisions"}],"predecessor-version":[{"id":28020,"href":"https:\/\/lequotidien.mr\/index.php?rest_route=\/wp\/v2\/posts\/28018\/revisions\/28020"}],"wp:featuredmedia":[{"embeddable":true,"href":"https:\/\/lequotidien.mr\/index.php?rest_route=\/wp\/v2\/media\/28019"}],"wp:attachment":[{"href":"https:\/\/lequotidien.mr\/index.php?rest_route=%2Fwp%2Fv2%2Fmedia&parent=28018"}],"wp:term":[{"taxonomy":"category","embeddable":true,"href":"https:\/\/lequotidien.mr\/index.php?rest_route=%2Fwp%2Fv2%2Fcategories&post=28018"},{"taxonomy":"post_tag","embeddable":true,"href":"https:\/\/lequotidien.mr\/index.php?rest_route=%2Fwp%2Fv2%2Ftags&post=28018"}],"curies":[{"name":"wp","href":"https:\/\/api.w.org\/{rel}","templated":true}]}}