{"id":27988,"date":"2025-05-28T23:14:18","date_gmt":"2025-05-28T23:14:18","guid":{"rendered":"https:\/\/lequotidien.mr\/?p=27988"},"modified":"2025-05-28T23:14:18","modified_gmt":"2025-05-28T23:14:18","slug":"la-mauritanie-et-la-bad-renforcent-leur-partenariat-avec-trois-accords-majeurs-pour-un-developpement-durable","status":"publish","type":"post","link":"https:\/\/lequotidien.mr\/?p=27988&lang=fr","title":{"rendered":"La Mauritanie et la BAD renforcent leur partenariat avec trois accords majeurs pour un d\u00e9veloppement durable"},"content":{"rendered":"<p>En marge des Assembl\u00e9es Annuelles 2025 du Groupe de la Banque Africaine de D\u00e9veloppement (BAD), le ministre mauritanien de l\u2019\u00c9conomie et des Finances, M. Sid\u2019Ahmed Bouh, et M. Mohamed Azizi, Directeur g\u00e9n\u00e9ral r\u00e9gional pour l\u2019Afrique du Nord de la BAD, ont scell\u00e9 un partenariat renforc\u00e9 par la signature de trois accords de financement cruciaux. D\u2019une valeur globale d\u2019environ 30 millions de dollars US, ces accords visent \u00e0 soutenir les efforts de d\u00e9veloppement durable de la Mauritanie dans des secteurs vitaux.<\/p>\n<p>Cette signature, intervenue mercredi \u00e0 Abidjan, souligne l&#8217;engagement continu de la BAD aux c\u00f4t\u00e9s de la Mauritanie et marque une \u00e9tape importante dans la concr\u00e9tisation des priorit\u00e9s nationales de d\u00e9veloppement.<\/p>\n<p>Les trois accords sign\u00e9s se d\u00e9clinent comme suit :<\/p>\n<p><strong>1-Projet d\u2019Appui aux Cha\u00eenes de Valeur Agricoles Sensibles au Genre et \u00e0 l\u2019Entreprenariat F\u00e9minin (PCVASGEF) &#8211; Financement Additionnel :<\/strong><\/p>\n<p>Un don de\u00a0<strong>6,87 millions de dollars US<\/strong>\u00a0provenant de la\u00a0<strong>Fen\u00eatre d\u2019action climatique<\/strong>\u00a0de la BAD.<\/p>\n<p>Objectif : Renforcer les capacit\u00e9s productives et entrepreneuriales des femmes dans le secteur agricole, en int\u00e9grant la dimension genre et la r\u00e9silience climatique.<\/p>\n<p><strong>2-Renforcement de la R\u00e9silience Rurale par la Gestion et le D\u00e9veloppement des Ressources en Eau (Projet 3R-Eau) :<\/strong><\/p>\n<p>Un accord de pr\u00eat de\u00a0<strong>13,26 millions de dollars US<\/strong>, financ\u00e9 par le\u00a0<strong>M\u00e9canisme d\u2019appui \u00e0 la transformation (Fonds de pr\u00e9vention)<\/strong>\u00a0de la BAD.<\/p>\n<p>Objectif : Am\u00e9liorer significativement l&#8217;acc\u00e8s \u00e0 l&#8217;eau pour les usages domestiques et productifs des communaut\u00e9s rurales, tout en soutenant la durabilit\u00e9 des \u00e9cosyst\u00e8mes aquatiques. Ce projet est central pour la s\u00e9curit\u00e9 hydrique et la r\u00e9silience face aux changements climatiques.<\/p>\n<p><strong>3-Soutien \u00e0 la mise en \u0153uvre des Conventions de Stockholm et de Minamata :<\/strong><\/p>\n<p>Un accord de subvention de\u00a0<strong>1,9 million de dollars US<\/strong>\u00a0octroy\u00e9 par le\u00a0<strong>Fonds pour l\u2019Environnement Mondial (FEM)<\/strong>.<\/p>\n<p>Objectif : Accro\u00eetre les investissements et le transfert de technologies, et renforcer les capacit\u00e9s institutionnelles et l&#8217;assistance technique pour permettre \u00e0 la Mauritanie et aux autres pays africains les moins avanc\u00e9s de mettre en \u0153uvre efficacement les conventions internationales sur l&#8217;\u00e9limination des polluants organiques persistants (Convention de Stockholm) et sur la r\u00e9duction des \u00e9missions de mercure (Convention de Minamata).<\/p>\n<p><strong>Un engagement fort en faveur des priorit\u00e9s mauritaniennes<\/strong><\/p>\n<p>L&#8217;ensemble de ces financements, repr\u00e9sentant un total de\u00a0<strong>20,13 millions de dollars US<\/strong>\u00a0en pr\u00eats\/dons de la BAD compl\u00e9t\u00e9s par la subvention\u00a0<strong>FEM de 1,9 million de dollars US<\/strong>, illustre la strat\u00e9gie concert\u00e9e de la Banque pour soutenir les axes prioritaires de la Mauritanie.<\/p>\n<p>&#8220;La signature de ces trois accords aujourd&#8217;hui t\u00e9moigne de la solidit\u00e9 du partenariat entre la Mauritanie et la Banque Africaine de D\u00e9veloppement&#8221;, a d\u00e9clar\u00e9 M. Sid\u2019Ahmed Bouh. &#8220;Ces financements strat\u00e9giques nous permettront d&#8217;acc\u00e9l\u00e9rer nos efforts dans des domaines cl\u00e9s pour notre d\u00e9veloppement durable et la r\u00e9silience de notre population, notamment l&#8217;agriculture inclusive, la s\u00e9curit\u00e9 de l&#8217;eau et la protection de notre environnement.&#8221;<\/p>\n<p>M. Mohamed Azizi a quant \u00e0 lui r\u00e9affirm\u00e9 &#8220;l&#8217;engagement ferme de la BAD \u00e0 accompagner les priorit\u00e9s de d\u00e9veloppement de la Mauritanie&#8221;. Il a soulign\u00e9 que &#8220;ces projets s&#8217;inscrivent parfaitement dans les strat\u00e9gies de la Banque pour promouvoir une croissance inclusive et verte, renforcer la r\u00e9silience climatique et am\u00e9liorer les conditions de vie des populations, en particulier dans les zones rurales et en soutenant l&#8217;autonomisation des femmes&#8221;.<\/p>\n<p>Ces accords marquent une avanc\u00e9e significative pour la Mauritanie dans la r\u00e9alisation de ses objectifs de d\u00e9veloppement durable, avec le soutien ind\u00e9fectible d&#8217;un partenaire financier cl\u00e9, la Banque Africaine de D\u00e9veloppement.<\/p>\n<p>&nbsp;<\/p>\n","protected":false},"excerpt":{"rendered":"<p>En marge des Assembl\u00e9es Annuelles 2025 du Groupe de la Banque Africaine de D\u00e9veloppement (BAD), le ministre mauritanien de l\u2019\u00c9conomie et des Finances, M. Sid\u2019Ahmed Bouh, et M. Mohamed Azizi, Directeur g\u00e9n\u00e9ral r\u00e9gional pour l\u2019Afrique du Nord de la BAD, ont scell\u00e9 un partenariat renforc\u00e9 par la signature de trois accords de financement cruciaux. D\u2019une&#8230;..<\/p>\n","protected":false},"author":12,"featured_media":27989,"comment_status":"open","ping_status":"open","sticky":false,"template":"","format":"standard","meta":{"footnotes":""},"categories":[23,49],"tags":[],"class_list":["post-27988","post","type-post","status-publish","format-standard","has-post-thumbnail","hentry","category-actualite","category-economie"],"yoast_head":"<!-- This site is optimized with the Yoast SEO plugin v27.5 - https:\/\/yoast.com\/product\/yoast-seo-wordpress\/ -->\n<title>La Mauritanie et la BAD renforcent leur partenariat avec trois accords majeurs pour un d\u00e9veloppement durable - Le Quotidien de Nouakchott<\/title>\n<meta name=\"robots\" content=\"index, follow, max-snippet:-1, max-image-preview:large, max-video-preview:-1\" \/>\n<link rel=\"canonical\" href=\"https:\/\/lequotidien.mr\/?p=27988&lang=fr\" \/>\n<meta property=\"og:locale\" content=\"ar_AR\" \/>\n<meta property=\"og:type\" content=\"article\" \/>\n<meta property=\"og:title\" content=\"La Mauritanie et la BAD renforcent leur partenariat avec trois accords majeurs pour un d\u00e9veloppement durable - Le Quotidien de Nouakchott\" \/>\n<meta property=\"og:description\" content=\"En marge des Assembl\u00e9es Annuelles 2025 du Groupe de la Banque Africaine de D\u00e9veloppement (BAD), le ministre mauritanien de l\u2019\u00c9conomie et des Finances, M. Sid\u2019Ahmed Bouh, et M. Mohamed Azizi, Directeur g\u00e9n\u00e9ral r\u00e9gional pour l\u2019Afrique du Nord de la BAD, ont scell\u00e9 un partenariat renforc\u00e9 par la signature de trois accords de financement cruciaux. D\u2019une.....\" \/>\n<meta property=\"og:url\" content=\"https:\/\/lequotidien.mr\/?p=27988&amp;lang=fr\" \/>\n<meta property=\"og:site_name\" content=\"Le Quotidien de Nouakchott\" \/>\n<meta property=\"article:publisher\" content=\"https:\/\/web.facebook.com\/lequotidienmr\" \/>\n<meta property=\"article:published_time\" content=\"2025-05-28T23:14:18+00:00\" \/>\n<meta property=\"og:image\" content=\"https:\/\/lequotidien.mr\/wp-content\/uploads\/2025\/05\/photo-BAD.jpg\" \/>\n\t<meta property=\"og:image:width\" content=\"750\" \/>\n\t<meta property=\"og:image:height\" content=\"430\" \/>\n\t<meta property=\"og:image:type\" content=\"image\/jpeg\" \/>\n<meta name=\"author\" content=\"Med Ahmed\" \/>\n<meta name=\"twitter:card\" content=\"summary_large_image\" \/>\n<meta name=\"twitter:creator\" content=\"@lequotidienmr\" \/>\n<meta name=\"twitter:site\" content=\"@lequotidienmr\" \/>\n<meta name=\"twitter:label1\" content=\"\u0643\u064f\u062a\u0628 \u0628\u0648\u0627\u0633\u0637\u0629\" \/>\n\t<meta name=\"twitter:data1\" content=\"Med Ahmed\" \/>\n\t<meta name=\"twitter:label2\" content=\"\u0648\u0642\u062a \u0627\u0644\u0642\u0631\u0627\u0621\u0629 \u0627\u0644\u0645\u064f\u0642\u062f\u0651\u0631\" \/>\n\t<meta name=\"twitter:data2\" content=\"3 \u062f\u0642\u0627\u0626\u0642\" \/>\n<script type=\"application\/ld+json\" class=\"yoast-schema-graph\">{\"@context\":\"https:\\\/\\\/schema.org\",\"@graph\":[{\"@type\":\"Article\",\"@id\":\"https:\\\/\\\/lequotidien.mr\\\/?p=27988&lang=fr#article\",\"isPartOf\":{\"@id\":\"https:\\\/\\\/lequotidien.mr\\\/?p=27988&lang=fr\"},\"author\":{\"name\":\"Med Ahmed\",\"@id\":\"https:\\\/\\\/lequotidien.mr\\\/#\\\/schema\\\/person\\\/d2d350202a4d599685ed8abc25f97596\"},\"headline\":\"La Mauritanie et la BAD renforcent leur partenariat avec trois accords majeurs pour un d\u00e9veloppement durable\",\"datePublished\":\"2025-05-28T23:14:18+00:00\",\"mainEntityOfPage\":{\"@id\":\"https:\\\/\\\/lequotidien.mr\\\/?p=27988&lang=fr\"},\"wordCount\":645,\"commentCount\":0,\"publisher\":{\"@id\":\"https:\\\/\\\/lequotidien.mr\\\/#organization\"},\"image\":{\"@id\":\"https:\\\/\\\/lequotidien.mr\\\/?p=27988&lang=fr#primaryimage\"},\"thumbnailUrl\":\"https:\\\/\\\/lequotidien.mr\\\/wp-content\\\/uploads\\\/2025\\\/05\\\/photo-BAD.jpg\",\"articleSection\":[\"ACTUALIT\u00c9\",\"Economie\"],\"inLanguage\":\"ar\",\"potentialAction\":[{\"@type\":\"CommentAction\",\"name\":\"Comment\",\"target\":[\"https:\\\/\\\/lequotidien.mr\\\/?p=27988&lang=fr#respond\"]}]},{\"@type\":\"WebPage\",\"@id\":\"https:\\\/\\\/lequotidien.mr\\\/?p=27988&lang=fr\",\"url\":\"https:\\\/\\\/lequotidien.mr\\\/?p=27988&lang=fr\",\"name\":\"La Mauritanie et la BAD renforcent leur partenariat avec trois accords majeurs pour un d\u00e9veloppement durable - Le Quotidien de Nouakchott\",\"isPartOf\":{\"@id\":\"https:\\\/\\\/lequotidien.mr\\\/#website\"},\"primaryImageOfPage\":{\"@id\":\"https:\\\/\\\/lequotidien.mr\\\/?p=27988&lang=fr#primaryimage\"},\"image\":{\"@id\":\"https:\\\/\\\/lequotidien.mr\\\/?p=27988&lang=fr#primaryimage\"},\"thumbnailUrl\":\"https:\\\/\\\/lequotidien.mr\\\/wp-content\\\/uploads\\\/2025\\\/05\\\/photo-BAD.jpg\",\"datePublished\":\"2025-05-28T23:14:18+00:00\",\"breadcrumb\":{\"@id\":\"https:\\\/\\\/lequotidien.mr\\\/?p=27988&lang=fr#breadcrumb\"},\"inLanguage\":\"ar\",\"potentialAction\":[{\"@type\":\"ReadAction\",\"target\":[\"https:\\\/\\\/lequotidien.mr\\\/?p=27988&lang=fr\"]}]},{\"@type\":\"ImageObject\",\"inLanguage\":\"ar\",\"@id\":\"https:\\\/\\\/lequotidien.mr\\\/?p=27988&lang=fr#primaryimage\",\"url\":\"https:\\\/\\\/lequotidien.mr\\\/wp-content\\\/uploads\\\/2025\\\/05\\\/photo-BAD.jpg\",\"contentUrl\":\"https:\\\/\\\/lequotidien.mr\\\/wp-content\\\/uploads\\\/2025\\\/05\\\/photo-BAD.jpg\",\"width\":750,\"height\":430},{\"@type\":\"BreadcrumbList\",\"@id\":\"https:\\\/\\\/lequotidien.mr\\\/?p=27988&lang=fr#breadcrumb\",\"itemListElement\":[{\"@type\":\"ListItem\",\"position\":1,\"name\":\"Home\",\"item\":\"https:\\\/\\\/lequotidien.mr\\\/\"},{\"@type\":\"ListItem\",\"position\":2,\"name\":\"La Mauritanie et la BAD renforcent leur partenariat avec trois accords majeurs pour un d\u00e9veloppement durable\"}]},{\"@type\":\"WebSite\",\"@id\":\"https:\\\/\\\/lequotidien.mr\\\/#website\",\"url\":\"https:\\\/\\\/lequotidien.mr\\\/\",\"name\":\"Le Quotidien de Nouakchott\",\"description\":\"\u0625\u062e\u0628\u0627\u0631\u064a\u0629 \u0645\u0633\u062a\u0642\u0644\u0629 \u0644\u0644\u0623\u0646\u0628\u0627\u0621 \u0627\u0644\u0639\u0627\u0645\u0629\",\"publisher\":{\"@id\":\"https:\\\/\\\/lequotidien.mr\\\/#organization\"},\"potentialAction\":[{\"@type\":\"SearchAction\",\"target\":{\"@type\":\"EntryPoint\",\"urlTemplate\":\"https:\\\/\\\/lequotidien.mr\\\/?s={search_term_string}\"},\"query-input\":{\"@type\":\"PropertyValueSpecification\",\"valueRequired\":true,\"valueName\":\"search_term_string\"}}],\"inLanguage\":\"ar\"},{\"@type\":\"Organization\",\"@id\":\"https:\\\/\\\/lequotidien.mr\\\/#organization\",\"name\":\"Le Quotidien de Nouakchott\",\"url\":\"https:\\\/\\\/lequotidien.mr\\\/\",\"logo\":{\"@type\":\"ImageObject\",\"inLanguage\":\"ar\",\"@id\":\"https:\\\/\\\/lequotidien.mr\\\/#\\\/schema\\\/logo\\\/image\\\/\",\"url\":\"https:\\\/\\\/lequotidien.mr\\\/wp-content\\\/uploads\\\/2022\\\/11\\\/logolequotidien.jpg\",\"contentUrl\":\"https:\\\/\\\/lequotidien.mr\\\/wp-content\\\/uploads\\\/2022\\\/11\\\/logolequotidien.jpg\",\"width\":290,\"height\":65,\"caption\":\"Le Quotidien de Nouakchott\"},\"image\":{\"@id\":\"https:\\\/\\\/lequotidien.mr\\\/#\\\/schema\\\/logo\\\/image\\\/\"},\"sameAs\":[\"https:\\\/\\\/web.facebook.com\\\/lequotidienmr\",\"https:\\\/\\\/x.com\\\/lequotidienmr\"]},{\"@type\":\"Person\",\"@id\":\"https:\\\/\\\/lequotidien.mr\\\/#\\\/schema\\\/person\\\/d2d350202a4d599685ed8abc25f97596\",\"name\":\"Med Ahmed\",\"image\":{\"@type\":\"ImageObject\",\"inLanguage\":\"ar\",\"@id\":\"https:\\\/\\\/secure.gravatar.com\\\/avatar\\\/fd2acc62ed50732923d1d39c17172c9b04149f142be92310ecc69e1358f94b52?s=96&d=mm&r=g\",\"url\":\"https:\\\/\\\/secure.gravatar.com\\\/avatar\\\/fd2acc62ed50732923d1d39c17172c9b04149f142be92310ecc69e1358f94b52?s=96&d=mm&r=g\",\"contentUrl\":\"https:\\\/\\\/secure.gravatar.com\\\/avatar\\\/fd2acc62ed50732923d1d39c17172c9b04149f142be92310ecc69e1358f94b52?s=96&d=mm&r=g\",\"caption\":\"Med Ahmed\"},\"url\":\"https:\\\/\\\/lequotidien.mr\\\/?author=12\"}]}<\/script>\n<!-- \/ Yoast SEO plugin. -->","yoast_head_json":{"title":"La Mauritanie et la BAD renforcent leur partenariat avec trois accords majeurs pour un d\u00e9veloppement durable - Le Quotidien de Nouakchott","robots":{"index":"index","follow":"follow","max-snippet":"max-snippet:-1","max-image-preview":"max-image-preview:large","max-video-preview":"max-video-preview:-1"},"canonical":"https:\/\/lequotidien.mr\/?p=27988&lang=fr","og_locale":"ar_AR","og_type":"article","og_title":"La Mauritanie et la BAD renforcent leur partenariat avec trois accords majeurs pour un d\u00e9veloppement durable - Le Quotidien de Nouakchott","og_description":"En marge des Assembl\u00e9es Annuelles 2025 du Groupe de la Banque Africaine de D\u00e9veloppement (BAD), le ministre mauritanien de l\u2019\u00c9conomie et des Finances, M. Sid\u2019Ahmed Bouh, et M. Mohamed Azizi, Directeur g\u00e9n\u00e9ral r\u00e9gional pour l\u2019Afrique du Nord de la BAD, ont scell\u00e9 un partenariat renforc\u00e9 par la signature de trois accords de financement cruciaux. D\u2019une.....","og_url":"https:\/\/lequotidien.mr\/?p=27988&lang=fr","og_site_name":"Le Quotidien de Nouakchott","article_publisher":"https:\/\/web.facebook.com\/lequotidienmr","article_published_time":"2025-05-28T23:14:18+00:00","og_image":[{"width":750,"height":430,"url":"https:\/\/lequotidien.mr\/wp-content\/uploads\/2025\/05\/photo-BAD.jpg","type":"image\/jpeg"}],"author":"Med Ahmed","twitter_card":"summary_large_image","twitter_creator":"@lequotidienmr","twitter_site":"@lequotidienmr","twitter_misc":{"\u0643\u064f\u062a\u0628 \u0628\u0648\u0627\u0633\u0637\u0629":"Med Ahmed","\u0648\u0642\u062a \u0627\u0644\u0642\u0631\u0627\u0621\u0629 \u0627\u0644\u0645\u064f\u0642\u062f\u0651\u0631":"3 \u062f\u0642\u0627\u0626\u0642"},"schema":{"@context":"https:\/\/schema.org","@graph":[{"@type":"Article","@id":"https:\/\/lequotidien.mr\/?p=27988&lang=fr#article","isPartOf":{"@id":"https:\/\/lequotidien.mr\/?p=27988&lang=fr"},"author":{"name":"Med Ahmed","@id":"https:\/\/lequotidien.mr\/#\/schema\/person\/d2d350202a4d599685ed8abc25f97596"},"headline":"La Mauritanie et la BAD renforcent leur partenariat avec trois accords majeurs pour un d\u00e9veloppement durable","datePublished":"2025-05-28T23:14:18+00:00","mainEntityOfPage":{"@id":"https:\/\/lequotidien.mr\/?p=27988&lang=fr"},"wordCount":645,"commentCount":0,"publisher":{"@id":"https:\/\/lequotidien.mr\/#organization"},"image":{"@id":"https:\/\/lequotidien.mr\/?p=27988&lang=fr#primaryimage"},"thumbnailUrl":"https:\/\/lequotidien.mr\/wp-content\/uploads\/2025\/05\/photo-BAD.jpg","articleSection":["ACTUALIT\u00c9","Economie"],"inLanguage":"ar","potentialAction":[{"@type":"CommentAction","name":"Comment","target":["https:\/\/lequotidien.mr\/?p=27988&lang=fr#respond"]}]},{"@type":"WebPage","@id":"https:\/\/lequotidien.mr\/?p=27988&lang=fr","url":"https:\/\/lequotidien.mr\/?p=27988&lang=fr","name":"La Mauritanie et la BAD renforcent leur partenariat avec trois accords majeurs pour un d\u00e9veloppement durable - Le Quotidien de Nouakchott","isPartOf":{"@id":"https:\/\/lequotidien.mr\/#website"},"primaryImageOfPage":{"@id":"https:\/\/lequotidien.mr\/?p=27988&lang=fr#primaryimage"},"image":{"@id":"https:\/\/lequotidien.mr\/?p=27988&lang=fr#primaryimage"},"thumbnailUrl":"https:\/\/lequotidien.mr\/wp-content\/uploads\/2025\/05\/photo-BAD.jpg","datePublished":"2025-05-28T23:14:18+00:00","breadcrumb":{"@id":"https:\/\/lequotidien.mr\/?p=27988&lang=fr#breadcrumb"},"inLanguage":"ar","potentialAction":[{"@type":"ReadAction","target":["https:\/\/lequotidien.mr\/?p=27988&lang=fr"]}]},{"@type":"ImageObject","inLanguage":"ar","@id":"https:\/\/lequotidien.mr\/?p=27988&lang=fr#primaryimage","url":"https:\/\/lequotidien.mr\/wp-content\/uploads\/2025\/05\/photo-BAD.jpg","contentUrl":"https:\/\/lequotidien.mr\/wp-content\/uploads\/2025\/05\/photo-BAD.jpg","width":750,"height":430},{"@type":"BreadcrumbList","@id":"https:\/\/lequotidien.mr\/?p=27988&lang=fr#breadcrumb","itemListElement":[{"@type":"ListItem","position":1,"name":"Home","item":"https:\/\/lequotidien.mr\/"},{"@type":"ListItem","position":2,"name":"La Mauritanie et la BAD renforcent leur partenariat avec trois accords majeurs pour un d\u00e9veloppement durable"}]},{"@type":"WebSite","@id":"https:\/\/lequotidien.mr\/#website","url":"https:\/\/lequotidien.mr\/","name":"Le Quotidien de Nouakchott","description":"\u0625\u062e\u0628\u0627\u0631\u064a\u0629 \u0645\u0633\u062a\u0642\u0644\u0629 \u0644\u0644\u0623\u0646\u0628\u0627\u0621 \u0627\u0644\u0639\u0627\u0645\u0629","publisher":{"@id":"https:\/\/lequotidien.mr\/#organization"},"potentialAction":[{"@type":"SearchAction","target":{"@type":"EntryPoint","urlTemplate":"https:\/\/lequotidien.mr\/?s={search_term_string}"},"query-input":{"@type":"PropertyValueSpecification","valueRequired":true,"valueName":"search_term_string"}}],"inLanguage":"ar"},{"@type":"Organization","@id":"https:\/\/lequotidien.mr\/#organization","name":"Le Quotidien de Nouakchott","url":"https:\/\/lequotidien.mr\/","logo":{"@type":"ImageObject","inLanguage":"ar","@id":"https:\/\/lequotidien.mr\/#\/schema\/logo\/image\/","url":"https:\/\/lequotidien.mr\/wp-content\/uploads\/2022\/11\/logolequotidien.jpg","contentUrl":"https:\/\/lequotidien.mr\/wp-content\/uploads\/2022\/11\/logolequotidien.jpg","width":290,"height":65,"caption":"Le Quotidien de Nouakchott"},"image":{"@id":"https:\/\/lequotidien.mr\/#\/schema\/logo\/image\/"},"sameAs":["https:\/\/web.facebook.com\/lequotidienmr","https:\/\/x.com\/lequotidienmr"]},{"@type":"Person","@id":"https:\/\/lequotidien.mr\/#\/schema\/person\/d2d350202a4d599685ed8abc25f97596","name":"Med Ahmed","image":{"@type":"ImageObject","inLanguage":"ar","@id":"https:\/\/secure.gravatar.com\/avatar\/fd2acc62ed50732923d1d39c17172c9b04149f142be92310ecc69e1358f94b52?s=96&d=mm&r=g","url":"https:\/\/secure.gravatar.com\/avatar\/fd2acc62ed50732923d1d39c17172c9b04149f142be92310ecc69e1358f94b52?s=96&d=mm&r=g","contentUrl":"https:\/\/secure.gravatar.com\/avatar\/fd2acc62ed50732923d1d39c17172c9b04149f142be92310ecc69e1358f94b52?s=96&d=mm&r=g","caption":"Med Ahmed"},"url":"https:\/\/lequotidien.mr\/?author=12"}]}},"_links":{"self":[{"href":"https:\/\/lequotidien.mr\/index.php?rest_route=\/wp\/v2\/posts\/27988","targetHints":{"allow":["GET"]}}],"collection":[{"href":"https:\/\/lequotidien.mr\/index.php?rest_route=\/wp\/v2\/posts"}],"about":[{"href":"https:\/\/lequotidien.mr\/index.php?rest_route=\/wp\/v2\/types\/post"}],"author":[{"embeddable":true,"href":"https:\/\/lequotidien.mr\/index.php?rest_route=\/wp\/v2\/users\/12"}],"replies":[{"embeddable":true,"href":"https:\/\/lequotidien.mr\/index.php?rest_route=%2Fwp%2Fv2%2Fcomments&post=27988"}],"version-history":[{"count":1,"href":"https:\/\/lequotidien.mr\/index.php?rest_route=\/wp\/v2\/posts\/27988\/revisions"}],"predecessor-version":[{"id":27990,"href":"https:\/\/lequotidien.mr\/index.php?rest_route=\/wp\/v2\/posts\/27988\/revisions\/27990"}],"wp:featuredmedia":[{"embeddable":true,"href":"https:\/\/lequotidien.mr\/index.php?rest_route=\/wp\/v2\/media\/27989"}],"wp:attachment":[{"href":"https:\/\/lequotidien.mr\/index.php?rest_route=%2Fwp%2Fv2%2Fmedia&parent=27988"}],"wp:term":[{"taxonomy":"category","embeddable":true,"href":"https:\/\/lequotidien.mr\/index.php?rest_route=%2Fwp%2Fv2%2Fcategories&post=27988"},{"taxonomy":"post_tag","embeddable":true,"href":"https:\/\/lequotidien.mr\/index.php?rest_route=%2Fwp%2Fv2%2Ftags&post=27988"}],"curies":[{"name":"wp","href":"https:\/\/api.w.org\/{rel}","templated":true}]}}