{"id":27957,"date":"2025-05-27T23:58:38","date_gmt":"2025-05-27T23:58:38","guid":{"rendered":"https:\/\/lequotidien.mr\/?p=27957"},"modified":"2025-05-27T23:58:38","modified_gmt":"2025-05-27T23:58:38","slug":"mauritanie-egypte-une-cooperation-renforcee-lors-de-la-2e-commission-mixte-a-nouakchott","status":"publish","type":"post","link":"https:\/\/lequotidien.mr\/?p=27957&lang=fr","title":{"rendered":"Mauritanie-\u00c9gypte : Une coop\u00e9ration renforc\u00e9e lors de la 2e commission mixte \u00e0 Nouakchott"},"content":{"rendered":"<p>La\u00a0<strong>deuxi\u00e8me session de la Commission mixte de coop\u00e9ration mauritano-\u00e9gyptienne<\/strong>\u00a0a ouvert ses travaux ce mardi \u00e0 l\u2019Acad\u00e9mie diplomatique du minist\u00e8re des Affaires \u00e9trang\u00e8res \u00e0 Nouakchott. Copr\u00e9sid\u00e9e par le ministre mauritanien des Affaires \u00e9trang\u00e8res, de la Coop\u00e9ration africaine et des Mauritaniens de l\u2019Ext\u00e9rieur, M. Mohamed Salem Merzoug, et son homologue \u00e9gyptien, M. Badr Abdel Ati, ministre des Affaires \u00e9trang\u00e8res, de l\u2019Immigration et des Expatri\u00e9s, cette rencontre vise \u00e0 approfondir les liens strat\u00e9giques entre les deux pays.<\/p>\n<p><strong>Une dynamique bilat\u00e9rale renouvel\u00e9e<\/strong><\/p>\n<p>Dans son discours d\u2019ouverture, M. Merzoug a salu\u00e9 la tenue de cette session, organis\u00e9e pour la premi\u00e8re fois en parall\u00e8le avec un\u00a0<strong>forum \u00e9conomique r\u00e9unissant des hommes d\u2019affaires<\/strong>\u00a0des deux nations. \u00ab Cette configuration in\u00e9dite incarne la profondeur des relations fraternelles et notre aspiration \u00e0 un partenariat mutuellement b\u00e9n\u00e9fique \u00bb, a-t-il d\u00e9clar\u00e9, soulignant la volont\u00e9 des pr\u00e9sidents Mohamed Cheikh El Ghazouani et Abdel Fattah El Sissi de renforcer la coop\u00e9ration.<\/p>\n<p>Plusieurs\u00a0<strong>protocoles d\u2019accords<\/strong>\u00a0dans des secteurs cl\u00e9s tels que la culture, les m\u00e9dias, l\u2019enseignement sup\u00e9rieur, la jeunesse, les sports, l\u2019investissement, la p\u00eache, les ressources en eau et l\u2019irrigation doivent \u00eatre sign\u00e9s \u00e0 l\u2019issue des travaux. Ces textes, pr\u00e9par\u00e9s par des experts, visent \u00e0 exploiter les \u00ab opportunit\u00e9s et capacit\u00e9s disponibles \u00bb dans les deux pays, conform\u00e9ment aux instructions des chefs d\u2019\u00c9tat.<\/p>\n<p><strong>Priorit\u00e9s \u00e9conomiques et culturelles<\/strong><\/p>\n<p>Le volet \u00e9conomique occupe une place centrale, avec un accent sur les investissements \u00e9gyptiens en Mauritanie. M. Abdel Ati a r\u00e9affirm\u00e9 l\u2019int\u00e9r\u00eat des entreprises \u00e9gyptiennes pour le march\u00e9 mauritanien, notamment dans les secteurs minier, agricole et des infrastructures. Par ailleurs, les deux parties ont convenu de\u00a0<strong>revitaliser le Centre culturel \u00e9gyptien<\/strong>\u00a0\u00e0 Nouakchott et d\u2019augmenter le nombre de bourses d\u2019\u00e9tudes pour les Mauritaniens \u00e0 l\u2019Universit\u00e9 Al-Azhar, pilier de l\u2019enseignement islamique.<\/p>\n<p><strong>Solidarit\u00e9 r\u00e9gionale et cause palestinienne<\/strong><\/p>\n<p>Les discussions ont \u00e9galement abord\u00e9 les enjeux g\u00e9opolitiques. M. Merzoug a salu\u00e9 le r\u00f4le de l\u2019\u00c9gypte dans la r\u00e9solution des crises arabes et africaines, \u00e9voquant notamment la \u00ab vision claire \u00bb du pr\u00e9sident El Ghazouani concernant la situation en Palestine. Il a rappel\u00e9 les propos du chef de l\u2019\u00c9tat mauritanien au Sommet de la paix du Caire :\u00a0<em>\u00ab La gravit\u00e9 de la situation actuelle appelle une r\u00e9ponse ferme [\u2026] pour rem\u00e9dier aux crimes de g\u00e9nocide commis contre le peuple palestinien \u00bb<\/em>.<\/p>\n<p>En retour, M. Abdel Ati a lou\u00e9 le soutien \u00ab constant \u00bb de la Mauritanie \u00e0 la cause palestinienne et \u00e0 la r\u00e9int\u00e9gration de l\u2019\u00c9gypte dans le paysage africain. \u00ab Nos nations partagent la d\u00e9termination \u00e0 renforcer la s\u00e9curit\u00e9 et la stabilit\u00e9 r\u00e9gionale \u00bb, a-t-il insist\u00e9.<\/p>\n<p><strong>Vers un partenariat structurant<\/strong><\/p>\n<p>Cette session marque une \u00e9tape cl\u00e9 dans l\u2019\u00e9volution des relations bilat\u00e9rales, combinant dialogue politique, synergies \u00e9conomiques et \u00e9changes culturels. La tenue annuelle de la commission mixte et du forum \u00e9conomique t\u00e9moigne d\u2019une volont\u00e9 partag\u00e9e de transformer les engagements en r\u00e9alisations concr\u00e8tes.<\/p>\n<p>Alors que la Mauritanie et l\u2019\u00c9gypte c\u00e9l\u00e8brent six d\u00e9cennies de relations diplomatiques, cette rencontre relance l\u2019ambition d\u2019un partenariat mod\u00e8le en Afrique, capable de r\u00e9pondre aux d\u00e9fis communs tout en capitalisant sur les compl\u00e9mentarit\u00e9s historiques.<\/p>\n<p>La s\u00e9ance d\u2019ouverture de la r\u00e9union s\u2019est d\u00e9roul\u00e9e en pr\u00e9sence du Ministre de l\u2019Equipement et des Transports, M. Ely El Veirick, du Ministre D\u00e9l\u00e9gu\u00e9 aupr\u00e8s du Minist\u00e8re de l\u2019Economie et des Finances, charg\u00e9 du Budget, M. Codioro Moussa N\u2019Guenor et des membres des d\u00e9l\u00e9gations mauritanienne et \u00e9gyptienne.<\/p>\n","protected":false},"excerpt":{"rendered":"<p>La\u00a0deuxi\u00e8me session de la Commission mixte de coop\u00e9ration mauritano-\u00e9gyptienne\u00a0a ouvert ses travaux ce mardi \u00e0 l\u2019Acad\u00e9mie diplomatique du minist\u00e8re des Affaires \u00e9trang\u00e8res \u00e0 Nouakchott. Copr\u00e9sid\u00e9e par le ministre mauritanien des Affaires \u00e9trang\u00e8res, de la Coop\u00e9ration africaine et des Mauritaniens de l\u2019Ext\u00e9rieur, M. Mohamed Salem Merzoug, et son homologue \u00e9gyptien, M. Badr Abdel Ati, ministre des&#8230;..<\/p>\n","protected":false},"author":12,"featured_media":27958,"comment_status":"open","ping_status":"open","sticky":false,"template":"","format":"standard","meta":{"footnotes":""},"categories":[23,49],"tags":[],"class_list":["post-27957","post","type-post","status-publish","format-standard","has-post-thumbnail","hentry","category-actualite","category-economie"],"yoast_head":"<!-- This site is optimized with the Yoast SEO plugin v27.5 - https:\/\/yoast.com\/product\/yoast-seo-wordpress\/ -->\n<title>Mauritanie-\u00c9gypte : Une coop\u00e9ration renforc\u00e9e lors de la 2e commission mixte \u00e0 Nouakchott - Le Quotidien de Nouakchott<\/title>\n<meta name=\"robots\" content=\"index, follow, max-snippet:-1, max-image-preview:large, max-video-preview:-1\" \/>\n<link rel=\"canonical\" href=\"https:\/\/lequotidien.mr\/?p=27957&lang=fr\" \/>\n<meta property=\"og:locale\" content=\"ar_AR\" \/>\n<meta property=\"og:type\" content=\"article\" \/>\n<meta property=\"og:title\" content=\"Mauritanie-\u00c9gypte : Une coop\u00e9ration renforc\u00e9e lors de la 2e commission mixte \u00e0 Nouakchott - Le Quotidien de Nouakchott\" \/>\n<meta property=\"og:description\" content=\"La\u00a0deuxi\u00e8me session de la Commission mixte de coop\u00e9ration mauritano-\u00e9gyptienne\u00a0a ouvert ses travaux ce mardi \u00e0 l\u2019Acad\u00e9mie diplomatique du minist\u00e8re des Affaires \u00e9trang\u00e8res \u00e0 Nouakchott. Copr\u00e9sid\u00e9e par le ministre mauritanien des Affaires \u00e9trang\u00e8res, de la Coop\u00e9ration africaine et des Mauritaniens de l\u2019Ext\u00e9rieur, M. Mohamed Salem Merzoug, et son homologue \u00e9gyptien, M. Badr Abdel Ati, ministre des.....\" \/>\n<meta property=\"og:url\" content=\"https:\/\/lequotidien.mr\/?p=27957&amp;lang=fr\" \/>\n<meta property=\"og:site_name\" content=\"Le Quotidien de Nouakchott\" \/>\n<meta property=\"article:publisher\" content=\"https:\/\/web.facebook.com\/lequotidienmr\" \/>\n<meta property=\"article:published_time\" content=\"2025-05-27T23:58:38+00:00\" \/>\n<meta property=\"og:image\" content=\"https:\/\/lequotidien.mr\/wp-content\/uploads\/2025\/05\/photo-commission-mixte-Mtnie-Egypte.jpg\" \/>\n\t<meta property=\"og:image:width\" content=\"750\" \/>\n\t<meta property=\"og:image:height\" content=\"430\" \/>\n\t<meta property=\"og:image:type\" content=\"image\/jpeg\" \/>\n<meta name=\"author\" content=\"Med Ahmed\" \/>\n<meta name=\"twitter:card\" content=\"summary_large_image\" \/>\n<meta name=\"twitter:creator\" content=\"@lequotidienmr\" \/>\n<meta name=\"twitter:site\" content=\"@lequotidienmr\" \/>\n<meta name=\"twitter:label1\" content=\"\u0643\u064f\u062a\u0628 \u0628\u0648\u0627\u0633\u0637\u0629\" \/>\n\t<meta name=\"twitter:data1\" content=\"Med Ahmed\" \/>\n\t<meta name=\"twitter:label2\" content=\"\u0648\u0642\u062a \u0627\u0644\u0642\u0631\u0627\u0621\u0629 \u0627\u0644\u0645\u064f\u0642\u062f\u0651\u0631\" \/>\n\t<meta name=\"twitter:data2\" content=\"3 \u062f\u0642\u0627\u0626\u0642\" \/>\n<script type=\"application\/ld+json\" class=\"yoast-schema-graph\">{\"@context\":\"https:\\\/\\\/schema.org\",\"@graph\":[{\"@type\":\"Article\",\"@id\":\"https:\\\/\\\/lequotidien.mr\\\/?p=27957&lang=fr#article\",\"isPartOf\":{\"@id\":\"https:\\\/\\\/lequotidien.mr\\\/?p=27957&lang=fr\"},\"author\":{\"name\":\"Med Ahmed\",\"@id\":\"https:\\\/\\\/lequotidien.mr\\\/#\\\/schema\\\/person\\\/d2d350202a4d599685ed8abc25f97596\"},\"headline\":\"Mauritanie-\u00c9gypte : Une coop\u00e9ration renforc\u00e9e lors de la 2e commission mixte \u00e0 Nouakchott\",\"datePublished\":\"2025-05-27T23:58:38+00:00\",\"mainEntityOfPage\":{\"@id\":\"https:\\\/\\\/lequotidien.mr\\\/?p=27957&lang=fr\"},\"wordCount\":639,\"commentCount\":0,\"publisher\":{\"@id\":\"https:\\\/\\\/lequotidien.mr\\\/#organization\"},\"image\":{\"@id\":\"https:\\\/\\\/lequotidien.mr\\\/?p=27957&lang=fr#primaryimage\"},\"thumbnailUrl\":\"https:\\\/\\\/lequotidien.mr\\\/wp-content\\\/uploads\\\/2025\\\/05\\\/photo-commission-mixte-Mtnie-Egypte.jpg\",\"articleSection\":[\"ACTUALIT\u00c9\",\"Economie\"],\"inLanguage\":\"ar\",\"potentialAction\":[{\"@type\":\"CommentAction\",\"name\":\"Comment\",\"target\":[\"https:\\\/\\\/lequotidien.mr\\\/?p=27957&lang=fr#respond\"]}]},{\"@type\":\"WebPage\",\"@id\":\"https:\\\/\\\/lequotidien.mr\\\/?p=27957&lang=fr\",\"url\":\"https:\\\/\\\/lequotidien.mr\\\/?p=27957&lang=fr\",\"name\":\"Mauritanie-\u00c9gypte : Une coop\u00e9ration renforc\u00e9e lors de la 2e commission mixte \u00e0 Nouakchott - Le Quotidien de Nouakchott\",\"isPartOf\":{\"@id\":\"https:\\\/\\\/lequotidien.mr\\\/#website\"},\"primaryImageOfPage\":{\"@id\":\"https:\\\/\\\/lequotidien.mr\\\/?p=27957&lang=fr#primaryimage\"},\"image\":{\"@id\":\"https:\\\/\\\/lequotidien.mr\\\/?p=27957&lang=fr#primaryimage\"},\"thumbnailUrl\":\"https:\\\/\\\/lequotidien.mr\\\/wp-content\\\/uploads\\\/2025\\\/05\\\/photo-commission-mixte-Mtnie-Egypte.jpg\",\"datePublished\":\"2025-05-27T23:58:38+00:00\",\"breadcrumb\":{\"@id\":\"https:\\\/\\\/lequotidien.mr\\\/?p=27957&lang=fr#breadcrumb\"},\"inLanguage\":\"ar\",\"potentialAction\":[{\"@type\":\"ReadAction\",\"target\":[\"https:\\\/\\\/lequotidien.mr\\\/?p=27957&lang=fr\"]}]},{\"@type\":\"ImageObject\",\"inLanguage\":\"ar\",\"@id\":\"https:\\\/\\\/lequotidien.mr\\\/?p=27957&lang=fr#primaryimage\",\"url\":\"https:\\\/\\\/lequotidien.mr\\\/wp-content\\\/uploads\\\/2025\\\/05\\\/photo-commission-mixte-Mtnie-Egypte.jpg\",\"contentUrl\":\"https:\\\/\\\/lequotidien.mr\\\/wp-content\\\/uploads\\\/2025\\\/05\\\/photo-commission-mixte-Mtnie-Egypte.jpg\",\"width\":750,\"height\":430},{\"@type\":\"BreadcrumbList\",\"@id\":\"https:\\\/\\\/lequotidien.mr\\\/?p=27957&lang=fr#breadcrumb\",\"itemListElement\":[{\"@type\":\"ListItem\",\"position\":1,\"name\":\"Home\",\"item\":\"https:\\\/\\\/lequotidien.mr\\\/\"},{\"@type\":\"ListItem\",\"position\":2,\"name\":\"Mauritanie-\u00c9gypte : Une coop\u00e9ration renforc\u00e9e lors de la 2e commission mixte \u00e0 Nouakchott\"}]},{\"@type\":\"WebSite\",\"@id\":\"https:\\\/\\\/lequotidien.mr\\\/#website\",\"url\":\"https:\\\/\\\/lequotidien.mr\\\/\",\"name\":\"Le Quotidien de Nouakchott\",\"description\":\"\u0625\u062e\u0628\u0627\u0631\u064a\u0629 \u0645\u0633\u062a\u0642\u0644\u0629 \u0644\u0644\u0623\u0646\u0628\u0627\u0621 \u0627\u0644\u0639\u0627\u0645\u0629\",\"publisher\":{\"@id\":\"https:\\\/\\\/lequotidien.mr\\\/#organization\"},\"potentialAction\":[{\"@type\":\"SearchAction\",\"target\":{\"@type\":\"EntryPoint\",\"urlTemplate\":\"https:\\\/\\\/lequotidien.mr\\\/?s={search_term_string}\"},\"query-input\":{\"@type\":\"PropertyValueSpecification\",\"valueRequired\":true,\"valueName\":\"search_term_string\"}}],\"inLanguage\":\"ar\"},{\"@type\":\"Organization\",\"@id\":\"https:\\\/\\\/lequotidien.mr\\\/#organization\",\"name\":\"Le Quotidien de Nouakchott\",\"url\":\"https:\\\/\\\/lequotidien.mr\\\/\",\"logo\":{\"@type\":\"ImageObject\",\"inLanguage\":\"ar\",\"@id\":\"https:\\\/\\\/lequotidien.mr\\\/#\\\/schema\\\/logo\\\/image\\\/\",\"url\":\"https:\\\/\\\/lequotidien.mr\\\/wp-content\\\/uploads\\\/2022\\\/11\\\/logolequotidien.jpg\",\"contentUrl\":\"https:\\\/\\\/lequotidien.mr\\\/wp-content\\\/uploads\\\/2022\\\/11\\\/logolequotidien.jpg\",\"width\":290,\"height\":65,\"caption\":\"Le Quotidien de Nouakchott\"},\"image\":{\"@id\":\"https:\\\/\\\/lequotidien.mr\\\/#\\\/schema\\\/logo\\\/image\\\/\"},\"sameAs\":[\"https:\\\/\\\/web.facebook.com\\\/lequotidienmr\",\"https:\\\/\\\/x.com\\\/lequotidienmr\"]},{\"@type\":\"Person\",\"@id\":\"https:\\\/\\\/lequotidien.mr\\\/#\\\/schema\\\/person\\\/d2d350202a4d599685ed8abc25f97596\",\"name\":\"Med Ahmed\",\"image\":{\"@type\":\"ImageObject\",\"inLanguage\":\"ar\",\"@id\":\"https:\\\/\\\/secure.gravatar.com\\\/avatar\\\/fd2acc62ed50732923d1d39c17172c9b04149f142be92310ecc69e1358f94b52?s=96&d=mm&r=g\",\"url\":\"https:\\\/\\\/secure.gravatar.com\\\/avatar\\\/fd2acc62ed50732923d1d39c17172c9b04149f142be92310ecc69e1358f94b52?s=96&d=mm&r=g\",\"contentUrl\":\"https:\\\/\\\/secure.gravatar.com\\\/avatar\\\/fd2acc62ed50732923d1d39c17172c9b04149f142be92310ecc69e1358f94b52?s=96&d=mm&r=g\",\"caption\":\"Med Ahmed\"},\"url\":\"https:\\\/\\\/lequotidien.mr\\\/?author=12\"}]}<\/script>\n<!-- \/ Yoast SEO plugin. -->","yoast_head_json":{"title":"Mauritanie-\u00c9gypte : Une coop\u00e9ration renforc\u00e9e lors de la 2e commission mixte \u00e0 Nouakchott - Le Quotidien de Nouakchott","robots":{"index":"index","follow":"follow","max-snippet":"max-snippet:-1","max-image-preview":"max-image-preview:large","max-video-preview":"max-video-preview:-1"},"canonical":"https:\/\/lequotidien.mr\/?p=27957&lang=fr","og_locale":"ar_AR","og_type":"article","og_title":"Mauritanie-\u00c9gypte : Une coop\u00e9ration renforc\u00e9e lors de la 2e commission mixte \u00e0 Nouakchott - Le Quotidien de Nouakchott","og_description":"La\u00a0deuxi\u00e8me session de la Commission mixte de coop\u00e9ration mauritano-\u00e9gyptienne\u00a0a ouvert ses travaux ce mardi \u00e0 l\u2019Acad\u00e9mie diplomatique du minist\u00e8re des Affaires \u00e9trang\u00e8res \u00e0 Nouakchott. Copr\u00e9sid\u00e9e par le ministre mauritanien des Affaires \u00e9trang\u00e8res, de la Coop\u00e9ration africaine et des Mauritaniens de l\u2019Ext\u00e9rieur, M. Mohamed Salem Merzoug, et son homologue \u00e9gyptien, M. Badr Abdel Ati, ministre des.....","og_url":"https:\/\/lequotidien.mr\/?p=27957&lang=fr","og_site_name":"Le Quotidien de Nouakchott","article_publisher":"https:\/\/web.facebook.com\/lequotidienmr","article_published_time":"2025-05-27T23:58:38+00:00","og_image":[{"width":750,"height":430,"url":"https:\/\/lequotidien.mr\/wp-content\/uploads\/2025\/05\/photo-commission-mixte-Mtnie-Egypte.jpg","type":"image\/jpeg"}],"author":"Med Ahmed","twitter_card":"summary_large_image","twitter_creator":"@lequotidienmr","twitter_site":"@lequotidienmr","twitter_misc":{"\u0643\u064f\u062a\u0628 \u0628\u0648\u0627\u0633\u0637\u0629":"Med Ahmed","\u0648\u0642\u062a \u0627\u0644\u0642\u0631\u0627\u0621\u0629 \u0627\u0644\u0645\u064f\u0642\u062f\u0651\u0631":"3 \u062f\u0642\u0627\u0626\u0642"},"schema":{"@context":"https:\/\/schema.org","@graph":[{"@type":"Article","@id":"https:\/\/lequotidien.mr\/?p=27957&lang=fr#article","isPartOf":{"@id":"https:\/\/lequotidien.mr\/?p=27957&lang=fr"},"author":{"name":"Med Ahmed","@id":"https:\/\/lequotidien.mr\/#\/schema\/person\/d2d350202a4d599685ed8abc25f97596"},"headline":"Mauritanie-\u00c9gypte : Une coop\u00e9ration renforc\u00e9e lors de la 2e commission mixte \u00e0 Nouakchott","datePublished":"2025-05-27T23:58:38+00:00","mainEntityOfPage":{"@id":"https:\/\/lequotidien.mr\/?p=27957&lang=fr"},"wordCount":639,"commentCount":0,"publisher":{"@id":"https:\/\/lequotidien.mr\/#organization"},"image":{"@id":"https:\/\/lequotidien.mr\/?p=27957&lang=fr#primaryimage"},"thumbnailUrl":"https:\/\/lequotidien.mr\/wp-content\/uploads\/2025\/05\/photo-commission-mixte-Mtnie-Egypte.jpg","articleSection":["ACTUALIT\u00c9","Economie"],"inLanguage":"ar","potentialAction":[{"@type":"CommentAction","name":"Comment","target":["https:\/\/lequotidien.mr\/?p=27957&lang=fr#respond"]}]},{"@type":"WebPage","@id":"https:\/\/lequotidien.mr\/?p=27957&lang=fr","url":"https:\/\/lequotidien.mr\/?p=27957&lang=fr","name":"Mauritanie-\u00c9gypte : Une coop\u00e9ration renforc\u00e9e lors de la 2e commission mixte \u00e0 Nouakchott - Le Quotidien de Nouakchott","isPartOf":{"@id":"https:\/\/lequotidien.mr\/#website"},"primaryImageOfPage":{"@id":"https:\/\/lequotidien.mr\/?p=27957&lang=fr#primaryimage"},"image":{"@id":"https:\/\/lequotidien.mr\/?p=27957&lang=fr#primaryimage"},"thumbnailUrl":"https:\/\/lequotidien.mr\/wp-content\/uploads\/2025\/05\/photo-commission-mixte-Mtnie-Egypte.jpg","datePublished":"2025-05-27T23:58:38+00:00","breadcrumb":{"@id":"https:\/\/lequotidien.mr\/?p=27957&lang=fr#breadcrumb"},"inLanguage":"ar","potentialAction":[{"@type":"ReadAction","target":["https:\/\/lequotidien.mr\/?p=27957&lang=fr"]}]},{"@type":"ImageObject","inLanguage":"ar","@id":"https:\/\/lequotidien.mr\/?p=27957&lang=fr#primaryimage","url":"https:\/\/lequotidien.mr\/wp-content\/uploads\/2025\/05\/photo-commission-mixte-Mtnie-Egypte.jpg","contentUrl":"https:\/\/lequotidien.mr\/wp-content\/uploads\/2025\/05\/photo-commission-mixte-Mtnie-Egypte.jpg","width":750,"height":430},{"@type":"BreadcrumbList","@id":"https:\/\/lequotidien.mr\/?p=27957&lang=fr#breadcrumb","itemListElement":[{"@type":"ListItem","position":1,"name":"Home","item":"https:\/\/lequotidien.mr\/"},{"@type":"ListItem","position":2,"name":"Mauritanie-\u00c9gypte : Une coop\u00e9ration renforc\u00e9e lors de la 2e commission mixte \u00e0 Nouakchott"}]},{"@type":"WebSite","@id":"https:\/\/lequotidien.mr\/#website","url":"https:\/\/lequotidien.mr\/","name":"Le Quotidien de Nouakchott","description":"\u0625\u062e\u0628\u0627\u0631\u064a\u0629 \u0645\u0633\u062a\u0642\u0644\u0629 \u0644\u0644\u0623\u0646\u0628\u0627\u0621 \u0627\u0644\u0639\u0627\u0645\u0629","publisher":{"@id":"https:\/\/lequotidien.mr\/#organization"},"potentialAction":[{"@type":"SearchAction","target":{"@type":"EntryPoint","urlTemplate":"https:\/\/lequotidien.mr\/?s={search_term_string}"},"query-input":{"@type":"PropertyValueSpecification","valueRequired":true,"valueName":"search_term_string"}}],"inLanguage":"ar"},{"@type":"Organization","@id":"https:\/\/lequotidien.mr\/#organization","name":"Le Quotidien de Nouakchott","url":"https:\/\/lequotidien.mr\/","logo":{"@type":"ImageObject","inLanguage":"ar","@id":"https:\/\/lequotidien.mr\/#\/schema\/logo\/image\/","url":"https:\/\/lequotidien.mr\/wp-content\/uploads\/2022\/11\/logolequotidien.jpg","contentUrl":"https:\/\/lequotidien.mr\/wp-content\/uploads\/2022\/11\/logolequotidien.jpg","width":290,"height":65,"caption":"Le Quotidien de Nouakchott"},"image":{"@id":"https:\/\/lequotidien.mr\/#\/schema\/logo\/image\/"},"sameAs":["https:\/\/web.facebook.com\/lequotidienmr","https:\/\/x.com\/lequotidienmr"]},{"@type":"Person","@id":"https:\/\/lequotidien.mr\/#\/schema\/person\/d2d350202a4d599685ed8abc25f97596","name":"Med Ahmed","image":{"@type":"ImageObject","inLanguage":"ar","@id":"https:\/\/secure.gravatar.com\/avatar\/fd2acc62ed50732923d1d39c17172c9b04149f142be92310ecc69e1358f94b52?s=96&d=mm&r=g","url":"https:\/\/secure.gravatar.com\/avatar\/fd2acc62ed50732923d1d39c17172c9b04149f142be92310ecc69e1358f94b52?s=96&d=mm&r=g","contentUrl":"https:\/\/secure.gravatar.com\/avatar\/fd2acc62ed50732923d1d39c17172c9b04149f142be92310ecc69e1358f94b52?s=96&d=mm&r=g","caption":"Med Ahmed"},"url":"https:\/\/lequotidien.mr\/?author=12"}]}},"_links":{"self":[{"href":"https:\/\/lequotidien.mr\/index.php?rest_route=\/wp\/v2\/posts\/27957","targetHints":{"allow":["GET"]}}],"collection":[{"href":"https:\/\/lequotidien.mr\/index.php?rest_route=\/wp\/v2\/posts"}],"about":[{"href":"https:\/\/lequotidien.mr\/index.php?rest_route=\/wp\/v2\/types\/post"}],"author":[{"embeddable":true,"href":"https:\/\/lequotidien.mr\/index.php?rest_route=\/wp\/v2\/users\/12"}],"replies":[{"embeddable":true,"href":"https:\/\/lequotidien.mr\/index.php?rest_route=%2Fwp%2Fv2%2Fcomments&post=27957"}],"version-history":[{"count":1,"href":"https:\/\/lequotidien.mr\/index.php?rest_route=\/wp\/v2\/posts\/27957\/revisions"}],"predecessor-version":[{"id":27959,"href":"https:\/\/lequotidien.mr\/index.php?rest_route=\/wp\/v2\/posts\/27957\/revisions\/27959"}],"wp:featuredmedia":[{"embeddable":true,"href":"https:\/\/lequotidien.mr\/index.php?rest_route=\/wp\/v2\/media\/27958"}],"wp:attachment":[{"href":"https:\/\/lequotidien.mr\/index.php?rest_route=%2Fwp%2Fv2%2Fmedia&parent=27957"}],"wp:term":[{"taxonomy":"category","embeddable":true,"href":"https:\/\/lequotidien.mr\/index.php?rest_route=%2Fwp%2Fv2%2Fcategories&post=27957"},{"taxonomy":"post_tag","embeddable":true,"href":"https:\/\/lequotidien.mr\/index.php?rest_route=%2Fwp%2Fv2%2Ftags&post=27957"}],"curies":[{"name":"wp","href":"https:\/\/api.w.org\/{rel}","templated":true}]}}