{"id":27939,"date":"2025-05-24T23:48:37","date_gmt":"2025-05-24T23:48:37","guid":{"rendered":"https:\/\/lequotidien.mr\/?p=27939"},"modified":"2025-05-24T23:48:37","modified_gmt":"2025-05-24T23:48:37","slug":"forum-economique-algero-mauritanien-un-pas-strategique-vers-une-integration-regionale-renforcee","status":"publish","type":"post","link":"https:\/\/lequotidien.mr\/?p=27939&lang=fr","title":{"rendered":"Forum \u00e9conomique Alg\u00e9ro-Mauritanien : Un pas strat\u00e9gique vers une int\u00e9gration r\u00e9gionale renforc\u00e9e"},"content":{"rendered":"<p>Sous le haut patronage de la ministre mauritanienne du Commerce et du Tourisme,\u00a0<strong>Mme Zeinebou Ahmednah<\/strong>, et du ministre alg\u00e9rien du Commerce et de la Ma\u00eetrise du March\u00e9 National,\u00a0<strong>M. Taieb Zitouni<\/strong>, le premier\u00a0<strong>Forum \u00c9conomique Alg\u00e9ro-Mauritanien<\/strong>\u00a0a officiellement vu le jour ce vendredi \u00e0 l\u2019Acad\u00e9mie Diplomatique de Nouakchott. Organis\u00e9 en parall\u00e8le d\u2019une exposition de produits alg\u00e9riens, cet \u00e9v\u00e9nement ambitionne de dynamiser les \u00e9changes commerciaux, multiplier les partenariats \u00e9conomiques et consolider les liens entre op\u00e9rateurs des deux pays.<\/p>\n<p><strong>Un contexte porteur pour l\u2019investissement<\/strong><\/p>\n<p>Dans son allocution d\u2019ouverture,\u00a0<strong>M. Codioro Moussa Nguenor<\/strong>, ministre d\u00e9l\u00e9gu\u00e9 charg\u00e9 du Budget aupr\u00e8s du minist\u00e8re de l\u2019\u00c9conomie et des Finances, a soulign\u00e9 le timing strat\u00e9gique de ce forum. \u00ab\u00a0<em>La Mauritanie traverse une phase de croissance acc\u00e9l\u00e9r\u00e9e, avec un environnement \u00e9conomique propice \u00e0 l\u2019investissement et des opportunit\u00e9s prometteuses dans divers secteurs<\/em>\u00a0\u00bb, a-t-il d\u00e9clar\u00e9. Appelant \u00e0 une coop\u00e9ration \u00e9largie, il a insist\u00e9 sur l\u2019impact potentiel de tels partenariats pour \u00ab\u00a0<em>diversifier les \u00e9changes et stimuler le d\u00e9veloppement mutuel<\/em>\u00a0\u00bb.<\/p>\n<p><strong>Une coop\u00e9ration ax\u00e9e sur le long terme<\/strong><\/p>\n<p>Pour\u00a0<strong>M. Taieb Zitouni<\/strong>, ce forum d\u00e9passe le cadre d\u2019une simple collaboration conjoncturelle. \u00ab\u00a0<em>La Mauritanie est une porte d\u2019entr\u00e9e incontournable vers l\u2019Afrique de l\u2019Ouest et le Sahel. Travailler ensemble est un pari strat\u00e9gique, pas une option<\/em>\u00a0\u00bb, a-t-il affirm\u00e9. Le ministre alg\u00e9rien a identifi\u00e9 des secteurs cl\u00e9s pour cette int\u00e9gration \u00e9conomique :\u00a0<strong>agroalimentaire, tourisme, \u00e9nergies renouvelables, logistique et industries \u00e0 forte valeur ajout\u00e9e<\/strong>. \u00ab\u00a0<em>Nos compl\u00e9mentarit\u00e9s peuvent faire de nous des acteurs majeurs sur les march\u00e9s r\u00e9gionaux et internationaux<\/em>\u00a0\u00bb, a-t-il ajout\u00e9.<\/p>\n<p>Du c\u00f4t\u00e9 des entreprises,\u00a0<strong>M. Mohamed Zeine El Abidine Cheikh Ahmed<\/strong>, pr\u00e9sident de l\u2019Union Nationale du Patronat Mauritanien, a salu\u00e9 les ressources industrielles et techniques alg\u00e9riennes, qualifi\u00e9es de \u00ab\u00a0<em>levier pour des projets structurants<\/em>\u00a0\u00bb. Il a cit\u00e9 la s\u00e9curit\u00e9 alimentaire, l\u2019\u00e9nergie et les infrastructures comme domaines prioritaires. \u00ab\u00a0<em>Ce forum doit transformer nos potentialit\u00e9s en r\u00e9alisations concr\u00e8tes<\/em>\u00a0\u00bb, a-t-il martel\u00e9.<\/p>\n<p>Les repr\u00e9sentants des chambres de commerce des deux pays,\u00a0<strong>M. Cheikh El Avia Mohamed Khouna<\/strong>\u00a0(Mauritanie) et\u00a0<strong>M. Chekib Ismail Koueidri<\/strong>\u00a0(Alg\u00e9rie), ont abond\u00e9 dans ce sens, plaidant pour des\u00a0<strong>investissements conjoints<\/strong>\u00a0et une harmonisation des r\u00e9gulations afin de faciliter les \u00e9changes.<\/p>\n<p><strong>Des Accords Concluants et des Perspectives<\/strong><\/p>\n<p>Le clou de la journ\u00e9e a \u00e9t\u00e9 la\u00a0<strong>signature de plusieurs accords<\/strong>\u00a0entre entit\u00e9s mauritaniennes et alg\u00e9riennes, notamment dans les domaines de l\u2019<strong>industrie pharmaceutique<\/strong>\u00a0et du\u00a0<strong>transport maritime<\/strong>. Ces partenariats symbolisent la volont\u00e9 des deux nations de passer des discours aux actes.<\/p>\n<p>Alors que la Mauritanie cherche \u00e0 diversifier son \u00e9conomie au-del\u00e0 des secteurs miniers et que l\u2019Alg\u00e9rie aspire \u00e0 \u00e9tendre son influence \u00e9conomique en Afrique, ce forum jette les bases d\u2019une alliance renforc\u00e9e. Avec des \u00e9changes commerciaux actuellement modestes \u2013 mais en croissance \u2013, les deux pays entendent capitaliser sur leur proximit\u00e9 g\u00e9ographique et leurs synergies sectorielles.<\/p>\n<p>\u00ab\u00a0<em>Ce n\u2019est qu\u2019un d\u00e9but<\/em>\u00a0\u00bb, a conclu\u00a0<strong>Mme Zeinebou Ahmednah<\/strong>, appelant \u00e0 des \u00e9ditions r\u00e9guli\u00e8res du forum. Dans un contexte de recomposition des \u00e9quilibres \u00e9conomiques r\u00e9gionaux, l\u2019Alg\u00e9rie et la Mauritanie semblent d\u00e9termin\u00e9es \u00e0 \u00e9crire ensemble un nouveau chapitre de coop\u00e9ration \u2013 et \u00e0 en faire un mod\u00e8le pour l\u2019int\u00e9gration africaine.<\/p>\n","protected":false},"excerpt":{"rendered":"<p>Sous le haut patronage de la ministre mauritanienne du Commerce et du Tourisme,\u00a0Mme Zeinebou Ahmednah, et du ministre alg\u00e9rien du Commerce et de la Ma\u00eetrise du March\u00e9 National,\u00a0M. Taieb Zitouni, le premier\u00a0Forum \u00c9conomique Alg\u00e9ro-Mauritanien\u00a0a officiellement vu le jour ce vendredi \u00e0 l\u2019Acad\u00e9mie Diplomatique de Nouakchott. Organis\u00e9 en parall\u00e8le d\u2019une exposition de produits alg\u00e9riens, cet \u00e9v\u00e9nement&#8230;..<\/p>\n","protected":false},"author":12,"featured_media":27940,"comment_status":"open","ping_status":"open","sticky":false,"template":"","format":"standard","meta":{"footnotes":""},"categories":[23,49],"tags":[],"class_list":["post-27939","post","type-post","status-publish","format-standard","has-post-thumbnail","hentry","category-actualite","category-economie"],"yoast_head":"<!-- This site is optimized with the Yoast SEO plugin v27.5 - https:\/\/yoast.com\/product\/yoast-seo-wordpress\/ -->\n<title>Forum \u00e9conomique Alg\u00e9ro-Mauritanien : Un pas strat\u00e9gique vers une int\u00e9gration r\u00e9gionale renforc\u00e9e - Le Quotidien de Nouakchott<\/title>\n<meta name=\"robots\" content=\"index, follow, max-snippet:-1, max-image-preview:large, max-video-preview:-1\" \/>\n<link rel=\"canonical\" href=\"https:\/\/lequotidien.mr\/?p=27939&lang=fr\" \/>\n<meta property=\"og:locale\" content=\"ar_AR\" \/>\n<meta property=\"og:type\" content=\"article\" \/>\n<meta property=\"og:title\" content=\"Forum \u00e9conomique Alg\u00e9ro-Mauritanien : Un pas strat\u00e9gique vers une int\u00e9gration r\u00e9gionale renforc\u00e9e - Le Quotidien de Nouakchott\" \/>\n<meta property=\"og:description\" content=\"Sous le haut patronage de la ministre mauritanienne du Commerce et du Tourisme,\u00a0Mme Zeinebou Ahmednah, et du ministre alg\u00e9rien du Commerce et de la Ma\u00eetrise du March\u00e9 National,\u00a0M. Taieb Zitouni, le premier\u00a0Forum \u00c9conomique Alg\u00e9ro-Mauritanien\u00a0a officiellement vu le jour ce vendredi \u00e0 l\u2019Acad\u00e9mie Diplomatique de Nouakchott. Organis\u00e9 en parall\u00e8le d\u2019une exposition de produits alg\u00e9riens, cet \u00e9v\u00e9nement.....\" \/>\n<meta property=\"og:url\" content=\"https:\/\/lequotidien.mr\/?p=27939&amp;lang=fr\" \/>\n<meta property=\"og:site_name\" content=\"Le Quotidien de Nouakchott\" \/>\n<meta property=\"article:publisher\" content=\"https:\/\/web.facebook.com\/lequotidienmr\" \/>\n<meta property=\"article:published_time\" content=\"2025-05-24T23:48:37+00:00\" \/>\n<meta property=\"og:image\" content=\"https:\/\/lequotidien.mr\/wp-content\/uploads\/2025\/05\/photo-cloture-forum-Algerie.jpg\" \/>\n\t<meta property=\"og:image:width\" content=\"750\" \/>\n\t<meta property=\"og:image:height\" content=\"430\" \/>\n\t<meta property=\"og:image:type\" content=\"image\/jpeg\" \/>\n<meta name=\"author\" content=\"Med Ahmed\" \/>\n<meta name=\"twitter:card\" content=\"summary_large_image\" \/>\n<meta name=\"twitter:creator\" content=\"@lequotidienmr\" \/>\n<meta name=\"twitter:site\" content=\"@lequotidienmr\" \/>\n<meta name=\"twitter:label1\" content=\"\u0643\u064f\u062a\u0628 \u0628\u0648\u0627\u0633\u0637\u0629\" \/>\n\t<meta name=\"twitter:data1\" content=\"Med Ahmed\" \/>\n\t<meta name=\"twitter:label2\" content=\"\u0648\u0642\u062a \u0627\u0644\u0642\u0631\u0627\u0621\u0629 \u0627\u0644\u0645\u064f\u0642\u062f\u0651\u0631\" \/>\n\t<meta name=\"twitter:data2\" content=\"3 \u062f\u0642\u0627\u0626\u0642\" \/>\n<script type=\"application\/ld+json\" class=\"yoast-schema-graph\">{\"@context\":\"https:\\\/\\\/schema.org\",\"@graph\":[{\"@type\":\"Article\",\"@id\":\"https:\\\/\\\/lequotidien.mr\\\/?p=27939&lang=fr#article\",\"isPartOf\":{\"@id\":\"https:\\\/\\\/lequotidien.mr\\\/?p=27939&lang=fr\"},\"author\":{\"name\":\"Med Ahmed\",\"@id\":\"https:\\\/\\\/lequotidien.mr\\\/#\\\/schema\\\/person\\\/d2d350202a4d599685ed8abc25f97596\"},\"headline\":\"Forum \u00e9conomique Alg\u00e9ro-Mauritanien : Un pas strat\u00e9gique vers une int\u00e9gration r\u00e9gionale renforc\u00e9e\",\"datePublished\":\"2025-05-24T23:48:37+00:00\",\"mainEntityOfPage\":{\"@id\":\"https:\\\/\\\/lequotidien.mr\\\/?p=27939&lang=fr\"},\"wordCount\":580,\"commentCount\":0,\"publisher\":{\"@id\":\"https:\\\/\\\/lequotidien.mr\\\/#organization\"},\"image\":{\"@id\":\"https:\\\/\\\/lequotidien.mr\\\/?p=27939&lang=fr#primaryimage\"},\"thumbnailUrl\":\"https:\\\/\\\/lequotidien.mr\\\/wp-content\\\/uploads\\\/2025\\\/05\\\/photo-cloture-forum-Algerie.jpg\",\"articleSection\":[\"ACTUALIT\u00c9\",\"Economie\"],\"inLanguage\":\"ar\",\"potentialAction\":[{\"@type\":\"CommentAction\",\"name\":\"Comment\",\"target\":[\"https:\\\/\\\/lequotidien.mr\\\/?p=27939&lang=fr#respond\"]}]},{\"@type\":\"WebPage\",\"@id\":\"https:\\\/\\\/lequotidien.mr\\\/?p=27939&lang=fr\",\"url\":\"https:\\\/\\\/lequotidien.mr\\\/?p=27939&lang=fr\",\"name\":\"Forum \u00e9conomique Alg\u00e9ro-Mauritanien : Un pas strat\u00e9gique vers une int\u00e9gration r\u00e9gionale renforc\u00e9e - Le Quotidien de Nouakchott\",\"isPartOf\":{\"@id\":\"https:\\\/\\\/lequotidien.mr\\\/#website\"},\"primaryImageOfPage\":{\"@id\":\"https:\\\/\\\/lequotidien.mr\\\/?p=27939&lang=fr#primaryimage\"},\"image\":{\"@id\":\"https:\\\/\\\/lequotidien.mr\\\/?p=27939&lang=fr#primaryimage\"},\"thumbnailUrl\":\"https:\\\/\\\/lequotidien.mr\\\/wp-content\\\/uploads\\\/2025\\\/05\\\/photo-cloture-forum-Algerie.jpg\",\"datePublished\":\"2025-05-24T23:48:37+00:00\",\"breadcrumb\":{\"@id\":\"https:\\\/\\\/lequotidien.mr\\\/?p=27939&lang=fr#breadcrumb\"},\"inLanguage\":\"ar\",\"potentialAction\":[{\"@type\":\"ReadAction\",\"target\":[\"https:\\\/\\\/lequotidien.mr\\\/?p=27939&lang=fr\"]}]},{\"@type\":\"ImageObject\",\"inLanguage\":\"ar\",\"@id\":\"https:\\\/\\\/lequotidien.mr\\\/?p=27939&lang=fr#primaryimage\",\"url\":\"https:\\\/\\\/lequotidien.mr\\\/wp-content\\\/uploads\\\/2025\\\/05\\\/photo-cloture-forum-Algerie.jpg\",\"contentUrl\":\"https:\\\/\\\/lequotidien.mr\\\/wp-content\\\/uploads\\\/2025\\\/05\\\/photo-cloture-forum-Algerie.jpg\",\"width\":750,\"height\":430},{\"@type\":\"BreadcrumbList\",\"@id\":\"https:\\\/\\\/lequotidien.mr\\\/?p=27939&lang=fr#breadcrumb\",\"itemListElement\":[{\"@type\":\"ListItem\",\"position\":1,\"name\":\"Home\",\"item\":\"https:\\\/\\\/lequotidien.mr\\\/\"},{\"@type\":\"ListItem\",\"position\":2,\"name\":\"Forum \u00e9conomique Alg\u00e9ro-Mauritanien : Un pas strat\u00e9gique vers une int\u00e9gration r\u00e9gionale renforc\u00e9e\"}]},{\"@type\":\"WebSite\",\"@id\":\"https:\\\/\\\/lequotidien.mr\\\/#website\",\"url\":\"https:\\\/\\\/lequotidien.mr\\\/\",\"name\":\"Le Quotidien de Nouakchott\",\"description\":\"\u0625\u062e\u0628\u0627\u0631\u064a\u0629 \u0645\u0633\u062a\u0642\u0644\u0629 \u0644\u0644\u0623\u0646\u0628\u0627\u0621 \u0627\u0644\u0639\u0627\u0645\u0629\",\"publisher\":{\"@id\":\"https:\\\/\\\/lequotidien.mr\\\/#organization\"},\"potentialAction\":[{\"@type\":\"SearchAction\",\"target\":{\"@type\":\"EntryPoint\",\"urlTemplate\":\"https:\\\/\\\/lequotidien.mr\\\/?s={search_term_string}\"},\"query-input\":{\"@type\":\"PropertyValueSpecification\",\"valueRequired\":true,\"valueName\":\"search_term_string\"}}],\"inLanguage\":\"ar\"},{\"@type\":\"Organization\",\"@id\":\"https:\\\/\\\/lequotidien.mr\\\/#organization\",\"name\":\"Le Quotidien de Nouakchott\",\"url\":\"https:\\\/\\\/lequotidien.mr\\\/\",\"logo\":{\"@type\":\"ImageObject\",\"inLanguage\":\"ar\",\"@id\":\"https:\\\/\\\/lequotidien.mr\\\/#\\\/schema\\\/logo\\\/image\\\/\",\"url\":\"https:\\\/\\\/lequotidien.mr\\\/wp-content\\\/uploads\\\/2022\\\/11\\\/logolequotidien.jpg\",\"contentUrl\":\"https:\\\/\\\/lequotidien.mr\\\/wp-content\\\/uploads\\\/2022\\\/11\\\/logolequotidien.jpg\",\"width\":290,\"height\":65,\"caption\":\"Le Quotidien de Nouakchott\"},\"image\":{\"@id\":\"https:\\\/\\\/lequotidien.mr\\\/#\\\/schema\\\/logo\\\/image\\\/\"},\"sameAs\":[\"https:\\\/\\\/web.facebook.com\\\/lequotidienmr\",\"https:\\\/\\\/x.com\\\/lequotidienmr\"]},{\"@type\":\"Person\",\"@id\":\"https:\\\/\\\/lequotidien.mr\\\/#\\\/schema\\\/person\\\/d2d350202a4d599685ed8abc25f97596\",\"name\":\"Med Ahmed\",\"image\":{\"@type\":\"ImageObject\",\"inLanguage\":\"ar\",\"@id\":\"https:\\\/\\\/secure.gravatar.com\\\/avatar\\\/fd2acc62ed50732923d1d39c17172c9b04149f142be92310ecc69e1358f94b52?s=96&d=mm&r=g\",\"url\":\"https:\\\/\\\/secure.gravatar.com\\\/avatar\\\/fd2acc62ed50732923d1d39c17172c9b04149f142be92310ecc69e1358f94b52?s=96&d=mm&r=g\",\"contentUrl\":\"https:\\\/\\\/secure.gravatar.com\\\/avatar\\\/fd2acc62ed50732923d1d39c17172c9b04149f142be92310ecc69e1358f94b52?s=96&d=mm&r=g\",\"caption\":\"Med Ahmed\"},\"url\":\"https:\\\/\\\/lequotidien.mr\\\/?author=12\"}]}<\/script>\n<!-- \/ Yoast SEO plugin. -->","yoast_head_json":{"title":"Forum \u00e9conomique Alg\u00e9ro-Mauritanien : Un pas strat\u00e9gique vers une int\u00e9gration r\u00e9gionale renforc\u00e9e - Le Quotidien de Nouakchott","robots":{"index":"index","follow":"follow","max-snippet":"max-snippet:-1","max-image-preview":"max-image-preview:large","max-video-preview":"max-video-preview:-1"},"canonical":"https:\/\/lequotidien.mr\/?p=27939&lang=fr","og_locale":"ar_AR","og_type":"article","og_title":"Forum \u00e9conomique Alg\u00e9ro-Mauritanien : Un pas strat\u00e9gique vers une int\u00e9gration r\u00e9gionale renforc\u00e9e - Le Quotidien de Nouakchott","og_description":"Sous le haut patronage de la ministre mauritanienne du Commerce et du Tourisme,\u00a0Mme Zeinebou Ahmednah, et du ministre alg\u00e9rien du Commerce et de la Ma\u00eetrise du March\u00e9 National,\u00a0M. Taieb Zitouni, le premier\u00a0Forum \u00c9conomique Alg\u00e9ro-Mauritanien\u00a0a officiellement vu le jour ce vendredi \u00e0 l\u2019Acad\u00e9mie Diplomatique de Nouakchott. Organis\u00e9 en parall\u00e8le d\u2019une exposition de produits alg\u00e9riens, cet \u00e9v\u00e9nement.....","og_url":"https:\/\/lequotidien.mr\/?p=27939&lang=fr","og_site_name":"Le Quotidien de Nouakchott","article_publisher":"https:\/\/web.facebook.com\/lequotidienmr","article_published_time":"2025-05-24T23:48:37+00:00","og_image":[{"width":750,"height":430,"url":"https:\/\/lequotidien.mr\/wp-content\/uploads\/2025\/05\/photo-cloture-forum-Algerie.jpg","type":"image\/jpeg"}],"author":"Med Ahmed","twitter_card":"summary_large_image","twitter_creator":"@lequotidienmr","twitter_site":"@lequotidienmr","twitter_misc":{"\u0643\u064f\u062a\u0628 \u0628\u0648\u0627\u0633\u0637\u0629":"Med Ahmed","\u0648\u0642\u062a \u0627\u0644\u0642\u0631\u0627\u0621\u0629 \u0627\u0644\u0645\u064f\u0642\u062f\u0651\u0631":"3 \u062f\u0642\u0627\u0626\u0642"},"schema":{"@context":"https:\/\/schema.org","@graph":[{"@type":"Article","@id":"https:\/\/lequotidien.mr\/?p=27939&lang=fr#article","isPartOf":{"@id":"https:\/\/lequotidien.mr\/?p=27939&lang=fr"},"author":{"name":"Med Ahmed","@id":"https:\/\/lequotidien.mr\/#\/schema\/person\/d2d350202a4d599685ed8abc25f97596"},"headline":"Forum \u00e9conomique Alg\u00e9ro-Mauritanien : Un pas strat\u00e9gique vers une int\u00e9gration r\u00e9gionale renforc\u00e9e","datePublished":"2025-05-24T23:48:37+00:00","mainEntityOfPage":{"@id":"https:\/\/lequotidien.mr\/?p=27939&lang=fr"},"wordCount":580,"commentCount":0,"publisher":{"@id":"https:\/\/lequotidien.mr\/#organization"},"image":{"@id":"https:\/\/lequotidien.mr\/?p=27939&lang=fr#primaryimage"},"thumbnailUrl":"https:\/\/lequotidien.mr\/wp-content\/uploads\/2025\/05\/photo-cloture-forum-Algerie.jpg","articleSection":["ACTUALIT\u00c9","Economie"],"inLanguage":"ar","potentialAction":[{"@type":"CommentAction","name":"Comment","target":["https:\/\/lequotidien.mr\/?p=27939&lang=fr#respond"]}]},{"@type":"WebPage","@id":"https:\/\/lequotidien.mr\/?p=27939&lang=fr","url":"https:\/\/lequotidien.mr\/?p=27939&lang=fr","name":"Forum \u00e9conomique Alg\u00e9ro-Mauritanien : Un pas strat\u00e9gique vers une int\u00e9gration r\u00e9gionale renforc\u00e9e - Le Quotidien de Nouakchott","isPartOf":{"@id":"https:\/\/lequotidien.mr\/#website"},"primaryImageOfPage":{"@id":"https:\/\/lequotidien.mr\/?p=27939&lang=fr#primaryimage"},"image":{"@id":"https:\/\/lequotidien.mr\/?p=27939&lang=fr#primaryimage"},"thumbnailUrl":"https:\/\/lequotidien.mr\/wp-content\/uploads\/2025\/05\/photo-cloture-forum-Algerie.jpg","datePublished":"2025-05-24T23:48:37+00:00","breadcrumb":{"@id":"https:\/\/lequotidien.mr\/?p=27939&lang=fr#breadcrumb"},"inLanguage":"ar","potentialAction":[{"@type":"ReadAction","target":["https:\/\/lequotidien.mr\/?p=27939&lang=fr"]}]},{"@type":"ImageObject","inLanguage":"ar","@id":"https:\/\/lequotidien.mr\/?p=27939&lang=fr#primaryimage","url":"https:\/\/lequotidien.mr\/wp-content\/uploads\/2025\/05\/photo-cloture-forum-Algerie.jpg","contentUrl":"https:\/\/lequotidien.mr\/wp-content\/uploads\/2025\/05\/photo-cloture-forum-Algerie.jpg","width":750,"height":430},{"@type":"BreadcrumbList","@id":"https:\/\/lequotidien.mr\/?p=27939&lang=fr#breadcrumb","itemListElement":[{"@type":"ListItem","position":1,"name":"Home","item":"https:\/\/lequotidien.mr\/"},{"@type":"ListItem","position":2,"name":"Forum \u00e9conomique Alg\u00e9ro-Mauritanien : Un pas strat\u00e9gique vers une int\u00e9gration r\u00e9gionale renforc\u00e9e"}]},{"@type":"WebSite","@id":"https:\/\/lequotidien.mr\/#website","url":"https:\/\/lequotidien.mr\/","name":"Le Quotidien de Nouakchott","description":"\u0625\u062e\u0628\u0627\u0631\u064a\u0629 \u0645\u0633\u062a\u0642\u0644\u0629 \u0644\u0644\u0623\u0646\u0628\u0627\u0621 \u0627\u0644\u0639\u0627\u0645\u0629","publisher":{"@id":"https:\/\/lequotidien.mr\/#organization"},"potentialAction":[{"@type":"SearchAction","target":{"@type":"EntryPoint","urlTemplate":"https:\/\/lequotidien.mr\/?s={search_term_string}"},"query-input":{"@type":"PropertyValueSpecification","valueRequired":true,"valueName":"search_term_string"}}],"inLanguage":"ar"},{"@type":"Organization","@id":"https:\/\/lequotidien.mr\/#organization","name":"Le Quotidien de Nouakchott","url":"https:\/\/lequotidien.mr\/","logo":{"@type":"ImageObject","inLanguage":"ar","@id":"https:\/\/lequotidien.mr\/#\/schema\/logo\/image\/","url":"https:\/\/lequotidien.mr\/wp-content\/uploads\/2022\/11\/logolequotidien.jpg","contentUrl":"https:\/\/lequotidien.mr\/wp-content\/uploads\/2022\/11\/logolequotidien.jpg","width":290,"height":65,"caption":"Le Quotidien de Nouakchott"},"image":{"@id":"https:\/\/lequotidien.mr\/#\/schema\/logo\/image\/"},"sameAs":["https:\/\/web.facebook.com\/lequotidienmr","https:\/\/x.com\/lequotidienmr"]},{"@type":"Person","@id":"https:\/\/lequotidien.mr\/#\/schema\/person\/d2d350202a4d599685ed8abc25f97596","name":"Med Ahmed","image":{"@type":"ImageObject","inLanguage":"ar","@id":"https:\/\/secure.gravatar.com\/avatar\/fd2acc62ed50732923d1d39c17172c9b04149f142be92310ecc69e1358f94b52?s=96&d=mm&r=g","url":"https:\/\/secure.gravatar.com\/avatar\/fd2acc62ed50732923d1d39c17172c9b04149f142be92310ecc69e1358f94b52?s=96&d=mm&r=g","contentUrl":"https:\/\/secure.gravatar.com\/avatar\/fd2acc62ed50732923d1d39c17172c9b04149f142be92310ecc69e1358f94b52?s=96&d=mm&r=g","caption":"Med Ahmed"},"url":"https:\/\/lequotidien.mr\/?author=12"}]}},"_links":{"self":[{"href":"https:\/\/lequotidien.mr\/index.php?rest_route=\/wp\/v2\/posts\/27939","targetHints":{"allow":["GET"]}}],"collection":[{"href":"https:\/\/lequotidien.mr\/index.php?rest_route=\/wp\/v2\/posts"}],"about":[{"href":"https:\/\/lequotidien.mr\/index.php?rest_route=\/wp\/v2\/types\/post"}],"author":[{"embeddable":true,"href":"https:\/\/lequotidien.mr\/index.php?rest_route=\/wp\/v2\/users\/12"}],"replies":[{"embeddable":true,"href":"https:\/\/lequotidien.mr\/index.php?rest_route=%2Fwp%2Fv2%2Fcomments&post=27939"}],"version-history":[{"count":1,"href":"https:\/\/lequotidien.mr\/index.php?rest_route=\/wp\/v2\/posts\/27939\/revisions"}],"predecessor-version":[{"id":27941,"href":"https:\/\/lequotidien.mr\/index.php?rest_route=\/wp\/v2\/posts\/27939\/revisions\/27941"}],"wp:featuredmedia":[{"embeddable":true,"href":"https:\/\/lequotidien.mr\/index.php?rest_route=\/wp\/v2\/media\/27940"}],"wp:attachment":[{"href":"https:\/\/lequotidien.mr\/index.php?rest_route=%2Fwp%2Fv2%2Fmedia&parent=27939"}],"wp:term":[{"taxonomy":"category","embeddable":true,"href":"https:\/\/lequotidien.mr\/index.php?rest_route=%2Fwp%2Fv2%2Fcategories&post=27939"},{"taxonomy":"post_tag","embeddable":true,"href":"https:\/\/lequotidien.mr\/index.php?rest_route=%2Fwp%2Fv2%2Ftags&post=27939"}],"curies":[{"name":"wp","href":"https:\/\/api.w.org\/{rel}","templated":true}]}}