{"id":27936,"date":"2025-05-24T23:35:37","date_gmt":"2025-05-24T23:35:37","guid":{"rendered":"https:\/\/lequotidien.mr\/?p=27936"},"modified":"2025-05-24T23:35:37","modified_gmt":"2025-05-24T23:35:37","slug":"palais-des-congres-de-nouakchott-la-mauritanie-prend-la-tete-de-la-convention-dabidjan-et-plaide-pour-une-relance-de-la-protection-cotiere","status":"publish","type":"post","link":"https:\/\/lequotidien.mr\/?p=27936&lang=fr","title":{"rendered":"Palais des Congr\u00e8s de Nouakchott : La Mauritanie prend la t\u00eate de la Convention d\u2019Abidjan et plaide pour une relance de la protection c\u00f4ti\u00e8re"},"content":{"rendered":"<p>La Mauritanie a \u00e9t\u00e9 officiellement d\u00e9sign\u00e9e, vendredi soir, \u00e0 l\u2019issue de la\u00a0<strong>14\u1d49 session de la Conf\u00e9rence des Parties \u00e0 la Convention d\u2019Abidjan<\/strong>, pour pr\u00e9sider cette instance r\u00e9gionale cl\u00e9 durant trois ans. Cet \u00e9v\u00e9nement, organis\u00e9 au Palais des Congr\u00e8s de Nouakchott, marque un tournant dans la mobilisation ouest-africaine pour la sauvegarde des \u00e9cosyst\u00e8mes marins et c\u00f4tiers, menac\u00e9s par les changements climatiques et la pression anthropique.<\/p>\n<p><strong>Un mandat ax\u00e9 sur l\u2019action et la coop\u00e9ration<\/strong><\/p>\n<p>En assumant la pr\u00e9sidence de la Convention, la Mauritanie s\u2019engage \u00e0 impulser une dynamique renouvel\u00e9e pour la protection du littoral, dans un contexte o\u00f9 pr\u00e8s de\u00a0<strong>65 % des c\u00f4tes ouest-africaines<\/strong>\u00a0subissent une \u00e9rosion acc\u00e9l\u00e9r\u00e9e. La ministre de l\u2019Environnement et du D\u00e9veloppement durable,\u00a0<strong>Mme Messouda Mint Baham Mohamed Laghdhaf<\/strong>, a insist\u00e9 sur l\u2019urgence d\u2019agir : \u00ab\u00a0<em>Ce mandat est un honneur, mais aussi une responsabilit\u00e9. Nous devons transformer les engagements en r\u00e9sultats concrets pour nos populations et nos \u00e9cosyst\u00e8mes.<\/em>\u00a0\u00bb<\/p>\n<p>Les travaux de la COP14 ont abouti \u00e0 l\u2019adoption de la\u00a0<strong>D\u00e9claration de Nouakchott<\/strong>, pr\u00e9sent\u00e9e comme un \u00ab nouveau d\u00e9part \u00bb pour op\u00e9rationnaliser la Convention d\u2019Abidjan. Ce texte appelle \u00e0 une meilleure int\u00e9gration des donn\u00e9es scientifiques, notamment via le\u00a0<strong>septi\u00e8me rapport du GIEC<\/strong>\u00a0(\u00e0 para\u00eetre en 2025), qui devra inclure des sc\u00e9narios climatiques d\u00e9taill\u00e9s \u00e0 l\u2019horizon 2050 pour les zones marines.<\/p>\n<p><strong>Harmonisation et financements : les cl\u00e9s du succ\u00e8s<\/strong><\/p>\n<p>Parmi les priorit\u00e9s figurent la\u00a0<strong>ratification des protocoles additionnels<\/strong>\u00a0\u00e0 la Convention et l\u2019harmonisation des politiques avec d\u2019autres cadres internationaux, tels que les conventions sur le climat (CCNUCC), la biodiversit\u00e9 (CDB) ou les zones humides (Ramsar). \u00ab\u00a0<em>La fragmentation des efforts est notre ennemi. Seule une approche coordonn\u00e9e permettra de lutter contre la pollution, l\u2019\u00e9rosion c\u00f4ti\u00e8re ou la perte de biodiversit\u00e9<\/em>\u00a0\u00bb, a soulign\u00e9\u00a0<strong>M. Mamadou Kane<\/strong>, Secr\u00e9taire ex\u00e9cutif de la Convention.<\/p>\n<p>Le\u00a0<strong>plan d\u2019action 2025-2027<\/strong>, approuv\u00e9 lors de la session, servira de feuille de route pour mobiliser des financements et mettre en \u0153uvre des projets concrets, comme la restauration des mangroves dans le delta du fleuve S\u00e9n\u00e9gal. Les participants ont \u00e9galement plaid\u00e9 pour un soutien accru des partenaires techniques et financiers, notamment l\u2019ONU, afin de combler le d\u00e9ficit de ressources estim\u00e9 \u00e0 plusieurs milliards de dollars pour la r\u00e9gion.<\/p>\n<p><strong>Sensibilisation et innovations locales \u00e0 l\u2019honneur<\/strong><\/p>\n<p>En marge des n\u00e9gociations, une\u00a0<strong>exposition environnementale<\/strong>\u00a0a mis en lumi\u00e8re des initiatives locales, comme l\u2019utilisation de drones pour surveiller l\u2019\u00e9rosion ou des programmes communautaires de replantation de pal\u00e9tuviers. La ministre Laghdhaf et les d\u00e9l\u00e9gations ont salu\u00e9 ces efforts, soulignant le r\u00f4le crucial des savoirs traditionnels et des technologies innovantes.<\/p>\n<p>\u00ab\u00a0<em>Ces projets montrent que les solutions existent, mais elles doivent \u00eatre amplifi\u00e9es<\/em>\u00a0\u00bb, a d\u00e9clar\u00e9 un expert s\u00e9n\u00e9galais pr\u00e9sent sur place, rappelant que les mangroves, en plus de prot\u00e9ger les c\u00f4tes, stockent jusqu\u2019\u00e0\u00a0<strong>quatre fois plus de CO\u2082<\/strong>\u00a0que les for\u00eats tropicales.<\/p>\n<p><strong>Vers une diplomatie environnementale renforc\u00e9e<\/strong><\/p>\n<p>La <strong>14\u1d49 session de la Conf\u00e9rence des Parties \u00e0 la Convention d\u2019Abidjan <\/strong>s\u2019inscrit dans une s\u00e9quence internationale dense pour la Mauritanie, qui co\u00efncide avec des forums majeurs \u00e0 Nice, Abu Dhabi et Nairobi. Pour Nouakchott, cette pr\u00e9sidence est l\u2019occasion de positionner le pays comme un acteur pivot de la r\u00e9silience climatique en Afrique de l\u2019Ouest.<\/p>\n<p>\u00ab\u00a0<em>Le temps des discours est r\u00e9volu. Avec la D\u00e9claration de Nouakchott et notre plan d\u2019action, nous avons les outils pour agir. Reste \u00e0 traduire l\u2019ambition en r\u00e9alit\u00e9<\/em>\u00a0\u00bb, a conclu M. Kane, lors d\u2019une conf\u00e9rence de presse finale aux c\u00f4t\u00e9s de la ministre.<\/p>\n<p>Alors que la Mauritanie endosse ce r\u00f4le de leader, la question des moyens et de la coop\u00e9ration transfrontali\u00e8re restera centrale. Dans une r\u00e9gion o\u00f9 les d\u00e9fis climatiques ignorent les fronti\u00e8res, l\u2019espoir r\u00e9side d\u00e9sormais dans une solidarit\u00e9 r\u00e9gionale renouvel\u00e9e \u2013 et des actes \u00e0 la hauteur des urgences \u00e9cologiques.<\/p>\n","protected":false},"excerpt":{"rendered":"<p>La Mauritanie a \u00e9t\u00e9 officiellement d\u00e9sign\u00e9e, vendredi soir, \u00e0 l\u2019issue de la\u00a014\u1d49 session de la Conf\u00e9rence des Parties \u00e0 la Convention d\u2019Abidjan, pour pr\u00e9sider cette instance r\u00e9gionale cl\u00e9 durant trois ans. Cet \u00e9v\u00e9nement, organis\u00e9 au Palais des Congr\u00e8s de Nouakchott, marque un tournant dans la mobilisation ouest-africaine pour la sauvegarde des \u00e9cosyst\u00e8mes marins et c\u00f4tiers,&#8230;..<\/p>\n","protected":false},"author":12,"featured_media":27937,"comment_status":"open","ping_status":"open","sticky":false,"template":"","format":"standard","meta":{"footnotes":""},"categories":[23,49],"tags":[],"class_list":["post-27936","post","type-post","status-publish","format-standard","has-post-thumbnail","hentry","category-actualite","category-economie"],"yoast_head":"<!-- This site is optimized with the Yoast SEO plugin v27.5 - https:\/\/yoast.com\/product\/yoast-seo-wordpress\/ -->\n<title>Palais des Congr\u00e8s de Nouakchott : La Mauritanie prend la t\u00eate de la Convention d\u2019Abidjan et plaide pour une relance de la protection c\u00f4ti\u00e8re - Le Quotidien de Nouakchott<\/title>\n<meta name=\"robots\" content=\"index, follow, max-snippet:-1, max-image-preview:large, max-video-preview:-1\" \/>\n<link rel=\"canonical\" href=\"https:\/\/lequotidien.mr\/?p=27936&lang=fr\" \/>\n<meta property=\"og:locale\" content=\"ar_AR\" \/>\n<meta property=\"og:type\" content=\"article\" \/>\n<meta property=\"og:title\" content=\"Palais des Congr\u00e8s de Nouakchott : La Mauritanie prend la t\u00eate de la Convention d\u2019Abidjan et plaide pour une relance de la protection c\u00f4ti\u00e8re - Le Quotidien de Nouakchott\" \/>\n<meta property=\"og:description\" content=\"La Mauritanie a \u00e9t\u00e9 officiellement d\u00e9sign\u00e9e, vendredi soir, \u00e0 l\u2019issue de la\u00a014\u1d49 session de la Conf\u00e9rence des Parties \u00e0 la Convention d\u2019Abidjan, pour pr\u00e9sider cette instance r\u00e9gionale cl\u00e9 durant trois ans. Cet \u00e9v\u00e9nement, organis\u00e9 au Palais des Congr\u00e8s de Nouakchott, marque un tournant dans la mobilisation ouest-africaine pour la sauvegarde des \u00e9cosyst\u00e8mes marins et c\u00f4tiers,.....\" \/>\n<meta property=\"og:url\" content=\"https:\/\/lequotidien.mr\/?p=27936&amp;lang=fr\" \/>\n<meta property=\"og:site_name\" content=\"Le Quotidien de Nouakchott\" \/>\n<meta property=\"article:publisher\" content=\"https:\/\/web.facebook.com\/lequotidienmr\" \/>\n<meta property=\"article:published_time\" content=\"2025-05-24T23:35:37+00:00\" \/>\n<meta property=\"og:image\" content=\"https:\/\/lequotidien.mr\/wp-content\/uploads\/2025\/05\/photo-pdce-cfce-Abidjan.jpg\" \/>\n\t<meta property=\"og:image:width\" content=\"750\" \/>\n\t<meta property=\"og:image:height\" content=\"430\" \/>\n\t<meta property=\"og:image:type\" content=\"image\/jpeg\" \/>\n<meta name=\"author\" content=\"Med Ahmed\" \/>\n<meta name=\"twitter:card\" content=\"summary_large_image\" \/>\n<meta name=\"twitter:creator\" content=\"@lequotidienmr\" \/>\n<meta name=\"twitter:site\" content=\"@lequotidienmr\" \/>\n<meta name=\"twitter:label1\" content=\"\u0643\u064f\u062a\u0628 \u0628\u0648\u0627\u0633\u0637\u0629\" \/>\n\t<meta name=\"twitter:data1\" content=\"Med Ahmed\" \/>\n\t<meta name=\"twitter:label2\" content=\"\u0648\u0642\u062a \u0627\u0644\u0642\u0631\u0627\u0621\u0629 \u0627\u0644\u0645\u064f\u0642\u062f\u0651\u0631\" \/>\n\t<meta name=\"twitter:data2\" content=\"3 \u062f\u0642\u0627\u0626\u0642\" \/>\n<script type=\"application\/ld+json\" class=\"yoast-schema-graph\">{\"@context\":\"https:\\\/\\\/schema.org\",\"@graph\":[{\"@type\":\"Article\",\"@id\":\"https:\\\/\\\/lequotidien.mr\\\/?p=27936&lang=fr#article\",\"isPartOf\":{\"@id\":\"https:\\\/\\\/lequotidien.mr\\\/?p=27936&lang=fr\"},\"author\":{\"name\":\"Med Ahmed\",\"@id\":\"https:\\\/\\\/lequotidien.mr\\\/#\\\/schema\\\/person\\\/d2d350202a4d599685ed8abc25f97596\"},\"headline\":\"Palais des Congr\u00e8s de Nouakchott : La Mauritanie prend la t\u00eate de la Convention d\u2019Abidjan et plaide pour une relance de la protection c\u00f4ti\u00e8re\",\"datePublished\":\"2025-05-24T23:35:37+00:00\",\"mainEntityOfPage\":{\"@id\":\"https:\\\/\\\/lequotidien.mr\\\/?p=27936&lang=fr\"},\"wordCount\":715,\"commentCount\":0,\"publisher\":{\"@id\":\"https:\\\/\\\/lequotidien.mr\\\/#organization\"},\"image\":{\"@id\":\"https:\\\/\\\/lequotidien.mr\\\/?p=27936&lang=fr#primaryimage\"},\"thumbnailUrl\":\"https:\\\/\\\/lequotidien.mr\\\/wp-content\\\/uploads\\\/2025\\\/05\\\/photo-pdce-cfce-Abidjan.jpg\",\"articleSection\":[\"ACTUALIT\u00c9\",\"Economie\"],\"inLanguage\":\"ar\",\"potentialAction\":[{\"@type\":\"CommentAction\",\"name\":\"Comment\",\"target\":[\"https:\\\/\\\/lequotidien.mr\\\/?p=27936&lang=fr#respond\"]}]},{\"@type\":\"WebPage\",\"@id\":\"https:\\\/\\\/lequotidien.mr\\\/?p=27936&lang=fr\",\"url\":\"https:\\\/\\\/lequotidien.mr\\\/?p=27936&lang=fr\",\"name\":\"Palais des Congr\u00e8s de Nouakchott : La Mauritanie prend la t\u00eate de la Convention d\u2019Abidjan et plaide pour une relance de la protection c\u00f4ti\u00e8re - Le Quotidien de Nouakchott\",\"isPartOf\":{\"@id\":\"https:\\\/\\\/lequotidien.mr\\\/#website\"},\"primaryImageOfPage\":{\"@id\":\"https:\\\/\\\/lequotidien.mr\\\/?p=27936&lang=fr#primaryimage\"},\"image\":{\"@id\":\"https:\\\/\\\/lequotidien.mr\\\/?p=27936&lang=fr#primaryimage\"},\"thumbnailUrl\":\"https:\\\/\\\/lequotidien.mr\\\/wp-content\\\/uploads\\\/2025\\\/05\\\/photo-pdce-cfce-Abidjan.jpg\",\"datePublished\":\"2025-05-24T23:35:37+00:00\",\"breadcrumb\":{\"@id\":\"https:\\\/\\\/lequotidien.mr\\\/?p=27936&lang=fr#breadcrumb\"},\"inLanguage\":\"ar\",\"potentialAction\":[{\"@type\":\"ReadAction\",\"target\":[\"https:\\\/\\\/lequotidien.mr\\\/?p=27936&lang=fr\"]}]},{\"@type\":\"ImageObject\",\"inLanguage\":\"ar\",\"@id\":\"https:\\\/\\\/lequotidien.mr\\\/?p=27936&lang=fr#primaryimage\",\"url\":\"https:\\\/\\\/lequotidien.mr\\\/wp-content\\\/uploads\\\/2025\\\/05\\\/photo-pdce-cfce-Abidjan.jpg\",\"contentUrl\":\"https:\\\/\\\/lequotidien.mr\\\/wp-content\\\/uploads\\\/2025\\\/05\\\/photo-pdce-cfce-Abidjan.jpg\",\"width\":750,\"height\":430},{\"@type\":\"BreadcrumbList\",\"@id\":\"https:\\\/\\\/lequotidien.mr\\\/?p=27936&lang=fr#breadcrumb\",\"itemListElement\":[{\"@type\":\"ListItem\",\"position\":1,\"name\":\"Home\",\"item\":\"https:\\\/\\\/lequotidien.mr\\\/\"},{\"@type\":\"ListItem\",\"position\":2,\"name\":\"Palais des Congr\u00e8s de Nouakchott : La Mauritanie prend la t\u00eate de la Convention d\u2019Abidjan et plaide pour une relance de la protection c\u00f4ti\u00e8re\"}]},{\"@type\":\"WebSite\",\"@id\":\"https:\\\/\\\/lequotidien.mr\\\/#website\",\"url\":\"https:\\\/\\\/lequotidien.mr\\\/\",\"name\":\"Le Quotidien de Nouakchott\",\"description\":\"\u0625\u062e\u0628\u0627\u0631\u064a\u0629 \u0645\u0633\u062a\u0642\u0644\u0629 \u0644\u0644\u0623\u0646\u0628\u0627\u0621 \u0627\u0644\u0639\u0627\u0645\u0629\",\"publisher\":{\"@id\":\"https:\\\/\\\/lequotidien.mr\\\/#organization\"},\"potentialAction\":[{\"@type\":\"SearchAction\",\"target\":{\"@type\":\"EntryPoint\",\"urlTemplate\":\"https:\\\/\\\/lequotidien.mr\\\/?s={search_term_string}\"},\"query-input\":{\"@type\":\"PropertyValueSpecification\",\"valueRequired\":true,\"valueName\":\"search_term_string\"}}],\"inLanguage\":\"ar\"},{\"@type\":\"Organization\",\"@id\":\"https:\\\/\\\/lequotidien.mr\\\/#organization\",\"name\":\"Le Quotidien de Nouakchott\",\"url\":\"https:\\\/\\\/lequotidien.mr\\\/\",\"logo\":{\"@type\":\"ImageObject\",\"inLanguage\":\"ar\",\"@id\":\"https:\\\/\\\/lequotidien.mr\\\/#\\\/schema\\\/logo\\\/image\\\/\",\"url\":\"https:\\\/\\\/lequotidien.mr\\\/wp-content\\\/uploads\\\/2022\\\/11\\\/logolequotidien.jpg\",\"contentUrl\":\"https:\\\/\\\/lequotidien.mr\\\/wp-content\\\/uploads\\\/2022\\\/11\\\/logolequotidien.jpg\",\"width\":290,\"height\":65,\"caption\":\"Le Quotidien de Nouakchott\"},\"image\":{\"@id\":\"https:\\\/\\\/lequotidien.mr\\\/#\\\/schema\\\/logo\\\/image\\\/\"},\"sameAs\":[\"https:\\\/\\\/web.facebook.com\\\/lequotidienmr\",\"https:\\\/\\\/x.com\\\/lequotidienmr\"]},{\"@type\":\"Person\",\"@id\":\"https:\\\/\\\/lequotidien.mr\\\/#\\\/schema\\\/person\\\/d2d350202a4d599685ed8abc25f97596\",\"name\":\"Med Ahmed\",\"image\":{\"@type\":\"ImageObject\",\"inLanguage\":\"ar\",\"@id\":\"https:\\\/\\\/secure.gravatar.com\\\/avatar\\\/fd2acc62ed50732923d1d39c17172c9b04149f142be92310ecc69e1358f94b52?s=96&d=mm&r=g\",\"url\":\"https:\\\/\\\/secure.gravatar.com\\\/avatar\\\/fd2acc62ed50732923d1d39c17172c9b04149f142be92310ecc69e1358f94b52?s=96&d=mm&r=g\",\"contentUrl\":\"https:\\\/\\\/secure.gravatar.com\\\/avatar\\\/fd2acc62ed50732923d1d39c17172c9b04149f142be92310ecc69e1358f94b52?s=96&d=mm&r=g\",\"caption\":\"Med Ahmed\"},\"url\":\"https:\\\/\\\/lequotidien.mr\\\/?author=12\"}]}<\/script>\n<!-- \/ Yoast SEO plugin. -->","yoast_head_json":{"title":"Palais des Congr\u00e8s de Nouakchott : La Mauritanie prend la t\u00eate de la Convention d\u2019Abidjan et plaide pour une relance de la protection c\u00f4ti\u00e8re - Le Quotidien de Nouakchott","robots":{"index":"index","follow":"follow","max-snippet":"max-snippet:-1","max-image-preview":"max-image-preview:large","max-video-preview":"max-video-preview:-1"},"canonical":"https:\/\/lequotidien.mr\/?p=27936&lang=fr","og_locale":"ar_AR","og_type":"article","og_title":"Palais des Congr\u00e8s de Nouakchott : La Mauritanie prend la t\u00eate de la Convention d\u2019Abidjan et plaide pour une relance de la protection c\u00f4ti\u00e8re - Le Quotidien de Nouakchott","og_description":"La Mauritanie a \u00e9t\u00e9 officiellement d\u00e9sign\u00e9e, vendredi soir, \u00e0 l\u2019issue de la\u00a014\u1d49 session de la Conf\u00e9rence des Parties \u00e0 la Convention d\u2019Abidjan, pour pr\u00e9sider cette instance r\u00e9gionale cl\u00e9 durant trois ans. Cet \u00e9v\u00e9nement, organis\u00e9 au Palais des Congr\u00e8s de Nouakchott, marque un tournant dans la mobilisation ouest-africaine pour la sauvegarde des \u00e9cosyst\u00e8mes marins et c\u00f4tiers,.....","og_url":"https:\/\/lequotidien.mr\/?p=27936&lang=fr","og_site_name":"Le Quotidien de Nouakchott","article_publisher":"https:\/\/web.facebook.com\/lequotidienmr","article_published_time":"2025-05-24T23:35:37+00:00","og_image":[{"width":750,"height":430,"url":"https:\/\/lequotidien.mr\/wp-content\/uploads\/2025\/05\/photo-pdce-cfce-Abidjan.jpg","type":"image\/jpeg"}],"author":"Med Ahmed","twitter_card":"summary_large_image","twitter_creator":"@lequotidienmr","twitter_site":"@lequotidienmr","twitter_misc":{"\u0643\u064f\u062a\u0628 \u0628\u0648\u0627\u0633\u0637\u0629":"Med Ahmed","\u0648\u0642\u062a \u0627\u0644\u0642\u0631\u0627\u0621\u0629 \u0627\u0644\u0645\u064f\u0642\u062f\u0651\u0631":"3 \u062f\u0642\u0627\u0626\u0642"},"schema":{"@context":"https:\/\/schema.org","@graph":[{"@type":"Article","@id":"https:\/\/lequotidien.mr\/?p=27936&lang=fr#article","isPartOf":{"@id":"https:\/\/lequotidien.mr\/?p=27936&lang=fr"},"author":{"name":"Med Ahmed","@id":"https:\/\/lequotidien.mr\/#\/schema\/person\/d2d350202a4d599685ed8abc25f97596"},"headline":"Palais des Congr\u00e8s de Nouakchott : La Mauritanie prend la t\u00eate de la Convention d\u2019Abidjan et plaide pour une relance de la protection c\u00f4ti\u00e8re","datePublished":"2025-05-24T23:35:37+00:00","mainEntityOfPage":{"@id":"https:\/\/lequotidien.mr\/?p=27936&lang=fr"},"wordCount":715,"commentCount":0,"publisher":{"@id":"https:\/\/lequotidien.mr\/#organization"},"image":{"@id":"https:\/\/lequotidien.mr\/?p=27936&lang=fr#primaryimage"},"thumbnailUrl":"https:\/\/lequotidien.mr\/wp-content\/uploads\/2025\/05\/photo-pdce-cfce-Abidjan.jpg","articleSection":["ACTUALIT\u00c9","Economie"],"inLanguage":"ar","potentialAction":[{"@type":"CommentAction","name":"Comment","target":["https:\/\/lequotidien.mr\/?p=27936&lang=fr#respond"]}]},{"@type":"WebPage","@id":"https:\/\/lequotidien.mr\/?p=27936&lang=fr","url":"https:\/\/lequotidien.mr\/?p=27936&lang=fr","name":"Palais des Congr\u00e8s de Nouakchott : La Mauritanie prend la t\u00eate de la Convention d\u2019Abidjan et plaide pour une relance de la protection c\u00f4ti\u00e8re - Le Quotidien de Nouakchott","isPartOf":{"@id":"https:\/\/lequotidien.mr\/#website"},"primaryImageOfPage":{"@id":"https:\/\/lequotidien.mr\/?p=27936&lang=fr#primaryimage"},"image":{"@id":"https:\/\/lequotidien.mr\/?p=27936&lang=fr#primaryimage"},"thumbnailUrl":"https:\/\/lequotidien.mr\/wp-content\/uploads\/2025\/05\/photo-pdce-cfce-Abidjan.jpg","datePublished":"2025-05-24T23:35:37+00:00","breadcrumb":{"@id":"https:\/\/lequotidien.mr\/?p=27936&lang=fr#breadcrumb"},"inLanguage":"ar","potentialAction":[{"@type":"ReadAction","target":["https:\/\/lequotidien.mr\/?p=27936&lang=fr"]}]},{"@type":"ImageObject","inLanguage":"ar","@id":"https:\/\/lequotidien.mr\/?p=27936&lang=fr#primaryimage","url":"https:\/\/lequotidien.mr\/wp-content\/uploads\/2025\/05\/photo-pdce-cfce-Abidjan.jpg","contentUrl":"https:\/\/lequotidien.mr\/wp-content\/uploads\/2025\/05\/photo-pdce-cfce-Abidjan.jpg","width":750,"height":430},{"@type":"BreadcrumbList","@id":"https:\/\/lequotidien.mr\/?p=27936&lang=fr#breadcrumb","itemListElement":[{"@type":"ListItem","position":1,"name":"Home","item":"https:\/\/lequotidien.mr\/"},{"@type":"ListItem","position":2,"name":"Palais des Congr\u00e8s de Nouakchott : La Mauritanie prend la t\u00eate de la Convention d\u2019Abidjan et plaide pour une relance de la protection c\u00f4ti\u00e8re"}]},{"@type":"WebSite","@id":"https:\/\/lequotidien.mr\/#website","url":"https:\/\/lequotidien.mr\/","name":"Le Quotidien de Nouakchott","description":"\u0625\u062e\u0628\u0627\u0631\u064a\u0629 \u0645\u0633\u062a\u0642\u0644\u0629 \u0644\u0644\u0623\u0646\u0628\u0627\u0621 \u0627\u0644\u0639\u0627\u0645\u0629","publisher":{"@id":"https:\/\/lequotidien.mr\/#organization"},"potentialAction":[{"@type":"SearchAction","target":{"@type":"EntryPoint","urlTemplate":"https:\/\/lequotidien.mr\/?s={search_term_string}"},"query-input":{"@type":"PropertyValueSpecification","valueRequired":true,"valueName":"search_term_string"}}],"inLanguage":"ar"},{"@type":"Organization","@id":"https:\/\/lequotidien.mr\/#organization","name":"Le Quotidien de Nouakchott","url":"https:\/\/lequotidien.mr\/","logo":{"@type":"ImageObject","inLanguage":"ar","@id":"https:\/\/lequotidien.mr\/#\/schema\/logo\/image\/","url":"https:\/\/lequotidien.mr\/wp-content\/uploads\/2022\/11\/logolequotidien.jpg","contentUrl":"https:\/\/lequotidien.mr\/wp-content\/uploads\/2022\/11\/logolequotidien.jpg","width":290,"height":65,"caption":"Le Quotidien de Nouakchott"},"image":{"@id":"https:\/\/lequotidien.mr\/#\/schema\/logo\/image\/"},"sameAs":["https:\/\/web.facebook.com\/lequotidienmr","https:\/\/x.com\/lequotidienmr"]},{"@type":"Person","@id":"https:\/\/lequotidien.mr\/#\/schema\/person\/d2d350202a4d599685ed8abc25f97596","name":"Med Ahmed","image":{"@type":"ImageObject","inLanguage":"ar","@id":"https:\/\/secure.gravatar.com\/avatar\/fd2acc62ed50732923d1d39c17172c9b04149f142be92310ecc69e1358f94b52?s=96&d=mm&r=g","url":"https:\/\/secure.gravatar.com\/avatar\/fd2acc62ed50732923d1d39c17172c9b04149f142be92310ecc69e1358f94b52?s=96&d=mm&r=g","contentUrl":"https:\/\/secure.gravatar.com\/avatar\/fd2acc62ed50732923d1d39c17172c9b04149f142be92310ecc69e1358f94b52?s=96&d=mm&r=g","caption":"Med Ahmed"},"url":"https:\/\/lequotidien.mr\/?author=12"}]}},"_links":{"self":[{"href":"https:\/\/lequotidien.mr\/index.php?rest_route=\/wp\/v2\/posts\/27936","targetHints":{"allow":["GET"]}}],"collection":[{"href":"https:\/\/lequotidien.mr\/index.php?rest_route=\/wp\/v2\/posts"}],"about":[{"href":"https:\/\/lequotidien.mr\/index.php?rest_route=\/wp\/v2\/types\/post"}],"author":[{"embeddable":true,"href":"https:\/\/lequotidien.mr\/index.php?rest_route=\/wp\/v2\/users\/12"}],"replies":[{"embeddable":true,"href":"https:\/\/lequotidien.mr\/index.php?rest_route=%2Fwp%2Fv2%2Fcomments&post=27936"}],"version-history":[{"count":1,"href":"https:\/\/lequotidien.mr\/index.php?rest_route=\/wp\/v2\/posts\/27936\/revisions"}],"predecessor-version":[{"id":27938,"href":"https:\/\/lequotidien.mr\/index.php?rest_route=\/wp\/v2\/posts\/27936\/revisions\/27938"}],"wp:featuredmedia":[{"embeddable":true,"href":"https:\/\/lequotidien.mr\/index.php?rest_route=\/wp\/v2\/media\/27937"}],"wp:attachment":[{"href":"https:\/\/lequotidien.mr\/index.php?rest_route=%2Fwp%2Fv2%2Fmedia&parent=27936"}],"wp:term":[{"taxonomy":"category","embeddable":true,"href":"https:\/\/lequotidien.mr\/index.php?rest_route=%2Fwp%2Fv2%2Fcategories&post=27936"},{"taxonomy":"post_tag","embeddable":true,"href":"https:\/\/lequotidien.mr\/index.php?rest_route=%2Fwp%2Fv2%2Ftags&post=27936"}],"curies":[{"name":"wp","href":"https:\/\/api.w.org\/{rel}","templated":true}]}}