{"id":27893,"date":"2025-05-22T23:51:00","date_gmt":"2025-05-22T23:51:00","guid":{"rendered":"https:\/\/lequotidien.mr\/?p=27893"},"modified":"2025-05-22T23:51:00","modified_gmt":"2025-05-22T23:51:00","slug":"mme-zeinebou-ahmadnah-et-le-ministre-turc-yusuf-tekin-cloturent-une-formation-phare-pour-valoriser-le-tourisme-mauritanien","status":"publish","type":"post","link":"https:\/\/lequotidien.mr\/?p=27893&lang=fr","title":{"rendered":"Mme Zeinebou Ahmadnah et le ministre turc Yusuf Tekin cl\u00f4turent une formation phare pour valoriser le tourisme mauritanien"},"content":{"rendered":"<p>La ministre mauritanienne du Commerce et du Tourisme, Mme Zeinebou Ahmadnah, et le ministre turc de l\u2019\u00c9ducation nationale, Dr Yusuf Tekin, ont pr\u00e9sid\u00e9, jeudi dernier, la c\u00e9r\u00e9monie de cl\u00f4ture d\u2019un cours de formation sur les m\u00e9thodes modernes d\u2019enseignement du tourisme, organis\u00e9 conjointement par l\u2019Office national du tourisme de Mauritanie et l\u2019Agence turque de coop\u00e9ration et de coordination (TIKA). Cet \u00e9v\u00e9nement, qui a rassembl\u00e9 60 professionnels et formateurs du secteur, illustre la dynamique de coop\u00e9ration entre Nouakchott et Ankara, ainsi que leur engagement commun \u00e0 positionner la Mauritanie comme destination touristique de premier plan.<\/p>\n<p><strong>Une formation pour hisser le tourisme mauritanien sur la sc\u00e8ne internationale<\/strong><\/p>\n<p>Dispens\u00e9e par des experts turcs et mauritaniens, cette formation intensive visait \u00e0 renforcer les comp\u00e9tences p\u00e9dagogiques et op\u00e9rationnelles des participants, tout en encourageant l\u2019\u00e9change de bonnes pratiques. L\u2019accent a \u00e9t\u00e9 mis sur la mise en valeur du patrimoine culturel unique et des paysages \u00e9poustouflants de la Mauritanie \u2013 des atouts qui, selon les organisateurs, m\u00e9ritent une reconnaissance mondiale. \u00ab Ce programme s\u2019inscrit dans notre strat\u00e9gie nationale de diversification \u00e9conomique et de promotion d\u2019un tourisme durable, respectueux de notre environnement et de nos traditions \u00bb, a d\u00e9clar\u00e9 Mme Zeinebou Ahmadnah lors de son allocution.<\/p>\n<p><strong>Renforcement des liens historiques entre la Mauritanie et la Turquie<\/strong><\/p>\n<p>La visite du Dr Yusuf Tekin en Mauritanie a \u00e9t\u00e9 l\u2019occasion de r\u00e9affirmer la profondeur des relations bilat\u00e9rales, ancr\u00e9es dans des affinit\u00e9s historiques, culturelles et religieuses. \u00ab La Turquie est un partenaire strat\u00e9gique pour notre pays, non seulement dans le domaine \u00e9ducatif, mais aussi dans la r\u00e9alisation de projets structurants pour notre d\u00e9veloppement \u00bb, a soulign\u00e9 la ministre mauritanienne. Elle a rappel\u00e9 que le secteur touristique, en pleine expansion, constitue un levier essentiel pour stimuler les \u00e9changes \u00e9conomiques et culturels, tout en cr\u00e9ant des emplois locaux.<\/p>\n<p>Pour sa part, le ministre turc a salu\u00e9 \u00ab l\u2019engagement visionnaire \u00bb des deux pays \u00e0 renforcer leur coop\u00e9ration : \u00ab La Turquie soutient sans r\u00e9serve les efforts de la Mauritanie pour exploiter son potentiel touristique. Cette formation est une preuve tangible de notre volont\u00e9 d\u2019\u0153uvrer main dans la main, pour le b\u00e9n\u00e9fice de nos peuples. \u00bb<\/p>\n<p><strong>TIKA, un acteur cl\u00e9 de la coop\u00e9ration Sud-Sud<\/strong><\/p>\n<p>L\u2019implication de l\u2019Agence turque TIKA, reconnue pour ses projets de d\u00e9veloppement en Afrique, a \u00e9t\u00e9 d\u00e9terminante dans la r\u00e9ussite de cette initiative. Depuis des ann\u00e9es, l\u2019agence accompagne la Mauritanie dans des domaines vari\u00e9s, allant de l\u2019\u00e9ducation \u00e0 la sant\u00e9, en passant par l\u2019agriculture. Ce programme de formation s\u2019ajoute ainsi \u00e0 une s\u00e9rie de projets concrets visant \u00e0 transf\u00e9rer l\u2019expertise turque tout en valorisant les sp\u00e9cificit\u00e9s locales.<\/p>\n<p><strong>Perspectives : vers une destination touristique int\u00e9gr\u00e9e<\/strong><\/p>\n<p>Les participants, issus d\u2019\u00e9tablissements h\u00f4teliers, d\u2019agences de voyage et d\u2019institutions publiques, ont re\u00e7u des attestations \u00e0 l\u2019issue de la c\u00e9r\u00e9monie. Pour les organisateurs, cette formation n\u2019est qu\u2019une premi\u00e8re \u00e9tape. Des projets similaires sont envisag\u00e9s pour moderniser l\u2019offre touristique mauritanienne, avec un focus sur l\u2019\u00e9cotourisme, le tourisme culturel (notamment autour des anciennes cit\u00e9s caravani\u00e8res comme Chinguetti) et l\u2019accueil des visiteurs internationaux.<\/p>\n<p>En marge de l\u2019\u00e9v\u00e9nement, les deux parties ont exprim\u00e9 leur souhait d\u2019\u00e9largir le partenariat \u00e0 d\u2019autres secteurs, tels que la formation professionnelle et l\u2019innovation p\u00e9dagogique. Une mani\u00e8re de consolider un dialogue strat\u00e9gique qui place le savoir-faire et le patrimoine au c\u0153ur du d\u00e9veloppement commun.<\/p>\n<p>&nbsp;<\/p>\n","protected":false},"excerpt":{"rendered":"<p>La ministre mauritanienne du Commerce et du Tourisme, Mme Zeinebou Ahmadnah, et le ministre turc de l\u2019\u00c9ducation nationale, Dr Yusuf Tekin, ont pr\u00e9sid\u00e9, jeudi dernier, la c\u00e9r\u00e9monie de cl\u00f4ture d\u2019un cours de formation sur les m\u00e9thodes modernes d\u2019enseignement du tourisme, organis\u00e9 conjointement par l\u2019Office national du tourisme de Mauritanie et l\u2019Agence turque de coop\u00e9ration et&#8230;..<\/p>\n","protected":false},"author":12,"featured_media":27894,"comment_status":"open","ping_status":"open","sticky":false,"template":"","format":"standard","meta":{"footnotes":""},"categories":[23,49,55],"tags":[],"class_list":["post-27893","post","type-post","status-publish","format-standard","has-post-thumbnail","hentry","category-actualite","category-economie","category-culture"],"yoast_head":"<!-- This site is optimized with the Yoast SEO plugin v27.5 - https:\/\/yoast.com\/product\/yoast-seo-wordpress\/ -->\n<title>Mme Zeinebou Ahmadnah et le ministre turc Yusuf Tekin cl\u00f4turent une formation phare pour valoriser le tourisme mauritanien - Le Quotidien de Nouakchott<\/title>\n<meta name=\"robots\" content=\"index, follow, max-snippet:-1, max-image-preview:large, max-video-preview:-1\" \/>\n<link rel=\"canonical\" href=\"https:\/\/lequotidien.mr\/?p=27893&lang=fr\" \/>\n<meta property=\"og:locale\" content=\"ar_AR\" \/>\n<meta property=\"og:type\" content=\"article\" \/>\n<meta property=\"og:title\" content=\"Mme Zeinebou Ahmadnah et le ministre turc Yusuf Tekin cl\u00f4turent une formation phare pour valoriser le tourisme mauritanien - Le Quotidien de Nouakchott\" \/>\n<meta property=\"og:description\" content=\"La ministre mauritanienne du Commerce et du Tourisme, Mme Zeinebou Ahmadnah, et le ministre turc de l\u2019\u00c9ducation nationale, Dr Yusuf Tekin, ont pr\u00e9sid\u00e9, jeudi dernier, la c\u00e9r\u00e9monie de cl\u00f4ture d\u2019un cours de formation sur les m\u00e9thodes modernes d\u2019enseignement du tourisme, organis\u00e9 conjointement par l\u2019Office national du tourisme de Mauritanie et l\u2019Agence turque de coop\u00e9ration et.....\" \/>\n<meta property=\"og:url\" content=\"https:\/\/lequotidien.mr\/?p=27893&amp;lang=fr\" \/>\n<meta property=\"og:site_name\" content=\"Le Quotidien de Nouakchott\" \/>\n<meta property=\"article:publisher\" content=\"https:\/\/web.facebook.com\/lequotidienmr\" \/>\n<meta property=\"article:published_time\" content=\"2025-05-22T23:51:00+00:00\" \/>\n<meta property=\"og:image\" content=\"https:\/\/lequotidien.mr\/wp-content\/uploads\/2025\/05\/photo-cloture-formation.jpg\" \/>\n\t<meta property=\"og:image:width\" content=\"750\" \/>\n\t<meta property=\"og:image:height\" content=\"430\" \/>\n\t<meta property=\"og:image:type\" content=\"image\/jpeg\" \/>\n<meta name=\"author\" content=\"Med Ahmed\" \/>\n<meta name=\"twitter:card\" content=\"summary_large_image\" \/>\n<meta name=\"twitter:creator\" content=\"@lequotidienmr\" \/>\n<meta name=\"twitter:site\" content=\"@lequotidienmr\" \/>\n<meta name=\"twitter:label1\" content=\"\u0643\u064f\u062a\u0628 \u0628\u0648\u0627\u0633\u0637\u0629\" \/>\n\t<meta name=\"twitter:data1\" content=\"Med Ahmed\" \/>\n\t<meta name=\"twitter:label2\" content=\"\u0648\u0642\u062a \u0627\u0644\u0642\u0631\u0627\u0621\u0629 \u0627\u0644\u0645\u064f\u0642\u062f\u0651\u0631\" \/>\n\t<meta name=\"twitter:data2\" content=\"3 \u062f\u0642\u0627\u0626\u0642\" \/>\n<script type=\"application\/ld+json\" class=\"yoast-schema-graph\">{\"@context\":\"https:\\\/\\\/schema.org\",\"@graph\":[{\"@type\":\"Article\",\"@id\":\"https:\\\/\\\/lequotidien.mr\\\/?p=27893&lang=fr#article\",\"isPartOf\":{\"@id\":\"https:\\\/\\\/lequotidien.mr\\\/?p=27893&lang=fr\"},\"author\":{\"name\":\"Med Ahmed\",\"@id\":\"https:\\\/\\\/lequotidien.mr\\\/#\\\/schema\\\/person\\\/d2d350202a4d599685ed8abc25f97596\"},\"headline\":\"Mme Zeinebou Ahmadnah et le ministre turc Yusuf Tekin cl\u00f4turent une formation phare pour valoriser le tourisme mauritanien\",\"datePublished\":\"2025-05-22T23:51:00+00:00\",\"mainEntityOfPage\":{\"@id\":\"https:\\\/\\\/lequotidien.mr\\\/?p=27893&lang=fr\"},\"wordCount\":621,\"commentCount\":0,\"publisher\":{\"@id\":\"https:\\\/\\\/lequotidien.mr\\\/#organization\"},\"image\":{\"@id\":\"https:\\\/\\\/lequotidien.mr\\\/?p=27893&lang=fr#primaryimage\"},\"thumbnailUrl\":\"https:\\\/\\\/lequotidien.mr\\\/wp-content\\\/uploads\\\/2025\\\/05\\\/photo-cloture-formation.jpg\",\"articleSection\":[\"ACTUALIT\u00c9\",\"Economie\",\"Culture\"],\"inLanguage\":\"ar\",\"potentialAction\":[{\"@type\":\"CommentAction\",\"name\":\"Comment\",\"target\":[\"https:\\\/\\\/lequotidien.mr\\\/?p=27893&lang=fr#respond\"]}]},{\"@type\":\"WebPage\",\"@id\":\"https:\\\/\\\/lequotidien.mr\\\/?p=27893&lang=fr\",\"url\":\"https:\\\/\\\/lequotidien.mr\\\/?p=27893&lang=fr\",\"name\":\"Mme Zeinebou Ahmadnah et le ministre turc Yusuf Tekin cl\u00f4turent une formation phare pour valoriser le tourisme mauritanien - Le Quotidien de Nouakchott\",\"isPartOf\":{\"@id\":\"https:\\\/\\\/lequotidien.mr\\\/#website\"},\"primaryImageOfPage\":{\"@id\":\"https:\\\/\\\/lequotidien.mr\\\/?p=27893&lang=fr#primaryimage\"},\"image\":{\"@id\":\"https:\\\/\\\/lequotidien.mr\\\/?p=27893&lang=fr#primaryimage\"},\"thumbnailUrl\":\"https:\\\/\\\/lequotidien.mr\\\/wp-content\\\/uploads\\\/2025\\\/05\\\/photo-cloture-formation.jpg\",\"datePublished\":\"2025-05-22T23:51:00+00:00\",\"breadcrumb\":{\"@id\":\"https:\\\/\\\/lequotidien.mr\\\/?p=27893&lang=fr#breadcrumb\"},\"inLanguage\":\"ar\",\"potentialAction\":[{\"@type\":\"ReadAction\",\"target\":[\"https:\\\/\\\/lequotidien.mr\\\/?p=27893&lang=fr\"]}]},{\"@type\":\"ImageObject\",\"inLanguage\":\"ar\",\"@id\":\"https:\\\/\\\/lequotidien.mr\\\/?p=27893&lang=fr#primaryimage\",\"url\":\"https:\\\/\\\/lequotidien.mr\\\/wp-content\\\/uploads\\\/2025\\\/05\\\/photo-cloture-formation.jpg\",\"contentUrl\":\"https:\\\/\\\/lequotidien.mr\\\/wp-content\\\/uploads\\\/2025\\\/05\\\/photo-cloture-formation.jpg\",\"width\":750,\"height\":430},{\"@type\":\"BreadcrumbList\",\"@id\":\"https:\\\/\\\/lequotidien.mr\\\/?p=27893&lang=fr#breadcrumb\",\"itemListElement\":[{\"@type\":\"ListItem\",\"position\":1,\"name\":\"Home\",\"item\":\"https:\\\/\\\/lequotidien.mr\\\/\"},{\"@type\":\"ListItem\",\"position\":2,\"name\":\"Mme Zeinebou Ahmadnah et le ministre turc Yusuf Tekin cl\u00f4turent une formation phare pour valoriser le tourisme mauritanien\"}]},{\"@type\":\"WebSite\",\"@id\":\"https:\\\/\\\/lequotidien.mr\\\/#website\",\"url\":\"https:\\\/\\\/lequotidien.mr\\\/\",\"name\":\"Le Quotidien de Nouakchott\",\"description\":\"\u0625\u062e\u0628\u0627\u0631\u064a\u0629 \u0645\u0633\u062a\u0642\u0644\u0629 \u0644\u0644\u0623\u0646\u0628\u0627\u0621 \u0627\u0644\u0639\u0627\u0645\u0629\",\"publisher\":{\"@id\":\"https:\\\/\\\/lequotidien.mr\\\/#organization\"},\"potentialAction\":[{\"@type\":\"SearchAction\",\"target\":{\"@type\":\"EntryPoint\",\"urlTemplate\":\"https:\\\/\\\/lequotidien.mr\\\/?s={search_term_string}\"},\"query-input\":{\"@type\":\"PropertyValueSpecification\",\"valueRequired\":true,\"valueName\":\"search_term_string\"}}],\"inLanguage\":\"ar\"},{\"@type\":\"Organization\",\"@id\":\"https:\\\/\\\/lequotidien.mr\\\/#organization\",\"name\":\"Le Quotidien de Nouakchott\",\"url\":\"https:\\\/\\\/lequotidien.mr\\\/\",\"logo\":{\"@type\":\"ImageObject\",\"inLanguage\":\"ar\",\"@id\":\"https:\\\/\\\/lequotidien.mr\\\/#\\\/schema\\\/logo\\\/image\\\/\",\"url\":\"https:\\\/\\\/lequotidien.mr\\\/wp-content\\\/uploads\\\/2022\\\/11\\\/logolequotidien.jpg\",\"contentUrl\":\"https:\\\/\\\/lequotidien.mr\\\/wp-content\\\/uploads\\\/2022\\\/11\\\/logolequotidien.jpg\",\"width\":290,\"height\":65,\"caption\":\"Le Quotidien de Nouakchott\"},\"image\":{\"@id\":\"https:\\\/\\\/lequotidien.mr\\\/#\\\/schema\\\/logo\\\/image\\\/\"},\"sameAs\":[\"https:\\\/\\\/web.facebook.com\\\/lequotidienmr\",\"https:\\\/\\\/x.com\\\/lequotidienmr\"]},{\"@type\":\"Person\",\"@id\":\"https:\\\/\\\/lequotidien.mr\\\/#\\\/schema\\\/person\\\/d2d350202a4d599685ed8abc25f97596\",\"name\":\"Med Ahmed\",\"image\":{\"@type\":\"ImageObject\",\"inLanguage\":\"ar\",\"@id\":\"https:\\\/\\\/secure.gravatar.com\\\/avatar\\\/fd2acc62ed50732923d1d39c17172c9b04149f142be92310ecc69e1358f94b52?s=96&d=mm&r=g\",\"url\":\"https:\\\/\\\/secure.gravatar.com\\\/avatar\\\/fd2acc62ed50732923d1d39c17172c9b04149f142be92310ecc69e1358f94b52?s=96&d=mm&r=g\",\"contentUrl\":\"https:\\\/\\\/secure.gravatar.com\\\/avatar\\\/fd2acc62ed50732923d1d39c17172c9b04149f142be92310ecc69e1358f94b52?s=96&d=mm&r=g\",\"caption\":\"Med Ahmed\"},\"url\":\"https:\\\/\\\/lequotidien.mr\\\/?author=12\"}]}<\/script>\n<!-- \/ Yoast SEO plugin. -->","yoast_head_json":{"title":"Mme Zeinebou Ahmadnah et le ministre turc Yusuf Tekin cl\u00f4turent une formation phare pour valoriser le tourisme mauritanien - Le Quotidien de Nouakchott","robots":{"index":"index","follow":"follow","max-snippet":"max-snippet:-1","max-image-preview":"max-image-preview:large","max-video-preview":"max-video-preview:-1"},"canonical":"https:\/\/lequotidien.mr\/?p=27893&lang=fr","og_locale":"ar_AR","og_type":"article","og_title":"Mme Zeinebou Ahmadnah et le ministre turc Yusuf Tekin cl\u00f4turent une formation phare pour valoriser le tourisme mauritanien - Le Quotidien de Nouakchott","og_description":"La ministre mauritanienne du Commerce et du Tourisme, Mme Zeinebou Ahmadnah, et le ministre turc de l\u2019\u00c9ducation nationale, Dr Yusuf Tekin, ont pr\u00e9sid\u00e9, jeudi dernier, la c\u00e9r\u00e9monie de cl\u00f4ture d\u2019un cours de formation sur les m\u00e9thodes modernes d\u2019enseignement du tourisme, organis\u00e9 conjointement par l\u2019Office national du tourisme de Mauritanie et l\u2019Agence turque de coop\u00e9ration et.....","og_url":"https:\/\/lequotidien.mr\/?p=27893&lang=fr","og_site_name":"Le Quotidien de Nouakchott","article_publisher":"https:\/\/web.facebook.com\/lequotidienmr","article_published_time":"2025-05-22T23:51:00+00:00","og_image":[{"width":750,"height":430,"url":"https:\/\/lequotidien.mr\/wp-content\/uploads\/2025\/05\/photo-cloture-formation.jpg","type":"image\/jpeg"}],"author":"Med Ahmed","twitter_card":"summary_large_image","twitter_creator":"@lequotidienmr","twitter_site":"@lequotidienmr","twitter_misc":{"\u0643\u064f\u062a\u0628 \u0628\u0648\u0627\u0633\u0637\u0629":"Med Ahmed","\u0648\u0642\u062a \u0627\u0644\u0642\u0631\u0627\u0621\u0629 \u0627\u0644\u0645\u064f\u0642\u062f\u0651\u0631":"3 \u062f\u0642\u0627\u0626\u0642"},"schema":{"@context":"https:\/\/schema.org","@graph":[{"@type":"Article","@id":"https:\/\/lequotidien.mr\/?p=27893&lang=fr#article","isPartOf":{"@id":"https:\/\/lequotidien.mr\/?p=27893&lang=fr"},"author":{"name":"Med Ahmed","@id":"https:\/\/lequotidien.mr\/#\/schema\/person\/d2d350202a4d599685ed8abc25f97596"},"headline":"Mme Zeinebou Ahmadnah et le ministre turc Yusuf Tekin cl\u00f4turent une formation phare pour valoriser le tourisme mauritanien","datePublished":"2025-05-22T23:51:00+00:00","mainEntityOfPage":{"@id":"https:\/\/lequotidien.mr\/?p=27893&lang=fr"},"wordCount":621,"commentCount":0,"publisher":{"@id":"https:\/\/lequotidien.mr\/#organization"},"image":{"@id":"https:\/\/lequotidien.mr\/?p=27893&lang=fr#primaryimage"},"thumbnailUrl":"https:\/\/lequotidien.mr\/wp-content\/uploads\/2025\/05\/photo-cloture-formation.jpg","articleSection":["ACTUALIT\u00c9","Economie","Culture"],"inLanguage":"ar","potentialAction":[{"@type":"CommentAction","name":"Comment","target":["https:\/\/lequotidien.mr\/?p=27893&lang=fr#respond"]}]},{"@type":"WebPage","@id":"https:\/\/lequotidien.mr\/?p=27893&lang=fr","url":"https:\/\/lequotidien.mr\/?p=27893&lang=fr","name":"Mme Zeinebou Ahmadnah et le ministre turc Yusuf Tekin cl\u00f4turent une formation phare pour valoriser le tourisme mauritanien - Le Quotidien de Nouakchott","isPartOf":{"@id":"https:\/\/lequotidien.mr\/#website"},"primaryImageOfPage":{"@id":"https:\/\/lequotidien.mr\/?p=27893&lang=fr#primaryimage"},"image":{"@id":"https:\/\/lequotidien.mr\/?p=27893&lang=fr#primaryimage"},"thumbnailUrl":"https:\/\/lequotidien.mr\/wp-content\/uploads\/2025\/05\/photo-cloture-formation.jpg","datePublished":"2025-05-22T23:51:00+00:00","breadcrumb":{"@id":"https:\/\/lequotidien.mr\/?p=27893&lang=fr#breadcrumb"},"inLanguage":"ar","potentialAction":[{"@type":"ReadAction","target":["https:\/\/lequotidien.mr\/?p=27893&lang=fr"]}]},{"@type":"ImageObject","inLanguage":"ar","@id":"https:\/\/lequotidien.mr\/?p=27893&lang=fr#primaryimage","url":"https:\/\/lequotidien.mr\/wp-content\/uploads\/2025\/05\/photo-cloture-formation.jpg","contentUrl":"https:\/\/lequotidien.mr\/wp-content\/uploads\/2025\/05\/photo-cloture-formation.jpg","width":750,"height":430},{"@type":"BreadcrumbList","@id":"https:\/\/lequotidien.mr\/?p=27893&lang=fr#breadcrumb","itemListElement":[{"@type":"ListItem","position":1,"name":"Home","item":"https:\/\/lequotidien.mr\/"},{"@type":"ListItem","position":2,"name":"Mme Zeinebou Ahmadnah et le ministre turc Yusuf Tekin cl\u00f4turent une formation phare pour valoriser le tourisme mauritanien"}]},{"@type":"WebSite","@id":"https:\/\/lequotidien.mr\/#website","url":"https:\/\/lequotidien.mr\/","name":"Le Quotidien de Nouakchott","description":"\u0625\u062e\u0628\u0627\u0631\u064a\u0629 \u0645\u0633\u062a\u0642\u0644\u0629 \u0644\u0644\u0623\u0646\u0628\u0627\u0621 \u0627\u0644\u0639\u0627\u0645\u0629","publisher":{"@id":"https:\/\/lequotidien.mr\/#organization"},"potentialAction":[{"@type":"SearchAction","target":{"@type":"EntryPoint","urlTemplate":"https:\/\/lequotidien.mr\/?s={search_term_string}"},"query-input":{"@type":"PropertyValueSpecification","valueRequired":true,"valueName":"search_term_string"}}],"inLanguage":"ar"},{"@type":"Organization","@id":"https:\/\/lequotidien.mr\/#organization","name":"Le Quotidien de Nouakchott","url":"https:\/\/lequotidien.mr\/","logo":{"@type":"ImageObject","inLanguage":"ar","@id":"https:\/\/lequotidien.mr\/#\/schema\/logo\/image\/","url":"https:\/\/lequotidien.mr\/wp-content\/uploads\/2022\/11\/logolequotidien.jpg","contentUrl":"https:\/\/lequotidien.mr\/wp-content\/uploads\/2022\/11\/logolequotidien.jpg","width":290,"height":65,"caption":"Le Quotidien de Nouakchott"},"image":{"@id":"https:\/\/lequotidien.mr\/#\/schema\/logo\/image\/"},"sameAs":["https:\/\/web.facebook.com\/lequotidienmr","https:\/\/x.com\/lequotidienmr"]},{"@type":"Person","@id":"https:\/\/lequotidien.mr\/#\/schema\/person\/d2d350202a4d599685ed8abc25f97596","name":"Med Ahmed","image":{"@type":"ImageObject","inLanguage":"ar","@id":"https:\/\/secure.gravatar.com\/avatar\/fd2acc62ed50732923d1d39c17172c9b04149f142be92310ecc69e1358f94b52?s=96&d=mm&r=g","url":"https:\/\/secure.gravatar.com\/avatar\/fd2acc62ed50732923d1d39c17172c9b04149f142be92310ecc69e1358f94b52?s=96&d=mm&r=g","contentUrl":"https:\/\/secure.gravatar.com\/avatar\/fd2acc62ed50732923d1d39c17172c9b04149f142be92310ecc69e1358f94b52?s=96&d=mm&r=g","caption":"Med Ahmed"},"url":"https:\/\/lequotidien.mr\/?author=12"}]}},"_links":{"self":[{"href":"https:\/\/lequotidien.mr\/index.php?rest_route=\/wp\/v2\/posts\/27893","targetHints":{"allow":["GET"]}}],"collection":[{"href":"https:\/\/lequotidien.mr\/index.php?rest_route=\/wp\/v2\/posts"}],"about":[{"href":"https:\/\/lequotidien.mr\/index.php?rest_route=\/wp\/v2\/types\/post"}],"author":[{"embeddable":true,"href":"https:\/\/lequotidien.mr\/index.php?rest_route=\/wp\/v2\/users\/12"}],"replies":[{"embeddable":true,"href":"https:\/\/lequotidien.mr\/index.php?rest_route=%2Fwp%2Fv2%2Fcomments&post=27893"}],"version-history":[{"count":1,"href":"https:\/\/lequotidien.mr\/index.php?rest_route=\/wp\/v2\/posts\/27893\/revisions"}],"predecessor-version":[{"id":27895,"href":"https:\/\/lequotidien.mr\/index.php?rest_route=\/wp\/v2\/posts\/27893\/revisions\/27895"}],"wp:featuredmedia":[{"embeddable":true,"href":"https:\/\/lequotidien.mr\/index.php?rest_route=\/wp\/v2\/media\/27894"}],"wp:attachment":[{"href":"https:\/\/lequotidien.mr\/index.php?rest_route=%2Fwp%2Fv2%2Fmedia&parent=27893"}],"wp:term":[{"taxonomy":"category","embeddable":true,"href":"https:\/\/lequotidien.mr\/index.php?rest_route=%2Fwp%2Fv2%2Fcategories&post=27893"},{"taxonomy":"post_tag","embeddable":true,"href":"https:\/\/lequotidien.mr\/index.php?rest_route=%2Fwp%2Fv2%2Ftags&post=27893"}],"curies":[{"name":"wp","href":"https:\/\/api.w.org\/{rel}","templated":true}]}}