{"id":27815,"date":"2025-05-21T09:29:02","date_gmt":"2025-05-21T09:29:02","guid":{"rendered":"https:\/\/lequotidien.mr\/?p=27815"},"modified":"2025-05-21T09:29:02","modified_gmt":"2025-05-21T09:29:02","slug":"elimination-du-trachome-un-succes-historique-porte-par-la-fondation-bouamatou","status":"publish","type":"post","link":"https:\/\/lequotidien.mr\/?p=27815&lang=fr","title":{"rendered":"\u00c9limination du trachome : un succ\u00e8s historique port\u00e9 par la Fondation Bouamatou"},"content":{"rendered":"<p>C\u2019est un moment historique pour la sant\u00e9 publique en Mauritanie. En marge de la 78e Assembl\u00e9e mondiale de la sant\u00e9, l\u2019Organisation mondiale de la sant\u00e9 (OMS) a officiellement remis \u00e0 notre pays le certificat d\u2019\u00e9limination du trachome en tant que probl\u00e8me de sant\u00e9 publique. Une cons\u00e9cration obtenue sans financement ext\u00e9rieur, fruit d\u2019un mod\u00e8le in\u00e9dit de partenariat entre le secteur public et le secteur priv\u00e9.<\/p>\n<p>Le certificat a \u00e9t\u00e9 remis au ministre de la Sant\u00e9, M. Abdallahi Sidi Mohamed Wedih, par le directeur g\u00e9n\u00e9ral de l\u2019OMS, Dr Tedros Adhanom Ghebreyesus, lors d\u2019une c\u00e9r\u00e9monie solennelle \u00e0 Gen\u00e8ve. \u00c0 cette occasion, le ministre a salu\u00e9 &#8220;un acquis majeur&#8221; rendu possible par une &#8220;volont\u00e9 politique affirm\u00e9e et une coop\u00e9ration exemplaire&#8221; entre les acteurs sanitaires du pays.<\/p>\n<p>Parmi eux, la <strong>Fondation Bouamatou<\/strong> se distingue comme un acteur central de cette r\u00e9ussite. En partenariat avec le Programme national de lutte contre la c\u00e9cit\u00e9 (PNLC) et l\u2019Initiative internationale contre le trachome (ITI), l\u2019h\u00f4pital ophtalmologique de la Fondation a men\u00e9 un travail de terrain de grande ampleur, ciblant 19 moughataas \u00e0 travers le pays, notamment dans les r\u00e9gions de l\u2019Adrar, du Tagant, du Brakna, du Trarza, du Gorgol, du Hodh El Gharbi et de l\u2019Assaba.<\/p>\n<p>Durant plus de 11 ans, des \u00e9quipes m\u00e9dicales ont administr\u00e9 <strong>2,8 millions de doses de Zitromax<\/strong>, un antibiotique cl\u00e9 dans la lutte contre la maladie. Le taux de couverture des campagnes d\u00e9passait les <strong>85 %<\/strong> \u00e0 chaque intervention, selon le professeur Abdallahi Ould Mennih, coordinateur du PNLC.<\/p>\n<p>Alors qu\u2019en d\u00e9but de mill\u00e9naire, les taux d\u2019infection au trachome d\u00e9passaient <strong>17 % chez les enfants<\/strong>, cette maladie oculaire invalidante est aujourd\u2019hui \u00e9radiqu\u00e9e du territoire mauritanien comme probl\u00e8me de sant\u00e9 publique \u2013 une premi\u00e8re dans la r\u00e9gion, obtenue sans recourir \u00e0 l\u2019aide financi\u00e8re ext\u00e9rieure. &#8220;C\u2019est une victoire pour notre syst\u00e8me de sant\u00e9, mais aussi pour le mod\u00e8le de coop\u00e9ration entre institutions nationales&#8221;, a insist\u00e9 le ministre Ould Wedih.<\/p>\n<p>La <strong>Fondation Bouamatou<\/strong>, d\u00e9j\u00e0 engag\u00e9e de longue date dans la lutte contre la c\u00e9cit\u00e9, voit dans cette reconnaissance un nouveau sacre. Elle incarne d\u00e9sormais un exemple de philanthropie m\u00e9dicale efficiente, capable de combler les lacunes des politiques publiques tout en respectant les normes internationales.<\/p>\n<p>La Mauritanie rejoint ainsi un cercle restreint de pays africains ayant r\u00e9ussi \u00e0 \u00e9liminer le trachome, et devient un mod\u00e8le r\u00e9gional. Le gouvernement a exprim\u00e9 sa volont\u00e9 de partager cette exp\u00e9rience avec d\u2019autres pays du continent dans le cadre de l\u2019objectif commun d\u2019une Afrique sans trachome.<\/p>\n<p>&nbsp;<\/p>\n<p>&nbsp;<\/p>\n","protected":false},"excerpt":{"rendered":"<p>C\u2019est un moment historique pour la sant\u00e9 publique en Mauritanie. En marge de la 78e Assembl\u00e9e mondiale de la sant\u00e9, l\u2019Organisation mondiale de la sant\u00e9 (OMS) a officiellement remis \u00e0 notre pays le certificat d\u2019\u00e9limination du trachome en tant que probl\u00e8me de sant\u00e9 publique. Une cons\u00e9cration obtenue sans financement ext\u00e9rieur, fruit d\u2019un mod\u00e8le in\u00e9dit de&#8230;..<\/p>\n","protected":false},"author":4,"featured_media":27804,"comment_status":"open","ping_status":"open","sticky":false,"template":"","format":"standard","meta":{"footnotes":""},"categories":[23,57],"tags":[],"class_list":["post-27815","post","type-post","status-publish","format-standard","has-post-thumbnail","hentry","category-actualite","category-couverture-specilale"],"yoast_head":"<!-- This site is optimized with the Yoast SEO plugin v27.5 - https:\/\/yoast.com\/product\/yoast-seo-wordpress\/ -->\n<title>\u00c9limination du trachome : un succ\u00e8s historique port\u00e9 par la Fondation Bouamatou - Le Quotidien de Nouakchott<\/title>\n<meta name=\"robots\" content=\"index, follow, max-snippet:-1, max-image-preview:large, max-video-preview:-1\" \/>\n<link rel=\"canonical\" href=\"https:\/\/lequotidien.mr\/?p=27815&lang=fr\" \/>\n<meta property=\"og:locale\" content=\"ar_AR\" \/>\n<meta property=\"og:type\" content=\"article\" \/>\n<meta property=\"og:title\" content=\"\u00c9limination du trachome : un succ\u00e8s historique port\u00e9 par la Fondation Bouamatou - Le Quotidien de Nouakchott\" \/>\n<meta property=\"og:description\" content=\"C\u2019est un moment historique pour la sant\u00e9 publique en Mauritanie. En marge de la 78e Assembl\u00e9e mondiale de la sant\u00e9, l\u2019Organisation mondiale de la sant\u00e9 (OMS) a officiellement remis \u00e0 notre pays le certificat d\u2019\u00e9limination du trachome en tant que probl\u00e8me de sant\u00e9 publique. Une cons\u00e9cration obtenue sans financement ext\u00e9rieur, fruit d\u2019un mod\u00e8le in\u00e9dit de.....\" \/>\n<meta property=\"og:url\" content=\"https:\/\/lequotidien.mr\/?p=27815&amp;lang=fr\" \/>\n<meta property=\"og:site_name\" content=\"Le Quotidien de Nouakchott\" \/>\n<meta property=\"article:publisher\" content=\"https:\/\/web.facebook.com\/lequotidienmr\" \/>\n<meta property=\"article:published_time\" content=\"2025-05-21T09:29:02+00:00\" \/>\n<meta property=\"og:image\" content=\"https:\/\/lequotidien.mr\/wp-content\/uploads\/2025\/05\/photo-trachome-_-sante.jpg\" \/>\n\t<meta property=\"og:image:width\" content=\"750\" \/>\n\t<meta property=\"og:image:height\" content=\"430\" \/>\n\t<meta property=\"og:image:type\" content=\"image\/jpeg\" \/>\n<meta name=\"author\" content=\"Le Quotidien\" \/>\n<meta name=\"twitter:card\" content=\"summary_large_image\" \/>\n<meta name=\"twitter:creator\" content=\"@lequotidienmr\" \/>\n<meta name=\"twitter:site\" content=\"@lequotidienmr\" \/>\n<meta name=\"twitter:label1\" content=\"\u0643\u064f\u062a\u0628 \u0628\u0648\u0627\u0633\u0637\u0629\" \/>\n\t<meta name=\"twitter:data1\" content=\"Le Quotidien\" \/>\n\t<meta name=\"twitter:label2\" content=\"\u0648\u0642\u062a \u0627\u0644\u0642\u0631\u0627\u0621\u0629 \u0627\u0644\u0645\u064f\u0642\u062f\u0651\u0631\" \/>\n\t<meta name=\"twitter:data2\" content=\"\u062f\u0642\u064a\u0642\u062a\u0627\u0646\" \/>\n<script type=\"application\/ld+json\" class=\"yoast-schema-graph\">{\"@context\":\"https:\\\/\\\/schema.org\",\"@graph\":[{\"@type\":\"Article\",\"@id\":\"https:\\\/\\\/lequotidien.mr\\\/?p=27815&lang=fr#article\",\"isPartOf\":{\"@id\":\"https:\\\/\\\/lequotidien.mr\\\/?p=27815&lang=fr\"},\"author\":{\"name\":\"Le Quotidien\",\"@id\":\"https:\\\/\\\/lequotidien.mr\\\/#\\\/schema\\\/person\\\/f90fcdaa970c60288de4ed2e64a56472\"},\"headline\":\"\u00c9limination du trachome : un succ\u00e8s historique port\u00e9 par la Fondation Bouamatou\",\"datePublished\":\"2025-05-21T09:29:02+00:00\",\"mainEntityOfPage\":{\"@id\":\"https:\\\/\\\/lequotidien.mr\\\/?p=27815&lang=fr\"},\"wordCount\":459,\"commentCount\":0,\"publisher\":{\"@id\":\"https:\\\/\\\/lequotidien.mr\\\/#organization\"},\"image\":{\"@id\":\"https:\\\/\\\/lequotidien.mr\\\/?p=27815&lang=fr#primaryimage\"},\"thumbnailUrl\":\"https:\\\/\\\/lequotidien.mr\\\/wp-content\\\/uploads\\\/2025\\\/05\\\/photo-trachome-_-sante.jpg\",\"articleSection\":[\"ACTUALIT\u00c9\",\"Couverture sp\u00e9cilale\"],\"inLanguage\":\"ar\",\"potentialAction\":[{\"@type\":\"CommentAction\",\"name\":\"Comment\",\"target\":[\"https:\\\/\\\/lequotidien.mr\\\/?p=27815&lang=fr#respond\"]}]},{\"@type\":\"WebPage\",\"@id\":\"https:\\\/\\\/lequotidien.mr\\\/?p=27815&lang=fr\",\"url\":\"https:\\\/\\\/lequotidien.mr\\\/?p=27815&lang=fr\",\"name\":\"\u00c9limination du trachome : un succ\u00e8s historique port\u00e9 par la Fondation Bouamatou - Le Quotidien de Nouakchott\",\"isPartOf\":{\"@id\":\"https:\\\/\\\/lequotidien.mr\\\/#website\"},\"primaryImageOfPage\":{\"@id\":\"https:\\\/\\\/lequotidien.mr\\\/?p=27815&lang=fr#primaryimage\"},\"image\":{\"@id\":\"https:\\\/\\\/lequotidien.mr\\\/?p=27815&lang=fr#primaryimage\"},\"thumbnailUrl\":\"https:\\\/\\\/lequotidien.mr\\\/wp-content\\\/uploads\\\/2025\\\/05\\\/photo-trachome-_-sante.jpg\",\"datePublished\":\"2025-05-21T09:29:02+00:00\",\"breadcrumb\":{\"@id\":\"https:\\\/\\\/lequotidien.mr\\\/?p=27815&lang=fr#breadcrumb\"},\"inLanguage\":\"ar\",\"potentialAction\":[{\"@type\":\"ReadAction\",\"target\":[\"https:\\\/\\\/lequotidien.mr\\\/?p=27815&lang=fr\"]}]},{\"@type\":\"ImageObject\",\"inLanguage\":\"ar\",\"@id\":\"https:\\\/\\\/lequotidien.mr\\\/?p=27815&lang=fr#primaryimage\",\"url\":\"https:\\\/\\\/lequotidien.mr\\\/wp-content\\\/uploads\\\/2025\\\/05\\\/photo-trachome-_-sante.jpg\",\"contentUrl\":\"https:\\\/\\\/lequotidien.mr\\\/wp-content\\\/uploads\\\/2025\\\/05\\\/photo-trachome-_-sante.jpg\",\"width\":750,\"height\":430},{\"@type\":\"BreadcrumbList\",\"@id\":\"https:\\\/\\\/lequotidien.mr\\\/?p=27815&lang=fr#breadcrumb\",\"itemListElement\":[{\"@type\":\"ListItem\",\"position\":1,\"name\":\"Home\",\"item\":\"https:\\\/\\\/lequotidien.mr\\\/\"},{\"@type\":\"ListItem\",\"position\":2,\"name\":\"\u00c9limination du trachome : un succ\u00e8s historique port\u00e9 par la Fondation Bouamatou\"}]},{\"@type\":\"WebSite\",\"@id\":\"https:\\\/\\\/lequotidien.mr\\\/#website\",\"url\":\"https:\\\/\\\/lequotidien.mr\\\/\",\"name\":\"Le Quotidien de Nouakchott\",\"description\":\"\u0625\u062e\u0628\u0627\u0631\u064a\u0629 \u0645\u0633\u062a\u0642\u0644\u0629 \u0644\u0644\u0623\u0646\u0628\u0627\u0621 \u0627\u0644\u0639\u0627\u0645\u0629\",\"publisher\":{\"@id\":\"https:\\\/\\\/lequotidien.mr\\\/#organization\"},\"potentialAction\":[{\"@type\":\"SearchAction\",\"target\":{\"@type\":\"EntryPoint\",\"urlTemplate\":\"https:\\\/\\\/lequotidien.mr\\\/?s={search_term_string}\"},\"query-input\":{\"@type\":\"PropertyValueSpecification\",\"valueRequired\":true,\"valueName\":\"search_term_string\"}}],\"inLanguage\":\"ar\"},{\"@type\":\"Organization\",\"@id\":\"https:\\\/\\\/lequotidien.mr\\\/#organization\",\"name\":\"Le Quotidien de Nouakchott\",\"url\":\"https:\\\/\\\/lequotidien.mr\\\/\",\"logo\":{\"@type\":\"ImageObject\",\"inLanguage\":\"ar\",\"@id\":\"https:\\\/\\\/lequotidien.mr\\\/#\\\/schema\\\/logo\\\/image\\\/\",\"url\":\"https:\\\/\\\/lequotidien.mr\\\/wp-content\\\/uploads\\\/2022\\\/11\\\/logolequotidien.jpg\",\"contentUrl\":\"https:\\\/\\\/lequotidien.mr\\\/wp-content\\\/uploads\\\/2022\\\/11\\\/logolequotidien.jpg\",\"width\":290,\"height\":65,\"caption\":\"Le Quotidien de Nouakchott\"},\"image\":{\"@id\":\"https:\\\/\\\/lequotidien.mr\\\/#\\\/schema\\\/logo\\\/image\\\/\"},\"sameAs\":[\"https:\\\/\\\/web.facebook.com\\\/lequotidienmr\",\"https:\\\/\\\/x.com\\\/lequotidienmr\"]},{\"@type\":\"Person\",\"@id\":\"https:\\\/\\\/lequotidien.mr\\\/#\\\/schema\\\/person\\\/f90fcdaa970c60288de4ed2e64a56472\",\"name\":\"Le Quotidien\",\"image\":{\"@type\":\"ImageObject\",\"inLanguage\":\"ar\",\"@id\":\"https:\\\/\\\/secure.gravatar.com\\\/avatar\\\/374cb39a1a458a912465a93e5a3ce6546886fc3da809a1f10c63e4e8fcbca30f?s=96&d=mm&r=g\",\"url\":\"https:\\\/\\\/secure.gravatar.com\\\/avatar\\\/374cb39a1a458a912465a93e5a3ce6546886fc3da809a1f10c63e4e8fcbca30f?s=96&d=mm&r=g\",\"contentUrl\":\"https:\\\/\\\/secure.gravatar.com\\\/avatar\\\/374cb39a1a458a912465a93e5a3ce6546886fc3da809a1f10c63e4e8fcbca30f?s=96&d=mm&r=g\",\"caption\":\"Le Quotidien\"},\"sameAs\":[\"https:\\\/\\\/lequotidien.mr\\\/\"],\"url\":\"https:\\\/\\\/lequotidien.mr\\\/?author=4\"}]}<\/script>\n<!-- \/ Yoast SEO plugin. -->","yoast_head_json":{"title":"\u00c9limination du trachome : un succ\u00e8s historique port\u00e9 par la Fondation Bouamatou - Le Quotidien de Nouakchott","robots":{"index":"index","follow":"follow","max-snippet":"max-snippet:-1","max-image-preview":"max-image-preview:large","max-video-preview":"max-video-preview:-1"},"canonical":"https:\/\/lequotidien.mr\/?p=27815&lang=fr","og_locale":"ar_AR","og_type":"article","og_title":"\u00c9limination du trachome : un succ\u00e8s historique port\u00e9 par la Fondation Bouamatou - Le Quotidien de Nouakchott","og_description":"C\u2019est un moment historique pour la sant\u00e9 publique en Mauritanie. En marge de la 78e Assembl\u00e9e mondiale de la sant\u00e9, l\u2019Organisation mondiale de la sant\u00e9 (OMS) a officiellement remis \u00e0 notre pays le certificat d\u2019\u00e9limination du trachome en tant que probl\u00e8me de sant\u00e9 publique. Une cons\u00e9cration obtenue sans financement ext\u00e9rieur, fruit d\u2019un mod\u00e8le in\u00e9dit de.....","og_url":"https:\/\/lequotidien.mr\/?p=27815&lang=fr","og_site_name":"Le Quotidien de Nouakchott","article_publisher":"https:\/\/web.facebook.com\/lequotidienmr","article_published_time":"2025-05-21T09:29:02+00:00","og_image":[{"width":750,"height":430,"url":"https:\/\/lequotidien.mr\/wp-content\/uploads\/2025\/05\/photo-trachome-_-sante.jpg","type":"image\/jpeg"}],"author":"Le Quotidien","twitter_card":"summary_large_image","twitter_creator":"@lequotidienmr","twitter_site":"@lequotidienmr","twitter_misc":{"\u0643\u064f\u062a\u0628 \u0628\u0648\u0627\u0633\u0637\u0629":"Le Quotidien","\u0648\u0642\u062a \u0627\u0644\u0642\u0631\u0627\u0621\u0629 \u0627\u0644\u0645\u064f\u0642\u062f\u0651\u0631":"\u062f\u0642\u064a\u0642\u062a\u0627\u0646"},"schema":{"@context":"https:\/\/schema.org","@graph":[{"@type":"Article","@id":"https:\/\/lequotidien.mr\/?p=27815&lang=fr#article","isPartOf":{"@id":"https:\/\/lequotidien.mr\/?p=27815&lang=fr"},"author":{"name":"Le Quotidien","@id":"https:\/\/lequotidien.mr\/#\/schema\/person\/f90fcdaa970c60288de4ed2e64a56472"},"headline":"\u00c9limination du trachome : un succ\u00e8s historique port\u00e9 par la Fondation Bouamatou","datePublished":"2025-05-21T09:29:02+00:00","mainEntityOfPage":{"@id":"https:\/\/lequotidien.mr\/?p=27815&lang=fr"},"wordCount":459,"commentCount":0,"publisher":{"@id":"https:\/\/lequotidien.mr\/#organization"},"image":{"@id":"https:\/\/lequotidien.mr\/?p=27815&lang=fr#primaryimage"},"thumbnailUrl":"https:\/\/lequotidien.mr\/wp-content\/uploads\/2025\/05\/photo-trachome-_-sante.jpg","articleSection":["ACTUALIT\u00c9","Couverture sp\u00e9cilale"],"inLanguage":"ar","potentialAction":[{"@type":"CommentAction","name":"Comment","target":["https:\/\/lequotidien.mr\/?p=27815&lang=fr#respond"]}]},{"@type":"WebPage","@id":"https:\/\/lequotidien.mr\/?p=27815&lang=fr","url":"https:\/\/lequotidien.mr\/?p=27815&lang=fr","name":"\u00c9limination du trachome : un succ\u00e8s historique port\u00e9 par la Fondation Bouamatou - Le Quotidien de Nouakchott","isPartOf":{"@id":"https:\/\/lequotidien.mr\/#website"},"primaryImageOfPage":{"@id":"https:\/\/lequotidien.mr\/?p=27815&lang=fr#primaryimage"},"image":{"@id":"https:\/\/lequotidien.mr\/?p=27815&lang=fr#primaryimage"},"thumbnailUrl":"https:\/\/lequotidien.mr\/wp-content\/uploads\/2025\/05\/photo-trachome-_-sante.jpg","datePublished":"2025-05-21T09:29:02+00:00","breadcrumb":{"@id":"https:\/\/lequotidien.mr\/?p=27815&lang=fr#breadcrumb"},"inLanguage":"ar","potentialAction":[{"@type":"ReadAction","target":["https:\/\/lequotidien.mr\/?p=27815&lang=fr"]}]},{"@type":"ImageObject","inLanguage":"ar","@id":"https:\/\/lequotidien.mr\/?p=27815&lang=fr#primaryimage","url":"https:\/\/lequotidien.mr\/wp-content\/uploads\/2025\/05\/photo-trachome-_-sante.jpg","contentUrl":"https:\/\/lequotidien.mr\/wp-content\/uploads\/2025\/05\/photo-trachome-_-sante.jpg","width":750,"height":430},{"@type":"BreadcrumbList","@id":"https:\/\/lequotidien.mr\/?p=27815&lang=fr#breadcrumb","itemListElement":[{"@type":"ListItem","position":1,"name":"Home","item":"https:\/\/lequotidien.mr\/"},{"@type":"ListItem","position":2,"name":"\u00c9limination du trachome : un succ\u00e8s historique port\u00e9 par la Fondation Bouamatou"}]},{"@type":"WebSite","@id":"https:\/\/lequotidien.mr\/#website","url":"https:\/\/lequotidien.mr\/","name":"Le Quotidien de Nouakchott","description":"\u0625\u062e\u0628\u0627\u0631\u064a\u0629 \u0645\u0633\u062a\u0642\u0644\u0629 \u0644\u0644\u0623\u0646\u0628\u0627\u0621 \u0627\u0644\u0639\u0627\u0645\u0629","publisher":{"@id":"https:\/\/lequotidien.mr\/#organization"},"potentialAction":[{"@type":"SearchAction","target":{"@type":"EntryPoint","urlTemplate":"https:\/\/lequotidien.mr\/?s={search_term_string}"},"query-input":{"@type":"PropertyValueSpecification","valueRequired":true,"valueName":"search_term_string"}}],"inLanguage":"ar"},{"@type":"Organization","@id":"https:\/\/lequotidien.mr\/#organization","name":"Le Quotidien de Nouakchott","url":"https:\/\/lequotidien.mr\/","logo":{"@type":"ImageObject","inLanguage":"ar","@id":"https:\/\/lequotidien.mr\/#\/schema\/logo\/image\/","url":"https:\/\/lequotidien.mr\/wp-content\/uploads\/2022\/11\/logolequotidien.jpg","contentUrl":"https:\/\/lequotidien.mr\/wp-content\/uploads\/2022\/11\/logolequotidien.jpg","width":290,"height":65,"caption":"Le Quotidien de Nouakchott"},"image":{"@id":"https:\/\/lequotidien.mr\/#\/schema\/logo\/image\/"},"sameAs":["https:\/\/web.facebook.com\/lequotidienmr","https:\/\/x.com\/lequotidienmr"]},{"@type":"Person","@id":"https:\/\/lequotidien.mr\/#\/schema\/person\/f90fcdaa970c60288de4ed2e64a56472","name":"Le Quotidien","image":{"@type":"ImageObject","inLanguage":"ar","@id":"https:\/\/secure.gravatar.com\/avatar\/374cb39a1a458a912465a93e5a3ce6546886fc3da809a1f10c63e4e8fcbca30f?s=96&d=mm&r=g","url":"https:\/\/secure.gravatar.com\/avatar\/374cb39a1a458a912465a93e5a3ce6546886fc3da809a1f10c63e4e8fcbca30f?s=96&d=mm&r=g","contentUrl":"https:\/\/secure.gravatar.com\/avatar\/374cb39a1a458a912465a93e5a3ce6546886fc3da809a1f10c63e4e8fcbca30f?s=96&d=mm&r=g","caption":"Le Quotidien"},"sameAs":["https:\/\/lequotidien.mr\/"],"url":"https:\/\/lequotidien.mr\/?author=4"}]}},"_links":{"self":[{"href":"https:\/\/lequotidien.mr\/index.php?rest_route=\/wp\/v2\/posts\/27815","targetHints":{"allow":["GET"]}}],"collection":[{"href":"https:\/\/lequotidien.mr\/index.php?rest_route=\/wp\/v2\/posts"}],"about":[{"href":"https:\/\/lequotidien.mr\/index.php?rest_route=\/wp\/v2\/types\/post"}],"author":[{"embeddable":true,"href":"https:\/\/lequotidien.mr\/index.php?rest_route=\/wp\/v2\/users\/4"}],"replies":[{"embeddable":true,"href":"https:\/\/lequotidien.mr\/index.php?rest_route=%2Fwp%2Fv2%2Fcomments&post=27815"}],"version-history":[{"count":1,"href":"https:\/\/lequotidien.mr\/index.php?rest_route=\/wp\/v2\/posts\/27815\/revisions"}],"predecessor-version":[{"id":27816,"href":"https:\/\/lequotidien.mr\/index.php?rest_route=\/wp\/v2\/posts\/27815\/revisions\/27816"}],"wp:featuredmedia":[{"embeddable":true,"href":"https:\/\/lequotidien.mr\/index.php?rest_route=\/wp\/v2\/media\/27804"}],"wp:attachment":[{"href":"https:\/\/lequotidien.mr\/index.php?rest_route=%2Fwp%2Fv2%2Fmedia&parent=27815"}],"wp:term":[{"taxonomy":"category","embeddable":true,"href":"https:\/\/lequotidien.mr\/index.php?rest_route=%2Fwp%2Fv2%2Fcategories&post=27815"},{"taxonomy":"post_tag","embeddable":true,"href":"https:\/\/lequotidien.mr\/index.php?rest_route=%2Fwp%2Fv2%2Ftags&post=27815"}],"curies":[{"name":"wp","href":"https:\/\/api.w.org\/{rel}","templated":true}]}}