{"id":27809,"date":"2025-05-20T16:34:58","date_gmt":"2025-05-20T16:34:58","guid":{"rendered":"https:\/\/lequotidien.mr\/?p=27809"},"modified":"2025-05-20T16:34:58","modified_gmt":"2025-05-20T16:34:58","slug":"agenda-du-premier-ministre-partenariat-public-prive-et-autonomisation-des-femmes-maghrebines","status":"publish","type":"post","link":"https:\/\/lequotidien.mr\/?p=27809&lang=fr","title":{"rendered":"Agenda du Premier ministre : Partenariat public-priv\u00e9 et autonomisation des femmes maghr\u00e9bines"},"content":{"rendered":"<p>Le Premier ministre mauritanien, Moctar Djay, a encha\u00een\u00e9 ce lundi deux temps forts, illustrant les priorit\u00e9s du gouvernement en mati\u00e8re de d\u00e9veloppement \u00e9conomique et de promotion des droits des femmes. En matin\u00e9e, il a pr\u00e9sid\u00e9 une r\u00e9union du comit\u00e9 minist\u00e9riel d\u00e9di\u00e9 au partenariat public-priv\u00e9 (PPP), avant de recevoir une d\u00e9l\u00e9gation de femmes ministres maghr\u00e9bines participant au Forum de haut niveau sur l\u2019autonomisation des femmes dans les \u00c9tats du Maghreb arabe.<\/p>\n<p><strong>Approbation conditionnelle pour le projet sucrier de Foum Gleita<\/strong><\/p>\n<p>Lors de la r\u00e9union du comit\u00e9 PPP, les membres ont examin\u00e9 les conclusions techniques relatives au projet de production de sucre dans la r\u00e9gion de Foum Gleita. Ce projet, structur\u00e9 autour d\u2019un appel d\u2019offres concurrentiel supervis\u00e9 conform\u00e9ment \u00e0 la l\u00e9gislation nationale, vise \u00e0 renforcer l\u2019autosuffisance alimentaire et \u00e0 stimuler l\u2019\u00e9conomie locale. Apr\u00e8s des \u00e9changes approfondis, le comit\u00e9 minist\u00e9riel a approuv\u00e9 l\u2019attribution du projet, sous r\u00e9serve de clarifications techniques et contractuelles avec le porteur retenu.<\/p>\n<p><em>\u00ab Ce projet incarne notre volont\u00e9 de mobiliser l\u2019expertise priv\u00e9e pour des infrastructures strat\u00e9giques, tout en garantissant la transparence et l\u2019int\u00e9r\u00eat public \u00bb<\/em>, a soulign\u00e9 une source gouvernementale en marge de la r\u00e9union. La mise en \u0153uvre de cette usine, une fois finalis\u00e9e, devrait cr\u00e9er des centaines d\u2019emplois et r\u00e9duire les importations de sucre, un enjeu cl\u00e9 dans un contexte de volatilit\u00e9 des march\u00e9s internationaux.<\/p>\n<p><strong>Rencontre avec les femmes ministres maghr\u00e9bines : renforcer la coop\u00e9ration r\u00e9gionale<\/strong><\/p>\n<p>Le Premier ministre a \u00e9galement re\u00e7u une d\u00e9l\u00e9gation de haut niveau compos\u00e9e de ministres et repr\u00e9sentantes de quatre pays du Maghreb, ainsi que de la directrice g\u00e9n\u00e9rale de l\u2019Organisation des femmes arabes (OFA), Mme Fadia Kiwan. En effet, parmi les personnalit\u00e9s pr\u00e9sentes figuraient la directrice g\u00e9n\u00e9rale de l\u2019Organisation des femmes arabes, Mme Fadia Kiwan, de Mme la Ministre de la Famille, de la Femme, de l\u2019Enfant et des Personnes \u00e2g\u00e9es de la R\u00e9publique tunisienne, Mme Asma Jabri, de la Ministre de la solidarit\u00e9, de l\u2019int\u00e9gration sociale et de la famille du Royaume du Maroc, Mme Naima Ben Yahia, et de la directrice de la Femme, repr\u00e9sentant la Ministre de la solidarit\u00e9 nationale, de la famille et de la condition f\u00e9minine de la R\u00e9publique alg\u00e9rienne d\u00e9mocratique et populaire, Mme Aicha Ellane.<\/p>\n<p><strong>\u00a0<\/strong>Lors de cet \u00e9change, la d\u00e9l\u00e9gation a salu\u00e9 l\u2019engagement de la Mauritanie dans l\u2019autonomisation des femmes, notamment \u00e0 travers le parrainage de la Premi\u00e8re Dame, Mari\u00e8me Fadhel Dah, et l\u2019organisation r\u00e9ussie du forum r\u00e9gional.\u00a0<em>\u00ab Nous avons remerci\u00e9 le Premier ministre pour l\u2019hospitalit\u00e9 mauritanienne et partag\u00e9 les avanc\u00e9es et d\u00e9fis communs aux femmes maghr\u00e9bines \u00bb<\/em>, a d\u00e9clar\u00e9 Mme Kiwan.<\/p>\n<p><strong>Un plaidoyer pour une mutualisation des exp\u00e9riences\u00a0 maghr\u00e9bines<\/strong><\/p>\n<p>La directrice de l\u2019OFA a insist\u00e9 sur la volont\u00e9 de son organisation de\u00a0<em>\u00ab soutenir les initiatives interarabes visant \u00e0 \u00e9liminer les barri\u00e8res entre nos peuples et \u00e0 faire des femmes des actrices centrales du progr\u00e8s social \u00bb<\/em>. Elle a \u00e9galement \u00e9voqu\u00e9 les discussions de la journ\u00e9e, notamment une table ronde consacr\u00e9e aux r\u00e9alisations et ambitions futures des Maghr\u00e9bines, soulignant\u00a0<em>\u00ab l\u2019importance de mutualiser les exp\u00e9riences pour inspirer des politiques publiques inclusives \u00bb<\/em>.<\/p>\n<p>En r\u00e9ponse, Moctar Djay a r\u00e9affirm\u00e9 le soutien du gouvernement \u00e0 ces initiatives, rappelant que\u00a0<em>\u00ab l\u2019autonomisation des femmes n\u2019est pas seulement une question de justice, mais un levier indispensable pour la prosp\u00e9rit\u00e9 collective \u00bb<\/em>.<\/p>\n<p>Cette double mobilisation du chef du gouvernement illustre la feuille de route du pr\u00e9sident Mohamed Cheikh El Ghazouani, combinant d\u00e9veloppement \u00e9conomique via des PPP structurants et inclusion sociale. La pr\u00e9sence de hautes responsables maghr\u00e9bines \u00e0 Nouakchott, dans le sillage du forum sur les femmes, renforce par ailleurs le r\u00f4le de la Mauritanie comme plateforme de dialogue r\u00e9gional.<\/p>\n<p>La journ\u00e9e s\u2019est achev\u00e9e sur une note optimiste, avec l\u2019engagement partag\u00e9 de transformer les r\u00e9solutions en actions concr\u00e8tes, tant dans le secteur agro-industriel que dans la promotion de l\u2019\u00e9galit\u00e9 des genres. Une approche int\u00e9gr\u00e9e qui pourrait servir de mod\u00e8le pour d\u2019autres pays de la r\u00e9gion.<\/p>\n<p>&nbsp;<\/p>\n","protected":false},"excerpt":{"rendered":"<p>Le Premier ministre mauritanien, Moctar Djay, a encha\u00een\u00e9 ce lundi deux temps forts, illustrant les priorit\u00e9s du gouvernement en mati\u00e8re de d\u00e9veloppement \u00e9conomique et de promotion des droits des femmes. En matin\u00e9e, il a pr\u00e9sid\u00e9 une r\u00e9union du comit\u00e9 minist\u00e9riel d\u00e9di\u00e9 au partenariat public-priv\u00e9 (PPP), avant de recevoir une d\u00e9l\u00e9gation de femmes ministres maghr\u00e9bines participant&#8230;..<\/p>\n","protected":false},"author":12,"featured_media":27810,"comment_status":"open","ping_status":"open","sticky":false,"template":"","format":"standard","meta":{"footnotes":""},"categories":[23,49],"tags":[],"class_list":["post-27809","post","type-post","status-publish","format-standard","has-post-thumbnail","hentry","category-actualite","category-economie"],"yoast_head":"<!-- This site is optimized with the Yoast SEO plugin v27.5 - https:\/\/yoast.com\/product\/yoast-seo-wordpress\/ -->\n<title>Agenda du Premier ministre : Partenariat public-priv\u00e9 et autonomisation des femmes maghr\u00e9bines - Le Quotidien de Nouakchott<\/title>\n<meta name=\"robots\" content=\"index, follow, max-snippet:-1, max-image-preview:large, max-video-preview:-1\" \/>\n<link rel=\"canonical\" href=\"https:\/\/lequotidien.mr\/?p=27809&lang=fr\" \/>\n<meta property=\"og:locale\" content=\"ar_AR\" \/>\n<meta property=\"og:type\" content=\"article\" \/>\n<meta property=\"og:title\" content=\"Agenda du Premier ministre : Partenariat public-priv\u00e9 et autonomisation des femmes maghr\u00e9bines - Le Quotidien de Nouakchott\" \/>\n<meta property=\"og:description\" content=\"Le Premier ministre mauritanien, Moctar Djay, a encha\u00een\u00e9 ce lundi deux temps forts, illustrant les priorit\u00e9s du gouvernement en mati\u00e8re de d\u00e9veloppement \u00e9conomique et de promotion des droits des femmes. En matin\u00e9e, il a pr\u00e9sid\u00e9 une r\u00e9union du comit\u00e9 minist\u00e9riel d\u00e9di\u00e9 au partenariat public-priv\u00e9 (PPP), avant de recevoir une d\u00e9l\u00e9gation de femmes ministres maghr\u00e9bines participant.....\" \/>\n<meta property=\"og:url\" content=\"https:\/\/lequotidien.mr\/?p=27809&amp;lang=fr\" \/>\n<meta property=\"og:site_name\" content=\"Le Quotidien de Nouakchott\" \/>\n<meta property=\"article:publisher\" content=\"https:\/\/web.facebook.com\/lequotidienmr\" \/>\n<meta property=\"article:published_time\" content=\"2025-05-20T16:34:58+00:00\" \/>\n<meta property=\"og:image\" content=\"https:\/\/lequotidien.mr\/wp-content\/uploads\/2025\/05\/photp-PM-ppp.jpg\" \/>\n\t<meta property=\"og:image:width\" content=\"750\" \/>\n\t<meta property=\"og:image:height\" content=\"430\" \/>\n\t<meta property=\"og:image:type\" content=\"image\/jpeg\" \/>\n<meta name=\"author\" content=\"Med Ahmed\" \/>\n<meta name=\"twitter:card\" content=\"summary_large_image\" \/>\n<meta name=\"twitter:creator\" content=\"@lequotidienmr\" \/>\n<meta name=\"twitter:site\" content=\"@lequotidienmr\" \/>\n<meta name=\"twitter:label1\" content=\"\u0643\u064f\u062a\u0628 \u0628\u0648\u0627\u0633\u0637\u0629\" \/>\n\t<meta name=\"twitter:data1\" content=\"Med Ahmed\" \/>\n\t<meta name=\"twitter:label2\" content=\"\u0648\u0642\u062a \u0627\u0644\u0642\u0631\u0627\u0621\u0629 \u0627\u0644\u0645\u064f\u0642\u062f\u0651\u0631\" \/>\n\t<meta name=\"twitter:data2\" content=\"4 \u062f\u0642\u0627\u0626\u0642\" \/>\n<script type=\"application\/ld+json\" class=\"yoast-schema-graph\">{\"@context\":\"https:\\\/\\\/schema.org\",\"@graph\":[{\"@type\":\"Article\",\"@id\":\"https:\\\/\\\/lequotidien.mr\\\/?p=27809&lang=fr#article\",\"isPartOf\":{\"@id\":\"https:\\\/\\\/lequotidien.mr\\\/?p=27809&lang=fr\"},\"author\":{\"name\":\"Med Ahmed\",\"@id\":\"https:\\\/\\\/lequotidien.mr\\\/#\\\/schema\\\/person\\\/d2d350202a4d599685ed8abc25f97596\"},\"headline\":\"Agenda du Premier ministre : Partenariat public-priv\u00e9 et autonomisation des femmes maghr\u00e9bines\",\"datePublished\":\"2025-05-20T16:34:58+00:00\",\"mainEntityOfPage\":{\"@id\":\"https:\\\/\\\/lequotidien.mr\\\/?p=27809&lang=fr\"},\"wordCount\":741,\"commentCount\":0,\"publisher\":{\"@id\":\"https:\\\/\\\/lequotidien.mr\\\/#organization\"},\"image\":{\"@id\":\"https:\\\/\\\/lequotidien.mr\\\/?p=27809&lang=fr#primaryimage\"},\"thumbnailUrl\":\"https:\\\/\\\/lequotidien.mr\\\/wp-content\\\/uploads\\\/2025\\\/05\\\/photp-PM-ppp.jpg\",\"articleSection\":[\"ACTUALIT\u00c9\",\"Economie\"],\"inLanguage\":\"ar\",\"potentialAction\":[{\"@type\":\"CommentAction\",\"name\":\"Comment\",\"target\":[\"https:\\\/\\\/lequotidien.mr\\\/?p=27809&lang=fr#respond\"]}]},{\"@type\":\"WebPage\",\"@id\":\"https:\\\/\\\/lequotidien.mr\\\/?p=27809&lang=fr\",\"url\":\"https:\\\/\\\/lequotidien.mr\\\/?p=27809&lang=fr\",\"name\":\"Agenda du Premier ministre : Partenariat public-priv\u00e9 et autonomisation des femmes maghr\u00e9bines - Le Quotidien de Nouakchott\",\"isPartOf\":{\"@id\":\"https:\\\/\\\/lequotidien.mr\\\/#website\"},\"primaryImageOfPage\":{\"@id\":\"https:\\\/\\\/lequotidien.mr\\\/?p=27809&lang=fr#primaryimage\"},\"image\":{\"@id\":\"https:\\\/\\\/lequotidien.mr\\\/?p=27809&lang=fr#primaryimage\"},\"thumbnailUrl\":\"https:\\\/\\\/lequotidien.mr\\\/wp-content\\\/uploads\\\/2025\\\/05\\\/photp-PM-ppp.jpg\",\"datePublished\":\"2025-05-20T16:34:58+00:00\",\"breadcrumb\":{\"@id\":\"https:\\\/\\\/lequotidien.mr\\\/?p=27809&lang=fr#breadcrumb\"},\"inLanguage\":\"ar\",\"potentialAction\":[{\"@type\":\"ReadAction\",\"target\":[\"https:\\\/\\\/lequotidien.mr\\\/?p=27809&lang=fr\"]}]},{\"@type\":\"ImageObject\",\"inLanguage\":\"ar\",\"@id\":\"https:\\\/\\\/lequotidien.mr\\\/?p=27809&lang=fr#primaryimage\",\"url\":\"https:\\\/\\\/lequotidien.mr\\\/wp-content\\\/uploads\\\/2025\\\/05\\\/photp-PM-ppp.jpg\",\"contentUrl\":\"https:\\\/\\\/lequotidien.mr\\\/wp-content\\\/uploads\\\/2025\\\/05\\\/photp-PM-ppp.jpg\",\"width\":750,\"height\":430},{\"@type\":\"BreadcrumbList\",\"@id\":\"https:\\\/\\\/lequotidien.mr\\\/?p=27809&lang=fr#breadcrumb\",\"itemListElement\":[{\"@type\":\"ListItem\",\"position\":1,\"name\":\"Home\",\"item\":\"https:\\\/\\\/lequotidien.mr\\\/\"},{\"@type\":\"ListItem\",\"position\":2,\"name\":\"Agenda du Premier ministre : Partenariat public-priv\u00e9 et autonomisation des femmes maghr\u00e9bines\"}]},{\"@type\":\"WebSite\",\"@id\":\"https:\\\/\\\/lequotidien.mr\\\/#website\",\"url\":\"https:\\\/\\\/lequotidien.mr\\\/\",\"name\":\"Le Quotidien de Nouakchott\",\"description\":\"\u0625\u062e\u0628\u0627\u0631\u064a\u0629 \u0645\u0633\u062a\u0642\u0644\u0629 \u0644\u0644\u0623\u0646\u0628\u0627\u0621 \u0627\u0644\u0639\u0627\u0645\u0629\",\"publisher\":{\"@id\":\"https:\\\/\\\/lequotidien.mr\\\/#organization\"},\"potentialAction\":[{\"@type\":\"SearchAction\",\"target\":{\"@type\":\"EntryPoint\",\"urlTemplate\":\"https:\\\/\\\/lequotidien.mr\\\/?s={search_term_string}\"},\"query-input\":{\"@type\":\"PropertyValueSpecification\",\"valueRequired\":true,\"valueName\":\"search_term_string\"}}],\"inLanguage\":\"ar\"},{\"@type\":\"Organization\",\"@id\":\"https:\\\/\\\/lequotidien.mr\\\/#organization\",\"name\":\"Le Quotidien de Nouakchott\",\"url\":\"https:\\\/\\\/lequotidien.mr\\\/\",\"logo\":{\"@type\":\"ImageObject\",\"inLanguage\":\"ar\",\"@id\":\"https:\\\/\\\/lequotidien.mr\\\/#\\\/schema\\\/logo\\\/image\\\/\",\"url\":\"https:\\\/\\\/lequotidien.mr\\\/wp-content\\\/uploads\\\/2022\\\/11\\\/logolequotidien.jpg\",\"contentUrl\":\"https:\\\/\\\/lequotidien.mr\\\/wp-content\\\/uploads\\\/2022\\\/11\\\/logolequotidien.jpg\",\"width\":290,\"height\":65,\"caption\":\"Le Quotidien de Nouakchott\"},\"image\":{\"@id\":\"https:\\\/\\\/lequotidien.mr\\\/#\\\/schema\\\/logo\\\/image\\\/\"},\"sameAs\":[\"https:\\\/\\\/web.facebook.com\\\/lequotidienmr\",\"https:\\\/\\\/x.com\\\/lequotidienmr\"]},{\"@type\":\"Person\",\"@id\":\"https:\\\/\\\/lequotidien.mr\\\/#\\\/schema\\\/person\\\/d2d350202a4d599685ed8abc25f97596\",\"name\":\"Med Ahmed\",\"image\":{\"@type\":\"ImageObject\",\"inLanguage\":\"ar\",\"@id\":\"https:\\\/\\\/secure.gravatar.com\\\/avatar\\\/fd2acc62ed50732923d1d39c17172c9b04149f142be92310ecc69e1358f94b52?s=96&d=mm&r=g\",\"url\":\"https:\\\/\\\/secure.gravatar.com\\\/avatar\\\/fd2acc62ed50732923d1d39c17172c9b04149f142be92310ecc69e1358f94b52?s=96&d=mm&r=g\",\"contentUrl\":\"https:\\\/\\\/secure.gravatar.com\\\/avatar\\\/fd2acc62ed50732923d1d39c17172c9b04149f142be92310ecc69e1358f94b52?s=96&d=mm&r=g\",\"caption\":\"Med Ahmed\"},\"url\":\"https:\\\/\\\/lequotidien.mr\\\/?author=12\"}]}<\/script>\n<!-- \/ Yoast SEO plugin. -->","yoast_head_json":{"title":"Agenda du Premier ministre : Partenariat public-priv\u00e9 et autonomisation des femmes maghr\u00e9bines - Le Quotidien de Nouakchott","robots":{"index":"index","follow":"follow","max-snippet":"max-snippet:-1","max-image-preview":"max-image-preview:large","max-video-preview":"max-video-preview:-1"},"canonical":"https:\/\/lequotidien.mr\/?p=27809&lang=fr","og_locale":"ar_AR","og_type":"article","og_title":"Agenda du Premier ministre : Partenariat public-priv\u00e9 et autonomisation des femmes maghr\u00e9bines - Le Quotidien de Nouakchott","og_description":"Le Premier ministre mauritanien, Moctar Djay, a encha\u00een\u00e9 ce lundi deux temps forts, illustrant les priorit\u00e9s du gouvernement en mati\u00e8re de d\u00e9veloppement \u00e9conomique et de promotion des droits des femmes. En matin\u00e9e, il a pr\u00e9sid\u00e9 une r\u00e9union du comit\u00e9 minist\u00e9riel d\u00e9di\u00e9 au partenariat public-priv\u00e9 (PPP), avant de recevoir une d\u00e9l\u00e9gation de femmes ministres maghr\u00e9bines participant.....","og_url":"https:\/\/lequotidien.mr\/?p=27809&lang=fr","og_site_name":"Le Quotidien de Nouakchott","article_publisher":"https:\/\/web.facebook.com\/lequotidienmr","article_published_time":"2025-05-20T16:34:58+00:00","og_image":[{"width":750,"height":430,"url":"https:\/\/lequotidien.mr\/wp-content\/uploads\/2025\/05\/photp-PM-ppp.jpg","type":"image\/jpeg"}],"author":"Med Ahmed","twitter_card":"summary_large_image","twitter_creator":"@lequotidienmr","twitter_site":"@lequotidienmr","twitter_misc":{"\u0643\u064f\u062a\u0628 \u0628\u0648\u0627\u0633\u0637\u0629":"Med Ahmed","\u0648\u0642\u062a \u0627\u0644\u0642\u0631\u0627\u0621\u0629 \u0627\u0644\u0645\u064f\u0642\u062f\u0651\u0631":"4 \u062f\u0642\u0627\u0626\u0642"},"schema":{"@context":"https:\/\/schema.org","@graph":[{"@type":"Article","@id":"https:\/\/lequotidien.mr\/?p=27809&lang=fr#article","isPartOf":{"@id":"https:\/\/lequotidien.mr\/?p=27809&lang=fr"},"author":{"name":"Med Ahmed","@id":"https:\/\/lequotidien.mr\/#\/schema\/person\/d2d350202a4d599685ed8abc25f97596"},"headline":"Agenda du Premier ministre : Partenariat public-priv\u00e9 et autonomisation des femmes maghr\u00e9bines","datePublished":"2025-05-20T16:34:58+00:00","mainEntityOfPage":{"@id":"https:\/\/lequotidien.mr\/?p=27809&lang=fr"},"wordCount":741,"commentCount":0,"publisher":{"@id":"https:\/\/lequotidien.mr\/#organization"},"image":{"@id":"https:\/\/lequotidien.mr\/?p=27809&lang=fr#primaryimage"},"thumbnailUrl":"https:\/\/lequotidien.mr\/wp-content\/uploads\/2025\/05\/photp-PM-ppp.jpg","articleSection":["ACTUALIT\u00c9","Economie"],"inLanguage":"ar","potentialAction":[{"@type":"CommentAction","name":"Comment","target":["https:\/\/lequotidien.mr\/?p=27809&lang=fr#respond"]}]},{"@type":"WebPage","@id":"https:\/\/lequotidien.mr\/?p=27809&lang=fr","url":"https:\/\/lequotidien.mr\/?p=27809&lang=fr","name":"Agenda du Premier ministre : Partenariat public-priv\u00e9 et autonomisation des femmes maghr\u00e9bines - Le Quotidien de Nouakchott","isPartOf":{"@id":"https:\/\/lequotidien.mr\/#website"},"primaryImageOfPage":{"@id":"https:\/\/lequotidien.mr\/?p=27809&lang=fr#primaryimage"},"image":{"@id":"https:\/\/lequotidien.mr\/?p=27809&lang=fr#primaryimage"},"thumbnailUrl":"https:\/\/lequotidien.mr\/wp-content\/uploads\/2025\/05\/photp-PM-ppp.jpg","datePublished":"2025-05-20T16:34:58+00:00","breadcrumb":{"@id":"https:\/\/lequotidien.mr\/?p=27809&lang=fr#breadcrumb"},"inLanguage":"ar","potentialAction":[{"@type":"ReadAction","target":["https:\/\/lequotidien.mr\/?p=27809&lang=fr"]}]},{"@type":"ImageObject","inLanguage":"ar","@id":"https:\/\/lequotidien.mr\/?p=27809&lang=fr#primaryimage","url":"https:\/\/lequotidien.mr\/wp-content\/uploads\/2025\/05\/photp-PM-ppp.jpg","contentUrl":"https:\/\/lequotidien.mr\/wp-content\/uploads\/2025\/05\/photp-PM-ppp.jpg","width":750,"height":430},{"@type":"BreadcrumbList","@id":"https:\/\/lequotidien.mr\/?p=27809&lang=fr#breadcrumb","itemListElement":[{"@type":"ListItem","position":1,"name":"Home","item":"https:\/\/lequotidien.mr\/"},{"@type":"ListItem","position":2,"name":"Agenda du Premier ministre : Partenariat public-priv\u00e9 et autonomisation des femmes maghr\u00e9bines"}]},{"@type":"WebSite","@id":"https:\/\/lequotidien.mr\/#website","url":"https:\/\/lequotidien.mr\/","name":"Le Quotidien de Nouakchott","description":"\u0625\u062e\u0628\u0627\u0631\u064a\u0629 \u0645\u0633\u062a\u0642\u0644\u0629 \u0644\u0644\u0623\u0646\u0628\u0627\u0621 \u0627\u0644\u0639\u0627\u0645\u0629","publisher":{"@id":"https:\/\/lequotidien.mr\/#organization"},"potentialAction":[{"@type":"SearchAction","target":{"@type":"EntryPoint","urlTemplate":"https:\/\/lequotidien.mr\/?s={search_term_string}"},"query-input":{"@type":"PropertyValueSpecification","valueRequired":true,"valueName":"search_term_string"}}],"inLanguage":"ar"},{"@type":"Organization","@id":"https:\/\/lequotidien.mr\/#organization","name":"Le Quotidien de Nouakchott","url":"https:\/\/lequotidien.mr\/","logo":{"@type":"ImageObject","inLanguage":"ar","@id":"https:\/\/lequotidien.mr\/#\/schema\/logo\/image\/","url":"https:\/\/lequotidien.mr\/wp-content\/uploads\/2022\/11\/logolequotidien.jpg","contentUrl":"https:\/\/lequotidien.mr\/wp-content\/uploads\/2022\/11\/logolequotidien.jpg","width":290,"height":65,"caption":"Le Quotidien de Nouakchott"},"image":{"@id":"https:\/\/lequotidien.mr\/#\/schema\/logo\/image\/"},"sameAs":["https:\/\/web.facebook.com\/lequotidienmr","https:\/\/x.com\/lequotidienmr"]},{"@type":"Person","@id":"https:\/\/lequotidien.mr\/#\/schema\/person\/d2d350202a4d599685ed8abc25f97596","name":"Med Ahmed","image":{"@type":"ImageObject","inLanguage":"ar","@id":"https:\/\/secure.gravatar.com\/avatar\/fd2acc62ed50732923d1d39c17172c9b04149f142be92310ecc69e1358f94b52?s=96&d=mm&r=g","url":"https:\/\/secure.gravatar.com\/avatar\/fd2acc62ed50732923d1d39c17172c9b04149f142be92310ecc69e1358f94b52?s=96&d=mm&r=g","contentUrl":"https:\/\/secure.gravatar.com\/avatar\/fd2acc62ed50732923d1d39c17172c9b04149f142be92310ecc69e1358f94b52?s=96&d=mm&r=g","caption":"Med Ahmed"},"url":"https:\/\/lequotidien.mr\/?author=12"}]}},"_links":{"self":[{"href":"https:\/\/lequotidien.mr\/index.php?rest_route=\/wp\/v2\/posts\/27809","targetHints":{"allow":["GET"]}}],"collection":[{"href":"https:\/\/lequotidien.mr\/index.php?rest_route=\/wp\/v2\/posts"}],"about":[{"href":"https:\/\/lequotidien.mr\/index.php?rest_route=\/wp\/v2\/types\/post"}],"author":[{"embeddable":true,"href":"https:\/\/lequotidien.mr\/index.php?rest_route=\/wp\/v2\/users\/12"}],"replies":[{"embeddable":true,"href":"https:\/\/lequotidien.mr\/index.php?rest_route=%2Fwp%2Fv2%2Fcomments&post=27809"}],"version-history":[{"count":1,"href":"https:\/\/lequotidien.mr\/index.php?rest_route=\/wp\/v2\/posts\/27809\/revisions"}],"predecessor-version":[{"id":27811,"href":"https:\/\/lequotidien.mr\/index.php?rest_route=\/wp\/v2\/posts\/27809\/revisions\/27811"}],"wp:featuredmedia":[{"embeddable":true,"href":"https:\/\/lequotidien.mr\/index.php?rest_route=\/wp\/v2\/media\/27810"}],"wp:attachment":[{"href":"https:\/\/lequotidien.mr\/index.php?rest_route=%2Fwp%2Fv2%2Fmedia&parent=27809"}],"wp:term":[{"taxonomy":"category","embeddable":true,"href":"https:\/\/lequotidien.mr\/index.php?rest_route=%2Fwp%2Fv2%2Fcategories&post=27809"},{"taxonomy":"post_tag","embeddable":true,"href":"https:\/\/lequotidien.mr\/index.php?rest_route=%2Fwp%2Fv2%2Ftags&post=27809"}],"curies":[{"name":"wp","href":"https:\/\/api.w.org\/{rel}","templated":true}]}}