{"id":27793,"date":"2025-05-20T14:00:58","date_gmt":"2025-05-20T14:00:58","guid":{"rendered":"https:\/\/lequotidien.mr\/?p=27793"},"modified":"2025-05-20T14:00:58","modified_gmt":"2025-05-20T14:00:58","slug":"la-premiere-dame-marieme-fadhel-dah-lance-un-forum-dedie-a-lautonomisation-des-femmes-maghrebines","status":"publish","type":"post","link":"https:\/\/lequotidien.mr\/?p=27793&lang=fr","title":{"rendered":"La Premi\u00e8re Dame Mari\u00e8me Fadhel Dah lance un forum d\u00e9di\u00e9 \u00e0 l\u2019autonomisation des femmes maghr\u00e9bines"},"content":{"rendered":"<p>Sous le haut patronage de la Premi\u00e8re Dame de Mauritanie, Mari\u00e8me Fadhel Dah, le Forum de haut niveau sur l\u2019autonomisation des femmes dans les pays du Maghreb a \u00e9t\u00e9 officiellement ouvert, lundi dernier, \u00e0 Nouakchott. Organis\u00e9 par le minist\u00e8re mauritanien de l\u2019Action sociale, de l\u2019Enfance et de la Famille, en partenariat avec l\u2019Organisation des femmes arabes (OFA), cet \u00e9v\u00e9nement de trois jours (19-21 mai) r\u00e9unit des acteurs cl\u00e9s pour \u00e9changer sur les d\u00e9fis et opportunit\u00e9s li\u00e9s \u00e0 l\u2019\u00e9mancipation f\u00e9minine dans la r\u00e9gion.<\/p>\n<p><strong>Engagement historique des femmes <\/strong><\/p>\n<p>La c\u00e9r\u00e9monie d\u2019ouverture a d\u00e9but\u00e9 par la projection d\u2019un documentaire mettant en lumi\u00e8re le r\u00f4le historique des femmes arabes dans la lutte pour l\u2019\u00e9galit\u00e9, le r\u00eave commun de d\u00e9veloppement r\u00e9gional et leur contribution \u00e0 l\u2019autonomisation socio-\u00e9conomique. Un court-m\u00e9trage a \u00e9galement illustr\u00e9 les r\u00e9alisations majeures des Mauritaniennes dans des secteurs vari\u00e9s, de l\u2019\u00e9ducation \u00e0 l\u2019entrepreneuriat. En reconnaissance de son engagement, l\u2019OFA a remis un bouclier honorifique \u00e0 Mari\u00e8me Fadhel Dah, membre du Conseil supr\u00eame de l\u2019organisation, saluant ainsi son leadership dans la promotion des droits des femmes.<\/p>\n<p><strong>Discours fort et appels \u00e0 l\u2019action<\/strong><\/p>\n<p>Dans son allocution, la Premi\u00e8re Dame a soulign\u00e9 que\u00a0<em>\u00ab le choix de l\u2019autonomisation des femmes maghr\u00e9bines comme th\u00e8me central de ce forum traduit une prise de conscience urgente : renforcer leur r\u00f4le est indispensable au d\u00e9veloppement durable \u00bb<\/em>. Elle a rappel\u00e9 que\u00a0<em>\u00ab les femmes de la r\u00e9gion ont prouv\u00e9, g\u00e9n\u00e9ration apr\u00e8s g\u00e9n\u00e9ration, leur comp\u00e9tence, que ce soit dans les luttes pour l\u2019ind\u00e9pendance ou la construction nationale \u00bb<\/em>. Toutefois, elle a reconnu les obstacles persistants :\u00a0<em>\u00ab Le taux de ch\u00f4mage f\u00e9minin d\u00e9passe largement celui des hommes dans la plupart des pays arabes, et leur repr\u00e9sentation dans les secteurs techniques et scientifiques reste insuffisante \u00bb<\/em>, a-t-elle d\u00e9plor\u00e9, appelant \u00e0 une coop\u00e9ration maghr\u00e9bine renforc\u00e9e via des politiques publiques inclusives.<\/p>\n<p>Mme Dah a \u00e9galement salu\u00e9 les progr\u00e8s en Mauritanie, notamment une repr\u00e9sentation f\u00e9minine au parlement d\u00e9passant les 20 % et une am\u00e9lioration de l\u2019acc\u00e8s des filles \u00e0 l\u2019\u00e9ducation secondaire. Elle a exprim\u00e9 son espoir que les travaux du forum aboutissent \u00e0\u00a0<em>\u00ab une d\u00e9claration finale porteuse d\u2019espoir, faisant des femmes arabes des partenaires actives dans la construction d\u2019un avenir \u00e9quitable \u00bb<\/em>.<\/p>\n<p><strong>Engagements gouvernementaux et initiatives structurantes<\/strong><\/p>\n<p>La ministre de l\u2019Action sociale, Saviya N\u2019tahah, a r\u00e9affirm\u00e9 l\u2019engagement du gouvernement en faveur de l\u2019autonomisation des femmes, citant le programme social du pr\u00e9sident Mohamed Cheikh El Ghazouani,\u00a0<em>\u00ab Mon ambition pour la patrie \u00bb<\/em>, visant \u00e0 accro\u00eetre leur pr\u00e9sence dans les instances d\u00e9cisionnelles et \u00e0 faciliter leur acc\u00e8s aux pr\u00eats, au foncier et \u00e0 l\u2019emploi. Elle a rendu hommage \u00e0 Mari\u00e8me Fadhel Dah pour son plaidoyer constant, notamment \u00e0 travers la campagne\u00a0<em>\u00ab Partisans de l\u2019autonomisation politique des femmes mauritaniennes \u00bb<\/em>\u00a0avant les \u00e9lections de 2023, une initiative ayant boost\u00e9 la participation f\u00e9minine.<\/p>\n<p>La directrice g\u00e9n\u00e9rale de l\u2019OFA, la Prof. Dr. Fadiya Kiwan, a insist\u00e9 sur\u00a0<em>\u00ab l\u2019imp\u00e9ratif d\u2019int\u00e9grer les questions f\u00e9minines dans les l\u00e9gislations et politiques publiques \u00bb<\/em>, saluant les efforts des dirigeants arabes pour rendre justice aux femmes,\u00a0<em>\u00ab v\u00e9ritables piliers du d\u00e9veloppement \u00bb<\/em>. Elle a soulign\u00e9 le r\u00f4le exemplaire des Maghr\u00e9bines dans le plaidoyer pour l\u2019\u00e9galit\u00e9.<\/p>\n<p>Au cours des trois jours, des sessions scientifiques, une table ronde sur l\u2019autonomisation politique et des ateliers th\u00e9matiques se succ\u00e9deront, avec pour objectif de formuler des recommandations concr\u00e8tes. Le forum se tient en pr\u00e9sence de membres du gouvernement mauritanien, de ministres arabes, de repr\u00e9sentants des autorit\u00e9s locales et de femmes leaders issues de divers secteurs.<\/p>\n<p>Ce rendez-vous r\u00e9gional marque une \u00e9tape cl\u00e9 dans la mobilisation collective pour transformer les discours en actions, afin que les femmes du Maghreb deviennent pleinement actrices d\u2019un d\u00e9veloppement juste et inclusif.<\/p>\n","protected":false},"excerpt":{"rendered":"<p>Sous le haut patronage de la Premi\u00e8re Dame de Mauritanie, Mari\u00e8me Fadhel Dah, le Forum de haut niveau sur l\u2019autonomisation des femmes dans les pays du Maghreb a \u00e9t\u00e9 officiellement ouvert, lundi dernier, \u00e0 Nouakchott. Organis\u00e9 par le minist\u00e8re mauritanien de l\u2019Action sociale, de l\u2019Enfance et de la Famille, en partenariat avec l\u2019Organisation des femmes&#8230;..<\/p>\n","protected":false},"author":12,"featured_media":27794,"comment_status":"open","ping_status":"open","sticky":false,"template":"","format":"standard","meta":{"footnotes":""},"categories":[23,49,55],"tags":[],"class_list":["post-27793","post","type-post","status-publish","format-standard","has-post-thumbnail","hentry","category-actualite","category-economie","category-culture"],"yoast_head":"<!-- This site is optimized with the Yoast SEO plugin v27.5 - https:\/\/yoast.com\/product\/yoast-seo-wordpress\/ -->\n<title>La Premi\u00e8re Dame Mari\u00e8me Fadhel Dah lance un forum d\u00e9di\u00e9 \u00e0 l\u2019autonomisation des femmes maghr\u00e9bines - Le Quotidien de Nouakchott<\/title>\n<meta name=\"robots\" content=\"index, follow, max-snippet:-1, max-image-preview:large, max-video-preview:-1\" \/>\n<link rel=\"canonical\" href=\"https:\/\/lequotidien.mr\/?p=27793&lang=fr\" \/>\n<meta property=\"og:locale\" content=\"ar_AR\" \/>\n<meta property=\"og:type\" content=\"article\" \/>\n<meta property=\"og:title\" content=\"La Premi\u00e8re Dame Mari\u00e8me Fadhel Dah lance un forum d\u00e9di\u00e9 \u00e0 l\u2019autonomisation des femmes maghr\u00e9bines - Le Quotidien de Nouakchott\" \/>\n<meta property=\"og:description\" content=\"Sous le haut patronage de la Premi\u00e8re Dame de Mauritanie, Mari\u00e8me Fadhel Dah, le Forum de haut niveau sur l\u2019autonomisation des femmes dans les pays du Maghreb a \u00e9t\u00e9 officiellement ouvert, lundi dernier, \u00e0 Nouakchott. Organis\u00e9 par le minist\u00e8re mauritanien de l\u2019Action sociale, de l\u2019Enfance et de la Famille, en partenariat avec l\u2019Organisation des femmes.....\" \/>\n<meta property=\"og:url\" content=\"https:\/\/lequotidien.mr\/?p=27793&amp;lang=fr\" \/>\n<meta property=\"og:site_name\" content=\"Le Quotidien de Nouakchott\" \/>\n<meta property=\"article:publisher\" content=\"https:\/\/web.facebook.com\/lequotidienmr\" \/>\n<meta property=\"article:published_time\" content=\"2025-05-20T14:00:58+00:00\" \/>\n<meta property=\"og:image\" content=\"https:\/\/lequotidien.mr\/wp-content\/uploads\/2025\/05\/photo-forum-autom-femmes-Maghreb.jpg\" \/>\n\t<meta property=\"og:image:width\" content=\"768\" \/>\n\t<meta property=\"og:image:height\" content=\"513\" \/>\n\t<meta property=\"og:image:type\" content=\"image\/jpeg\" \/>\n<meta name=\"author\" content=\"Med Ahmed\" \/>\n<meta name=\"twitter:card\" content=\"summary_large_image\" \/>\n<meta name=\"twitter:creator\" content=\"@lequotidienmr\" \/>\n<meta name=\"twitter:site\" content=\"@lequotidienmr\" \/>\n<meta name=\"twitter:label1\" content=\"\u0643\u064f\u062a\u0628 \u0628\u0648\u0627\u0633\u0637\u0629\" \/>\n\t<meta name=\"twitter:data1\" content=\"Med Ahmed\" \/>\n\t<meta name=\"twitter:label2\" content=\"\u0648\u0642\u062a \u0627\u0644\u0642\u0631\u0627\u0621\u0629 \u0627\u0644\u0645\u064f\u0642\u062f\u0651\u0631\" \/>\n\t<meta name=\"twitter:data2\" content=\"3 \u062f\u0642\u0627\u0626\u0642\" \/>\n<script type=\"application\/ld+json\" class=\"yoast-schema-graph\">{\"@context\":\"https:\\\/\\\/schema.org\",\"@graph\":[{\"@type\":\"Article\",\"@id\":\"https:\\\/\\\/lequotidien.mr\\\/?p=27793&lang=fr#article\",\"isPartOf\":{\"@id\":\"https:\\\/\\\/lequotidien.mr\\\/?p=27793&lang=fr\"},\"author\":{\"name\":\"Med Ahmed\",\"@id\":\"https:\\\/\\\/lequotidien.mr\\\/#\\\/schema\\\/person\\\/d2d350202a4d599685ed8abc25f97596\"},\"headline\":\"La Premi\u00e8re Dame Mari\u00e8me Fadhel Dah lance un forum d\u00e9di\u00e9 \u00e0 l\u2019autonomisation des femmes maghr\u00e9bines\",\"datePublished\":\"2025-05-20T14:00:58+00:00\",\"mainEntityOfPage\":{\"@id\":\"https:\\\/\\\/lequotidien.mr\\\/?p=27793&lang=fr\"},\"wordCount\":695,\"commentCount\":0,\"publisher\":{\"@id\":\"https:\\\/\\\/lequotidien.mr\\\/#organization\"},\"image\":{\"@id\":\"https:\\\/\\\/lequotidien.mr\\\/?p=27793&lang=fr#primaryimage\"},\"thumbnailUrl\":\"https:\\\/\\\/lequotidien.mr\\\/wp-content\\\/uploads\\\/2025\\\/05\\\/photo-forum-autom-femmes-Maghreb.jpg\",\"articleSection\":[\"ACTUALIT\u00c9\",\"Economie\",\"Culture\"],\"inLanguage\":\"ar\",\"potentialAction\":[{\"@type\":\"CommentAction\",\"name\":\"Comment\",\"target\":[\"https:\\\/\\\/lequotidien.mr\\\/?p=27793&lang=fr#respond\"]}]},{\"@type\":\"WebPage\",\"@id\":\"https:\\\/\\\/lequotidien.mr\\\/?p=27793&lang=fr\",\"url\":\"https:\\\/\\\/lequotidien.mr\\\/?p=27793&lang=fr\",\"name\":\"La Premi\u00e8re Dame Mari\u00e8me Fadhel Dah lance un forum d\u00e9di\u00e9 \u00e0 l\u2019autonomisation des femmes maghr\u00e9bines - Le Quotidien de Nouakchott\",\"isPartOf\":{\"@id\":\"https:\\\/\\\/lequotidien.mr\\\/#website\"},\"primaryImageOfPage\":{\"@id\":\"https:\\\/\\\/lequotidien.mr\\\/?p=27793&lang=fr#primaryimage\"},\"image\":{\"@id\":\"https:\\\/\\\/lequotidien.mr\\\/?p=27793&lang=fr#primaryimage\"},\"thumbnailUrl\":\"https:\\\/\\\/lequotidien.mr\\\/wp-content\\\/uploads\\\/2025\\\/05\\\/photo-forum-autom-femmes-Maghreb.jpg\",\"datePublished\":\"2025-05-20T14:00:58+00:00\",\"breadcrumb\":{\"@id\":\"https:\\\/\\\/lequotidien.mr\\\/?p=27793&lang=fr#breadcrumb\"},\"inLanguage\":\"ar\",\"potentialAction\":[{\"@type\":\"ReadAction\",\"target\":[\"https:\\\/\\\/lequotidien.mr\\\/?p=27793&lang=fr\"]}]},{\"@type\":\"ImageObject\",\"inLanguage\":\"ar\",\"@id\":\"https:\\\/\\\/lequotidien.mr\\\/?p=27793&lang=fr#primaryimage\",\"url\":\"https:\\\/\\\/lequotidien.mr\\\/wp-content\\\/uploads\\\/2025\\\/05\\\/photo-forum-autom-femmes-Maghreb.jpg\",\"contentUrl\":\"https:\\\/\\\/lequotidien.mr\\\/wp-content\\\/uploads\\\/2025\\\/05\\\/photo-forum-autom-femmes-Maghreb.jpg\",\"width\":768,\"height\":513},{\"@type\":\"BreadcrumbList\",\"@id\":\"https:\\\/\\\/lequotidien.mr\\\/?p=27793&lang=fr#breadcrumb\",\"itemListElement\":[{\"@type\":\"ListItem\",\"position\":1,\"name\":\"Home\",\"item\":\"https:\\\/\\\/lequotidien.mr\\\/\"},{\"@type\":\"ListItem\",\"position\":2,\"name\":\"La Premi\u00e8re Dame Mari\u00e8me Fadhel Dah lance un forum d\u00e9di\u00e9 \u00e0 l\u2019autonomisation des femmes maghr\u00e9bines\"}]},{\"@type\":\"WebSite\",\"@id\":\"https:\\\/\\\/lequotidien.mr\\\/#website\",\"url\":\"https:\\\/\\\/lequotidien.mr\\\/\",\"name\":\"Le Quotidien de Nouakchott\",\"description\":\"\u0625\u062e\u0628\u0627\u0631\u064a\u0629 \u0645\u0633\u062a\u0642\u0644\u0629 \u0644\u0644\u0623\u0646\u0628\u0627\u0621 \u0627\u0644\u0639\u0627\u0645\u0629\",\"publisher\":{\"@id\":\"https:\\\/\\\/lequotidien.mr\\\/#organization\"},\"potentialAction\":[{\"@type\":\"SearchAction\",\"target\":{\"@type\":\"EntryPoint\",\"urlTemplate\":\"https:\\\/\\\/lequotidien.mr\\\/?s={search_term_string}\"},\"query-input\":{\"@type\":\"PropertyValueSpecification\",\"valueRequired\":true,\"valueName\":\"search_term_string\"}}],\"inLanguage\":\"ar\"},{\"@type\":\"Organization\",\"@id\":\"https:\\\/\\\/lequotidien.mr\\\/#organization\",\"name\":\"Le Quotidien de Nouakchott\",\"url\":\"https:\\\/\\\/lequotidien.mr\\\/\",\"logo\":{\"@type\":\"ImageObject\",\"inLanguage\":\"ar\",\"@id\":\"https:\\\/\\\/lequotidien.mr\\\/#\\\/schema\\\/logo\\\/image\\\/\",\"url\":\"https:\\\/\\\/lequotidien.mr\\\/wp-content\\\/uploads\\\/2022\\\/11\\\/logolequotidien.jpg\",\"contentUrl\":\"https:\\\/\\\/lequotidien.mr\\\/wp-content\\\/uploads\\\/2022\\\/11\\\/logolequotidien.jpg\",\"width\":290,\"height\":65,\"caption\":\"Le Quotidien de Nouakchott\"},\"image\":{\"@id\":\"https:\\\/\\\/lequotidien.mr\\\/#\\\/schema\\\/logo\\\/image\\\/\"},\"sameAs\":[\"https:\\\/\\\/web.facebook.com\\\/lequotidienmr\",\"https:\\\/\\\/x.com\\\/lequotidienmr\"]},{\"@type\":\"Person\",\"@id\":\"https:\\\/\\\/lequotidien.mr\\\/#\\\/schema\\\/person\\\/d2d350202a4d599685ed8abc25f97596\",\"name\":\"Med Ahmed\",\"image\":{\"@type\":\"ImageObject\",\"inLanguage\":\"ar\",\"@id\":\"https:\\\/\\\/secure.gravatar.com\\\/avatar\\\/fd2acc62ed50732923d1d39c17172c9b04149f142be92310ecc69e1358f94b52?s=96&d=mm&r=g\",\"url\":\"https:\\\/\\\/secure.gravatar.com\\\/avatar\\\/fd2acc62ed50732923d1d39c17172c9b04149f142be92310ecc69e1358f94b52?s=96&d=mm&r=g\",\"contentUrl\":\"https:\\\/\\\/secure.gravatar.com\\\/avatar\\\/fd2acc62ed50732923d1d39c17172c9b04149f142be92310ecc69e1358f94b52?s=96&d=mm&r=g\",\"caption\":\"Med Ahmed\"},\"url\":\"https:\\\/\\\/lequotidien.mr\\\/?author=12\"}]}<\/script>\n<!-- \/ Yoast SEO plugin. -->","yoast_head_json":{"title":"La Premi\u00e8re Dame Mari\u00e8me Fadhel Dah lance un forum d\u00e9di\u00e9 \u00e0 l\u2019autonomisation des femmes maghr\u00e9bines - Le Quotidien de Nouakchott","robots":{"index":"index","follow":"follow","max-snippet":"max-snippet:-1","max-image-preview":"max-image-preview:large","max-video-preview":"max-video-preview:-1"},"canonical":"https:\/\/lequotidien.mr\/?p=27793&lang=fr","og_locale":"ar_AR","og_type":"article","og_title":"La Premi\u00e8re Dame Mari\u00e8me Fadhel Dah lance un forum d\u00e9di\u00e9 \u00e0 l\u2019autonomisation des femmes maghr\u00e9bines - Le Quotidien de Nouakchott","og_description":"Sous le haut patronage de la Premi\u00e8re Dame de Mauritanie, Mari\u00e8me Fadhel Dah, le Forum de haut niveau sur l\u2019autonomisation des femmes dans les pays du Maghreb a \u00e9t\u00e9 officiellement ouvert, lundi dernier, \u00e0 Nouakchott. Organis\u00e9 par le minist\u00e8re mauritanien de l\u2019Action sociale, de l\u2019Enfance et de la Famille, en partenariat avec l\u2019Organisation des femmes.....","og_url":"https:\/\/lequotidien.mr\/?p=27793&lang=fr","og_site_name":"Le Quotidien de Nouakchott","article_publisher":"https:\/\/web.facebook.com\/lequotidienmr","article_published_time":"2025-05-20T14:00:58+00:00","og_image":[{"width":768,"height":513,"url":"https:\/\/lequotidien.mr\/wp-content\/uploads\/2025\/05\/photo-forum-autom-femmes-Maghreb.jpg","type":"image\/jpeg"}],"author":"Med Ahmed","twitter_card":"summary_large_image","twitter_creator":"@lequotidienmr","twitter_site":"@lequotidienmr","twitter_misc":{"\u0643\u064f\u062a\u0628 \u0628\u0648\u0627\u0633\u0637\u0629":"Med Ahmed","\u0648\u0642\u062a \u0627\u0644\u0642\u0631\u0627\u0621\u0629 \u0627\u0644\u0645\u064f\u0642\u062f\u0651\u0631":"3 \u062f\u0642\u0627\u0626\u0642"},"schema":{"@context":"https:\/\/schema.org","@graph":[{"@type":"Article","@id":"https:\/\/lequotidien.mr\/?p=27793&lang=fr#article","isPartOf":{"@id":"https:\/\/lequotidien.mr\/?p=27793&lang=fr"},"author":{"name":"Med Ahmed","@id":"https:\/\/lequotidien.mr\/#\/schema\/person\/d2d350202a4d599685ed8abc25f97596"},"headline":"La Premi\u00e8re Dame Mari\u00e8me Fadhel Dah lance un forum d\u00e9di\u00e9 \u00e0 l\u2019autonomisation des femmes maghr\u00e9bines","datePublished":"2025-05-20T14:00:58+00:00","mainEntityOfPage":{"@id":"https:\/\/lequotidien.mr\/?p=27793&lang=fr"},"wordCount":695,"commentCount":0,"publisher":{"@id":"https:\/\/lequotidien.mr\/#organization"},"image":{"@id":"https:\/\/lequotidien.mr\/?p=27793&lang=fr#primaryimage"},"thumbnailUrl":"https:\/\/lequotidien.mr\/wp-content\/uploads\/2025\/05\/photo-forum-autom-femmes-Maghreb.jpg","articleSection":["ACTUALIT\u00c9","Economie","Culture"],"inLanguage":"ar","potentialAction":[{"@type":"CommentAction","name":"Comment","target":["https:\/\/lequotidien.mr\/?p=27793&lang=fr#respond"]}]},{"@type":"WebPage","@id":"https:\/\/lequotidien.mr\/?p=27793&lang=fr","url":"https:\/\/lequotidien.mr\/?p=27793&lang=fr","name":"La Premi\u00e8re Dame Mari\u00e8me Fadhel Dah lance un forum d\u00e9di\u00e9 \u00e0 l\u2019autonomisation des femmes maghr\u00e9bines - Le Quotidien de Nouakchott","isPartOf":{"@id":"https:\/\/lequotidien.mr\/#website"},"primaryImageOfPage":{"@id":"https:\/\/lequotidien.mr\/?p=27793&lang=fr#primaryimage"},"image":{"@id":"https:\/\/lequotidien.mr\/?p=27793&lang=fr#primaryimage"},"thumbnailUrl":"https:\/\/lequotidien.mr\/wp-content\/uploads\/2025\/05\/photo-forum-autom-femmes-Maghreb.jpg","datePublished":"2025-05-20T14:00:58+00:00","breadcrumb":{"@id":"https:\/\/lequotidien.mr\/?p=27793&lang=fr#breadcrumb"},"inLanguage":"ar","potentialAction":[{"@type":"ReadAction","target":["https:\/\/lequotidien.mr\/?p=27793&lang=fr"]}]},{"@type":"ImageObject","inLanguage":"ar","@id":"https:\/\/lequotidien.mr\/?p=27793&lang=fr#primaryimage","url":"https:\/\/lequotidien.mr\/wp-content\/uploads\/2025\/05\/photo-forum-autom-femmes-Maghreb.jpg","contentUrl":"https:\/\/lequotidien.mr\/wp-content\/uploads\/2025\/05\/photo-forum-autom-femmes-Maghreb.jpg","width":768,"height":513},{"@type":"BreadcrumbList","@id":"https:\/\/lequotidien.mr\/?p=27793&lang=fr#breadcrumb","itemListElement":[{"@type":"ListItem","position":1,"name":"Home","item":"https:\/\/lequotidien.mr\/"},{"@type":"ListItem","position":2,"name":"La Premi\u00e8re Dame Mari\u00e8me Fadhel Dah lance un forum d\u00e9di\u00e9 \u00e0 l\u2019autonomisation des femmes maghr\u00e9bines"}]},{"@type":"WebSite","@id":"https:\/\/lequotidien.mr\/#website","url":"https:\/\/lequotidien.mr\/","name":"Le Quotidien de Nouakchott","description":"\u0625\u062e\u0628\u0627\u0631\u064a\u0629 \u0645\u0633\u062a\u0642\u0644\u0629 \u0644\u0644\u0623\u0646\u0628\u0627\u0621 \u0627\u0644\u0639\u0627\u0645\u0629","publisher":{"@id":"https:\/\/lequotidien.mr\/#organization"},"potentialAction":[{"@type":"SearchAction","target":{"@type":"EntryPoint","urlTemplate":"https:\/\/lequotidien.mr\/?s={search_term_string}"},"query-input":{"@type":"PropertyValueSpecification","valueRequired":true,"valueName":"search_term_string"}}],"inLanguage":"ar"},{"@type":"Organization","@id":"https:\/\/lequotidien.mr\/#organization","name":"Le Quotidien de Nouakchott","url":"https:\/\/lequotidien.mr\/","logo":{"@type":"ImageObject","inLanguage":"ar","@id":"https:\/\/lequotidien.mr\/#\/schema\/logo\/image\/","url":"https:\/\/lequotidien.mr\/wp-content\/uploads\/2022\/11\/logolequotidien.jpg","contentUrl":"https:\/\/lequotidien.mr\/wp-content\/uploads\/2022\/11\/logolequotidien.jpg","width":290,"height":65,"caption":"Le Quotidien de Nouakchott"},"image":{"@id":"https:\/\/lequotidien.mr\/#\/schema\/logo\/image\/"},"sameAs":["https:\/\/web.facebook.com\/lequotidienmr","https:\/\/x.com\/lequotidienmr"]},{"@type":"Person","@id":"https:\/\/lequotidien.mr\/#\/schema\/person\/d2d350202a4d599685ed8abc25f97596","name":"Med Ahmed","image":{"@type":"ImageObject","inLanguage":"ar","@id":"https:\/\/secure.gravatar.com\/avatar\/fd2acc62ed50732923d1d39c17172c9b04149f142be92310ecc69e1358f94b52?s=96&d=mm&r=g","url":"https:\/\/secure.gravatar.com\/avatar\/fd2acc62ed50732923d1d39c17172c9b04149f142be92310ecc69e1358f94b52?s=96&d=mm&r=g","contentUrl":"https:\/\/secure.gravatar.com\/avatar\/fd2acc62ed50732923d1d39c17172c9b04149f142be92310ecc69e1358f94b52?s=96&d=mm&r=g","caption":"Med Ahmed"},"url":"https:\/\/lequotidien.mr\/?author=12"}]}},"_links":{"self":[{"href":"https:\/\/lequotidien.mr\/index.php?rest_route=\/wp\/v2\/posts\/27793","targetHints":{"allow":["GET"]}}],"collection":[{"href":"https:\/\/lequotidien.mr\/index.php?rest_route=\/wp\/v2\/posts"}],"about":[{"href":"https:\/\/lequotidien.mr\/index.php?rest_route=\/wp\/v2\/types\/post"}],"author":[{"embeddable":true,"href":"https:\/\/lequotidien.mr\/index.php?rest_route=\/wp\/v2\/users\/12"}],"replies":[{"embeddable":true,"href":"https:\/\/lequotidien.mr\/index.php?rest_route=%2Fwp%2Fv2%2Fcomments&post=27793"}],"version-history":[{"count":1,"href":"https:\/\/lequotidien.mr\/index.php?rest_route=\/wp\/v2\/posts\/27793\/revisions"}],"predecessor-version":[{"id":27795,"href":"https:\/\/lequotidien.mr\/index.php?rest_route=\/wp\/v2\/posts\/27793\/revisions\/27795"}],"wp:featuredmedia":[{"embeddable":true,"href":"https:\/\/lequotidien.mr\/index.php?rest_route=\/wp\/v2\/media\/27794"}],"wp:attachment":[{"href":"https:\/\/lequotidien.mr\/index.php?rest_route=%2Fwp%2Fv2%2Fmedia&parent=27793"}],"wp:term":[{"taxonomy":"category","embeddable":true,"href":"https:\/\/lequotidien.mr\/index.php?rest_route=%2Fwp%2Fv2%2Fcategories&post=27793"},{"taxonomy":"post_tag","embeddable":true,"href":"https:\/\/lequotidien.mr\/index.php?rest_route=%2Fwp%2Fv2%2Ftags&post=27793"}],"curies":[{"name":"wp","href":"https:\/\/api.w.org\/{rel}","templated":true}]}}