{"id":2778,"date":"2023-01-05T14:51:01","date_gmt":"2023-01-05T14:51:01","guid":{"rendered":"https:\/\/lequotidien.mr\/?p=2778"},"modified":"2023-01-05T14:51:01","modified_gmt":"2023-01-05T14:51:01","slug":"adieu-mon-frere-ahmed-hamza-oumar-el-moctar","status":"publish","type":"post","link":"https:\/\/lequotidien.mr\/?p=2778&lang=fr","title":{"rendered":"Adieu mon fr\u00e8re Ahmed Hamza!  Oumar El Moctar"},"content":{"rendered":"<h3 style=\"text-align: left;\">Ahmed Hamza s\u2019en est all\u00e9. Il a fallu que son corps revienne \u00e0 Nouakchott hier mardi pour le repos \u00e9ternel, pour qu\u2019enfin je me rende compte de l\u2019\u00e9vidence\u00a0: mon fr\u00e8re s\u2019en est bel et bien all\u00e9.<br class=\"autobr\" \/>Un tel d\u00e9part m\u2019a pourtant \u00e9t\u00e9 annonc\u00e9 pr\u00e9monitoirement quand, lors des deux derniers week-ends, il ne r\u00e9pondait plus aux messages watshapp de \u00ab\u00a0Vendredi Mubarcek\u00a0\u00bb que nous avions l\u2019habitude de nous \u00e9changer chaque fin de semaine. Inquiet, je me disais bien que \u00ab\u00a0quelque chose\u00a0\u00bb n\u2019allait pas, d\u2019autant que je le savais \u00e9vacu\u00e9 en Espagne pour des soins. Parce que Hamza n\u2019est pas homme \u00e0 d\u00e9cliner de courtoisie ou de politesse. Ahmed n\u2019est pas homme \u00e0 se d\u00e9rober. Il ne triche pas. Il est entier. Il est monumental\u00a0!<\/h3>\n<h3><\/h3>\n<p><img loading=\"lazy\" decoding=\"async\" class=\"size-full wp-image-2779\" src=\"https:\/\/lequotidien.mr\/wp-content\/uploads\/2023\/01\/arton4559.jpg\" alt=\"\" width=\"275\" height=\"183\" srcset=\"https:\/\/lequotidien.mr\/wp-content\/uploads\/2023\/01\/arton4559.jpg 275w, https:\/\/lequotidien.mr\/wp-content\/uploads\/2023\/01\/arton4559-237x159.jpg 237w\" sizes=\"auto, (max-width: 275px) 100vw, 275px\" \/><\/p>\n<h3 style=\"text-align: left;\">Juste, honn\u00eate, int\u00e8gre, fortement attach\u00e9 aux relations humaines, symbole de l\u2019unit\u00e9 nationale, Hamza est tout cela \u00e0 la fois. Sa grande capacit\u00e9 d\u2019\u00e9coute, ses immenses dispositions de compr\u00e9hension et de sagacit\u00e9 ont fait de lui, le mod\u00e8le du citoyen du monde. Aim\u00e9 et accept\u00e9 de tous pour son ouverture d\u2019esprit, il avait des dispositions uniques qui lui permettaient d\u2019accueillir et d\u2019\u00e9couter de bonne gr\u00e2ce tous ceux qui le sollicitaient. Respect Ahmed\u00a0!<br class=\"autobr\" \/>Avec ce brusque d\u00e9part, la Mauritanie a perdu un de ses plus vaillants fils. Elle a perdu un de ses plus grands patriotes\u00a0; celui-l\u00e0 qui a consacr\u00e9 sa vie au service de ses concitoyens, pour b\u00e2tir une nation fond\u00e9e sur la justice, l\u2019amiti\u00e9, la convivialit\u00e9, l\u2019\u00e9galit\u00e9 mais aussi le progr\u00e8s.<br class=\"autobr\" \/>Personnellement, moi, j\u2019ai perdu un confident, un ami, un fr\u00e8re, un tuteur. J\u2019ai perdu ma r\u00e9f\u00e9rence. J\u2019ai perdu Hamza.<br class=\"autobr\" \/>Repose en paix Ahmed. Qu\u2019Allah t\u2019accueille dans son Virdouss. Innalillah Wa ina ileyhi Rajio\u00fbn.<\/h3>\n<h3 style=\"text-align: left;\">Oumar El Moctar<\/h3>\n","protected":false},"excerpt":{"rendered":"<p>Ahmed Hamza s\u2019en est all\u00e9. Il a fallu que son corps revienne \u00e0 Nouakchott hier mardi pour le repos \u00e9ternel, pour qu\u2019enfin je me rende compte de l\u2019\u00e9vidence\u00a0: mon fr\u00e8re s\u2019en est bel et bien all\u00e9.Un tel d\u00e9part m\u2019a pourtant \u00e9t\u00e9 annonc\u00e9 pr\u00e9monitoirement quand, lors des deux derniers week-ends, il ne r\u00e9pondait plus aux messages&#8230;..<\/p>\n","protected":false},"author":3,"featured_media":2781,"comment_status":"open","ping_status":"open","sticky":false,"template":"","format":"standard","meta":{"footnotes":""},"categories":[23,59],"tags":[],"class_list":["post-2778","post","type-post","status-publish","format-standard","has-post-thumbnail","hentry","category-actualite","category-opinion"],"yoast_head":"<!-- This site is optimized with the Yoast SEO plugin v27.5 - https:\/\/yoast.com\/product\/yoast-seo-wordpress\/ -->\n<title>Adieu mon fr\u00e8re Ahmed Hamza! Oumar El Moctar - Le Quotidien de Nouakchott<\/title>\n<meta name=\"robots\" content=\"index, follow, max-snippet:-1, max-image-preview:large, max-video-preview:-1\" \/>\n<link rel=\"canonical\" href=\"https:\/\/lequotidien.mr\/?p=2778&lang=fr\" \/>\n<meta property=\"og:locale\" content=\"ar_AR\" \/>\n<meta property=\"og:type\" content=\"article\" \/>\n<meta property=\"og:title\" content=\"Adieu mon fr\u00e8re Ahmed Hamza! Oumar El Moctar - Le Quotidien de Nouakchott\" \/>\n<meta property=\"og:description\" content=\"Ahmed Hamza s\u2019en est all\u00e9. Il a fallu que son corps revienne \u00e0 Nouakchott hier mardi pour le repos \u00e9ternel, pour qu\u2019enfin je me rende compte de l\u2019\u00e9vidence\u00a0: mon fr\u00e8re s\u2019en est bel et bien all\u00e9.Un tel d\u00e9part m\u2019a pourtant \u00e9t\u00e9 annonc\u00e9 pr\u00e9monitoirement quand, lors des deux derniers week-ends, il ne r\u00e9pondait plus aux messages.....\" \/>\n<meta property=\"og:url\" content=\"https:\/\/lequotidien.mr\/?p=2778&amp;lang=fr\" \/>\n<meta property=\"og:site_name\" content=\"Le Quotidien de Nouakchott\" \/>\n<meta property=\"article:publisher\" content=\"https:\/\/web.facebook.com\/lequotidienmr\" \/>\n<meta property=\"article:author\" content=\"https:\/\/web.facebook.com\/a.mleiwih\" \/>\n<meta property=\"article:published_time\" content=\"2023-01-05T14:51:01+00:00\" \/>\n<meta property=\"og:image\" content=\"https:\/\/lequotidien.mr\/wp-content\/uploads\/2023\/01\/Oumar.jpg\" \/>\n\t<meta property=\"og:image:width\" content=\"1089\" \/>\n\t<meta property=\"og:image:height\" content=\"800\" \/>\n\t<meta property=\"og:image:type\" content=\"image\/jpeg\" \/>\n<meta name=\"author\" content=\"Alioun M&#039;leiwih\" \/>\n<meta name=\"twitter:card\" content=\"summary_large_image\" \/>\n<meta name=\"twitter:creator\" content=\"@lequotidienmr\" \/>\n<meta name=\"twitter:site\" content=\"@lequotidienmr\" \/>\n<meta name=\"twitter:label1\" content=\"\u0643\u064f\u062a\u0628 \u0628\u0648\u0627\u0633\u0637\u0629\" \/>\n\t<meta name=\"twitter:data1\" content=\"Alioun M&#039;leiwih\" \/>\n\t<meta name=\"twitter:label2\" content=\"\u0648\u0642\u062a \u0627\u0644\u0642\u0631\u0627\u0621\u0629 \u0627\u0644\u0645\u064f\u0642\u062f\u0651\u0631\" \/>\n\t<meta name=\"twitter:data2\" content=\"\u062f\u0642\u064a\u0642\u062a\u0627\u0646\" \/>\n<script type=\"application\/ld+json\" class=\"yoast-schema-graph\">{\"@context\":\"https:\\\/\\\/schema.org\",\"@graph\":[{\"@type\":\"Article\",\"@id\":\"https:\\\/\\\/lequotidien.mr\\\/?p=2778&lang=fr#article\",\"isPartOf\":{\"@id\":\"https:\\\/\\\/lequotidien.mr\\\/?p=2778&lang=fr\"},\"author\":{\"name\":\"Alioun M'leiwih\",\"@id\":\"https:\\\/\\\/lequotidien.mr\\\/#\\\/schema\\\/person\\\/69d1518c74c9137087929a20b1272cb0\"},\"headline\":\"Adieu mon fr\u00e8re Ahmed Hamza! Oumar El Moctar\",\"datePublished\":\"2023-01-05T14:51:01+00:00\",\"mainEntityOfPage\":{\"@id\":\"https:\\\/\\\/lequotidien.mr\\\/?p=2778&lang=fr\"},\"wordCount\":325,\"commentCount\":0,\"publisher\":{\"@id\":\"https:\\\/\\\/lequotidien.mr\\\/#organization\"},\"image\":{\"@id\":\"https:\\\/\\\/lequotidien.mr\\\/?p=2778&lang=fr#primaryimage\"},\"thumbnailUrl\":\"https:\\\/\\\/lequotidien.mr\\\/wp-content\\\/uploads\\\/2023\\\/01\\\/Oumar.jpg\",\"articleSection\":[\"ACTUALIT\u00c9\",\"Opinion\"],\"inLanguage\":\"ar\",\"potentialAction\":[{\"@type\":\"CommentAction\",\"name\":\"Comment\",\"target\":[\"https:\\\/\\\/lequotidien.mr\\\/?p=2778&lang=fr#respond\"]}]},{\"@type\":\"WebPage\",\"@id\":\"https:\\\/\\\/lequotidien.mr\\\/?p=2778&lang=fr\",\"url\":\"https:\\\/\\\/lequotidien.mr\\\/?p=2778&lang=fr\",\"name\":\"Adieu mon fr\u00e8re Ahmed Hamza! Oumar El Moctar - Le Quotidien de Nouakchott\",\"isPartOf\":{\"@id\":\"https:\\\/\\\/lequotidien.mr\\\/#website\"},\"primaryImageOfPage\":{\"@id\":\"https:\\\/\\\/lequotidien.mr\\\/?p=2778&lang=fr#primaryimage\"},\"image\":{\"@id\":\"https:\\\/\\\/lequotidien.mr\\\/?p=2778&lang=fr#primaryimage\"},\"thumbnailUrl\":\"https:\\\/\\\/lequotidien.mr\\\/wp-content\\\/uploads\\\/2023\\\/01\\\/Oumar.jpg\",\"datePublished\":\"2023-01-05T14:51:01+00:00\",\"breadcrumb\":{\"@id\":\"https:\\\/\\\/lequotidien.mr\\\/?p=2778&lang=fr#breadcrumb\"},\"inLanguage\":\"ar\",\"potentialAction\":[{\"@type\":\"ReadAction\",\"target\":[\"https:\\\/\\\/lequotidien.mr\\\/?p=2778&lang=fr\"]}]},{\"@type\":\"ImageObject\",\"inLanguage\":\"ar\",\"@id\":\"https:\\\/\\\/lequotidien.mr\\\/?p=2778&lang=fr#primaryimage\",\"url\":\"https:\\\/\\\/lequotidien.mr\\\/wp-content\\\/uploads\\\/2023\\\/01\\\/Oumar.jpg\",\"contentUrl\":\"https:\\\/\\\/lequotidien.mr\\\/wp-content\\\/uploads\\\/2023\\\/01\\\/Oumar.jpg\",\"width\":1089,\"height\":800,\"caption\":\"Oumar El Moctar\"},{\"@type\":\"BreadcrumbList\",\"@id\":\"https:\\\/\\\/lequotidien.mr\\\/?p=2778&lang=fr#breadcrumb\",\"itemListElement\":[{\"@type\":\"ListItem\",\"position\":1,\"name\":\"Home\",\"item\":\"https:\\\/\\\/lequotidien.mr\\\/\"},{\"@type\":\"ListItem\",\"position\":2,\"name\":\"Adieu mon fr\u00e8re Ahmed Hamza! Oumar El Moctar\"}]},{\"@type\":\"WebSite\",\"@id\":\"https:\\\/\\\/lequotidien.mr\\\/#website\",\"url\":\"https:\\\/\\\/lequotidien.mr\\\/\",\"name\":\"Le Quotidien de Nouakchott\",\"description\":\"\u0625\u062e\u0628\u0627\u0631\u064a\u0629 \u0645\u0633\u062a\u0642\u0644\u0629 \u0644\u0644\u0623\u0646\u0628\u0627\u0621 \u0627\u0644\u0639\u0627\u0645\u0629\",\"publisher\":{\"@id\":\"https:\\\/\\\/lequotidien.mr\\\/#organization\"},\"potentialAction\":[{\"@type\":\"SearchAction\",\"target\":{\"@type\":\"EntryPoint\",\"urlTemplate\":\"https:\\\/\\\/lequotidien.mr\\\/?s={search_term_string}\"},\"query-input\":{\"@type\":\"PropertyValueSpecification\",\"valueRequired\":true,\"valueName\":\"search_term_string\"}}],\"inLanguage\":\"ar\"},{\"@type\":\"Organization\",\"@id\":\"https:\\\/\\\/lequotidien.mr\\\/#organization\",\"name\":\"Le Quotidien de Nouakchott\",\"url\":\"https:\\\/\\\/lequotidien.mr\\\/\",\"logo\":{\"@type\":\"ImageObject\",\"inLanguage\":\"ar\",\"@id\":\"https:\\\/\\\/lequotidien.mr\\\/#\\\/schema\\\/logo\\\/image\\\/\",\"url\":\"https:\\\/\\\/lequotidien.mr\\\/wp-content\\\/uploads\\\/2022\\\/11\\\/logolequotidien.jpg\",\"contentUrl\":\"https:\\\/\\\/lequotidien.mr\\\/wp-content\\\/uploads\\\/2022\\\/11\\\/logolequotidien.jpg\",\"width\":290,\"height\":65,\"caption\":\"Le Quotidien de Nouakchott\"},\"image\":{\"@id\":\"https:\\\/\\\/lequotidien.mr\\\/#\\\/schema\\\/logo\\\/image\\\/\"},\"sameAs\":[\"https:\\\/\\\/web.facebook.com\\\/lequotidienmr\",\"https:\\\/\\\/x.com\\\/lequotidienmr\"]},{\"@type\":\"Person\",\"@id\":\"https:\\\/\\\/lequotidien.mr\\\/#\\\/schema\\\/person\\\/69d1518c74c9137087929a20b1272cb0\",\"name\":\"Alioun M'leiwih\",\"image\":{\"@type\":\"ImageObject\",\"inLanguage\":\"ar\",\"@id\":\"https:\\\/\\\/secure.gravatar.com\\\/avatar\\\/01f9d357222d7d4ca8f71662f4b081718f06d25b11fc45662ecca0622d507e51?s=96&d=mm&r=g\",\"url\":\"https:\\\/\\\/secure.gravatar.com\\\/avatar\\\/01f9d357222d7d4ca8f71662f4b081718f06d25b11fc45662ecca0622d507e51?s=96&d=mm&r=g\",\"contentUrl\":\"https:\\\/\\\/secure.gravatar.com\\\/avatar\\\/01f9d357222d7d4ca8f71662f4b081718f06d25b11fc45662ecca0622d507e51?s=96&d=mm&r=g\",\"caption\":\"Alioun M'leiwih\"},\"sameAs\":[\"https:\\\/\\\/lequotidien.mr\\\/\",\"https:\\\/\\\/web.facebook.com\\\/a.mleiwih\",\"https:\\\/\\\/www.linkedin.com\\\/in\\\/alimlewih\\\/\"],\"url\":\"https:\\\/\\\/lequotidien.mr\\\/?author=3\"}]}<\/script>\n<!-- \/ Yoast SEO plugin. -->","yoast_head_json":{"title":"Adieu mon fr\u00e8re Ahmed Hamza! Oumar El Moctar - Le Quotidien de Nouakchott","robots":{"index":"index","follow":"follow","max-snippet":"max-snippet:-1","max-image-preview":"max-image-preview:large","max-video-preview":"max-video-preview:-1"},"canonical":"https:\/\/lequotidien.mr\/?p=2778&lang=fr","og_locale":"ar_AR","og_type":"article","og_title":"Adieu mon fr\u00e8re Ahmed Hamza! Oumar El Moctar - Le Quotidien de Nouakchott","og_description":"Ahmed Hamza s\u2019en est all\u00e9. Il a fallu que son corps revienne \u00e0 Nouakchott hier mardi pour le repos \u00e9ternel, pour qu\u2019enfin je me rende compte de l\u2019\u00e9vidence\u00a0: mon fr\u00e8re s\u2019en est bel et bien all\u00e9.Un tel d\u00e9part m\u2019a pourtant \u00e9t\u00e9 annonc\u00e9 pr\u00e9monitoirement quand, lors des deux derniers week-ends, il ne r\u00e9pondait plus aux messages.....","og_url":"https:\/\/lequotidien.mr\/?p=2778&lang=fr","og_site_name":"Le Quotidien de Nouakchott","article_publisher":"https:\/\/web.facebook.com\/lequotidienmr","article_author":"https:\/\/web.facebook.com\/a.mleiwih","article_published_time":"2023-01-05T14:51:01+00:00","og_image":[{"width":1089,"height":800,"url":"https:\/\/lequotidien.mr\/wp-content\/uploads\/2023\/01\/Oumar.jpg","type":"image\/jpeg"}],"author":"Alioun M'leiwih","twitter_card":"summary_large_image","twitter_creator":"@lequotidienmr","twitter_site":"@lequotidienmr","twitter_misc":{"\u0643\u064f\u062a\u0628 \u0628\u0648\u0627\u0633\u0637\u0629":"Alioun M'leiwih","\u0648\u0642\u062a \u0627\u0644\u0642\u0631\u0627\u0621\u0629 \u0627\u0644\u0645\u064f\u0642\u062f\u0651\u0631":"\u062f\u0642\u064a\u0642\u062a\u0627\u0646"},"schema":{"@context":"https:\/\/schema.org","@graph":[{"@type":"Article","@id":"https:\/\/lequotidien.mr\/?p=2778&lang=fr#article","isPartOf":{"@id":"https:\/\/lequotidien.mr\/?p=2778&lang=fr"},"author":{"name":"Alioun M'leiwih","@id":"https:\/\/lequotidien.mr\/#\/schema\/person\/69d1518c74c9137087929a20b1272cb0"},"headline":"Adieu mon fr\u00e8re Ahmed Hamza! Oumar El Moctar","datePublished":"2023-01-05T14:51:01+00:00","mainEntityOfPage":{"@id":"https:\/\/lequotidien.mr\/?p=2778&lang=fr"},"wordCount":325,"commentCount":0,"publisher":{"@id":"https:\/\/lequotidien.mr\/#organization"},"image":{"@id":"https:\/\/lequotidien.mr\/?p=2778&lang=fr#primaryimage"},"thumbnailUrl":"https:\/\/lequotidien.mr\/wp-content\/uploads\/2023\/01\/Oumar.jpg","articleSection":["ACTUALIT\u00c9","Opinion"],"inLanguage":"ar","potentialAction":[{"@type":"CommentAction","name":"Comment","target":["https:\/\/lequotidien.mr\/?p=2778&lang=fr#respond"]}]},{"@type":"WebPage","@id":"https:\/\/lequotidien.mr\/?p=2778&lang=fr","url":"https:\/\/lequotidien.mr\/?p=2778&lang=fr","name":"Adieu mon fr\u00e8re Ahmed Hamza! Oumar El Moctar - Le Quotidien de Nouakchott","isPartOf":{"@id":"https:\/\/lequotidien.mr\/#website"},"primaryImageOfPage":{"@id":"https:\/\/lequotidien.mr\/?p=2778&lang=fr#primaryimage"},"image":{"@id":"https:\/\/lequotidien.mr\/?p=2778&lang=fr#primaryimage"},"thumbnailUrl":"https:\/\/lequotidien.mr\/wp-content\/uploads\/2023\/01\/Oumar.jpg","datePublished":"2023-01-05T14:51:01+00:00","breadcrumb":{"@id":"https:\/\/lequotidien.mr\/?p=2778&lang=fr#breadcrumb"},"inLanguage":"ar","potentialAction":[{"@type":"ReadAction","target":["https:\/\/lequotidien.mr\/?p=2778&lang=fr"]}]},{"@type":"ImageObject","inLanguage":"ar","@id":"https:\/\/lequotidien.mr\/?p=2778&lang=fr#primaryimage","url":"https:\/\/lequotidien.mr\/wp-content\/uploads\/2023\/01\/Oumar.jpg","contentUrl":"https:\/\/lequotidien.mr\/wp-content\/uploads\/2023\/01\/Oumar.jpg","width":1089,"height":800,"caption":"Oumar El Moctar"},{"@type":"BreadcrumbList","@id":"https:\/\/lequotidien.mr\/?p=2778&lang=fr#breadcrumb","itemListElement":[{"@type":"ListItem","position":1,"name":"Home","item":"https:\/\/lequotidien.mr\/"},{"@type":"ListItem","position":2,"name":"Adieu mon fr\u00e8re Ahmed Hamza! Oumar El Moctar"}]},{"@type":"WebSite","@id":"https:\/\/lequotidien.mr\/#website","url":"https:\/\/lequotidien.mr\/","name":"Le Quotidien de Nouakchott","description":"\u0625\u062e\u0628\u0627\u0631\u064a\u0629 \u0645\u0633\u062a\u0642\u0644\u0629 \u0644\u0644\u0623\u0646\u0628\u0627\u0621 \u0627\u0644\u0639\u0627\u0645\u0629","publisher":{"@id":"https:\/\/lequotidien.mr\/#organization"},"potentialAction":[{"@type":"SearchAction","target":{"@type":"EntryPoint","urlTemplate":"https:\/\/lequotidien.mr\/?s={search_term_string}"},"query-input":{"@type":"PropertyValueSpecification","valueRequired":true,"valueName":"search_term_string"}}],"inLanguage":"ar"},{"@type":"Organization","@id":"https:\/\/lequotidien.mr\/#organization","name":"Le Quotidien de Nouakchott","url":"https:\/\/lequotidien.mr\/","logo":{"@type":"ImageObject","inLanguage":"ar","@id":"https:\/\/lequotidien.mr\/#\/schema\/logo\/image\/","url":"https:\/\/lequotidien.mr\/wp-content\/uploads\/2022\/11\/logolequotidien.jpg","contentUrl":"https:\/\/lequotidien.mr\/wp-content\/uploads\/2022\/11\/logolequotidien.jpg","width":290,"height":65,"caption":"Le Quotidien de Nouakchott"},"image":{"@id":"https:\/\/lequotidien.mr\/#\/schema\/logo\/image\/"},"sameAs":["https:\/\/web.facebook.com\/lequotidienmr","https:\/\/x.com\/lequotidienmr"]},{"@type":"Person","@id":"https:\/\/lequotidien.mr\/#\/schema\/person\/69d1518c74c9137087929a20b1272cb0","name":"Alioun M'leiwih","image":{"@type":"ImageObject","inLanguage":"ar","@id":"https:\/\/secure.gravatar.com\/avatar\/01f9d357222d7d4ca8f71662f4b081718f06d25b11fc45662ecca0622d507e51?s=96&d=mm&r=g","url":"https:\/\/secure.gravatar.com\/avatar\/01f9d357222d7d4ca8f71662f4b081718f06d25b11fc45662ecca0622d507e51?s=96&d=mm&r=g","contentUrl":"https:\/\/secure.gravatar.com\/avatar\/01f9d357222d7d4ca8f71662f4b081718f06d25b11fc45662ecca0622d507e51?s=96&d=mm&r=g","caption":"Alioun M'leiwih"},"sameAs":["https:\/\/lequotidien.mr\/","https:\/\/web.facebook.com\/a.mleiwih","https:\/\/www.linkedin.com\/in\/alimlewih\/"],"url":"https:\/\/lequotidien.mr\/?author=3"}]}},"_links":{"self":[{"href":"https:\/\/lequotidien.mr\/index.php?rest_route=\/wp\/v2\/posts\/2778","targetHints":{"allow":["GET"]}}],"collection":[{"href":"https:\/\/lequotidien.mr\/index.php?rest_route=\/wp\/v2\/posts"}],"about":[{"href":"https:\/\/lequotidien.mr\/index.php?rest_route=\/wp\/v2\/types\/post"}],"author":[{"embeddable":true,"href":"https:\/\/lequotidien.mr\/index.php?rest_route=\/wp\/v2\/users\/3"}],"replies":[{"embeddable":true,"href":"https:\/\/lequotidien.mr\/index.php?rest_route=%2Fwp%2Fv2%2Fcomments&post=2778"}],"version-history":[{"count":1,"href":"https:\/\/lequotidien.mr\/index.php?rest_route=\/wp\/v2\/posts\/2778\/revisions"}],"predecessor-version":[{"id":2782,"href":"https:\/\/lequotidien.mr\/index.php?rest_route=\/wp\/v2\/posts\/2778\/revisions\/2782"}],"wp:featuredmedia":[{"embeddable":true,"href":"https:\/\/lequotidien.mr\/index.php?rest_route=\/wp\/v2\/media\/2781"}],"wp:attachment":[{"href":"https:\/\/lequotidien.mr\/index.php?rest_route=%2Fwp%2Fv2%2Fmedia&parent=2778"}],"wp:term":[{"taxonomy":"category","embeddable":true,"href":"https:\/\/lequotidien.mr\/index.php?rest_route=%2Fwp%2Fv2%2Fcategories&post=2778"},{"taxonomy":"post_tag","embeddable":true,"href":"https:\/\/lequotidien.mr\/index.php?rest_route=%2Fwp%2Fv2%2Ftags&post=2778"}],"curies":[{"name":"wp","href":"https:\/\/api.w.org\/{rel}","templated":true}]}}