{"id":27753,"date":"2025-05-18T22:58:19","date_gmt":"2025-05-18T22:58:19","guid":{"rendered":"https:\/\/lequotidien.mr\/?p=27753"},"modified":"2025-05-18T22:58:19","modified_gmt":"2025-05-18T22:58:19","slug":"sommet-arabe-de-bagdad-le-ministre-mauritanien-des-affaires-etrangeres-plaide-pour-une-cooperation-arabe-renforcee-et-une-economie-bleue-durable","status":"publish","type":"post","link":"https:\/\/lequotidien.mr\/?p=27753&lang=fr","title":{"rendered":"Sommet arabe de Bagdad : Le ministre mauritanien des Affaires \u00e9trang\u00e8res plaide pour une coop\u00e9ration arabe renforc\u00e9e et une \u00e9conomie bleue durable"},"content":{"rendered":"<p>Lors de la cinqui\u00e8me session du\u00a0<em>Sommet sur le d\u00e9veloppement \u00e9conomique et social<\/em>, tenue samedi \u00e0 Bagdad dans le cadre du Sommet arabe, le ministre mauritanien des Affaires \u00e9trang\u00e8res, de la Coop\u00e9ration africaine et des Mauritaniens de l\u2019ext\u00e9rieur, M. Mohamed Salem Merzoug, a prononc\u00e9 une allocution au nom du Pr\u00e9sident de la R\u00e9publique, M. Mohamed Cheikh El Ghazouani. Dans son intervention, il a insist\u00e9 sur le r\u00f4le central des relations \u00e9conomiques et de la coop\u00e9ration au d\u00e9veloppement dans le renforcement de l\u2019interd\u00e9pendance et de l\u2019unit\u00e9 des pays arabes, particuli\u00e8rement dans un contexte international marqu\u00e9 par des d\u00e9fis \u00e9conomiques et environnementaux croissants.<\/p>\n<p><strong>Une vision commune pour l\u2019action arabe conjointe<\/strong><\/p>\n<p>M. Merzoug a r\u00e9affirm\u00e9 l\u2019engagement de la Mauritanie \u00e0 dynamiser l\u2019action arabe commune, en mettant l\u2019accent sur l\u2019exploitation des opportunit\u00e9s d\u2019investissement au sein des pays de la r\u00e9gion. \u00ab La coop\u00e9ration inter-\u00e9conomique est un levier essentiel pour r\u00e9pondre aux enjeux de d\u00e9veloppement durable et de stabilit\u00e9 \u00bb, a-t-il d\u00e9clar\u00e9. Dans cette optique, il a pr\u00e9sent\u00e9 une initiative ambitieuse ax\u00e9e sur le d\u00e9veloppement de <em>l\u2019\u00e9conomie bleue<\/em>, visant \u00e0 optimiser l\u2019exploitation \u00e9cologique et durable des ressources marines abondantes dans les pays arabes.<\/p>\n<p>Cette initiative, selon le ministre, pourrait jouer un r\u00f4le cl\u00e9 dans la s\u00e9curit\u00e9 alimentaire et la pr\u00e9servation des \u00e9quilibres environnementaux, tout en g\u00e9n\u00e9rant des retomb\u00e9es \u00e9conomiques significatives. \u00ab Nos pays regorgent de richesses maritimes sous-exploit\u00e9es. Une gestion responsable de ces ressources permettrait de cr\u00e9er des emplois, de renforcer la r\u00e9silience climatique et de r\u00e9duire les d\u00e9pendances ext\u00e9rieures \u00bb, a-t-il soulign\u00e9.<\/p>\n<p><strong>Mobiliser les fonds et les partenariats<\/strong><\/p>\n<p>Pour concr\u00e9tiser ce projet, M. Merzoug a annonc\u00e9 la cr\u00e9ation prochaine d\u2019un\u00a0<em>groupe consultatif<\/em>\u00a0charg\u00e9 de mobiliser les financements n\u00e9cessaires sur les cinq prochaines ann\u00e9es. Il a \u00e9galement invit\u00e9 les investisseurs arabes \u00e0 participer activement aux opportunit\u00e9s d\u2019investissement en Mauritanie, notamment dans les secteurs public et priv\u00e9. \u00ab Nous esp\u00e9rons une forte implication de nos fr\u00e8res arabes, dont le soutien est crucial pour transformer ces visions en r\u00e9alit\u00e9s tangibles \u00bb, a-t-il ajout\u00e9.<\/p>\n<p>La d\u00e9l\u00e9gation mauritanienne pr\u00e9sente \u00e0 Bagdad \u00e9tait compos\u00e9e de plusieurs figures cl\u00e9s, dont l\u2019ambassadeur de Mauritanie en Irak, M. El Hacen Aleyatt, l\u2019ambassadeur en \u00c9gypte et repr\u00e9sentant permanent aupr\u00e8s de la Ligue arabe, M. El-Houceine Sidi Abdallah D\u00e8h, ainsi que M. Ahmed Mohamed Douwa, directeur de la Communication et de l\u2019Information au minist\u00e8re des Affaires \u00e9trang\u00e8res, et M. Amadou Bayla Ba, directeur adjoint du Protocole par int\u00e9rim.<\/p>\n<p>En conclusion, le ministre a rappel\u00e9 que les sommets r\u00e9gionaux comme celui de Bagdad offrent une plateforme indispensable pour construire des alliances strat\u00e9giques et partager des solutions innovantes. La Mauritanie, \u00e0 travers ses initiatives et son engagement multilat\u00e9ral, entend ainsi contribuer \u00e0 une prosp\u00e9rit\u00e9 collective, ancr\u00e9e dans la durabilit\u00e9 et la solidarit\u00e9 arabe.<\/p>\n<p>Ce plaidoyer pour une \u00e9conomie bleue et une coop\u00e9ration renforc\u00e9e illustre la volont\u00e9 de Nouakchott de jouer un r\u00f4le actif dans la reconfiguration des \u00e9quilibres \u00e9conomiques et environnementaux au sein de l\u2019espace arabe et au-del\u00e0.<\/p>\n","protected":false},"excerpt":{"rendered":"<p>Lors de la cinqui\u00e8me session du\u00a0Sommet sur le d\u00e9veloppement \u00e9conomique et social, tenue samedi \u00e0 Bagdad dans le cadre du Sommet arabe, le ministre mauritanien des Affaires \u00e9trang\u00e8res, de la Coop\u00e9ration africaine et des Mauritaniens de l\u2019ext\u00e9rieur, M. Mohamed Salem Merzoug, a prononc\u00e9 une allocution au nom du Pr\u00e9sident de la R\u00e9publique, M. Mohamed Cheikh&#8230;..<\/p>\n","protected":false},"author":12,"featured_media":27754,"comment_status":"open","ping_status":"open","sticky":false,"template":"","format":"standard","meta":{"footnotes":""},"categories":[23,49],"tags":[],"class_list":["post-27753","post","type-post","status-publish","format-standard","has-post-thumbnail","hentry","category-actualite","category-economie"],"yoast_head":"<!-- This site is optimized with the Yoast SEO plugin v27.5 - https:\/\/yoast.com\/product\/yoast-seo-wordpress\/ -->\n<title>Sommet arabe de Bagdad : Le ministre mauritanien des Affaires \u00e9trang\u00e8res plaide pour une coop\u00e9ration arabe renforc\u00e9e et une \u00e9conomie bleue durable - Le Quotidien de Nouakchott<\/title>\n<meta name=\"robots\" content=\"index, follow, max-snippet:-1, max-image-preview:large, max-video-preview:-1\" \/>\n<link rel=\"canonical\" href=\"https:\/\/lequotidien.mr\/?p=27753&lang=fr\" \/>\n<meta property=\"og:locale\" content=\"ar_AR\" \/>\n<meta property=\"og:type\" content=\"article\" \/>\n<meta property=\"og:title\" content=\"Sommet arabe de Bagdad : Le ministre mauritanien des Affaires \u00e9trang\u00e8res plaide pour une coop\u00e9ration arabe renforc\u00e9e et une \u00e9conomie bleue durable - Le Quotidien de Nouakchott\" \/>\n<meta property=\"og:description\" content=\"Lors de la cinqui\u00e8me session du\u00a0Sommet sur le d\u00e9veloppement \u00e9conomique et social, tenue samedi \u00e0 Bagdad dans le cadre du Sommet arabe, le ministre mauritanien des Affaires \u00e9trang\u00e8res, de la Coop\u00e9ration africaine et des Mauritaniens de l\u2019ext\u00e9rieur, M. Mohamed Salem Merzoug, a prononc\u00e9 une allocution au nom du Pr\u00e9sident de la R\u00e9publique, M. Mohamed Cheikh.....\" \/>\n<meta property=\"og:url\" content=\"https:\/\/lequotidien.mr\/?p=27753&amp;lang=fr\" \/>\n<meta property=\"og:site_name\" content=\"Le Quotidien de Nouakchott\" \/>\n<meta property=\"article:publisher\" content=\"https:\/\/web.facebook.com\/lequotidienmr\" \/>\n<meta property=\"article:published_time\" content=\"2025-05-18T22:58:19+00:00\" \/>\n<meta property=\"og:image\" content=\"https:\/\/lequotidien.mr\/wp-content\/uploads\/2025\/05\/photo-sommet-arabe.jpg\" \/>\n\t<meta property=\"og:image:width\" content=\"750\" \/>\n\t<meta property=\"og:image:height\" content=\"430\" \/>\n\t<meta property=\"og:image:type\" content=\"image\/jpeg\" \/>\n<meta name=\"author\" content=\"Med Ahmed\" \/>\n<meta name=\"twitter:card\" content=\"summary_large_image\" \/>\n<meta name=\"twitter:creator\" content=\"@lequotidienmr\" \/>\n<meta name=\"twitter:site\" content=\"@lequotidienmr\" \/>\n<meta name=\"twitter:label1\" content=\"\u0643\u064f\u062a\u0628 \u0628\u0648\u0627\u0633\u0637\u0629\" \/>\n\t<meta name=\"twitter:data1\" content=\"Med Ahmed\" \/>\n\t<meta name=\"twitter:label2\" content=\"\u0648\u0642\u062a \u0627\u0644\u0642\u0631\u0627\u0621\u0629 \u0627\u0644\u0645\u064f\u0642\u062f\u0651\u0631\" \/>\n\t<meta name=\"twitter:data2\" content=\"3 \u062f\u0642\u0627\u0626\u0642\" \/>\n<script type=\"application\/ld+json\" class=\"yoast-schema-graph\">{\"@context\":\"https:\\\/\\\/schema.org\",\"@graph\":[{\"@type\":\"Article\",\"@id\":\"https:\\\/\\\/lequotidien.mr\\\/?p=27753&lang=fr#article\",\"isPartOf\":{\"@id\":\"https:\\\/\\\/lequotidien.mr\\\/?p=27753&lang=fr\"},\"author\":{\"name\":\"Med Ahmed\",\"@id\":\"https:\\\/\\\/lequotidien.mr\\\/#\\\/schema\\\/person\\\/d2d350202a4d599685ed8abc25f97596\"},\"headline\":\"Sommet arabe de Bagdad : Le ministre mauritanien des Affaires \u00e9trang\u00e8res plaide pour une coop\u00e9ration arabe renforc\u00e9e et une \u00e9conomie bleue durable\",\"datePublished\":\"2025-05-18T22:58:19+00:00\",\"mainEntityOfPage\":{\"@id\":\"https:\\\/\\\/lequotidien.mr\\\/?p=27753&lang=fr\"},\"wordCount\":573,\"commentCount\":0,\"publisher\":{\"@id\":\"https:\\\/\\\/lequotidien.mr\\\/#organization\"},\"image\":{\"@id\":\"https:\\\/\\\/lequotidien.mr\\\/?p=27753&lang=fr#primaryimage\"},\"thumbnailUrl\":\"https:\\\/\\\/lequotidien.mr\\\/wp-content\\\/uploads\\\/2025\\\/05\\\/photo-sommet-arabe.jpg\",\"articleSection\":[\"ACTUALIT\u00c9\",\"Economie\"],\"inLanguage\":\"ar\",\"potentialAction\":[{\"@type\":\"CommentAction\",\"name\":\"Comment\",\"target\":[\"https:\\\/\\\/lequotidien.mr\\\/?p=27753&lang=fr#respond\"]}]},{\"@type\":\"WebPage\",\"@id\":\"https:\\\/\\\/lequotidien.mr\\\/?p=27753&lang=fr\",\"url\":\"https:\\\/\\\/lequotidien.mr\\\/?p=27753&lang=fr\",\"name\":\"Sommet arabe de Bagdad : Le ministre mauritanien des Affaires \u00e9trang\u00e8res plaide pour une coop\u00e9ration arabe renforc\u00e9e et une \u00e9conomie bleue durable - Le Quotidien de Nouakchott\",\"isPartOf\":{\"@id\":\"https:\\\/\\\/lequotidien.mr\\\/#website\"},\"primaryImageOfPage\":{\"@id\":\"https:\\\/\\\/lequotidien.mr\\\/?p=27753&lang=fr#primaryimage\"},\"image\":{\"@id\":\"https:\\\/\\\/lequotidien.mr\\\/?p=27753&lang=fr#primaryimage\"},\"thumbnailUrl\":\"https:\\\/\\\/lequotidien.mr\\\/wp-content\\\/uploads\\\/2025\\\/05\\\/photo-sommet-arabe.jpg\",\"datePublished\":\"2025-05-18T22:58:19+00:00\",\"breadcrumb\":{\"@id\":\"https:\\\/\\\/lequotidien.mr\\\/?p=27753&lang=fr#breadcrumb\"},\"inLanguage\":\"ar\",\"potentialAction\":[{\"@type\":\"ReadAction\",\"target\":[\"https:\\\/\\\/lequotidien.mr\\\/?p=27753&lang=fr\"]}]},{\"@type\":\"ImageObject\",\"inLanguage\":\"ar\",\"@id\":\"https:\\\/\\\/lequotidien.mr\\\/?p=27753&lang=fr#primaryimage\",\"url\":\"https:\\\/\\\/lequotidien.mr\\\/wp-content\\\/uploads\\\/2025\\\/05\\\/photo-sommet-arabe.jpg\",\"contentUrl\":\"https:\\\/\\\/lequotidien.mr\\\/wp-content\\\/uploads\\\/2025\\\/05\\\/photo-sommet-arabe.jpg\",\"width\":750,\"height\":430},{\"@type\":\"BreadcrumbList\",\"@id\":\"https:\\\/\\\/lequotidien.mr\\\/?p=27753&lang=fr#breadcrumb\",\"itemListElement\":[{\"@type\":\"ListItem\",\"position\":1,\"name\":\"Home\",\"item\":\"https:\\\/\\\/lequotidien.mr\\\/\"},{\"@type\":\"ListItem\",\"position\":2,\"name\":\"Sommet arabe de Bagdad : Le ministre mauritanien des Affaires \u00e9trang\u00e8res plaide pour une coop\u00e9ration arabe renforc\u00e9e et une \u00e9conomie bleue durable\"}]},{\"@type\":\"WebSite\",\"@id\":\"https:\\\/\\\/lequotidien.mr\\\/#website\",\"url\":\"https:\\\/\\\/lequotidien.mr\\\/\",\"name\":\"Le Quotidien de Nouakchott\",\"description\":\"\u0625\u062e\u0628\u0627\u0631\u064a\u0629 \u0645\u0633\u062a\u0642\u0644\u0629 \u0644\u0644\u0623\u0646\u0628\u0627\u0621 \u0627\u0644\u0639\u0627\u0645\u0629\",\"publisher\":{\"@id\":\"https:\\\/\\\/lequotidien.mr\\\/#organization\"},\"potentialAction\":[{\"@type\":\"SearchAction\",\"target\":{\"@type\":\"EntryPoint\",\"urlTemplate\":\"https:\\\/\\\/lequotidien.mr\\\/?s={search_term_string}\"},\"query-input\":{\"@type\":\"PropertyValueSpecification\",\"valueRequired\":true,\"valueName\":\"search_term_string\"}}],\"inLanguage\":\"ar\"},{\"@type\":\"Organization\",\"@id\":\"https:\\\/\\\/lequotidien.mr\\\/#organization\",\"name\":\"Le Quotidien de Nouakchott\",\"url\":\"https:\\\/\\\/lequotidien.mr\\\/\",\"logo\":{\"@type\":\"ImageObject\",\"inLanguage\":\"ar\",\"@id\":\"https:\\\/\\\/lequotidien.mr\\\/#\\\/schema\\\/logo\\\/image\\\/\",\"url\":\"https:\\\/\\\/lequotidien.mr\\\/wp-content\\\/uploads\\\/2022\\\/11\\\/logolequotidien.jpg\",\"contentUrl\":\"https:\\\/\\\/lequotidien.mr\\\/wp-content\\\/uploads\\\/2022\\\/11\\\/logolequotidien.jpg\",\"width\":290,\"height\":65,\"caption\":\"Le Quotidien de Nouakchott\"},\"image\":{\"@id\":\"https:\\\/\\\/lequotidien.mr\\\/#\\\/schema\\\/logo\\\/image\\\/\"},\"sameAs\":[\"https:\\\/\\\/web.facebook.com\\\/lequotidienmr\",\"https:\\\/\\\/x.com\\\/lequotidienmr\"]},{\"@type\":\"Person\",\"@id\":\"https:\\\/\\\/lequotidien.mr\\\/#\\\/schema\\\/person\\\/d2d350202a4d599685ed8abc25f97596\",\"name\":\"Med Ahmed\",\"image\":{\"@type\":\"ImageObject\",\"inLanguage\":\"ar\",\"@id\":\"https:\\\/\\\/secure.gravatar.com\\\/avatar\\\/fd2acc62ed50732923d1d39c17172c9b04149f142be92310ecc69e1358f94b52?s=96&d=mm&r=g\",\"url\":\"https:\\\/\\\/secure.gravatar.com\\\/avatar\\\/fd2acc62ed50732923d1d39c17172c9b04149f142be92310ecc69e1358f94b52?s=96&d=mm&r=g\",\"contentUrl\":\"https:\\\/\\\/secure.gravatar.com\\\/avatar\\\/fd2acc62ed50732923d1d39c17172c9b04149f142be92310ecc69e1358f94b52?s=96&d=mm&r=g\",\"caption\":\"Med Ahmed\"},\"url\":\"https:\\\/\\\/lequotidien.mr\\\/?author=12\"}]}<\/script>\n<!-- \/ Yoast SEO plugin. -->","yoast_head_json":{"title":"Sommet arabe de Bagdad : Le ministre mauritanien des Affaires \u00e9trang\u00e8res plaide pour une coop\u00e9ration arabe renforc\u00e9e et une \u00e9conomie bleue durable - Le Quotidien de Nouakchott","robots":{"index":"index","follow":"follow","max-snippet":"max-snippet:-1","max-image-preview":"max-image-preview:large","max-video-preview":"max-video-preview:-1"},"canonical":"https:\/\/lequotidien.mr\/?p=27753&lang=fr","og_locale":"ar_AR","og_type":"article","og_title":"Sommet arabe de Bagdad : Le ministre mauritanien des Affaires \u00e9trang\u00e8res plaide pour une coop\u00e9ration arabe renforc\u00e9e et une \u00e9conomie bleue durable - Le Quotidien de Nouakchott","og_description":"Lors de la cinqui\u00e8me session du\u00a0Sommet sur le d\u00e9veloppement \u00e9conomique et social, tenue samedi \u00e0 Bagdad dans le cadre du Sommet arabe, le ministre mauritanien des Affaires \u00e9trang\u00e8res, de la Coop\u00e9ration africaine et des Mauritaniens de l\u2019ext\u00e9rieur, M. Mohamed Salem Merzoug, a prononc\u00e9 une allocution au nom du Pr\u00e9sident de la R\u00e9publique, M. Mohamed Cheikh.....","og_url":"https:\/\/lequotidien.mr\/?p=27753&lang=fr","og_site_name":"Le Quotidien de Nouakchott","article_publisher":"https:\/\/web.facebook.com\/lequotidienmr","article_published_time":"2025-05-18T22:58:19+00:00","og_image":[{"width":750,"height":430,"url":"https:\/\/lequotidien.mr\/wp-content\/uploads\/2025\/05\/photo-sommet-arabe.jpg","type":"image\/jpeg"}],"author":"Med Ahmed","twitter_card":"summary_large_image","twitter_creator":"@lequotidienmr","twitter_site":"@lequotidienmr","twitter_misc":{"\u0643\u064f\u062a\u0628 \u0628\u0648\u0627\u0633\u0637\u0629":"Med Ahmed","\u0648\u0642\u062a \u0627\u0644\u0642\u0631\u0627\u0621\u0629 \u0627\u0644\u0645\u064f\u0642\u062f\u0651\u0631":"3 \u062f\u0642\u0627\u0626\u0642"},"schema":{"@context":"https:\/\/schema.org","@graph":[{"@type":"Article","@id":"https:\/\/lequotidien.mr\/?p=27753&lang=fr#article","isPartOf":{"@id":"https:\/\/lequotidien.mr\/?p=27753&lang=fr"},"author":{"name":"Med Ahmed","@id":"https:\/\/lequotidien.mr\/#\/schema\/person\/d2d350202a4d599685ed8abc25f97596"},"headline":"Sommet arabe de Bagdad : Le ministre mauritanien des Affaires \u00e9trang\u00e8res plaide pour une coop\u00e9ration arabe renforc\u00e9e et une \u00e9conomie bleue durable","datePublished":"2025-05-18T22:58:19+00:00","mainEntityOfPage":{"@id":"https:\/\/lequotidien.mr\/?p=27753&lang=fr"},"wordCount":573,"commentCount":0,"publisher":{"@id":"https:\/\/lequotidien.mr\/#organization"},"image":{"@id":"https:\/\/lequotidien.mr\/?p=27753&lang=fr#primaryimage"},"thumbnailUrl":"https:\/\/lequotidien.mr\/wp-content\/uploads\/2025\/05\/photo-sommet-arabe.jpg","articleSection":["ACTUALIT\u00c9","Economie"],"inLanguage":"ar","potentialAction":[{"@type":"CommentAction","name":"Comment","target":["https:\/\/lequotidien.mr\/?p=27753&lang=fr#respond"]}]},{"@type":"WebPage","@id":"https:\/\/lequotidien.mr\/?p=27753&lang=fr","url":"https:\/\/lequotidien.mr\/?p=27753&lang=fr","name":"Sommet arabe de Bagdad : Le ministre mauritanien des Affaires \u00e9trang\u00e8res plaide pour une coop\u00e9ration arabe renforc\u00e9e et une \u00e9conomie bleue durable - Le Quotidien de Nouakchott","isPartOf":{"@id":"https:\/\/lequotidien.mr\/#website"},"primaryImageOfPage":{"@id":"https:\/\/lequotidien.mr\/?p=27753&lang=fr#primaryimage"},"image":{"@id":"https:\/\/lequotidien.mr\/?p=27753&lang=fr#primaryimage"},"thumbnailUrl":"https:\/\/lequotidien.mr\/wp-content\/uploads\/2025\/05\/photo-sommet-arabe.jpg","datePublished":"2025-05-18T22:58:19+00:00","breadcrumb":{"@id":"https:\/\/lequotidien.mr\/?p=27753&lang=fr#breadcrumb"},"inLanguage":"ar","potentialAction":[{"@type":"ReadAction","target":["https:\/\/lequotidien.mr\/?p=27753&lang=fr"]}]},{"@type":"ImageObject","inLanguage":"ar","@id":"https:\/\/lequotidien.mr\/?p=27753&lang=fr#primaryimage","url":"https:\/\/lequotidien.mr\/wp-content\/uploads\/2025\/05\/photo-sommet-arabe.jpg","contentUrl":"https:\/\/lequotidien.mr\/wp-content\/uploads\/2025\/05\/photo-sommet-arabe.jpg","width":750,"height":430},{"@type":"BreadcrumbList","@id":"https:\/\/lequotidien.mr\/?p=27753&lang=fr#breadcrumb","itemListElement":[{"@type":"ListItem","position":1,"name":"Home","item":"https:\/\/lequotidien.mr\/"},{"@type":"ListItem","position":2,"name":"Sommet arabe de Bagdad : Le ministre mauritanien des Affaires \u00e9trang\u00e8res plaide pour une coop\u00e9ration arabe renforc\u00e9e et une \u00e9conomie bleue durable"}]},{"@type":"WebSite","@id":"https:\/\/lequotidien.mr\/#website","url":"https:\/\/lequotidien.mr\/","name":"Le Quotidien de Nouakchott","description":"\u0625\u062e\u0628\u0627\u0631\u064a\u0629 \u0645\u0633\u062a\u0642\u0644\u0629 \u0644\u0644\u0623\u0646\u0628\u0627\u0621 \u0627\u0644\u0639\u0627\u0645\u0629","publisher":{"@id":"https:\/\/lequotidien.mr\/#organization"},"potentialAction":[{"@type":"SearchAction","target":{"@type":"EntryPoint","urlTemplate":"https:\/\/lequotidien.mr\/?s={search_term_string}"},"query-input":{"@type":"PropertyValueSpecification","valueRequired":true,"valueName":"search_term_string"}}],"inLanguage":"ar"},{"@type":"Organization","@id":"https:\/\/lequotidien.mr\/#organization","name":"Le Quotidien de Nouakchott","url":"https:\/\/lequotidien.mr\/","logo":{"@type":"ImageObject","inLanguage":"ar","@id":"https:\/\/lequotidien.mr\/#\/schema\/logo\/image\/","url":"https:\/\/lequotidien.mr\/wp-content\/uploads\/2022\/11\/logolequotidien.jpg","contentUrl":"https:\/\/lequotidien.mr\/wp-content\/uploads\/2022\/11\/logolequotidien.jpg","width":290,"height":65,"caption":"Le Quotidien de Nouakchott"},"image":{"@id":"https:\/\/lequotidien.mr\/#\/schema\/logo\/image\/"},"sameAs":["https:\/\/web.facebook.com\/lequotidienmr","https:\/\/x.com\/lequotidienmr"]},{"@type":"Person","@id":"https:\/\/lequotidien.mr\/#\/schema\/person\/d2d350202a4d599685ed8abc25f97596","name":"Med Ahmed","image":{"@type":"ImageObject","inLanguage":"ar","@id":"https:\/\/secure.gravatar.com\/avatar\/fd2acc62ed50732923d1d39c17172c9b04149f142be92310ecc69e1358f94b52?s=96&d=mm&r=g","url":"https:\/\/secure.gravatar.com\/avatar\/fd2acc62ed50732923d1d39c17172c9b04149f142be92310ecc69e1358f94b52?s=96&d=mm&r=g","contentUrl":"https:\/\/secure.gravatar.com\/avatar\/fd2acc62ed50732923d1d39c17172c9b04149f142be92310ecc69e1358f94b52?s=96&d=mm&r=g","caption":"Med Ahmed"},"url":"https:\/\/lequotidien.mr\/?author=12"}]}},"_links":{"self":[{"href":"https:\/\/lequotidien.mr\/index.php?rest_route=\/wp\/v2\/posts\/27753","targetHints":{"allow":["GET"]}}],"collection":[{"href":"https:\/\/lequotidien.mr\/index.php?rest_route=\/wp\/v2\/posts"}],"about":[{"href":"https:\/\/lequotidien.mr\/index.php?rest_route=\/wp\/v2\/types\/post"}],"author":[{"embeddable":true,"href":"https:\/\/lequotidien.mr\/index.php?rest_route=\/wp\/v2\/users\/12"}],"replies":[{"embeddable":true,"href":"https:\/\/lequotidien.mr\/index.php?rest_route=%2Fwp%2Fv2%2Fcomments&post=27753"}],"version-history":[{"count":1,"href":"https:\/\/lequotidien.mr\/index.php?rest_route=\/wp\/v2\/posts\/27753\/revisions"}],"predecessor-version":[{"id":27755,"href":"https:\/\/lequotidien.mr\/index.php?rest_route=\/wp\/v2\/posts\/27753\/revisions\/27755"}],"wp:featuredmedia":[{"embeddable":true,"href":"https:\/\/lequotidien.mr\/index.php?rest_route=\/wp\/v2\/media\/27754"}],"wp:attachment":[{"href":"https:\/\/lequotidien.mr\/index.php?rest_route=%2Fwp%2Fv2%2Fmedia&parent=27753"}],"wp:term":[{"taxonomy":"category","embeddable":true,"href":"https:\/\/lequotidien.mr\/index.php?rest_route=%2Fwp%2Fv2%2Fcategories&post=27753"},{"taxonomy":"post_tag","embeddable":true,"href":"https:\/\/lequotidien.mr\/index.php?rest_route=%2Fwp%2Fv2%2Ftags&post=27753"}],"curies":[{"name":"wp","href":"https:\/\/api.w.org\/{rel}","templated":true}]}}