{"id":27577,"date":"2025-05-12T22:58:51","date_gmt":"2025-05-12T22:58:51","guid":{"rendered":"https:\/\/lequotidien.mr\/?p=27577"},"modified":"2025-05-12T22:58:51","modified_gmt":"2025-05-12T22:58:51","slug":"forum-des-chefs-dentreprise-africains-a-abidjan-le-president-mohamed-cheikh-el-ghazouani-visite-les-pavillons-nationaux","status":"publish","type":"post","link":"https:\/\/lequotidien.mr\/?p=27577&lang=fr","title":{"rendered":"Forum des chefs d\u2019entreprise africains \u00e0 Abidjan : Le Pr\u00e9sident Mohamed Cheikh El Ghazouani visite les pavillons nationaux"},"content":{"rendered":"<p>Le Pr\u00e9sident de la R\u00e9publique, Monsieur Mohamed Cheikh El Ghazouani, a effectu\u00e9, ce lundi \u00e0 Abidjan, une visite symbolique aux deux pavillons mauritaniens \u00e9rig\u00e9s dans le cadre de la douzi\u00e8me session du Forum des chefs d\u2019entreprise africains. Cette visite s\u2019inscrit dans la dynamique de promotion des potentialit\u00e9s \u00e9conomiques et mini\u00e8res de la Mauritanie, \u00e0 l\u2019occasion de cet \u00e9v\u00e9nement continental d\u00e9di\u00e9 au d\u00e9veloppement des partenariats d\u2019affaires.<\/p>\n<p>Accompagn\u00e9 d\u2019une d\u00e9l\u00e9gation minist\u00e9rielle et diplomatique de haut niveau, le Chef de l\u2019\u00c9tat a explor\u00e9 les stands de la Soci\u00e9t\u00e9 Nationale Industrielle et Mini\u00e8re (SNIM) et de l\u2019Agence de Promotion des Investissements en Mauritanie. Ces deux structures, vitrines de l\u2019\u00e9conomie nationale, ont pr\u00e9sent\u00e9 un \u00e9ventail d\u2019opportunit\u00e9s d\u2019investissement prometteuses dans des secteurs cl\u00e9s tels que les mines, l\u2019\u00e9nergie, l\u2019industrie et les infrastructures. Le Pr\u00e9sident El Ghazouani s\u2019est longuement inform\u00e9 des projets en cours et des dispositifs incitatifs mis en place pour attirer les investisseurs africains et internationaux.<\/p>\n<p>La SNIM, pilier de l\u2019\u00e9conomie mauritanienne et acteur majeur dans l\u2019exploitation du minerai de fer, a expos\u00e9 ses ambitions d\u2019expansion et d\u2019innovation, tandis que l\u2019Agence de Promotion des Investissements a d\u00e9taill\u00e9 les r\u00e9formes engag\u00e9es pour simplifier le climat des affaires et garantir une attractivit\u00e9 renforc\u00e9e du pays. Le Pr\u00e9sident a salu\u00e9 les efforts d\u00e9ploy\u00e9s pour positionner la Mauritanie comme une destination de choix pour les partenariats gagnants-gagnants.<\/p>\n<p>La d\u00e9l\u00e9gation accompagnant le Pr\u00e9sident comprenait notamment M. Nani Chrougha, ministre charg\u00e9 du cabinet pr\u00e9sidentiel, M. Sid\u2019Ahmed Bouh, ministre de l\u2019\u00c9conomie et des Finances, M. Mohamed Abdallahi Khatra, ambassadeur de Mauritanie en C\u00f4te d\u2019Ivoire, ainsi que M. El Hassen Ahmed, directeur g\u00e9n\u00e9ral du Protocole d\u2019\u00c9tat. Leur pr\u00e9sence souligne l\u2019importance strat\u00e9gique accord\u00e9e par Nouakchott \u00e0 ce forum, plateforme incontournable pour stimuler la coop\u00e9ration intra-africaine.<\/p>\n<p>Cette participation mauritanienne au Forum d\u2019Abidjan t\u00e9moigne de la volont\u00e9 des autorit\u00e9s de diversifier l\u2019\u00e9conomie nationale et de s\u2019ouvrir \u00e0 de nouveaux leviers de croissance. En marge des \u00e9changes, des rencontres ont \u00e9t\u00e9 initi\u00e9es avec des d\u00e9cideurs \u00e9conomiques et des investisseurs potentiels, renfor\u00e7ant ainsi les perspectives de collaborations futures.<\/p>\n<p>\u00c0 travers cette visite, le Pr\u00e9sident El Ghazouani r\u00e9affirme l\u2019engagement de la Mauritanie \u00e0 jouer un r\u00f4le actif dans l\u2019int\u00e9gration \u00e9conomique du continent, tout en consolidant sa position comme hub d\u2019investissement dans la r\u00e9gion ouest-africaine. Un signal fort envoy\u00e9 aux acteurs \u00e9conomiques, alors que le pays ambitionne de concr\u00e9tiser sa vision d\u2019\u00e9mergence \u00e0 l\u2019horizon 2030.<\/p>\n<p>&nbsp;<\/p>\n","protected":false},"excerpt":{"rendered":"<p>Le Pr\u00e9sident de la R\u00e9publique, Monsieur Mohamed Cheikh El Ghazouani, a effectu\u00e9, ce lundi \u00e0 Abidjan, une visite symbolique aux deux pavillons mauritaniens \u00e9rig\u00e9s dans le cadre de la douzi\u00e8me session du Forum des chefs d\u2019entreprise africains. Cette visite s\u2019inscrit dans la dynamique de promotion des potentialit\u00e9s \u00e9conomiques et mini\u00e8res de la Mauritanie, \u00e0 l\u2019occasion&#8230;..<\/p>\n","protected":false},"author":12,"featured_media":27578,"comment_status":"open","ping_status":"open","sticky":false,"template":"","format":"standard","meta":{"footnotes":""},"categories":[23,49],"tags":[],"class_list":["post-27577","post","type-post","status-publish","format-standard","has-post-thumbnail","hentry","category-actualite","category-economie"],"yoast_head":"<!-- This site is optimized with the Yoast SEO plugin v27.5 - https:\/\/yoast.com\/product\/yoast-seo-wordpress\/ -->\n<title>Forum des chefs d\u2019entreprise africains \u00e0 Abidjan : Le Pr\u00e9sident Mohamed Cheikh El Ghazouani visite les pavillons nationaux - Le Quotidien de Nouakchott<\/title>\n<meta name=\"robots\" content=\"index, follow, max-snippet:-1, max-image-preview:large, max-video-preview:-1\" \/>\n<link rel=\"canonical\" href=\"https:\/\/lequotidien.mr\/?p=27577&lang=fr\" \/>\n<meta property=\"og:locale\" content=\"ar_AR\" \/>\n<meta property=\"og:type\" content=\"article\" \/>\n<meta property=\"og:title\" content=\"Forum des chefs d\u2019entreprise africains \u00e0 Abidjan : Le Pr\u00e9sident Mohamed Cheikh El Ghazouani visite les pavillons nationaux - Le Quotidien de Nouakchott\" \/>\n<meta property=\"og:description\" content=\"Le Pr\u00e9sident de la R\u00e9publique, Monsieur Mohamed Cheikh El Ghazouani, a effectu\u00e9, ce lundi \u00e0 Abidjan, une visite symbolique aux deux pavillons mauritaniens \u00e9rig\u00e9s dans le cadre de la douzi\u00e8me session du Forum des chefs d\u2019entreprise africains. Cette visite s\u2019inscrit dans la dynamique de promotion des potentialit\u00e9s \u00e9conomiques et mini\u00e8res de la Mauritanie, \u00e0 l\u2019occasion.....\" \/>\n<meta property=\"og:url\" content=\"https:\/\/lequotidien.mr\/?p=27577&amp;lang=fr\" \/>\n<meta property=\"og:site_name\" content=\"Le Quotidien de Nouakchott\" \/>\n<meta property=\"article:publisher\" content=\"https:\/\/web.facebook.com\/lequotidienmr\" \/>\n<meta property=\"article:published_time\" content=\"2025-05-12T22:58:51+00:00\" \/>\n<meta property=\"og:image\" content=\"https:\/\/lequotidien.mr\/wp-content\/uploads\/2025\/05\/photo-pvllon-Mtnie-Abidjan.jpg\" \/>\n\t<meta property=\"og:image:width\" content=\"381\" \/>\n\t<meta property=\"og:image:height\" content=\"430\" \/>\n\t<meta property=\"og:image:type\" content=\"image\/jpeg\" \/>\n<meta name=\"author\" content=\"Med Ahmed\" \/>\n<meta name=\"twitter:card\" content=\"summary_large_image\" \/>\n<meta name=\"twitter:creator\" content=\"@lequotidienmr\" \/>\n<meta name=\"twitter:site\" content=\"@lequotidienmr\" \/>\n<meta name=\"twitter:label1\" content=\"\u0643\u064f\u062a\u0628 \u0628\u0648\u0627\u0633\u0637\u0629\" \/>\n\t<meta name=\"twitter:data1\" content=\"Med Ahmed\" \/>\n\t<meta name=\"twitter:label2\" content=\"\u0648\u0642\u062a \u0627\u0644\u0642\u0631\u0627\u0621\u0629 \u0627\u0644\u0645\u064f\u0642\u062f\u0651\u0631\" \/>\n\t<meta name=\"twitter:data2\" content=\"\u062f\u0642\u064a\u0642\u062a\u0627\u0646\" \/>\n<script type=\"application\/ld+json\" class=\"yoast-schema-graph\">{\"@context\":\"https:\\\/\\\/schema.org\",\"@graph\":[{\"@type\":\"Article\",\"@id\":\"https:\\\/\\\/lequotidien.mr\\\/?p=27577&lang=fr#article\",\"isPartOf\":{\"@id\":\"https:\\\/\\\/lequotidien.mr\\\/?p=27577&lang=fr\"},\"author\":{\"name\":\"Med Ahmed\",\"@id\":\"https:\\\/\\\/lequotidien.mr\\\/#\\\/schema\\\/person\\\/d2d350202a4d599685ed8abc25f97596\"},\"headline\":\"Forum des chefs d\u2019entreprise africains \u00e0 Abidjan : Le Pr\u00e9sident Mohamed Cheikh El Ghazouani visite les pavillons nationaux\",\"datePublished\":\"2025-05-12T22:58:51+00:00\",\"mainEntityOfPage\":{\"@id\":\"https:\\\/\\\/lequotidien.mr\\\/?p=27577&lang=fr\"},\"wordCount\":474,\"commentCount\":0,\"publisher\":{\"@id\":\"https:\\\/\\\/lequotidien.mr\\\/#organization\"},\"image\":{\"@id\":\"https:\\\/\\\/lequotidien.mr\\\/?p=27577&lang=fr#primaryimage\"},\"thumbnailUrl\":\"https:\\\/\\\/lequotidien.mr\\\/wp-content\\\/uploads\\\/2025\\\/05\\\/photo-pvllon-Mtnie-Abidjan.jpg\",\"articleSection\":[\"ACTUALIT\u00c9\",\"Economie\"],\"inLanguage\":\"ar\",\"potentialAction\":[{\"@type\":\"CommentAction\",\"name\":\"Comment\",\"target\":[\"https:\\\/\\\/lequotidien.mr\\\/?p=27577&lang=fr#respond\"]}]},{\"@type\":\"WebPage\",\"@id\":\"https:\\\/\\\/lequotidien.mr\\\/?p=27577&lang=fr\",\"url\":\"https:\\\/\\\/lequotidien.mr\\\/?p=27577&lang=fr\",\"name\":\"Forum des chefs d\u2019entreprise africains \u00e0 Abidjan : Le Pr\u00e9sident Mohamed Cheikh El Ghazouani visite les pavillons nationaux - Le Quotidien de Nouakchott\",\"isPartOf\":{\"@id\":\"https:\\\/\\\/lequotidien.mr\\\/#website\"},\"primaryImageOfPage\":{\"@id\":\"https:\\\/\\\/lequotidien.mr\\\/?p=27577&lang=fr#primaryimage\"},\"image\":{\"@id\":\"https:\\\/\\\/lequotidien.mr\\\/?p=27577&lang=fr#primaryimage\"},\"thumbnailUrl\":\"https:\\\/\\\/lequotidien.mr\\\/wp-content\\\/uploads\\\/2025\\\/05\\\/photo-pvllon-Mtnie-Abidjan.jpg\",\"datePublished\":\"2025-05-12T22:58:51+00:00\",\"breadcrumb\":{\"@id\":\"https:\\\/\\\/lequotidien.mr\\\/?p=27577&lang=fr#breadcrumb\"},\"inLanguage\":\"ar\",\"potentialAction\":[{\"@type\":\"ReadAction\",\"target\":[\"https:\\\/\\\/lequotidien.mr\\\/?p=27577&lang=fr\"]}]},{\"@type\":\"ImageObject\",\"inLanguage\":\"ar\",\"@id\":\"https:\\\/\\\/lequotidien.mr\\\/?p=27577&lang=fr#primaryimage\",\"url\":\"https:\\\/\\\/lequotidien.mr\\\/wp-content\\\/uploads\\\/2025\\\/05\\\/photo-pvllon-Mtnie-Abidjan.jpg\",\"contentUrl\":\"https:\\\/\\\/lequotidien.mr\\\/wp-content\\\/uploads\\\/2025\\\/05\\\/photo-pvllon-Mtnie-Abidjan.jpg\",\"width\":381,\"height\":430},{\"@type\":\"BreadcrumbList\",\"@id\":\"https:\\\/\\\/lequotidien.mr\\\/?p=27577&lang=fr#breadcrumb\",\"itemListElement\":[{\"@type\":\"ListItem\",\"position\":1,\"name\":\"Home\",\"item\":\"https:\\\/\\\/lequotidien.mr\\\/\"},{\"@type\":\"ListItem\",\"position\":2,\"name\":\"Forum des chefs d\u2019entreprise africains \u00e0 Abidjan : Le Pr\u00e9sident Mohamed Cheikh El Ghazouani visite les pavillons nationaux\"}]},{\"@type\":\"WebSite\",\"@id\":\"https:\\\/\\\/lequotidien.mr\\\/#website\",\"url\":\"https:\\\/\\\/lequotidien.mr\\\/\",\"name\":\"Le Quotidien de Nouakchott\",\"description\":\"\u0625\u062e\u0628\u0627\u0631\u064a\u0629 \u0645\u0633\u062a\u0642\u0644\u0629 \u0644\u0644\u0623\u0646\u0628\u0627\u0621 \u0627\u0644\u0639\u0627\u0645\u0629\",\"publisher\":{\"@id\":\"https:\\\/\\\/lequotidien.mr\\\/#organization\"},\"potentialAction\":[{\"@type\":\"SearchAction\",\"target\":{\"@type\":\"EntryPoint\",\"urlTemplate\":\"https:\\\/\\\/lequotidien.mr\\\/?s={search_term_string}\"},\"query-input\":{\"@type\":\"PropertyValueSpecification\",\"valueRequired\":true,\"valueName\":\"search_term_string\"}}],\"inLanguage\":\"ar\"},{\"@type\":\"Organization\",\"@id\":\"https:\\\/\\\/lequotidien.mr\\\/#organization\",\"name\":\"Le Quotidien de Nouakchott\",\"url\":\"https:\\\/\\\/lequotidien.mr\\\/\",\"logo\":{\"@type\":\"ImageObject\",\"inLanguage\":\"ar\",\"@id\":\"https:\\\/\\\/lequotidien.mr\\\/#\\\/schema\\\/logo\\\/image\\\/\",\"url\":\"https:\\\/\\\/lequotidien.mr\\\/wp-content\\\/uploads\\\/2022\\\/11\\\/logolequotidien.jpg\",\"contentUrl\":\"https:\\\/\\\/lequotidien.mr\\\/wp-content\\\/uploads\\\/2022\\\/11\\\/logolequotidien.jpg\",\"width\":290,\"height\":65,\"caption\":\"Le Quotidien de Nouakchott\"},\"image\":{\"@id\":\"https:\\\/\\\/lequotidien.mr\\\/#\\\/schema\\\/logo\\\/image\\\/\"},\"sameAs\":[\"https:\\\/\\\/web.facebook.com\\\/lequotidienmr\",\"https:\\\/\\\/x.com\\\/lequotidienmr\"]},{\"@type\":\"Person\",\"@id\":\"https:\\\/\\\/lequotidien.mr\\\/#\\\/schema\\\/person\\\/d2d350202a4d599685ed8abc25f97596\",\"name\":\"Med Ahmed\",\"image\":{\"@type\":\"ImageObject\",\"inLanguage\":\"ar\",\"@id\":\"https:\\\/\\\/secure.gravatar.com\\\/avatar\\\/fd2acc62ed50732923d1d39c17172c9b04149f142be92310ecc69e1358f94b52?s=96&d=mm&r=g\",\"url\":\"https:\\\/\\\/secure.gravatar.com\\\/avatar\\\/fd2acc62ed50732923d1d39c17172c9b04149f142be92310ecc69e1358f94b52?s=96&d=mm&r=g\",\"contentUrl\":\"https:\\\/\\\/secure.gravatar.com\\\/avatar\\\/fd2acc62ed50732923d1d39c17172c9b04149f142be92310ecc69e1358f94b52?s=96&d=mm&r=g\",\"caption\":\"Med Ahmed\"},\"url\":\"https:\\\/\\\/lequotidien.mr\\\/?author=12\"}]}<\/script>\n<!-- \/ Yoast SEO plugin. -->","yoast_head_json":{"title":"Forum des chefs d\u2019entreprise africains \u00e0 Abidjan : Le Pr\u00e9sident Mohamed Cheikh El Ghazouani visite les pavillons nationaux - Le Quotidien de Nouakchott","robots":{"index":"index","follow":"follow","max-snippet":"max-snippet:-1","max-image-preview":"max-image-preview:large","max-video-preview":"max-video-preview:-1"},"canonical":"https:\/\/lequotidien.mr\/?p=27577&lang=fr","og_locale":"ar_AR","og_type":"article","og_title":"Forum des chefs d\u2019entreprise africains \u00e0 Abidjan : Le Pr\u00e9sident Mohamed Cheikh El Ghazouani visite les pavillons nationaux - Le Quotidien de Nouakchott","og_description":"Le Pr\u00e9sident de la R\u00e9publique, Monsieur Mohamed Cheikh El Ghazouani, a effectu\u00e9, ce lundi \u00e0 Abidjan, une visite symbolique aux deux pavillons mauritaniens \u00e9rig\u00e9s dans le cadre de la douzi\u00e8me session du Forum des chefs d\u2019entreprise africains. Cette visite s\u2019inscrit dans la dynamique de promotion des potentialit\u00e9s \u00e9conomiques et mini\u00e8res de la Mauritanie, \u00e0 l\u2019occasion.....","og_url":"https:\/\/lequotidien.mr\/?p=27577&lang=fr","og_site_name":"Le Quotidien de Nouakchott","article_publisher":"https:\/\/web.facebook.com\/lequotidienmr","article_published_time":"2025-05-12T22:58:51+00:00","og_image":[{"width":381,"height":430,"url":"https:\/\/lequotidien.mr\/wp-content\/uploads\/2025\/05\/photo-pvllon-Mtnie-Abidjan.jpg","type":"image\/jpeg"}],"author":"Med Ahmed","twitter_card":"summary_large_image","twitter_creator":"@lequotidienmr","twitter_site":"@lequotidienmr","twitter_misc":{"\u0643\u064f\u062a\u0628 \u0628\u0648\u0627\u0633\u0637\u0629":"Med Ahmed","\u0648\u0642\u062a \u0627\u0644\u0642\u0631\u0627\u0621\u0629 \u0627\u0644\u0645\u064f\u0642\u062f\u0651\u0631":"\u062f\u0642\u064a\u0642\u062a\u0627\u0646"},"schema":{"@context":"https:\/\/schema.org","@graph":[{"@type":"Article","@id":"https:\/\/lequotidien.mr\/?p=27577&lang=fr#article","isPartOf":{"@id":"https:\/\/lequotidien.mr\/?p=27577&lang=fr"},"author":{"name":"Med Ahmed","@id":"https:\/\/lequotidien.mr\/#\/schema\/person\/d2d350202a4d599685ed8abc25f97596"},"headline":"Forum des chefs d\u2019entreprise africains \u00e0 Abidjan : Le Pr\u00e9sident Mohamed Cheikh El Ghazouani visite les pavillons nationaux","datePublished":"2025-05-12T22:58:51+00:00","mainEntityOfPage":{"@id":"https:\/\/lequotidien.mr\/?p=27577&lang=fr"},"wordCount":474,"commentCount":0,"publisher":{"@id":"https:\/\/lequotidien.mr\/#organization"},"image":{"@id":"https:\/\/lequotidien.mr\/?p=27577&lang=fr#primaryimage"},"thumbnailUrl":"https:\/\/lequotidien.mr\/wp-content\/uploads\/2025\/05\/photo-pvllon-Mtnie-Abidjan.jpg","articleSection":["ACTUALIT\u00c9","Economie"],"inLanguage":"ar","potentialAction":[{"@type":"CommentAction","name":"Comment","target":["https:\/\/lequotidien.mr\/?p=27577&lang=fr#respond"]}]},{"@type":"WebPage","@id":"https:\/\/lequotidien.mr\/?p=27577&lang=fr","url":"https:\/\/lequotidien.mr\/?p=27577&lang=fr","name":"Forum des chefs d\u2019entreprise africains \u00e0 Abidjan : Le Pr\u00e9sident Mohamed Cheikh El Ghazouani visite les pavillons nationaux - Le Quotidien de Nouakchott","isPartOf":{"@id":"https:\/\/lequotidien.mr\/#website"},"primaryImageOfPage":{"@id":"https:\/\/lequotidien.mr\/?p=27577&lang=fr#primaryimage"},"image":{"@id":"https:\/\/lequotidien.mr\/?p=27577&lang=fr#primaryimage"},"thumbnailUrl":"https:\/\/lequotidien.mr\/wp-content\/uploads\/2025\/05\/photo-pvllon-Mtnie-Abidjan.jpg","datePublished":"2025-05-12T22:58:51+00:00","breadcrumb":{"@id":"https:\/\/lequotidien.mr\/?p=27577&lang=fr#breadcrumb"},"inLanguage":"ar","potentialAction":[{"@type":"ReadAction","target":["https:\/\/lequotidien.mr\/?p=27577&lang=fr"]}]},{"@type":"ImageObject","inLanguage":"ar","@id":"https:\/\/lequotidien.mr\/?p=27577&lang=fr#primaryimage","url":"https:\/\/lequotidien.mr\/wp-content\/uploads\/2025\/05\/photo-pvllon-Mtnie-Abidjan.jpg","contentUrl":"https:\/\/lequotidien.mr\/wp-content\/uploads\/2025\/05\/photo-pvllon-Mtnie-Abidjan.jpg","width":381,"height":430},{"@type":"BreadcrumbList","@id":"https:\/\/lequotidien.mr\/?p=27577&lang=fr#breadcrumb","itemListElement":[{"@type":"ListItem","position":1,"name":"Home","item":"https:\/\/lequotidien.mr\/"},{"@type":"ListItem","position":2,"name":"Forum des chefs d\u2019entreprise africains \u00e0 Abidjan : Le Pr\u00e9sident Mohamed Cheikh El Ghazouani visite les pavillons nationaux"}]},{"@type":"WebSite","@id":"https:\/\/lequotidien.mr\/#website","url":"https:\/\/lequotidien.mr\/","name":"Le Quotidien de Nouakchott","description":"\u0625\u062e\u0628\u0627\u0631\u064a\u0629 \u0645\u0633\u062a\u0642\u0644\u0629 \u0644\u0644\u0623\u0646\u0628\u0627\u0621 \u0627\u0644\u0639\u0627\u0645\u0629","publisher":{"@id":"https:\/\/lequotidien.mr\/#organization"},"potentialAction":[{"@type":"SearchAction","target":{"@type":"EntryPoint","urlTemplate":"https:\/\/lequotidien.mr\/?s={search_term_string}"},"query-input":{"@type":"PropertyValueSpecification","valueRequired":true,"valueName":"search_term_string"}}],"inLanguage":"ar"},{"@type":"Organization","@id":"https:\/\/lequotidien.mr\/#organization","name":"Le Quotidien de Nouakchott","url":"https:\/\/lequotidien.mr\/","logo":{"@type":"ImageObject","inLanguage":"ar","@id":"https:\/\/lequotidien.mr\/#\/schema\/logo\/image\/","url":"https:\/\/lequotidien.mr\/wp-content\/uploads\/2022\/11\/logolequotidien.jpg","contentUrl":"https:\/\/lequotidien.mr\/wp-content\/uploads\/2022\/11\/logolequotidien.jpg","width":290,"height":65,"caption":"Le Quotidien de Nouakchott"},"image":{"@id":"https:\/\/lequotidien.mr\/#\/schema\/logo\/image\/"},"sameAs":["https:\/\/web.facebook.com\/lequotidienmr","https:\/\/x.com\/lequotidienmr"]},{"@type":"Person","@id":"https:\/\/lequotidien.mr\/#\/schema\/person\/d2d350202a4d599685ed8abc25f97596","name":"Med Ahmed","image":{"@type":"ImageObject","inLanguage":"ar","@id":"https:\/\/secure.gravatar.com\/avatar\/fd2acc62ed50732923d1d39c17172c9b04149f142be92310ecc69e1358f94b52?s=96&d=mm&r=g","url":"https:\/\/secure.gravatar.com\/avatar\/fd2acc62ed50732923d1d39c17172c9b04149f142be92310ecc69e1358f94b52?s=96&d=mm&r=g","contentUrl":"https:\/\/secure.gravatar.com\/avatar\/fd2acc62ed50732923d1d39c17172c9b04149f142be92310ecc69e1358f94b52?s=96&d=mm&r=g","caption":"Med Ahmed"},"url":"https:\/\/lequotidien.mr\/?author=12"}]}},"_links":{"self":[{"href":"https:\/\/lequotidien.mr\/index.php?rest_route=\/wp\/v2\/posts\/27577","targetHints":{"allow":["GET"]}}],"collection":[{"href":"https:\/\/lequotidien.mr\/index.php?rest_route=\/wp\/v2\/posts"}],"about":[{"href":"https:\/\/lequotidien.mr\/index.php?rest_route=\/wp\/v2\/types\/post"}],"author":[{"embeddable":true,"href":"https:\/\/lequotidien.mr\/index.php?rest_route=\/wp\/v2\/users\/12"}],"replies":[{"embeddable":true,"href":"https:\/\/lequotidien.mr\/index.php?rest_route=%2Fwp%2Fv2%2Fcomments&post=27577"}],"version-history":[{"count":1,"href":"https:\/\/lequotidien.mr\/index.php?rest_route=\/wp\/v2\/posts\/27577\/revisions"}],"predecessor-version":[{"id":27579,"href":"https:\/\/lequotidien.mr\/index.php?rest_route=\/wp\/v2\/posts\/27577\/revisions\/27579"}],"wp:featuredmedia":[{"embeddable":true,"href":"https:\/\/lequotidien.mr\/index.php?rest_route=\/wp\/v2\/media\/27578"}],"wp:attachment":[{"href":"https:\/\/lequotidien.mr\/index.php?rest_route=%2Fwp%2Fv2%2Fmedia&parent=27577"}],"wp:term":[{"taxonomy":"category","embeddable":true,"href":"https:\/\/lequotidien.mr\/index.php?rest_route=%2Fwp%2Fv2%2Fcategories&post=27577"},{"taxonomy":"post_tag","embeddable":true,"href":"https:\/\/lequotidien.mr\/index.php?rest_route=%2Fwp%2Fv2%2Ftags&post=27577"}],"curies":[{"name":"wp","href":"https:\/\/api.w.org\/{rel}","templated":true}]}}