{"id":27520,"date":"2025-05-10T22:19:11","date_gmt":"2025-05-10T22:19:11","guid":{"rendered":"https:\/\/lequotidien.mr\/?p=27520"},"modified":"2025-05-10T22:19:11","modified_gmt":"2025-05-10T22:19:11","slug":"le-forum-economique-parlementaire-mauritano-marocain-une-nouvelle-ere-de-cooperation-strategique-sous-le-signe-de-lemergence","status":"publish","type":"post","link":"https:\/\/lequotidien.mr\/?p=27520&lang=fr","title":{"rendered":"Le Forum \u00c9conomique Parlementaire Mauritano-Marocain : Une nouvelle \u00e8re de coop\u00e9ration strat\u00e9gique sous le signe de l\u2019\u00e9mergence"},"content":{"rendered":"<p>Le pr\u00e9sident de l\u2019Assembl\u00e9e nationale mauritanienne, M. Mohamed Bemba Meguett, et son homologue marocain, M. Rachid Talbi Alami, pr\u00e9sident de la Chambre des repr\u00e9sentants, ont inaugur\u00e9 vendredi \u00e0 Nouakchott la premi\u00e8re session du\u00a0<strong>Forum \u00c9conomique Parlementaire Mauritano-Marocain<\/strong>. Cet \u00e9v\u00e9nement historique, rassemblant parlementaires, ministres, experts et chefs d\u2019entreprise des deux pays, vise \u00e0 dynamiser les relations \u00e9conomiques et l\u00e9gislatives, en phase avec les visions des dirigeants Mohamed Cheikh El Ghazouani et Mohammed VI.<\/p>\n<p><strong>Un cadre balis\u00e9 pour des enjeux communs<\/strong><\/p>\n<p>Plac\u00e9 sous le th\u00e8me de la\u00a0<strong>coop\u00e9ration strat\u00e9gique<\/strong>, le forum a mis l\u2019accent sur des secteurs cl\u00e9s tels que l\u2019agriculture, la s\u00e9curit\u00e9 alimentaire, la p\u00eache, l\u2019\u00e9conomie bleue, la formation professionnelle et les \u00e9nergies renouvelables. Il s\u2019agit de transformer les liens historiques en leviers concrets pour l\u2019\u00e9mergence \u00e9conomique. \u00ab\u00a0<em>Ce forum incarne la volont\u00e9 de nos dirigeants d\u2019\u00e9lever nos relations au rang de partenariat gagnant-gagnant<\/em>\u00a0\u00bb, a d\u00e9clar\u00e9 M. Meguett, soulignant l\u2019importance d\u2019une collaboration l\u00e9gislative renforc\u00e9e pour faciliter les investissements et l\u2019\u00e9change d\u2019expertises.<\/p>\n<p>Dans son allocution, le pr\u00e9sident mauritanien de l\u2019Assembl\u00e9e nationale a insist\u00e9 sur la n\u00e9cessit\u00e9 de\u00a0<strong>structurer la coop\u00e9ration autour de secteurs vitaux<\/strong>\u00a0: \u00ab\u00a0<em>\u00c9ducation, sant\u00e9, infrastructures et services de base doivent \u00eatre au c\u0153ur de notre action commune, pour r\u00e9pondre aux aspirations de nos peuples<\/em>\u00a0\u00bb. Il a \u00e9galement salu\u00e9 le r\u00f4le des institutions parlementaires dans l\u2019accompagnement des projets gouvernementaux et priv\u00e9s, essentiels pour \u00ab\u00a0<em>gagner le pari de l\u2019\u00e9mergence<\/em>\u00a0\u00bb.<\/p>\n<p>Du c\u00f4t\u00e9 marocain, M. Talbi Alami a salu\u00e9 cette initiative comme une \u00ab\u00a0<em>nouvelle \u00e9tape dans les relations fraternelles<\/em>\u00a0\u00bb, mettant en avant les compl\u00e9mentarit\u00e9s \u00e9conomiques. \u00ab\u00a0<em>Notre d\u00e9fi est de mutualiser nos forces dans l\u2019agriculture, l\u2019\u00e9levage et la formation, pour construire une prosp\u00e9rit\u00e9 inclusive<\/em>\u00a0\u00bb, a-t-il affirm\u00e9, rappelant l\u2019imp\u00e9ratif d\u2019une\u00a0<strong>diplomatie parlementaire active<\/strong>\u00a0soutenant les visions royale et pr\u00e9sidentielle.<\/p>\n<p><strong>Focus sur les secteurs phares<\/strong><\/p>\n<p>Les discussions ont cibl\u00e9 des projets concrets :<\/p>\n<p><strong>-S\u00e9curit\u00e9 alimentaire<\/strong>\u00a0: Optimisation des ressources halieutiques et agricoles\u00a0;<\/p>\n<p><strong>-\u00c9conomie bleue<\/strong>\u00a0: Exploitation durable des zones maritimes\u00a0;<\/p>\n<p><strong>-Formation professionnelle<\/strong>\u00a0: Cr\u00e9ation de centres d\u2019excellence transfrontaliers\u00a0;<\/p>\n<p><strong>-\u00c9nergies renouvelables<\/strong>\u00a0: Partenariats technologiques pour la transition verte.<\/p>\n<p>Les participants ont \u00e9galement plaid\u00e9 pour une\u00a0<strong>harmonisation l\u00e9gislative<\/strong>, facilitant les investissements priv\u00e9s et les joint-ventures, notamment dans les infrastructures et les services.<\/p>\n<p>La c\u00e9r\u00e9monie s\u2019est tenue en pr\u00e9sence de plusieurs membres \u00e9minents du gouvernement mauritanien, dont M. El Houssein Medou (Porte-parole du gouvernement), M. El Fadhil Sidaty (P\u00eache), M. Momme Beibatte (Agriculture) et M. Kodioro Moussa Nguenor (Budget). L\u2019ambassadeur du Maroc en Mauritanie, M. Hamid Chabar, ainsi que des repr\u00e9sentants du patronat mauritanien, ont soulign\u00e9 l\u2019importance d\u2019un\u00a0<strong>dialogue continu entre secteurs public et priv\u00e9<\/strong>.<\/p>\n<p><strong>Perspectives : Vers un hub r\u00e9gional<\/strong><\/p>\n<p>Ce forum marque le d\u00e9but d\u2019une coop\u00e9ration parlementaire structur\u00e9e, avec pour prochaine \u00e9tape la cr\u00e9ation de groupes de travail sectoriels. Align\u00e9 sur les Objectifs de d\u00e9veloppement durable (ODD), il ambitionne de faire du tandem Mauritanie-Maroc un\u00a0<strong>mod\u00e8le de r\u00e9ussite sud-sud<\/strong>, capable d\u2019influencer les dynamiques \u00e9conomiques en Afrique de l\u2019Ouest et au-del\u00e0.<\/p>\n<p>En conclusion, cette premi\u00e8re \u00e9dition pose les jalons d\u2019une alliance multidimensionnelle, o\u00f9 l\u00e9gislateurs, entrepreneurs et experts unissent leurs forces pour transformer les d\u00e9fis en opportunit\u00e9s. Un pas de plus vers l\u2019int\u00e9gration r\u00e9gionale, port\u00e9 par une fraternit\u00e9 renouvel\u00e9e.<\/p>\n","protected":false},"excerpt":{"rendered":"<p>Le pr\u00e9sident de l\u2019Assembl\u00e9e nationale mauritanienne, M. Mohamed Bemba Meguett, et son homologue marocain, M. Rachid Talbi Alami, pr\u00e9sident de la Chambre des repr\u00e9sentants, ont inaugur\u00e9 vendredi \u00e0 Nouakchott la premi\u00e8re session du\u00a0Forum \u00c9conomique Parlementaire Mauritano-Marocain. Cet \u00e9v\u00e9nement historique, rassemblant parlementaires, ministres, experts et chefs d\u2019entreprise des deux pays, vise \u00e0 dynamiser les relations \u00e9conomiques&#8230;..<\/p>\n","protected":false},"author":12,"featured_media":27521,"comment_status":"open","ping_status":"open","sticky":false,"template":"","format":"standard","meta":{"footnotes":""},"categories":[23,49],"tags":[],"class_list":["post-27520","post","type-post","status-publish","format-standard","has-post-thumbnail","hentry","category-actualite","category-economie"],"yoast_head":"<!-- This site is optimized with the Yoast SEO plugin v27.5 - https:\/\/yoast.com\/product\/yoast-seo-wordpress\/ -->\n<title>Le Forum \u00c9conomique Parlementaire Mauritano-Marocain : Une nouvelle \u00e8re de coop\u00e9ration strat\u00e9gique sous le signe de l\u2019\u00e9mergence - Le Quotidien de Nouakchott<\/title>\n<meta name=\"robots\" content=\"index, follow, max-snippet:-1, max-image-preview:large, max-video-preview:-1\" \/>\n<link rel=\"canonical\" href=\"https:\/\/lequotidien.mr\/?p=27520&lang=fr\" \/>\n<meta property=\"og:locale\" content=\"ar_AR\" \/>\n<meta property=\"og:type\" content=\"article\" \/>\n<meta property=\"og:title\" content=\"Le Forum \u00c9conomique Parlementaire Mauritano-Marocain : Une nouvelle \u00e8re de coop\u00e9ration strat\u00e9gique sous le signe de l\u2019\u00e9mergence - Le Quotidien de Nouakchott\" \/>\n<meta property=\"og:description\" content=\"Le pr\u00e9sident de l\u2019Assembl\u00e9e nationale mauritanienne, M. Mohamed Bemba Meguett, et son homologue marocain, M. Rachid Talbi Alami, pr\u00e9sident de la Chambre des repr\u00e9sentants, ont inaugur\u00e9 vendredi \u00e0 Nouakchott la premi\u00e8re session du\u00a0Forum \u00c9conomique Parlementaire Mauritano-Marocain. Cet \u00e9v\u00e9nement historique, rassemblant parlementaires, ministres, experts et chefs d\u2019entreprise des deux pays, vise \u00e0 dynamiser les relations \u00e9conomiques.....\" \/>\n<meta property=\"og:url\" content=\"https:\/\/lequotidien.mr\/?p=27520&amp;lang=fr\" \/>\n<meta property=\"og:site_name\" content=\"Le Quotidien de Nouakchott\" \/>\n<meta property=\"article:publisher\" content=\"https:\/\/web.facebook.com\/lequotidienmr\" \/>\n<meta property=\"article:published_time\" content=\"2025-05-10T22:19:11+00:00\" \/>\n<meta property=\"og:image\" content=\"https:\/\/lequotidien.mr\/wp-content\/uploads\/2025\/05\/photo-forum-economique-parlementaire-mauritano-marocain.jpg\" \/>\n\t<meta property=\"og:image:width\" content=\"750\" \/>\n\t<meta property=\"og:image:height\" content=\"430\" \/>\n\t<meta property=\"og:image:type\" content=\"image\/jpeg\" \/>\n<meta name=\"author\" content=\"Med Ahmed\" \/>\n<meta name=\"twitter:card\" content=\"summary_large_image\" \/>\n<meta name=\"twitter:creator\" content=\"@lequotidienmr\" \/>\n<meta name=\"twitter:site\" content=\"@lequotidienmr\" \/>\n<meta name=\"twitter:label1\" content=\"\u0643\u064f\u062a\u0628 \u0628\u0648\u0627\u0633\u0637\u0629\" \/>\n\t<meta name=\"twitter:data1\" content=\"Med Ahmed\" \/>\n\t<meta name=\"twitter:label2\" content=\"\u0648\u0642\u062a \u0627\u0644\u0642\u0631\u0627\u0621\u0629 \u0627\u0644\u0645\u064f\u0642\u062f\u0651\u0631\" \/>\n\t<meta name=\"twitter:data2\" content=\"3 \u062f\u0642\u0627\u0626\u0642\" \/>\n<script type=\"application\/ld+json\" class=\"yoast-schema-graph\">{\"@context\":\"https:\\\/\\\/schema.org\",\"@graph\":[{\"@type\":\"Article\",\"@id\":\"https:\\\/\\\/lequotidien.mr\\\/?p=27520&lang=fr#article\",\"isPartOf\":{\"@id\":\"https:\\\/\\\/lequotidien.mr\\\/?p=27520&lang=fr\"},\"author\":{\"name\":\"Med Ahmed\",\"@id\":\"https:\\\/\\\/lequotidien.mr\\\/#\\\/schema\\\/person\\\/d2d350202a4d599685ed8abc25f97596\"},\"headline\":\"Le Forum \u00c9conomique Parlementaire Mauritano-Marocain : Une nouvelle \u00e8re de coop\u00e9ration strat\u00e9gique sous le signe de l\u2019\u00e9mergence\",\"datePublished\":\"2025-05-10T22:19:11+00:00\",\"mainEntityOfPage\":{\"@id\":\"https:\\\/\\\/lequotidien.mr\\\/?p=27520&lang=fr\"},\"wordCount\":605,\"commentCount\":0,\"publisher\":{\"@id\":\"https:\\\/\\\/lequotidien.mr\\\/#organization\"},\"image\":{\"@id\":\"https:\\\/\\\/lequotidien.mr\\\/?p=27520&lang=fr#primaryimage\"},\"thumbnailUrl\":\"https:\\\/\\\/lequotidien.mr\\\/wp-content\\\/uploads\\\/2025\\\/05\\\/photo-forum-economique-parlementaire-mauritano-marocain.jpg\",\"articleSection\":[\"ACTUALIT\u00c9\",\"Economie\"],\"inLanguage\":\"ar\",\"potentialAction\":[{\"@type\":\"CommentAction\",\"name\":\"Comment\",\"target\":[\"https:\\\/\\\/lequotidien.mr\\\/?p=27520&lang=fr#respond\"]}]},{\"@type\":\"WebPage\",\"@id\":\"https:\\\/\\\/lequotidien.mr\\\/?p=27520&lang=fr\",\"url\":\"https:\\\/\\\/lequotidien.mr\\\/?p=27520&lang=fr\",\"name\":\"Le Forum \u00c9conomique Parlementaire Mauritano-Marocain : Une nouvelle \u00e8re de coop\u00e9ration strat\u00e9gique sous le signe de l\u2019\u00e9mergence - Le Quotidien de Nouakchott\",\"isPartOf\":{\"@id\":\"https:\\\/\\\/lequotidien.mr\\\/#website\"},\"primaryImageOfPage\":{\"@id\":\"https:\\\/\\\/lequotidien.mr\\\/?p=27520&lang=fr#primaryimage\"},\"image\":{\"@id\":\"https:\\\/\\\/lequotidien.mr\\\/?p=27520&lang=fr#primaryimage\"},\"thumbnailUrl\":\"https:\\\/\\\/lequotidien.mr\\\/wp-content\\\/uploads\\\/2025\\\/05\\\/photo-forum-economique-parlementaire-mauritano-marocain.jpg\",\"datePublished\":\"2025-05-10T22:19:11+00:00\",\"breadcrumb\":{\"@id\":\"https:\\\/\\\/lequotidien.mr\\\/?p=27520&lang=fr#breadcrumb\"},\"inLanguage\":\"ar\",\"potentialAction\":[{\"@type\":\"ReadAction\",\"target\":[\"https:\\\/\\\/lequotidien.mr\\\/?p=27520&lang=fr\"]}]},{\"@type\":\"ImageObject\",\"inLanguage\":\"ar\",\"@id\":\"https:\\\/\\\/lequotidien.mr\\\/?p=27520&lang=fr#primaryimage\",\"url\":\"https:\\\/\\\/lequotidien.mr\\\/wp-content\\\/uploads\\\/2025\\\/05\\\/photo-forum-economique-parlementaire-mauritano-marocain.jpg\",\"contentUrl\":\"https:\\\/\\\/lequotidien.mr\\\/wp-content\\\/uploads\\\/2025\\\/05\\\/photo-forum-economique-parlementaire-mauritano-marocain.jpg\",\"width\":750,\"height\":430},{\"@type\":\"BreadcrumbList\",\"@id\":\"https:\\\/\\\/lequotidien.mr\\\/?p=27520&lang=fr#breadcrumb\",\"itemListElement\":[{\"@type\":\"ListItem\",\"position\":1,\"name\":\"Home\",\"item\":\"https:\\\/\\\/lequotidien.mr\\\/\"},{\"@type\":\"ListItem\",\"position\":2,\"name\":\"Le Forum \u00c9conomique Parlementaire Mauritano-Marocain : Une nouvelle \u00e8re de coop\u00e9ration strat\u00e9gique sous le signe de l\u2019\u00e9mergence\"}]},{\"@type\":\"WebSite\",\"@id\":\"https:\\\/\\\/lequotidien.mr\\\/#website\",\"url\":\"https:\\\/\\\/lequotidien.mr\\\/\",\"name\":\"Le Quotidien de Nouakchott\",\"description\":\"\u0625\u062e\u0628\u0627\u0631\u064a\u0629 \u0645\u0633\u062a\u0642\u0644\u0629 \u0644\u0644\u0623\u0646\u0628\u0627\u0621 \u0627\u0644\u0639\u0627\u0645\u0629\",\"publisher\":{\"@id\":\"https:\\\/\\\/lequotidien.mr\\\/#organization\"},\"potentialAction\":[{\"@type\":\"SearchAction\",\"target\":{\"@type\":\"EntryPoint\",\"urlTemplate\":\"https:\\\/\\\/lequotidien.mr\\\/?s={search_term_string}\"},\"query-input\":{\"@type\":\"PropertyValueSpecification\",\"valueRequired\":true,\"valueName\":\"search_term_string\"}}],\"inLanguage\":\"ar\"},{\"@type\":\"Organization\",\"@id\":\"https:\\\/\\\/lequotidien.mr\\\/#organization\",\"name\":\"Le Quotidien de Nouakchott\",\"url\":\"https:\\\/\\\/lequotidien.mr\\\/\",\"logo\":{\"@type\":\"ImageObject\",\"inLanguage\":\"ar\",\"@id\":\"https:\\\/\\\/lequotidien.mr\\\/#\\\/schema\\\/logo\\\/image\\\/\",\"url\":\"https:\\\/\\\/lequotidien.mr\\\/wp-content\\\/uploads\\\/2022\\\/11\\\/logolequotidien.jpg\",\"contentUrl\":\"https:\\\/\\\/lequotidien.mr\\\/wp-content\\\/uploads\\\/2022\\\/11\\\/logolequotidien.jpg\",\"width\":290,\"height\":65,\"caption\":\"Le Quotidien de Nouakchott\"},\"image\":{\"@id\":\"https:\\\/\\\/lequotidien.mr\\\/#\\\/schema\\\/logo\\\/image\\\/\"},\"sameAs\":[\"https:\\\/\\\/web.facebook.com\\\/lequotidienmr\",\"https:\\\/\\\/x.com\\\/lequotidienmr\"]},{\"@type\":\"Person\",\"@id\":\"https:\\\/\\\/lequotidien.mr\\\/#\\\/schema\\\/person\\\/d2d350202a4d599685ed8abc25f97596\",\"name\":\"Med Ahmed\",\"image\":{\"@type\":\"ImageObject\",\"inLanguage\":\"ar\",\"@id\":\"https:\\\/\\\/secure.gravatar.com\\\/avatar\\\/fd2acc62ed50732923d1d39c17172c9b04149f142be92310ecc69e1358f94b52?s=96&d=mm&r=g\",\"url\":\"https:\\\/\\\/secure.gravatar.com\\\/avatar\\\/fd2acc62ed50732923d1d39c17172c9b04149f142be92310ecc69e1358f94b52?s=96&d=mm&r=g\",\"contentUrl\":\"https:\\\/\\\/secure.gravatar.com\\\/avatar\\\/fd2acc62ed50732923d1d39c17172c9b04149f142be92310ecc69e1358f94b52?s=96&d=mm&r=g\",\"caption\":\"Med Ahmed\"},\"url\":\"https:\\\/\\\/lequotidien.mr\\\/?author=12\"}]}<\/script>\n<!-- \/ Yoast SEO plugin. -->","yoast_head_json":{"title":"Le Forum \u00c9conomique Parlementaire Mauritano-Marocain : Une nouvelle \u00e8re de coop\u00e9ration strat\u00e9gique sous le signe de l\u2019\u00e9mergence - Le Quotidien de Nouakchott","robots":{"index":"index","follow":"follow","max-snippet":"max-snippet:-1","max-image-preview":"max-image-preview:large","max-video-preview":"max-video-preview:-1"},"canonical":"https:\/\/lequotidien.mr\/?p=27520&lang=fr","og_locale":"ar_AR","og_type":"article","og_title":"Le Forum \u00c9conomique Parlementaire Mauritano-Marocain : Une nouvelle \u00e8re de coop\u00e9ration strat\u00e9gique sous le signe de l\u2019\u00e9mergence - Le Quotidien de Nouakchott","og_description":"Le pr\u00e9sident de l\u2019Assembl\u00e9e nationale mauritanienne, M. Mohamed Bemba Meguett, et son homologue marocain, M. Rachid Talbi Alami, pr\u00e9sident de la Chambre des repr\u00e9sentants, ont inaugur\u00e9 vendredi \u00e0 Nouakchott la premi\u00e8re session du\u00a0Forum \u00c9conomique Parlementaire Mauritano-Marocain. Cet \u00e9v\u00e9nement historique, rassemblant parlementaires, ministres, experts et chefs d\u2019entreprise des deux pays, vise \u00e0 dynamiser les relations \u00e9conomiques.....","og_url":"https:\/\/lequotidien.mr\/?p=27520&lang=fr","og_site_name":"Le Quotidien de Nouakchott","article_publisher":"https:\/\/web.facebook.com\/lequotidienmr","article_published_time":"2025-05-10T22:19:11+00:00","og_image":[{"width":750,"height":430,"url":"https:\/\/lequotidien.mr\/wp-content\/uploads\/2025\/05\/photo-forum-economique-parlementaire-mauritano-marocain.jpg","type":"image\/jpeg"}],"author":"Med Ahmed","twitter_card":"summary_large_image","twitter_creator":"@lequotidienmr","twitter_site":"@lequotidienmr","twitter_misc":{"\u0643\u064f\u062a\u0628 \u0628\u0648\u0627\u0633\u0637\u0629":"Med Ahmed","\u0648\u0642\u062a \u0627\u0644\u0642\u0631\u0627\u0621\u0629 \u0627\u0644\u0645\u064f\u0642\u062f\u0651\u0631":"3 \u062f\u0642\u0627\u0626\u0642"},"schema":{"@context":"https:\/\/schema.org","@graph":[{"@type":"Article","@id":"https:\/\/lequotidien.mr\/?p=27520&lang=fr#article","isPartOf":{"@id":"https:\/\/lequotidien.mr\/?p=27520&lang=fr"},"author":{"name":"Med Ahmed","@id":"https:\/\/lequotidien.mr\/#\/schema\/person\/d2d350202a4d599685ed8abc25f97596"},"headline":"Le Forum \u00c9conomique Parlementaire Mauritano-Marocain : Une nouvelle \u00e8re de coop\u00e9ration strat\u00e9gique sous le signe de l\u2019\u00e9mergence","datePublished":"2025-05-10T22:19:11+00:00","mainEntityOfPage":{"@id":"https:\/\/lequotidien.mr\/?p=27520&lang=fr"},"wordCount":605,"commentCount":0,"publisher":{"@id":"https:\/\/lequotidien.mr\/#organization"},"image":{"@id":"https:\/\/lequotidien.mr\/?p=27520&lang=fr#primaryimage"},"thumbnailUrl":"https:\/\/lequotidien.mr\/wp-content\/uploads\/2025\/05\/photo-forum-economique-parlementaire-mauritano-marocain.jpg","articleSection":["ACTUALIT\u00c9","Economie"],"inLanguage":"ar","potentialAction":[{"@type":"CommentAction","name":"Comment","target":["https:\/\/lequotidien.mr\/?p=27520&lang=fr#respond"]}]},{"@type":"WebPage","@id":"https:\/\/lequotidien.mr\/?p=27520&lang=fr","url":"https:\/\/lequotidien.mr\/?p=27520&lang=fr","name":"Le Forum \u00c9conomique Parlementaire Mauritano-Marocain : Une nouvelle \u00e8re de coop\u00e9ration strat\u00e9gique sous le signe de l\u2019\u00e9mergence - Le Quotidien de Nouakchott","isPartOf":{"@id":"https:\/\/lequotidien.mr\/#website"},"primaryImageOfPage":{"@id":"https:\/\/lequotidien.mr\/?p=27520&lang=fr#primaryimage"},"image":{"@id":"https:\/\/lequotidien.mr\/?p=27520&lang=fr#primaryimage"},"thumbnailUrl":"https:\/\/lequotidien.mr\/wp-content\/uploads\/2025\/05\/photo-forum-economique-parlementaire-mauritano-marocain.jpg","datePublished":"2025-05-10T22:19:11+00:00","breadcrumb":{"@id":"https:\/\/lequotidien.mr\/?p=27520&lang=fr#breadcrumb"},"inLanguage":"ar","potentialAction":[{"@type":"ReadAction","target":["https:\/\/lequotidien.mr\/?p=27520&lang=fr"]}]},{"@type":"ImageObject","inLanguage":"ar","@id":"https:\/\/lequotidien.mr\/?p=27520&lang=fr#primaryimage","url":"https:\/\/lequotidien.mr\/wp-content\/uploads\/2025\/05\/photo-forum-economique-parlementaire-mauritano-marocain.jpg","contentUrl":"https:\/\/lequotidien.mr\/wp-content\/uploads\/2025\/05\/photo-forum-economique-parlementaire-mauritano-marocain.jpg","width":750,"height":430},{"@type":"BreadcrumbList","@id":"https:\/\/lequotidien.mr\/?p=27520&lang=fr#breadcrumb","itemListElement":[{"@type":"ListItem","position":1,"name":"Home","item":"https:\/\/lequotidien.mr\/"},{"@type":"ListItem","position":2,"name":"Le Forum \u00c9conomique Parlementaire Mauritano-Marocain : Une nouvelle \u00e8re de coop\u00e9ration strat\u00e9gique sous le signe de l\u2019\u00e9mergence"}]},{"@type":"WebSite","@id":"https:\/\/lequotidien.mr\/#website","url":"https:\/\/lequotidien.mr\/","name":"Le Quotidien de Nouakchott","description":"\u0625\u062e\u0628\u0627\u0631\u064a\u0629 \u0645\u0633\u062a\u0642\u0644\u0629 \u0644\u0644\u0623\u0646\u0628\u0627\u0621 \u0627\u0644\u0639\u0627\u0645\u0629","publisher":{"@id":"https:\/\/lequotidien.mr\/#organization"},"potentialAction":[{"@type":"SearchAction","target":{"@type":"EntryPoint","urlTemplate":"https:\/\/lequotidien.mr\/?s={search_term_string}"},"query-input":{"@type":"PropertyValueSpecification","valueRequired":true,"valueName":"search_term_string"}}],"inLanguage":"ar"},{"@type":"Organization","@id":"https:\/\/lequotidien.mr\/#organization","name":"Le Quotidien de Nouakchott","url":"https:\/\/lequotidien.mr\/","logo":{"@type":"ImageObject","inLanguage":"ar","@id":"https:\/\/lequotidien.mr\/#\/schema\/logo\/image\/","url":"https:\/\/lequotidien.mr\/wp-content\/uploads\/2022\/11\/logolequotidien.jpg","contentUrl":"https:\/\/lequotidien.mr\/wp-content\/uploads\/2022\/11\/logolequotidien.jpg","width":290,"height":65,"caption":"Le Quotidien de Nouakchott"},"image":{"@id":"https:\/\/lequotidien.mr\/#\/schema\/logo\/image\/"},"sameAs":["https:\/\/web.facebook.com\/lequotidienmr","https:\/\/x.com\/lequotidienmr"]},{"@type":"Person","@id":"https:\/\/lequotidien.mr\/#\/schema\/person\/d2d350202a4d599685ed8abc25f97596","name":"Med Ahmed","image":{"@type":"ImageObject","inLanguage":"ar","@id":"https:\/\/secure.gravatar.com\/avatar\/fd2acc62ed50732923d1d39c17172c9b04149f142be92310ecc69e1358f94b52?s=96&d=mm&r=g","url":"https:\/\/secure.gravatar.com\/avatar\/fd2acc62ed50732923d1d39c17172c9b04149f142be92310ecc69e1358f94b52?s=96&d=mm&r=g","contentUrl":"https:\/\/secure.gravatar.com\/avatar\/fd2acc62ed50732923d1d39c17172c9b04149f142be92310ecc69e1358f94b52?s=96&d=mm&r=g","caption":"Med Ahmed"},"url":"https:\/\/lequotidien.mr\/?author=12"}]}},"_links":{"self":[{"href":"https:\/\/lequotidien.mr\/index.php?rest_route=\/wp\/v2\/posts\/27520","targetHints":{"allow":["GET"]}}],"collection":[{"href":"https:\/\/lequotidien.mr\/index.php?rest_route=\/wp\/v2\/posts"}],"about":[{"href":"https:\/\/lequotidien.mr\/index.php?rest_route=\/wp\/v2\/types\/post"}],"author":[{"embeddable":true,"href":"https:\/\/lequotidien.mr\/index.php?rest_route=\/wp\/v2\/users\/12"}],"replies":[{"embeddable":true,"href":"https:\/\/lequotidien.mr\/index.php?rest_route=%2Fwp%2Fv2%2Fcomments&post=27520"}],"version-history":[{"count":1,"href":"https:\/\/lequotidien.mr\/index.php?rest_route=\/wp\/v2\/posts\/27520\/revisions"}],"predecessor-version":[{"id":27522,"href":"https:\/\/lequotidien.mr\/index.php?rest_route=\/wp\/v2\/posts\/27520\/revisions\/27522"}],"wp:featuredmedia":[{"embeddable":true,"href":"https:\/\/lequotidien.mr\/index.php?rest_route=\/wp\/v2\/media\/27521"}],"wp:attachment":[{"href":"https:\/\/lequotidien.mr\/index.php?rest_route=%2Fwp%2Fv2%2Fmedia&parent=27520"}],"wp:term":[{"taxonomy":"category","embeddable":true,"href":"https:\/\/lequotidien.mr\/index.php?rest_route=%2Fwp%2Fv2%2Fcategories&post=27520"},{"taxonomy":"post_tag","embeddable":true,"href":"https:\/\/lequotidien.mr\/index.php?rest_route=%2Fwp%2Fv2%2Ftags&post=27520"}],"curies":[{"name":"wp","href":"https:\/\/api.w.org\/{rel}","templated":true}]}}