{"id":27517,"date":"2025-05-10T21:50:20","date_gmt":"2025-05-10T21:50:20","guid":{"rendered":"https:\/\/lequotidien.mr\/?p=27517"},"modified":"2025-05-10T21:50:20","modified_gmt":"2025-05-10T21:50:20","slug":"le-president-el-ghazouani-inaugure-lexposition-internationale-de-la-sira-un-pont-entre-heritage-islamique-et-innovation-technologique","status":"publish","type":"post","link":"https:\/\/lequotidien.mr\/?p=27517&lang=fr","title":{"rendered":"Le Pr\u00e9sident El Ghazouani inaugure l\u2019Exposition internationale de la Sira : Un pont entre h\u00e9ritage islamique et innovation technologique"},"content":{"rendered":"<p>Le Pr\u00e9sident de la R\u00e9publique, M. Mohamed Cheikh El Ghazouani, a inaugur\u00e9 jeudi soir \u00e0 Nouakchott un \u00e9difice culturel et scientifique d\u2019envergure : le Mus\u00e9e et l\u2019Exposition internationale de la\u00a0<em>Sira<\/em>\u00a0(biographie) du Proph\u00e8te Mohammed (Paix et Salut sur Lui) et de la civilisation islamique. Cet \u00e9v\u00e9nement marque une \u00e9tape historique pour la Mauritanie, premier pays africain \u00e0 abriter un projet d\u2019une telle ampleur, fruit d\u2019un partenariat entre la Ligue Islamique Mondiale et le Royaume d\u2019Arabie Saoudite.<\/p>\n<p><strong>Une immersion technologique au c\u0153ur de la Sira<\/strong><\/p>\n<p>Accompagn\u00e9 de la Premi\u00e8re Dame, Dr Mariem Fadel Dah, et d\u2019une d\u00e9l\u00e9gation de haut rang, le Chef de l\u2019\u00c9tat a parcouru les couloirs du mus\u00e9e, \u00e9coutant attentivement les explications des conservateurs. V\u00e9ritable prouesse technologique, l\u2019exposition combine\u00a0<strong>r\u00e9alit\u00e9 virtuelle, hologrammes<\/strong>\u00a0et\u00a0<strong>\u00e9crans interactifs<\/strong>\u00a0(plus de 50) pour raconter la vie du Proph\u00e8te en arabe, fran\u00e7ais, anglais, indon\u00e9sien et ourdou. R\u00e9partis sur\u00a0<strong>20 pavillons scientifiques<\/strong>, ces outils modernes offrent une exp\u00e9rience tridimensionnelle, permettant aux visiteurs de \u00ab vivre \u00bb la\u00a0<em>Sira<\/em>\u00a0comme jamais auparavant.<\/p>\n<p>Ce projet, extension des mus\u00e9es de La Mecque et M\u00e9dine, vise \u00e0 \u00ab incarner la biographie proph\u00e9tique pour dissiper les doutes et d\u00e9montrer les v\u00e9rit\u00e9s de l\u2019Islam \u00bb, a soulign\u00e9 le Dr Mohammed bin Abdulkarim Al-Issa, Secr\u00e9taire g\u00e9n\u00e9ral de la Ligue Islamique Mondiale. Approuv\u00e9 par\u00a0<strong>mille savants et muftis<\/strong>\u00a0internationaux, le mus\u00e9e se veut un phare de connaissance, m\u00ealant rigueur historique et cr\u00e9ativit\u00e9 num\u00e9rique.<\/p>\n<p><strong>Une c\u00e9l\u00e9bration de l\u2019identit\u00e9 islamique mauritanienne<\/strong><\/p>\n<p>Dans son allocution, M. El Houssein Medou, ministre de la Culture et porte-parole du gouvernement, a salu\u00e9 la vision du Pr\u00e9sident Ghazouani, \u00ab profond\u00e9ment attach\u00e9 aux enseignements religieux et au r\u00f4le des \u00e9rudits dans la diffusion d\u2019un islam mod\u00e9r\u00e9 \u00bb. Il a rendu hommage au Royaume saoudien et \u00e0 la Ligue Islamique pour leur soutien, rappelant que \u00ab les\u00a0<em>Chenaghitas<\/em>\u00a0(\u00e9rudits de Chinguetti) ont, depuis des si\u00e8cles, port\u00e9 les flambeaux du savoir islamique, de la jurisprudence \u00e0 la po\u00e9sie proph\u00e9tique \u00bb.<\/p>\n<p>Le maire de Dar Naim, M. Momma El Kotob Momma, a quant \u00e0 lui qualifi\u00e9 l\u2019\u00e9difice d\u2019\u00ab acquis historique renfor\u00e7ant notre identit\u00e9 islamique \u00bb, soulignant que la\u00a0<em>Sira<\/em>\u00a0\u00ab reste l\u2019\u00e2me de notre patrimoine \u00bb.<\/p>\n<p><strong>Un outil diplomatique et \u00e9ducatif<\/strong><\/p>\n<p>Plus qu\u2019un mus\u00e9e, ce projet s\u2019inscrit dans la strat\u00e9gie nationale de valorisation de l\u2019islam mauritanien, connu pour son \u00e9cole malikite mod\u00e9r\u00e9e. Le Pr\u00e9sident Ghazouani, en signant le livre d\u2019or, a r\u00e9affirm\u00e9 l\u2019engagement de son pays \u00e0 promouvoir \u00ab un message de paix et de dialogue \u00bb, align\u00e9 sur les Objectifs de d\u00e9veloppement durable.<\/p>\n<p>La c\u00e9r\u00e9monie, tenue en pr\u00e9sence du Premier ministre Moctar Djay, du pr\u00e9sident de l\u2019Assembl\u00e9e nationale Mohamed Bamba Meguett, et des corps diplomatique et militaire, symbolise l\u2019union des sph\u00e8res politique, religieuse et culturelle autour d\u2019une ambition commune : faire de la Mauritanie un carrefour du savoir islamique, \u00e0 la fois ancr\u00e9 dans sa tradition et tourn\u00e9 vers l\u2019innovation.<\/p>\n","protected":false},"excerpt":{"rendered":"<p>Le Pr\u00e9sident de la R\u00e9publique, M. Mohamed Cheikh El Ghazouani, a inaugur\u00e9 jeudi soir \u00e0 Nouakchott un \u00e9difice culturel et scientifique d\u2019envergure : le Mus\u00e9e et l\u2019Exposition internationale de la\u00a0Sira\u00a0(biographie) du Proph\u00e8te Mohammed (Paix et Salut sur Lui) et de la civilisation islamique. Cet \u00e9v\u00e9nement marque une \u00e9tape historique pour la Mauritanie, premier pays africain&#8230;..<\/p>\n","protected":false},"author":12,"featured_media":27518,"comment_status":"open","ping_status":"open","sticky":false,"template":"","format":"standard","meta":{"footnotes":""},"categories":[23,55],"tags":[],"class_list":["post-27517","post","type-post","status-publish","format-standard","has-post-thumbnail","hentry","category-actualite","category-culture"],"yoast_head":"<!-- This site is optimized with the Yoast SEO plugin v27.5 - https:\/\/yoast.com\/product\/yoast-seo-wordpress\/ -->\n<title>Le Pr\u00e9sident El Ghazouani inaugure l\u2019Exposition internationale de la Sira : Un pont entre h\u00e9ritage islamique et innovation technologique - Le Quotidien de Nouakchott<\/title>\n<meta name=\"robots\" content=\"index, follow, max-snippet:-1, max-image-preview:large, max-video-preview:-1\" \/>\n<link rel=\"canonical\" href=\"https:\/\/lequotidien.mr\/?p=27517&lang=fr\" \/>\n<meta property=\"og:locale\" content=\"ar_AR\" \/>\n<meta property=\"og:type\" content=\"article\" \/>\n<meta property=\"og:title\" content=\"Le Pr\u00e9sident El Ghazouani inaugure l\u2019Exposition internationale de la Sira : Un pont entre h\u00e9ritage islamique et innovation technologique - Le Quotidien de Nouakchott\" \/>\n<meta property=\"og:description\" content=\"Le Pr\u00e9sident de la R\u00e9publique, M. Mohamed Cheikh El Ghazouani, a inaugur\u00e9 jeudi soir \u00e0 Nouakchott un \u00e9difice culturel et scientifique d\u2019envergure : le Mus\u00e9e et l\u2019Exposition internationale de la\u00a0Sira\u00a0(biographie) du Proph\u00e8te Mohammed (Paix et Salut sur Lui) et de la civilisation islamique. Cet \u00e9v\u00e9nement marque une \u00e9tape historique pour la Mauritanie, premier pays africain.....\" \/>\n<meta property=\"og:url\" content=\"https:\/\/lequotidien.mr\/?p=27517&amp;lang=fr\" \/>\n<meta property=\"og:site_name\" content=\"Le Quotidien de Nouakchott\" \/>\n<meta property=\"article:publisher\" content=\"https:\/\/web.facebook.com\/lequotidienmr\" \/>\n<meta property=\"article:published_time\" content=\"2025-05-10T21:50:20+00:00\" \/>\n<meta property=\"og:image\" content=\"https:\/\/lequotidien.mr\/wp-content\/uploads\/2025\/05\/photo-Sira-Prophete-PSL.jpg\" \/>\n\t<meta property=\"og:image:width\" content=\"750\" \/>\n\t<meta property=\"og:image:height\" content=\"430\" \/>\n\t<meta property=\"og:image:type\" content=\"image\/jpeg\" \/>\n<meta name=\"author\" content=\"Med Ahmed\" \/>\n<meta name=\"twitter:card\" content=\"summary_large_image\" \/>\n<meta name=\"twitter:creator\" content=\"@lequotidienmr\" \/>\n<meta name=\"twitter:site\" content=\"@lequotidienmr\" \/>\n<meta name=\"twitter:label1\" content=\"\u0643\u064f\u062a\u0628 \u0628\u0648\u0627\u0633\u0637\u0629\" \/>\n\t<meta name=\"twitter:data1\" content=\"Med Ahmed\" \/>\n\t<meta name=\"twitter:label2\" content=\"\u0648\u0642\u062a \u0627\u0644\u0642\u0631\u0627\u0621\u0629 \u0627\u0644\u0645\u064f\u0642\u062f\u0651\u0631\" \/>\n\t<meta name=\"twitter:data2\" content=\"3 \u062f\u0642\u0627\u0626\u0642\" \/>\n<script type=\"application\/ld+json\" class=\"yoast-schema-graph\">{\"@context\":\"https:\\\/\\\/schema.org\",\"@graph\":[{\"@type\":\"Article\",\"@id\":\"https:\\\/\\\/lequotidien.mr\\\/?p=27517&lang=fr#article\",\"isPartOf\":{\"@id\":\"https:\\\/\\\/lequotidien.mr\\\/?p=27517&lang=fr\"},\"author\":{\"name\":\"Med Ahmed\",\"@id\":\"https:\\\/\\\/lequotidien.mr\\\/#\\\/schema\\\/person\\\/d2d350202a4d599685ed8abc25f97596\"},\"headline\":\"Le Pr\u00e9sident El Ghazouani inaugure l\u2019Exposition internationale de la Sira : Un pont entre h\u00e9ritage islamique et innovation technologique\",\"datePublished\":\"2025-05-10T21:50:20+00:00\",\"mainEntityOfPage\":{\"@id\":\"https:\\\/\\\/lequotidien.mr\\\/?p=27517&lang=fr\"},\"wordCount\":539,\"commentCount\":0,\"publisher\":{\"@id\":\"https:\\\/\\\/lequotidien.mr\\\/#organization\"},\"image\":{\"@id\":\"https:\\\/\\\/lequotidien.mr\\\/?p=27517&lang=fr#primaryimage\"},\"thumbnailUrl\":\"https:\\\/\\\/lequotidien.mr\\\/wp-content\\\/uploads\\\/2025\\\/05\\\/photo-Sira-Prophete-PSL.jpg\",\"articleSection\":[\"ACTUALIT\u00c9\",\"Culture\"],\"inLanguage\":\"ar\",\"potentialAction\":[{\"@type\":\"CommentAction\",\"name\":\"Comment\",\"target\":[\"https:\\\/\\\/lequotidien.mr\\\/?p=27517&lang=fr#respond\"]}]},{\"@type\":\"WebPage\",\"@id\":\"https:\\\/\\\/lequotidien.mr\\\/?p=27517&lang=fr\",\"url\":\"https:\\\/\\\/lequotidien.mr\\\/?p=27517&lang=fr\",\"name\":\"Le Pr\u00e9sident El Ghazouani inaugure l\u2019Exposition internationale de la Sira : Un pont entre h\u00e9ritage islamique et innovation technologique - Le Quotidien de Nouakchott\",\"isPartOf\":{\"@id\":\"https:\\\/\\\/lequotidien.mr\\\/#website\"},\"primaryImageOfPage\":{\"@id\":\"https:\\\/\\\/lequotidien.mr\\\/?p=27517&lang=fr#primaryimage\"},\"image\":{\"@id\":\"https:\\\/\\\/lequotidien.mr\\\/?p=27517&lang=fr#primaryimage\"},\"thumbnailUrl\":\"https:\\\/\\\/lequotidien.mr\\\/wp-content\\\/uploads\\\/2025\\\/05\\\/photo-Sira-Prophete-PSL.jpg\",\"datePublished\":\"2025-05-10T21:50:20+00:00\",\"breadcrumb\":{\"@id\":\"https:\\\/\\\/lequotidien.mr\\\/?p=27517&lang=fr#breadcrumb\"},\"inLanguage\":\"ar\",\"potentialAction\":[{\"@type\":\"ReadAction\",\"target\":[\"https:\\\/\\\/lequotidien.mr\\\/?p=27517&lang=fr\"]}]},{\"@type\":\"ImageObject\",\"inLanguage\":\"ar\",\"@id\":\"https:\\\/\\\/lequotidien.mr\\\/?p=27517&lang=fr#primaryimage\",\"url\":\"https:\\\/\\\/lequotidien.mr\\\/wp-content\\\/uploads\\\/2025\\\/05\\\/photo-Sira-Prophete-PSL.jpg\",\"contentUrl\":\"https:\\\/\\\/lequotidien.mr\\\/wp-content\\\/uploads\\\/2025\\\/05\\\/photo-Sira-Prophete-PSL.jpg\",\"width\":750,\"height\":430},{\"@type\":\"BreadcrumbList\",\"@id\":\"https:\\\/\\\/lequotidien.mr\\\/?p=27517&lang=fr#breadcrumb\",\"itemListElement\":[{\"@type\":\"ListItem\",\"position\":1,\"name\":\"Home\",\"item\":\"https:\\\/\\\/lequotidien.mr\\\/\"},{\"@type\":\"ListItem\",\"position\":2,\"name\":\"Le Pr\u00e9sident El Ghazouani inaugure l\u2019Exposition internationale de la Sira : Un pont entre h\u00e9ritage islamique et innovation technologique\"}]},{\"@type\":\"WebSite\",\"@id\":\"https:\\\/\\\/lequotidien.mr\\\/#website\",\"url\":\"https:\\\/\\\/lequotidien.mr\\\/\",\"name\":\"Le Quotidien de Nouakchott\",\"description\":\"\u0625\u062e\u0628\u0627\u0631\u064a\u0629 \u0645\u0633\u062a\u0642\u0644\u0629 \u0644\u0644\u0623\u0646\u0628\u0627\u0621 \u0627\u0644\u0639\u0627\u0645\u0629\",\"publisher\":{\"@id\":\"https:\\\/\\\/lequotidien.mr\\\/#organization\"},\"potentialAction\":[{\"@type\":\"SearchAction\",\"target\":{\"@type\":\"EntryPoint\",\"urlTemplate\":\"https:\\\/\\\/lequotidien.mr\\\/?s={search_term_string}\"},\"query-input\":{\"@type\":\"PropertyValueSpecification\",\"valueRequired\":true,\"valueName\":\"search_term_string\"}}],\"inLanguage\":\"ar\"},{\"@type\":\"Organization\",\"@id\":\"https:\\\/\\\/lequotidien.mr\\\/#organization\",\"name\":\"Le Quotidien de Nouakchott\",\"url\":\"https:\\\/\\\/lequotidien.mr\\\/\",\"logo\":{\"@type\":\"ImageObject\",\"inLanguage\":\"ar\",\"@id\":\"https:\\\/\\\/lequotidien.mr\\\/#\\\/schema\\\/logo\\\/image\\\/\",\"url\":\"https:\\\/\\\/lequotidien.mr\\\/wp-content\\\/uploads\\\/2022\\\/11\\\/logolequotidien.jpg\",\"contentUrl\":\"https:\\\/\\\/lequotidien.mr\\\/wp-content\\\/uploads\\\/2022\\\/11\\\/logolequotidien.jpg\",\"width\":290,\"height\":65,\"caption\":\"Le Quotidien de Nouakchott\"},\"image\":{\"@id\":\"https:\\\/\\\/lequotidien.mr\\\/#\\\/schema\\\/logo\\\/image\\\/\"},\"sameAs\":[\"https:\\\/\\\/web.facebook.com\\\/lequotidienmr\",\"https:\\\/\\\/x.com\\\/lequotidienmr\"]},{\"@type\":\"Person\",\"@id\":\"https:\\\/\\\/lequotidien.mr\\\/#\\\/schema\\\/person\\\/d2d350202a4d599685ed8abc25f97596\",\"name\":\"Med Ahmed\",\"image\":{\"@type\":\"ImageObject\",\"inLanguage\":\"ar\",\"@id\":\"https:\\\/\\\/secure.gravatar.com\\\/avatar\\\/fd2acc62ed50732923d1d39c17172c9b04149f142be92310ecc69e1358f94b52?s=96&d=mm&r=g\",\"url\":\"https:\\\/\\\/secure.gravatar.com\\\/avatar\\\/fd2acc62ed50732923d1d39c17172c9b04149f142be92310ecc69e1358f94b52?s=96&d=mm&r=g\",\"contentUrl\":\"https:\\\/\\\/secure.gravatar.com\\\/avatar\\\/fd2acc62ed50732923d1d39c17172c9b04149f142be92310ecc69e1358f94b52?s=96&d=mm&r=g\",\"caption\":\"Med Ahmed\"},\"url\":\"https:\\\/\\\/lequotidien.mr\\\/?author=12\"}]}<\/script>\n<!-- \/ Yoast SEO plugin. -->","yoast_head_json":{"title":"Le Pr\u00e9sident El Ghazouani inaugure l\u2019Exposition internationale de la Sira : Un pont entre h\u00e9ritage islamique et innovation technologique - Le Quotidien de Nouakchott","robots":{"index":"index","follow":"follow","max-snippet":"max-snippet:-1","max-image-preview":"max-image-preview:large","max-video-preview":"max-video-preview:-1"},"canonical":"https:\/\/lequotidien.mr\/?p=27517&lang=fr","og_locale":"ar_AR","og_type":"article","og_title":"Le Pr\u00e9sident El Ghazouani inaugure l\u2019Exposition internationale de la Sira : Un pont entre h\u00e9ritage islamique et innovation technologique - Le Quotidien de Nouakchott","og_description":"Le Pr\u00e9sident de la R\u00e9publique, M. Mohamed Cheikh El Ghazouani, a inaugur\u00e9 jeudi soir \u00e0 Nouakchott un \u00e9difice culturel et scientifique d\u2019envergure : le Mus\u00e9e et l\u2019Exposition internationale de la\u00a0Sira\u00a0(biographie) du Proph\u00e8te Mohammed (Paix et Salut sur Lui) et de la civilisation islamique. Cet \u00e9v\u00e9nement marque une \u00e9tape historique pour la Mauritanie, premier pays africain.....","og_url":"https:\/\/lequotidien.mr\/?p=27517&lang=fr","og_site_name":"Le Quotidien de Nouakchott","article_publisher":"https:\/\/web.facebook.com\/lequotidienmr","article_published_time":"2025-05-10T21:50:20+00:00","og_image":[{"width":750,"height":430,"url":"https:\/\/lequotidien.mr\/wp-content\/uploads\/2025\/05\/photo-Sira-Prophete-PSL.jpg","type":"image\/jpeg"}],"author":"Med Ahmed","twitter_card":"summary_large_image","twitter_creator":"@lequotidienmr","twitter_site":"@lequotidienmr","twitter_misc":{"\u0643\u064f\u062a\u0628 \u0628\u0648\u0627\u0633\u0637\u0629":"Med Ahmed","\u0648\u0642\u062a \u0627\u0644\u0642\u0631\u0627\u0621\u0629 \u0627\u0644\u0645\u064f\u0642\u062f\u0651\u0631":"3 \u062f\u0642\u0627\u0626\u0642"},"schema":{"@context":"https:\/\/schema.org","@graph":[{"@type":"Article","@id":"https:\/\/lequotidien.mr\/?p=27517&lang=fr#article","isPartOf":{"@id":"https:\/\/lequotidien.mr\/?p=27517&lang=fr"},"author":{"name":"Med Ahmed","@id":"https:\/\/lequotidien.mr\/#\/schema\/person\/d2d350202a4d599685ed8abc25f97596"},"headline":"Le Pr\u00e9sident El Ghazouani inaugure l\u2019Exposition internationale de la Sira : Un pont entre h\u00e9ritage islamique et innovation technologique","datePublished":"2025-05-10T21:50:20+00:00","mainEntityOfPage":{"@id":"https:\/\/lequotidien.mr\/?p=27517&lang=fr"},"wordCount":539,"commentCount":0,"publisher":{"@id":"https:\/\/lequotidien.mr\/#organization"},"image":{"@id":"https:\/\/lequotidien.mr\/?p=27517&lang=fr#primaryimage"},"thumbnailUrl":"https:\/\/lequotidien.mr\/wp-content\/uploads\/2025\/05\/photo-Sira-Prophete-PSL.jpg","articleSection":["ACTUALIT\u00c9","Culture"],"inLanguage":"ar","potentialAction":[{"@type":"CommentAction","name":"Comment","target":["https:\/\/lequotidien.mr\/?p=27517&lang=fr#respond"]}]},{"@type":"WebPage","@id":"https:\/\/lequotidien.mr\/?p=27517&lang=fr","url":"https:\/\/lequotidien.mr\/?p=27517&lang=fr","name":"Le Pr\u00e9sident El Ghazouani inaugure l\u2019Exposition internationale de la Sira : Un pont entre h\u00e9ritage islamique et innovation technologique - Le Quotidien de Nouakchott","isPartOf":{"@id":"https:\/\/lequotidien.mr\/#website"},"primaryImageOfPage":{"@id":"https:\/\/lequotidien.mr\/?p=27517&lang=fr#primaryimage"},"image":{"@id":"https:\/\/lequotidien.mr\/?p=27517&lang=fr#primaryimage"},"thumbnailUrl":"https:\/\/lequotidien.mr\/wp-content\/uploads\/2025\/05\/photo-Sira-Prophete-PSL.jpg","datePublished":"2025-05-10T21:50:20+00:00","breadcrumb":{"@id":"https:\/\/lequotidien.mr\/?p=27517&lang=fr#breadcrumb"},"inLanguage":"ar","potentialAction":[{"@type":"ReadAction","target":["https:\/\/lequotidien.mr\/?p=27517&lang=fr"]}]},{"@type":"ImageObject","inLanguage":"ar","@id":"https:\/\/lequotidien.mr\/?p=27517&lang=fr#primaryimage","url":"https:\/\/lequotidien.mr\/wp-content\/uploads\/2025\/05\/photo-Sira-Prophete-PSL.jpg","contentUrl":"https:\/\/lequotidien.mr\/wp-content\/uploads\/2025\/05\/photo-Sira-Prophete-PSL.jpg","width":750,"height":430},{"@type":"BreadcrumbList","@id":"https:\/\/lequotidien.mr\/?p=27517&lang=fr#breadcrumb","itemListElement":[{"@type":"ListItem","position":1,"name":"Home","item":"https:\/\/lequotidien.mr\/"},{"@type":"ListItem","position":2,"name":"Le Pr\u00e9sident El Ghazouani inaugure l\u2019Exposition internationale de la Sira : Un pont entre h\u00e9ritage islamique et innovation technologique"}]},{"@type":"WebSite","@id":"https:\/\/lequotidien.mr\/#website","url":"https:\/\/lequotidien.mr\/","name":"Le Quotidien de Nouakchott","description":"\u0625\u062e\u0628\u0627\u0631\u064a\u0629 \u0645\u0633\u062a\u0642\u0644\u0629 \u0644\u0644\u0623\u0646\u0628\u0627\u0621 \u0627\u0644\u0639\u0627\u0645\u0629","publisher":{"@id":"https:\/\/lequotidien.mr\/#organization"},"potentialAction":[{"@type":"SearchAction","target":{"@type":"EntryPoint","urlTemplate":"https:\/\/lequotidien.mr\/?s={search_term_string}"},"query-input":{"@type":"PropertyValueSpecification","valueRequired":true,"valueName":"search_term_string"}}],"inLanguage":"ar"},{"@type":"Organization","@id":"https:\/\/lequotidien.mr\/#organization","name":"Le Quotidien de Nouakchott","url":"https:\/\/lequotidien.mr\/","logo":{"@type":"ImageObject","inLanguage":"ar","@id":"https:\/\/lequotidien.mr\/#\/schema\/logo\/image\/","url":"https:\/\/lequotidien.mr\/wp-content\/uploads\/2022\/11\/logolequotidien.jpg","contentUrl":"https:\/\/lequotidien.mr\/wp-content\/uploads\/2022\/11\/logolequotidien.jpg","width":290,"height":65,"caption":"Le Quotidien de Nouakchott"},"image":{"@id":"https:\/\/lequotidien.mr\/#\/schema\/logo\/image\/"},"sameAs":["https:\/\/web.facebook.com\/lequotidienmr","https:\/\/x.com\/lequotidienmr"]},{"@type":"Person","@id":"https:\/\/lequotidien.mr\/#\/schema\/person\/d2d350202a4d599685ed8abc25f97596","name":"Med Ahmed","image":{"@type":"ImageObject","inLanguage":"ar","@id":"https:\/\/secure.gravatar.com\/avatar\/fd2acc62ed50732923d1d39c17172c9b04149f142be92310ecc69e1358f94b52?s=96&d=mm&r=g","url":"https:\/\/secure.gravatar.com\/avatar\/fd2acc62ed50732923d1d39c17172c9b04149f142be92310ecc69e1358f94b52?s=96&d=mm&r=g","contentUrl":"https:\/\/secure.gravatar.com\/avatar\/fd2acc62ed50732923d1d39c17172c9b04149f142be92310ecc69e1358f94b52?s=96&d=mm&r=g","caption":"Med Ahmed"},"url":"https:\/\/lequotidien.mr\/?author=12"}]}},"_links":{"self":[{"href":"https:\/\/lequotidien.mr\/index.php?rest_route=\/wp\/v2\/posts\/27517","targetHints":{"allow":["GET"]}}],"collection":[{"href":"https:\/\/lequotidien.mr\/index.php?rest_route=\/wp\/v2\/posts"}],"about":[{"href":"https:\/\/lequotidien.mr\/index.php?rest_route=\/wp\/v2\/types\/post"}],"author":[{"embeddable":true,"href":"https:\/\/lequotidien.mr\/index.php?rest_route=\/wp\/v2\/users\/12"}],"replies":[{"embeddable":true,"href":"https:\/\/lequotidien.mr\/index.php?rest_route=%2Fwp%2Fv2%2Fcomments&post=27517"}],"version-history":[{"count":1,"href":"https:\/\/lequotidien.mr\/index.php?rest_route=\/wp\/v2\/posts\/27517\/revisions"}],"predecessor-version":[{"id":27519,"href":"https:\/\/lequotidien.mr\/index.php?rest_route=\/wp\/v2\/posts\/27517\/revisions\/27519"}],"wp:featuredmedia":[{"embeddable":true,"href":"https:\/\/lequotidien.mr\/index.php?rest_route=\/wp\/v2\/media\/27518"}],"wp:attachment":[{"href":"https:\/\/lequotidien.mr\/index.php?rest_route=%2Fwp%2Fv2%2Fmedia&parent=27517"}],"wp:term":[{"taxonomy":"category","embeddable":true,"href":"https:\/\/lequotidien.mr\/index.php?rest_route=%2Fwp%2Fv2%2Fcategories&post=27517"},{"taxonomy":"post_tag","embeddable":true,"href":"https:\/\/lequotidien.mr\/index.php?rest_route=%2Fwp%2Fv2%2Ftags&post=27517"}],"curies":[{"name":"wp","href":"https:\/\/api.w.org\/{rel}","templated":true}]}}