{"id":275,"date":"2022-11-11T22:16:54","date_gmt":"2022-11-11T22:16:54","guid":{"rendered":"https:\/\/lequotidien.mr\/?p=275"},"modified":"2022-11-11T22:16:54","modified_gmt":"2022-11-11T22:16:54","slug":"ahmed-kelly-un-parcours-remarquable","status":"publish","type":"post","link":"https:\/\/lequotidien.mr\/?p=275&lang=fr","title":{"rendered":"Ahmed Kelly : Un parcours remarquable"},"content":{"rendered":"<p><strong>( Dr Mohamed El Moctar O. Bah)<\/strong><\/p>\n<p>Il m\u2019a \u00e9t\u00e9 donn\u00e9 l\u2019opportunit\u00e9 de lire, avec plaisir et nostalgie, le premier tome d\u2019un livre qui retrace le parcours de mon jeune fr\u00e8re et ami Ahmed Kelly Ould Ismail Ould Cheikh Sidiya.<\/p>\n<p>D\u00e8s les premi\u00e8res pages de cet ouvrage j\u2019ai d\u00e9couvert un travail remarquable, un langage pr\u00e9cis et un style attachant.<\/p>\n<p>Il donne un aper\u00e7u sur un pan de l\u2019histoire religieuse et culturelle d\u2019une famille dont le rayonnement a \u00e9clair\u00e9 les grands esprits de ce pays durant des d\u00e9cades.<\/p>\n<p>Haroun, dans ses r\u00e9cits d\u2019historien, en a donn\u00e9 des exemples \u00e9difiants, quant \u00e0 Ahmed Kelly, il s\u2019est content\u00e9, par pudeur et retenue, de nous inviter sous la tente de cette grande dame qu\u2019\u00e9tait Madame Channa, sa grand-m\u00e8re, qui y recevait en ma\u00eetresse de c\u00e9ans, avec beaucoup d\u2019hospitalit\u00e9 et de g\u00e9n\u00e9rosit\u00e9<\/p>\n<p>L\u2019illustre anc\u00eatre de Haroun et d\u2019Ahmed Killy, \u00a0Cheikh Sidi Mohamed, Bedda,\u00a0 fut l\u2019un des plus \u00e9minents po\u00e8tes et une sommit\u00e9 de la litt\u00e9rature Mauritanienne de tous les temps.<\/p>\n<p>Les talentueux po\u00e8tes Mauritaniens n\u2019ont cess\u00e9 de chanter les louanges de cette glorieuse famille depuis l\u2019\u00e9poque de Cheikh Sidiya El Kebir jusqu\u2019\u00e0 nos jours.<\/p>\n<p>La tradition d\u2019\u00e9rudition de la famille d\u2019Ahmed Kelly, lui a permis d\u2019allier une connaissance de haute tenue des sciences religieuses et celle d\u2019un enseignement moderne en phase avec son temps<\/p>\n<p>Il est le petit fils ch\u00e9ri\u00a0 de Cheikh Abdallah, cette grande figure qui domina la vie politique et culturelle de la Mauritanie durant un demi-si\u00e8cle de son histoire.<\/p>\n<p>J\u2019ai eu le privil\u00e8ge de collaborer avec cet \u00e9rudit, pour la cr\u00e9ation de l\u2019Institut de Boutilimit o\u00f9 j\u2019ai \u00e9t\u00e9 le premier Directeur des \u00e9tudes et lui le Directeur-Fondateur. Attentionn\u00e9, il ne cessait de me rappeler les liens \u00e9troits et s\u00e9culaires entre nos deux familles,<\/p>\n<p>J\u2019ai \u00e9t\u00e9 t\u00e9moin et acteur de la r\u00e9alisation de ce grand projet dont on tend aujourd\u2019hui, malheureusement, \u00e0 oublier l\u2019incontestable et important apport sur les plans scientifique et culturel pour le pays.<\/p>\n<p>Ahmed Kelly a, au cours de son remarquable parcours dans la haute administration, \u00e9t\u00e9 un \u00ab\u00a0enfant ministre\u00a0\u00bb, avant son passage \u00e0 la Pr\u00e9sidence comme secr\u00e9taire g\u00e9n\u00e9ral et son d\u00e9part pr\u00e9monitoire avant l\u2019ouragan.<\/p>\n<p>Je partage la haute opinion qu\u2019il a de feu le Pr\u00e9sident Mokhtar Ould Daddah pour sa rigueur, sa modestie et son humanisme, Mokhtar avec qui j\u2019ai conserv\u00e9 une grande amiti\u00e9 durant tout notre parcours politique mouvement\u00e9.<\/p>\n<p>Je f\u00e9licite Ahmed Kelly pour cet agr\u00e9able expos\u00e9 de son riche parcours, au cours duquel il a particip\u00e9 activement \u00e0 la construction d\u2019un \u00e9tat en lutte, apr\u00e8s l\u2019\u00e8re coloniale, pour recouvrer son identit\u00e9 culturelle et r\u00e9cup\u00e9rer \u00a0l\u2019h\u00e9ritage l\u00e9gu\u00e9\u00a0 par ses \u00e9rudits.<\/p>\n<p>Appartenant \u00e0 l\u2019\u00e9minence famille de Cheikh Sidyia, et pourvu de cette riche exp\u00e9rience, Ahmed Kelly est encore appel\u00e9 \u00e0 jouer un r\u00f4le de premier ordre dans cette \u0153uvre passionnante et inachev\u00e9e de construction et de consolidation de l\u2019Etat mauritanien.<\/p>\n","protected":false},"excerpt":{"rendered":"<p>( Dr Mohamed El Moctar O. Bah) Il m\u2019a \u00e9t\u00e9 donn\u00e9 l\u2019opportunit\u00e9 de lire, avec plaisir et nostalgie, le premier tome d\u2019un livre qui retrace le parcours de mon jeune fr\u00e8re et ami Ahmed Kelly Ould Ismail Ould Cheikh Sidiya. D\u00e8s les premi\u00e8res pages de cet ouvrage j\u2019ai d\u00e9couvert un travail remarquable, un langage pr\u00e9cis&#8230;..<\/p>\n","protected":false},"author":3,"featured_media":276,"comment_status":"open","ping_status":"open","sticky":false,"template":"","format":"standard","meta":{"footnotes":""},"categories":[59],"tags":[],"class_list":["post-275","post","type-post","status-publish","format-standard","has-post-thumbnail","hentry","category-opinion"],"yoast_head":"<!-- This site is optimized with the Yoast SEO plugin v27.5 - https:\/\/yoast.com\/product\/yoast-seo-wordpress\/ -->\n<title>Ahmed Kelly : Un parcours remarquable - Le Quotidien de Nouakchott<\/title>\n<meta name=\"robots\" content=\"index, follow, max-snippet:-1, max-image-preview:large, max-video-preview:-1\" \/>\n<link rel=\"canonical\" href=\"https:\/\/lequotidien.mr\/?p=275&lang=fr\" \/>\n<meta property=\"og:locale\" content=\"ar_AR\" \/>\n<meta property=\"og:type\" content=\"article\" \/>\n<meta property=\"og:title\" content=\"Ahmed Kelly : Un parcours remarquable - Le Quotidien de Nouakchott\" \/>\n<meta property=\"og:description\" content=\"( Dr Mohamed El Moctar O. Bah) Il m\u2019a \u00e9t\u00e9 donn\u00e9 l\u2019opportunit\u00e9 de lire, avec plaisir et nostalgie, le premier tome d\u2019un livre qui retrace le parcours de mon jeune fr\u00e8re et ami Ahmed Kelly Ould Ismail Ould Cheikh Sidiya. D\u00e8s les premi\u00e8res pages de cet ouvrage j\u2019ai d\u00e9couvert un travail remarquable, un langage pr\u00e9cis.....\" \/>\n<meta property=\"og:url\" content=\"https:\/\/lequotidien.mr\/?p=275&amp;lang=fr\" \/>\n<meta property=\"og:site_name\" content=\"Le Quotidien de Nouakchott\" \/>\n<meta property=\"article:publisher\" content=\"https:\/\/web.facebook.com\/lequotidienmr\" \/>\n<meta property=\"article:author\" content=\"https:\/\/web.facebook.com\/a.mleiwih\" \/>\n<meta property=\"article:published_time\" content=\"2022-11-11T22:16:54+00:00\" \/>\n<meta property=\"og:image\" content=\"https:\/\/lequotidien.mr\/wp-content\/uploads\/2022\/11\/11-13.png\" \/>\n\t<meta property=\"og:image:width\" content=\"782\" \/>\n\t<meta property=\"og:image:height\" content=\"477\" \/>\n\t<meta property=\"og:image:type\" content=\"image\/png\" \/>\n<meta name=\"author\" content=\"Alioun M&#039;leiwih\" \/>\n<meta name=\"twitter:card\" content=\"summary_large_image\" \/>\n<meta name=\"twitter:creator\" content=\"@lequotidienmr\" \/>\n<meta name=\"twitter:site\" content=\"@lequotidienmr\" \/>\n<meta name=\"twitter:label1\" content=\"\u0643\u064f\u062a\u0628 \u0628\u0648\u0627\u0633\u0637\u0629\" \/>\n\t<meta name=\"twitter:data1\" content=\"Alioun M&#039;leiwih\" \/>\n\t<meta name=\"twitter:label2\" content=\"\u0648\u0642\u062a \u0627\u0644\u0642\u0631\u0627\u0621\u0629 \u0627\u0644\u0645\u064f\u0642\u062f\u0651\u0631\" \/>\n\t<meta name=\"twitter:data2\" content=\"3 \u062f\u0642\u0627\u0626\u0642\" \/>\n<script type=\"application\/ld+json\" class=\"yoast-schema-graph\">{\"@context\":\"https:\\\/\\\/schema.org\",\"@graph\":[{\"@type\":\"Article\",\"@id\":\"https:\\\/\\\/lequotidien.mr\\\/?p=275&lang=fr#article\",\"isPartOf\":{\"@id\":\"https:\\\/\\\/lequotidien.mr\\\/?p=275&lang=fr\"},\"author\":{\"name\":\"Alioun M'leiwih\",\"@id\":\"https:\\\/\\\/lequotidien.mr\\\/#\\\/schema\\\/person\\\/69d1518c74c9137087929a20b1272cb0\"},\"headline\":\"Ahmed Kelly : Un parcours remarquable\",\"datePublished\":\"2022-11-11T22:16:54+00:00\",\"mainEntityOfPage\":{\"@id\":\"https:\\\/\\\/lequotidien.mr\\\/?p=275&lang=fr\"},\"wordCount\":543,\"commentCount\":0,\"publisher\":{\"@id\":\"https:\\\/\\\/lequotidien.mr\\\/#organization\"},\"image\":{\"@id\":\"https:\\\/\\\/lequotidien.mr\\\/?p=275&lang=fr#primaryimage\"},\"thumbnailUrl\":\"https:\\\/\\\/lequotidien.mr\\\/wp-content\\\/uploads\\\/2022\\\/11\\\/11-13.png\",\"articleSection\":[\"Opinion\"],\"inLanguage\":\"ar\",\"potentialAction\":[{\"@type\":\"CommentAction\",\"name\":\"Comment\",\"target\":[\"https:\\\/\\\/lequotidien.mr\\\/?p=275&lang=fr#respond\"]}]},{\"@type\":\"WebPage\",\"@id\":\"https:\\\/\\\/lequotidien.mr\\\/?p=275&lang=fr\",\"url\":\"https:\\\/\\\/lequotidien.mr\\\/?p=275&lang=fr\",\"name\":\"Ahmed Kelly : Un parcours remarquable - Le Quotidien de Nouakchott\",\"isPartOf\":{\"@id\":\"https:\\\/\\\/lequotidien.mr\\\/#website\"},\"primaryImageOfPage\":{\"@id\":\"https:\\\/\\\/lequotidien.mr\\\/?p=275&lang=fr#primaryimage\"},\"image\":{\"@id\":\"https:\\\/\\\/lequotidien.mr\\\/?p=275&lang=fr#primaryimage\"},\"thumbnailUrl\":\"https:\\\/\\\/lequotidien.mr\\\/wp-content\\\/uploads\\\/2022\\\/11\\\/11-13.png\",\"datePublished\":\"2022-11-11T22:16:54+00:00\",\"breadcrumb\":{\"@id\":\"https:\\\/\\\/lequotidien.mr\\\/?p=275&lang=fr#breadcrumb\"},\"inLanguage\":\"ar\",\"potentialAction\":[{\"@type\":\"ReadAction\",\"target\":[\"https:\\\/\\\/lequotidien.mr\\\/?p=275&lang=fr\"]}]},{\"@type\":\"ImageObject\",\"inLanguage\":\"ar\",\"@id\":\"https:\\\/\\\/lequotidien.mr\\\/?p=275&lang=fr#primaryimage\",\"url\":\"https:\\\/\\\/lequotidien.mr\\\/wp-content\\\/uploads\\\/2022\\\/11\\\/11-13.png\",\"contentUrl\":\"https:\\\/\\\/lequotidien.mr\\\/wp-content\\\/uploads\\\/2022\\\/11\\\/11-13.png\",\"width\":782,\"height\":477},{\"@type\":\"BreadcrumbList\",\"@id\":\"https:\\\/\\\/lequotidien.mr\\\/?p=275&lang=fr#breadcrumb\",\"itemListElement\":[{\"@type\":\"ListItem\",\"position\":1,\"name\":\"Home\",\"item\":\"https:\\\/\\\/lequotidien.mr\\\/\"},{\"@type\":\"ListItem\",\"position\":2,\"name\":\"Ahmed Kelly : Un parcours remarquable\"}]},{\"@type\":\"WebSite\",\"@id\":\"https:\\\/\\\/lequotidien.mr\\\/#website\",\"url\":\"https:\\\/\\\/lequotidien.mr\\\/\",\"name\":\"Le Quotidien de Nouakchott\",\"description\":\"\u0625\u062e\u0628\u0627\u0631\u064a\u0629 \u0645\u0633\u062a\u0642\u0644\u0629 \u0644\u0644\u0623\u0646\u0628\u0627\u0621 \u0627\u0644\u0639\u0627\u0645\u0629\",\"publisher\":{\"@id\":\"https:\\\/\\\/lequotidien.mr\\\/#organization\"},\"potentialAction\":[{\"@type\":\"SearchAction\",\"target\":{\"@type\":\"EntryPoint\",\"urlTemplate\":\"https:\\\/\\\/lequotidien.mr\\\/?s={search_term_string}\"},\"query-input\":{\"@type\":\"PropertyValueSpecification\",\"valueRequired\":true,\"valueName\":\"search_term_string\"}}],\"inLanguage\":\"ar\"},{\"@type\":\"Organization\",\"@id\":\"https:\\\/\\\/lequotidien.mr\\\/#organization\",\"name\":\"Le Quotidien de Nouakchott\",\"url\":\"https:\\\/\\\/lequotidien.mr\\\/\",\"logo\":{\"@type\":\"ImageObject\",\"inLanguage\":\"ar\",\"@id\":\"https:\\\/\\\/lequotidien.mr\\\/#\\\/schema\\\/logo\\\/image\\\/\",\"url\":\"https:\\\/\\\/lequotidien.mr\\\/wp-content\\\/uploads\\\/2022\\\/11\\\/logolequotidien.jpg\",\"contentUrl\":\"https:\\\/\\\/lequotidien.mr\\\/wp-content\\\/uploads\\\/2022\\\/11\\\/logolequotidien.jpg\",\"width\":290,\"height\":65,\"caption\":\"Le Quotidien de Nouakchott\"},\"image\":{\"@id\":\"https:\\\/\\\/lequotidien.mr\\\/#\\\/schema\\\/logo\\\/image\\\/\"},\"sameAs\":[\"https:\\\/\\\/web.facebook.com\\\/lequotidienmr\",\"https:\\\/\\\/x.com\\\/lequotidienmr\"]},{\"@type\":\"Person\",\"@id\":\"https:\\\/\\\/lequotidien.mr\\\/#\\\/schema\\\/person\\\/69d1518c74c9137087929a20b1272cb0\",\"name\":\"Alioun M'leiwih\",\"image\":{\"@type\":\"ImageObject\",\"inLanguage\":\"ar\",\"@id\":\"https:\\\/\\\/secure.gravatar.com\\\/avatar\\\/01f9d357222d7d4ca8f71662f4b081718f06d25b11fc45662ecca0622d507e51?s=96&d=mm&r=g\",\"url\":\"https:\\\/\\\/secure.gravatar.com\\\/avatar\\\/01f9d357222d7d4ca8f71662f4b081718f06d25b11fc45662ecca0622d507e51?s=96&d=mm&r=g\",\"contentUrl\":\"https:\\\/\\\/secure.gravatar.com\\\/avatar\\\/01f9d357222d7d4ca8f71662f4b081718f06d25b11fc45662ecca0622d507e51?s=96&d=mm&r=g\",\"caption\":\"Alioun M'leiwih\"},\"sameAs\":[\"https:\\\/\\\/lequotidien.mr\\\/\",\"https:\\\/\\\/web.facebook.com\\\/a.mleiwih\",\"https:\\\/\\\/www.linkedin.com\\\/in\\\/alimlewih\\\/\"],\"url\":\"https:\\\/\\\/lequotidien.mr\\\/?author=3\"}]}<\/script>\n<!-- \/ Yoast SEO plugin. -->","yoast_head_json":{"title":"Ahmed Kelly : Un parcours remarquable - Le Quotidien de Nouakchott","robots":{"index":"index","follow":"follow","max-snippet":"max-snippet:-1","max-image-preview":"max-image-preview:large","max-video-preview":"max-video-preview:-1"},"canonical":"https:\/\/lequotidien.mr\/?p=275&lang=fr","og_locale":"ar_AR","og_type":"article","og_title":"Ahmed Kelly : Un parcours remarquable - Le Quotidien de Nouakchott","og_description":"( Dr Mohamed El Moctar O. Bah) Il m\u2019a \u00e9t\u00e9 donn\u00e9 l\u2019opportunit\u00e9 de lire, avec plaisir et nostalgie, le premier tome d\u2019un livre qui retrace le parcours de mon jeune fr\u00e8re et ami Ahmed Kelly Ould Ismail Ould Cheikh Sidiya. D\u00e8s les premi\u00e8res pages de cet ouvrage j\u2019ai d\u00e9couvert un travail remarquable, un langage pr\u00e9cis.....","og_url":"https:\/\/lequotidien.mr\/?p=275&lang=fr","og_site_name":"Le Quotidien de Nouakchott","article_publisher":"https:\/\/web.facebook.com\/lequotidienmr","article_author":"https:\/\/web.facebook.com\/a.mleiwih","article_published_time":"2022-11-11T22:16:54+00:00","og_image":[{"width":782,"height":477,"url":"https:\/\/lequotidien.mr\/wp-content\/uploads\/2022\/11\/11-13.png","type":"image\/png"}],"author":"Alioun M'leiwih","twitter_card":"summary_large_image","twitter_creator":"@lequotidienmr","twitter_site":"@lequotidienmr","twitter_misc":{"\u0643\u064f\u062a\u0628 \u0628\u0648\u0627\u0633\u0637\u0629":"Alioun M'leiwih","\u0648\u0642\u062a \u0627\u0644\u0642\u0631\u0627\u0621\u0629 \u0627\u0644\u0645\u064f\u0642\u062f\u0651\u0631":"3 \u062f\u0642\u0627\u0626\u0642"},"schema":{"@context":"https:\/\/schema.org","@graph":[{"@type":"Article","@id":"https:\/\/lequotidien.mr\/?p=275&lang=fr#article","isPartOf":{"@id":"https:\/\/lequotidien.mr\/?p=275&lang=fr"},"author":{"name":"Alioun M'leiwih","@id":"https:\/\/lequotidien.mr\/#\/schema\/person\/69d1518c74c9137087929a20b1272cb0"},"headline":"Ahmed Kelly : Un parcours remarquable","datePublished":"2022-11-11T22:16:54+00:00","mainEntityOfPage":{"@id":"https:\/\/lequotidien.mr\/?p=275&lang=fr"},"wordCount":543,"commentCount":0,"publisher":{"@id":"https:\/\/lequotidien.mr\/#organization"},"image":{"@id":"https:\/\/lequotidien.mr\/?p=275&lang=fr#primaryimage"},"thumbnailUrl":"https:\/\/lequotidien.mr\/wp-content\/uploads\/2022\/11\/11-13.png","articleSection":["Opinion"],"inLanguage":"ar","potentialAction":[{"@type":"CommentAction","name":"Comment","target":["https:\/\/lequotidien.mr\/?p=275&lang=fr#respond"]}]},{"@type":"WebPage","@id":"https:\/\/lequotidien.mr\/?p=275&lang=fr","url":"https:\/\/lequotidien.mr\/?p=275&lang=fr","name":"Ahmed Kelly : Un parcours remarquable - Le Quotidien de Nouakchott","isPartOf":{"@id":"https:\/\/lequotidien.mr\/#website"},"primaryImageOfPage":{"@id":"https:\/\/lequotidien.mr\/?p=275&lang=fr#primaryimage"},"image":{"@id":"https:\/\/lequotidien.mr\/?p=275&lang=fr#primaryimage"},"thumbnailUrl":"https:\/\/lequotidien.mr\/wp-content\/uploads\/2022\/11\/11-13.png","datePublished":"2022-11-11T22:16:54+00:00","breadcrumb":{"@id":"https:\/\/lequotidien.mr\/?p=275&lang=fr#breadcrumb"},"inLanguage":"ar","potentialAction":[{"@type":"ReadAction","target":["https:\/\/lequotidien.mr\/?p=275&lang=fr"]}]},{"@type":"ImageObject","inLanguage":"ar","@id":"https:\/\/lequotidien.mr\/?p=275&lang=fr#primaryimage","url":"https:\/\/lequotidien.mr\/wp-content\/uploads\/2022\/11\/11-13.png","contentUrl":"https:\/\/lequotidien.mr\/wp-content\/uploads\/2022\/11\/11-13.png","width":782,"height":477},{"@type":"BreadcrumbList","@id":"https:\/\/lequotidien.mr\/?p=275&lang=fr#breadcrumb","itemListElement":[{"@type":"ListItem","position":1,"name":"Home","item":"https:\/\/lequotidien.mr\/"},{"@type":"ListItem","position":2,"name":"Ahmed Kelly : Un parcours remarquable"}]},{"@type":"WebSite","@id":"https:\/\/lequotidien.mr\/#website","url":"https:\/\/lequotidien.mr\/","name":"Le Quotidien de Nouakchott","description":"\u0625\u062e\u0628\u0627\u0631\u064a\u0629 \u0645\u0633\u062a\u0642\u0644\u0629 \u0644\u0644\u0623\u0646\u0628\u0627\u0621 \u0627\u0644\u0639\u0627\u0645\u0629","publisher":{"@id":"https:\/\/lequotidien.mr\/#organization"},"potentialAction":[{"@type":"SearchAction","target":{"@type":"EntryPoint","urlTemplate":"https:\/\/lequotidien.mr\/?s={search_term_string}"},"query-input":{"@type":"PropertyValueSpecification","valueRequired":true,"valueName":"search_term_string"}}],"inLanguage":"ar"},{"@type":"Organization","@id":"https:\/\/lequotidien.mr\/#organization","name":"Le Quotidien de Nouakchott","url":"https:\/\/lequotidien.mr\/","logo":{"@type":"ImageObject","inLanguage":"ar","@id":"https:\/\/lequotidien.mr\/#\/schema\/logo\/image\/","url":"https:\/\/lequotidien.mr\/wp-content\/uploads\/2022\/11\/logolequotidien.jpg","contentUrl":"https:\/\/lequotidien.mr\/wp-content\/uploads\/2022\/11\/logolequotidien.jpg","width":290,"height":65,"caption":"Le Quotidien de Nouakchott"},"image":{"@id":"https:\/\/lequotidien.mr\/#\/schema\/logo\/image\/"},"sameAs":["https:\/\/web.facebook.com\/lequotidienmr","https:\/\/x.com\/lequotidienmr"]},{"@type":"Person","@id":"https:\/\/lequotidien.mr\/#\/schema\/person\/69d1518c74c9137087929a20b1272cb0","name":"Alioun M'leiwih","image":{"@type":"ImageObject","inLanguage":"ar","@id":"https:\/\/secure.gravatar.com\/avatar\/01f9d357222d7d4ca8f71662f4b081718f06d25b11fc45662ecca0622d507e51?s=96&d=mm&r=g","url":"https:\/\/secure.gravatar.com\/avatar\/01f9d357222d7d4ca8f71662f4b081718f06d25b11fc45662ecca0622d507e51?s=96&d=mm&r=g","contentUrl":"https:\/\/secure.gravatar.com\/avatar\/01f9d357222d7d4ca8f71662f4b081718f06d25b11fc45662ecca0622d507e51?s=96&d=mm&r=g","caption":"Alioun M'leiwih"},"sameAs":["https:\/\/lequotidien.mr\/","https:\/\/web.facebook.com\/a.mleiwih","https:\/\/www.linkedin.com\/in\/alimlewih\/"],"url":"https:\/\/lequotidien.mr\/?author=3"}]}},"_links":{"self":[{"href":"https:\/\/lequotidien.mr\/index.php?rest_route=\/wp\/v2\/posts\/275","targetHints":{"allow":["GET"]}}],"collection":[{"href":"https:\/\/lequotidien.mr\/index.php?rest_route=\/wp\/v2\/posts"}],"about":[{"href":"https:\/\/lequotidien.mr\/index.php?rest_route=\/wp\/v2\/types\/post"}],"author":[{"embeddable":true,"href":"https:\/\/lequotidien.mr\/index.php?rest_route=\/wp\/v2\/users\/3"}],"replies":[{"embeddable":true,"href":"https:\/\/lequotidien.mr\/index.php?rest_route=%2Fwp%2Fv2%2Fcomments&post=275"}],"version-history":[{"count":1,"href":"https:\/\/lequotidien.mr\/index.php?rest_route=\/wp\/v2\/posts\/275\/revisions"}],"predecessor-version":[{"id":277,"href":"https:\/\/lequotidien.mr\/index.php?rest_route=\/wp\/v2\/posts\/275\/revisions\/277"}],"wp:featuredmedia":[{"embeddable":true,"href":"https:\/\/lequotidien.mr\/index.php?rest_route=\/wp\/v2\/media\/276"}],"wp:attachment":[{"href":"https:\/\/lequotidien.mr\/index.php?rest_route=%2Fwp%2Fv2%2Fmedia&parent=275"}],"wp:term":[{"taxonomy":"category","embeddable":true,"href":"https:\/\/lequotidien.mr\/index.php?rest_route=%2Fwp%2Fv2%2Fcategories&post=275"},{"taxonomy":"post_tag","embeddable":true,"href":"https:\/\/lequotidien.mr\/index.php?rest_route=%2Fwp%2Fv2%2Ftags&post=275"}],"curies":[{"name":"wp","href":"https:\/\/api.w.org\/{rel}","templated":true}]}}