{"id":2747,"date":"2023-01-04T14:27:56","date_gmt":"2023-01-04T14:27:56","guid":{"rendered":"https:\/\/lequotidien.mr\/?p=2747"},"modified":"2023-01-04T14:27:56","modified_gmt":"2023-01-04T14:27:56","slug":"mauritanie-vers-des-elections-a-haut-risque","status":"publish","type":"post","link":"https:\/\/lequotidien.mr\/?p=2747&lang=fr","title":{"rendered":"Mauritanie : vers des \u00e9lections \u00e0 haut risque"},"content":{"rendered":"<p>Afrimag &#8211; Les \u00e9lections en Mauritanie sont cal\u00e9es sur le mois de mai 2023. Elles auront lieu, probablement, sans le parti RAG, du d\u00e9put\u00e9 Biram Dah Abeid, Pr\u00e9sident de l\u2019Initiative pour la R\u00e9surgence d\u2019un Mouvement Abolitionniste en Mauritanie (IRA) et des FPC (Forces progressistes du Changement, ancien FLAM) recal\u00e9s par le minist\u00e8re de l\u2019Int\u00e9rieur et de la D\u00e9centralisation.<\/p>\n<p>Mais il est \u00e9vident que les leaders de ces formations politiques \u00ab\u00a0rebelles\u00a0\u00bb sauront trouver un cheval de Troie pour \u00eatre repr\u00e9sent\u00e9s \u00e0 la future assembl\u00e9e nationale augment\u00e9e d\u2019une vingtaine de d\u00e9put\u00e9s, dont une liste nationale des jeunes de 11 si\u00e8ges, et aux Conseils municipaux qui passent de 216 \u00e0 235, suite \u00e0 la cr\u00e9ation de nouvelles pr\u00e9fectures (moughataa) et de nouvelles communes rurales.<\/p>\n<p>Le ton chaud des prochaines \u00e9lections municipales, r\u00e9gionales et l\u00e9gislatives est d\u00e9j\u00e0 donn\u00e9 par l\u2019ancien Pr\u00e9sident Mohamed Ould Aziz qui rue dans les brancards, depuis plusieurs mois, refusant une mort politique voulue par un pouvoir d\u00e9cid\u00e9 \u00e0 faire sans lui, depuis qu\u2019il a d\u00e9jou\u00e9, fin 2019, sa tentative de retour en force par le biais du parti au pouvoir, l\u2019Union Pour la R\u00e9publique (UPR), transform\u00e9, aujourd\u2019hui, en parti \u00ab\u00a0El Insaf\u00a0\u00bb (\u00c9quit\u00e9).<\/p>\n<p>Ould Abdel Aziz dont les qualit\u00e9s de baroudeur politique sont connues \u2013 et reconnues \u2013 a \u00ablou\u00e9\u00bb les services du parti \u00ab\u00a0Ribat\u00a0\u00bb du Dr. Saad Louleid, un ancien lieutenant de Biram Dah Abeid que l\u2019ex-Pr\u00e9sident avait tout fait pour d\u00e9connecter de la mouvance IRA, pour pouvoir aujourd\u2019hui rassembler ses partisans et mener une gu\u00e9rilla politique contre le pouvoir de Ghazouani.<\/p>\n<p>C\u2019est \u00e0 travers cet instrument de fortune qu\u2019Aziz, toujours sous le coup d\u2019un proc\u00e8s pour d\u00e9tournement de biens publics portant sur des centaines de millions de dollars, selon les r\u00e9v\u00e9lations d\u2019une enqu\u00eate men\u00e9e sur un an par une commission parlementaire, veut prouver qu\u2019il reste toujours populaire. Sorti, il y a quelques mois, d\u2019un contr\u00f4le judiciaire, avec assignation \u00e0 une r\u00e9sidence surveill\u00e9e, Mohamed Ould Abdel Aziz risque aujourd\u2019hui la prison. Son dossier est \u00e0 nouveau largement \u00e9voqu\u00e9 par la presse locale qui parle de l\u2019imminence de son proc\u00e8s.<\/p>\n<p><strong>Le RAG de Biram Dah Abeid reste populaire<\/strong><\/p>\n<p>C\u2019est cette ambiance \u00e9lectrique qui fait craindre \u00e0 certains observateurs de la sc\u00e8ne politique mauritanienne des \u00e9lections agit\u00e9es, surtout que l\u2019on \u00e9voque, \u00e0 tort ou \u00e0 raison, une alliance de circonstances entre \u00ab\u00a0l\u2019arm\u00e9e\u00a0\u00bb \u00e9lectorale d\u2019Aziz (\u00e0 l\u2019image de la fronde parlementaire qu\u2019il avait suscit\u00e9e contre l\u2019ancien pr\u00e9sident, feu Sidi Ould Cheikh Abdallahi), le parti RAG de Biram Dah Abeid qui conserve une certaine aura populaire, malgr\u00e9 les d\u00e9fections et les d\u00e9bauchages provoqu\u00e9s par le pouvoir, et les FLAM (Front des Africains de Mauritanie) qui continuent \u00e0 d\u00e9noncer une \u00ab\u00a0mainmise arabo-berbere\u00a0\u00bb sur le pouvoir en Mauritanie.<\/p>\n<p>Pour faire face \u00e0 un tel \u00ab\u00a0p\u00e9ril\u00a0\u00bb jug\u00e9 d\u2019extr\u00e9mistes par ceux qui tirent leur force du pouvoir de la tribu et d\u2019all\u00e9geances politico-id\u00e9ologiques douteuses, le Pr\u00e9sident Ghazouani compte sur une majorit\u00e9 jusque-l\u00e0 soud\u00e9e conduite par le parti El Insaf, et une opposition traditionnelle en manque de rep\u00e8res parce que ses vieux leaders (Messaoud Ould Boulkheir et Ahmed Ould Daddah) n\u2019aspirent plus \u00e0 rien, sauf \u00e0 entretenir l\u2019aura d\u2019une lutte politique acharn\u00e9e contre la dictature f\u00e9roce de Taya, entre 1984 et 2005, et les coups de force d\u2019Aziz (en 2005 et 2008).<\/p>\n<p>Certes, il y a \u00e9galement l\u2019UFP (Union des forces de progr\u00e8s), parti de gauche toujours anim\u00e9 par le duo Mohamed Ould Maouloud et Lo Gourmo, en froid avec la c\u00e9l\u00e8bre d\u00e9put\u00e9e Kadiata Malick Diallo, tout comme on peut aussi compter pour qualit\u00e9 non n\u00e9gligeable sur les islamistes du parti \u00ab\u00a0Tawassoul\u00a0\u00bb, mais la force de frappe du pouvoir reste intacte au vu des accommodements r\u00e9ussis derni\u00e8rement par les concertations politiques men\u00e9es sous la houlette du minist\u00e8re de l\u2019Int\u00e9rieur.<\/p>\n<p><strong>Et la Ceni dans tout \u00e7a ?<\/strong><\/p>\n<p>Recompos\u00e9e quasiment \u00e0 l\u2019identique de celle de 2018, la Commission \u00e9lectorale nationale ind\u00e9pendante (Ceni) est un patchwork politique qui n\u2019a rien d\u2019ind\u00e9pendant, les partis ayant d\u00e9sign\u00e9 eux-m\u00eames leurs \u00ab\u00a0repr\u00e9sentants\u00a0\u00bb ! Et les absents (partis non convoqu\u00e9s ou non reconnus par le minist\u00e8re de l\u2019Int\u00e9rieur) auront toujours tort ! Aux yeux d\u2019une opinion publique nationale largement acquise aux th\u00e8ses du pouvoir.<\/p>\n<p>Partie avec un soup\u00e7on de soumission politique \u00e0 l\u2019Autorit\u00e9, ne serait-ce que celle des formations politiques (de la majorit\u00e9 et de l\u2019opposition) qui en ont d\u00e9sign\u00e9 les membres, la nouvelle Ceni aura cependant les moyens de sa politique : 8 milliards d\u2019ouguiyas (217 millions de dollars) pour mener \u00e0 bien sa \u00ab\u00a0mission\u00a0\u00bb. A titre de comparaison, c\u2019est 16 fois le budget allou\u00e9 par Aziz \u00e0 la Ceni qui lui avait permis, entre 2014 et 2019, de gagner les \u00e9lections g\u00e9n\u00e9rales (municipales, l\u00e9gislatives, r\u00e9gionales et pr\u00e9sidentielle), de dissoudre le s\u00e9nat et de pr\u00e9parer la rel\u00e8ve politique (alternance) qu\u2019il combat aujourd\u2019hui avec acharnement !<\/p>\n<p>C\u2019est sur les \u00e9paules de cette Ceni, pilot\u00e9e par un ancien ministre de l\u2019Int\u00e9rieur, qui a pass\u00e9 un temps \u00e0 l\u2019opposition apr\u00e8s la chute de Maaouiya, et comprenant des hommes de valeur, comme le c\u00e9l\u00e8bre constitutionnaliste Mohamed Lemine Ould Dahi et l\u2019ancien ambassadeur de la Mauritanie \u00e0 Dakar et \u00e0 Washington Bilal Ould Werzeg, que repose l\u2019organisation d\u2019\u00e9lections libres et transparentes. Elle aura, comme principale d\u00e9fi, de g\u00e9rer le dossier des candidatures dont certaines seront, n\u00e9cessairement, par d\u00e9faut.<\/p>\n<p>Par Mohamed Sne\u00efba, Correspondant permanent &#8211; Nouakchott<\/p>\n","protected":false},"excerpt":{"rendered":"<p>Afrimag &#8211; Les \u00e9lections en Mauritanie sont cal\u00e9es sur le mois de mai 2023. Elles auront lieu, probablement, sans le parti RAG, du d\u00e9put\u00e9 Biram Dah Abeid, Pr\u00e9sident de l\u2019Initiative pour la R\u00e9surgence d\u2019un Mouvement Abolitionniste en Mauritanie (IRA) et des FPC (Forces progressistes du Changement, ancien FLAM) recal\u00e9s par le minist\u00e8re de l\u2019Int\u00e9rieur et&#8230;..<\/p>\n","protected":false},"author":5,"featured_media":2748,"comment_status":"open","ping_status":"open","sticky":false,"template":"","format":"standard","meta":{"footnotes":""},"categories":[23,59],"tags":[],"class_list":["post-2747","post","type-post","status-publish","format-standard","has-post-thumbnail","hentry","category-actualite","category-opinion"],"yoast_head":"<!-- This site is optimized with the Yoast SEO plugin v27.5 - https:\/\/yoast.com\/product\/yoast-seo-wordpress\/ -->\n<title>Mauritanie : vers des \u00e9lections \u00e0 haut risque - Le Quotidien de Nouakchott<\/title>\n<meta name=\"robots\" content=\"index, follow, max-snippet:-1, max-image-preview:large, max-video-preview:-1\" \/>\n<link rel=\"canonical\" href=\"https:\/\/lequotidien.mr\/?p=2747&lang=fr\" \/>\n<meta property=\"og:locale\" content=\"ar_AR\" \/>\n<meta property=\"og:type\" content=\"article\" \/>\n<meta property=\"og:title\" content=\"Mauritanie : vers des \u00e9lections \u00e0 haut risque - Le Quotidien de Nouakchott\" \/>\n<meta property=\"og:description\" content=\"Afrimag &#8211; Les \u00e9lections en Mauritanie sont cal\u00e9es sur le mois de mai 2023. Elles auront lieu, probablement, sans le parti RAG, du d\u00e9put\u00e9 Biram Dah Abeid, Pr\u00e9sident de l\u2019Initiative pour la R\u00e9surgence d\u2019un Mouvement Abolitionniste en Mauritanie (IRA) et des FPC (Forces progressistes du Changement, ancien FLAM) recal\u00e9s par le minist\u00e8re de l\u2019Int\u00e9rieur et.....\" \/>\n<meta property=\"og:url\" content=\"https:\/\/lequotidien.mr\/?p=2747&amp;lang=fr\" \/>\n<meta property=\"og:site_name\" content=\"Le Quotidien de Nouakchott\" \/>\n<meta property=\"article:publisher\" content=\"https:\/\/web.facebook.com\/lequotidienmr\" \/>\n<meta property=\"article:published_time\" content=\"2023-01-04T14:27:56+00:00\" \/>\n<meta property=\"og:image\" content=\"https:\/\/lequotidien.mr\/wp-content\/uploads\/2023\/01\/elections_2023_ghaz_0003.jpg\" \/>\n\t<meta property=\"og:image:width\" content=\"936\" \/>\n\t<meta property=\"og:image:height\" content=\"569\" \/>\n\t<meta property=\"og:image:type\" content=\"image\/jpeg\" \/>\n<meta name=\"author\" content=\"Gayi Diawara\" \/>\n<meta name=\"twitter:card\" content=\"summary_large_image\" \/>\n<meta name=\"twitter:creator\" content=\"@lequotidienmr\" \/>\n<meta name=\"twitter:site\" content=\"@lequotidienmr\" \/>\n<meta name=\"twitter:label1\" content=\"\u0643\u064f\u062a\u0628 \u0628\u0648\u0627\u0633\u0637\u0629\" \/>\n\t<meta name=\"twitter:data1\" content=\"Gayi Diawara\" \/>\n\t<meta name=\"twitter:label2\" content=\"\u0648\u0642\u062a \u0627\u0644\u0642\u0631\u0627\u0621\u0629 \u0627\u0644\u0645\u064f\u0642\u062f\u0651\u0631\" \/>\n\t<meta name=\"twitter:data2\" content=\"4 \u062f\u0642\u0627\u0626\u0642\" \/>\n<script type=\"application\/ld+json\" class=\"yoast-schema-graph\">{\"@context\":\"https:\\\/\\\/schema.org\",\"@graph\":[{\"@type\":\"Article\",\"@id\":\"https:\\\/\\\/lequotidien.mr\\\/?p=2747&lang=fr#article\",\"isPartOf\":{\"@id\":\"https:\\\/\\\/lequotidien.mr\\\/?p=2747&lang=fr\"},\"author\":{\"name\":\"Gayi Diawara\",\"@id\":\"https:\\\/\\\/lequotidien.mr\\\/#\\\/schema\\\/person\\\/1077c8abd5640a6514b909318d271dee\"},\"headline\":\"Mauritanie : vers des \u00e9lections \u00e0 haut risque\",\"datePublished\":\"2023-01-04T14:27:56+00:00\",\"mainEntityOfPage\":{\"@id\":\"https:\\\/\\\/lequotidien.mr\\\/?p=2747&lang=fr\"},\"wordCount\":973,\"commentCount\":0,\"publisher\":{\"@id\":\"https:\\\/\\\/lequotidien.mr\\\/#organization\"},\"image\":{\"@id\":\"https:\\\/\\\/lequotidien.mr\\\/?p=2747&lang=fr#primaryimage\"},\"thumbnailUrl\":\"https:\\\/\\\/lequotidien.mr\\\/wp-content\\\/uploads\\\/2023\\\/01\\\/elections_2023_ghaz_0003.jpg\",\"articleSection\":[\"ACTUALIT\u00c9\",\"Opinion\"],\"inLanguage\":\"ar\",\"potentialAction\":[{\"@type\":\"CommentAction\",\"name\":\"Comment\",\"target\":[\"https:\\\/\\\/lequotidien.mr\\\/?p=2747&lang=fr#respond\"]}]},{\"@type\":\"WebPage\",\"@id\":\"https:\\\/\\\/lequotidien.mr\\\/?p=2747&lang=fr\",\"url\":\"https:\\\/\\\/lequotidien.mr\\\/?p=2747&lang=fr\",\"name\":\"Mauritanie : vers des \u00e9lections \u00e0 haut risque - Le Quotidien de Nouakchott\",\"isPartOf\":{\"@id\":\"https:\\\/\\\/lequotidien.mr\\\/#website\"},\"primaryImageOfPage\":{\"@id\":\"https:\\\/\\\/lequotidien.mr\\\/?p=2747&lang=fr#primaryimage\"},\"image\":{\"@id\":\"https:\\\/\\\/lequotidien.mr\\\/?p=2747&lang=fr#primaryimage\"},\"thumbnailUrl\":\"https:\\\/\\\/lequotidien.mr\\\/wp-content\\\/uploads\\\/2023\\\/01\\\/elections_2023_ghaz_0003.jpg\",\"datePublished\":\"2023-01-04T14:27:56+00:00\",\"breadcrumb\":{\"@id\":\"https:\\\/\\\/lequotidien.mr\\\/?p=2747&lang=fr#breadcrumb\"},\"inLanguage\":\"ar\",\"potentialAction\":[{\"@type\":\"ReadAction\",\"target\":[\"https:\\\/\\\/lequotidien.mr\\\/?p=2747&lang=fr\"]}]},{\"@type\":\"ImageObject\",\"inLanguage\":\"ar\",\"@id\":\"https:\\\/\\\/lequotidien.mr\\\/?p=2747&lang=fr#primaryimage\",\"url\":\"https:\\\/\\\/lequotidien.mr\\\/wp-content\\\/uploads\\\/2023\\\/01\\\/elections_2023_ghaz_0003.jpg\",\"contentUrl\":\"https:\\\/\\\/lequotidien.mr\\\/wp-content\\\/uploads\\\/2023\\\/01\\\/elections_2023_ghaz_0003.jpg\",\"width\":936,\"height\":569},{\"@type\":\"BreadcrumbList\",\"@id\":\"https:\\\/\\\/lequotidien.mr\\\/?p=2747&lang=fr#breadcrumb\",\"itemListElement\":[{\"@type\":\"ListItem\",\"position\":1,\"name\":\"Home\",\"item\":\"https:\\\/\\\/lequotidien.mr\\\/\"},{\"@type\":\"ListItem\",\"position\":2,\"name\":\"Mauritanie : vers des \u00e9lections \u00e0 haut risque\"}]},{\"@type\":\"WebSite\",\"@id\":\"https:\\\/\\\/lequotidien.mr\\\/#website\",\"url\":\"https:\\\/\\\/lequotidien.mr\\\/\",\"name\":\"Le Quotidien de Nouakchott\",\"description\":\"\u0625\u062e\u0628\u0627\u0631\u064a\u0629 \u0645\u0633\u062a\u0642\u0644\u0629 \u0644\u0644\u0623\u0646\u0628\u0627\u0621 \u0627\u0644\u0639\u0627\u0645\u0629\",\"publisher\":{\"@id\":\"https:\\\/\\\/lequotidien.mr\\\/#organization\"},\"potentialAction\":[{\"@type\":\"SearchAction\",\"target\":{\"@type\":\"EntryPoint\",\"urlTemplate\":\"https:\\\/\\\/lequotidien.mr\\\/?s={search_term_string}\"},\"query-input\":{\"@type\":\"PropertyValueSpecification\",\"valueRequired\":true,\"valueName\":\"search_term_string\"}}],\"inLanguage\":\"ar\"},{\"@type\":\"Organization\",\"@id\":\"https:\\\/\\\/lequotidien.mr\\\/#organization\",\"name\":\"Le Quotidien de Nouakchott\",\"url\":\"https:\\\/\\\/lequotidien.mr\\\/\",\"logo\":{\"@type\":\"ImageObject\",\"inLanguage\":\"ar\",\"@id\":\"https:\\\/\\\/lequotidien.mr\\\/#\\\/schema\\\/logo\\\/image\\\/\",\"url\":\"https:\\\/\\\/lequotidien.mr\\\/wp-content\\\/uploads\\\/2022\\\/11\\\/logolequotidien.jpg\",\"contentUrl\":\"https:\\\/\\\/lequotidien.mr\\\/wp-content\\\/uploads\\\/2022\\\/11\\\/logolequotidien.jpg\",\"width\":290,\"height\":65,\"caption\":\"Le Quotidien de Nouakchott\"},\"image\":{\"@id\":\"https:\\\/\\\/lequotidien.mr\\\/#\\\/schema\\\/logo\\\/image\\\/\"},\"sameAs\":[\"https:\\\/\\\/web.facebook.com\\\/lequotidienmr\",\"https:\\\/\\\/x.com\\\/lequotidienmr\"]},{\"@type\":\"Person\",\"@id\":\"https:\\\/\\\/lequotidien.mr\\\/#\\\/schema\\\/person\\\/1077c8abd5640a6514b909318d271dee\",\"name\":\"Gayi Diawara\",\"image\":{\"@type\":\"ImageObject\",\"inLanguage\":\"ar\",\"@id\":\"https:\\\/\\\/secure.gravatar.com\\\/avatar\\\/63ea8db1e19a6d2d608b24c0f78b5f3a7d6e0bc11959fec273410af333e4d0ac?s=96&d=mm&r=g\",\"url\":\"https:\\\/\\\/secure.gravatar.com\\\/avatar\\\/63ea8db1e19a6d2d608b24c0f78b5f3a7d6e0bc11959fec273410af333e4d0ac?s=96&d=mm&r=g\",\"contentUrl\":\"https:\\\/\\\/secure.gravatar.com\\\/avatar\\\/63ea8db1e19a6d2d608b24c0f78b5f3a7d6e0bc11959fec273410af333e4d0ac?s=96&d=mm&r=g\",\"caption\":\"Gayi Diawara\"},\"sameAs\":[\"http:\\\/\\\/lequotidien.mr\"],\"url\":\"https:\\\/\\\/lequotidien.mr\\\/?author=5\"}]}<\/script>\n<!-- \/ Yoast SEO plugin. -->","yoast_head_json":{"title":"Mauritanie : vers des \u00e9lections \u00e0 haut risque - Le Quotidien de Nouakchott","robots":{"index":"index","follow":"follow","max-snippet":"max-snippet:-1","max-image-preview":"max-image-preview:large","max-video-preview":"max-video-preview:-1"},"canonical":"https:\/\/lequotidien.mr\/?p=2747&lang=fr","og_locale":"ar_AR","og_type":"article","og_title":"Mauritanie : vers des \u00e9lections \u00e0 haut risque - Le Quotidien de Nouakchott","og_description":"Afrimag &#8211; Les \u00e9lections en Mauritanie sont cal\u00e9es sur le mois de mai 2023. Elles auront lieu, probablement, sans le parti RAG, du d\u00e9put\u00e9 Biram Dah Abeid, Pr\u00e9sident de l\u2019Initiative pour la R\u00e9surgence d\u2019un Mouvement Abolitionniste en Mauritanie (IRA) et des FPC (Forces progressistes du Changement, ancien FLAM) recal\u00e9s par le minist\u00e8re de l\u2019Int\u00e9rieur et.....","og_url":"https:\/\/lequotidien.mr\/?p=2747&lang=fr","og_site_name":"Le Quotidien de Nouakchott","article_publisher":"https:\/\/web.facebook.com\/lequotidienmr","article_published_time":"2023-01-04T14:27:56+00:00","og_image":[{"width":936,"height":569,"url":"https:\/\/lequotidien.mr\/wp-content\/uploads\/2023\/01\/elections_2023_ghaz_0003.jpg","type":"image\/jpeg"}],"author":"Gayi Diawara","twitter_card":"summary_large_image","twitter_creator":"@lequotidienmr","twitter_site":"@lequotidienmr","twitter_misc":{"\u0643\u064f\u062a\u0628 \u0628\u0648\u0627\u0633\u0637\u0629":"Gayi Diawara","\u0648\u0642\u062a \u0627\u0644\u0642\u0631\u0627\u0621\u0629 \u0627\u0644\u0645\u064f\u0642\u062f\u0651\u0631":"4 \u062f\u0642\u0627\u0626\u0642"},"schema":{"@context":"https:\/\/schema.org","@graph":[{"@type":"Article","@id":"https:\/\/lequotidien.mr\/?p=2747&lang=fr#article","isPartOf":{"@id":"https:\/\/lequotidien.mr\/?p=2747&lang=fr"},"author":{"name":"Gayi Diawara","@id":"https:\/\/lequotidien.mr\/#\/schema\/person\/1077c8abd5640a6514b909318d271dee"},"headline":"Mauritanie : vers des \u00e9lections \u00e0 haut risque","datePublished":"2023-01-04T14:27:56+00:00","mainEntityOfPage":{"@id":"https:\/\/lequotidien.mr\/?p=2747&lang=fr"},"wordCount":973,"commentCount":0,"publisher":{"@id":"https:\/\/lequotidien.mr\/#organization"},"image":{"@id":"https:\/\/lequotidien.mr\/?p=2747&lang=fr#primaryimage"},"thumbnailUrl":"https:\/\/lequotidien.mr\/wp-content\/uploads\/2023\/01\/elections_2023_ghaz_0003.jpg","articleSection":["ACTUALIT\u00c9","Opinion"],"inLanguage":"ar","potentialAction":[{"@type":"CommentAction","name":"Comment","target":["https:\/\/lequotidien.mr\/?p=2747&lang=fr#respond"]}]},{"@type":"WebPage","@id":"https:\/\/lequotidien.mr\/?p=2747&lang=fr","url":"https:\/\/lequotidien.mr\/?p=2747&lang=fr","name":"Mauritanie : vers des \u00e9lections \u00e0 haut risque - Le Quotidien de Nouakchott","isPartOf":{"@id":"https:\/\/lequotidien.mr\/#website"},"primaryImageOfPage":{"@id":"https:\/\/lequotidien.mr\/?p=2747&lang=fr#primaryimage"},"image":{"@id":"https:\/\/lequotidien.mr\/?p=2747&lang=fr#primaryimage"},"thumbnailUrl":"https:\/\/lequotidien.mr\/wp-content\/uploads\/2023\/01\/elections_2023_ghaz_0003.jpg","datePublished":"2023-01-04T14:27:56+00:00","breadcrumb":{"@id":"https:\/\/lequotidien.mr\/?p=2747&lang=fr#breadcrumb"},"inLanguage":"ar","potentialAction":[{"@type":"ReadAction","target":["https:\/\/lequotidien.mr\/?p=2747&lang=fr"]}]},{"@type":"ImageObject","inLanguage":"ar","@id":"https:\/\/lequotidien.mr\/?p=2747&lang=fr#primaryimage","url":"https:\/\/lequotidien.mr\/wp-content\/uploads\/2023\/01\/elections_2023_ghaz_0003.jpg","contentUrl":"https:\/\/lequotidien.mr\/wp-content\/uploads\/2023\/01\/elections_2023_ghaz_0003.jpg","width":936,"height":569},{"@type":"BreadcrumbList","@id":"https:\/\/lequotidien.mr\/?p=2747&lang=fr#breadcrumb","itemListElement":[{"@type":"ListItem","position":1,"name":"Home","item":"https:\/\/lequotidien.mr\/"},{"@type":"ListItem","position":2,"name":"Mauritanie : vers des \u00e9lections \u00e0 haut risque"}]},{"@type":"WebSite","@id":"https:\/\/lequotidien.mr\/#website","url":"https:\/\/lequotidien.mr\/","name":"Le Quotidien de Nouakchott","description":"\u0625\u062e\u0628\u0627\u0631\u064a\u0629 \u0645\u0633\u062a\u0642\u0644\u0629 \u0644\u0644\u0623\u0646\u0628\u0627\u0621 \u0627\u0644\u0639\u0627\u0645\u0629","publisher":{"@id":"https:\/\/lequotidien.mr\/#organization"},"potentialAction":[{"@type":"SearchAction","target":{"@type":"EntryPoint","urlTemplate":"https:\/\/lequotidien.mr\/?s={search_term_string}"},"query-input":{"@type":"PropertyValueSpecification","valueRequired":true,"valueName":"search_term_string"}}],"inLanguage":"ar"},{"@type":"Organization","@id":"https:\/\/lequotidien.mr\/#organization","name":"Le Quotidien de Nouakchott","url":"https:\/\/lequotidien.mr\/","logo":{"@type":"ImageObject","inLanguage":"ar","@id":"https:\/\/lequotidien.mr\/#\/schema\/logo\/image\/","url":"https:\/\/lequotidien.mr\/wp-content\/uploads\/2022\/11\/logolequotidien.jpg","contentUrl":"https:\/\/lequotidien.mr\/wp-content\/uploads\/2022\/11\/logolequotidien.jpg","width":290,"height":65,"caption":"Le Quotidien de Nouakchott"},"image":{"@id":"https:\/\/lequotidien.mr\/#\/schema\/logo\/image\/"},"sameAs":["https:\/\/web.facebook.com\/lequotidienmr","https:\/\/x.com\/lequotidienmr"]},{"@type":"Person","@id":"https:\/\/lequotidien.mr\/#\/schema\/person\/1077c8abd5640a6514b909318d271dee","name":"Gayi Diawara","image":{"@type":"ImageObject","inLanguage":"ar","@id":"https:\/\/secure.gravatar.com\/avatar\/63ea8db1e19a6d2d608b24c0f78b5f3a7d6e0bc11959fec273410af333e4d0ac?s=96&d=mm&r=g","url":"https:\/\/secure.gravatar.com\/avatar\/63ea8db1e19a6d2d608b24c0f78b5f3a7d6e0bc11959fec273410af333e4d0ac?s=96&d=mm&r=g","contentUrl":"https:\/\/secure.gravatar.com\/avatar\/63ea8db1e19a6d2d608b24c0f78b5f3a7d6e0bc11959fec273410af333e4d0ac?s=96&d=mm&r=g","caption":"Gayi Diawara"},"sameAs":["http:\/\/lequotidien.mr"],"url":"https:\/\/lequotidien.mr\/?author=5"}]}},"_links":{"self":[{"href":"https:\/\/lequotidien.mr\/index.php?rest_route=\/wp\/v2\/posts\/2747","targetHints":{"allow":["GET"]}}],"collection":[{"href":"https:\/\/lequotidien.mr\/index.php?rest_route=\/wp\/v2\/posts"}],"about":[{"href":"https:\/\/lequotidien.mr\/index.php?rest_route=\/wp\/v2\/types\/post"}],"author":[{"embeddable":true,"href":"https:\/\/lequotidien.mr\/index.php?rest_route=\/wp\/v2\/users\/5"}],"replies":[{"embeddable":true,"href":"https:\/\/lequotidien.mr\/index.php?rest_route=%2Fwp%2Fv2%2Fcomments&post=2747"}],"version-history":[{"count":1,"href":"https:\/\/lequotidien.mr\/index.php?rest_route=\/wp\/v2\/posts\/2747\/revisions"}],"predecessor-version":[{"id":2749,"href":"https:\/\/lequotidien.mr\/index.php?rest_route=\/wp\/v2\/posts\/2747\/revisions\/2749"}],"wp:featuredmedia":[{"embeddable":true,"href":"https:\/\/lequotidien.mr\/index.php?rest_route=\/wp\/v2\/media\/2748"}],"wp:attachment":[{"href":"https:\/\/lequotidien.mr\/index.php?rest_route=%2Fwp%2Fv2%2Fmedia&parent=2747"}],"wp:term":[{"taxonomy":"category","embeddable":true,"href":"https:\/\/lequotidien.mr\/index.php?rest_route=%2Fwp%2Fv2%2Fcategories&post=2747"},{"taxonomy":"post_tag","embeddable":true,"href":"https:\/\/lequotidien.mr\/index.php?rest_route=%2Fwp%2Fv2%2Ftags&post=2747"}],"curies":[{"name":"wp","href":"https:\/\/api.w.org\/{rel}","templated":true}]}}