{"id":27439,"date":"2025-05-07T17:34:52","date_gmt":"2025-05-07T17:34:52","guid":{"rendered":"https:\/\/lequotidien.mr\/?p=27439"},"modified":"2025-05-07T17:34:52","modified_gmt":"2025-05-07T17:34:52","slug":"lassemblee-nationale-ratifie-une-reforme-cle-pour-la-gestion-du-domaine-public-maritime","status":"publish","type":"post","link":"https:\/\/lequotidien.mr\/?p=27439&lang=fr","title":{"rendered":"L\u2019Assembl\u00e9e nationale ratifie une r\u00e9forme cl\u00e9 pour la gestion du domaine public maritime"},"content":{"rendered":"<p>Lors d\u2019une s\u00e9ance pl\u00e9ni\u00e8re tenue, mardi soir, sous la pr\u00e9sidence d\u2019Ahmadou Mohamed Mahfoudh Mbala, deuxi\u00e8me vice-pr\u00e9sident de l\u2019Assembl\u00e9e nationale, les d\u00e9put\u00e9s ont approuv\u00e9 \u00e0 l\u2019unanimit\u00e9 le projet de loi n\u00b0 014-25. Ce texte modifie et abroge certaines dispositions de la loi n\u00b0 2013-029 du 30 juillet 2013, portant code de la marine marchande, dans l\u2019objectif de clarifier les comp\u00e9tences li\u00e9es \u00e0 la gestion du domaine public maritime.<\/p>\n<p><strong>Une r\u00e9forme institutionnelle pour \u00e9viter les chevauchements<\/strong><\/p>\n<p>Le ministre de la P\u00eache, des Infrastructures maritimes et portuaires, M. El Fadhil Sidaty, a pr\u00e9sent\u00e9 les enjeux de cette r\u00e9forme. Il a rappel\u00e9 que la restructuration gouvernementale r\u00e9cente a conduit \u00e0 la cr\u00e9ation d\u2019un\u00a0<em>secteur charg\u00e9 des domaines et de la r\u00e9forme fonci\u00e8re<\/em>, institu\u00e9 par le d\u00e9cret n\u00b0 2024-181 du 30 septembre 2024. Ce nouveau secteur est d\u00e9sormais responsable de la gestion du domaine public maritime, en coordination avec son minist\u00e8re, dont les attributions ont \u00e9t\u00e9 red\u00e9finies par le d\u00e9cret n\u00b0 2024-192.<\/p>\n<p>\u00ab L\u2019objectif est d\u2019\u00e9liminer les chevauchements de comp\u00e9tences entre les secteurs de la p\u00eache et des domaines \u00bb, a-t-il expliqu\u00e9, soulignant que la loi de 2013 encadrait d\u00e9j\u00e0 ces questions via ses articles 19 \u00e0 29. L\u2019article 20 d\u00e9finit le domaine public maritime comme incluant les eaux territoriales, les rivages, les ports, ainsi que les terres nouvelles form\u00e9es par des ph\u00e9nom\u00e8nes naturels. Une\u00a0<em>bande c\u00f4ti\u00e8re de 100 m\u00e8tres<\/em>\u00a0\u2013 extensible \u00e0 200 m\u00e8tres par d\u00e9cret en cas de n\u00e9cessit\u00e9 \u2013 a \u00e9galement \u00e9t\u00e9 int\u00e9gr\u00e9e pour prot\u00e9ger le patrimoine et r\u00e9pondre aux imp\u00e9ratifs de recherche.<\/p>\n<p><strong>Ports et d\u00e9veloppement \u00e9conomique : une priorit\u00e9<\/strong><\/p>\n<p>M. Sidaty a insist\u00e9 sur le r\u00f4le strat\u00e9gique des ports, qualifi\u00e9s de \u00ab leviers essentiels de l\u2019\u00e9conomie nationale \u00bb. Il a annonc\u00e9 qu\u2019une \u00e9tude financ\u00e9e par l\u2019Union europ\u00e9enne est en cours pour identifier les sites propices \u00e0 la construction de nouveaux ports et points de d\u00e9chargement le long du littoral. \u00ab Il est imp\u00e9ratif d\u2019accro\u00eetre leur capacit\u00e9, d\u2019assurer la s\u00e9curit\u00e9 des navires et de fluidifier le transport maritime \u00bb, a-t-il d\u00e9clar\u00e9, appelant \u00e0 moderniser les infrastructures pour rompre \u00ab l\u2019isolement maritime \u00bb du pays.<\/p>\n<p><strong>Un consensus parlementaire pour des mesures compl\u00e9mentaires<\/strong><\/p>\n<p>Les d\u00e9put\u00e9s ont salu\u00e9 cette r\u00e9forme, jug\u00e9e n\u00e9cessaire pour clarifier les responsabilit\u00e9s institutionnelles. Cependant, leurs interventions ont mis en lumi\u00e8re des d\u00e9fis suppl\u00e9mentaires. Plusieurs \u00e9lus ont plaid\u00e9 pour une\u00a0<em>protection renforc\u00e9e de la barri\u00e8re de sable c\u00f4ti\u00e8re<\/em>, essentielle \u00e0 la s\u00e9curit\u00e9 de la capitale face aux risques d\u2019\u00e9rosion marine. D\u2019autres ont appel\u00e9 \u00e0 une meilleure coordination entre les minist\u00e8res concern\u00e9s (Environnement, P\u00eache, Domaines) pour toute d\u00e9cision touchant \u00e0 l\u2019espace maritime public.<\/p>\n<p>La question de la formation des jeunes a \u00e9galement \u00e9t\u00e9 soulev\u00e9e : \u00ab Il faut encourager nos enfants \u00e0 se lancer dans la p\u00eache artisanale plut\u00f4t que de d\u00e9pendre de main-d\u2019\u0153uvre \u00e9trang\u00e8re \u00bb, a soulign\u00e9 un parlementaire. Enfin, les \u00e9lus ont demand\u00e9 \u00e0 encadrer strictement les investissements pr\u00e8s des zones de p\u00eache, afin de pr\u00e9server les \u00e9quilibres \u00e9cologiques et \u00e9conomiques.<\/p>\n<p>Ce vote marque une \u00e9tape importante dans la modernisation de la gouvernance maritime mauritanienne. En clarifiant les comp\u00e9tences et en promouvant une approche interminist\u00e9rielle, le gouvernement esp\u00e8re attirer des investissements durables tout en prot\u00e9geant un \u00e9cosyst\u00e8me vital pour des milliers de p\u00eacheurs et de citoyens.<\/p>\n<p>Prochaine \u00e9tape : l\u2019adoption d\u00e9finitive du texte par le S\u00e9nat, avant sa promulgation par le chef de l\u2019\u00c9tat. Une r\u00e9forme attendue, qui s\u2019inscrit dans un contexte r\u00e9gional marqu\u00e9 par la concurrence pour les ressources maritimes et les d\u00e9fis climatiques.<\/p>\n","protected":false},"excerpt":{"rendered":"<p>Lors d\u2019une s\u00e9ance pl\u00e9ni\u00e8re tenue, mardi soir, sous la pr\u00e9sidence d\u2019Ahmadou Mohamed Mahfoudh Mbala, deuxi\u00e8me vice-pr\u00e9sident de l\u2019Assembl\u00e9e nationale, les d\u00e9put\u00e9s ont approuv\u00e9 \u00e0 l\u2019unanimit\u00e9 le projet de loi n\u00b0 014-25. Ce texte modifie et abroge certaines dispositions de la loi n\u00b0 2013-029 du 30 juillet 2013, portant code de la marine marchande, dans l\u2019objectif&#8230;..<\/p>\n","protected":false},"author":12,"featured_media":27440,"comment_status":"open","ping_status":"open","sticky":false,"template":"","format":"standard","meta":{"footnotes":""},"categories":[23,49],"tags":[],"class_list":["post-27439","post","type-post","status-publish","format-standard","has-post-thumbnail","hentry","category-actualite","category-economie"],"yoast_head":"<!-- This site is optimized with the Yoast SEO plugin v27.5 - https:\/\/yoast.com\/product\/yoast-seo-wordpress\/ -->\n<title>L\u2019Assembl\u00e9e nationale ratifie une r\u00e9forme cl\u00e9 pour la gestion du domaine public maritime - Le Quotidien de Nouakchott<\/title>\n<meta name=\"robots\" content=\"index, follow, max-snippet:-1, max-image-preview:large, max-video-preview:-1\" \/>\n<link rel=\"canonical\" href=\"https:\/\/lequotidien.mr\/?p=27439&lang=fr\" \/>\n<meta property=\"og:locale\" content=\"ar_AR\" \/>\n<meta property=\"og:type\" content=\"article\" \/>\n<meta property=\"og:title\" content=\"L\u2019Assembl\u00e9e nationale ratifie une r\u00e9forme cl\u00e9 pour la gestion du domaine public maritime - Le Quotidien de Nouakchott\" \/>\n<meta property=\"og:description\" content=\"Lors d\u2019une s\u00e9ance pl\u00e9ni\u00e8re tenue, mardi soir, sous la pr\u00e9sidence d\u2019Ahmadou Mohamed Mahfoudh Mbala, deuxi\u00e8me vice-pr\u00e9sident de l\u2019Assembl\u00e9e nationale, les d\u00e9put\u00e9s ont approuv\u00e9 \u00e0 l\u2019unanimit\u00e9 le projet de loi n\u00b0 014-25. Ce texte modifie et abroge certaines dispositions de la loi n\u00b0 2013-029 du 30 juillet 2013, portant code de la marine marchande, dans l\u2019objectif.....\" \/>\n<meta property=\"og:url\" content=\"https:\/\/lequotidien.mr\/?p=27439&amp;lang=fr\" \/>\n<meta property=\"og:site_name\" content=\"Le Quotidien de Nouakchott\" \/>\n<meta property=\"article:publisher\" content=\"https:\/\/web.facebook.com\/lequotidienmr\" \/>\n<meta property=\"article:published_time\" content=\"2025-05-07T17:34:52+00:00\" \/>\n<meta property=\"og:image\" content=\"https:\/\/lequotidien.mr\/wp-content\/uploads\/2025\/05\/photo-AN-loi-mrne-mchne.jpg\" \/>\n\t<meta property=\"og:image:width\" content=\"750\" \/>\n\t<meta property=\"og:image:height\" content=\"430\" \/>\n\t<meta property=\"og:image:type\" content=\"image\/jpeg\" \/>\n<meta name=\"author\" content=\"Med Ahmed\" \/>\n<meta name=\"twitter:card\" content=\"summary_large_image\" \/>\n<meta name=\"twitter:creator\" content=\"@lequotidienmr\" \/>\n<meta name=\"twitter:site\" content=\"@lequotidienmr\" \/>\n<meta name=\"twitter:label1\" content=\"\u0643\u064f\u062a\u0628 \u0628\u0648\u0627\u0633\u0637\u0629\" \/>\n\t<meta name=\"twitter:data1\" content=\"Med Ahmed\" \/>\n\t<meta name=\"twitter:label2\" content=\"\u0648\u0642\u062a \u0627\u0644\u0642\u0631\u0627\u0621\u0629 \u0627\u0644\u0645\u064f\u0642\u062f\u0651\u0631\" \/>\n\t<meta name=\"twitter:data2\" content=\"3 \u062f\u0642\u0627\u0626\u0642\" \/>\n<script type=\"application\/ld+json\" class=\"yoast-schema-graph\">{\"@context\":\"https:\\\/\\\/schema.org\",\"@graph\":[{\"@type\":\"Article\",\"@id\":\"https:\\\/\\\/lequotidien.mr\\\/?p=27439&lang=fr#article\",\"isPartOf\":{\"@id\":\"https:\\\/\\\/lequotidien.mr\\\/?p=27439&lang=fr\"},\"author\":{\"name\":\"Med Ahmed\",\"@id\":\"https:\\\/\\\/lequotidien.mr\\\/#\\\/schema\\\/person\\\/d2d350202a4d599685ed8abc25f97596\"},\"headline\":\"L\u2019Assembl\u00e9e nationale ratifie une r\u00e9forme cl\u00e9 pour la gestion du domaine public maritime\",\"datePublished\":\"2025-05-07T17:34:52+00:00\",\"mainEntityOfPage\":{\"@id\":\"https:\\\/\\\/lequotidien.mr\\\/?p=27439&lang=fr\"},\"wordCount\":656,\"commentCount\":0,\"publisher\":{\"@id\":\"https:\\\/\\\/lequotidien.mr\\\/#organization\"},\"image\":{\"@id\":\"https:\\\/\\\/lequotidien.mr\\\/?p=27439&lang=fr#primaryimage\"},\"thumbnailUrl\":\"https:\\\/\\\/lequotidien.mr\\\/wp-content\\\/uploads\\\/2025\\\/05\\\/photo-AN-loi-mrne-mchne.jpg\",\"articleSection\":[\"ACTUALIT\u00c9\",\"Economie\"],\"inLanguage\":\"ar\",\"potentialAction\":[{\"@type\":\"CommentAction\",\"name\":\"Comment\",\"target\":[\"https:\\\/\\\/lequotidien.mr\\\/?p=27439&lang=fr#respond\"]}]},{\"@type\":\"WebPage\",\"@id\":\"https:\\\/\\\/lequotidien.mr\\\/?p=27439&lang=fr\",\"url\":\"https:\\\/\\\/lequotidien.mr\\\/?p=27439&lang=fr\",\"name\":\"L\u2019Assembl\u00e9e nationale ratifie une r\u00e9forme cl\u00e9 pour la gestion du domaine public maritime - Le Quotidien de Nouakchott\",\"isPartOf\":{\"@id\":\"https:\\\/\\\/lequotidien.mr\\\/#website\"},\"primaryImageOfPage\":{\"@id\":\"https:\\\/\\\/lequotidien.mr\\\/?p=27439&lang=fr#primaryimage\"},\"image\":{\"@id\":\"https:\\\/\\\/lequotidien.mr\\\/?p=27439&lang=fr#primaryimage\"},\"thumbnailUrl\":\"https:\\\/\\\/lequotidien.mr\\\/wp-content\\\/uploads\\\/2025\\\/05\\\/photo-AN-loi-mrne-mchne.jpg\",\"datePublished\":\"2025-05-07T17:34:52+00:00\",\"breadcrumb\":{\"@id\":\"https:\\\/\\\/lequotidien.mr\\\/?p=27439&lang=fr#breadcrumb\"},\"inLanguage\":\"ar\",\"potentialAction\":[{\"@type\":\"ReadAction\",\"target\":[\"https:\\\/\\\/lequotidien.mr\\\/?p=27439&lang=fr\"]}]},{\"@type\":\"ImageObject\",\"inLanguage\":\"ar\",\"@id\":\"https:\\\/\\\/lequotidien.mr\\\/?p=27439&lang=fr#primaryimage\",\"url\":\"https:\\\/\\\/lequotidien.mr\\\/wp-content\\\/uploads\\\/2025\\\/05\\\/photo-AN-loi-mrne-mchne.jpg\",\"contentUrl\":\"https:\\\/\\\/lequotidien.mr\\\/wp-content\\\/uploads\\\/2025\\\/05\\\/photo-AN-loi-mrne-mchne.jpg\",\"width\":750,\"height\":430},{\"@type\":\"BreadcrumbList\",\"@id\":\"https:\\\/\\\/lequotidien.mr\\\/?p=27439&lang=fr#breadcrumb\",\"itemListElement\":[{\"@type\":\"ListItem\",\"position\":1,\"name\":\"Home\",\"item\":\"https:\\\/\\\/lequotidien.mr\\\/\"},{\"@type\":\"ListItem\",\"position\":2,\"name\":\"L\u2019Assembl\u00e9e nationale ratifie une r\u00e9forme cl\u00e9 pour la gestion du domaine public maritime\"}]},{\"@type\":\"WebSite\",\"@id\":\"https:\\\/\\\/lequotidien.mr\\\/#website\",\"url\":\"https:\\\/\\\/lequotidien.mr\\\/\",\"name\":\"Le Quotidien de Nouakchott\",\"description\":\"\u0625\u062e\u0628\u0627\u0631\u064a\u0629 \u0645\u0633\u062a\u0642\u0644\u0629 \u0644\u0644\u0623\u0646\u0628\u0627\u0621 \u0627\u0644\u0639\u0627\u0645\u0629\",\"publisher\":{\"@id\":\"https:\\\/\\\/lequotidien.mr\\\/#organization\"},\"potentialAction\":[{\"@type\":\"SearchAction\",\"target\":{\"@type\":\"EntryPoint\",\"urlTemplate\":\"https:\\\/\\\/lequotidien.mr\\\/?s={search_term_string}\"},\"query-input\":{\"@type\":\"PropertyValueSpecification\",\"valueRequired\":true,\"valueName\":\"search_term_string\"}}],\"inLanguage\":\"ar\"},{\"@type\":\"Organization\",\"@id\":\"https:\\\/\\\/lequotidien.mr\\\/#organization\",\"name\":\"Le Quotidien de Nouakchott\",\"url\":\"https:\\\/\\\/lequotidien.mr\\\/\",\"logo\":{\"@type\":\"ImageObject\",\"inLanguage\":\"ar\",\"@id\":\"https:\\\/\\\/lequotidien.mr\\\/#\\\/schema\\\/logo\\\/image\\\/\",\"url\":\"https:\\\/\\\/lequotidien.mr\\\/wp-content\\\/uploads\\\/2022\\\/11\\\/logolequotidien.jpg\",\"contentUrl\":\"https:\\\/\\\/lequotidien.mr\\\/wp-content\\\/uploads\\\/2022\\\/11\\\/logolequotidien.jpg\",\"width\":290,\"height\":65,\"caption\":\"Le Quotidien de Nouakchott\"},\"image\":{\"@id\":\"https:\\\/\\\/lequotidien.mr\\\/#\\\/schema\\\/logo\\\/image\\\/\"},\"sameAs\":[\"https:\\\/\\\/web.facebook.com\\\/lequotidienmr\",\"https:\\\/\\\/x.com\\\/lequotidienmr\"]},{\"@type\":\"Person\",\"@id\":\"https:\\\/\\\/lequotidien.mr\\\/#\\\/schema\\\/person\\\/d2d350202a4d599685ed8abc25f97596\",\"name\":\"Med Ahmed\",\"image\":{\"@type\":\"ImageObject\",\"inLanguage\":\"ar\",\"@id\":\"https:\\\/\\\/secure.gravatar.com\\\/avatar\\\/fd2acc62ed50732923d1d39c17172c9b04149f142be92310ecc69e1358f94b52?s=96&d=mm&r=g\",\"url\":\"https:\\\/\\\/secure.gravatar.com\\\/avatar\\\/fd2acc62ed50732923d1d39c17172c9b04149f142be92310ecc69e1358f94b52?s=96&d=mm&r=g\",\"contentUrl\":\"https:\\\/\\\/secure.gravatar.com\\\/avatar\\\/fd2acc62ed50732923d1d39c17172c9b04149f142be92310ecc69e1358f94b52?s=96&d=mm&r=g\",\"caption\":\"Med Ahmed\"},\"url\":\"https:\\\/\\\/lequotidien.mr\\\/?author=12\"}]}<\/script>\n<!-- \/ Yoast SEO plugin. -->","yoast_head_json":{"title":"L\u2019Assembl\u00e9e nationale ratifie une r\u00e9forme cl\u00e9 pour la gestion du domaine public maritime - Le Quotidien de Nouakchott","robots":{"index":"index","follow":"follow","max-snippet":"max-snippet:-1","max-image-preview":"max-image-preview:large","max-video-preview":"max-video-preview:-1"},"canonical":"https:\/\/lequotidien.mr\/?p=27439&lang=fr","og_locale":"ar_AR","og_type":"article","og_title":"L\u2019Assembl\u00e9e nationale ratifie une r\u00e9forme cl\u00e9 pour la gestion du domaine public maritime - Le Quotidien de Nouakchott","og_description":"Lors d\u2019une s\u00e9ance pl\u00e9ni\u00e8re tenue, mardi soir, sous la pr\u00e9sidence d\u2019Ahmadou Mohamed Mahfoudh Mbala, deuxi\u00e8me vice-pr\u00e9sident de l\u2019Assembl\u00e9e nationale, les d\u00e9put\u00e9s ont approuv\u00e9 \u00e0 l\u2019unanimit\u00e9 le projet de loi n\u00b0 014-25. Ce texte modifie et abroge certaines dispositions de la loi n\u00b0 2013-029 du 30 juillet 2013, portant code de la marine marchande, dans l\u2019objectif.....","og_url":"https:\/\/lequotidien.mr\/?p=27439&lang=fr","og_site_name":"Le Quotidien de Nouakchott","article_publisher":"https:\/\/web.facebook.com\/lequotidienmr","article_published_time":"2025-05-07T17:34:52+00:00","og_image":[{"width":750,"height":430,"url":"https:\/\/lequotidien.mr\/wp-content\/uploads\/2025\/05\/photo-AN-loi-mrne-mchne.jpg","type":"image\/jpeg"}],"author":"Med Ahmed","twitter_card":"summary_large_image","twitter_creator":"@lequotidienmr","twitter_site":"@lequotidienmr","twitter_misc":{"\u0643\u064f\u062a\u0628 \u0628\u0648\u0627\u0633\u0637\u0629":"Med Ahmed","\u0648\u0642\u062a \u0627\u0644\u0642\u0631\u0627\u0621\u0629 \u0627\u0644\u0645\u064f\u0642\u062f\u0651\u0631":"3 \u062f\u0642\u0627\u0626\u0642"},"schema":{"@context":"https:\/\/schema.org","@graph":[{"@type":"Article","@id":"https:\/\/lequotidien.mr\/?p=27439&lang=fr#article","isPartOf":{"@id":"https:\/\/lequotidien.mr\/?p=27439&lang=fr"},"author":{"name":"Med Ahmed","@id":"https:\/\/lequotidien.mr\/#\/schema\/person\/d2d350202a4d599685ed8abc25f97596"},"headline":"L\u2019Assembl\u00e9e nationale ratifie une r\u00e9forme cl\u00e9 pour la gestion du domaine public maritime","datePublished":"2025-05-07T17:34:52+00:00","mainEntityOfPage":{"@id":"https:\/\/lequotidien.mr\/?p=27439&lang=fr"},"wordCount":656,"commentCount":0,"publisher":{"@id":"https:\/\/lequotidien.mr\/#organization"},"image":{"@id":"https:\/\/lequotidien.mr\/?p=27439&lang=fr#primaryimage"},"thumbnailUrl":"https:\/\/lequotidien.mr\/wp-content\/uploads\/2025\/05\/photo-AN-loi-mrne-mchne.jpg","articleSection":["ACTUALIT\u00c9","Economie"],"inLanguage":"ar","potentialAction":[{"@type":"CommentAction","name":"Comment","target":["https:\/\/lequotidien.mr\/?p=27439&lang=fr#respond"]}]},{"@type":"WebPage","@id":"https:\/\/lequotidien.mr\/?p=27439&lang=fr","url":"https:\/\/lequotidien.mr\/?p=27439&lang=fr","name":"L\u2019Assembl\u00e9e nationale ratifie une r\u00e9forme cl\u00e9 pour la gestion du domaine public maritime - Le Quotidien de Nouakchott","isPartOf":{"@id":"https:\/\/lequotidien.mr\/#website"},"primaryImageOfPage":{"@id":"https:\/\/lequotidien.mr\/?p=27439&lang=fr#primaryimage"},"image":{"@id":"https:\/\/lequotidien.mr\/?p=27439&lang=fr#primaryimage"},"thumbnailUrl":"https:\/\/lequotidien.mr\/wp-content\/uploads\/2025\/05\/photo-AN-loi-mrne-mchne.jpg","datePublished":"2025-05-07T17:34:52+00:00","breadcrumb":{"@id":"https:\/\/lequotidien.mr\/?p=27439&lang=fr#breadcrumb"},"inLanguage":"ar","potentialAction":[{"@type":"ReadAction","target":["https:\/\/lequotidien.mr\/?p=27439&lang=fr"]}]},{"@type":"ImageObject","inLanguage":"ar","@id":"https:\/\/lequotidien.mr\/?p=27439&lang=fr#primaryimage","url":"https:\/\/lequotidien.mr\/wp-content\/uploads\/2025\/05\/photo-AN-loi-mrne-mchne.jpg","contentUrl":"https:\/\/lequotidien.mr\/wp-content\/uploads\/2025\/05\/photo-AN-loi-mrne-mchne.jpg","width":750,"height":430},{"@type":"BreadcrumbList","@id":"https:\/\/lequotidien.mr\/?p=27439&lang=fr#breadcrumb","itemListElement":[{"@type":"ListItem","position":1,"name":"Home","item":"https:\/\/lequotidien.mr\/"},{"@type":"ListItem","position":2,"name":"L\u2019Assembl\u00e9e nationale ratifie une r\u00e9forme cl\u00e9 pour la gestion du domaine public maritime"}]},{"@type":"WebSite","@id":"https:\/\/lequotidien.mr\/#website","url":"https:\/\/lequotidien.mr\/","name":"Le Quotidien de Nouakchott","description":"\u0625\u062e\u0628\u0627\u0631\u064a\u0629 \u0645\u0633\u062a\u0642\u0644\u0629 \u0644\u0644\u0623\u0646\u0628\u0627\u0621 \u0627\u0644\u0639\u0627\u0645\u0629","publisher":{"@id":"https:\/\/lequotidien.mr\/#organization"},"potentialAction":[{"@type":"SearchAction","target":{"@type":"EntryPoint","urlTemplate":"https:\/\/lequotidien.mr\/?s={search_term_string}"},"query-input":{"@type":"PropertyValueSpecification","valueRequired":true,"valueName":"search_term_string"}}],"inLanguage":"ar"},{"@type":"Organization","@id":"https:\/\/lequotidien.mr\/#organization","name":"Le Quotidien de Nouakchott","url":"https:\/\/lequotidien.mr\/","logo":{"@type":"ImageObject","inLanguage":"ar","@id":"https:\/\/lequotidien.mr\/#\/schema\/logo\/image\/","url":"https:\/\/lequotidien.mr\/wp-content\/uploads\/2022\/11\/logolequotidien.jpg","contentUrl":"https:\/\/lequotidien.mr\/wp-content\/uploads\/2022\/11\/logolequotidien.jpg","width":290,"height":65,"caption":"Le Quotidien de Nouakchott"},"image":{"@id":"https:\/\/lequotidien.mr\/#\/schema\/logo\/image\/"},"sameAs":["https:\/\/web.facebook.com\/lequotidienmr","https:\/\/x.com\/lequotidienmr"]},{"@type":"Person","@id":"https:\/\/lequotidien.mr\/#\/schema\/person\/d2d350202a4d599685ed8abc25f97596","name":"Med Ahmed","image":{"@type":"ImageObject","inLanguage":"ar","@id":"https:\/\/secure.gravatar.com\/avatar\/fd2acc62ed50732923d1d39c17172c9b04149f142be92310ecc69e1358f94b52?s=96&d=mm&r=g","url":"https:\/\/secure.gravatar.com\/avatar\/fd2acc62ed50732923d1d39c17172c9b04149f142be92310ecc69e1358f94b52?s=96&d=mm&r=g","contentUrl":"https:\/\/secure.gravatar.com\/avatar\/fd2acc62ed50732923d1d39c17172c9b04149f142be92310ecc69e1358f94b52?s=96&d=mm&r=g","caption":"Med Ahmed"},"url":"https:\/\/lequotidien.mr\/?author=12"}]}},"_links":{"self":[{"href":"https:\/\/lequotidien.mr\/index.php?rest_route=\/wp\/v2\/posts\/27439","targetHints":{"allow":["GET"]}}],"collection":[{"href":"https:\/\/lequotidien.mr\/index.php?rest_route=\/wp\/v2\/posts"}],"about":[{"href":"https:\/\/lequotidien.mr\/index.php?rest_route=\/wp\/v2\/types\/post"}],"author":[{"embeddable":true,"href":"https:\/\/lequotidien.mr\/index.php?rest_route=\/wp\/v2\/users\/12"}],"replies":[{"embeddable":true,"href":"https:\/\/lequotidien.mr\/index.php?rest_route=%2Fwp%2Fv2%2Fcomments&post=27439"}],"version-history":[{"count":1,"href":"https:\/\/lequotidien.mr\/index.php?rest_route=\/wp\/v2\/posts\/27439\/revisions"}],"predecessor-version":[{"id":27441,"href":"https:\/\/lequotidien.mr\/index.php?rest_route=\/wp\/v2\/posts\/27439\/revisions\/27441"}],"wp:featuredmedia":[{"embeddable":true,"href":"https:\/\/lequotidien.mr\/index.php?rest_route=\/wp\/v2\/media\/27440"}],"wp:attachment":[{"href":"https:\/\/lequotidien.mr\/index.php?rest_route=%2Fwp%2Fv2%2Fmedia&parent=27439"}],"wp:term":[{"taxonomy":"category","embeddable":true,"href":"https:\/\/lequotidien.mr\/index.php?rest_route=%2Fwp%2Fv2%2Fcategories&post=27439"},{"taxonomy":"post_tag","embeddable":true,"href":"https:\/\/lequotidien.mr\/index.php?rest_route=%2Fwp%2Fv2%2Ftags&post=27439"}],"curies":[{"name":"wp","href":"https:\/\/api.w.org\/{rel}","templated":true}]}}