{"id":27425,"date":"2025-05-07T13:37:43","date_gmt":"2025-05-07T13:37:43","guid":{"rendered":"https:\/\/lequotidien.mr\/?p=27425"},"modified":"2025-05-07T13:37:43","modified_gmt":"2025-05-07T13:37:43","slug":"la-mauritanie-et-la-france-renforcent-leur-cooperation-economique-avec-deux-accords-majeurs","status":"publish","type":"post","link":"https:\/\/lequotidien.mr\/?p=27425&lang=fr","title":{"rendered":"La Mauritanie et la France renforcent leur coop\u00e9ration \u00e9conomique avec deux accords majeurs"},"content":{"rendered":"<p>La coop\u00e9ration \u00e9conomique entre la Mauritanie et la France conna\u00eet un nouvel \u00e9lan avec la signature, mardi soir \u00e0 Nouakchott, de deux conventions strat\u00e9giques portant sur l\u2019\u00e9lectrification rurale et l\u2019acc\u00e8s \u00e0 l\u2019eau potable. Ces accords, sign\u00e9s par le ministre de l\u2019\u00c9conomie et des Finances, M. Sid\u2019Ahmed Bouh, et l\u2019ambassadeur de France en Mauritanie, M. Alexandre Garcia, illustrent la dynamique renouvel\u00e9e du partenariat entre les deux pays, soutenue par l\u2019Union europ\u00e9enne (UE).<\/p>\n<p><strong>Une convention de 10 millions d\u2019euros pour l\u2019\u00e9lectrification rurale<\/strong><\/p>\n<p>La premi\u00e8re convention, d\u2019un montant de\u00a0<strong>10 millions d\u2019euros<\/strong>\u00a0(430 millions de nouvelles ouguiyas), financera la\u00a0<strong>deuxi\u00e8me phase du projet d\u2019\u00e9lectrification rurale<\/strong>\u00a0dans les wilayas du Hodh Chargui et du Hodh El Gharbi, au sud-est de la Mauritanie. Port\u00e9 par l\u2019Agence fran\u00e7aise de d\u00e9veloppement (AFD) et cofinanc\u00e9 par l\u2019UE, ce projet vise \u00e0 \u00e9tendre l\u2019acc\u00e8s \u00e0 l\u2019\u00e9nergie dans les zones non raccord\u00e9es au r\u00e9seau national.<\/p>\n<p>Concr\u00e8tement, cette phase permettra :<\/p>\n<p><strong>&#8211;<\/strong>Le renforcement des\u00a0<strong>centrales solaires<\/strong>\u00a0existantes, avec une augmentation de capacit\u00e9 de\u00a0<strong>0,8 m\u00e9gawatt<\/strong>\u00a0;<\/p>\n<p><strong>&#8211;<\/strong>L\u2019installation de\u00a0<strong>120 km de lignes basse tension<\/strong>\u00a0et\u00a0<strong>150 km de lignes moyenne tension<\/strong>\u00a0;<\/p>\n<p><strong>&#8211;<\/strong>La construction de\u00a0<strong>30 sous-stations \u00e9lectriques<\/strong>\u00a0;<\/p>\n<p><strong>&#8211;<\/strong>Le raccordement de\u00a0<strong>20 villages suppl\u00e9mentaires<\/strong>\u00a0\u00e0 des mini-r\u00e9seaux, b\u00e9n\u00e9ficiant \u00e0\u00a0<strong>10 000 personnes<\/strong>.<\/p>\n<p>\u00ab\u00a0<em>Ce projet incarne le niveau de coop\u00e9ration \u00e9troite entre nos deux pays<\/em>\u00a0\u00bb, a d\u00e9clar\u00e9 M. Garcia, soulignant que l\u2019acc\u00e8s \u00e0 l\u2019\u00e9lectricit\u00e9 est \u00ab\u00a0<em>un pilier du d\u00e9veloppement durable<\/em>\u00a0\u00bb. L\u2019ambassadeur de l\u2019UE, M. Joaquin Tasso Villalonga, a salu\u00e9 une initiative s\u2019inscrivant dans l\u2019esprit du\u00a0<strong>\u00ab Team Europe \u00bb<\/strong>, une approche collaborative visant \u00e0 soutenir la transition verte et inclusive en Afrique.<\/p>\n<p><strong>Un protocole de 43 millions d\u2019euros pour l\u2019eau potable<\/strong><\/p>\n<p>Dans la m\u00eame dynamique, un\u00a0<strong>protocole financier de 43 millions d\u2019euros<\/strong>\u00a0(1,85 milliard de nouvelles ouguiyas) a \u00e9t\u00e9 sign\u00e9 pour l\u2019extension du\u00a0<strong>r\u00e9seau de transport d\u2019eau d\u2019Aftout Essahili<\/strong>. Ce projet, crucial pour la capitale Nouakchott et les localit\u00e9s travers\u00e9es par la canalisation, r\u00e9pond \u00e0 l\u2019urgence d\u2019am\u00e9liorer l\u2019acc\u00e8s \u00e0 l\u2019eau potable face \u00e0 une croissance d\u00e9mographique rapide.<\/p>\n<p>Les objectifs cl\u00e9s incluent :<\/p>\n<p><strong>&#8211;<\/strong>Un approvisionnement r\u00e9gulier en\u00a0<strong>eau de qualit\u00e9<\/strong>\u00a0pour les m\u00e9nages ;<\/p>\n<p><strong>&#8211;<\/strong>Le soutien aux activit\u00e9s \u00e9conomiques et sociales ;<\/p>\n<p><strong>&#8211;<\/strong>La contribution aux\u00a0<strong>Objectifs de D\u00e9veloppement Durable (ODD)<\/strong>\u00a0li\u00e9s \u00e0 l\u2019eau et \u00e0 l\u2019assainissement.<\/p>\n<p>\u00ab\u00a0<em>Ce financement all\u00e9gera le fardeau de milliers de familles et stimulera le d\u00e9veloppement<\/em>\u00a0\u00bb, a affirm\u00e9 M. Bouh, rappelant l\u2019importance de l\u2019eau comme \u00ab\u00a0<em>levier de prosp\u00e9rit\u00e9<\/em>\u00a0\u00bb. L\u2019ambassadeur Garcia a r\u00e9affirm\u00e9 l\u2019engagement fran\u00e7ais \u00e0 accompagner la Mauritanie dans ce secteur vital, soulignant que \u00ab\u00a0<em>l\u2019acc\u00e8s \u00e0 l\u2019eau est un droit fondamental<\/em>\u00a0\u00bb.<\/p>\n<p><strong>Une coop\u00e9ration multidimensionnelle<\/strong><\/p>\n<p>La c\u00e9r\u00e9monie de signature s\u2019est d\u00e9roul\u00e9e en pr\u00e9sence de la ministre de l\u2019Hydraulique et de l\u2019Assainissement, Mme Amal Mouloud, et de repr\u00e9sentants des secteurs concern\u00e9s. Ces deux projets s\u2019inscrivent dans une vision plus large de renforcement des infrastructures mauritaniennes, combinant\u00a0<strong>transition \u00e9nerg\u00e9tique<\/strong>,\u00a0<strong>gestion durable des ressources<\/strong>\u00a0et\u00a0<strong>inclusion socio-\u00e9conomique<\/strong>.<\/p>\n<p>Avec ces engagements, la France et l\u2019UE r\u00e9affirment leur r\u00f4le de partenaires cl\u00e9s dans la r\u00e9alisation des priorit\u00e9s nationales de la Mauritanie, align\u00e9es sur l\u2019<strong>Agenda 2030<\/strong>\u00a0des Nations Unies et l\u2019<strong>Agenda 2063<\/strong>\u00a0de l\u2019Union africaine. Ces initiatives t\u00e9moignent \u00e9galement d\u2019une volont\u00e9 commune de construire une croissance r\u00e9siliente, au service des populations et des g\u00e9n\u00e9rations futures.<\/p>\n<p>Alors que la Mauritanie acc\u00e9l\u00e8re ses r\u00e9formes pour moderniser ses infrastructures, ces accords symbolisent un pas de plus vers une coop\u00e9ration franco-mauritanienne plus ambitieuse, tourn\u00e9e vers l\u2019innovation et la durabilit\u00e9. Une alliance qui, au-del\u00e0 des chiffres, se mesure \u00e0 son impact concret sur le quotidien des citoyens.<\/p>\n","protected":false},"excerpt":{"rendered":"<p>La coop\u00e9ration \u00e9conomique entre la Mauritanie et la France conna\u00eet un nouvel \u00e9lan avec la signature, mardi soir \u00e0 Nouakchott, de deux conventions strat\u00e9giques portant sur l\u2019\u00e9lectrification rurale et l\u2019acc\u00e8s \u00e0 l\u2019eau potable. Ces accords, sign\u00e9s par le ministre de l\u2019\u00c9conomie et des Finances, M. Sid\u2019Ahmed Bouh, et l\u2019ambassadeur de France en Mauritanie, M. Alexandre&#8230;..<\/p>\n","protected":false},"author":12,"featured_media":27429,"comment_status":"open","ping_status":"open","sticky":false,"template":"","format":"standard","meta":{"footnotes":""},"categories":[23,49],"tags":[],"class_list":["post-27425","post","type-post","status-publish","format-standard","has-post-thumbnail","hentry","category-actualite","category-economie"],"yoast_head":"<!-- This site is optimized with the Yoast SEO plugin v27.5 - https:\/\/yoast.com\/product\/yoast-seo-wordpress\/ -->\n<title>La Mauritanie et la France renforcent leur coop\u00e9ration \u00e9conomique avec deux accords majeurs - Le Quotidien de Nouakchott<\/title>\n<meta name=\"robots\" content=\"index, follow, max-snippet:-1, max-image-preview:large, max-video-preview:-1\" \/>\n<link rel=\"canonical\" href=\"https:\/\/lequotidien.mr\/?p=27425&lang=fr\" \/>\n<meta property=\"og:locale\" content=\"ar_AR\" \/>\n<meta property=\"og:type\" content=\"article\" \/>\n<meta property=\"og:title\" content=\"La Mauritanie et la France renforcent leur coop\u00e9ration \u00e9conomique avec deux accords majeurs - Le Quotidien de Nouakchott\" \/>\n<meta property=\"og:description\" content=\"La coop\u00e9ration \u00e9conomique entre la Mauritanie et la France conna\u00eet un nouvel \u00e9lan avec la signature, mardi soir \u00e0 Nouakchott, de deux conventions strat\u00e9giques portant sur l\u2019\u00e9lectrification rurale et l\u2019acc\u00e8s \u00e0 l\u2019eau potable. Ces accords, sign\u00e9s par le ministre de l\u2019\u00c9conomie et des Finances, M. Sid\u2019Ahmed Bouh, et l\u2019ambassadeur de France en Mauritanie, M. Alexandre.....\" \/>\n<meta property=\"og:url\" content=\"https:\/\/lequotidien.mr\/?p=27425&amp;lang=fr\" \/>\n<meta property=\"og:site_name\" content=\"Le Quotidien de Nouakchott\" \/>\n<meta property=\"article:publisher\" content=\"https:\/\/web.facebook.com\/lequotidienmr\" \/>\n<meta property=\"article:published_time\" content=\"2025-05-07T13:37:43+00:00\" \/>\n<meta property=\"og:image\" content=\"https:\/\/lequotidien.mr\/wp-content\/uploads\/2025\/05\/photo-cvtion-Aftout-sahli-RIM-Frce.jpg\" \/>\n\t<meta property=\"og:image:width\" content=\"750\" \/>\n\t<meta property=\"og:image:height\" content=\"430\" \/>\n\t<meta property=\"og:image:type\" content=\"image\/jpeg\" \/>\n<meta name=\"author\" content=\"Med Ahmed\" \/>\n<meta name=\"twitter:card\" content=\"summary_large_image\" \/>\n<meta name=\"twitter:creator\" content=\"@lequotidienmr\" \/>\n<meta name=\"twitter:site\" content=\"@lequotidienmr\" \/>\n<meta name=\"twitter:label1\" content=\"\u0643\u064f\u062a\u0628 \u0628\u0648\u0627\u0633\u0637\u0629\" \/>\n\t<meta name=\"twitter:data1\" content=\"Med Ahmed\" \/>\n\t<meta name=\"twitter:label2\" content=\"\u0648\u0642\u062a \u0627\u0644\u0642\u0631\u0627\u0621\u0629 \u0627\u0644\u0645\u064f\u0642\u062f\u0651\u0631\" \/>\n\t<meta name=\"twitter:data2\" content=\"3 \u062f\u0642\u0627\u0626\u0642\" \/>\n<script type=\"application\/ld+json\" class=\"yoast-schema-graph\">{\"@context\":\"https:\\\/\\\/schema.org\",\"@graph\":[{\"@type\":\"Article\",\"@id\":\"https:\\\/\\\/lequotidien.mr\\\/?p=27425&lang=fr#article\",\"isPartOf\":{\"@id\":\"https:\\\/\\\/lequotidien.mr\\\/?p=27425&lang=fr\"},\"author\":{\"name\":\"Med Ahmed\",\"@id\":\"https:\\\/\\\/lequotidien.mr\\\/#\\\/schema\\\/person\\\/d2d350202a4d599685ed8abc25f97596\"},\"headline\":\"La Mauritanie et la France renforcent leur coop\u00e9ration \u00e9conomique avec deux accords majeurs\",\"datePublished\":\"2025-05-07T13:37:43+00:00\",\"mainEntityOfPage\":{\"@id\":\"https:\\\/\\\/lequotidien.mr\\\/?p=27425&lang=fr\"},\"wordCount\":660,\"commentCount\":0,\"publisher\":{\"@id\":\"https:\\\/\\\/lequotidien.mr\\\/#organization\"},\"image\":{\"@id\":\"https:\\\/\\\/lequotidien.mr\\\/?p=27425&lang=fr#primaryimage\"},\"thumbnailUrl\":\"https:\\\/\\\/lequotidien.mr\\\/wp-content\\\/uploads\\\/2025\\\/05\\\/photo-cvtion-Aftout-sahli-RIM-Frce.jpg\",\"articleSection\":[\"ACTUALIT\u00c9\",\"Economie\"],\"inLanguage\":\"ar\",\"potentialAction\":[{\"@type\":\"CommentAction\",\"name\":\"Comment\",\"target\":[\"https:\\\/\\\/lequotidien.mr\\\/?p=27425&lang=fr#respond\"]}]},{\"@type\":\"WebPage\",\"@id\":\"https:\\\/\\\/lequotidien.mr\\\/?p=27425&lang=fr\",\"url\":\"https:\\\/\\\/lequotidien.mr\\\/?p=27425&lang=fr\",\"name\":\"La Mauritanie et la France renforcent leur coop\u00e9ration \u00e9conomique avec deux accords majeurs - Le Quotidien de Nouakchott\",\"isPartOf\":{\"@id\":\"https:\\\/\\\/lequotidien.mr\\\/#website\"},\"primaryImageOfPage\":{\"@id\":\"https:\\\/\\\/lequotidien.mr\\\/?p=27425&lang=fr#primaryimage\"},\"image\":{\"@id\":\"https:\\\/\\\/lequotidien.mr\\\/?p=27425&lang=fr#primaryimage\"},\"thumbnailUrl\":\"https:\\\/\\\/lequotidien.mr\\\/wp-content\\\/uploads\\\/2025\\\/05\\\/photo-cvtion-Aftout-sahli-RIM-Frce.jpg\",\"datePublished\":\"2025-05-07T13:37:43+00:00\",\"breadcrumb\":{\"@id\":\"https:\\\/\\\/lequotidien.mr\\\/?p=27425&lang=fr#breadcrumb\"},\"inLanguage\":\"ar\",\"potentialAction\":[{\"@type\":\"ReadAction\",\"target\":[\"https:\\\/\\\/lequotidien.mr\\\/?p=27425&lang=fr\"]}]},{\"@type\":\"ImageObject\",\"inLanguage\":\"ar\",\"@id\":\"https:\\\/\\\/lequotidien.mr\\\/?p=27425&lang=fr#primaryimage\",\"url\":\"https:\\\/\\\/lequotidien.mr\\\/wp-content\\\/uploads\\\/2025\\\/05\\\/photo-cvtion-Aftout-sahli-RIM-Frce.jpg\",\"contentUrl\":\"https:\\\/\\\/lequotidien.mr\\\/wp-content\\\/uploads\\\/2025\\\/05\\\/photo-cvtion-Aftout-sahli-RIM-Frce.jpg\",\"width\":750,\"height\":430},{\"@type\":\"BreadcrumbList\",\"@id\":\"https:\\\/\\\/lequotidien.mr\\\/?p=27425&lang=fr#breadcrumb\",\"itemListElement\":[{\"@type\":\"ListItem\",\"position\":1,\"name\":\"Home\",\"item\":\"https:\\\/\\\/lequotidien.mr\\\/\"},{\"@type\":\"ListItem\",\"position\":2,\"name\":\"La Mauritanie et la France renforcent leur coop\u00e9ration \u00e9conomique avec deux accords majeurs\"}]},{\"@type\":\"WebSite\",\"@id\":\"https:\\\/\\\/lequotidien.mr\\\/#website\",\"url\":\"https:\\\/\\\/lequotidien.mr\\\/\",\"name\":\"Le Quotidien de Nouakchott\",\"description\":\"\u0625\u062e\u0628\u0627\u0631\u064a\u0629 \u0645\u0633\u062a\u0642\u0644\u0629 \u0644\u0644\u0623\u0646\u0628\u0627\u0621 \u0627\u0644\u0639\u0627\u0645\u0629\",\"publisher\":{\"@id\":\"https:\\\/\\\/lequotidien.mr\\\/#organization\"},\"potentialAction\":[{\"@type\":\"SearchAction\",\"target\":{\"@type\":\"EntryPoint\",\"urlTemplate\":\"https:\\\/\\\/lequotidien.mr\\\/?s={search_term_string}\"},\"query-input\":{\"@type\":\"PropertyValueSpecification\",\"valueRequired\":true,\"valueName\":\"search_term_string\"}}],\"inLanguage\":\"ar\"},{\"@type\":\"Organization\",\"@id\":\"https:\\\/\\\/lequotidien.mr\\\/#organization\",\"name\":\"Le Quotidien de Nouakchott\",\"url\":\"https:\\\/\\\/lequotidien.mr\\\/\",\"logo\":{\"@type\":\"ImageObject\",\"inLanguage\":\"ar\",\"@id\":\"https:\\\/\\\/lequotidien.mr\\\/#\\\/schema\\\/logo\\\/image\\\/\",\"url\":\"https:\\\/\\\/lequotidien.mr\\\/wp-content\\\/uploads\\\/2022\\\/11\\\/logolequotidien.jpg\",\"contentUrl\":\"https:\\\/\\\/lequotidien.mr\\\/wp-content\\\/uploads\\\/2022\\\/11\\\/logolequotidien.jpg\",\"width\":290,\"height\":65,\"caption\":\"Le Quotidien de Nouakchott\"},\"image\":{\"@id\":\"https:\\\/\\\/lequotidien.mr\\\/#\\\/schema\\\/logo\\\/image\\\/\"},\"sameAs\":[\"https:\\\/\\\/web.facebook.com\\\/lequotidienmr\",\"https:\\\/\\\/x.com\\\/lequotidienmr\"]},{\"@type\":\"Person\",\"@id\":\"https:\\\/\\\/lequotidien.mr\\\/#\\\/schema\\\/person\\\/d2d350202a4d599685ed8abc25f97596\",\"name\":\"Med Ahmed\",\"image\":{\"@type\":\"ImageObject\",\"inLanguage\":\"ar\",\"@id\":\"https:\\\/\\\/secure.gravatar.com\\\/avatar\\\/fd2acc62ed50732923d1d39c17172c9b04149f142be92310ecc69e1358f94b52?s=96&d=mm&r=g\",\"url\":\"https:\\\/\\\/secure.gravatar.com\\\/avatar\\\/fd2acc62ed50732923d1d39c17172c9b04149f142be92310ecc69e1358f94b52?s=96&d=mm&r=g\",\"contentUrl\":\"https:\\\/\\\/secure.gravatar.com\\\/avatar\\\/fd2acc62ed50732923d1d39c17172c9b04149f142be92310ecc69e1358f94b52?s=96&d=mm&r=g\",\"caption\":\"Med Ahmed\"},\"url\":\"https:\\\/\\\/lequotidien.mr\\\/?author=12\"}]}<\/script>\n<!-- \/ Yoast SEO plugin. -->","yoast_head_json":{"title":"La Mauritanie et la France renforcent leur coop\u00e9ration \u00e9conomique avec deux accords majeurs - Le Quotidien de Nouakchott","robots":{"index":"index","follow":"follow","max-snippet":"max-snippet:-1","max-image-preview":"max-image-preview:large","max-video-preview":"max-video-preview:-1"},"canonical":"https:\/\/lequotidien.mr\/?p=27425&lang=fr","og_locale":"ar_AR","og_type":"article","og_title":"La Mauritanie et la France renforcent leur coop\u00e9ration \u00e9conomique avec deux accords majeurs - Le Quotidien de Nouakchott","og_description":"La coop\u00e9ration \u00e9conomique entre la Mauritanie et la France conna\u00eet un nouvel \u00e9lan avec la signature, mardi soir \u00e0 Nouakchott, de deux conventions strat\u00e9giques portant sur l\u2019\u00e9lectrification rurale et l\u2019acc\u00e8s \u00e0 l\u2019eau potable. Ces accords, sign\u00e9s par le ministre de l\u2019\u00c9conomie et des Finances, M. Sid\u2019Ahmed Bouh, et l\u2019ambassadeur de France en Mauritanie, M. Alexandre.....","og_url":"https:\/\/lequotidien.mr\/?p=27425&lang=fr","og_site_name":"Le Quotidien de Nouakchott","article_publisher":"https:\/\/web.facebook.com\/lequotidienmr","article_published_time":"2025-05-07T13:37:43+00:00","og_image":[{"width":750,"height":430,"url":"https:\/\/lequotidien.mr\/wp-content\/uploads\/2025\/05\/photo-cvtion-Aftout-sahli-RIM-Frce.jpg","type":"image\/jpeg"}],"author":"Med Ahmed","twitter_card":"summary_large_image","twitter_creator":"@lequotidienmr","twitter_site":"@lequotidienmr","twitter_misc":{"\u0643\u064f\u062a\u0628 \u0628\u0648\u0627\u0633\u0637\u0629":"Med Ahmed","\u0648\u0642\u062a \u0627\u0644\u0642\u0631\u0627\u0621\u0629 \u0627\u0644\u0645\u064f\u0642\u062f\u0651\u0631":"3 \u062f\u0642\u0627\u0626\u0642"},"schema":{"@context":"https:\/\/schema.org","@graph":[{"@type":"Article","@id":"https:\/\/lequotidien.mr\/?p=27425&lang=fr#article","isPartOf":{"@id":"https:\/\/lequotidien.mr\/?p=27425&lang=fr"},"author":{"name":"Med Ahmed","@id":"https:\/\/lequotidien.mr\/#\/schema\/person\/d2d350202a4d599685ed8abc25f97596"},"headline":"La Mauritanie et la France renforcent leur coop\u00e9ration \u00e9conomique avec deux accords majeurs","datePublished":"2025-05-07T13:37:43+00:00","mainEntityOfPage":{"@id":"https:\/\/lequotidien.mr\/?p=27425&lang=fr"},"wordCount":660,"commentCount":0,"publisher":{"@id":"https:\/\/lequotidien.mr\/#organization"},"image":{"@id":"https:\/\/lequotidien.mr\/?p=27425&lang=fr#primaryimage"},"thumbnailUrl":"https:\/\/lequotidien.mr\/wp-content\/uploads\/2025\/05\/photo-cvtion-Aftout-sahli-RIM-Frce.jpg","articleSection":["ACTUALIT\u00c9","Economie"],"inLanguage":"ar","potentialAction":[{"@type":"CommentAction","name":"Comment","target":["https:\/\/lequotidien.mr\/?p=27425&lang=fr#respond"]}]},{"@type":"WebPage","@id":"https:\/\/lequotidien.mr\/?p=27425&lang=fr","url":"https:\/\/lequotidien.mr\/?p=27425&lang=fr","name":"La Mauritanie et la France renforcent leur coop\u00e9ration \u00e9conomique avec deux accords majeurs - Le Quotidien de Nouakchott","isPartOf":{"@id":"https:\/\/lequotidien.mr\/#website"},"primaryImageOfPage":{"@id":"https:\/\/lequotidien.mr\/?p=27425&lang=fr#primaryimage"},"image":{"@id":"https:\/\/lequotidien.mr\/?p=27425&lang=fr#primaryimage"},"thumbnailUrl":"https:\/\/lequotidien.mr\/wp-content\/uploads\/2025\/05\/photo-cvtion-Aftout-sahli-RIM-Frce.jpg","datePublished":"2025-05-07T13:37:43+00:00","breadcrumb":{"@id":"https:\/\/lequotidien.mr\/?p=27425&lang=fr#breadcrumb"},"inLanguage":"ar","potentialAction":[{"@type":"ReadAction","target":["https:\/\/lequotidien.mr\/?p=27425&lang=fr"]}]},{"@type":"ImageObject","inLanguage":"ar","@id":"https:\/\/lequotidien.mr\/?p=27425&lang=fr#primaryimage","url":"https:\/\/lequotidien.mr\/wp-content\/uploads\/2025\/05\/photo-cvtion-Aftout-sahli-RIM-Frce.jpg","contentUrl":"https:\/\/lequotidien.mr\/wp-content\/uploads\/2025\/05\/photo-cvtion-Aftout-sahli-RIM-Frce.jpg","width":750,"height":430},{"@type":"BreadcrumbList","@id":"https:\/\/lequotidien.mr\/?p=27425&lang=fr#breadcrumb","itemListElement":[{"@type":"ListItem","position":1,"name":"Home","item":"https:\/\/lequotidien.mr\/"},{"@type":"ListItem","position":2,"name":"La Mauritanie et la France renforcent leur coop\u00e9ration \u00e9conomique avec deux accords majeurs"}]},{"@type":"WebSite","@id":"https:\/\/lequotidien.mr\/#website","url":"https:\/\/lequotidien.mr\/","name":"Le Quotidien de Nouakchott","description":"\u0625\u062e\u0628\u0627\u0631\u064a\u0629 \u0645\u0633\u062a\u0642\u0644\u0629 \u0644\u0644\u0623\u0646\u0628\u0627\u0621 \u0627\u0644\u0639\u0627\u0645\u0629","publisher":{"@id":"https:\/\/lequotidien.mr\/#organization"},"potentialAction":[{"@type":"SearchAction","target":{"@type":"EntryPoint","urlTemplate":"https:\/\/lequotidien.mr\/?s={search_term_string}"},"query-input":{"@type":"PropertyValueSpecification","valueRequired":true,"valueName":"search_term_string"}}],"inLanguage":"ar"},{"@type":"Organization","@id":"https:\/\/lequotidien.mr\/#organization","name":"Le Quotidien de Nouakchott","url":"https:\/\/lequotidien.mr\/","logo":{"@type":"ImageObject","inLanguage":"ar","@id":"https:\/\/lequotidien.mr\/#\/schema\/logo\/image\/","url":"https:\/\/lequotidien.mr\/wp-content\/uploads\/2022\/11\/logolequotidien.jpg","contentUrl":"https:\/\/lequotidien.mr\/wp-content\/uploads\/2022\/11\/logolequotidien.jpg","width":290,"height":65,"caption":"Le Quotidien de Nouakchott"},"image":{"@id":"https:\/\/lequotidien.mr\/#\/schema\/logo\/image\/"},"sameAs":["https:\/\/web.facebook.com\/lequotidienmr","https:\/\/x.com\/lequotidienmr"]},{"@type":"Person","@id":"https:\/\/lequotidien.mr\/#\/schema\/person\/d2d350202a4d599685ed8abc25f97596","name":"Med Ahmed","image":{"@type":"ImageObject","inLanguage":"ar","@id":"https:\/\/secure.gravatar.com\/avatar\/fd2acc62ed50732923d1d39c17172c9b04149f142be92310ecc69e1358f94b52?s=96&d=mm&r=g","url":"https:\/\/secure.gravatar.com\/avatar\/fd2acc62ed50732923d1d39c17172c9b04149f142be92310ecc69e1358f94b52?s=96&d=mm&r=g","contentUrl":"https:\/\/secure.gravatar.com\/avatar\/fd2acc62ed50732923d1d39c17172c9b04149f142be92310ecc69e1358f94b52?s=96&d=mm&r=g","caption":"Med Ahmed"},"url":"https:\/\/lequotidien.mr\/?author=12"}]}},"_links":{"self":[{"href":"https:\/\/lequotidien.mr\/index.php?rest_route=\/wp\/v2\/posts\/27425","targetHints":{"allow":["GET"]}}],"collection":[{"href":"https:\/\/lequotidien.mr\/index.php?rest_route=\/wp\/v2\/posts"}],"about":[{"href":"https:\/\/lequotidien.mr\/index.php?rest_route=\/wp\/v2\/types\/post"}],"author":[{"embeddable":true,"href":"https:\/\/lequotidien.mr\/index.php?rest_route=\/wp\/v2\/users\/12"}],"replies":[{"embeddable":true,"href":"https:\/\/lequotidien.mr\/index.php?rest_route=%2Fwp%2Fv2%2Fcomments&post=27425"}],"version-history":[{"count":1,"href":"https:\/\/lequotidien.mr\/index.php?rest_route=\/wp\/v2\/posts\/27425\/revisions"}],"predecessor-version":[{"id":27430,"href":"https:\/\/lequotidien.mr\/index.php?rest_route=\/wp\/v2\/posts\/27425\/revisions\/27430"}],"wp:featuredmedia":[{"embeddable":true,"href":"https:\/\/lequotidien.mr\/index.php?rest_route=\/wp\/v2\/media\/27429"}],"wp:attachment":[{"href":"https:\/\/lequotidien.mr\/index.php?rest_route=%2Fwp%2Fv2%2Fmedia&parent=27425"}],"wp:term":[{"taxonomy":"category","embeddable":true,"href":"https:\/\/lequotidien.mr\/index.php?rest_route=%2Fwp%2Fv2%2Fcategories&post=27425"},{"taxonomy":"post_tag","embeddable":true,"href":"https:\/\/lequotidien.mr\/index.php?rest_route=%2Fwp%2Fv2%2Ftags&post=27425"}],"curies":[{"name":"wp","href":"https:\/\/api.w.org\/{rel}","templated":true}]}}