{"id":27422,"date":"2025-05-07T13:11:01","date_gmt":"2025-05-07T13:11:01","guid":{"rendered":"https:\/\/lequotidien.mr\/?p=27422"},"modified":"2025-05-07T13:11:01","modified_gmt":"2025-05-07T13:11:01","slug":"tunis-la-mauritanie-participe-au-lancement-du-8%e1%b5%89-forum-pour-linvestissement-et-le-tourisme-en-afrique","status":"publish","type":"post","link":"https:\/\/lequotidien.mr\/?p=27422&lang=fr","title":{"rendered":"Tunis: La Mauritanie participe au lancement du 8\u1d49 Forum pour l\u2019investissement et le tourisme en Afrique"},"content":{"rendered":"<p>La ministre du Commerce et du Tourisme, Mme Zeinebou Ahmadnah, a pris part, ce mardi, au lancement de la 8\u1d49 \u00e9dition du\u00a0<em>Forum pour l\u2019investissement et le commerce en Afrique<\/em>\u00a0ainsi qu\u2019au\u00a0<em>Forum minist\u00e9riel sur le tourisme<\/em>. Ces \u00e9v\u00e9nements d\u2019envergure internationale r\u00e9unissent plus de 2 000 participants issus de plus de 60 pays, parmi lesquels des personnalit\u00e9s de haut rang, des responsables gouvernementaux et des dirigeants d\u2019institutions internationales et r\u00e9gionales.<\/p>\n<p><strong>Un agenda ambitieux pour l\u2019Afrique<\/strong><\/p>\n<p>Organis\u00e9es sur deux jours, ces rencontres visent \u00e0 explorer les d\u00e9fis majeurs et les leviers de croissance du continent africain. Les th\u00e9matiques centrales incluent la\u00a0<strong>transformation industrielle<\/strong>, la\u00a0<strong>transition \u00e9nerg\u00e9tique<\/strong>, la\u00a0<strong>num\u00e9risation<\/strong>, ainsi que la\u00a0<strong>modernisation des infrastructures et de la logistique<\/strong>. Des s\u00e9minaires de haut niveau, des \u00e9v\u00e9nements parall\u00e8les sp\u00e9cialis\u00e9s et des ateliers techniques viendront enrichir les d\u00e9bats, offrant un cadre propice au partage d\u2019expertises et \u00e0 la formulation de solutions concr\u00e8tes.<\/p>\n<p><strong>Une d\u00e9l\u00e9gation mauritanienne engag\u00e9e<\/strong><\/p>\n<p>Mme Ahmadnah est accompagn\u00e9e d\u2019une d\u00e9l\u00e9gation cl\u00e9 du secteur, t\u00e9moignant de l\u2019importance strat\u00e9gique accord\u00e9e par la Mauritanie \u00e0 ces forums. Parmi les membres figurent : Mme <strong>Khadijatou Haqhi<\/strong>, conseill\u00e8re technique charg\u00e9e du tourisme ; M. <strong>Dialel Abou-Guisset<\/strong>, directeur des \u00e9tudes, de la programmation et de la coop\u00e9ration ; M. <strong>Mahfoudh Jeyid<\/strong>, directeur g\u00e9n\u00e9ral de l\u2019Office national du tourisme ; et M. <strong>Mohamedou Zeine El Abidine<\/strong>, directeur de l\u2019\u00c9cole de l\u2019h\u00f4tellerie et du tourisme.<\/p>\n<p>Cette repr\u00e9sentation multidisciplinaire souligne la volont\u00e9 du pays de s\u2019inscrire activement dans les dynamiques panafricaines de d\u00e9veloppement \u00e9conomique et touristique.<\/p>\n<p><strong>Tourisme et investissement : des piliers pour l\u2019avenir<\/strong><\/p>\n<p>Dans son intervention, la ministre a mis en avant le r\u00f4le crucial du tourisme et des partenariats \u00e9conomiques pour stimuler l\u2019emploi, l\u2019innovation et l\u2019int\u00e9gration r\u00e9gionale. \u00ab\u00a0<em>L\u2019Afrique dispose d\u2019un potentiel inexploit\u00e9 en mati\u00e8re de diversification \u00e9conomique et de valorisation de ses ressources. Ces forums sont une opportunit\u00e9 pour renforcer les collaborations public-priv\u00e9 et acc\u00e9l\u00e9rer notre transition vers des \u00e9conomies r\u00e9silientes<\/em>\u00a0\u00bb, a-t-elle d\u00e9clar\u00e9.<\/p>\n<p>Les discussions porteront \u00e9galement sur l\u2019harmonisation des politiques continentales, l\u2019attractivit\u00e9 des investissements \u00e9trangers et la promotion de destinations touristiques africaines comp\u00e9titives.<\/p>\n<p>\u00c0 l\u2019issue des travaux, des recommandations et engagements concrets sont attendus, notamment pour soutenir les PME africaines, faciliter les \u00e9changes intracontinentaux et capitaliser sur les technologies \u00e9mergentes. La participation active de la Mauritanie, \u00e0 travers sa d\u00e9l\u00e9gation, refl\u00e8te son ambition de positionner le pays comme un acteur cl\u00e9 dans la r\u00e9alisation de l\u2019Agenda 2063 de l\u2019Union africaine.<\/p>\n<p>Ce double forum s\u2019affirme ainsi comme une plateforme incontournable pour dessiner les contours d\u2019une Afrique prosp\u00e8re, int\u00e9gr\u00e9e et durable.<\/p>\n","protected":false},"excerpt":{"rendered":"<p>La ministre du Commerce et du Tourisme, Mme Zeinebou Ahmadnah, a pris part, ce mardi, au lancement de la 8\u1d49 \u00e9dition du\u00a0Forum pour l\u2019investissement et le commerce en Afrique\u00a0ainsi qu\u2019au\u00a0Forum minist\u00e9riel sur le tourisme. Ces \u00e9v\u00e9nements d\u2019envergure internationale r\u00e9unissent plus de 2 000 participants issus de plus de 60 pays, parmi lesquels des personnalit\u00e9s de&#8230;..<\/p>\n","protected":false},"author":12,"featured_media":27423,"comment_status":"open","ping_status":"open","sticky":false,"template":"","format":"standard","meta":{"footnotes":""},"categories":[23,49],"tags":[],"class_list":["post-27422","post","type-post","status-publish","format-standard","has-post-thumbnail","hentry","category-actualite","category-economie"],"yoast_head":"<!-- This site is optimized with the Yoast SEO plugin v27.5 - https:\/\/yoast.com\/product\/yoast-seo-wordpress\/ -->\n<title>Tunis: La Mauritanie participe au lancement du 8\u1d49 Forum pour l\u2019investissement et le tourisme en Afrique - Le Quotidien de Nouakchott<\/title>\n<meta name=\"robots\" content=\"index, follow, max-snippet:-1, max-image-preview:large, max-video-preview:-1\" \/>\n<link rel=\"canonical\" href=\"https:\/\/lequotidien.mr\/?p=27422&lang=fr\" \/>\n<meta property=\"og:locale\" content=\"ar_AR\" \/>\n<meta property=\"og:type\" content=\"article\" \/>\n<meta property=\"og:title\" content=\"Tunis: La Mauritanie participe au lancement du 8\u1d49 Forum pour l\u2019investissement et le tourisme en Afrique - Le Quotidien de Nouakchott\" \/>\n<meta property=\"og:description\" content=\"La ministre du Commerce et du Tourisme, Mme Zeinebou Ahmadnah, a pris part, ce mardi, au lancement de la 8\u1d49 \u00e9dition du\u00a0Forum pour l\u2019investissement et le commerce en Afrique\u00a0ainsi qu\u2019au\u00a0Forum minist\u00e9riel sur le tourisme. Ces \u00e9v\u00e9nements d\u2019envergure internationale r\u00e9unissent plus de 2 000 participants issus de plus de 60 pays, parmi lesquels des personnalit\u00e9s de.....\" \/>\n<meta property=\"og:url\" content=\"https:\/\/lequotidien.mr\/?p=27422&amp;lang=fr\" \/>\n<meta property=\"og:site_name\" content=\"Le Quotidien de Nouakchott\" \/>\n<meta property=\"article:publisher\" content=\"https:\/\/web.facebook.com\/lequotidienmr\" \/>\n<meta property=\"article:published_time\" content=\"2025-05-07T13:11:01+00:00\" \/>\n<meta property=\"og:image\" content=\"https:\/\/lequotidien.mr\/wp-content\/uploads\/2025\/05\/photo-trade-invect-Tunisie.jpg\" \/>\n\t<meta property=\"og:image:width\" content=\"480\" \/>\n\t<meta property=\"og:image:height\" content=\"480\" \/>\n\t<meta property=\"og:image:type\" content=\"image\/jpeg\" \/>\n<meta name=\"author\" content=\"Med Ahmed\" \/>\n<meta name=\"twitter:card\" content=\"summary_large_image\" \/>\n<meta name=\"twitter:creator\" content=\"@lequotidienmr\" \/>\n<meta name=\"twitter:site\" content=\"@lequotidienmr\" \/>\n<meta name=\"twitter:label1\" content=\"\u0643\u064f\u062a\u0628 \u0628\u0648\u0627\u0633\u0637\u0629\" \/>\n\t<meta name=\"twitter:data1\" content=\"Med Ahmed\" \/>\n\t<meta name=\"twitter:label2\" content=\"\u0648\u0642\u062a \u0627\u0644\u0642\u0631\u0627\u0621\u0629 \u0627\u0644\u0645\u064f\u0642\u062f\u0651\u0631\" \/>\n\t<meta name=\"twitter:data2\" content=\"\u062f\u0642\u064a\u0642\u062a\u0627\u0646\" \/>\n<script type=\"application\/ld+json\" class=\"yoast-schema-graph\">{\"@context\":\"https:\\\/\\\/schema.org\",\"@graph\":[{\"@type\":\"Article\",\"@id\":\"https:\\\/\\\/lequotidien.mr\\\/?p=27422&lang=fr#article\",\"isPartOf\":{\"@id\":\"https:\\\/\\\/lequotidien.mr\\\/?p=27422&lang=fr\"},\"author\":{\"name\":\"Med Ahmed\",\"@id\":\"https:\\\/\\\/lequotidien.mr\\\/#\\\/schema\\\/person\\\/d2d350202a4d599685ed8abc25f97596\"},\"headline\":\"Tunis: La Mauritanie participe au lancement du 8\u1d49 Forum pour l\u2019investissement et le tourisme en Afrique\",\"datePublished\":\"2025-05-07T13:11:01+00:00\",\"mainEntityOfPage\":{\"@id\":\"https:\\\/\\\/lequotidien.mr\\\/?p=27422&lang=fr\"},\"wordCount\":487,\"commentCount\":0,\"publisher\":{\"@id\":\"https:\\\/\\\/lequotidien.mr\\\/#organization\"},\"image\":{\"@id\":\"https:\\\/\\\/lequotidien.mr\\\/?p=27422&lang=fr#primaryimage\"},\"thumbnailUrl\":\"https:\\\/\\\/lequotidien.mr\\\/wp-content\\\/uploads\\\/2025\\\/05\\\/photo-trade-invect-Tunisie.jpg\",\"articleSection\":[\"ACTUALIT\u00c9\",\"Economie\"],\"inLanguage\":\"ar\",\"potentialAction\":[{\"@type\":\"CommentAction\",\"name\":\"Comment\",\"target\":[\"https:\\\/\\\/lequotidien.mr\\\/?p=27422&lang=fr#respond\"]}]},{\"@type\":\"WebPage\",\"@id\":\"https:\\\/\\\/lequotidien.mr\\\/?p=27422&lang=fr\",\"url\":\"https:\\\/\\\/lequotidien.mr\\\/?p=27422&lang=fr\",\"name\":\"Tunis: La Mauritanie participe au lancement du 8\u1d49 Forum pour l\u2019investissement et le tourisme en Afrique - Le Quotidien de Nouakchott\",\"isPartOf\":{\"@id\":\"https:\\\/\\\/lequotidien.mr\\\/#website\"},\"primaryImageOfPage\":{\"@id\":\"https:\\\/\\\/lequotidien.mr\\\/?p=27422&lang=fr#primaryimage\"},\"image\":{\"@id\":\"https:\\\/\\\/lequotidien.mr\\\/?p=27422&lang=fr#primaryimage\"},\"thumbnailUrl\":\"https:\\\/\\\/lequotidien.mr\\\/wp-content\\\/uploads\\\/2025\\\/05\\\/photo-trade-invect-Tunisie.jpg\",\"datePublished\":\"2025-05-07T13:11:01+00:00\",\"breadcrumb\":{\"@id\":\"https:\\\/\\\/lequotidien.mr\\\/?p=27422&lang=fr#breadcrumb\"},\"inLanguage\":\"ar\",\"potentialAction\":[{\"@type\":\"ReadAction\",\"target\":[\"https:\\\/\\\/lequotidien.mr\\\/?p=27422&lang=fr\"]}]},{\"@type\":\"ImageObject\",\"inLanguage\":\"ar\",\"@id\":\"https:\\\/\\\/lequotidien.mr\\\/?p=27422&lang=fr#primaryimage\",\"url\":\"https:\\\/\\\/lequotidien.mr\\\/wp-content\\\/uploads\\\/2025\\\/05\\\/photo-trade-invect-Tunisie.jpg\",\"contentUrl\":\"https:\\\/\\\/lequotidien.mr\\\/wp-content\\\/uploads\\\/2025\\\/05\\\/photo-trade-invect-Tunisie.jpg\",\"width\":480,\"height\":480},{\"@type\":\"BreadcrumbList\",\"@id\":\"https:\\\/\\\/lequotidien.mr\\\/?p=27422&lang=fr#breadcrumb\",\"itemListElement\":[{\"@type\":\"ListItem\",\"position\":1,\"name\":\"Home\",\"item\":\"https:\\\/\\\/lequotidien.mr\\\/\"},{\"@type\":\"ListItem\",\"position\":2,\"name\":\"Tunis: La Mauritanie participe au lancement du 8\u1d49 Forum pour l\u2019investissement et le tourisme en Afrique\"}]},{\"@type\":\"WebSite\",\"@id\":\"https:\\\/\\\/lequotidien.mr\\\/#website\",\"url\":\"https:\\\/\\\/lequotidien.mr\\\/\",\"name\":\"Le Quotidien de Nouakchott\",\"description\":\"\u0625\u062e\u0628\u0627\u0631\u064a\u0629 \u0645\u0633\u062a\u0642\u0644\u0629 \u0644\u0644\u0623\u0646\u0628\u0627\u0621 \u0627\u0644\u0639\u0627\u0645\u0629\",\"publisher\":{\"@id\":\"https:\\\/\\\/lequotidien.mr\\\/#organization\"},\"potentialAction\":[{\"@type\":\"SearchAction\",\"target\":{\"@type\":\"EntryPoint\",\"urlTemplate\":\"https:\\\/\\\/lequotidien.mr\\\/?s={search_term_string}\"},\"query-input\":{\"@type\":\"PropertyValueSpecification\",\"valueRequired\":true,\"valueName\":\"search_term_string\"}}],\"inLanguage\":\"ar\"},{\"@type\":\"Organization\",\"@id\":\"https:\\\/\\\/lequotidien.mr\\\/#organization\",\"name\":\"Le Quotidien de Nouakchott\",\"url\":\"https:\\\/\\\/lequotidien.mr\\\/\",\"logo\":{\"@type\":\"ImageObject\",\"inLanguage\":\"ar\",\"@id\":\"https:\\\/\\\/lequotidien.mr\\\/#\\\/schema\\\/logo\\\/image\\\/\",\"url\":\"https:\\\/\\\/lequotidien.mr\\\/wp-content\\\/uploads\\\/2022\\\/11\\\/logolequotidien.jpg\",\"contentUrl\":\"https:\\\/\\\/lequotidien.mr\\\/wp-content\\\/uploads\\\/2022\\\/11\\\/logolequotidien.jpg\",\"width\":290,\"height\":65,\"caption\":\"Le Quotidien de Nouakchott\"},\"image\":{\"@id\":\"https:\\\/\\\/lequotidien.mr\\\/#\\\/schema\\\/logo\\\/image\\\/\"},\"sameAs\":[\"https:\\\/\\\/web.facebook.com\\\/lequotidienmr\",\"https:\\\/\\\/x.com\\\/lequotidienmr\"]},{\"@type\":\"Person\",\"@id\":\"https:\\\/\\\/lequotidien.mr\\\/#\\\/schema\\\/person\\\/d2d350202a4d599685ed8abc25f97596\",\"name\":\"Med Ahmed\",\"image\":{\"@type\":\"ImageObject\",\"inLanguage\":\"ar\",\"@id\":\"https:\\\/\\\/secure.gravatar.com\\\/avatar\\\/fd2acc62ed50732923d1d39c17172c9b04149f142be92310ecc69e1358f94b52?s=96&d=mm&r=g\",\"url\":\"https:\\\/\\\/secure.gravatar.com\\\/avatar\\\/fd2acc62ed50732923d1d39c17172c9b04149f142be92310ecc69e1358f94b52?s=96&d=mm&r=g\",\"contentUrl\":\"https:\\\/\\\/secure.gravatar.com\\\/avatar\\\/fd2acc62ed50732923d1d39c17172c9b04149f142be92310ecc69e1358f94b52?s=96&d=mm&r=g\",\"caption\":\"Med Ahmed\"},\"url\":\"https:\\\/\\\/lequotidien.mr\\\/?author=12\"}]}<\/script>\n<!-- \/ Yoast SEO plugin. -->","yoast_head_json":{"title":"Tunis: La Mauritanie participe au lancement du 8\u1d49 Forum pour l\u2019investissement et le tourisme en Afrique - Le Quotidien de Nouakchott","robots":{"index":"index","follow":"follow","max-snippet":"max-snippet:-1","max-image-preview":"max-image-preview:large","max-video-preview":"max-video-preview:-1"},"canonical":"https:\/\/lequotidien.mr\/?p=27422&lang=fr","og_locale":"ar_AR","og_type":"article","og_title":"Tunis: La Mauritanie participe au lancement du 8\u1d49 Forum pour l\u2019investissement et le tourisme en Afrique - Le Quotidien de Nouakchott","og_description":"La ministre du Commerce et du Tourisme, Mme Zeinebou Ahmadnah, a pris part, ce mardi, au lancement de la 8\u1d49 \u00e9dition du\u00a0Forum pour l\u2019investissement et le commerce en Afrique\u00a0ainsi qu\u2019au\u00a0Forum minist\u00e9riel sur le tourisme. Ces \u00e9v\u00e9nements d\u2019envergure internationale r\u00e9unissent plus de 2 000 participants issus de plus de 60 pays, parmi lesquels des personnalit\u00e9s de.....","og_url":"https:\/\/lequotidien.mr\/?p=27422&lang=fr","og_site_name":"Le Quotidien de Nouakchott","article_publisher":"https:\/\/web.facebook.com\/lequotidienmr","article_published_time":"2025-05-07T13:11:01+00:00","og_image":[{"width":480,"height":480,"url":"https:\/\/lequotidien.mr\/wp-content\/uploads\/2025\/05\/photo-trade-invect-Tunisie.jpg","type":"image\/jpeg"}],"author":"Med Ahmed","twitter_card":"summary_large_image","twitter_creator":"@lequotidienmr","twitter_site":"@lequotidienmr","twitter_misc":{"\u0643\u064f\u062a\u0628 \u0628\u0648\u0627\u0633\u0637\u0629":"Med Ahmed","\u0648\u0642\u062a \u0627\u0644\u0642\u0631\u0627\u0621\u0629 \u0627\u0644\u0645\u064f\u0642\u062f\u0651\u0631":"\u062f\u0642\u064a\u0642\u062a\u0627\u0646"},"schema":{"@context":"https:\/\/schema.org","@graph":[{"@type":"Article","@id":"https:\/\/lequotidien.mr\/?p=27422&lang=fr#article","isPartOf":{"@id":"https:\/\/lequotidien.mr\/?p=27422&lang=fr"},"author":{"name":"Med Ahmed","@id":"https:\/\/lequotidien.mr\/#\/schema\/person\/d2d350202a4d599685ed8abc25f97596"},"headline":"Tunis: La Mauritanie participe au lancement du 8\u1d49 Forum pour l\u2019investissement et le tourisme en Afrique","datePublished":"2025-05-07T13:11:01+00:00","mainEntityOfPage":{"@id":"https:\/\/lequotidien.mr\/?p=27422&lang=fr"},"wordCount":487,"commentCount":0,"publisher":{"@id":"https:\/\/lequotidien.mr\/#organization"},"image":{"@id":"https:\/\/lequotidien.mr\/?p=27422&lang=fr#primaryimage"},"thumbnailUrl":"https:\/\/lequotidien.mr\/wp-content\/uploads\/2025\/05\/photo-trade-invect-Tunisie.jpg","articleSection":["ACTUALIT\u00c9","Economie"],"inLanguage":"ar","potentialAction":[{"@type":"CommentAction","name":"Comment","target":["https:\/\/lequotidien.mr\/?p=27422&lang=fr#respond"]}]},{"@type":"WebPage","@id":"https:\/\/lequotidien.mr\/?p=27422&lang=fr","url":"https:\/\/lequotidien.mr\/?p=27422&lang=fr","name":"Tunis: La Mauritanie participe au lancement du 8\u1d49 Forum pour l\u2019investissement et le tourisme en Afrique - Le Quotidien de Nouakchott","isPartOf":{"@id":"https:\/\/lequotidien.mr\/#website"},"primaryImageOfPage":{"@id":"https:\/\/lequotidien.mr\/?p=27422&lang=fr#primaryimage"},"image":{"@id":"https:\/\/lequotidien.mr\/?p=27422&lang=fr#primaryimage"},"thumbnailUrl":"https:\/\/lequotidien.mr\/wp-content\/uploads\/2025\/05\/photo-trade-invect-Tunisie.jpg","datePublished":"2025-05-07T13:11:01+00:00","breadcrumb":{"@id":"https:\/\/lequotidien.mr\/?p=27422&lang=fr#breadcrumb"},"inLanguage":"ar","potentialAction":[{"@type":"ReadAction","target":["https:\/\/lequotidien.mr\/?p=27422&lang=fr"]}]},{"@type":"ImageObject","inLanguage":"ar","@id":"https:\/\/lequotidien.mr\/?p=27422&lang=fr#primaryimage","url":"https:\/\/lequotidien.mr\/wp-content\/uploads\/2025\/05\/photo-trade-invect-Tunisie.jpg","contentUrl":"https:\/\/lequotidien.mr\/wp-content\/uploads\/2025\/05\/photo-trade-invect-Tunisie.jpg","width":480,"height":480},{"@type":"BreadcrumbList","@id":"https:\/\/lequotidien.mr\/?p=27422&lang=fr#breadcrumb","itemListElement":[{"@type":"ListItem","position":1,"name":"Home","item":"https:\/\/lequotidien.mr\/"},{"@type":"ListItem","position":2,"name":"Tunis: La Mauritanie participe au lancement du 8\u1d49 Forum pour l\u2019investissement et le tourisme en Afrique"}]},{"@type":"WebSite","@id":"https:\/\/lequotidien.mr\/#website","url":"https:\/\/lequotidien.mr\/","name":"Le Quotidien de Nouakchott","description":"\u0625\u062e\u0628\u0627\u0631\u064a\u0629 \u0645\u0633\u062a\u0642\u0644\u0629 \u0644\u0644\u0623\u0646\u0628\u0627\u0621 \u0627\u0644\u0639\u0627\u0645\u0629","publisher":{"@id":"https:\/\/lequotidien.mr\/#organization"},"potentialAction":[{"@type":"SearchAction","target":{"@type":"EntryPoint","urlTemplate":"https:\/\/lequotidien.mr\/?s={search_term_string}"},"query-input":{"@type":"PropertyValueSpecification","valueRequired":true,"valueName":"search_term_string"}}],"inLanguage":"ar"},{"@type":"Organization","@id":"https:\/\/lequotidien.mr\/#organization","name":"Le Quotidien de Nouakchott","url":"https:\/\/lequotidien.mr\/","logo":{"@type":"ImageObject","inLanguage":"ar","@id":"https:\/\/lequotidien.mr\/#\/schema\/logo\/image\/","url":"https:\/\/lequotidien.mr\/wp-content\/uploads\/2022\/11\/logolequotidien.jpg","contentUrl":"https:\/\/lequotidien.mr\/wp-content\/uploads\/2022\/11\/logolequotidien.jpg","width":290,"height":65,"caption":"Le Quotidien de Nouakchott"},"image":{"@id":"https:\/\/lequotidien.mr\/#\/schema\/logo\/image\/"},"sameAs":["https:\/\/web.facebook.com\/lequotidienmr","https:\/\/x.com\/lequotidienmr"]},{"@type":"Person","@id":"https:\/\/lequotidien.mr\/#\/schema\/person\/d2d350202a4d599685ed8abc25f97596","name":"Med Ahmed","image":{"@type":"ImageObject","inLanguage":"ar","@id":"https:\/\/secure.gravatar.com\/avatar\/fd2acc62ed50732923d1d39c17172c9b04149f142be92310ecc69e1358f94b52?s=96&d=mm&r=g","url":"https:\/\/secure.gravatar.com\/avatar\/fd2acc62ed50732923d1d39c17172c9b04149f142be92310ecc69e1358f94b52?s=96&d=mm&r=g","contentUrl":"https:\/\/secure.gravatar.com\/avatar\/fd2acc62ed50732923d1d39c17172c9b04149f142be92310ecc69e1358f94b52?s=96&d=mm&r=g","caption":"Med Ahmed"},"url":"https:\/\/lequotidien.mr\/?author=12"}]}},"_links":{"self":[{"href":"https:\/\/lequotidien.mr\/index.php?rest_route=\/wp\/v2\/posts\/27422","targetHints":{"allow":["GET"]}}],"collection":[{"href":"https:\/\/lequotidien.mr\/index.php?rest_route=\/wp\/v2\/posts"}],"about":[{"href":"https:\/\/lequotidien.mr\/index.php?rest_route=\/wp\/v2\/types\/post"}],"author":[{"embeddable":true,"href":"https:\/\/lequotidien.mr\/index.php?rest_route=\/wp\/v2\/users\/12"}],"replies":[{"embeddable":true,"href":"https:\/\/lequotidien.mr\/index.php?rest_route=%2Fwp%2Fv2%2Fcomments&post=27422"}],"version-history":[{"count":1,"href":"https:\/\/lequotidien.mr\/index.php?rest_route=\/wp\/v2\/posts\/27422\/revisions"}],"predecessor-version":[{"id":27424,"href":"https:\/\/lequotidien.mr\/index.php?rest_route=\/wp\/v2\/posts\/27422\/revisions\/27424"}],"wp:featuredmedia":[{"embeddable":true,"href":"https:\/\/lequotidien.mr\/index.php?rest_route=\/wp\/v2\/media\/27423"}],"wp:attachment":[{"href":"https:\/\/lequotidien.mr\/index.php?rest_route=%2Fwp%2Fv2%2Fmedia&parent=27422"}],"wp:term":[{"taxonomy":"category","embeddable":true,"href":"https:\/\/lequotidien.mr\/index.php?rest_route=%2Fwp%2Fv2%2Fcategories&post=27422"},{"taxonomy":"post_tag","embeddable":true,"href":"https:\/\/lequotidien.mr\/index.php?rest_route=%2Fwp%2Fv2%2Ftags&post=27422"}],"curies":[{"name":"wp","href":"https:\/\/api.w.org\/{rel}","templated":true}]}}