{"id":27390,"date":"2025-05-06T13:08:16","date_gmt":"2025-05-06T13:08:16","guid":{"rendered":"https:\/\/lequotidien.mr\/?p=27390"},"modified":"2025-05-06T13:08:16","modified_gmt":"2025-05-06T13:08:16","slug":"le-president-el-ghazouani-mobilise-lequipe-de-campagne-pour-la-candidature-mauritanienne-a-la-tete-de-la-bad","status":"publish","type":"post","link":"https:\/\/lequotidien.mr\/?p=27390&lang=fr","title":{"rendered":"Le Pr\u00e9sident El Ghazouani mobilise l\u2019\u00e9quipe de campagne pour la candidature mauritanienne \u00e0 la t\u00eate de la BAD"},"content":{"rendered":"<p>Le Pr\u00e9sident de la R\u00e9publique, M. Mohamed Cheikh El Ghazouani, a pr\u00e9sid\u00e9, ce lundi au Palais pr\u00e9sidentiel de Nouakchott, une r\u00e9union strat\u00e9gique avec les membres de la direction de campagne soutenant la candidature de la Mauritanie \u00e0 la pr\u00e9sidence de la Banque Africaine de D\u00e9veloppement (BAD). L\u2019objectif : coordonner les efforts nationaux pour porter M. Sidi Tah, candidat mauritanien, \u00e0 la t\u00eate de cette institution financi\u00e8re cl\u00e9 pour le d\u00e9veloppement du continent.<\/p>\n<p><strong>Une mobilisation gouvernementale de haut niveau<\/strong><\/p>\n<p>La r\u00e9union a rassembl\u00e9 les principaux acteurs impliqu\u00e9s dans cette campagne d\u2019envergure. Aux c\u00f4t\u00e9s du Pr\u00e9sident Ghazouani figuraient les membres du\u00a0<strong>Haut Comit\u00e9 de Pilotage<\/strong>, dirig\u00e9 par le Premier Ministre, M. Moctar Djay, et compos\u00e9 de figures gouvernementales de premier plan : M. Moulaye Ould Mohamed Laghdhaf, Ministre Secr\u00e9taire G\u00e9n\u00e9ral de la Pr\u00e9sidence ; Mme Aissata Ba Yahiya, Ministre Conseill\u00e8re du Pr\u00e9sident ; M. Mohamed Salem Merzoug, Ministre des Affaires \u00c9trang\u00e8res, de la Coop\u00e9ration Africaine et des Mauritaniens \u00e0 l\u2019Ext\u00e9rieur ; et M. Cheikh Zidane, Directeur de cabinet du Premier ministre.<\/p>\n<p>La\u00a0<strong>Coordination de campagne<\/strong>, pilot\u00e9e par le ministre de l\u2019\u00c9conomie et des Finances, M. Sid\u2019Ahmed Bouh, et son adjointe, Mme Naha Hamdi Mouknass, \u00e9tait \u00e9galement pr\u00e9sente. Parmi ses membres :<\/p>\n<p>Mme Amal Mouloud, Ministre de l\u2019Hydraulique et de l\u2019Assainissement ; et M. Ahmed Bah dit Hmeida, Conseiller pr\u00e9sidentiel ; et Plusieurs hauts cadres et experts, dont Bal Mohamed El Habib, Mohamed Salem Nani, Aichata Lam, et d\u2019autres personnalit\u00e9s influentes.<\/p>\n<p><strong>Une candidature strat\u00e9gique pour l\u2019Afrique<\/strong><\/p>\n<p>Au c\u0153ur des discussions : les\u00a0<strong>derniers d\u00e9veloppements<\/strong>\u00a0de la candidature mauritanienne et les actions \u00e0 intensifier pour convaincre les 81 pays actionnaires de la BAD. Le Pr\u00e9sident Ghazouani a insist\u00e9 sur l\u2019importance de cette position pour renforcer le r\u00f4le de la Mauritanie dans la gouvernance \u00e9conomique continentale et pour impulser des projets de d\u00e9veloppement prioritaires, notamment dans les secteurs de l\u2019agriculture, des infrastructures et de l\u2019\u00e9nergie durable.<\/p>\n<p>\u00ab\u00a0<em>Obtenir la pr\u00e9sidence de la BAD n\u2019est pas seulement une ambition nationale, mais un levier pour acc\u00e9l\u00e9rer l\u2019int\u00e9gration africaine et r\u00e9pondre aux d\u00e9fis communs<\/em>\u00a0\u00bb, a-t-il soulign\u00e9, appelant \u00e0 une\u00a0<strong>synergie totale<\/strong>\u00a0entre les institutions \u00e9tatiques, les diplomates et les experts techniques.<\/p>\n<p><strong>Prochaines \u00e9tapes et alliances r\u00e9gionales<\/strong><\/p>\n<p>Les participants ont pass\u00e9 en revue les d\u00e9marches diplomatiques en cours, notamment les consultations avec les pays membres de la BAD et les partenaires strat\u00e9giques. L\u2019accent a \u00e9t\u00e9 mis sur la n\u00e9cessit\u00e9 de\u00a0<strong>renforcer les alliances r\u00e9gionales<\/strong>, en particulier au sein de l\u2019Union Africaine et de la Communaut\u00e9 des \u00c9tats Sah\u00e9lo-Sahariens (CEN-SAD), pour consolider les soutiens.<\/p>\n<p>M. Sidi Tah, \u00e9conomiste exp\u00e9riment\u00e9 et ancien haut responsable financier, b\u00e9n\u00e9ficie d\u00e9j\u00e0 d\u2019un r\u00e9seau solide sur le continent. Sa campagne met en avant son expertise dans la mobilisation de fonds internationaux et sa vision pour une BAD \u00ab <em>plus inclusive et tourn\u00e9e vers les priorit\u00e9s des \u00c9tats fragiles<\/em>\u00bb.<\/p>\n<p>Cette candidature intervient dans un contexte de comp\u00e9tition f\u00e9roce, avec plusieurs pays africains susceptibles de pr\u00e9senter des candidats. La Mauritanie mise sur son\u00a0<strong>stabilit\u00e9 politique r\u00e9cente<\/strong>\u00a0et ses engagements en faveur de la coop\u00e9ration Sud-Sud pour se d\u00e9marquer.<\/p>\n<p>La r\u00e9union s\u2019est conclue par la validation d\u2019un plan d\u2019action renforc\u00e9, incluant des missions de plaidoyer dans les capitales africaines et aupr\u00e8s des institutions financi\u00e8res internationales.<\/p>\n<p>&nbsp;<\/p>\n","protected":false},"excerpt":{"rendered":"<p>Le Pr\u00e9sident de la R\u00e9publique, M. Mohamed Cheikh El Ghazouani, a pr\u00e9sid\u00e9, ce lundi au Palais pr\u00e9sidentiel de Nouakchott, une r\u00e9union strat\u00e9gique avec les membres de la direction de campagne soutenant la candidature de la Mauritanie \u00e0 la pr\u00e9sidence de la Banque Africaine de D\u00e9veloppement (BAD). L\u2019objectif : coordonner les efforts nationaux pour porter M&#8230;&#8230;<\/p>\n","protected":false},"author":12,"featured_media":27391,"comment_status":"open","ping_status":"open","sticky":false,"template":"","format":"standard","meta":{"footnotes":""},"categories":[23,49],"tags":[],"class_list":["post-27390","post","type-post","status-publish","format-standard","has-post-thumbnail","hentry","category-actualite","category-economie"],"yoast_head":"<!-- This site is optimized with the Yoast SEO plugin v27.5 - https:\/\/yoast.com\/product\/yoast-seo-wordpress\/ -->\n<title>Le Pr\u00e9sident El Ghazouani mobilise l\u2019\u00e9quipe de campagne pour la candidature mauritanienne \u00e0 la t\u00eate de la BAD - Le Quotidien de Nouakchott<\/title>\n<meta name=\"robots\" content=\"index, follow, max-snippet:-1, max-image-preview:large, max-video-preview:-1\" \/>\n<link rel=\"canonical\" href=\"https:\/\/lequotidien.mr\/?p=27390&lang=fr\" \/>\n<meta property=\"og:locale\" content=\"ar_AR\" \/>\n<meta property=\"og:type\" content=\"article\" \/>\n<meta property=\"og:title\" content=\"Le Pr\u00e9sident El Ghazouani mobilise l\u2019\u00e9quipe de campagne pour la candidature mauritanienne \u00e0 la t\u00eate de la BAD - Le Quotidien de Nouakchott\" \/>\n<meta property=\"og:description\" content=\"Le Pr\u00e9sident de la R\u00e9publique, M. Mohamed Cheikh El Ghazouani, a pr\u00e9sid\u00e9, ce lundi au Palais pr\u00e9sidentiel de Nouakchott, une r\u00e9union strat\u00e9gique avec les membres de la direction de campagne soutenant la candidature de la Mauritanie \u00e0 la pr\u00e9sidence de la Banque Africaine de D\u00e9veloppement (BAD). L\u2019objectif : coordonner les efforts nationaux pour porter M......\" \/>\n<meta property=\"og:url\" content=\"https:\/\/lequotidien.mr\/?p=27390&amp;lang=fr\" \/>\n<meta property=\"og:site_name\" content=\"Le Quotidien de Nouakchott\" \/>\n<meta property=\"article:publisher\" content=\"https:\/\/web.facebook.com\/lequotidienmr\" \/>\n<meta property=\"article:published_time\" content=\"2025-05-06T13:08:16+00:00\" \/>\n<meta property=\"og:image\" content=\"https:\/\/lequotidien.mr\/wp-content\/uploads\/2025\/05\/photo-Pdt-camp-BAD.jpg\" \/>\n\t<meta property=\"og:image:width\" content=\"640\" \/>\n\t<meta property=\"og:image:height\" content=\"367\" \/>\n\t<meta property=\"og:image:type\" content=\"image\/jpeg\" \/>\n<meta name=\"author\" content=\"Med Ahmed\" \/>\n<meta name=\"twitter:card\" content=\"summary_large_image\" \/>\n<meta name=\"twitter:creator\" content=\"@lequotidienmr\" \/>\n<meta name=\"twitter:site\" content=\"@lequotidienmr\" \/>\n<meta name=\"twitter:label1\" content=\"\u0643\u064f\u062a\u0628 \u0628\u0648\u0627\u0633\u0637\u0629\" \/>\n\t<meta name=\"twitter:data1\" content=\"Med Ahmed\" \/>\n\t<meta name=\"twitter:label2\" content=\"\u0648\u0642\u062a \u0627\u0644\u0642\u0631\u0627\u0621\u0629 \u0627\u0644\u0645\u064f\u0642\u062f\u0651\u0631\" \/>\n\t<meta name=\"twitter:data2\" content=\"3 \u062f\u0642\u0627\u0626\u0642\" \/>\n<script type=\"application\/ld+json\" class=\"yoast-schema-graph\">{\"@context\":\"https:\\\/\\\/schema.org\",\"@graph\":[{\"@type\":\"Article\",\"@id\":\"https:\\\/\\\/lequotidien.mr\\\/?p=27390&lang=fr#article\",\"isPartOf\":{\"@id\":\"https:\\\/\\\/lequotidien.mr\\\/?p=27390&lang=fr\"},\"author\":{\"name\":\"Med Ahmed\",\"@id\":\"https:\\\/\\\/lequotidien.mr\\\/#\\\/schema\\\/person\\\/d2d350202a4d599685ed8abc25f97596\"},\"headline\":\"Le Pr\u00e9sident El Ghazouani mobilise l\u2019\u00e9quipe de campagne pour la candidature mauritanienne \u00e0 la t\u00eate de la BAD\",\"datePublished\":\"2025-05-06T13:08:16+00:00\",\"mainEntityOfPage\":{\"@id\":\"https:\\\/\\\/lequotidien.mr\\\/?p=27390&lang=fr\"},\"wordCount\":613,\"commentCount\":0,\"publisher\":{\"@id\":\"https:\\\/\\\/lequotidien.mr\\\/#organization\"},\"image\":{\"@id\":\"https:\\\/\\\/lequotidien.mr\\\/?p=27390&lang=fr#primaryimage\"},\"thumbnailUrl\":\"https:\\\/\\\/lequotidien.mr\\\/wp-content\\\/uploads\\\/2025\\\/05\\\/photo-Pdt-camp-BAD.jpg\",\"articleSection\":[\"ACTUALIT\u00c9\",\"Economie\"],\"inLanguage\":\"ar\",\"potentialAction\":[{\"@type\":\"CommentAction\",\"name\":\"Comment\",\"target\":[\"https:\\\/\\\/lequotidien.mr\\\/?p=27390&lang=fr#respond\"]}]},{\"@type\":\"WebPage\",\"@id\":\"https:\\\/\\\/lequotidien.mr\\\/?p=27390&lang=fr\",\"url\":\"https:\\\/\\\/lequotidien.mr\\\/?p=27390&lang=fr\",\"name\":\"Le Pr\u00e9sident El Ghazouani mobilise l\u2019\u00e9quipe de campagne pour la candidature mauritanienne \u00e0 la t\u00eate de la BAD - Le Quotidien de Nouakchott\",\"isPartOf\":{\"@id\":\"https:\\\/\\\/lequotidien.mr\\\/#website\"},\"primaryImageOfPage\":{\"@id\":\"https:\\\/\\\/lequotidien.mr\\\/?p=27390&lang=fr#primaryimage\"},\"image\":{\"@id\":\"https:\\\/\\\/lequotidien.mr\\\/?p=27390&lang=fr#primaryimage\"},\"thumbnailUrl\":\"https:\\\/\\\/lequotidien.mr\\\/wp-content\\\/uploads\\\/2025\\\/05\\\/photo-Pdt-camp-BAD.jpg\",\"datePublished\":\"2025-05-06T13:08:16+00:00\",\"breadcrumb\":{\"@id\":\"https:\\\/\\\/lequotidien.mr\\\/?p=27390&lang=fr#breadcrumb\"},\"inLanguage\":\"ar\",\"potentialAction\":[{\"@type\":\"ReadAction\",\"target\":[\"https:\\\/\\\/lequotidien.mr\\\/?p=27390&lang=fr\"]}]},{\"@type\":\"ImageObject\",\"inLanguage\":\"ar\",\"@id\":\"https:\\\/\\\/lequotidien.mr\\\/?p=27390&lang=fr#primaryimage\",\"url\":\"https:\\\/\\\/lequotidien.mr\\\/wp-content\\\/uploads\\\/2025\\\/05\\\/photo-Pdt-camp-BAD.jpg\",\"contentUrl\":\"https:\\\/\\\/lequotidien.mr\\\/wp-content\\\/uploads\\\/2025\\\/05\\\/photo-Pdt-camp-BAD.jpg\",\"width\":640,\"height\":367},{\"@type\":\"BreadcrumbList\",\"@id\":\"https:\\\/\\\/lequotidien.mr\\\/?p=27390&lang=fr#breadcrumb\",\"itemListElement\":[{\"@type\":\"ListItem\",\"position\":1,\"name\":\"Home\",\"item\":\"https:\\\/\\\/lequotidien.mr\\\/\"},{\"@type\":\"ListItem\",\"position\":2,\"name\":\"Le Pr\u00e9sident El Ghazouani mobilise l\u2019\u00e9quipe de campagne pour la candidature mauritanienne \u00e0 la t\u00eate de la BAD\"}]},{\"@type\":\"WebSite\",\"@id\":\"https:\\\/\\\/lequotidien.mr\\\/#website\",\"url\":\"https:\\\/\\\/lequotidien.mr\\\/\",\"name\":\"Le Quotidien de Nouakchott\",\"description\":\"\u0625\u062e\u0628\u0627\u0631\u064a\u0629 \u0645\u0633\u062a\u0642\u0644\u0629 \u0644\u0644\u0623\u0646\u0628\u0627\u0621 \u0627\u0644\u0639\u0627\u0645\u0629\",\"publisher\":{\"@id\":\"https:\\\/\\\/lequotidien.mr\\\/#organization\"},\"potentialAction\":[{\"@type\":\"SearchAction\",\"target\":{\"@type\":\"EntryPoint\",\"urlTemplate\":\"https:\\\/\\\/lequotidien.mr\\\/?s={search_term_string}\"},\"query-input\":{\"@type\":\"PropertyValueSpecification\",\"valueRequired\":true,\"valueName\":\"search_term_string\"}}],\"inLanguage\":\"ar\"},{\"@type\":\"Organization\",\"@id\":\"https:\\\/\\\/lequotidien.mr\\\/#organization\",\"name\":\"Le Quotidien de Nouakchott\",\"url\":\"https:\\\/\\\/lequotidien.mr\\\/\",\"logo\":{\"@type\":\"ImageObject\",\"inLanguage\":\"ar\",\"@id\":\"https:\\\/\\\/lequotidien.mr\\\/#\\\/schema\\\/logo\\\/image\\\/\",\"url\":\"https:\\\/\\\/lequotidien.mr\\\/wp-content\\\/uploads\\\/2022\\\/11\\\/logolequotidien.jpg\",\"contentUrl\":\"https:\\\/\\\/lequotidien.mr\\\/wp-content\\\/uploads\\\/2022\\\/11\\\/logolequotidien.jpg\",\"width\":290,\"height\":65,\"caption\":\"Le Quotidien de Nouakchott\"},\"image\":{\"@id\":\"https:\\\/\\\/lequotidien.mr\\\/#\\\/schema\\\/logo\\\/image\\\/\"},\"sameAs\":[\"https:\\\/\\\/web.facebook.com\\\/lequotidienmr\",\"https:\\\/\\\/x.com\\\/lequotidienmr\"]},{\"@type\":\"Person\",\"@id\":\"https:\\\/\\\/lequotidien.mr\\\/#\\\/schema\\\/person\\\/d2d350202a4d599685ed8abc25f97596\",\"name\":\"Med Ahmed\",\"image\":{\"@type\":\"ImageObject\",\"inLanguage\":\"ar\",\"@id\":\"https:\\\/\\\/secure.gravatar.com\\\/avatar\\\/fd2acc62ed50732923d1d39c17172c9b04149f142be92310ecc69e1358f94b52?s=96&d=mm&r=g\",\"url\":\"https:\\\/\\\/secure.gravatar.com\\\/avatar\\\/fd2acc62ed50732923d1d39c17172c9b04149f142be92310ecc69e1358f94b52?s=96&d=mm&r=g\",\"contentUrl\":\"https:\\\/\\\/secure.gravatar.com\\\/avatar\\\/fd2acc62ed50732923d1d39c17172c9b04149f142be92310ecc69e1358f94b52?s=96&d=mm&r=g\",\"caption\":\"Med Ahmed\"},\"url\":\"https:\\\/\\\/lequotidien.mr\\\/?author=12\"}]}<\/script>\n<!-- \/ Yoast SEO plugin. -->","yoast_head_json":{"title":"Le Pr\u00e9sident El Ghazouani mobilise l\u2019\u00e9quipe de campagne pour la candidature mauritanienne \u00e0 la t\u00eate de la BAD - Le Quotidien de Nouakchott","robots":{"index":"index","follow":"follow","max-snippet":"max-snippet:-1","max-image-preview":"max-image-preview:large","max-video-preview":"max-video-preview:-1"},"canonical":"https:\/\/lequotidien.mr\/?p=27390&lang=fr","og_locale":"ar_AR","og_type":"article","og_title":"Le Pr\u00e9sident El Ghazouani mobilise l\u2019\u00e9quipe de campagne pour la candidature mauritanienne \u00e0 la t\u00eate de la BAD - Le Quotidien de Nouakchott","og_description":"Le Pr\u00e9sident de la R\u00e9publique, M. Mohamed Cheikh El Ghazouani, a pr\u00e9sid\u00e9, ce lundi au Palais pr\u00e9sidentiel de Nouakchott, une r\u00e9union strat\u00e9gique avec les membres de la direction de campagne soutenant la candidature de la Mauritanie \u00e0 la pr\u00e9sidence de la Banque Africaine de D\u00e9veloppement (BAD). L\u2019objectif : coordonner les efforts nationaux pour porter M......","og_url":"https:\/\/lequotidien.mr\/?p=27390&lang=fr","og_site_name":"Le Quotidien de Nouakchott","article_publisher":"https:\/\/web.facebook.com\/lequotidienmr","article_published_time":"2025-05-06T13:08:16+00:00","og_image":[{"width":640,"height":367,"url":"https:\/\/lequotidien.mr\/wp-content\/uploads\/2025\/05\/photo-Pdt-camp-BAD.jpg","type":"image\/jpeg"}],"author":"Med Ahmed","twitter_card":"summary_large_image","twitter_creator":"@lequotidienmr","twitter_site":"@lequotidienmr","twitter_misc":{"\u0643\u064f\u062a\u0628 \u0628\u0648\u0627\u0633\u0637\u0629":"Med Ahmed","\u0648\u0642\u062a \u0627\u0644\u0642\u0631\u0627\u0621\u0629 \u0627\u0644\u0645\u064f\u0642\u062f\u0651\u0631":"3 \u062f\u0642\u0627\u0626\u0642"},"schema":{"@context":"https:\/\/schema.org","@graph":[{"@type":"Article","@id":"https:\/\/lequotidien.mr\/?p=27390&lang=fr#article","isPartOf":{"@id":"https:\/\/lequotidien.mr\/?p=27390&lang=fr"},"author":{"name":"Med Ahmed","@id":"https:\/\/lequotidien.mr\/#\/schema\/person\/d2d350202a4d599685ed8abc25f97596"},"headline":"Le Pr\u00e9sident El Ghazouani mobilise l\u2019\u00e9quipe de campagne pour la candidature mauritanienne \u00e0 la t\u00eate de la BAD","datePublished":"2025-05-06T13:08:16+00:00","mainEntityOfPage":{"@id":"https:\/\/lequotidien.mr\/?p=27390&lang=fr"},"wordCount":613,"commentCount":0,"publisher":{"@id":"https:\/\/lequotidien.mr\/#organization"},"image":{"@id":"https:\/\/lequotidien.mr\/?p=27390&lang=fr#primaryimage"},"thumbnailUrl":"https:\/\/lequotidien.mr\/wp-content\/uploads\/2025\/05\/photo-Pdt-camp-BAD.jpg","articleSection":["ACTUALIT\u00c9","Economie"],"inLanguage":"ar","potentialAction":[{"@type":"CommentAction","name":"Comment","target":["https:\/\/lequotidien.mr\/?p=27390&lang=fr#respond"]}]},{"@type":"WebPage","@id":"https:\/\/lequotidien.mr\/?p=27390&lang=fr","url":"https:\/\/lequotidien.mr\/?p=27390&lang=fr","name":"Le Pr\u00e9sident El Ghazouani mobilise l\u2019\u00e9quipe de campagne pour la candidature mauritanienne \u00e0 la t\u00eate de la BAD - Le Quotidien de Nouakchott","isPartOf":{"@id":"https:\/\/lequotidien.mr\/#website"},"primaryImageOfPage":{"@id":"https:\/\/lequotidien.mr\/?p=27390&lang=fr#primaryimage"},"image":{"@id":"https:\/\/lequotidien.mr\/?p=27390&lang=fr#primaryimage"},"thumbnailUrl":"https:\/\/lequotidien.mr\/wp-content\/uploads\/2025\/05\/photo-Pdt-camp-BAD.jpg","datePublished":"2025-05-06T13:08:16+00:00","breadcrumb":{"@id":"https:\/\/lequotidien.mr\/?p=27390&lang=fr#breadcrumb"},"inLanguage":"ar","potentialAction":[{"@type":"ReadAction","target":["https:\/\/lequotidien.mr\/?p=27390&lang=fr"]}]},{"@type":"ImageObject","inLanguage":"ar","@id":"https:\/\/lequotidien.mr\/?p=27390&lang=fr#primaryimage","url":"https:\/\/lequotidien.mr\/wp-content\/uploads\/2025\/05\/photo-Pdt-camp-BAD.jpg","contentUrl":"https:\/\/lequotidien.mr\/wp-content\/uploads\/2025\/05\/photo-Pdt-camp-BAD.jpg","width":640,"height":367},{"@type":"BreadcrumbList","@id":"https:\/\/lequotidien.mr\/?p=27390&lang=fr#breadcrumb","itemListElement":[{"@type":"ListItem","position":1,"name":"Home","item":"https:\/\/lequotidien.mr\/"},{"@type":"ListItem","position":2,"name":"Le Pr\u00e9sident El Ghazouani mobilise l\u2019\u00e9quipe de campagne pour la candidature mauritanienne \u00e0 la t\u00eate de la BAD"}]},{"@type":"WebSite","@id":"https:\/\/lequotidien.mr\/#website","url":"https:\/\/lequotidien.mr\/","name":"Le Quotidien de Nouakchott","description":"\u0625\u062e\u0628\u0627\u0631\u064a\u0629 \u0645\u0633\u062a\u0642\u0644\u0629 \u0644\u0644\u0623\u0646\u0628\u0627\u0621 \u0627\u0644\u0639\u0627\u0645\u0629","publisher":{"@id":"https:\/\/lequotidien.mr\/#organization"},"potentialAction":[{"@type":"SearchAction","target":{"@type":"EntryPoint","urlTemplate":"https:\/\/lequotidien.mr\/?s={search_term_string}"},"query-input":{"@type":"PropertyValueSpecification","valueRequired":true,"valueName":"search_term_string"}}],"inLanguage":"ar"},{"@type":"Organization","@id":"https:\/\/lequotidien.mr\/#organization","name":"Le Quotidien de Nouakchott","url":"https:\/\/lequotidien.mr\/","logo":{"@type":"ImageObject","inLanguage":"ar","@id":"https:\/\/lequotidien.mr\/#\/schema\/logo\/image\/","url":"https:\/\/lequotidien.mr\/wp-content\/uploads\/2022\/11\/logolequotidien.jpg","contentUrl":"https:\/\/lequotidien.mr\/wp-content\/uploads\/2022\/11\/logolequotidien.jpg","width":290,"height":65,"caption":"Le Quotidien de Nouakchott"},"image":{"@id":"https:\/\/lequotidien.mr\/#\/schema\/logo\/image\/"},"sameAs":["https:\/\/web.facebook.com\/lequotidienmr","https:\/\/x.com\/lequotidienmr"]},{"@type":"Person","@id":"https:\/\/lequotidien.mr\/#\/schema\/person\/d2d350202a4d599685ed8abc25f97596","name":"Med Ahmed","image":{"@type":"ImageObject","inLanguage":"ar","@id":"https:\/\/secure.gravatar.com\/avatar\/fd2acc62ed50732923d1d39c17172c9b04149f142be92310ecc69e1358f94b52?s=96&d=mm&r=g","url":"https:\/\/secure.gravatar.com\/avatar\/fd2acc62ed50732923d1d39c17172c9b04149f142be92310ecc69e1358f94b52?s=96&d=mm&r=g","contentUrl":"https:\/\/secure.gravatar.com\/avatar\/fd2acc62ed50732923d1d39c17172c9b04149f142be92310ecc69e1358f94b52?s=96&d=mm&r=g","caption":"Med Ahmed"},"url":"https:\/\/lequotidien.mr\/?author=12"}]}},"_links":{"self":[{"href":"https:\/\/lequotidien.mr\/index.php?rest_route=\/wp\/v2\/posts\/27390","targetHints":{"allow":["GET"]}}],"collection":[{"href":"https:\/\/lequotidien.mr\/index.php?rest_route=\/wp\/v2\/posts"}],"about":[{"href":"https:\/\/lequotidien.mr\/index.php?rest_route=\/wp\/v2\/types\/post"}],"author":[{"embeddable":true,"href":"https:\/\/lequotidien.mr\/index.php?rest_route=\/wp\/v2\/users\/12"}],"replies":[{"embeddable":true,"href":"https:\/\/lequotidien.mr\/index.php?rest_route=%2Fwp%2Fv2%2Fcomments&post=27390"}],"version-history":[{"count":1,"href":"https:\/\/lequotidien.mr\/index.php?rest_route=\/wp\/v2\/posts\/27390\/revisions"}],"predecessor-version":[{"id":27392,"href":"https:\/\/lequotidien.mr\/index.php?rest_route=\/wp\/v2\/posts\/27390\/revisions\/27392"}],"wp:featuredmedia":[{"embeddable":true,"href":"https:\/\/lequotidien.mr\/index.php?rest_route=\/wp\/v2\/media\/27391"}],"wp:attachment":[{"href":"https:\/\/lequotidien.mr\/index.php?rest_route=%2Fwp%2Fv2%2Fmedia&parent=27390"}],"wp:term":[{"taxonomy":"category","embeddable":true,"href":"https:\/\/lequotidien.mr\/index.php?rest_route=%2Fwp%2Fv2%2Fcategories&post=27390"},{"taxonomy":"post_tag","embeddable":true,"href":"https:\/\/lequotidien.mr\/index.php?rest_route=%2Fwp%2Fv2%2Ftags&post=27390"}],"curies":[{"name":"wp","href":"https:\/\/api.w.org\/{rel}","templated":true}]}}