{"id":27184,"date":"2025-04-29T14:42:00","date_gmt":"2025-04-29T14:42:00","guid":{"rendered":"https:\/\/lequotidien.mr\/?p=27184"},"modified":"2025-04-29T14:42:00","modified_gmt":"2025-04-29T14:42:00","slug":"le-president-el-ghazouani-lance-la-construction-dune-centrale-dual-fuel-gaz-de-60-mw-a-nouakchott","status":"publish","type":"post","link":"https:\/\/lequotidien.mr\/?p=27184&lang=fr","title":{"rendered":"Le Pr\u00e9sident El Ghazouani lance la construction d\u2019une centrale dual fuel-gaz de 60 MW \u00e0 Nouakchott"},"content":{"rendered":"<p>Le Pr\u00e9sident de la R\u00e9publique, M. Mohamed Cheikh El Ghazouani, a proc\u00e9d\u00e9 ce lundi \u00e0 Nouakchott \u00e0 la pose de la premi\u00e8re pierre d\u2019une centrale \u00e9lectrique dual fuel-gaz d\u2019une capacit\u00e9 de 60 m\u00e9gawatts (MW). Financ\u00e9 int\u00e9gralement par l\u2019\u00c9tat mauritanien \u00e0 hauteur de 81,85 millions de dollars (environ 32 milliards d\u2019ouguiyas), ce projet structurant doit \u00eatre r\u00e9alis\u00e9 en 15 mois. Il s\u2019inscrit dans une strat\u00e9gie nationale visant \u00e0 renforcer la souverainet\u00e9 \u00e9nerg\u00e9tique et \u00e0 r\u00e9pondre \u00e0 une demande croissante en \u00e9lectricit\u00e9.<\/p>\n<p><strong>Une r\u00e9ponse \u00e0 la demande croissante et aux d\u00e9fis \u00e9nerg\u00e9tiques<\/strong><\/p>\n<p>Lors de la c\u00e9r\u00e9monie, le ministre de l\u2019\u00c9nergie et du P\u00e9trole, M. Mohamed Mohamed Malainine Khaled, a soulign\u00e9 que cette centrale permettra d\u2019augmenter la production nationale de 180 \u00e0 240 MW. \u00ab La Mauritanie ambitionne de doubler sa capacit\u00e9 de production d\u2019ici 2028, en surmontant les d\u00e9fis li\u00e9s \u00e0 la production et \u00e0 la distribution \u00bb, a-t-il d\u00e9clar\u00e9. Il a rappel\u00e9 que ce projet s\u2019aligne sur les directives pr\u00e9sidentielles pour garantir un acc\u00e8s \u00e9quitable et durable \u00e0 l\u2019\u00e9nergie, pilier du d\u00e9veloppement \u00e9conomique et social.<\/p>\n<p><strong>Sp\u00e9cifications techniques et innovations<\/strong><\/p>\n<p>La centrale sera \u00e9quip\u00e9e de 4 groupes \u00e9lectrog\u00e8nes d\u2019une puissance unitaire de 18,5 MW, de 4 alternateurs de 11 000 Volts et de transformateurs \u00e9l\u00e9vateurs 11\/33 kV d\u2019une puissance de 25 MVA. Un poste d\u2019\u00e9vacuation d\u2019\u00e9nergie de 33 kV, dot\u00e9 de 5 d\u00e9parts vers Nouakchott, compl\u00e9tera l\u2019infrastructure. Par ailleurs, le ministre a r\u00e9v\u00e9l\u00e9 que des experts mauritaniens ont con\u00e7u un syst\u00e8me de stockage par batteries pour int\u00e9grer les \u00e9nergies renouvelables, avec une collaboration public-priv\u00e9. Le contrat de construction sera sign\u00e9 dans deux mois, pour une dur\u00e9e de 12 mois.<\/p>\n<p>Outre cette centrale, M. Khaled a annonc\u00e9 plusieurs projets structurants :<\/p>\n<p><strong>-Extension de l\u2019\u00e9olien<\/strong>\u00a0: La capacit\u00e9 de la centrale \u00e9olienne de Boulenoir passera de 20 \u00e0 100 MW\u00a0;<\/p>\n<p><strong>-Centrales au gaz<\/strong>\u00a0: Une centrale de 230 MW \u00e0 N\u2019Diago, aliment\u00e9e par le gaz du champ Ahmeyim, verra son appel d\u2019offres lanc\u00e9 fin du mois prochain. Une seconde, \u00e0 Nouakchott, utilisera le gaz du champ Panda pour produire 300 MW, destin\u00e9s \u00e0 la Somelec et aux entreprises mini\u00e8res du nord.<\/p>\n<p><strong>Modernisation des r\u00e9seaux et inclusion sociale<\/strong><\/p>\n<p>\u00c0 Nouakchott, un programme de 18 milliards MRU est en cours pour moderniser le r\u00e9seau \u00e9lectrique, installer 40 nouveaux points de distribution et \u00e9tendre l\u2019\u00e9clairage public. Un c\u00e2ble reliera la capitale \u00e0 Idini, renfor\u00e7ant l\u2019interconnexion. Au niveau national, un budget de 40 milliards MRU est d\u00e9di\u00e9 \u00e0 l\u2019\u00e9lectrification des villes et villages, dans le cadre d\u2019un programme prioritaire pour l\u2019acc\u00e8s universel aux services essentiels.<\/p>\n<p>Le vice-pr\u00e9sident de la R\u00e9gion de Nouakchott, M. Idoumou Abeid Allah, a salu\u00e9 un projet \u00ab fondateur d\u2019un avenir prosp\u00e8re \u00bb, soulignant l\u2019installation de 800 lampadaires solaires dans les quartiers p\u00e9riph\u00e9riques et la distribution de kits solaires aux coop\u00e9ratives f\u00e9minines et m\u00e9nages non raccord\u00e9s. De son c\u00f4t\u00e9, le maire de Tevragh-Zeina, M. Taleb Mahjoub, a \u00e9voqu\u00e9 des projets de passerelles pi\u00e9tonnes pour d\u00e9sengorger les axes commerciaux, s\u2019inscrivant dans le programme pr\u00e9sidentiel \u00ab Mon ambition pour la patrie \u00bb.<\/p>\n<p><strong>Une c\u00e9r\u00e9monie sous le signe de la coop\u00e9ration<\/strong><\/p>\n<p>La c\u00e9r\u00e9monie s\u2019est d\u00e9roul\u00e9e en pr\u00e9sence du Premier ministre Moctar Djay, du pr\u00e9sident de l\u2019Assembl\u00e9e nationale, de membres du gouvernement, du corps diplomatique et des partenaires techniques et financiers. Une exposition en marge a mis en lumi\u00e8re les avanc\u00e9es du pays dans les \u00e9nergies propres, confirmant la Mauritanie comme un acteur \u00e9mergent dans la transition \u00e9nerg\u00e9tique r\u00e9gionale.<\/p>\n<p>Avec ce projet, le gouvernement concr\u00e9tise sa vision d\u2019une Mauritanie r\u00e9siliente, capable de r\u00e9pondre aux besoins de sa population tout en s\u2019appuyant sur des ressources locales. Un pas de plus vers l\u2019autosuffisance, dans un contexte o\u00f9 l\u2019\u00e9nergie reste le moteur d\u2019une croissance inclusive et durable.<\/p>\n","protected":false},"excerpt":{"rendered":"<p>Le Pr\u00e9sident de la R\u00e9publique, M. Mohamed Cheikh El Ghazouani, a proc\u00e9d\u00e9 ce lundi \u00e0 Nouakchott \u00e0 la pose de la premi\u00e8re pierre d\u2019une centrale \u00e9lectrique dual fuel-gaz d\u2019une capacit\u00e9 de 60 m\u00e9gawatts (MW). Financ\u00e9 int\u00e9gralement par l\u2019\u00c9tat mauritanien \u00e0 hauteur de 81,85 millions de dollars (environ 32 milliards d\u2019ouguiyas), ce projet structurant doit \u00eatre&#8230;..<\/p>\n","protected":false},"author":12,"featured_media":27185,"comment_status":"open","ping_status":"open","sticky":false,"template":"","format":"standard","meta":{"footnotes":""},"categories":[23,49],"tags":[],"class_list":["post-27184","post","type-post","status-publish","format-standard","has-post-thumbnail","hentry","category-actualite","category-economie"],"yoast_head":"<!-- This site is optimized with the Yoast SEO plugin v27.5 - https:\/\/yoast.com\/product\/yoast-seo-wordpress\/ -->\n<title>Le Pr\u00e9sident El Ghazouani lance la construction d\u2019une centrale dual fuel-gaz de 60 MW \u00e0 Nouakchott - Le Quotidien de Nouakchott<\/title>\n<meta name=\"robots\" content=\"index, follow, max-snippet:-1, max-image-preview:large, max-video-preview:-1\" \/>\n<link rel=\"canonical\" href=\"https:\/\/lequotidien.mr\/?p=27184&lang=fr\" \/>\n<meta property=\"og:locale\" content=\"ar_AR\" \/>\n<meta property=\"og:type\" content=\"article\" \/>\n<meta property=\"og:title\" content=\"Le Pr\u00e9sident El Ghazouani lance la construction d\u2019une centrale dual fuel-gaz de 60 MW \u00e0 Nouakchott - Le Quotidien de Nouakchott\" \/>\n<meta property=\"og:description\" content=\"Le Pr\u00e9sident de la R\u00e9publique, M. Mohamed Cheikh El Ghazouani, a proc\u00e9d\u00e9 ce lundi \u00e0 Nouakchott \u00e0 la pose de la premi\u00e8re pierre d\u2019une centrale \u00e9lectrique dual fuel-gaz d\u2019une capacit\u00e9 de 60 m\u00e9gawatts (MW). Financ\u00e9 int\u00e9gralement par l\u2019\u00c9tat mauritanien \u00e0 hauteur de 81,85 millions de dollars (environ 32 milliards d\u2019ouguiyas), ce projet structurant doit \u00eatre.....\" \/>\n<meta property=\"og:url\" content=\"https:\/\/lequotidien.mr\/?p=27184&amp;lang=fr\" \/>\n<meta property=\"og:site_name\" content=\"Le Quotidien de Nouakchott\" \/>\n<meta property=\"article:publisher\" content=\"https:\/\/web.facebook.com\/lequotidienmr\" \/>\n<meta property=\"article:published_time\" content=\"2025-04-29T14:42:00+00:00\" \/>\n<meta property=\"og:image\" content=\"https:\/\/lequotidien.mr\/wp-content\/uploads\/2025\/04\/photo-centrale-fuel-gaz.jpg\" \/>\n\t<meta property=\"og:image:width\" content=\"750\" \/>\n\t<meta property=\"og:image:height\" content=\"430\" \/>\n\t<meta property=\"og:image:type\" content=\"image\/jpeg\" \/>\n<meta name=\"author\" content=\"Med Ahmed\" \/>\n<meta name=\"twitter:card\" content=\"summary_large_image\" \/>\n<meta name=\"twitter:creator\" content=\"@lequotidienmr\" \/>\n<meta name=\"twitter:site\" content=\"@lequotidienmr\" \/>\n<meta name=\"twitter:label1\" content=\"\u0643\u064f\u062a\u0628 \u0628\u0648\u0627\u0633\u0637\u0629\" \/>\n\t<meta name=\"twitter:data1\" content=\"Med Ahmed\" \/>\n\t<meta name=\"twitter:label2\" content=\"\u0648\u0642\u062a \u0627\u0644\u0642\u0631\u0627\u0621\u0629 \u0627\u0644\u0645\u064f\u0642\u062f\u0651\u0631\" \/>\n\t<meta name=\"twitter:data2\" content=\"3 \u062f\u0642\u0627\u0626\u0642\" \/>\n<script type=\"application\/ld+json\" class=\"yoast-schema-graph\">{\"@context\":\"https:\\\/\\\/schema.org\",\"@graph\":[{\"@type\":\"Article\",\"@id\":\"https:\\\/\\\/lequotidien.mr\\\/?p=27184&lang=fr#article\",\"isPartOf\":{\"@id\":\"https:\\\/\\\/lequotidien.mr\\\/?p=27184&lang=fr\"},\"author\":{\"name\":\"Med Ahmed\",\"@id\":\"https:\\\/\\\/lequotidien.mr\\\/#\\\/schema\\\/person\\\/d2d350202a4d599685ed8abc25f97596\"},\"headline\":\"Le Pr\u00e9sident El Ghazouani lance la construction d\u2019une centrale dual fuel-gaz de 60 MW \u00e0 Nouakchott\",\"datePublished\":\"2025-04-29T14:42:00+00:00\",\"mainEntityOfPage\":{\"@id\":\"https:\\\/\\\/lequotidien.mr\\\/?p=27184&lang=fr\"},\"wordCount\":675,\"commentCount\":0,\"publisher\":{\"@id\":\"https:\\\/\\\/lequotidien.mr\\\/#organization\"},\"image\":{\"@id\":\"https:\\\/\\\/lequotidien.mr\\\/?p=27184&lang=fr#primaryimage\"},\"thumbnailUrl\":\"https:\\\/\\\/lequotidien.mr\\\/wp-content\\\/uploads\\\/2025\\\/04\\\/photo-centrale-fuel-gaz.jpg\",\"articleSection\":[\"ACTUALIT\u00c9\",\"Economie\"],\"inLanguage\":\"ar\",\"potentialAction\":[{\"@type\":\"CommentAction\",\"name\":\"Comment\",\"target\":[\"https:\\\/\\\/lequotidien.mr\\\/?p=27184&lang=fr#respond\"]}]},{\"@type\":\"WebPage\",\"@id\":\"https:\\\/\\\/lequotidien.mr\\\/?p=27184&lang=fr\",\"url\":\"https:\\\/\\\/lequotidien.mr\\\/?p=27184&lang=fr\",\"name\":\"Le Pr\u00e9sident El Ghazouani lance la construction d\u2019une centrale dual fuel-gaz de 60 MW \u00e0 Nouakchott - Le Quotidien de Nouakchott\",\"isPartOf\":{\"@id\":\"https:\\\/\\\/lequotidien.mr\\\/#website\"},\"primaryImageOfPage\":{\"@id\":\"https:\\\/\\\/lequotidien.mr\\\/?p=27184&lang=fr#primaryimage\"},\"image\":{\"@id\":\"https:\\\/\\\/lequotidien.mr\\\/?p=27184&lang=fr#primaryimage\"},\"thumbnailUrl\":\"https:\\\/\\\/lequotidien.mr\\\/wp-content\\\/uploads\\\/2025\\\/04\\\/photo-centrale-fuel-gaz.jpg\",\"datePublished\":\"2025-04-29T14:42:00+00:00\",\"breadcrumb\":{\"@id\":\"https:\\\/\\\/lequotidien.mr\\\/?p=27184&lang=fr#breadcrumb\"},\"inLanguage\":\"ar\",\"potentialAction\":[{\"@type\":\"ReadAction\",\"target\":[\"https:\\\/\\\/lequotidien.mr\\\/?p=27184&lang=fr\"]}]},{\"@type\":\"ImageObject\",\"inLanguage\":\"ar\",\"@id\":\"https:\\\/\\\/lequotidien.mr\\\/?p=27184&lang=fr#primaryimage\",\"url\":\"https:\\\/\\\/lequotidien.mr\\\/wp-content\\\/uploads\\\/2025\\\/04\\\/photo-centrale-fuel-gaz.jpg\",\"contentUrl\":\"https:\\\/\\\/lequotidien.mr\\\/wp-content\\\/uploads\\\/2025\\\/04\\\/photo-centrale-fuel-gaz.jpg\",\"width\":750,\"height\":430},{\"@type\":\"BreadcrumbList\",\"@id\":\"https:\\\/\\\/lequotidien.mr\\\/?p=27184&lang=fr#breadcrumb\",\"itemListElement\":[{\"@type\":\"ListItem\",\"position\":1,\"name\":\"Home\",\"item\":\"https:\\\/\\\/lequotidien.mr\\\/\"},{\"@type\":\"ListItem\",\"position\":2,\"name\":\"Le Pr\u00e9sident El Ghazouani lance la construction d\u2019une centrale dual fuel-gaz de 60 MW \u00e0 Nouakchott\"}]},{\"@type\":\"WebSite\",\"@id\":\"https:\\\/\\\/lequotidien.mr\\\/#website\",\"url\":\"https:\\\/\\\/lequotidien.mr\\\/\",\"name\":\"Le Quotidien de Nouakchott\",\"description\":\"\u0625\u062e\u0628\u0627\u0631\u064a\u0629 \u0645\u0633\u062a\u0642\u0644\u0629 \u0644\u0644\u0623\u0646\u0628\u0627\u0621 \u0627\u0644\u0639\u0627\u0645\u0629\",\"publisher\":{\"@id\":\"https:\\\/\\\/lequotidien.mr\\\/#organization\"},\"potentialAction\":[{\"@type\":\"SearchAction\",\"target\":{\"@type\":\"EntryPoint\",\"urlTemplate\":\"https:\\\/\\\/lequotidien.mr\\\/?s={search_term_string}\"},\"query-input\":{\"@type\":\"PropertyValueSpecification\",\"valueRequired\":true,\"valueName\":\"search_term_string\"}}],\"inLanguage\":\"ar\"},{\"@type\":\"Organization\",\"@id\":\"https:\\\/\\\/lequotidien.mr\\\/#organization\",\"name\":\"Le Quotidien de Nouakchott\",\"url\":\"https:\\\/\\\/lequotidien.mr\\\/\",\"logo\":{\"@type\":\"ImageObject\",\"inLanguage\":\"ar\",\"@id\":\"https:\\\/\\\/lequotidien.mr\\\/#\\\/schema\\\/logo\\\/image\\\/\",\"url\":\"https:\\\/\\\/lequotidien.mr\\\/wp-content\\\/uploads\\\/2022\\\/11\\\/logolequotidien.jpg\",\"contentUrl\":\"https:\\\/\\\/lequotidien.mr\\\/wp-content\\\/uploads\\\/2022\\\/11\\\/logolequotidien.jpg\",\"width\":290,\"height\":65,\"caption\":\"Le Quotidien de Nouakchott\"},\"image\":{\"@id\":\"https:\\\/\\\/lequotidien.mr\\\/#\\\/schema\\\/logo\\\/image\\\/\"},\"sameAs\":[\"https:\\\/\\\/web.facebook.com\\\/lequotidienmr\",\"https:\\\/\\\/x.com\\\/lequotidienmr\"]},{\"@type\":\"Person\",\"@id\":\"https:\\\/\\\/lequotidien.mr\\\/#\\\/schema\\\/person\\\/d2d350202a4d599685ed8abc25f97596\",\"name\":\"Med Ahmed\",\"image\":{\"@type\":\"ImageObject\",\"inLanguage\":\"ar\",\"@id\":\"https:\\\/\\\/secure.gravatar.com\\\/avatar\\\/fd2acc62ed50732923d1d39c17172c9b04149f142be92310ecc69e1358f94b52?s=96&d=mm&r=g\",\"url\":\"https:\\\/\\\/secure.gravatar.com\\\/avatar\\\/fd2acc62ed50732923d1d39c17172c9b04149f142be92310ecc69e1358f94b52?s=96&d=mm&r=g\",\"contentUrl\":\"https:\\\/\\\/secure.gravatar.com\\\/avatar\\\/fd2acc62ed50732923d1d39c17172c9b04149f142be92310ecc69e1358f94b52?s=96&d=mm&r=g\",\"caption\":\"Med Ahmed\"},\"url\":\"https:\\\/\\\/lequotidien.mr\\\/?author=12\"}]}<\/script>\n<!-- \/ Yoast SEO plugin. -->","yoast_head_json":{"title":"Le Pr\u00e9sident El Ghazouani lance la construction d\u2019une centrale dual fuel-gaz de 60 MW \u00e0 Nouakchott - Le Quotidien de Nouakchott","robots":{"index":"index","follow":"follow","max-snippet":"max-snippet:-1","max-image-preview":"max-image-preview:large","max-video-preview":"max-video-preview:-1"},"canonical":"https:\/\/lequotidien.mr\/?p=27184&lang=fr","og_locale":"ar_AR","og_type":"article","og_title":"Le Pr\u00e9sident El Ghazouani lance la construction d\u2019une centrale dual fuel-gaz de 60 MW \u00e0 Nouakchott - Le Quotidien de Nouakchott","og_description":"Le Pr\u00e9sident de la R\u00e9publique, M. Mohamed Cheikh El Ghazouani, a proc\u00e9d\u00e9 ce lundi \u00e0 Nouakchott \u00e0 la pose de la premi\u00e8re pierre d\u2019une centrale \u00e9lectrique dual fuel-gaz d\u2019une capacit\u00e9 de 60 m\u00e9gawatts (MW). Financ\u00e9 int\u00e9gralement par l\u2019\u00c9tat mauritanien \u00e0 hauteur de 81,85 millions de dollars (environ 32 milliards d\u2019ouguiyas), ce projet structurant doit \u00eatre.....","og_url":"https:\/\/lequotidien.mr\/?p=27184&lang=fr","og_site_name":"Le Quotidien de Nouakchott","article_publisher":"https:\/\/web.facebook.com\/lequotidienmr","article_published_time":"2025-04-29T14:42:00+00:00","og_image":[{"width":750,"height":430,"url":"https:\/\/lequotidien.mr\/wp-content\/uploads\/2025\/04\/photo-centrale-fuel-gaz.jpg","type":"image\/jpeg"}],"author":"Med Ahmed","twitter_card":"summary_large_image","twitter_creator":"@lequotidienmr","twitter_site":"@lequotidienmr","twitter_misc":{"\u0643\u064f\u062a\u0628 \u0628\u0648\u0627\u0633\u0637\u0629":"Med Ahmed","\u0648\u0642\u062a \u0627\u0644\u0642\u0631\u0627\u0621\u0629 \u0627\u0644\u0645\u064f\u0642\u062f\u0651\u0631":"3 \u062f\u0642\u0627\u0626\u0642"},"schema":{"@context":"https:\/\/schema.org","@graph":[{"@type":"Article","@id":"https:\/\/lequotidien.mr\/?p=27184&lang=fr#article","isPartOf":{"@id":"https:\/\/lequotidien.mr\/?p=27184&lang=fr"},"author":{"name":"Med Ahmed","@id":"https:\/\/lequotidien.mr\/#\/schema\/person\/d2d350202a4d599685ed8abc25f97596"},"headline":"Le Pr\u00e9sident El Ghazouani lance la construction d\u2019une centrale dual fuel-gaz de 60 MW \u00e0 Nouakchott","datePublished":"2025-04-29T14:42:00+00:00","mainEntityOfPage":{"@id":"https:\/\/lequotidien.mr\/?p=27184&lang=fr"},"wordCount":675,"commentCount":0,"publisher":{"@id":"https:\/\/lequotidien.mr\/#organization"},"image":{"@id":"https:\/\/lequotidien.mr\/?p=27184&lang=fr#primaryimage"},"thumbnailUrl":"https:\/\/lequotidien.mr\/wp-content\/uploads\/2025\/04\/photo-centrale-fuel-gaz.jpg","articleSection":["ACTUALIT\u00c9","Economie"],"inLanguage":"ar","potentialAction":[{"@type":"CommentAction","name":"Comment","target":["https:\/\/lequotidien.mr\/?p=27184&lang=fr#respond"]}]},{"@type":"WebPage","@id":"https:\/\/lequotidien.mr\/?p=27184&lang=fr","url":"https:\/\/lequotidien.mr\/?p=27184&lang=fr","name":"Le Pr\u00e9sident El Ghazouani lance la construction d\u2019une centrale dual fuel-gaz de 60 MW \u00e0 Nouakchott - Le Quotidien de Nouakchott","isPartOf":{"@id":"https:\/\/lequotidien.mr\/#website"},"primaryImageOfPage":{"@id":"https:\/\/lequotidien.mr\/?p=27184&lang=fr#primaryimage"},"image":{"@id":"https:\/\/lequotidien.mr\/?p=27184&lang=fr#primaryimage"},"thumbnailUrl":"https:\/\/lequotidien.mr\/wp-content\/uploads\/2025\/04\/photo-centrale-fuel-gaz.jpg","datePublished":"2025-04-29T14:42:00+00:00","breadcrumb":{"@id":"https:\/\/lequotidien.mr\/?p=27184&lang=fr#breadcrumb"},"inLanguage":"ar","potentialAction":[{"@type":"ReadAction","target":["https:\/\/lequotidien.mr\/?p=27184&lang=fr"]}]},{"@type":"ImageObject","inLanguage":"ar","@id":"https:\/\/lequotidien.mr\/?p=27184&lang=fr#primaryimage","url":"https:\/\/lequotidien.mr\/wp-content\/uploads\/2025\/04\/photo-centrale-fuel-gaz.jpg","contentUrl":"https:\/\/lequotidien.mr\/wp-content\/uploads\/2025\/04\/photo-centrale-fuel-gaz.jpg","width":750,"height":430},{"@type":"BreadcrumbList","@id":"https:\/\/lequotidien.mr\/?p=27184&lang=fr#breadcrumb","itemListElement":[{"@type":"ListItem","position":1,"name":"Home","item":"https:\/\/lequotidien.mr\/"},{"@type":"ListItem","position":2,"name":"Le Pr\u00e9sident El Ghazouani lance la construction d\u2019une centrale dual fuel-gaz de 60 MW \u00e0 Nouakchott"}]},{"@type":"WebSite","@id":"https:\/\/lequotidien.mr\/#website","url":"https:\/\/lequotidien.mr\/","name":"Le Quotidien de Nouakchott","description":"\u0625\u062e\u0628\u0627\u0631\u064a\u0629 \u0645\u0633\u062a\u0642\u0644\u0629 \u0644\u0644\u0623\u0646\u0628\u0627\u0621 \u0627\u0644\u0639\u0627\u0645\u0629","publisher":{"@id":"https:\/\/lequotidien.mr\/#organization"},"potentialAction":[{"@type":"SearchAction","target":{"@type":"EntryPoint","urlTemplate":"https:\/\/lequotidien.mr\/?s={search_term_string}"},"query-input":{"@type":"PropertyValueSpecification","valueRequired":true,"valueName":"search_term_string"}}],"inLanguage":"ar"},{"@type":"Organization","@id":"https:\/\/lequotidien.mr\/#organization","name":"Le Quotidien de Nouakchott","url":"https:\/\/lequotidien.mr\/","logo":{"@type":"ImageObject","inLanguage":"ar","@id":"https:\/\/lequotidien.mr\/#\/schema\/logo\/image\/","url":"https:\/\/lequotidien.mr\/wp-content\/uploads\/2022\/11\/logolequotidien.jpg","contentUrl":"https:\/\/lequotidien.mr\/wp-content\/uploads\/2022\/11\/logolequotidien.jpg","width":290,"height":65,"caption":"Le Quotidien de Nouakchott"},"image":{"@id":"https:\/\/lequotidien.mr\/#\/schema\/logo\/image\/"},"sameAs":["https:\/\/web.facebook.com\/lequotidienmr","https:\/\/x.com\/lequotidienmr"]},{"@type":"Person","@id":"https:\/\/lequotidien.mr\/#\/schema\/person\/d2d350202a4d599685ed8abc25f97596","name":"Med Ahmed","image":{"@type":"ImageObject","inLanguage":"ar","@id":"https:\/\/secure.gravatar.com\/avatar\/fd2acc62ed50732923d1d39c17172c9b04149f142be92310ecc69e1358f94b52?s=96&d=mm&r=g","url":"https:\/\/secure.gravatar.com\/avatar\/fd2acc62ed50732923d1d39c17172c9b04149f142be92310ecc69e1358f94b52?s=96&d=mm&r=g","contentUrl":"https:\/\/secure.gravatar.com\/avatar\/fd2acc62ed50732923d1d39c17172c9b04149f142be92310ecc69e1358f94b52?s=96&d=mm&r=g","caption":"Med Ahmed"},"url":"https:\/\/lequotidien.mr\/?author=12"}]}},"_links":{"self":[{"href":"https:\/\/lequotidien.mr\/index.php?rest_route=\/wp\/v2\/posts\/27184","targetHints":{"allow":["GET"]}}],"collection":[{"href":"https:\/\/lequotidien.mr\/index.php?rest_route=\/wp\/v2\/posts"}],"about":[{"href":"https:\/\/lequotidien.mr\/index.php?rest_route=\/wp\/v2\/types\/post"}],"author":[{"embeddable":true,"href":"https:\/\/lequotidien.mr\/index.php?rest_route=\/wp\/v2\/users\/12"}],"replies":[{"embeddable":true,"href":"https:\/\/lequotidien.mr\/index.php?rest_route=%2Fwp%2Fv2%2Fcomments&post=27184"}],"version-history":[{"count":1,"href":"https:\/\/lequotidien.mr\/index.php?rest_route=\/wp\/v2\/posts\/27184\/revisions"}],"predecessor-version":[{"id":27186,"href":"https:\/\/lequotidien.mr\/index.php?rest_route=\/wp\/v2\/posts\/27184\/revisions\/27186"}],"wp:featuredmedia":[{"embeddable":true,"href":"https:\/\/lequotidien.mr\/index.php?rest_route=\/wp\/v2\/media\/27185"}],"wp:attachment":[{"href":"https:\/\/lequotidien.mr\/index.php?rest_route=%2Fwp%2Fv2%2Fmedia&parent=27184"}],"wp:term":[{"taxonomy":"category","embeddable":true,"href":"https:\/\/lequotidien.mr\/index.php?rest_route=%2Fwp%2Fv2%2Fcategories&post=27184"},{"taxonomy":"post_tag","embeddable":true,"href":"https:\/\/lequotidien.mr\/index.php?rest_route=%2Fwp%2Fv2%2Ftags&post=27184"}],"curies":[{"name":"wp","href":"https:\/\/api.w.org\/{rel}","templated":true}]}}