{"id":27107,"date":"2025-04-25T11:33:31","date_gmt":"2025-04-25T11:33:31","guid":{"rendered":"https:\/\/lequotidien.mr\/?p=27107"},"modified":"2025-04-25T11:33:31","modified_gmt":"2025-04-25T11:33:31","slug":"semaine-du-maroc-en-mauritanie-un-pont-economique-et-culturel-pour-consolider-la-fraternite-maroco-mauritanienne","status":"publish","type":"post","link":"https:\/\/lequotidien.mr\/?p=27107&lang=fr","title":{"rendered":"Semaine du Maroc en Mauritanie : Un pont \u00e9conomique et culturel pour consolider la fraternit\u00e9 maroco-mauritanienne"},"content":{"rendered":"<p>Sous le slogan\u00a0<em>\u00ab Ensemble pour b\u00e2tir un partenariat solidaire \u00bb<\/em>, la deuxi\u00e8me \u00e9dition de la \u00ab Semaine du Maroc en Mauritanie \u00bb a \u00e9t\u00e9 lanc\u00e9e ce jeudi \u00e0 Nouakchott, avec pour ambition de renforcer les liens historiques, \u00e9conomiques et culturels entre les deux pays. Organis\u00e9e par l\u2019Ambassade du Maroc en Mauritanie et l\u2019association \u00ab Forum du Sud \u00bb, en partenariat avec des institutions mauritaniennes et marocaines, cette manifestation d\u2019une semaine (24-30 avril) m\u00eale expositions \u00e9conomiques, s\u00e9minaires strat\u00e9giques et c\u00e9l\u00e9brations patrimoniales, dans un \u00e9lan commun pour dynamiser la coop\u00e9ration bilat\u00e9rale.<\/p>\n<p><strong>Un partenariat ancr\u00e9 dans l\u2019histoire et tourn\u00e9 vers l\u2019avenir<\/strong><\/p>\n<p>Lors de la c\u00e9r\u00e9monie d\u2019ouverture,\u00a0<strong>Mme Zeinebou Ahmednah<\/strong>, ministre mauritanienne du Commerce et du Tourisme, a rappel\u00e9 les\u00a0<em>\u00ab liens historiques, culturels et sociaux \u00e9troits \u00bb<\/em>\u00a0unissant les deux nations. Elle a soulign\u00e9 l\u2019importance de renforcer ce partenariat face aux d\u00e9fis \u00e9conomiques et g\u00e9opolitiques mondiaux :\u00a0<em>\u00ab Les \u00e9changes commerciaux, qui ont atteint 350 millions de dollars en 2024, sont un pilier essentiel pour l\u2019int\u00e9gration r\u00e9gionale \u00bb<\/em>. La ministre a \u00e9galement \u00e9voqu\u00e9 les r\u00e9cents accords sign\u00e9s lors de la commission mixte, notamment dans le tourisme, visant \u00e0 stimuler les investissements, la formation et la promotion conjointe de ce secteur.<\/p>\n<p><strong>M. Omar Ahjira<\/strong>, secr\u00e9taire d\u2019\u00c9tat marocain charg\u00e9 du Commerce Ext\u00e9rieur, a abond\u00e9 dans ce sens, insistant sur la volont\u00e9 du Maroc de d\u00e9velopper des\u00a0<em>\u00ab projets conjoints dans les secteurs strat\u00e9giques \u00bb<\/em>, en capitalisant sur la proximit\u00e9 g\u00e9ographique et la confiance mutuelle entre acteurs \u00e9conomiques.<\/p>\n<p><strong>Des secteurs cl\u00e9s en perspective : \u00e9nergie, agriculture et logistique<\/strong><\/p>\n<p>Les discussions ont mis en lumi\u00e8re les opportunit\u00e9s dans des domaines comme les \u00e9nergies renouvelables, l\u2019agriculture r\u00e9siliente, la p\u00eache, les infrastructures et la logistique.\u00a0<strong>M. Mohamed Zeine El Abidine Cheikh Ahmed<\/strong>, pr\u00e9sident de l\u2019Union nationale du patronat mauritanien, a insist\u00e9 sur le potentiel d\u2019int\u00e9gration \u00e9conomique :\u00a0<em>\u00ab La Mauritanie et le Maroc peuvent transformer leurs relations en un partenariat strat\u00e9gique g\u00e9n\u00e9rateur d\u2019emplois et de croissance \u00bb<\/em>.<\/p>\n<p>Du c\u00f4t\u00e9 des entreprises,\u00a0<strong>M. Hamadi Hamadi<\/strong>, pr\u00e9sident du Conseil d\u2019affaires maroco-mauritanien en Mauritanie, a soulign\u00e9 la compl\u00e9mentarit\u00e9 des deux \u00e9conomies :\u00a0<em>\u00ab Le Maroc est une porte d\u2019entr\u00e9e vers l\u2019Europe pour nos produits, tandis que la Mauritanie sert de pont vers l\u2019Afrique subsaharienne \u00bb<\/em>. Il a \u00e9galement appel\u00e9 \u00e0 un soutien marocain dans le d\u00e9veloppement d\u2019un\u00a0<em>\u00ab secteur agricole moderne \u00bb<\/em>\u00a0en Mauritanie, profitant de l\u2019expertise du Royaume.<\/p>\n<p><strong>Culture et \u00e9conomie : une synergie gagnante<\/strong><\/p>\n<p>Outre les volets \u00e9conomiques, l\u2019\u00e9v\u00e9nement c\u00e9l\u00e8bre le patrimoine commun.\u00a0<strong>M. Hamid Chabar<\/strong>, ambassadeur du Maroc en Mauritanie, a d\u00e9crit cette semaine comme\u00a0<em>\u00ab une occasion de mettre en exergue nos richesses culturelles et de c\u00e9l\u00e9brer la fraternit\u00e9 entre nos peuples \u00bb<\/em>. Des espaces d\u00e9di\u00e9s exposent les produits marocains \u2013 textiles, technologies, mat\u00e9riaux de construction \u2013, illustrant la diversit\u00e9 de l\u2019offre industrielle du Royaume.<\/p>\n<p>Les participants ont unanimement salu\u00e9 l\u2019engagement des dirigeants, notamment du pr\u00e9sident mauritanien\u00a0<strong>Mohamed Cheikh El Ghazouani<\/strong>\u00a0et du roi\u00a0<strong>Mohamed VI<\/strong>, pour une collaboration approfondie.\u00a0<strong>M. Abdelaziz Taariji<\/strong>, pr\u00e9sident du Conseil d\u2019affaires maroco-mauritanien au Maroc, a insist\u00e9 sur l\u2019int\u00e9gration des secteurs logistiques et manufacturiers, tandis que\u00a0<strong>M. Mohamed Fadel Maalainine<\/strong>, pr\u00e9sident du Forum du Sud, a plaid\u00e9 pour\u00a0<em>\u00ab plus d\u2019efforts \u00bb<\/em>\u00a0afin de concr\u00e9tiser les ambitions communes.<\/p>\n<p>Lanc\u00e9e en pr\u00e9sence de plusieurs ministres, ambassadeurs et chefs d\u2019entreprise, cette deuxi\u00e8me \u00e9dition marque une \u00e9tape cl\u00e9 vers un partenariat renouvel\u00e9. Alors que les \u00e9changes commerciaux progressent (+10 % en 2024), les acteurs appellent \u00e0 exploiter pleinement les potentialit\u00e9s inexploit\u00e9es. Avec des projets concrets dans les pipelines et une volont\u00e9 politique affirm\u00e9e, la Semaine du Maroc en Mauritanie incarne l\u2019espoir d\u2019une prosp\u00e9rit\u00e9 partag\u00e9e, ancr\u00e9e dans la fraternit\u00e9 et la vision strat\u00e9gique.<\/p>\n","protected":false},"excerpt":{"rendered":"<p>Sous le slogan\u00a0\u00ab Ensemble pour b\u00e2tir un partenariat solidaire \u00bb, la deuxi\u00e8me \u00e9dition de la \u00ab Semaine du Maroc en Mauritanie \u00bb a \u00e9t\u00e9 lanc\u00e9e ce jeudi \u00e0 Nouakchott, avec pour ambition de renforcer les liens historiques, \u00e9conomiques et culturels entre les deux pays. Organis\u00e9e par l\u2019Ambassade du Maroc en Mauritanie et l\u2019association \u00ab Forum&#8230;..<\/p>\n","protected":false},"author":12,"featured_media":27108,"comment_status":"open","ping_status":"open","sticky":false,"template":"","format":"standard","meta":{"footnotes":""},"categories":[23,49,55],"tags":[],"class_list":["post-27107","post","type-post","status-publish","format-standard","has-post-thumbnail","hentry","category-actualite","category-economie","category-culture"],"yoast_head":"<!-- This site is optimized with the Yoast SEO plugin v27.5 - https:\/\/yoast.com\/product\/yoast-seo-wordpress\/ -->\n<title>Semaine du Maroc en Mauritanie : Un pont \u00e9conomique et culturel pour consolider la fraternit\u00e9 maroco-mauritanienne - Le Quotidien de Nouakchott<\/title>\n<meta name=\"robots\" content=\"index, follow, max-snippet:-1, max-image-preview:large, max-video-preview:-1\" \/>\n<link rel=\"canonical\" href=\"https:\/\/lequotidien.mr\/?p=27107&lang=fr\" \/>\n<meta property=\"og:locale\" content=\"ar_AR\" \/>\n<meta property=\"og:type\" content=\"article\" \/>\n<meta property=\"og:title\" content=\"Semaine du Maroc en Mauritanie : Un pont \u00e9conomique et culturel pour consolider la fraternit\u00e9 maroco-mauritanienne - Le Quotidien de Nouakchott\" \/>\n<meta property=\"og:description\" content=\"Sous le slogan\u00a0\u00ab Ensemble pour b\u00e2tir un partenariat solidaire \u00bb, la deuxi\u00e8me \u00e9dition de la \u00ab Semaine du Maroc en Mauritanie \u00bb a \u00e9t\u00e9 lanc\u00e9e ce jeudi \u00e0 Nouakchott, avec pour ambition de renforcer les liens historiques, \u00e9conomiques et culturels entre les deux pays. Organis\u00e9e par l\u2019Ambassade du Maroc en Mauritanie et l\u2019association \u00ab Forum.....\" \/>\n<meta property=\"og:url\" content=\"https:\/\/lequotidien.mr\/?p=27107&amp;lang=fr\" \/>\n<meta property=\"og:site_name\" content=\"Le Quotidien de Nouakchott\" \/>\n<meta property=\"article:publisher\" content=\"https:\/\/web.facebook.com\/lequotidienmr\" \/>\n<meta property=\"article:published_time\" content=\"2025-04-25T11:33:31+00:00\" \/>\n<meta property=\"og:image\" content=\"https:\/\/lequotidien.mr\/wp-content\/uploads\/2025\/04\/photo-semaine-Maroc.jpg\" \/>\n\t<meta property=\"og:image:width\" content=\"750\" \/>\n\t<meta property=\"og:image:height\" content=\"430\" \/>\n\t<meta property=\"og:image:type\" content=\"image\/jpeg\" \/>\n<meta name=\"author\" content=\"Med Ahmed\" \/>\n<meta name=\"twitter:card\" content=\"summary_large_image\" \/>\n<meta name=\"twitter:creator\" content=\"@lequotidienmr\" \/>\n<meta name=\"twitter:site\" content=\"@lequotidienmr\" \/>\n<meta name=\"twitter:label1\" content=\"\u0643\u064f\u062a\u0628 \u0628\u0648\u0627\u0633\u0637\u0629\" \/>\n\t<meta name=\"twitter:data1\" content=\"Med Ahmed\" \/>\n\t<meta name=\"twitter:label2\" content=\"\u0648\u0642\u062a \u0627\u0644\u0642\u0631\u0627\u0621\u0629 \u0627\u0644\u0645\u064f\u0642\u062f\u0651\u0631\" \/>\n\t<meta name=\"twitter:data2\" content=\"3 \u062f\u0642\u0627\u0626\u0642\" \/>\n<script type=\"application\/ld+json\" class=\"yoast-schema-graph\">{\"@context\":\"https:\\\/\\\/schema.org\",\"@graph\":[{\"@type\":\"Article\",\"@id\":\"https:\\\/\\\/lequotidien.mr\\\/?p=27107&lang=fr#article\",\"isPartOf\":{\"@id\":\"https:\\\/\\\/lequotidien.mr\\\/?p=27107&lang=fr\"},\"author\":{\"name\":\"Med Ahmed\",\"@id\":\"https:\\\/\\\/lequotidien.mr\\\/#\\\/schema\\\/person\\\/d2d350202a4d599685ed8abc25f97596\"},\"headline\":\"Semaine du Maroc en Mauritanie : Un pont \u00e9conomique et culturel pour consolider la fraternit\u00e9 maroco-mauritanienne\",\"datePublished\":\"2025-04-25T11:33:31+00:00\",\"mainEntityOfPage\":{\"@id\":\"https:\\\/\\\/lequotidien.mr\\\/?p=27107&lang=fr\"},\"wordCount\":665,\"commentCount\":0,\"publisher\":{\"@id\":\"https:\\\/\\\/lequotidien.mr\\\/#organization\"},\"image\":{\"@id\":\"https:\\\/\\\/lequotidien.mr\\\/?p=27107&lang=fr#primaryimage\"},\"thumbnailUrl\":\"https:\\\/\\\/lequotidien.mr\\\/wp-content\\\/uploads\\\/2025\\\/04\\\/photo-semaine-Maroc.jpg\",\"articleSection\":[\"ACTUALIT\u00c9\",\"Economie\",\"Culture\"],\"inLanguage\":\"ar\",\"potentialAction\":[{\"@type\":\"CommentAction\",\"name\":\"Comment\",\"target\":[\"https:\\\/\\\/lequotidien.mr\\\/?p=27107&lang=fr#respond\"]}]},{\"@type\":\"WebPage\",\"@id\":\"https:\\\/\\\/lequotidien.mr\\\/?p=27107&lang=fr\",\"url\":\"https:\\\/\\\/lequotidien.mr\\\/?p=27107&lang=fr\",\"name\":\"Semaine du Maroc en Mauritanie : Un pont \u00e9conomique et culturel pour consolider la fraternit\u00e9 maroco-mauritanienne - Le Quotidien de Nouakchott\",\"isPartOf\":{\"@id\":\"https:\\\/\\\/lequotidien.mr\\\/#website\"},\"primaryImageOfPage\":{\"@id\":\"https:\\\/\\\/lequotidien.mr\\\/?p=27107&lang=fr#primaryimage\"},\"image\":{\"@id\":\"https:\\\/\\\/lequotidien.mr\\\/?p=27107&lang=fr#primaryimage\"},\"thumbnailUrl\":\"https:\\\/\\\/lequotidien.mr\\\/wp-content\\\/uploads\\\/2025\\\/04\\\/photo-semaine-Maroc.jpg\",\"datePublished\":\"2025-04-25T11:33:31+00:00\",\"breadcrumb\":{\"@id\":\"https:\\\/\\\/lequotidien.mr\\\/?p=27107&lang=fr#breadcrumb\"},\"inLanguage\":\"ar\",\"potentialAction\":[{\"@type\":\"ReadAction\",\"target\":[\"https:\\\/\\\/lequotidien.mr\\\/?p=27107&lang=fr\"]}]},{\"@type\":\"ImageObject\",\"inLanguage\":\"ar\",\"@id\":\"https:\\\/\\\/lequotidien.mr\\\/?p=27107&lang=fr#primaryimage\",\"url\":\"https:\\\/\\\/lequotidien.mr\\\/wp-content\\\/uploads\\\/2025\\\/04\\\/photo-semaine-Maroc.jpg\",\"contentUrl\":\"https:\\\/\\\/lequotidien.mr\\\/wp-content\\\/uploads\\\/2025\\\/04\\\/photo-semaine-Maroc.jpg\",\"width\":750,\"height\":430},{\"@type\":\"BreadcrumbList\",\"@id\":\"https:\\\/\\\/lequotidien.mr\\\/?p=27107&lang=fr#breadcrumb\",\"itemListElement\":[{\"@type\":\"ListItem\",\"position\":1,\"name\":\"Home\",\"item\":\"https:\\\/\\\/lequotidien.mr\\\/\"},{\"@type\":\"ListItem\",\"position\":2,\"name\":\"Semaine du Maroc en Mauritanie : Un pont \u00e9conomique et culturel pour consolider la fraternit\u00e9 maroco-mauritanienne\"}]},{\"@type\":\"WebSite\",\"@id\":\"https:\\\/\\\/lequotidien.mr\\\/#website\",\"url\":\"https:\\\/\\\/lequotidien.mr\\\/\",\"name\":\"Le Quotidien de Nouakchott\",\"description\":\"\u0625\u062e\u0628\u0627\u0631\u064a\u0629 \u0645\u0633\u062a\u0642\u0644\u0629 \u0644\u0644\u0623\u0646\u0628\u0627\u0621 \u0627\u0644\u0639\u0627\u0645\u0629\",\"publisher\":{\"@id\":\"https:\\\/\\\/lequotidien.mr\\\/#organization\"},\"potentialAction\":[{\"@type\":\"SearchAction\",\"target\":{\"@type\":\"EntryPoint\",\"urlTemplate\":\"https:\\\/\\\/lequotidien.mr\\\/?s={search_term_string}\"},\"query-input\":{\"@type\":\"PropertyValueSpecification\",\"valueRequired\":true,\"valueName\":\"search_term_string\"}}],\"inLanguage\":\"ar\"},{\"@type\":\"Organization\",\"@id\":\"https:\\\/\\\/lequotidien.mr\\\/#organization\",\"name\":\"Le Quotidien de Nouakchott\",\"url\":\"https:\\\/\\\/lequotidien.mr\\\/\",\"logo\":{\"@type\":\"ImageObject\",\"inLanguage\":\"ar\",\"@id\":\"https:\\\/\\\/lequotidien.mr\\\/#\\\/schema\\\/logo\\\/image\\\/\",\"url\":\"https:\\\/\\\/lequotidien.mr\\\/wp-content\\\/uploads\\\/2022\\\/11\\\/logolequotidien.jpg\",\"contentUrl\":\"https:\\\/\\\/lequotidien.mr\\\/wp-content\\\/uploads\\\/2022\\\/11\\\/logolequotidien.jpg\",\"width\":290,\"height\":65,\"caption\":\"Le Quotidien de Nouakchott\"},\"image\":{\"@id\":\"https:\\\/\\\/lequotidien.mr\\\/#\\\/schema\\\/logo\\\/image\\\/\"},\"sameAs\":[\"https:\\\/\\\/web.facebook.com\\\/lequotidienmr\",\"https:\\\/\\\/x.com\\\/lequotidienmr\"]},{\"@type\":\"Person\",\"@id\":\"https:\\\/\\\/lequotidien.mr\\\/#\\\/schema\\\/person\\\/d2d350202a4d599685ed8abc25f97596\",\"name\":\"Med Ahmed\",\"image\":{\"@type\":\"ImageObject\",\"inLanguage\":\"ar\",\"@id\":\"https:\\\/\\\/secure.gravatar.com\\\/avatar\\\/fd2acc62ed50732923d1d39c17172c9b04149f142be92310ecc69e1358f94b52?s=96&d=mm&r=g\",\"url\":\"https:\\\/\\\/secure.gravatar.com\\\/avatar\\\/fd2acc62ed50732923d1d39c17172c9b04149f142be92310ecc69e1358f94b52?s=96&d=mm&r=g\",\"contentUrl\":\"https:\\\/\\\/secure.gravatar.com\\\/avatar\\\/fd2acc62ed50732923d1d39c17172c9b04149f142be92310ecc69e1358f94b52?s=96&d=mm&r=g\",\"caption\":\"Med Ahmed\"},\"url\":\"https:\\\/\\\/lequotidien.mr\\\/?author=12\"}]}<\/script>\n<!-- \/ Yoast SEO plugin. -->","yoast_head_json":{"title":"Semaine du Maroc en Mauritanie : Un pont \u00e9conomique et culturel pour consolider la fraternit\u00e9 maroco-mauritanienne - Le Quotidien de Nouakchott","robots":{"index":"index","follow":"follow","max-snippet":"max-snippet:-1","max-image-preview":"max-image-preview:large","max-video-preview":"max-video-preview:-1"},"canonical":"https:\/\/lequotidien.mr\/?p=27107&lang=fr","og_locale":"ar_AR","og_type":"article","og_title":"Semaine du Maroc en Mauritanie : Un pont \u00e9conomique et culturel pour consolider la fraternit\u00e9 maroco-mauritanienne - Le Quotidien de Nouakchott","og_description":"Sous le slogan\u00a0\u00ab Ensemble pour b\u00e2tir un partenariat solidaire \u00bb, la deuxi\u00e8me \u00e9dition de la \u00ab Semaine du Maroc en Mauritanie \u00bb a \u00e9t\u00e9 lanc\u00e9e ce jeudi \u00e0 Nouakchott, avec pour ambition de renforcer les liens historiques, \u00e9conomiques et culturels entre les deux pays. Organis\u00e9e par l\u2019Ambassade du Maroc en Mauritanie et l\u2019association \u00ab Forum.....","og_url":"https:\/\/lequotidien.mr\/?p=27107&lang=fr","og_site_name":"Le Quotidien de Nouakchott","article_publisher":"https:\/\/web.facebook.com\/lequotidienmr","article_published_time":"2025-04-25T11:33:31+00:00","og_image":[{"width":750,"height":430,"url":"https:\/\/lequotidien.mr\/wp-content\/uploads\/2025\/04\/photo-semaine-Maroc.jpg","type":"image\/jpeg"}],"author":"Med Ahmed","twitter_card":"summary_large_image","twitter_creator":"@lequotidienmr","twitter_site":"@lequotidienmr","twitter_misc":{"\u0643\u064f\u062a\u0628 \u0628\u0648\u0627\u0633\u0637\u0629":"Med Ahmed","\u0648\u0642\u062a \u0627\u0644\u0642\u0631\u0627\u0621\u0629 \u0627\u0644\u0645\u064f\u0642\u062f\u0651\u0631":"3 \u062f\u0642\u0627\u0626\u0642"},"schema":{"@context":"https:\/\/schema.org","@graph":[{"@type":"Article","@id":"https:\/\/lequotidien.mr\/?p=27107&lang=fr#article","isPartOf":{"@id":"https:\/\/lequotidien.mr\/?p=27107&lang=fr"},"author":{"name":"Med Ahmed","@id":"https:\/\/lequotidien.mr\/#\/schema\/person\/d2d350202a4d599685ed8abc25f97596"},"headline":"Semaine du Maroc en Mauritanie : Un pont \u00e9conomique et culturel pour consolider la fraternit\u00e9 maroco-mauritanienne","datePublished":"2025-04-25T11:33:31+00:00","mainEntityOfPage":{"@id":"https:\/\/lequotidien.mr\/?p=27107&lang=fr"},"wordCount":665,"commentCount":0,"publisher":{"@id":"https:\/\/lequotidien.mr\/#organization"},"image":{"@id":"https:\/\/lequotidien.mr\/?p=27107&lang=fr#primaryimage"},"thumbnailUrl":"https:\/\/lequotidien.mr\/wp-content\/uploads\/2025\/04\/photo-semaine-Maroc.jpg","articleSection":["ACTUALIT\u00c9","Economie","Culture"],"inLanguage":"ar","potentialAction":[{"@type":"CommentAction","name":"Comment","target":["https:\/\/lequotidien.mr\/?p=27107&lang=fr#respond"]}]},{"@type":"WebPage","@id":"https:\/\/lequotidien.mr\/?p=27107&lang=fr","url":"https:\/\/lequotidien.mr\/?p=27107&lang=fr","name":"Semaine du Maroc en Mauritanie : Un pont \u00e9conomique et culturel pour consolider la fraternit\u00e9 maroco-mauritanienne - Le Quotidien de Nouakchott","isPartOf":{"@id":"https:\/\/lequotidien.mr\/#website"},"primaryImageOfPage":{"@id":"https:\/\/lequotidien.mr\/?p=27107&lang=fr#primaryimage"},"image":{"@id":"https:\/\/lequotidien.mr\/?p=27107&lang=fr#primaryimage"},"thumbnailUrl":"https:\/\/lequotidien.mr\/wp-content\/uploads\/2025\/04\/photo-semaine-Maroc.jpg","datePublished":"2025-04-25T11:33:31+00:00","breadcrumb":{"@id":"https:\/\/lequotidien.mr\/?p=27107&lang=fr#breadcrumb"},"inLanguage":"ar","potentialAction":[{"@type":"ReadAction","target":["https:\/\/lequotidien.mr\/?p=27107&lang=fr"]}]},{"@type":"ImageObject","inLanguage":"ar","@id":"https:\/\/lequotidien.mr\/?p=27107&lang=fr#primaryimage","url":"https:\/\/lequotidien.mr\/wp-content\/uploads\/2025\/04\/photo-semaine-Maroc.jpg","contentUrl":"https:\/\/lequotidien.mr\/wp-content\/uploads\/2025\/04\/photo-semaine-Maroc.jpg","width":750,"height":430},{"@type":"BreadcrumbList","@id":"https:\/\/lequotidien.mr\/?p=27107&lang=fr#breadcrumb","itemListElement":[{"@type":"ListItem","position":1,"name":"Home","item":"https:\/\/lequotidien.mr\/"},{"@type":"ListItem","position":2,"name":"Semaine du Maroc en Mauritanie : Un pont \u00e9conomique et culturel pour consolider la fraternit\u00e9 maroco-mauritanienne"}]},{"@type":"WebSite","@id":"https:\/\/lequotidien.mr\/#website","url":"https:\/\/lequotidien.mr\/","name":"Le Quotidien de Nouakchott","description":"\u0625\u062e\u0628\u0627\u0631\u064a\u0629 \u0645\u0633\u062a\u0642\u0644\u0629 \u0644\u0644\u0623\u0646\u0628\u0627\u0621 \u0627\u0644\u0639\u0627\u0645\u0629","publisher":{"@id":"https:\/\/lequotidien.mr\/#organization"},"potentialAction":[{"@type":"SearchAction","target":{"@type":"EntryPoint","urlTemplate":"https:\/\/lequotidien.mr\/?s={search_term_string}"},"query-input":{"@type":"PropertyValueSpecification","valueRequired":true,"valueName":"search_term_string"}}],"inLanguage":"ar"},{"@type":"Organization","@id":"https:\/\/lequotidien.mr\/#organization","name":"Le Quotidien de Nouakchott","url":"https:\/\/lequotidien.mr\/","logo":{"@type":"ImageObject","inLanguage":"ar","@id":"https:\/\/lequotidien.mr\/#\/schema\/logo\/image\/","url":"https:\/\/lequotidien.mr\/wp-content\/uploads\/2022\/11\/logolequotidien.jpg","contentUrl":"https:\/\/lequotidien.mr\/wp-content\/uploads\/2022\/11\/logolequotidien.jpg","width":290,"height":65,"caption":"Le Quotidien de Nouakchott"},"image":{"@id":"https:\/\/lequotidien.mr\/#\/schema\/logo\/image\/"},"sameAs":["https:\/\/web.facebook.com\/lequotidienmr","https:\/\/x.com\/lequotidienmr"]},{"@type":"Person","@id":"https:\/\/lequotidien.mr\/#\/schema\/person\/d2d350202a4d599685ed8abc25f97596","name":"Med Ahmed","image":{"@type":"ImageObject","inLanguage":"ar","@id":"https:\/\/secure.gravatar.com\/avatar\/fd2acc62ed50732923d1d39c17172c9b04149f142be92310ecc69e1358f94b52?s=96&d=mm&r=g","url":"https:\/\/secure.gravatar.com\/avatar\/fd2acc62ed50732923d1d39c17172c9b04149f142be92310ecc69e1358f94b52?s=96&d=mm&r=g","contentUrl":"https:\/\/secure.gravatar.com\/avatar\/fd2acc62ed50732923d1d39c17172c9b04149f142be92310ecc69e1358f94b52?s=96&d=mm&r=g","caption":"Med Ahmed"},"url":"https:\/\/lequotidien.mr\/?author=12"}]}},"_links":{"self":[{"href":"https:\/\/lequotidien.mr\/index.php?rest_route=\/wp\/v2\/posts\/27107","targetHints":{"allow":["GET"]}}],"collection":[{"href":"https:\/\/lequotidien.mr\/index.php?rest_route=\/wp\/v2\/posts"}],"about":[{"href":"https:\/\/lequotidien.mr\/index.php?rest_route=\/wp\/v2\/types\/post"}],"author":[{"embeddable":true,"href":"https:\/\/lequotidien.mr\/index.php?rest_route=\/wp\/v2\/users\/12"}],"replies":[{"embeddable":true,"href":"https:\/\/lequotidien.mr\/index.php?rest_route=%2Fwp%2Fv2%2Fcomments&post=27107"}],"version-history":[{"count":2,"href":"https:\/\/lequotidien.mr\/index.php?rest_route=\/wp\/v2\/posts\/27107\/revisions"}],"predecessor-version":[{"id":27110,"href":"https:\/\/lequotidien.mr\/index.php?rest_route=\/wp\/v2\/posts\/27107\/revisions\/27110"}],"wp:featuredmedia":[{"embeddable":true,"href":"https:\/\/lequotidien.mr\/index.php?rest_route=\/wp\/v2\/media\/27108"}],"wp:attachment":[{"href":"https:\/\/lequotidien.mr\/index.php?rest_route=%2Fwp%2Fv2%2Fmedia&parent=27107"}],"wp:term":[{"taxonomy":"category","embeddable":true,"href":"https:\/\/lequotidien.mr\/index.php?rest_route=%2Fwp%2Fv2%2Fcategories&post=27107"},{"taxonomy":"post_tag","embeddable":true,"href":"https:\/\/lequotidien.mr\/index.php?rest_route=%2Fwp%2Fv2%2Ftags&post=27107"}],"curies":[{"name":"wp","href":"https:\/\/api.w.org\/{rel}","templated":true}]}}