{"id":27099,"date":"2025-04-25T10:12:09","date_gmt":"2025-04-25T10:12:09","guid":{"rendered":"https:\/\/lequotidien.mr\/?p=27099"},"modified":"2025-04-25T10:12:09","modified_gmt":"2025-04-25T10:12:09","slug":"washington-le-ministre-de-leconomie-et-des-finances-discute-avec-son-homologue-allemand-pour-etendre-la-cooperation-au-developpement-a-de-nouveaux-secteurs-porteurs","status":"publish","type":"post","link":"https:\/\/lequotidien.mr\/?p=27099&lang=fr","title":{"rendered":"Washington : Le ministre de l\u2019\u00e9conomie et des finances discute avec son homologue allemand pour \u00e9tendre  la coop\u00e9ration au d\u00e9veloppement \u00e0 de nouveaux secteurs porteurs"},"content":{"rendered":"<p>En marge des r\u00e9unions de printemps du groupe de la Banque mondiale et du Fonds mon\u00e9taire international (FMI), tenues \u00e0 Washington, du 21 au 26 avril 2025, le ministre de l\u2019\u00c9conomie et des Finances, M. Sid\u2019Ahmed Bouh, s\u2019est entretenu ce jeudi avec Mme Svenja Schulze, ministre allemande de la Coop\u00e9ration \u00e9conomique et du D\u00e9veloppement. Cette rencontre bilat\u00e9rale a permis d\u2019aborder les enjeux de renforcement de la coop\u00e9ration entre les deux pays, dans un contexte marqu\u00e9 par des d\u00e9fis \u00e9conomiques r\u00e9gionaux et globaux.<\/p>\n<p><strong>Un dialogue ax\u00e9 sur le d\u00e9veloppement et l\u2019investissement<\/strong><\/p>\n<p>Les \u00e9changes ont port\u00e9 sur les moyens de consolider les relations \u00e9conomiques et strat\u00e9giques entre la Mauritanie et l\u2019Allemagne. Les deux parties ont soulign\u00e9 l\u2019importance de soutenir des projets de d\u00e9veloppement structurants, d\u2019am\u00e9liorer le climat d\u2019investissement en Mauritanie et de renforcer le partenariat strat\u00e9gique existant. M. Bouh a mis en avant les r\u00e9formes \u00e9conomiques en cours dans son pays, visant \u00e0 favoriser une croissance inclusive et \u00e0 attirer les investisseurs \u00e9trangers. De son c\u00f4t\u00e9, Mme Schulze a r\u00e9affirm\u00e9 l\u2019engagement de l\u2019Allemagne \u00e0 accompagner Nouakchott dans ses priorit\u00e9s de d\u00e9veloppement durable, notamment \u00e0 travers des financements innovants et des transferts de technologie.<\/p>\n<p><strong>\u00c9largissement des secteurs de coop\u00e9ration<\/strong><\/p>\n<p>Au-del\u00e0 des domaines traditionnels, les discussions ont explor\u00e9 des pistes pour \u00e9tendre la collaboration \u00e0 de nouveaux secteurs, tels que les \u00e9nergies renouvelables, l\u2019agriculture r\u00e9siliente et la formation professionnelle. Cet \u00e9largissement s\u2019inscrit dans une volont\u00e9 commune de soutenir les objectifs de d\u00e9veloppement durable (ODD) de la Mauritanie, tout en servant les int\u00e9r\u00eats mutuels des deux nations. Les ministres ont \u00e9galement \u00e9voqu\u00e9 l\u2019importance de stabiliser la r\u00e9gion ouest-africaine gr\u00e2ce \u00e0 une croissance \u00e9conomique partag\u00e9e, soulignant le r\u00f4le cl\u00e9 des partenariats internationaux.<\/p>\n<p><strong>Un cadre propice pour la stabilit\u00e9 r\u00e9gionale<\/strong><\/p>\n<p>Cette rencontre s\u2019inscrit dans la continuit\u00e9 des efforts d\u00e9ploy\u00e9s par les deux pays pour approfondir leurs liens \u00e9conomiques et contribuer \u00e0 la prosp\u00e9rit\u00e9 de la r\u00e9gion. Les r\u00e9unions de printemps de la Banque mondiale et du FMI ont offert un cadre opportun pour r\u00e9affirmer ces engagements, dans un contexte o\u00f9 les \u00c9tats africains cherchent \u00e0 mobiliser des soutiens face aux crises climatiques et g\u00e9opolitiques.<\/p>\n<p>En conclusion, cet entretien a permis de poser les bases d\u2019une collaboration renouvel\u00e9e, combinant expertise allemande et ambitions mauritaniennes, avec pour horizon une coop\u00e9ration gagnant-gagnant et un d\u00e9veloppement r\u00e9gional durable.<\/p>\n","protected":false},"excerpt":{"rendered":"<p>En marge des r\u00e9unions de printemps du groupe de la Banque mondiale et du Fonds mon\u00e9taire international (FMI), tenues \u00e0 Washington, du 21 au 26 avril 2025, le ministre de l\u2019\u00c9conomie et des Finances, M. Sid\u2019Ahmed Bouh, s\u2019est entretenu ce jeudi avec Mme Svenja Schulze, ministre allemande de la Coop\u00e9ration \u00e9conomique et du D\u00e9veloppement. Cette&#8230;..<\/p>\n","protected":false},"author":12,"featured_media":27101,"comment_status":"open","ping_status":"open","sticky":false,"template":"","format":"standard","meta":{"footnotes":""},"categories":[23,49],"tags":[],"class_list":["post-27099","post","type-post","status-publish","format-standard","has-post-thumbnail","hentry","category-actualite","category-economie"],"yoast_head":"<!-- This site is optimized with the Yoast SEO plugin v27.5 - https:\/\/yoast.com\/product\/yoast-seo-wordpress\/ -->\n<title>Washington : Le ministre de l\u2019\u00e9conomie et des finances discute avec son homologue allemand pour \u00e9tendre la coop\u00e9ration au d\u00e9veloppement \u00e0 de nouveaux secteurs porteurs - Le Quotidien de Nouakchott<\/title>\n<meta name=\"robots\" content=\"index, follow, max-snippet:-1, max-image-preview:large, max-video-preview:-1\" \/>\n<link rel=\"canonical\" href=\"https:\/\/lequotidien.mr\/?p=27099&lang=fr\" \/>\n<meta property=\"og:locale\" content=\"ar_AR\" \/>\n<meta property=\"og:type\" content=\"article\" \/>\n<meta property=\"og:title\" content=\"Washington : Le ministre de l\u2019\u00e9conomie et des finances discute avec son homologue allemand pour \u00e9tendre la coop\u00e9ration au d\u00e9veloppement \u00e0 de nouveaux secteurs porteurs - Le Quotidien de Nouakchott\" \/>\n<meta property=\"og:description\" content=\"En marge des r\u00e9unions de printemps du groupe de la Banque mondiale et du Fonds mon\u00e9taire international (FMI), tenues \u00e0 Washington, du 21 au 26 avril 2025, le ministre de l\u2019\u00c9conomie et des Finances, M. Sid\u2019Ahmed Bouh, s\u2019est entretenu ce jeudi avec Mme Svenja Schulze, ministre allemande de la Coop\u00e9ration \u00e9conomique et du D\u00e9veloppement. Cette.....\" \/>\n<meta property=\"og:url\" content=\"https:\/\/lequotidien.mr\/?p=27099&amp;lang=fr\" \/>\n<meta property=\"og:site_name\" content=\"Le Quotidien de Nouakchott\" \/>\n<meta property=\"article:publisher\" content=\"https:\/\/web.facebook.com\/lequotidienmr\" \/>\n<meta property=\"article:published_time\" content=\"2025-04-25T10:12:09+00:00\" \/>\n<meta property=\"og:image\" content=\"https:\/\/lequotidien.mr\/wp-content\/uploads\/2025\/04\/photo-mstre-fices-et-Allemagne.jpg\" \/>\n\t<meta property=\"og:image:width\" content=\"326\" \/>\n\t<meta property=\"og:image:height\" content=\"430\" \/>\n\t<meta property=\"og:image:type\" content=\"image\/jpeg\" \/>\n<meta name=\"author\" content=\"Med Ahmed\" \/>\n<meta name=\"twitter:card\" content=\"summary_large_image\" \/>\n<meta name=\"twitter:creator\" content=\"@lequotidienmr\" \/>\n<meta name=\"twitter:site\" content=\"@lequotidienmr\" \/>\n<meta name=\"twitter:label1\" content=\"\u0643\u064f\u062a\u0628 \u0628\u0648\u0627\u0633\u0637\u0629\" \/>\n\t<meta name=\"twitter:data1\" content=\"Med Ahmed\" \/>\n\t<meta name=\"twitter:label2\" content=\"\u0648\u0642\u062a \u0627\u0644\u0642\u0631\u0627\u0621\u0629 \u0627\u0644\u0645\u064f\u0642\u062f\u0651\u0631\" \/>\n\t<meta name=\"twitter:data2\" content=\"\u062f\u0642\u064a\u0642\u062a\u0627\u0646\" \/>\n<script type=\"application\/ld+json\" class=\"yoast-schema-graph\">{\"@context\":\"https:\\\/\\\/schema.org\",\"@graph\":[{\"@type\":\"Article\",\"@id\":\"https:\\\/\\\/lequotidien.mr\\\/?p=27099&lang=fr#article\",\"isPartOf\":{\"@id\":\"https:\\\/\\\/lequotidien.mr\\\/?p=27099&lang=fr\"},\"author\":{\"name\":\"Med Ahmed\",\"@id\":\"https:\\\/\\\/lequotidien.mr\\\/#\\\/schema\\\/person\\\/d2d350202a4d599685ed8abc25f97596\"},\"headline\":\"Washington : Le ministre de l\u2019\u00e9conomie et des finances discute avec son homologue allemand pour \u00e9tendre la coop\u00e9ration au d\u00e9veloppement \u00e0 de nouveaux secteurs porteurs\",\"datePublished\":\"2025-04-25T10:12:09+00:00\",\"mainEntityOfPage\":{\"@id\":\"https:\\\/\\\/lequotidien.mr\\\/?p=27099&lang=fr\"},\"wordCount\":446,\"commentCount\":0,\"publisher\":{\"@id\":\"https:\\\/\\\/lequotidien.mr\\\/#organization\"},\"image\":{\"@id\":\"https:\\\/\\\/lequotidien.mr\\\/?p=27099&lang=fr#primaryimage\"},\"thumbnailUrl\":\"https:\\\/\\\/lequotidien.mr\\\/wp-content\\\/uploads\\\/2025\\\/04\\\/photo-mstre-fices-et-Allemagne.jpg\",\"articleSection\":[\"ACTUALIT\u00c9\",\"Economie\"],\"inLanguage\":\"ar\",\"potentialAction\":[{\"@type\":\"CommentAction\",\"name\":\"Comment\",\"target\":[\"https:\\\/\\\/lequotidien.mr\\\/?p=27099&lang=fr#respond\"]}]},{\"@type\":\"WebPage\",\"@id\":\"https:\\\/\\\/lequotidien.mr\\\/?p=27099&lang=fr\",\"url\":\"https:\\\/\\\/lequotidien.mr\\\/?p=27099&lang=fr\",\"name\":\"Washington : Le ministre de l\u2019\u00e9conomie et des finances discute avec son homologue allemand pour \u00e9tendre la coop\u00e9ration au d\u00e9veloppement \u00e0 de nouveaux secteurs porteurs - Le Quotidien de Nouakchott\",\"isPartOf\":{\"@id\":\"https:\\\/\\\/lequotidien.mr\\\/#website\"},\"primaryImageOfPage\":{\"@id\":\"https:\\\/\\\/lequotidien.mr\\\/?p=27099&lang=fr#primaryimage\"},\"image\":{\"@id\":\"https:\\\/\\\/lequotidien.mr\\\/?p=27099&lang=fr#primaryimage\"},\"thumbnailUrl\":\"https:\\\/\\\/lequotidien.mr\\\/wp-content\\\/uploads\\\/2025\\\/04\\\/photo-mstre-fices-et-Allemagne.jpg\",\"datePublished\":\"2025-04-25T10:12:09+00:00\",\"breadcrumb\":{\"@id\":\"https:\\\/\\\/lequotidien.mr\\\/?p=27099&lang=fr#breadcrumb\"},\"inLanguage\":\"ar\",\"potentialAction\":[{\"@type\":\"ReadAction\",\"target\":[\"https:\\\/\\\/lequotidien.mr\\\/?p=27099&lang=fr\"]}]},{\"@type\":\"ImageObject\",\"inLanguage\":\"ar\",\"@id\":\"https:\\\/\\\/lequotidien.mr\\\/?p=27099&lang=fr#primaryimage\",\"url\":\"https:\\\/\\\/lequotidien.mr\\\/wp-content\\\/uploads\\\/2025\\\/04\\\/photo-mstre-fices-et-Allemagne.jpg\",\"contentUrl\":\"https:\\\/\\\/lequotidien.mr\\\/wp-content\\\/uploads\\\/2025\\\/04\\\/photo-mstre-fices-et-Allemagne.jpg\",\"width\":326,\"height\":430},{\"@type\":\"BreadcrumbList\",\"@id\":\"https:\\\/\\\/lequotidien.mr\\\/?p=27099&lang=fr#breadcrumb\",\"itemListElement\":[{\"@type\":\"ListItem\",\"position\":1,\"name\":\"Home\",\"item\":\"https:\\\/\\\/lequotidien.mr\\\/\"},{\"@type\":\"ListItem\",\"position\":2,\"name\":\"Washington : Le ministre de l\u2019\u00e9conomie et des finances discute avec son homologue allemand pour \u00e9tendre la coop\u00e9ration au d\u00e9veloppement \u00e0 de nouveaux secteurs porteurs\"}]},{\"@type\":\"WebSite\",\"@id\":\"https:\\\/\\\/lequotidien.mr\\\/#website\",\"url\":\"https:\\\/\\\/lequotidien.mr\\\/\",\"name\":\"Le Quotidien de Nouakchott\",\"description\":\"\u0625\u062e\u0628\u0627\u0631\u064a\u0629 \u0645\u0633\u062a\u0642\u0644\u0629 \u0644\u0644\u0623\u0646\u0628\u0627\u0621 \u0627\u0644\u0639\u0627\u0645\u0629\",\"publisher\":{\"@id\":\"https:\\\/\\\/lequotidien.mr\\\/#organization\"},\"potentialAction\":[{\"@type\":\"SearchAction\",\"target\":{\"@type\":\"EntryPoint\",\"urlTemplate\":\"https:\\\/\\\/lequotidien.mr\\\/?s={search_term_string}\"},\"query-input\":{\"@type\":\"PropertyValueSpecification\",\"valueRequired\":true,\"valueName\":\"search_term_string\"}}],\"inLanguage\":\"ar\"},{\"@type\":\"Organization\",\"@id\":\"https:\\\/\\\/lequotidien.mr\\\/#organization\",\"name\":\"Le Quotidien de Nouakchott\",\"url\":\"https:\\\/\\\/lequotidien.mr\\\/\",\"logo\":{\"@type\":\"ImageObject\",\"inLanguage\":\"ar\",\"@id\":\"https:\\\/\\\/lequotidien.mr\\\/#\\\/schema\\\/logo\\\/image\\\/\",\"url\":\"https:\\\/\\\/lequotidien.mr\\\/wp-content\\\/uploads\\\/2022\\\/11\\\/logolequotidien.jpg\",\"contentUrl\":\"https:\\\/\\\/lequotidien.mr\\\/wp-content\\\/uploads\\\/2022\\\/11\\\/logolequotidien.jpg\",\"width\":290,\"height\":65,\"caption\":\"Le Quotidien de Nouakchott\"},\"image\":{\"@id\":\"https:\\\/\\\/lequotidien.mr\\\/#\\\/schema\\\/logo\\\/image\\\/\"},\"sameAs\":[\"https:\\\/\\\/web.facebook.com\\\/lequotidienmr\",\"https:\\\/\\\/x.com\\\/lequotidienmr\"]},{\"@type\":\"Person\",\"@id\":\"https:\\\/\\\/lequotidien.mr\\\/#\\\/schema\\\/person\\\/d2d350202a4d599685ed8abc25f97596\",\"name\":\"Med Ahmed\",\"image\":{\"@type\":\"ImageObject\",\"inLanguage\":\"ar\",\"@id\":\"https:\\\/\\\/secure.gravatar.com\\\/avatar\\\/fd2acc62ed50732923d1d39c17172c9b04149f142be92310ecc69e1358f94b52?s=96&d=mm&r=g\",\"url\":\"https:\\\/\\\/secure.gravatar.com\\\/avatar\\\/fd2acc62ed50732923d1d39c17172c9b04149f142be92310ecc69e1358f94b52?s=96&d=mm&r=g\",\"contentUrl\":\"https:\\\/\\\/secure.gravatar.com\\\/avatar\\\/fd2acc62ed50732923d1d39c17172c9b04149f142be92310ecc69e1358f94b52?s=96&d=mm&r=g\",\"caption\":\"Med Ahmed\"},\"url\":\"https:\\\/\\\/lequotidien.mr\\\/?author=12\"}]}<\/script>\n<!-- \/ Yoast SEO plugin. -->","yoast_head_json":{"title":"Washington : Le ministre de l\u2019\u00e9conomie et des finances discute avec son homologue allemand pour \u00e9tendre la coop\u00e9ration au d\u00e9veloppement \u00e0 de nouveaux secteurs porteurs - Le Quotidien de Nouakchott","robots":{"index":"index","follow":"follow","max-snippet":"max-snippet:-1","max-image-preview":"max-image-preview:large","max-video-preview":"max-video-preview:-1"},"canonical":"https:\/\/lequotidien.mr\/?p=27099&lang=fr","og_locale":"ar_AR","og_type":"article","og_title":"Washington : Le ministre de l\u2019\u00e9conomie et des finances discute avec son homologue allemand pour \u00e9tendre la coop\u00e9ration au d\u00e9veloppement \u00e0 de nouveaux secteurs porteurs - Le Quotidien de Nouakchott","og_description":"En marge des r\u00e9unions de printemps du groupe de la Banque mondiale et du Fonds mon\u00e9taire international (FMI), tenues \u00e0 Washington, du 21 au 26 avril 2025, le ministre de l\u2019\u00c9conomie et des Finances, M. Sid\u2019Ahmed Bouh, s\u2019est entretenu ce jeudi avec Mme Svenja Schulze, ministre allemande de la Coop\u00e9ration \u00e9conomique et du D\u00e9veloppement. Cette.....","og_url":"https:\/\/lequotidien.mr\/?p=27099&lang=fr","og_site_name":"Le Quotidien de Nouakchott","article_publisher":"https:\/\/web.facebook.com\/lequotidienmr","article_published_time":"2025-04-25T10:12:09+00:00","og_image":[{"width":326,"height":430,"url":"https:\/\/lequotidien.mr\/wp-content\/uploads\/2025\/04\/photo-mstre-fices-et-Allemagne.jpg","type":"image\/jpeg"}],"author":"Med Ahmed","twitter_card":"summary_large_image","twitter_creator":"@lequotidienmr","twitter_site":"@lequotidienmr","twitter_misc":{"\u0643\u064f\u062a\u0628 \u0628\u0648\u0627\u0633\u0637\u0629":"Med Ahmed","\u0648\u0642\u062a \u0627\u0644\u0642\u0631\u0627\u0621\u0629 \u0627\u0644\u0645\u064f\u0642\u062f\u0651\u0631":"\u062f\u0642\u064a\u0642\u062a\u0627\u0646"},"schema":{"@context":"https:\/\/schema.org","@graph":[{"@type":"Article","@id":"https:\/\/lequotidien.mr\/?p=27099&lang=fr#article","isPartOf":{"@id":"https:\/\/lequotidien.mr\/?p=27099&lang=fr"},"author":{"name":"Med Ahmed","@id":"https:\/\/lequotidien.mr\/#\/schema\/person\/d2d350202a4d599685ed8abc25f97596"},"headline":"Washington : Le ministre de l\u2019\u00e9conomie et des finances discute avec son homologue allemand pour \u00e9tendre la coop\u00e9ration au d\u00e9veloppement \u00e0 de nouveaux secteurs porteurs","datePublished":"2025-04-25T10:12:09+00:00","mainEntityOfPage":{"@id":"https:\/\/lequotidien.mr\/?p=27099&lang=fr"},"wordCount":446,"commentCount":0,"publisher":{"@id":"https:\/\/lequotidien.mr\/#organization"},"image":{"@id":"https:\/\/lequotidien.mr\/?p=27099&lang=fr#primaryimage"},"thumbnailUrl":"https:\/\/lequotidien.mr\/wp-content\/uploads\/2025\/04\/photo-mstre-fices-et-Allemagne.jpg","articleSection":["ACTUALIT\u00c9","Economie"],"inLanguage":"ar","potentialAction":[{"@type":"CommentAction","name":"Comment","target":["https:\/\/lequotidien.mr\/?p=27099&lang=fr#respond"]}]},{"@type":"WebPage","@id":"https:\/\/lequotidien.mr\/?p=27099&lang=fr","url":"https:\/\/lequotidien.mr\/?p=27099&lang=fr","name":"Washington : Le ministre de l\u2019\u00e9conomie et des finances discute avec son homologue allemand pour \u00e9tendre la coop\u00e9ration au d\u00e9veloppement \u00e0 de nouveaux secteurs porteurs - Le Quotidien de Nouakchott","isPartOf":{"@id":"https:\/\/lequotidien.mr\/#website"},"primaryImageOfPage":{"@id":"https:\/\/lequotidien.mr\/?p=27099&lang=fr#primaryimage"},"image":{"@id":"https:\/\/lequotidien.mr\/?p=27099&lang=fr#primaryimage"},"thumbnailUrl":"https:\/\/lequotidien.mr\/wp-content\/uploads\/2025\/04\/photo-mstre-fices-et-Allemagne.jpg","datePublished":"2025-04-25T10:12:09+00:00","breadcrumb":{"@id":"https:\/\/lequotidien.mr\/?p=27099&lang=fr#breadcrumb"},"inLanguage":"ar","potentialAction":[{"@type":"ReadAction","target":["https:\/\/lequotidien.mr\/?p=27099&lang=fr"]}]},{"@type":"ImageObject","inLanguage":"ar","@id":"https:\/\/lequotidien.mr\/?p=27099&lang=fr#primaryimage","url":"https:\/\/lequotidien.mr\/wp-content\/uploads\/2025\/04\/photo-mstre-fices-et-Allemagne.jpg","contentUrl":"https:\/\/lequotidien.mr\/wp-content\/uploads\/2025\/04\/photo-mstre-fices-et-Allemagne.jpg","width":326,"height":430},{"@type":"BreadcrumbList","@id":"https:\/\/lequotidien.mr\/?p=27099&lang=fr#breadcrumb","itemListElement":[{"@type":"ListItem","position":1,"name":"Home","item":"https:\/\/lequotidien.mr\/"},{"@type":"ListItem","position":2,"name":"Washington : Le ministre de l\u2019\u00e9conomie et des finances discute avec son homologue allemand pour \u00e9tendre la coop\u00e9ration au d\u00e9veloppement \u00e0 de nouveaux secteurs porteurs"}]},{"@type":"WebSite","@id":"https:\/\/lequotidien.mr\/#website","url":"https:\/\/lequotidien.mr\/","name":"Le Quotidien de Nouakchott","description":"\u0625\u062e\u0628\u0627\u0631\u064a\u0629 \u0645\u0633\u062a\u0642\u0644\u0629 \u0644\u0644\u0623\u0646\u0628\u0627\u0621 \u0627\u0644\u0639\u0627\u0645\u0629","publisher":{"@id":"https:\/\/lequotidien.mr\/#organization"},"potentialAction":[{"@type":"SearchAction","target":{"@type":"EntryPoint","urlTemplate":"https:\/\/lequotidien.mr\/?s={search_term_string}"},"query-input":{"@type":"PropertyValueSpecification","valueRequired":true,"valueName":"search_term_string"}}],"inLanguage":"ar"},{"@type":"Organization","@id":"https:\/\/lequotidien.mr\/#organization","name":"Le Quotidien de Nouakchott","url":"https:\/\/lequotidien.mr\/","logo":{"@type":"ImageObject","inLanguage":"ar","@id":"https:\/\/lequotidien.mr\/#\/schema\/logo\/image\/","url":"https:\/\/lequotidien.mr\/wp-content\/uploads\/2022\/11\/logolequotidien.jpg","contentUrl":"https:\/\/lequotidien.mr\/wp-content\/uploads\/2022\/11\/logolequotidien.jpg","width":290,"height":65,"caption":"Le Quotidien de Nouakchott"},"image":{"@id":"https:\/\/lequotidien.mr\/#\/schema\/logo\/image\/"},"sameAs":["https:\/\/web.facebook.com\/lequotidienmr","https:\/\/x.com\/lequotidienmr"]},{"@type":"Person","@id":"https:\/\/lequotidien.mr\/#\/schema\/person\/d2d350202a4d599685ed8abc25f97596","name":"Med Ahmed","image":{"@type":"ImageObject","inLanguage":"ar","@id":"https:\/\/secure.gravatar.com\/avatar\/fd2acc62ed50732923d1d39c17172c9b04149f142be92310ecc69e1358f94b52?s=96&d=mm&r=g","url":"https:\/\/secure.gravatar.com\/avatar\/fd2acc62ed50732923d1d39c17172c9b04149f142be92310ecc69e1358f94b52?s=96&d=mm&r=g","contentUrl":"https:\/\/secure.gravatar.com\/avatar\/fd2acc62ed50732923d1d39c17172c9b04149f142be92310ecc69e1358f94b52?s=96&d=mm&r=g","caption":"Med Ahmed"},"url":"https:\/\/lequotidien.mr\/?author=12"}]}},"_links":{"self":[{"href":"https:\/\/lequotidien.mr\/index.php?rest_route=\/wp\/v2\/posts\/27099","targetHints":{"allow":["GET"]}}],"collection":[{"href":"https:\/\/lequotidien.mr\/index.php?rest_route=\/wp\/v2\/posts"}],"about":[{"href":"https:\/\/lequotidien.mr\/index.php?rest_route=\/wp\/v2\/types\/post"}],"author":[{"embeddable":true,"href":"https:\/\/lequotidien.mr\/index.php?rest_route=\/wp\/v2\/users\/12"}],"replies":[{"embeddable":true,"href":"https:\/\/lequotidien.mr\/index.php?rest_route=%2Fwp%2Fv2%2Fcomments&post=27099"}],"version-history":[{"count":1,"href":"https:\/\/lequotidien.mr\/index.php?rest_route=\/wp\/v2\/posts\/27099\/revisions"}],"predecessor-version":[{"id":27102,"href":"https:\/\/lequotidien.mr\/index.php?rest_route=\/wp\/v2\/posts\/27099\/revisions\/27102"}],"wp:featuredmedia":[{"embeddable":true,"href":"https:\/\/lequotidien.mr\/index.php?rest_route=\/wp\/v2\/media\/27101"}],"wp:attachment":[{"href":"https:\/\/lequotidien.mr\/index.php?rest_route=%2Fwp%2Fv2%2Fmedia&parent=27099"}],"wp:term":[{"taxonomy":"category","embeddable":true,"href":"https:\/\/lequotidien.mr\/index.php?rest_route=%2Fwp%2Fv2%2Fcategories&post=27099"},{"taxonomy":"post_tag","embeddable":true,"href":"https:\/\/lequotidien.mr\/index.php?rest_route=%2Fwp%2Fv2%2Ftags&post=27099"}],"curies":[{"name":"wp","href":"https:\/\/api.w.org\/{rel}","templated":true}]}}