{"id":27092,"date":"2025-04-24T23:59:57","date_gmt":"2025-04-24T23:59:57","guid":{"rendered":"https:\/\/lequotidien.mr\/?p=27092"},"modified":"2025-04-25T00:11:12","modified_gmt":"2025-04-25T00:11:12","slug":"abidjan-abrite-la-11e-conference-ministerielle-sur-la-peche-en-afrique-atlantique","status":"publish","type":"post","link":"https:\/\/lequotidien.mr\/?p=27092&lang=fr","title":{"rendered":"Abidjan abrite la 11e session de la Conf\u00e9rence minist\u00e9rielle sur la p\u00eache en Afrique-Atlantique"},"content":{"rendered":"<p>La 11\u1d49 session ordinaire de la\u00a0<em>Conf\u00e9rence minist\u00e9rielle sur la coop\u00e9ration dans le domaine de la p\u00eache entre les \u00c9tats d\u2019Afrique-Atlantique<\/em>\u00a0s\u2019est ouverte ce mercredi dans la capitale ivoirienne, r\u00e9unissant des d\u00e9l\u00e9gations de haut niveau des 22 \u00c9tats membres de l\u2019organisation. La Mauritanie y est repr\u00e9sent\u00e9e par le ministre de la P\u00eache, des Infrastructures Maritimes et Portuaires, M. El Fadil Sidaty Ahmed Louly, accompagn\u00e9 d\u2019une d\u00e9l\u00e9gation technique de son d\u00e9partement.<\/p>\n<p><strong>Une plateforme d\u2019\u00e9changes et d\u2019exposition<\/strong><\/p>\n<p>En marge de la session minist\u00e9rielle, l\u2019h\u00f4tel Sofitel Ivoire a accueilli le lancement d\u2019une exposition d\u00e9di\u00e9e au secteur de la p\u00eache et de l\u2019aquaculture. Cet \u00e9v\u00e9nement parall\u00e8le, d\u00e9crit comme un espace cl\u00e9 pour discuter des perspectives de d\u00e9veloppement dans la r\u00e9gion, a permis aux acteurs du secteur de partager innovations, bonnes pratiques et visions pour une exploitation durable des ressources maritimes.<\/p>\n<p><strong>C\u00e9r\u00e9monie d\u2019ouverture sous le signe de la coop\u00e9ration<\/strong><\/p>\n<p>Pr\u00e9sid\u00e9e par M. Robert Bigre Mamb\u00e9, Premier ministre de C\u00f4te d\u2019Ivoire, la c\u00e9r\u00e9monie d\u2019ouverture s\u2019est d\u00e9roul\u00e9e en pr\u00e9sence de ministres, hauts fonctionnaires et experts internationaux. Dans son allocution, le ministre mauritanien, M. El Fadil Sidaty Ahmed Louly, a insist\u00e9 sur l\u2019imp\u00e9ratif de renforcer la coop\u00e9ration sous-r\u00e9gionale pour \u00ab relever les d\u00e9fis li\u00e9s \u00e0 la durabilit\u00e9 des p\u00eaches et de l\u2019aquaculture \u00bb. Il a mis en avant les efforts d\u00e9ploy\u00e9s par la Mauritanie pour pr\u00e9server les ressources halieutiques partag\u00e9es, soulignant l\u2019engagement du pays en faveur d\u2019une gestion responsable et \u00e9quilibr\u00e9e.<\/p>\n<p>Le ministre a \u00e9galement r\u00e9it\u00e9r\u00e9 le soutien de Nouakchott aux actions communes visant \u00e0 \u00ab renforcer la s\u00e9curit\u00e9 alimentaire et am\u00e9liorer les conditions de vie des populations \u00bb de la r\u00e9gion, rappelant que la p\u00eache constitue un pilier socio\u00e9conomique majeur pour les \u00c9tats c\u00f4tiers d\u2019Afrique-Atlantique.<\/p>\n<p><strong>Vers un nouveau plan strat\u00e9gique 2025-2027<\/strong><\/p>\n<p>Pour M. Sidiki Tinikou Tour\u00e9, ministre ivoirien des Ressources animales et halieutiques, cette session rev\u00eat une importance capitale pour \u00ab consolider les acquis et impulser une dynamique r\u00e9gionale plus int\u00e9gr\u00e9e \u00bb. Les travaux de la conf\u00e9rence doivent notamment porter sur l\u2019\u00e9valuation de la mise en \u0153uvre des d\u00e9cisions issues de la 10\u1d49 session et sur l\u2019\u00e9laboration du nouveau plan d\u2019action strat\u00e9gique de l\u2019organisation pour la p\u00e9riode 2025-2027. Ce document orientera les priorit\u00e9s en mati\u00e8re de gouvernance des p\u00eaches, de lutte contre la p\u00eache illicite, et de promotion de l\u2019aquaculture durable.<\/p>\n<p><strong>Un engagement r\u00e9gional renouvel\u00e9<\/strong><\/p>\n<p>La participation active des \u00c9tats membres, illustr\u00e9e par la pr\u00e9sence de d\u00e9l\u00e9gations minist\u00e9rielles, t\u00e9moigne de la volont\u00e9 commune d\u2019harmoniser les politiques et de mutualiser les moyens face aux enjeux climatiques, \u00e9conomiques et s\u00e9curitaires qui affectent le secteur. Alors que l\u2019Afrique-Atlantique dispose d\u2019un potentiel halieutique immense, les discussions d\u2019Abidjan soulignent l\u2019urgence d\u2019une gestion concert\u00e9e pour transformer ces ressources en leviers de d\u00e9veloppement inclusif.<\/p>\n<p>Cette 11\u1d49 session s\u2019ach\u00e8vera sur des r\u00e9solutions attendues pour renforcer la r\u00e9silience des \u00e9cosyst\u00e8mes marins et garantir une exploitation \u00e9quitable, au b\u00e9n\u00e9fice des g\u00e9n\u00e9rations futures.<\/p>\n<p>&nbsp;<\/p>\n","protected":false},"excerpt":{"rendered":"<p>La 11\u1d49 session ordinaire de la\u00a0Conf\u00e9rence minist\u00e9rielle sur la coop\u00e9ration dans le domaine de la p\u00eache entre les \u00c9tats d\u2019Afrique-Atlantique\u00a0s\u2019est ouverte ce mercredi dans la capitale ivoirienne, r\u00e9unissant des d\u00e9l\u00e9gations de haut niveau des 22 \u00c9tats membres de l\u2019organisation. La Mauritanie y est repr\u00e9sent\u00e9e par le ministre de la P\u00eache, des Infrastructures Maritimes et Portuaires,&#8230;..<\/p>\n","protected":false},"author":12,"featured_media":27095,"comment_status":"open","ping_status":"open","sticky":false,"template":"","format":"standard","meta":{"footnotes":""},"categories":[23,49],"tags":[],"class_list":["post-27092","post","type-post","status-publish","format-standard","has-post-thumbnail","hentry","category-actualite","category-economie"],"yoast_head":"<!-- This site is optimized with the Yoast SEO plugin v27.5 - https:\/\/yoast.com\/product\/yoast-seo-wordpress\/ -->\n<title>Abidjan abrite la 11e session de la Conf\u00e9rence minist\u00e9rielle sur la p\u00eache en Afrique-Atlantique - Le Quotidien de Nouakchott<\/title>\n<meta name=\"robots\" content=\"index, follow, max-snippet:-1, max-image-preview:large, max-video-preview:-1\" \/>\n<link rel=\"canonical\" href=\"https:\/\/lequotidien.mr\/?p=27092&lang=fr\" \/>\n<meta property=\"og:locale\" content=\"ar_AR\" \/>\n<meta property=\"og:type\" content=\"article\" \/>\n<meta property=\"og:title\" content=\"Abidjan abrite la 11e session de la Conf\u00e9rence minist\u00e9rielle sur la p\u00eache en Afrique-Atlantique - Le Quotidien de Nouakchott\" \/>\n<meta property=\"og:description\" content=\"La 11\u1d49 session ordinaire de la\u00a0Conf\u00e9rence minist\u00e9rielle sur la coop\u00e9ration dans le domaine de la p\u00eache entre les \u00c9tats d\u2019Afrique-Atlantique\u00a0s\u2019est ouverte ce mercredi dans la capitale ivoirienne, r\u00e9unissant des d\u00e9l\u00e9gations de haut niveau des 22 \u00c9tats membres de l\u2019organisation. La Mauritanie y est repr\u00e9sent\u00e9e par le ministre de la P\u00eache, des Infrastructures Maritimes et Portuaires,.....\" \/>\n<meta property=\"og:url\" content=\"https:\/\/lequotidien.mr\/?p=27092&amp;lang=fr\" \/>\n<meta property=\"og:site_name\" content=\"Le Quotidien de Nouakchott\" \/>\n<meta property=\"article:publisher\" content=\"https:\/\/web.facebook.com\/lequotidienmr\" \/>\n<meta property=\"article:published_time\" content=\"2025-04-24T23:59:57+00:00\" \/>\n<meta property=\"article:modified_time\" content=\"2025-04-25T00:11:12+00:00\" \/>\n<meta property=\"og:image\" content=\"https:\/\/lequotidien.mr\/wp-content\/uploads\/2025\/04\/photo-peche-Abidjan.jpg\" \/>\n\t<meta property=\"og:image:width\" content=\"750\" \/>\n\t<meta property=\"og:image:height\" content=\"430\" \/>\n\t<meta property=\"og:image:type\" content=\"image\/jpeg\" \/>\n<meta name=\"author\" content=\"Med Ahmed\" \/>\n<meta name=\"twitter:card\" content=\"summary_large_image\" \/>\n<meta name=\"twitter:creator\" content=\"@lequotidienmr\" \/>\n<meta name=\"twitter:site\" content=\"@lequotidienmr\" \/>\n<meta name=\"twitter:label1\" content=\"\u0643\u064f\u062a\u0628 \u0628\u0648\u0627\u0633\u0637\u0629\" \/>\n\t<meta name=\"twitter:data1\" content=\"Med Ahmed\" \/>\n\t<meta name=\"twitter:label2\" content=\"\u0648\u0642\u062a \u0627\u0644\u0642\u0631\u0627\u0621\u0629 \u0627\u0644\u0645\u064f\u0642\u062f\u0651\u0631\" \/>\n\t<meta name=\"twitter:data2\" content=\"3 \u062f\u0642\u0627\u0626\u0642\" \/>\n<script type=\"application\/ld+json\" class=\"yoast-schema-graph\">{\"@context\":\"https:\\\/\\\/schema.org\",\"@graph\":[{\"@type\":\"Article\",\"@id\":\"https:\\\/\\\/lequotidien.mr\\\/?p=27092&lang=fr#article\",\"isPartOf\":{\"@id\":\"https:\\\/\\\/lequotidien.mr\\\/?p=27092&lang=fr\"},\"author\":{\"name\":\"Med Ahmed\",\"@id\":\"https:\\\/\\\/lequotidien.mr\\\/#\\\/schema\\\/person\\\/d2d350202a4d599685ed8abc25f97596\"},\"headline\":\"Abidjan abrite la 11e session de la Conf\u00e9rence minist\u00e9rielle sur la p\u00eache en Afrique-Atlantique\",\"datePublished\":\"2025-04-24T23:59:57+00:00\",\"dateModified\":\"2025-04-25T00:11:12+00:00\",\"mainEntityOfPage\":{\"@id\":\"https:\\\/\\\/lequotidien.mr\\\/?p=27092&lang=fr\"},\"wordCount\":585,\"commentCount\":0,\"publisher\":{\"@id\":\"https:\\\/\\\/lequotidien.mr\\\/#organization\"},\"image\":{\"@id\":\"https:\\\/\\\/lequotidien.mr\\\/?p=27092&lang=fr#primaryimage\"},\"thumbnailUrl\":\"https:\\\/\\\/lequotidien.mr\\\/wp-content\\\/uploads\\\/2025\\\/04\\\/photo-peche-Abidjan.jpg\",\"articleSection\":[\"ACTUALIT\u00c9\",\"Economie\"],\"inLanguage\":\"ar\",\"potentialAction\":[{\"@type\":\"CommentAction\",\"name\":\"Comment\",\"target\":[\"https:\\\/\\\/lequotidien.mr\\\/?p=27092&lang=fr#respond\"]}]},{\"@type\":\"WebPage\",\"@id\":\"https:\\\/\\\/lequotidien.mr\\\/?p=27092&lang=fr\",\"url\":\"https:\\\/\\\/lequotidien.mr\\\/?p=27092&lang=fr\",\"name\":\"Abidjan abrite la 11e session de la Conf\u00e9rence minist\u00e9rielle sur la p\u00eache en Afrique-Atlantique - Le Quotidien de Nouakchott\",\"isPartOf\":{\"@id\":\"https:\\\/\\\/lequotidien.mr\\\/#website\"},\"primaryImageOfPage\":{\"@id\":\"https:\\\/\\\/lequotidien.mr\\\/?p=27092&lang=fr#primaryimage\"},\"image\":{\"@id\":\"https:\\\/\\\/lequotidien.mr\\\/?p=27092&lang=fr#primaryimage\"},\"thumbnailUrl\":\"https:\\\/\\\/lequotidien.mr\\\/wp-content\\\/uploads\\\/2025\\\/04\\\/photo-peche-Abidjan.jpg\",\"datePublished\":\"2025-04-24T23:59:57+00:00\",\"dateModified\":\"2025-04-25T00:11:12+00:00\",\"breadcrumb\":{\"@id\":\"https:\\\/\\\/lequotidien.mr\\\/?p=27092&lang=fr#breadcrumb\"},\"inLanguage\":\"ar\",\"potentialAction\":[{\"@type\":\"ReadAction\",\"target\":[\"https:\\\/\\\/lequotidien.mr\\\/?p=27092&lang=fr\"]}]},{\"@type\":\"ImageObject\",\"inLanguage\":\"ar\",\"@id\":\"https:\\\/\\\/lequotidien.mr\\\/?p=27092&lang=fr#primaryimage\",\"url\":\"https:\\\/\\\/lequotidien.mr\\\/wp-content\\\/uploads\\\/2025\\\/04\\\/photo-peche-Abidjan.jpg\",\"contentUrl\":\"https:\\\/\\\/lequotidien.mr\\\/wp-content\\\/uploads\\\/2025\\\/04\\\/photo-peche-Abidjan.jpg\",\"width\":750,\"height\":430},{\"@type\":\"BreadcrumbList\",\"@id\":\"https:\\\/\\\/lequotidien.mr\\\/?p=27092&lang=fr#breadcrumb\",\"itemListElement\":[{\"@type\":\"ListItem\",\"position\":1,\"name\":\"Home\",\"item\":\"https:\\\/\\\/lequotidien.mr\\\/\"},{\"@type\":\"ListItem\",\"position\":2,\"name\":\"Abidjan abrite la 11e session de la Conf\u00e9rence minist\u00e9rielle sur la p\u00eache en Afrique-Atlantique\"}]},{\"@type\":\"WebSite\",\"@id\":\"https:\\\/\\\/lequotidien.mr\\\/#website\",\"url\":\"https:\\\/\\\/lequotidien.mr\\\/\",\"name\":\"Le Quotidien de Nouakchott\",\"description\":\"\u0625\u062e\u0628\u0627\u0631\u064a\u0629 \u0645\u0633\u062a\u0642\u0644\u0629 \u0644\u0644\u0623\u0646\u0628\u0627\u0621 \u0627\u0644\u0639\u0627\u0645\u0629\",\"publisher\":{\"@id\":\"https:\\\/\\\/lequotidien.mr\\\/#organization\"},\"potentialAction\":[{\"@type\":\"SearchAction\",\"target\":{\"@type\":\"EntryPoint\",\"urlTemplate\":\"https:\\\/\\\/lequotidien.mr\\\/?s={search_term_string}\"},\"query-input\":{\"@type\":\"PropertyValueSpecification\",\"valueRequired\":true,\"valueName\":\"search_term_string\"}}],\"inLanguage\":\"ar\"},{\"@type\":\"Organization\",\"@id\":\"https:\\\/\\\/lequotidien.mr\\\/#organization\",\"name\":\"Le Quotidien de Nouakchott\",\"url\":\"https:\\\/\\\/lequotidien.mr\\\/\",\"logo\":{\"@type\":\"ImageObject\",\"inLanguage\":\"ar\",\"@id\":\"https:\\\/\\\/lequotidien.mr\\\/#\\\/schema\\\/logo\\\/image\\\/\",\"url\":\"https:\\\/\\\/lequotidien.mr\\\/wp-content\\\/uploads\\\/2022\\\/11\\\/logolequotidien.jpg\",\"contentUrl\":\"https:\\\/\\\/lequotidien.mr\\\/wp-content\\\/uploads\\\/2022\\\/11\\\/logolequotidien.jpg\",\"width\":290,\"height\":65,\"caption\":\"Le Quotidien de Nouakchott\"},\"image\":{\"@id\":\"https:\\\/\\\/lequotidien.mr\\\/#\\\/schema\\\/logo\\\/image\\\/\"},\"sameAs\":[\"https:\\\/\\\/web.facebook.com\\\/lequotidienmr\",\"https:\\\/\\\/x.com\\\/lequotidienmr\"]},{\"@type\":\"Person\",\"@id\":\"https:\\\/\\\/lequotidien.mr\\\/#\\\/schema\\\/person\\\/d2d350202a4d599685ed8abc25f97596\",\"name\":\"Med Ahmed\",\"image\":{\"@type\":\"ImageObject\",\"inLanguage\":\"ar\",\"@id\":\"https:\\\/\\\/secure.gravatar.com\\\/avatar\\\/fd2acc62ed50732923d1d39c17172c9b04149f142be92310ecc69e1358f94b52?s=96&d=mm&r=g\",\"url\":\"https:\\\/\\\/secure.gravatar.com\\\/avatar\\\/fd2acc62ed50732923d1d39c17172c9b04149f142be92310ecc69e1358f94b52?s=96&d=mm&r=g\",\"contentUrl\":\"https:\\\/\\\/secure.gravatar.com\\\/avatar\\\/fd2acc62ed50732923d1d39c17172c9b04149f142be92310ecc69e1358f94b52?s=96&d=mm&r=g\",\"caption\":\"Med Ahmed\"},\"url\":\"https:\\\/\\\/lequotidien.mr\\\/?author=12\"}]}<\/script>\n<!-- \/ Yoast SEO plugin. -->","yoast_head_json":{"title":"Abidjan abrite la 11e session de la Conf\u00e9rence minist\u00e9rielle sur la p\u00eache en Afrique-Atlantique - Le Quotidien de Nouakchott","robots":{"index":"index","follow":"follow","max-snippet":"max-snippet:-1","max-image-preview":"max-image-preview:large","max-video-preview":"max-video-preview:-1"},"canonical":"https:\/\/lequotidien.mr\/?p=27092&lang=fr","og_locale":"ar_AR","og_type":"article","og_title":"Abidjan abrite la 11e session de la Conf\u00e9rence minist\u00e9rielle sur la p\u00eache en Afrique-Atlantique - Le Quotidien de Nouakchott","og_description":"La 11\u1d49 session ordinaire de la\u00a0Conf\u00e9rence minist\u00e9rielle sur la coop\u00e9ration dans le domaine de la p\u00eache entre les \u00c9tats d\u2019Afrique-Atlantique\u00a0s\u2019est ouverte ce mercredi dans la capitale ivoirienne, r\u00e9unissant des d\u00e9l\u00e9gations de haut niveau des 22 \u00c9tats membres de l\u2019organisation. La Mauritanie y est repr\u00e9sent\u00e9e par le ministre de la P\u00eache, des Infrastructures Maritimes et Portuaires,.....","og_url":"https:\/\/lequotidien.mr\/?p=27092&lang=fr","og_site_name":"Le Quotidien de Nouakchott","article_publisher":"https:\/\/web.facebook.com\/lequotidienmr","article_published_time":"2025-04-24T23:59:57+00:00","article_modified_time":"2025-04-25T00:11:12+00:00","og_image":[{"width":750,"height":430,"url":"https:\/\/lequotidien.mr\/wp-content\/uploads\/2025\/04\/photo-peche-Abidjan.jpg","type":"image\/jpeg"}],"author":"Med Ahmed","twitter_card":"summary_large_image","twitter_creator":"@lequotidienmr","twitter_site":"@lequotidienmr","twitter_misc":{"\u0643\u064f\u062a\u0628 \u0628\u0648\u0627\u0633\u0637\u0629":"Med Ahmed","\u0648\u0642\u062a \u0627\u0644\u0642\u0631\u0627\u0621\u0629 \u0627\u0644\u0645\u064f\u0642\u062f\u0651\u0631":"3 \u062f\u0642\u0627\u0626\u0642"},"schema":{"@context":"https:\/\/schema.org","@graph":[{"@type":"Article","@id":"https:\/\/lequotidien.mr\/?p=27092&lang=fr#article","isPartOf":{"@id":"https:\/\/lequotidien.mr\/?p=27092&lang=fr"},"author":{"name":"Med Ahmed","@id":"https:\/\/lequotidien.mr\/#\/schema\/person\/d2d350202a4d599685ed8abc25f97596"},"headline":"Abidjan abrite la 11e session de la Conf\u00e9rence minist\u00e9rielle sur la p\u00eache en Afrique-Atlantique","datePublished":"2025-04-24T23:59:57+00:00","dateModified":"2025-04-25T00:11:12+00:00","mainEntityOfPage":{"@id":"https:\/\/lequotidien.mr\/?p=27092&lang=fr"},"wordCount":585,"commentCount":0,"publisher":{"@id":"https:\/\/lequotidien.mr\/#organization"},"image":{"@id":"https:\/\/lequotidien.mr\/?p=27092&lang=fr#primaryimage"},"thumbnailUrl":"https:\/\/lequotidien.mr\/wp-content\/uploads\/2025\/04\/photo-peche-Abidjan.jpg","articleSection":["ACTUALIT\u00c9","Economie"],"inLanguage":"ar","potentialAction":[{"@type":"CommentAction","name":"Comment","target":["https:\/\/lequotidien.mr\/?p=27092&lang=fr#respond"]}]},{"@type":"WebPage","@id":"https:\/\/lequotidien.mr\/?p=27092&lang=fr","url":"https:\/\/lequotidien.mr\/?p=27092&lang=fr","name":"Abidjan abrite la 11e session de la Conf\u00e9rence minist\u00e9rielle sur la p\u00eache en Afrique-Atlantique - Le Quotidien de Nouakchott","isPartOf":{"@id":"https:\/\/lequotidien.mr\/#website"},"primaryImageOfPage":{"@id":"https:\/\/lequotidien.mr\/?p=27092&lang=fr#primaryimage"},"image":{"@id":"https:\/\/lequotidien.mr\/?p=27092&lang=fr#primaryimage"},"thumbnailUrl":"https:\/\/lequotidien.mr\/wp-content\/uploads\/2025\/04\/photo-peche-Abidjan.jpg","datePublished":"2025-04-24T23:59:57+00:00","dateModified":"2025-04-25T00:11:12+00:00","breadcrumb":{"@id":"https:\/\/lequotidien.mr\/?p=27092&lang=fr#breadcrumb"},"inLanguage":"ar","potentialAction":[{"@type":"ReadAction","target":["https:\/\/lequotidien.mr\/?p=27092&lang=fr"]}]},{"@type":"ImageObject","inLanguage":"ar","@id":"https:\/\/lequotidien.mr\/?p=27092&lang=fr#primaryimage","url":"https:\/\/lequotidien.mr\/wp-content\/uploads\/2025\/04\/photo-peche-Abidjan.jpg","contentUrl":"https:\/\/lequotidien.mr\/wp-content\/uploads\/2025\/04\/photo-peche-Abidjan.jpg","width":750,"height":430},{"@type":"BreadcrumbList","@id":"https:\/\/lequotidien.mr\/?p=27092&lang=fr#breadcrumb","itemListElement":[{"@type":"ListItem","position":1,"name":"Home","item":"https:\/\/lequotidien.mr\/"},{"@type":"ListItem","position":2,"name":"Abidjan abrite la 11e session de la Conf\u00e9rence minist\u00e9rielle sur la p\u00eache en Afrique-Atlantique"}]},{"@type":"WebSite","@id":"https:\/\/lequotidien.mr\/#website","url":"https:\/\/lequotidien.mr\/","name":"Le Quotidien de Nouakchott","description":"\u0625\u062e\u0628\u0627\u0631\u064a\u0629 \u0645\u0633\u062a\u0642\u0644\u0629 \u0644\u0644\u0623\u0646\u0628\u0627\u0621 \u0627\u0644\u0639\u0627\u0645\u0629","publisher":{"@id":"https:\/\/lequotidien.mr\/#organization"},"potentialAction":[{"@type":"SearchAction","target":{"@type":"EntryPoint","urlTemplate":"https:\/\/lequotidien.mr\/?s={search_term_string}"},"query-input":{"@type":"PropertyValueSpecification","valueRequired":true,"valueName":"search_term_string"}}],"inLanguage":"ar"},{"@type":"Organization","@id":"https:\/\/lequotidien.mr\/#organization","name":"Le Quotidien de Nouakchott","url":"https:\/\/lequotidien.mr\/","logo":{"@type":"ImageObject","inLanguage":"ar","@id":"https:\/\/lequotidien.mr\/#\/schema\/logo\/image\/","url":"https:\/\/lequotidien.mr\/wp-content\/uploads\/2022\/11\/logolequotidien.jpg","contentUrl":"https:\/\/lequotidien.mr\/wp-content\/uploads\/2022\/11\/logolequotidien.jpg","width":290,"height":65,"caption":"Le Quotidien de Nouakchott"},"image":{"@id":"https:\/\/lequotidien.mr\/#\/schema\/logo\/image\/"},"sameAs":["https:\/\/web.facebook.com\/lequotidienmr","https:\/\/x.com\/lequotidienmr"]},{"@type":"Person","@id":"https:\/\/lequotidien.mr\/#\/schema\/person\/d2d350202a4d599685ed8abc25f97596","name":"Med Ahmed","image":{"@type":"ImageObject","inLanguage":"ar","@id":"https:\/\/secure.gravatar.com\/avatar\/fd2acc62ed50732923d1d39c17172c9b04149f142be92310ecc69e1358f94b52?s=96&d=mm&r=g","url":"https:\/\/secure.gravatar.com\/avatar\/fd2acc62ed50732923d1d39c17172c9b04149f142be92310ecc69e1358f94b52?s=96&d=mm&r=g","contentUrl":"https:\/\/secure.gravatar.com\/avatar\/fd2acc62ed50732923d1d39c17172c9b04149f142be92310ecc69e1358f94b52?s=96&d=mm&r=g","caption":"Med Ahmed"},"url":"https:\/\/lequotidien.mr\/?author=12"}]}},"_links":{"self":[{"href":"https:\/\/lequotidien.mr\/index.php?rest_route=\/wp\/v2\/posts\/27092","targetHints":{"allow":["GET"]}}],"collection":[{"href":"https:\/\/lequotidien.mr\/index.php?rest_route=\/wp\/v2\/posts"}],"about":[{"href":"https:\/\/lequotidien.mr\/index.php?rest_route=\/wp\/v2\/types\/post"}],"author":[{"embeddable":true,"href":"https:\/\/lequotidien.mr\/index.php?rest_route=\/wp\/v2\/users\/12"}],"replies":[{"embeddable":true,"href":"https:\/\/lequotidien.mr\/index.php?rest_route=%2Fwp%2Fv2%2Fcomments&post=27092"}],"version-history":[{"count":3,"href":"https:\/\/lequotidien.mr\/index.php?rest_route=\/wp\/v2\/posts\/27092\/revisions"}],"predecessor-version":[{"id":27096,"href":"https:\/\/lequotidien.mr\/index.php?rest_route=\/wp\/v2\/posts\/27092\/revisions\/27096"}],"wp:featuredmedia":[{"embeddable":true,"href":"https:\/\/lequotidien.mr\/index.php?rest_route=\/wp\/v2\/media\/27095"}],"wp:attachment":[{"href":"https:\/\/lequotidien.mr\/index.php?rest_route=%2Fwp%2Fv2%2Fmedia&parent=27092"}],"wp:term":[{"taxonomy":"category","embeddable":true,"href":"https:\/\/lequotidien.mr\/index.php?rest_route=%2Fwp%2Fv2%2Fcategories&post=27092"},{"taxonomy":"post_tag","embeddable":true,"href":"https:\/\/lequotidien.mr\/index.php?rest_route=%2Fwp%2Fv2%2Ftags&post=27092"}],"curies":[{"name":"wp","href":"https:\/\/api.w.org\/{rel}","templated":true}]}}