{"id":27089,"date":"2025-04-24T23:52:50","date_gmt":"2025-04-24T23:52:50","guid":{"rendered":"https:\/\/lequotidien.mr\/?p=27089"},"modified":"2025-04-24T23:52:50","modified_gmt":"2025-04-24T23:52:50","slug":"le-president-el-ghazouani-honore-lexcellence-des-mahadras-lors-de-la-cinquieme-edition-du-prix-presidentiel","status":"publish","type":"post","link":"https:\/\/lequotidien.mr\/?p=27089&lang=fr","title":{"rendered":"Le Pr\u00e9sident El Ghazouani honore l\u2019excellence des mahadras lors de la cinqui\u00e8me \u00e9dition du prix pr\u00e9sidentiel"},"content":{"rendered":"<p>Le Pr\u00e9sident de la R\u00e9publique, Monsieur Mohamed Cheikh El Ghazouani, a pr\u00e9sid\u00e9 ce jeudi matin, au Palais des congr\u00e8s de Nouakchott, la c\u00e9r\u00e9monie de remise de la cinqui\u00e8me \u00e9dition du\u00a0<em>Prix du Pr\u00e9sident de la R\u00e9publique pour la m\u00e9morisation et la compr\u00e9hension des textes religieux enseign\u00e9s \u00e0 la mahadra<\/em>. Institu\u00e9 en 2020 lors du Conseil des ministres du 16 septembre, ce concours national vise \u00e0 promouvoir l\u2019excellence acad\u00e9mique, pr\u00e9server l\u2019enseignement traditionnel mauritanien et renforcer le rayonnement culturel et civilisationnel du pays \u00e0 travers la ma\u00eetrise des sciences religieuses et linguistiques.<\/p>\n<p><strong>Un h\u00e9ritage p\u00e9dagogique c\u00e9l\u00e9br\u00e9<\/strong><\/p>\n<p>Le programme du concours englobe l\u2019int\u00e9gralit\u00e9 du cursus des grandes mahadras, piliers de l\u2019enseignement originel : le Coran et ses sciences, la jurisprudence islamique (<em>fiqh<\/em>), les fondements du droit musulman, les sciences du Hadith, la biographie du Proph\u00e8te (PSL), ainsi que la langue arabe et ses disciplines. La c\u00e9r\u00e9monie, ouverte par la lecture de versets coraniques, a \u00e9t\u00e9 marqu\u00e9e par la projection d\u2019un film documentaire et la d\u00e9clamation de po\u00e8mes exaltant le r\u00f4le historique des mahadras dans la pr\u00e9servation de l\u2019identit\u00e9 nationale.<\/p>\n<p><strong>Des laur\u00e9ats r\u00e9compens\u00e9s pour leur savoir<\/strong><\/p>\n<p>Cinq \u00e9tudiants se sont distingu\u00e9s lors de cette \u00e9dition. Le premier prix, d\u2019une valeur de 5 millions de MRO, a \u00e9t\u00e9 remis par le Pr\u00e9sident Ghazouani \u00e0 M. Abdel Jelil Mohamed Sidiya. Le Premier ministre, M. Moctar Diay, a honor\u00e9 le deuxi\u00e8me laur\u00e9at, M. Abderrahmane Ahmed Jiddou (4 millions MRO), tandis que le ministre des Affaires islamiques, M. Sidi Yahya Cheikhna Lemrabott, d\u00e9cernait 3 millions MRO \u00e0 M. Mohamed Ahmedou Cheikh Ahmed. Le quatri\u00e8me prix (2 millions MRO) a \u00e9t\u00e9 attribu\u00e9 par Dr. Oumar Hatour Al-Darei, pr\u00e9sident de l\u2019Autorit\u00e9 des affaires islamiques des \u00c9mirats arabes unis, \u00e0 M. Ali Naji. Enfin, M. Cheikh Saleh, secr\u00e9taire g\u00e9n\u00e9ral de l\u2019Association des Oul\u00e9mas de Mauritanie, a remis 1 million MRO \u00e0 M. Abdel Hamid Cheikh Mohameden.<\/p>\n<p><strong>Une initiative au service de la mod\u00e9ration et du patrimoine<\/strong><\/p>\n<p>Dans son allocution, le ministre des Affaires islamiques a soulign\u00e9 que ce prix incarne la volont\u00e9 du Pr\u00e9sident Ghazouani de \u00ab redonner vie \u00e0 un patrimoine culturel menac\u00e9 par l\u2019oubli \u00bb et de consolider l\u2019enseignement mahadra, \u00ab rempart contre l\u2019extr\u00e9misme et l\u2019intol\u00e9rance \u00bb. Il a salu\u00e9 une \u00e9dition marqu\u00e9e par l\u2019\u00e9quit\u00e9 et la transparence, refl\u00e9tant l\u2019engagement de la jeunesse en faveur d\u2019un savoir ancr\u00e9 dans la mod\u00e9ration.<\/p>\n<p>M. Cheikh Saleh, secr\u00e9taire g\u00e9n\u00e9ral de l\u2019Association des Oul\u00e9mas, a rappel\u00e9 le r\u00f4le historique des mahadras, \u00ab phares du d\u00e9sert \u00bb ayant transcend\u00e9 les d\u00e9fis naturels pour forger une p\u00e9dagogie unique, alliant enracinement et ouverture. Dr. Al-Darei a, quant \u00e0 lui, transmis les salutations du Pr\u00e9sident \u00e9mirati Cheikh Mohamed ben Zayed, saluant l\u2019influence de la mahadra chinguittienne jusqu\u2019aux \u00c9mirats.<\/p>\n<p><strong>Un appel \u00e0 perp\u00e9tuer l\u2019h\u00e9ritage scientifique<\/strong><\/p>\n<p>Porte-parole des laur\u00e9ats, M. Abdel Jelil Mohamed Sidiya a rendu hommage au Chef de l\u2019\u00c9tat pour son soutien \u00e0 l\u2019enseignement originel, \u00e9voquant \u00ab la m\u00e9moire \u00e9clatante d\u2019une Mauritanie fi\u00e8re de son legs intellectuel et de ses Oul\u00e9mas, garants de la temp\u00e9rance \u00bb.<\/p>\n<p>La c\u00e9r\u00e9monie s\u2019est tenue en pr\u00e9sence du Premier ministre, du Chef de l\u2019opposition d\u00e9mocratique, de membres du gouvernement, de diplomates et d\u2019\u00e9rudits, symbolisant l\u2019union nationale autour d\u2019un enseignement qui continue de fa\u00e7onner l\u2019\u00e2me mauritanienne. Par ce prix, la Mauritanie r\u00e9affirme sa place de bastion d\u2019un islam \u00e9clair\u00e9, o\u00f9 savoir rime avec paix et mod\u00e9ration.<\/p>\n","protected":false},"excerpt":{"rendered":"<p>Le Pr\u00e9sident de la R\u00e9publique, Monsieur Mohamed Cheikh El Ghazouani, a pr\u00e9sid\u00e9 ce jeudi matin, au Palais des congr\u00e8s de Nouakchott, la c\u00e9r\u00e9monie de remise de la cinqui\u00e8me \u00e9dition du\u00a0Prix du Pr\u00e9sident de la R\u00e9publique pour la m\u00e9morisation et la compr\u00e9hension des textes religieux enseign\u00e9s \u00e0 la mahadra. Institu\u00e9 en 2020 lors du Conseil des&#8230;..<\/p>\n","protected":false},"author":12,"featured_media":27090,"comment_status":"open","ping_status":"open","sticky":false,"template":"","format":"standard","meta":{"footnotes":""},"categories":[23,55],"tags":[],"class_list":["post-27089","post","type-post","status-publish","format-standard","has-post-thumbnail","hentry","category-actualite","category-culture"],"yoast_head":"<!-- This site is optimized with the Yoast SEO plugin v27.5 - https:\/\/yoast.com\/product\/yoast-seo-wordpress\/ -->\n<title>Le Pr\u00e9sident El Ghazouani honore l\u2019excellence des mahadras lors de la cinqui\u00e8me \u00e9dition du prix pr\u00e9sidentiel - Le Quotidien de Nouakchott<\/title>\n<meta name=\"robots\" content=\"index, follow, max-snippet:-1, max-image-preview:large, max-video-preview:-1\" \/>\n<link rel=\"canonical\" href=\"https:\/\/lequotidien.mr\/?p=27089&lang=fr\" \/>\n<meta property=\"og:locale\" content=\"ar_AR\" \/>\n<meta property=\"og:type\" content=\"article\" \/>\n<meta property=\"og:title\" content=\"Le Pr\u00e9sident El Ghazouani honore l\u2019excellence des mahadras lors de la cinqui\u00e8me \u00e9dition du prix pr\u00e9sidentiel - Le Quotidien de Nouakchott\" \/>\n<meta property=\"og:description\" content=\"Le Pr\u00e9sident de la R\u00e9publique, Monsieur Mohamed Cheikh El Ghazouani, a pr\u00e9sid\u00e9 ce jeudi matin, au Palais des congr\u00e8s de Nouakchott, la c\u00e9r\u00e9monie de remise de la cinqui\u00e8me \u00e9dition du\u00a0Prix du Pr\u00e9sident de la R\u00e9publique pour la m\u00e9morisation et la compr\u00e9hension des textes religieux enseign\u00e9s \u00e0 la mahadra. Institu\u00e9 en 2020 lors du Conseil des.....\" \/>\n<meta property=\"og:url\" content=\"https:\/\/lequotidien.mr\/?p=27089&amp;lang=fr\" \/>\n<meta property=\"og:site_name\" content=\"Le Quotidien de Nouakchott\" \/>\n<meta property=\"article:publisher\" content=\"https:\/\/web.facebook.com\/lequotidienmr\" \/>\n<meta property=\"article:published_time\" content=\"2025-04-24T23:52:50+00:00\" \/>\n<meta property=\"og:image\" content=\"https:\/\/lequotidien.mr\/wp-content\/uploads\/2025\/04\/photo-Pdtg-prix.jpg\" \/>\n\t<meta property=\"og:image:width\" content=\"750\" \/>\n\t<meta property=\"og:image:height\" content=\"430\" \/>\n\t<meta property=\"og:image:type\" content=\"image\/jpeg\" \/>\n<meta name=\"author\" content=\"Med Ahmed\" \/>\n<meta name=\"twitter:card\" content=\"summary_large_image\" \/>\n<meta name=\"twitter:creator\" content=\"@lequotidienmr\" \/>\n<meta name=\"twitter:site\" content=\"@lequotidienmr\" \/>\n<meta name=\"twitter:label1\" content=\"\u0643\u064f\u062a\u0628 \u0628\u0648\u0627\u0633\u0637\u0629\" \/>\n\t<meta name=\"twitter:data1\" content=\"Med Ahmed\" \/>\n\t<meta name=\"twitter:label2\" content=\"\u0648\u0642\u062a \u0627\u0644\u0642\u0631\u0627\u0621\u0629 \u0627\u0644\u0645\u064f\u0642\u062f\u0651\u0631\" \/>\n\t<meta name=\"twitter:data2\" content=\"3 \u062f\u0642\u0627\u0626\u0642\" \/>\n<script type=\"application\/ld+json\" class=\"yoast-schema-graph\">{\"@context\":\"https:\\\/\\\/schema.org\",\"@graph\":[{\"@type\":\"Article\",\"@id\":\"https:\\\/\\\/lequotidien.mr\\\/?p=27089&lang=fr#article\",\"isPartOf\":{\"@id\":\"https:\\\/\\\/lequotidien.mr\\\/?p=27089&lang=fr\"},\"author\":{\"name\":\"Med Ahmed\",\"@id\":\"https:\\\/\\\/lequotidien.mr\\\/#\\\/schema\\\/person\\\/d2d350202a4d599685ed8abc25f97596\"},\"headline\":\"Le Pr\u00e9sident El Ghazouani honore l\u2019excellence des mahadras lors de la cinqui\u00e8me \u00e9dition du prix pr\u00e9sidentiel\",\"datePublished\":\"2025-04-24T23:52:50+00:00\",\"mainEntityOfPage\":{\"@id\":\"https:\\\/\\\/lequotidien.mr\\\/?p=27089&lang=fr\"},\"wordCount\":638,\"commentCount\":0,\"publisher\":{\"@id\":\"https:\\\/\\\/lequotidien.mr\\\/#organization\"},\"image\":{\"@id\":\"https:\\\/\\\/lequotidien.mr\\\/?p=27089&lang=fr#primaryimage\"},\"thumbnailUrl\":\"https:\\\/\\\/lequotidien.mr\\\/wp-content\\\/uploads\\\/2025\\\/04\\\/photo-Pdtg-prix.jpg\",\"articleSection\":[\"ACTUALIT\u00c9\",\"Culture\"],\"inLanguage\":\"ar\",\"potentialAction\":[{\"@type\":\"CommentAction\",\"name\":\"Comment\",\"target\":[\"https:\\\/\\\/lequotidien.mr\\\/?p=27089&lang=fr#respond\"]}]},{\"@type\":\"WebPage\",\"@id\":\"https:\\\/\\\/lequotidien.mr\\\/?p=27089&lang=fr\",\"url\":\"https:\\\/\\\/lequotidien.mr\\\/?p=27089&lang=fr\",\"name\":\"Le Pr\u00e9sident El Ghazouani honore l\u2019excellence des mahadras lors de la cinqui\u00e8me \u00e9dition du prix pr\u00e9sidentiel - Le Quotidien de Nouakchott\",\"isPartOf\":{\"@id\":\"https:\\\/\\\/lequotidien.mr\\\/#website\"},\"primaryImageOfPage\":{\"@id\":\"https:\\\/\\\/lequotidien.mr\\\/?p=27089&lang=fr#primaryimage\"},\"image\":{\"@id\":\"https:\\\/\\\/lequotidien.mr\\\/?p=27089&lang=fr#primaryimage\"},\"thumbnailUrl\":\"https:\\\/\\\/lequotidien.mr\\\/wp-content\\\/uploads\\\/2025\\\/04\\\/photo-Pdtg-prix.jpg\",\"datePublished\":\"2025-04-24T23:52:50+00:00\",\"breadcrumb\":{\"@id\":\"https:\\\/\\\/lequotidien.mr\\\/?p=27089&lang=fr#breadcrumb\"},\"inLanguage\":\"ar\",\"potentialAction\":[{\"@type\":\"ReadAction\",\"target\":[\"https:\\\/\\\/lequotidien.mr\\\/?p=27089&lang=fr\"]}]},{\"@type\":\"ImageObject\",\"inLanguage\":\"ar\",\"@id\":\"https:\\\/\\\/lequotidien.mr\\\/?p=27089&lang=fr#primaryimage\",\"url\":\"https:\\\/\\\/lequotidien.mr\\\/wp-content\\\/uploads\\\/2025\\\/04\\\/photo-Pdtg-prix.jpg\",\"contentUrl\":\"https:\\\/\\\/lequotidien.mr\\\/wp-content\\\/uploads\\\/2025\\\/04\\\/photo-Pdtg-prix.jpg\",\"width\":750,\"height\":430},{\"@type\":\"BreadcrumbList\",\"@id\":\"https:\\\/\\\/lequotidien.mr\\\/?p=27089&lang=fr#breadcrumb\",\"itemListElement\":[{\"@type\":\"ListItem\",\"position\":1,\"name\":\"Home\",\"item\":\"https:\\\/\\\/lequotidien.mr\\\/\"},{\"@type\":\"ListItem\",\"position\":2,\"name\":\"Le Pr\u00e9sident El Ghazouani honore l\u2019excellence des mahadras lors de la cinqui\u00e8me \u00e9dition du prix pr\u00e9sidentiel\"}]},{\"@type\":\"WebSite\",\"@id\":\"https:\\\/\\\/lequotidien.mr\\\/#website\",\"url\":\"https:\\\/\\\/lequotidien.mr\\\/\",\"name\":\"Le Quotidien de Nouakchott\",\"description\":\"\u0625\u062e\u0628\u0627\u0631\u064a\u0629 \u0645\u0633\u062a\u0642\u0644\u0629 \u0644\u0644\u0623\u0646\u0628\u0627\u0621 \u0627\u0644\u0639\u0627\u0645\u0629\",\"publisher\":{\"@id\":\"https:\\\/\\\/lequotidien.mr\\\/#organization\"},\"potentialAction\":[{\"@type\":\"SearchAction\",\"target\":{\"@type\":\"EntryPoint\",\"urlTemplate\":\"https:\\\/\\\/lequotidien.mr\\\/?s={search_term_string}\"},\"query-input\":{\"@type\":\"PropertyValueSpecification\",\"valueRequired\":true,\"valueName\":\"search_term_string\"}}],\"inLanguage\":\"ar\"},{\"@type\":\"Organization\",\"@id\":\"https:\\\/\\\/lequotidien.mr\\\/#organization\",\"name\":\"Le Quotidien de Nouakchott\",\"url\":\"https:\\\/\\\/lequotidien.mr\\\/\",\"logo\":{\"@type\":\"ImageObject\",\"inLanguage\":\"ar\",\"@id\":\"https:\\\/\\\/lequotidien.mr\\\/#\\\/schema\\\/logo\\\/image\\\/\",\"url\":\"https:\\\/\\\/lequotidien.mr\\\/wp-content\\\/uploads\\\/2022\\\/11\\\/logolequotidien.jpg\",\"contentUrl\":\"https:\\\/\\\/lequotidien.mr\\\/wp-content\\\/uploads\\\/2022\\\/11\\\/logolequotidien.jpg\",\"width\":290,\"height\":65,\"caption\":\"Le Quotidien de Nouakchott\"},\"image\":{\"@id\":\"https:\\\/\\\/lequotidien.mr\\\/#\\\/schema\\\/logo\\\/image\\\/\"},\"sameAs\":[\"https:\\\/\\\/web.facebook.com\\\/lequotidienmr\",\"https:\\\/\\\/x.com\\\/lequotidienmr\"]},{\"@type\":\"Person\",\"@id\":\"https:\\\/\\\/lequotidien.mr\\\/#\\\/schema\\\/person\\\/d2d350202a4d599685ed8abc25f97596\",\"name\":\"Med Ahmed\",\"image\":{\"@type\":\"ImageObject\",\"inLanguage\":\"ar\",\"@id\":\"https:\\\/\\\/secure.gravatar.com\\\/avatar\\\/fd2acc62ed50732923d1d39c17172c9b04149f142be92310ecc69e1358f94b52?s=96&d=mm&r=g\",\"url\":\"https:\\\/\\\/secure.gravatar.com\\\/avatar\\\/fd2acc62ed50732923d1d39c17172c9b04149f142be92310ecc69e1358f94b52?s=96&d=mm&r=g\",\"contentUrl\":\"https:\\\/\\\/secure.gravatar.com\\\/avatar\\\/fd2acc62ed50732923d1d39c17172c9b04149f142be92310ecc69e1358f94b52?s=96&d=mm&r=g\",\"caption\":\"Med Ahmed\"},\"url\":\"https:\\\/\\\/lequotidien.mr\\\/?author=12\"}]}<\/script>\n<!-- \/ Yoast SEO plugin. -->","yoast_head_json":{"title":"Le Pr\u00e9sident El Ghazouani honore l\u2019excellence des mahadras lors de la cinqui\u00e8me \u00e9dition du prix pr\u00e9sidentiel - Le Quotidien de Nouakchott","robots":{"index":"index","follow":"follow","max-snippet":"max-snippet:-1","max-image-preview":"max-image-preview:large","max-video-preview":"max-video-preview:-1"},"canonical":"https:\/\/lequotidien.mr\/?p=27089&lang=fr","og_locale":"ar_AR","og_type":"article","og_title":"Le Pr\u00e9sident El Ghazouani honore l\u2019excellence des mahadras lors de la cinqui\u00e8me \u00e9dition du prix pr\u00e9sidentiel - Le Quotidien de Nouakchott","og_description":"Le Pr\u00e9sident de la R\u00e9publique, Monsieur Mohamed Cheikh El Ghazouani, a pr\u00e9sid\u00e9 ce jeudi matin, au Palais des congr\u00e8s de Nouakchott, la c\u00e9r\u00e9monie de remise de la cinqui\u00e8me \u00e9dition du\u00a0Prix du Pr\u00e9sident de la R\u00e9publique pour la m\u00e9morisation et la compr\u00e9hension des textes religieux enseign\u00e9s \u00e0 la mahadra. Institu\u00e9 en 2020 lors du Conseil des.....","og_url":"https:\/\/lequotidien.mr\/?p=27089&lang=fr","og_site_name":"Le Quotidien de Nouakchott","article_publisher":"https:\/\/web.facebook.com\/lequotidienmr","article_published_time":"2025-04-24T23:52:50+00:00","og_image":[{"width":750,"height":430,"url":"https:\/\/lequotidien.mr\/wp-content\/uploads\/2025\/04\/photo-Pdtg-prix.jpg","type":"image\/jpeg"}],"author":"Med Ahmed","twitter_card":"summary_large_image","twitter_creator":"@lequotidienmr","twitter_site":"@lequotidienmr","twitter_misc":{"\u0643\u064f\u062a\u0628 \u0628\u0648\u0627\u0633\u0637\u0629":"Med Ahmed","\u0648\u0642\u062a \u0627\u0644\u0642\u0631\u0627\u0621\u0629 \u0627\u0644\u0645\u064f\u0642\u062f\u0651\u0631":"3 \u062f\u0642\u0627\u0626\u0642"},"schema":{"@context":"https:\/\/schema.org","@graph":[{"@type":"Article","@id":"https:\/\/lequotidien.mr\/?p=27089&lang=fr#article","isPartOf":{"@id":"https:\/\/lequotidien.mr\/?p=27089&lang=fr"},"author":{"name":"Med Ahmed","@id":"https:\/\/lequotidien.mr\/#\/schema\/person\/d2d350202a4d599685ed8abc25f97596"},"headline":"Le Pr\u00e9sident El Ghazouani honore l\u2019excellence des mahadras lors de la cinqui\u00e8me \u00e9dition du prix pr\u00e9sidentiel","datePublished":"2025-04-24T23:52:50+00:00","mainEntityOfPage":{"@id":"https:\/\/lequotidien.mr\/?p=27089&lang=fr"},"wordCount":638,"commentCount":0,"publisher":{"@id":"https:\/\/lequotidien.mr\/#organization"},"image":{"@id":"https:\/\/lequotidien.mr\/?p=27089&lang=fr#primaryimage"},"thumbnailUrl":"https:\/\/lequotidien.mr\/wp-content\/uploads\/2025\/04\/photo-Pdtg-prix.jpg","articleSection":["ACTUALIT\u00c9","Culture"],"inLanguage":"ar","potentialAction":[{"@type":"CommentAction","name":"Comment","target":["https:\/\/lequotidien.mr\/?p=27089&lang=fr#respond"]}]},{"@type":"WebPage","@id":"https:\/\/lequotidien.mr\/?p=27089&lang=fr","url":"https:\/\/lequotidien.mr\/?p=27089&lang=fr","name":"Le Pr\u00e9sident El Ghazouani honore l\u2019excellence des mahadras lors de la cinqui\u00e8me \u00e9dition du prix pr\u00e9sidentiel - Le Quotidien de Nouakchott","isPartOf":{"@id":"https:\/\/lequotidien.mr\/#website"},"primaryImageOfPage":{"@id":"https:\/\/lequotidien.mr\/?p=27089&lang=fr#primaryimage"},"image":{"@id":"https:\/\/lequotidien.mr\/?p=27089&lang=fr#primaryimage"},"thumbnailUrl":"https:\/\/lequotidien.mr\/wp-content\/uploads\/2025\/04\/photo-Pdtg-prix.jpg","datePublished":"2025-04-24T23:52:50+00:00","breadcrumb":{"@id":"https:\/\/lequotidien.mr\/?p=27089&lang=fr#breadcrumb"},"inLanguage":"ar","potentialAction":[{"@type":"ReadAction","target":["https:\/\/lequotidien.mr\/?p=27089&lang=fr"]}]},{"@type":"ImageObject","inLanguage":"ar","@id":"https:\/\/lequotidien.mr\/?p=27089&lang=fr#primaryimage","url":"https:\/\/lequotidien.mr\/wp-content\/uploads\/2025\/04\/photo-Pdtg-prix.jpg","contentUrl":"https:\/\/lequotidien.mr\/wp-content\/uploads\/2025\/04\/photo-Pdtg-prix.jpg","width":750,"height":430},{"@type":"BreadcrumbList","@id":"https:\/\/lequotidien.mr\/?p=27089&lang=fr#breadcrumb","itemListElement":[{"@type":"ListItem","position":1,"name":"Home","item":"https:\/\/lequotidien.mr\/"},{"@type":"ListItem","position":2,"name":"Le Pr\u00e9sident El Ghazouani honore l\u2019excellence des mahadras lors de la cinqui\u00e8me \u00e9dition du prix pr\u00e9sidentiel"}]},{"@type":"WebSite","@id":"https:\/\/lequotidien.mr\/#website","url":"https:\/\/lequotidien.mr\/","name":"Le Quotidien de Nouakchott","description":"\u0625\u062e\u0628\u0627\u0631\u064a\u0629 \u0645\u0633\u062a\u0642\u0644\u0629 \u0644\u0644\u0623\u0646\u0628\u0627\u0621 \u0627\u0644\u0639\u0627\u0645\u0629","publisher":{"@id":"https:\/\/lequotidien.mr\/#organization"},"potentialAction":[{"@type":"SearchAction","target":{"@type":"EntryPoint","urlTemplate":"https:\/\/lequotidien.mr\/?s={search_term_string}"},"query-input":{"@type":"PropertyValueSpecification","valueRequired":true,"valueName":"search_term_string"}}],"inLanguage":"ar"},{"@type":"Organization","@id":"https:\/\/lequotidien.mr\/#organization","name":"Le Quotidien de Nouakchott","url":"https:\/\/lequotidien.mr\/","logo":{"@type":"ImageObject","inLanguage":"ar","@id":"https:\/\/lequotidien.mr\/#\/schema\/logo\/image\/","url":"https:\/\/lequotidien.mr\/wp-content\/uploads\/2022\/11\/logolequotidien.jpg","contentUrl":"https:\/\/lequotidien.mr\/wp-content\/uploads\/2022\/11\/logolequotidien.jpg","width":290,"height":65,"caption":"Le Quotidien de Nouakchott"},"image":{"@id":"https:\/\/lequotidien.mr\/#\/schema\/logo\/image\/"},"sameAs":["https:\/\/web.facebook.com\/lequotidienmr","https:\/\/x.com\/lequotidienmr"]},{"@type":"Person","@id":"https:\/\/lequotidien.mr\/#\/schema\/person\/d2d350202a4d599685ed8abc25f97596","name":"Med Ahmed","image":{"@type":"ImageObject","inLanguage":"ar","@id":"https:\/\/secure.gravatar.com\/avatar\/fd2acc62ed50732923d1d39c17172c9b04149f142be92310ecc69e1358f94b52?s=96&d=mm&r=g","url":"https:\/\/secure.gravatar.com\/avatar\/fd2acc62ed50732923d1d39c17172c9b04149f142be92310ecc69e1358f94b52?s=96&d=mm&r=g","contentUrl":"https:\/\/secure.gravatar.com\/avatar\/fd2acc62ed50732923d1d39c17172c9b04149f142be92310ecc69e1358f94b52?s=96&d=mm&r=g","caption":"Med Ahmed"},"url":"https:\/\/lequotidien.mr\/?author=12"}]}},"_links":{"self":[{"href":"https:\/\/lequotidien.mr\/index.php?rest_route=\/wp\/v2\/posts\/27089","targetHints":{"allow":["GET"]}}],"collection":[{"href":"https:\/\/lequotidien.mr\/index.php?rest_route=\/wp\/v2\/posts"}],"about":[{"href":"https:\/\/lequotidien.mr\/index.php?rest_route=\/wp\/v2\/types\/post"}],"author":[{"embeddable":true,"href":"https:\/\/lequotidien.mr\/index.php?rest_route=\/wp\/v2\/users\/12"}],"replies":[{"embeddable":true,"href":"https:\/\/lequotidien.mr\/index.php?rest_route=%2Fwp%2Fv2%2Fcomments&post=27089"}],"version-history":[{"count":1,"href":"https:\/\/lequotidien.mr\/index.php?rest_route=\/wp\/v2\/posts\/27089\/revisions"}],"predecessor-version":[{"id":27091,"href":"https:\/\/lequotidien.mr\/index.php?rest_route=\/wp\/v2\/posts\/27089\/revisions\/27091"}],"wp:featuredmedia":[{"embeddable":true,"href":"https:\/\/lequotidien.mr\/index.php?rest_route=\/wp\/v2\/media\/27090"}],"wp:attachment":[{"href":"https:\/\/lequotidien.mr\/index.php?rest_route=%2Fwp%2Fv2%2Fmedia&parent=27089"}],"wp:term":[{"taxonomy":"category","embeddable":true,"href":"https:\/\/lequotidien.mr\/index.php?rest_route=%2Fwp%2Fv2%2Fcategories&post=27089"},{"taxonomy":"post_tag","embeddable":true,"href":"https:\/\/lequotidien.mr\/index.php?rest_route=%2Fwp%2Fv2%2Ftags&post=27089"}],"curies":[{"name":"wp","href":"https:\/\/api.w.org\/{rel}","templated":true}]}}