{"id":27071,"date":"2025-04-23T22:50:06","date_gmt":"2025-04-23T22:50:06","guid":{"rendered":"https:\/\/lequotidien.mr\/?p=27071"},"modified":"2025-04-23T22:50:06","modified_gmt":"2025-04-23T22:50:06","slug":"nouakchott-accueille-une-rencontre-economique-tuniso-mauritanienne-pour-booster-linvestissement-des-pme-et-start-ups","status":"publish","type":"post","link":"https:\/\/lequotidien.mr\/?p=27071&lang=fr","title":{"rendered":"Nouakchott accueille une rencontre \u00e9conomique tuniso-mauritanienne pour booster l\u2019investissement des PME et start-ups"},"content":{"rendered":"<p>Une rencontre d\u00e9di\u00e9e \u00e0 l\u2019exploration des opportunit\u00e9s d\u2019investissement pour les petites et moyennes entreprises (PME) et les start-ups tunisiennes sur le march\u00e9 mauritanien s\u2019est tenue, mercredi matin, \u00e0 Nouakchott. Organis\u00e9e par la R\u00e9gion de Nouakchott en partenariat avec le laboratoire d\u2019excellence tunisien (Tunisian Excellence Lab) et le Centre des femmes arabes pour la formation et la recherche (CAWTHAR), cette initiative vise \u00e0 renforcer les synergies \u00e9conomiques entre les deux pays, en misant sur l\u2019innovation et le partage d\u2019expertises.<\/p>\n<p><strong>Un cadre propice \u00e0 l\u2019\u00e9change et au d\u00e9veloppement conjoint<\/strong><\/p>\n<p>L\u2019\u00e9v\u00e9nement, qui a r\u00e9uni investisseurs, entrepreneurs et repr\u00e9sentants institutionnels, s\u2019inscrit dans une dynamique de\u00a0<em>\u00ab d\u00e9veloppement conjoint \u00bb<\/em>, selon les termes des organisateurs. L\u2019objectif est d\u2019ouvrir de nouveaux horizons aux entreprises tunisiennes tout en stimulant des secteurs cl\u00e9s de l\u2019\u00e9conomie mauritanienne, tels que la num\u00e9risation, le b\u00e2timent et les travaux publics, la sant\u00e9, l\u2019enseignement sup\u00e9rieur et les industries agroalimentaires.<\/p>\n<p>Dans son discours d\u2019ouverture,\u00a0<strong>Mme Fatimetou Abdel Malek<\/strong>, pr\u00e9sidente de la R\u00e9gion de Nouakchott, a soulign\u00e9 l\u2019importance strat\u00e9gique de cette rencontre :\u00a0<em>\u00ab Cette manifestation s\u2019inscrit au c\u0153ur des priorit\u00e9s du programme \u00e9lectoral de Son Excellence le Pr\u00e9sident Mohamed Cheikh El Ghazouani, qui a fait de ce mandat un mandat de la jeunesse et par la jeunesse. \u00bb<\/em>\u00a0Elle a r\u00e9affirm\u00e9 l\u2019engagement de sa r\u00e9gion \u00e0 cr\u00e9er\u00a0<em>\u00ab un environnement propice \u00e0 l\u2019\u00e9change et \u00e0 l\u2019innovation \u00bb<\/em>, tout en facilitant l\u2019expansion r\u00e9gionale et internationale des entreprises.<\/p>\n<p><strong>Autonomisation \u00e9conomique des femmes et inclusion<\/strong><\/p>\n<p><strong>Mme Hayam Qaaloul<\/strong>, pr\u00e9sidente du CAWTHAR, a, quant \u00e0 elle, mis en lumi\u00e8re la mission de son organisation :\u00a0<em>\u00ab Le Centre \u0153uvre pour l\u2019autonomisation globale des femmes, avec un accent sur l\u2019inclusion \u00e9conomique dans les pays arabes et africains. \u00bb<\/em>\u00a0Elle a d\u00e9taill\u00e9 les trois piliers strat\u00e9giques du CAWTHAR :<\/p>\n<p><strong>-Faciliter l\u2019acc\u00e8s au financement<\/strong>\u00a0et soutenir l\u2019entreprenariat f\u00e9minin ;<\/p>\n<p><strong>-Promouvoir un leadership transformateur<\/strong>\u00a0des femmes dans l\u2019\u00e9conomie ;<\/p>\n<p><strong>-Prot\u00e9ger l\u2019environnement<\/strong>\u00a0et assurer une gestion \u00e9quitable des ressources naturelles.<\/p>\n<p><em>\u00ab Nos programmes ciblent les femmes, les jeunes et les structures d\u2019appui \u00e0 l\u2019entreprenariat, afin de les int\u00e9grer pleinement dans les cha\u00eenes de valeur locales et internationales \u00bb<\/em>, a-t-elle ajout\u00e9, saluant la collaboration avec la Mauritanie.<\/p>\n<p><strong>Vers des partenariats innovants<\/strong><\/p>\n<p>La rencontre a permis aux participants tunisiens de d\u00e9couvrir les sp\u00e9cificit\u00e9s du march\u00e9 mauritanien, notamment ses besoins en infrastructures, en technologies et en diversification \u00e9conomique. Les discussions ont \u00e9galement port\u00e9 sur l\u2019utilisation de l\u2019intelligence artificielle et des outils num\u00e9riques pour moderniser les secteurs productifs.<\/p>\n<p>En cl\u00f4ture, les organisateurs ont exprim\u00e9 leur volont\u00e9 de p\u00e9renniser ce type d\u2019initiatives, en les int\u00e9grant dans une feuille de route commune.\u00a0<em>\u00ab Cette r\u00e9union n\u2019est qu\u2019un premier pas vers une coop\u00e9ration \u00e9conomique renforc\u00e9e \u00bb,<\/em>\u00a0a conclu Mme Abdel Malek, tout en remerciant les partenaires tunisiens pour leur engagement.<\/p>\n<p>Cet \u00e9v\u00e9nement marque une avanc\u00e9e significative dans le rapprochement \u00e9conomique entre la Tunisie et la Mauritanie, deux pays d\u00e9termin\u00e9s \u00e0 capitaliser sur leur compl\u00e9mentarit\u00e9. Align\u00e9 sur les ambitions du pr\u00e9sident El Ghazouani pour la jeunesse et l\u2019emploi, il ouvre la voie \u00e0 des projets concrets, o\u00f9 innovation rime avec inclusion \u2013 notamment celle des femmes, actrices cl\u00e9s du d\u00e9veloppement durable en Afrique du Nord.<\/p>\n","protected":false},"excerpt":{"rendered":"<p>Une rencontre d\u00e9di\u00e9e \u00e0 l\u2019exploration des opportunit\u00e9s d\u2019investissement pour les petites et moyennes entreprises (PME) et les start-ups tunisiennes sur le march\u00e9 mauritanien s\u2019est tenue, mercredi matin, \u00e0 Nouakchott. Organis\u00e9e par la R\u00e9gion de Nouakchott en partenariat avec le laboratoire d\u2019excellence tunisien (Tunisian Excellence Lab) et le Centre des femmes arabes pour la formation et&#8230;..<\/p>\n","protected":false},"author":12,"featured_media":27072,"comment_status":"open","ping_status":"open","sticky":false,"template":"","format":"standard","meta":{"footnotes":""},"categories":[23,49],"tags":[],"class_list":["post-27071","post","type-post","status-publish","format-standard","has-post-thumbnail","hentry","category-actualite","category-economie"],"yoast_head":"<!-- This site is optimized with the Yoast SEO plugin v27.5 - https:\/\/yoast.com\/product\/yoast-seo-wordpress\/ -->\n<title>Nouakchott accueille une rencontre \u00e9conomique tuniso-mauritanienne pour booster l\u2019investissement des PME et start-ups - Le Quotidien de Nouakchott<\/title>\n<meta name=\"robots\" content=\"index, follow, max-snippet:-1, max-image-preview:large, max-video-preview:-1\" \/>\n<link rel=\"canonical\" href=\"https:\/\/lequotidien.mr\/?p=27071&lang=fr\" \/>\n<meta property=\"og:locale\" content=\"ar_AR\" \/>\n<meta property=\"og:type\" content=\"article\" \/>\n<meta property=\"og:title\" content=\"Nouakchott accueille une rencontre \u00e9conomique tuniso-mauritanienne pour booster l\u2019investissement des PME et start-ups - Le Quotidien de Nouakchott\" \/>\n<meta property=\"og:description\" content=\"Une rencontre d\u00e9di\u00e9e \u00e0 l\u2019exploration des opportunit\u00e9s d\u2019investissement pour les petites et moyennes entreprises (PME) et les start-ups tunisiennes sur le march\u00e9 mauritanien s\u2019est tenue, mercredi matin, \u00e0 Nouakchott. Organis\u00e9e par la R\u00e9gion de Nouakchott en partenariat avec le laboratoire d\u2019excellence tunisien (Tunisian Excellence Lab) et le Centre des femmes arabes pour la formation et.....\" \/>\n<meta property=\"og:url\" content=\"https:\/\/lequotidien.mr\/?p=27071&amp;lang=fr\" \/>\n<meta property=\"og:site_name\" content=\"Le Quotidien de Nouakchott\" \/>\n<meta property=\"article:publisher\" content=\"https:\/\/web.facebook.com\/lequotidienmr\" \/>\n<meta property=\"article:published_time\" content=\"2025-04-23T22:50:06+00:00\" \/>\n<meta property=\"og:image\" content=\"https:\/\/lequotidien.mr\/wp-content\/uploads\/2025\/04\/photo-Mtnie-Tunisie.jpg\" \/>\n\t<meta property=\"og:image:width\" content=\"750\" \/>\n\t<meta property=\"og:image:height\" content=\"430\" \/>\n\t<meta property=\"og:image:type\" content=\"image\/jpeg\" \/>\n<meta name=\"author\" content=\"Med Ahmed\" \/>\n<meta name=\"twitter:card\" content=\"summary_large_image\" \/>\n<meta name=\"twitter:creator\" content=\"@lequotidienmr\" \/>\n<meta name=\"twitter:site\" content=\"@lequotidienmr\" \/>\n<meta name=\"twitter:label1\" content=\"\u0643\u064f\u062a\u0628 \u0628\u0648\u0627\u0633\u0637\u0629\" \/>\n\t<meta name=\"twitter:data1\" content=\"Med Ahmed\" \/>\n\t<meta name=\"twitter:label2\" content=\"\u0648\u0642\u062a \u0627\u0644\u0642\u0631\u0627\u0621\u0629 \u0627\u0644\u0645\u064f\u0642\u062f\u0651\u0631\" \/>\n\t<meta name=\"twitter:data2\" content=\"3 \u062f\u0642\u0627\u0626\u0642\" \/>\n<script type=\"application\/ld+json\" class=\"yoast-schema-graph\">{\"@context\":\"https:\\\/\\\/schema.org\",\"@graph\":[{\"@type\":\"Article\",\"@id\":\"https:\\\/\\\/lequotidien.mr\\\/?p=27071&lang=fr#article\",\"isPartOf\":{\"@id\":\"https:\\\/\\\/lequotidien.mr\\\/?p=27071&lang=fr\"},\"author\":{\"name\":\"Med Ahmed\",\"@id\":\"https:\\\/\\\/lequotidien.mr\\\/#\\\/schema\\\/person\\\/d2d350202a4d599685ed8abc25f97596\"},\"headline\":\"Nouakchott accueille une rencontre \u00e9conomique tuniso-mauritanienne pour booster l\u2019investissement des PME et start-ups\",\"datePublished\":\"2025-04-23T22:50:06+00:00\",\"mainEntityOfPage\":{\"@id\":\"https:\\\/\\\/lequotidien.mr\\\/?p=27071&lang=fr\"},\"wordCount\":584,\"commentCount\":0,\"publisher\":{\"@id\":\"https:\\\/\\\/lequotidien.mr\\\/#organization\"},\"image\":{\"@id\":\"https:\\\/\\\/lequotidien.mr\\\/?p=27071&lang=fr#primaryimage\"},\"thumbnailUrl\":\"https:\\\/\\\/lequotidien.mr\\\/wp-content\\\/uploads\\\/2025\\\/04\\\/photo-Mtnie-Tunisie.jpg\",\"articleSection\":[\"ACTUALIT\u00c9\",\"Economie\"],\"inLanguage\":\"ar\",\"potentialAction\":[{\"@type\":\"CommentAction\",\"name\":\"Comment\",\"target\":[\"https:\\\/\\\/lequotidien.mr\\\/?p=27071&lang=fr#respond\"]}]},{\"@type\":\"WebPage\",\"@id\":\"https:\\\/\\\/lequotidien.mr\\\/?p=27071&lang=fr\",\"url\":\"https:\\\/\\\/lequotidien.mr\\\/?p=27071&lang=fr\",\"name\":\"Nouakchott accueille une rencontre \u00e9conomique tuniso-mauritanienne pour booster l\u2019investissement des PME et start-ups - Le Quotidien de Nouakchott\",\"isPartOf\":{\"@id\":\"https:\\\/\\\/lequotidien.mr\\\/#website\"},\"primaryImageOfPage\":{\"@id\":\"https:\\\/\\\/lequotidien.mr\\\/?p=27071&lang=fr#primaryimage\"},\"image\":{\"@id\":\"https:\\\/\\\/lequotidien.mr\\\/?p=27071&lang=fr#primaryimage\"},\"thumbnailUrl\":\"https:\\\/\\\/lequotidien.mr\\\/wp-content\\\/uploads\\\/2025\\\/04\\\/photo-Mtnie-Tunisie.jpg\",\"datePublished\":\"2025-04-23T22:50:06+00:00\",\"breadcrumb\":{\"@id\":\"https:\\\/\\\/lequotidien.mr\\\/?p=27071&lang=fr#breadcrumb\"},\"inLanguage\":\"ar\",\"potentialAction\":[{\"@type\":\"ReadAction\",\"target\":[\"https:\\\/\\\/lequotidien.mr\\\/?p=27071&lang=fr\"]}]},{\"@type\":\"ImageObject\",\"inLanguage\":\"ar\",\"@id\":\"https:\\\/\\\/lequotidien.mr\\\/?p=27071&lang=fr#primaryimage\",\"url\":\"https:\\\/\\\/lequotidien.mr\\\/wp-content\\\/uploads\\\/2025\\\/04\\\/photo-Mtnie-Tunisie.jpg\",\"contentUrl\":\"https:\\\/\\\/lequotidien.mr\\\/wp-content\\\/uploads\\\/2025\\\/04\\\/photo-Mtnie-Tunisie.jpg\",\"width\":750,\"height\":430},{\"@type\":\"BreadcrumbList\",\"@id\":\"https:\\\/\\\/lequotidien.mr\\\/?p=27071&lang=fr#breadcrumb\",\"itemListElement\":[{\"@type\":\"ListItem\",\"position\":1,\"name\":\"Home\",\"item\":\"https:\\\/\\\/lequotidien.mr\\\/\"},{\"@type\":\"ListItem\",\"position\":2,\"name\":\"Nouakchott accueille une rencontre \u00e9conomique tuniso-mauritanienne pour booster l\u2019investissement des PME et start-ups\"}]},{\"@type\":\"WebSite\",\"@id\":\"https:\\\/\\\/lequotidien.mr\\\/#website\",\"url\":\"https:\\\/\\\/lequotidien.mr\\\/\",\"name\":\"Le Quotidien de Nouakchott\",\"description\":\"\u0625\u062e\u0628\u0627\u0631\u064a\u0629 \u0645\u0633\u062a\u0642\u0644\u0629 \u0644\u0644\u0623\u0646\u0628\u0627\u0621 \u0627\u0644\u0639\u0627\u0645\u0629\",\"publisher\":{\"@id\":\"https:\\\/\\\/lequotidien.mr\\\/#organization\"},\"potentialAction\":[{\"@type\":\"SearchAction\",\"target\":{\"@type\":\"EntryPoint\",\"urlTemplate\":\"https:\\\/\\\/lequotidien.mr\\\/?s={search_term_string}\"},\"query-input\":{\"@type\":\"PropertyValueSpecification\",\"valueRequired\":true,\"valueName\":\"search_term_string\"}}],\"inLanguage\":\"ar\"},{\"@type\":\"Organization\",\"@id\":\"https:\\\/\\\/lequotidien.mr\\\/#organization\",\"name\":\"Le Quotidien de Nouakchott\",\"url\":\"https:\\\/\\\/lequotidien.mr\\\/\",\"logo\":{\"@type\":\"ImageObject\",\"inLanguage\":\"ar\",\"@id\":\"https:\\\/\\\/lequotidien.mr\\\/#\\\/schema\\\/logo\\\/image\\\/\",\"url\":\"https:\\\/\\\/lequotidien.mr\\\/wp-content\\\/uploads\\\/2022\\\/11\\\/logolequotidien.jpg\",\"contentUrl\":\"https:\\\/\\\/lequotidien.mr\\\/wp-content\\\/uploads\\\/2022\\\/11\\\/logolequotidien.jpg\",\"width\":290,\"height\":65,\"caption\":\"Le Quotidien de Nouakchott\"},\"image\":{\"@id\":\"https:\\\/\\\/lequotidien.mr\\\/#\\\/schema\\\/logo\\\/image\\\/\"},\"sameAs\":[\"https:\\\/\\\/web.facebook.com\\\/lequotidienmr\",\"https:\\\/\\\/x.com\\\/lequotidienmr\"]},{\"@type\":\"Person\",\"@id\":\"https:\\\/\\\/lequotidien.mr\\\/#\\\/schema\\\/person\\\/d2d350202a4d599685ed8abc25f97596\",\"name\":\"Med Ahmed\",\"image\":{\"@type\":\"ImageObject\",\"inLanguage\":\"ar\",\"@id\":\"https:\\\/\\\/secure.gravatar.com\\\/avatar\\\/fd2acc62ed50732923d1d39c17172c9b04149f142be92310ecc69e1358f94b52?s=96&d=mm&r=g\",\"url\":\"https:\\\/\\\/secure.gravatar.com\\\/avatar\\\/fd2acc62ed50732923d1d39c17172c9b04149f142be92310ecc69e1358f94b52?s=96&d=mm&r=g\",\"contentUrl\":\"https:\\\/\\\/secure.gravatar.com\\\/avatar\\\/fd2acc62ed50732923d1d39c17172c9b04149f142be92310ecc69e1358f94b52?s=96&d=mm&r=g\",\"caption\":\"Med Ahmed\"},\"url\":\"https:\\\/\\\/lequotidien.mr\\\/?author=12\"}]}<\/script>\n<!-- \/ Yoast SEO plugin. -->","yoast_head_json":{"title":"Nouakchott accueille une rencontre \u00e9conomique tuniso-mauritanienne pour booster l\u2019investissement des PME et start-ups - Le Quotidien de Nouakchott","robots":{"index":"index","follow":"follow","max-snippet":"max-snippet:-1","max-image-preview":"max-image-preview:large","max-video-preview":"max-video-preview:-1"},"canonical":"https:\/\/lequotidien.mr\/?p=27071&lang=fr","og_locale":"ar_AR","og_type":"article","og_title":"Nouakchott accueille une rencontre \u00e9conomique tuniso-mauritanienne pour booster l\u2019investissement des PME et start-ups - Le Quotidien de Nouakchott","og_description":"Une rencontre d\u00e9di\u00e9e \u00e0 l\u2019exploration des opportunit\u00e9s d\u2019investissement pour les petites et moyennes entreprises (PME) et les start-ups tunisiennes sur le march\u00e9 mauritanien s\u2019est tenue, mercredi matin, \u00e0 Nouakchott. Organis\u00e9e par la R\u00e9gion de Nouakchott en partenariat avec le laboratoire d\u2019excellence tunisien (Tunisian Excellence Lab) et le Centre des femmes arabes pour la formation et.....","og_url":"https:\/\/lequotidien.mr\/?p=27071&lang=fr","og_site_name":"Le Quotidien de Nouakchott","article_publisher":"https:\/\/web.facebook.com\/lequotidienmr","article_published_time":"2025-04-23T22:50:06+00:00","og_image":[{"width":750,"height":430,"url":"https:\/\/lequotidien.mr\/wp-content\/uploads\/2025\/04\/photo-Mtnie-Tunisie.jpg","type":"image\/jpeg"}],"author":"Med Ahmed","twitter_card":"summary_large_image","twitter_creator":"@lequotidienmr","twitter_site":"@lequotidienmr","twitter_misc":{"\u0643\u064f\u062a\u0628 \u0628\u0648\u0627\u0633\u0637\u0629":"Med Ahmed","\u0648\u0642\u062a \u0627\u0644\u0642\u0631\u0627\u0621\u0629 \u0627\u0644\u0645\u064f\u0642\u062f\u0651\u0631":"3 \u062f\u0642\u0627\u0626\u0642"},"schema":{"@context":"https:\/\/schema.org","@graph":[{"@type":"Article","@id":"https:\/\/lequotidien.mr\/?p=27071&lang=fr#article","isPartOf":{"@id":"https:\/\/lequotidien.mr\/?p=27071&lang=fr"},"author":{"name":"Med Ahmed","@id":"https:\/\/lequotidien.mr\/#\/schema\/person\/d2d350202a4d599685ed8abc25f97596"},"headline":"Nouakchott accueille une rencontre \u00e9conomique tuniso-mauritanienne pour booster l\u2019investissement des PME et start-ups","datePublished":"2025-04-23T22:50:06+00:00","mainEntityOfPage":{"@id":"https:\/\/lequotidien.mr\/?p=27071&lang=fr"},"wordCount":584,"commentCount":0,"publisher":{"@id":"https:\/\/lequotidien.mr\/#organization"},"image":{"@id":"https:\/\/lequotidien.mr\/?p=27071&lang=fr#primaryimage"},"thumbnailUrl":"https:\/\/lequotidien.mr\/wp-content\/uploads\/2025\/04\/photo-Mtnie-Tunisie.jpg","articleSection":["ACTUALIT\u00c9","Economie"],"inLanguage":"ar","potentialAction":[{"@type":"CommentAction","name":"Comment","target":["https:\/\/lequotidien.mr\/?p=27071&lang=fr#respond"]}]},{"@type":"WebPage","@id":"https:\/\/lequotidien.mr\/?p=27071&lang=fr","url":"https:\/\/lequotidien.mr\/?p=27071&lang=fr","name":"Nouakchott accueille une rencontre \u00e9conomique tuniso-mauritanienne pour booster l\u2019investissement des PME et start-ups - Le Quotidien de Nouakchott","isPartOf":{"@id":"https:\/\/lequotidien.mr\/#website"},"primaryImageOfPage":{"@id":"https:\/\/lequotidien.mr\/?p=27071&lang=fr#primaryimage"},"image":{"@id":"https:\/\/lequotidien.mr\/?p=27071&lang=fr#primaryimage"},"thumbnailUrl":"https:\/\/lequotidien.mr\/wp-content\/uploads\/2025\/04\/photo-Mtnie-Tunisie.jpg","datePublished":"2025-04-23T22:50:06+00:00","breadcrumb":{"@id":"https:\/\/lequotidien.mr\/?p=27071&lang=fr#breadcrumb"},"inLanguage":"ar","potentialAction":[{"@type":"ReadAction","target":["https:\/\/lequotidien.mr\/?p=27071&lang=fr"]}]},{"@type":"ImageObject","inLanguage":"ar","@id":"https:\/\/lequotidien.mr\/?p=27071&lang=fr#primaryimage","url":"https:\/\/lequotidien.mr\/wp-content\/uploads\/2025\/04\/photo-Mtnie-Tunisie.jpg","contentUrl":"https:\/\/lequotidien.mr\/wp-content\/uploads\/2025\/04\/photo-Mtnie-Tunisie.jpg","width":750,"height":430},{"@type":"BreadcrumbList","@id":"https:\/\/lequotidien.mr\/?p=27071&lang=fr#breadcrumb","itemListElement":[{"@type":"ListItem","position":1,"name":"Home","item":"https:\/\/lequotidien.mr\/"},{"@type":"ListItem","position":2,"name":"Nouakchott accueille une rencontre \u00e9conomique tuniso-mauritanienne pour booster l\u2019investissement des PME et start-ups"}]},{"@type":"WebSite","@id":"https:\/\/lequotidien.mr\/#website","url":"https:\/\/lequotidien.mr\/","name":"Le Quotidien de Nouakchott","description":"\u0625\u062e\u0628\u0627\u0631\u064a\u0629 \u0645\u0633\u062a\u0642\u0644\u0629 \u0644\u0644\u0623\u0646\u0628\u0627\u0621 \u0627\u0644\u0639\u0627\u0645\u0629","publisher":{"@id":"https:\/\/lequotidien.mr\/#organization"},"potentialAction":[{"@type":"SearchAction","target":{"@type":"EntryPoint","urlTemplate":"https:\/\/lequotidien.mr\/?s={search_term_string}"},"query-input":{"@type":"PropertyValueSpecification","valueRequired":true,"valueName":"search_term_string"}}],"inLanguage":"ar"},{"@type":"Organization","@id":"https:\/\/lequotidien.mr\/#organization","name":"Le Quotidien de Nouakchott","url":"https:\/\/lequotidien.mr\/","logo":{"@type":"ImageObject","inLanguage":"ar","@id":"https:\/\/lequotidien.mr\/#\/schema\/logo\/image\/","url":"https:\/\/lequotidien.mr\/wp-content\/uploads\/2022\/11\/logolequotidien.jpg","contentUrl":"https:\/\/lequotidien.mr\/wp-content\/uploads\/2022\/11\/logolequotidien.jpg","width":290,"height":65,"caption":"Le Quotidien de Nouakchott"},"image":{"@id":"https:\/\/lequotidien.mr\/#\/schema\/logo\/image\/"},"sameAs":["https:\/\/web.facebook.com\/lequotidienmr","https:\/\/x.com\/lequotidienmr"]},{"@type":"Person","@id":"https:\/\/lequotidien.mr\/#\/schema\/person\/d2d350202a4d599685ed8abc25f97596","name":"Med Ahmed","image":{"@type":"ImageObject","inLanguage":"ar","@id":"https:\/\/secure.gravatar.com\/avatar\/fd2acc62ed50732923d1d39c17172c9b04149f142be92310ecc69e1358f94b52?s=96&d=mm&r=g","url":"https:\/\/secure.gravatar.com\/avatar\/fd2acc62ed50732923d1d39c17172c9b04149f142be92310ecc69e1358f94b52?s=96&d=mm&r=g","contentUrl":"https:\/\/secure.gravatar.com\/avatar\/fd2acc62ed50732923d1d39c17172c9b04149f142be92310ecc69e1358f94b52?s=96&d=mm&r=g","caption":"Med Ahmed"},"url":"https:\/\/lequotidien.mr\/?author=12"}]}},"_links":{"self":[{"href":"https:\/\/lequotidien.mr\/index.php?rest_route=\/wp\/v2\/posts\/27071","targetHints":{"allow":["GET"]}}],"collection":[{"href":"https:\/\/lequotidien.mr\/index.php?rest_route=\/wp\/v2\/posts"}],"about":[{"href":"https:\/\/lequotidien.mr\/index.php?rest_route=\/wp\/v2\/types\/post"}],"author":[{"embeddable":true,"href":"https:\/\/lequotidien.mr\/index.php?rest_route=\/wp\/v2\/users\/12"}],"replies":[{"embeddable":true,"href":"https:\/\/lequotidien.mr\/index.php?rest_route=%2Fwp%2Fv2%2Fcomments&post=27071"}],"version-history":[{"count":1,"href":"https:\/\/lequotidien.mr\/index.php?rest_route=\/wp\/v2\/posts\/27071\/revisions"}],"predecessor-version":[{"id":27073,"href":"https:\/\/lequotidien.mr\/index.php?rest_route=\/wp\/v2\/posts\/27071\/revisions\/27073"}],"wp:featuredmedia":[{"embeddable":true,"href":"https:\/\/lequotidien.mr\/index.php?rest_route=\/wp\/v2\/media\/27072"}],"wp:attachment":[{"href":"https:\/\/lequotidien.mr\/index.php?rest_route=%2Fwp%2Fv2%2Fmedia&parent=27071"}],"wp:term":[{"taxonomy":"category","embeddable":true,"href":"https:\/\/lequotidien.mr\/index.php?rest_route=%2Fwp%2Fv2%2Fcategories&post=27071"},{"taxonomy":"post_tag","embeddable":true,"href":"https:\/\/lequotidien.mr\/index.php?rest_route=%2Fwp%2Fv2%2Ftags&post=27071"}],"curies":[{"name":"wp","href":"https:\/\/api.w.org\/{rel}","templated":true}]}}