{"id":27068,"date":"2025-04-23T22:25:17","date_gmt":"2025-04-23T22:25:17","guid":{"rendered":"https:\/\/lequotidien.mr\/?p=27068"},"modified":"2025-04-23T22:25:17","modified_gmt":"2025-04-23T22:25:17","slug":"nouakchott-ouverture-de-la-premiere-session-de-lassemblee-generale-ordinaire-du-haut-conseil-de-leducation","status":"publish","type":"post","link":"https:\/\/lequotidien.mr\/?p=27068&lang=fr","title":{"rendered":"Nouakchott : Ouverture de la premi\u00e8re session de l\u2019Assembl\u00e9e g\u00e9n\u00e9rale ordinaire du Haut Conseil de l\u2019\u00c9ducation"},"content":{"rendered":"<p>La premi\u00e8re session ordinaire de l\u2019Assembl\u00e9e g\u00e9n\u00e9rale du Haut Conseil de l\u2019\u00c9ducation (HCE) s\u2019est ouverte ce mercredi \u00e0 Nouakchott, marquant un moment cl\u00e9 dans la relance des r\u00e9formes \u00e9ducatives port\u00e9es par le gouvernement mauritanien. Pr\u00e9sid\u00e9e par M. Brahim Vall Ould Mohamed Lemine, pr\u00e9sident du HCE, cette assembl\u00e9e a r\u00e9uni les membres du Conseil en pr\u00e9sence du secr\u00e9taire g\u00e9n\u00e9ral, M. Mahfoudh Aghat, ainsi que des acteurs institutionnels et techniques du secteur.<\/p>\n<p>Au c\u0153ur des travaux figuraient plusieurs points strat\u00e9giques, notamment l\u2019examen des rapports d\u2019activit\u00e9s du HCE depuis sa derni\u00e8re session, le bilan des r\u00e9alisations de l\u2019ann\u00e9e \u00e9coul\u00e9e et la validation du plan d\u2019action pour 2025. Les participants ont \u00e9galement \u00e9tudi\u00e9 des projets d\u2019avis techniques soumis \u00e0 l\u2019Assembl\u00e9e, destin\u00e9s \u00e0 orienter les politiques publiques en mati\u00e8re d\u2019\u00e9ducation. Cette session rev\u00eat une importance particuli\u00e8re, puisqu\u2019elle co\u00efncide avec le lancement d\u2019un\u00a0<em>\u00ab programme urgent \u00bb<\/em>\u00a0gouvernemental visant \u00e0 concr\u00e9tiser les orientations du pr\u00e9sident de la R\u00e9publique, Mohamed Cheikh El Ghazouani, en mati\u00e8re d\u2019\u00e9ducation, consid\u00e9r\u00e9e comme\u00a0<em>\u00ab le meilleur moyen de lutter contre la vuln\u00e9rabilit\u00e9, d\u2019\u00e9radiquer la pauvret\u00e9 et d\u2019instaurer un d\u00e9veloppement durable et \u00e9quitable \u00bb<\/em>, a rappel\u00e9 M. Brahim Vall Ould Mohamed Lemine.<\/p>\n<p><strong>Une r\u00e9forme \u00e9ducative ambitieuse au c\u0153ur des d\u00e9bats<\/strong><\/p>\n<p>Dans son allocution d\u2019ouverture, le pr\u00e9sident du HCE a insist\u00e9 sur le r\u00f4le central du Conseil dans l\u2019orientation, la coordination et l\u2019\u00e9valuation des politiques \u00e9ducatives nationales. Il a soulign\u00e9 l\u2019alignement du HCE sur les priorit\u00e9s gouvernementales, notamment la r\u00e9forme globale du syst\u00e8me \u00e9ducatif et la promotion de l\u2019<em>\u00ab \u00e9cole r\u00e9publicaine \u00bb<\/em>, garante d\u2019\u00e9galit\u00e9 et de qualit\u00e9.\u00a0<em>\u00ab Le Conseil soutient les initiatives pionni\u00e8res du gouvernement dans les domaines de l\u2019acc\u00e8s \u00e0 l\u2019\u00e9ducation, de l\u2019am\u00e9lioration de la qualit\u00e9 des enseignements, de la gouvernance des \u00e9tablissements et de l\u2019int\u00e9gration des technologies modernes, y compris l\u2019intelligence artificielle \u00bb<\/em>, a-t-il d\u00e9clar\u00e9. Ces outils, selon lui, doivent servir \u00e0\u00a0<em>\u00ab \u00e9lever les rendements de l\u2019\u00e9ducation, de la formation et de la recherche scientifique \u00bb<\/em>\u00a0en Mauritanie.<\/p>\n<p><strong>Renforcement des capacit\u00e9s et dialogue institutionnel<\/strong><\/p>\n<p>M. Brahim Vall Ould Mohamed Lemine a \u00e9galement mis en avant les progr\u00e8s r\u00e9alis\u00e9s par le HCE depuis sa cr\u00e9ation, notamment gr\u00e2ce au renforcement de la communication avec les secteurs cl\u00e9s, les acteurs \u00e9ducatifs et les partenaires techniques. Cette dynamique a permis au Conseil de lancer sa <em>\u00ab premi\u00e8re saison de r\u00e9flexion \u00bb<\/em>, d\u2019\u00e9laborer son\u00a0<em>\u00ab deuxi\u00e8me rapport annuel sur l\u2019\u00e9tat du syst\u00e8me \u00e9ducatif \u00bb<\/em>et de formuler des recommandations cibl\u00e9es pour r\u00e9pondre aux d\u00e9fis identifi\u00e9s. Par ailleurs, le bureau ex\u00e9cutif du HCE a tenu quatre r\u00e9unions pr\u00e9paratoires depuis la derni\u00e8re assembl\u00e9e, tandis que les comit\u00e9s techniques ont organis\u00e9 leur premi\u00e8re session de travail, illustrant ainsi l\u2019engagement du Conseil \u00e0 maintenir un rythme soutenu pour accompagner la r\u00e9forme.<\/p>\n<p><strong>Vers une feuille de route consolid\u00e9e<\/strong><\/p>\n<p>Cette premi\u00e8re session ordinaire s\u2019inscrit dans un contexte de mobilisation nationale autour de l\u2019\u00e9ducation, pilier du programme \u00e9lectoral du pr\u00e9sident El Ghazouani. Les r\u00e9solutions adopt\u00e9es \u00e0 l\u2019issue des d\u00e9bats guideront les actions du HCE pour les mois \u00e0 venir, avec un objectif clair : transformer les ambitions en r\u00e9alisations tangibles, en phase avec les attentes des citoyens et les exigences d\u2019un d\u00e9veloppement durable. La pr\u00e9sence active des partenaires techniques et l\u2019accent mis sur l\u2019innovation laissent entrevoir une nouvelle \u00e8re pour l\u2019\u00e9ducation mauritanienne, plac\u00e9e sous le signe de la modernit\u00e9 et de l\u2019\u00e9quit\u00e9.<\/p>\n<p><strong>\u00a0<\/strong><\/p>\n","protected":false},"excerpt":{"rendered":"<p>La premi\u00e8re session ordinaire de l\u2019Assembl\u00e9e g\u00e9n\u00e9rale du Haut Conseil de l\u2019\u00c9ducation (HCE) s\u2019est ouverte ce mercredi \u00e0 Nouakchott, marquant un moment cl\u00e9 dans la relance des r\u00e9formes \u00e9ducatives port\u00e9es par le gouvernement mauritanien. Pr\u00e9sid\u00e9e par M. Brahim Vall Ould Mohamed Lemine, pr\u00e9sident du HCE, cette assembl\u00e9e a r\u00e9uni les membres du Conseil en pr\u00e9sence&#8230;..<\/p>\n","protected":false},"author":12,"featured_media":27069,"comment_status":"open","ping_status":"open","sticky":false,"template":"","format":"standard","meta":{"footnotes":""},"categories":[23,55],"tags":[],"class_list":["post-27068","post","type-post","status-publish","format-standard","has-post-thumbnail","hentry","category-actualite","category-culture"],"yoast_head":"<!-- This site is optimized with the Yoast SEO plugin v27.5 - https:\/\/yoast.com\/product\/yoast-seo-wordpress\/ -->\n<title>Nouakchott : Ouverture de la premi\u00e8re session de l\u2019Assembl\u00e9e g\u00e9n\u00e9rale ordinaire du Haut Conseil de l\u2019\u00c9ducation - Le Quotidien de Nouakchott<\/title>\n<meta name=\"robots\" content=\"index, follow, max-snippet:-1, max-image-preview:large, max-video-preview:-1\" \/>\n<link rel=\"canonical\" href=\"https:\/\/lequotidien.mr\/?p=27068&lang=fr\" \/>\n<meta property=\"og:locale\" content=\"ar_AR\" \/>\n<meta property=\"og:type\" content=\"article\" \/>\n<meta property=\"og:title\" content=\"Nouakchott : Ouverture de la premi\u00e8re session de l\u2019Assembl\u00e9e g\u00e9n\u00e9rale ordinaire du Haut Conseil de l\u2019\u00c9ducation - Le Quotidien de Nouakchott\" \/>\n<meta property=\"og:description\" content=\"La premi\u00e8re session ordinaire de l\u2019Assembl\u00e9e g\u00e9n\u00e9rale du Haut Conseil de l\u2019\u00c9ducation (HCE) s\u2019est ouverte ce mercredi \u00e0 Nouakchott, marquant un moment cl\u00e9 dans la relance des r\u00e9formes \u00e9ducatives port\u00e9es par le gouvernement mauritanien. Pr\u00e9sid\u00e9e par M. Brahim Vall Ould Mohamed Lemine, pr\u00e9sident du HCE, cette assembl\u00e9e a r\u00e9uni les membres du Conseil en pr\u00e9sence.....\" \/>\n<meta property=\"og:url\" content=\"https:\/\/lequotidien.mr\/?p=27068&amp;lang=fr\" \/>\n<meta property=\"og:site_name\" content=\"Le Quotidien de Nouakchott\" \/>\n<meta property=\"article:publisher\" content=\"https:\/\/web.facebook.com\/lequotidienmr\" \/>\n<meta property=\"article:published_time\" content=\"2025-04-23T22:25:17+00:00\" \/>\n<meta property=\"og:image\" content=\"https:\/\/lequotidien.mr\/wp-content\/uploads\/2025\/04\/photo-HC-education.jpg\" \/>\n\t<meta property=\"og:image:width\" content=\"750\" \/>\n\t<meta property=\"og:image:height\" content=\"430\" \/>\n\t<meta property=\"og:image:type\" content=\"image\/jpeg\" \/>\n<meta name=\"author\" content=\"Med Ahmed\" \/>\n<meta name=\"twitter:card\" content=\"summary_large_image\" \/>\n<meta name=\"twitter:creator\" content=\"@lequotidienmr\" \/>\n<meta name=\"twitter:site\" content=\"@lequotidienmr\" \/>\n<meta name=\"twitter:label1\" content=\"\u0643\u064f\u062a\u0628 \u0628\u0648\u0627\u0633\u0637\u0629\" \/>\n\t<meta name=\"twitter:data1\" content=\"Med Ahmed\" \/>\n\t<meta name=\"twitter:label2\" content=\"\u0648\u0642\u062a \u0627\u0644\u0642\u0631\u0627\u0621\u0629 \u0627\u0644\u0645\u064f\u0642\u062f\u0651\u0631\" \/>\n\t<meta name=\"twitter:data2\" content=\"3 \u062f\u0642\u0627\u0626\u0642\" \/>\n<script type=\"application\/ld+json\" class=\"yoast-schema-graph\">{\"@context\":\"https:\\\/\\\/schema.org\",\"@graph\":[{\"@type\":\"Article\",\"@id\":\"https:\\\/\\\/lequotidien.mr\\\/?p=27068&lang=fr#article\",\"isPartOf\":{\"@id\":\"https:\\\/\\\/lequotidien.mr\\\/?p=27068&lang=fr\"},\"author\":{\"name\":\"Med Ahmed\",\"@id\":\"https:\\\/\\\/lequotidien.mr\\\/#\\\/schema\\\/person\\\/d2d350202a4d599685ed8abc25f97596\"},\"headline\":\"Nouakchott : Ouverture de la premi\u00e8re session de l\u2019Assembl\u00e9e g\u00e9n\u00e9rale ordinaire du Haut Conseil de l\u2019\u00c9ducation\",\"datePublished\":\"2025-04-23T22:25:17+00:00\",\"mainEntityOfPage\":{\"@id\":\"https:\\\/\\\/lequotidien.mr\\\/?p=27068&lang=fr\"},\"wordCount\":657,\"commentCount\":0,\"publisher\":{\"@id\":\"https:\\\/\\\/lequotidien.mr\\\/#organization\"},\"image\":{\"@id\":\"https:\\\/\\\/lequotidien.mr\\\/?p=27068&lang=fr#primaryimage\"},\"thumbnailUrl\":\"https:\\\/\\\/lequotidien.mr\\\/wp-content\\\/uploads\\\/2025\\\/04\\\/photo-HC-education.jpg\",\"articleSection\":[\"ACTUALIT\u00c9\",\"Culture\"],\"inLanguage\":\"ar\",\"potentialAction\":[{\"@type\":\"CommentAction\",\"name\":\"Comment\",\"target\":[\"https:\\\/\\\/lequotidien.mr\\\/?p=27068&lang=fr#respond\"]}]},{\"@type\":\"WebPage\",\"@id\":\"https:\\\/\\\/lequotidien.mr\\\/?p=27068&lang=fr\",\"url\":\"https:\\\/\\\/lequotidien.mr\\\/?p=27068&lang=fr\",\"name\":\"Nouakchott : Ouverture de la premi\u00e8re session de l\u2019Assembl\u00e9e g\u00e9n\u00e9rale ordinaire du Haut Conseil de l\u2019\u00c9ducation - Le Quotidien de Nouakchott\",\"isPartOf\":{\"@id\":\"https:\\\/\\\/lequotidien.mr\\\/#website\"},\"primaryImageOfPage\":{\"@id\":\"https:\\\/\\\/lequotidien.mr\\\/?p=27068&lang=fr#primaryimage\"},\"image\":{\"@id\":\"https:\\\/\\\/lequotidien.mr\\\/?p=27068&lang=fr#primaryimage\"},\"thumbnailUrl\":\"https:\\\/\\\/lequotidien.mr\\\/wp-content\\\/uploads\\\/2025\\\/04\\\/photo-HC-education.jpg\",\"datePublished\":\"2025-04-23T22:25:17+00:00\",\"breadcrumb\":{\"@id\":\"https:\\\/\\\/lequotidien.mr\\\/?p=27068&lang=fr#breadcrumb\"},\"inLanguage\":\"ar\",\"potentialAction\":[{\"@type\":\"ReadAction\",\"target\":[\"https:\\\/\\\/lequotidien.mr\\\/?p=27068&lang=fr\"]}]},{\"@type\":\"ImageObject\",\"inLanguage\":\"ar\",\"@id\":\"https:\\\/\\\/lequotidien.mr\\\/?p=27068&lang=fr#primaryimage\",\"url\":\"https:\\\/\\\/lequotidien.mr\\\/wp-content\\\/uploads\\\/2025\\\/04\\\/photo-HC-education.jpg\",\"contentUrl\":\"https:\\\/\\\/lequotidien.mr\\\/wp-content\\\/uploads\\\/2025\\\/04\\\/photo-HC-education.jpg\",\"width\":750,\"height\":430},{\"@type\":\"BreadcrumbList\",\"@id\":\"https:\\\/\\\/lequotidien.mr\\\/?p=27068&lang=fr#breadcrumb\",\"itemListElement\":[{\"@type\":\"ListItem\",\"position\":1,\"name\":\"Home\",\"item\":\"https:\\\/\\\/lequotidien.mr\\\/\"},{\"@type\":\"ListItem\",\"position\":2,\"name\":\"Nouakchott : Ouverture de la premi\u00e8re session de l\u2019Assembl\u00e9e g\u00e9n\u00e9rale ordinaire du Haut Conseil de l\u2019\u00c9ducation\"}]},{\"@type\":\"WebSite\",\"@id\":\"https:\\\/\\\/lequotidien.mr\\\/#website\",\"url\":\"https:\\\/\\\/lequotidien.mr\\\/\",\"name\":\"Le Quotidien de Nouakchott\",\"description\":\"\u0625\u062e\u0628\u0627\u0631\u064a\u0629 \u0645\u0633\u062a\u0642\u0644\u0629 \u0644\u0644\u0623\u0646\u0628\u0627\u0621 \u0627\u0644\u0639\u0627\u0645\u0629\",\"publisher\":{\"@id\":\"https:\\\/\\\/lequotidien.mr\\\/#organization\"},\"potentialAction\":[{\"@type\":\"SearchAction\",\"target\":{\"@type\":\"EntryPoint\",\"urlTemplate\":\"https:\\\/\\\/lequotidien.mr\\\/?s={search_term_string}\"},\"query-input\":{\"@type\":\"PropertyValueSpecification\",\"valueRequired\":true,\"valueName\":\"search_term_string\"}}],\"inLanguage\":\"ar\"},{\"@type\":\"Organization\",\"@id\":\"https:\\\/\\\/lequotidien.mr\\\/#organization\",\"name\":\"Le Quotidien de Nouakchott\",\"url\":\"https:\\\/\\\/lequotidien.mr\\\/\",\"logo\":{\"@type\":\"ImageObject\",\"inLanguage\":\"ar\",\"@id\":\"https:\\\/\\\/lequotidien.mr\\\/#\\\/schema\\\/logo\\\/image\\\/\",\"url\":\"https:\\\/\\\/lequotidien.mr\\\/wp-content\\\/uploads\\\/2022\\\/11\\\/logolequotidien.jpg\",\"contentUrl\":\"https:\\\/\\\/lequotidien.mr\\\/wp-content\\\/uploads\\\/2022\\\/11\\\/logolequotidien.jpg\",\"width\":290,\"height\":65,\"caption\":\"Le Quotidien de Nouakchott\"},\"image\":{\"@id\":\"https:\\\/\\\/lequotidien.mr\\\/#\\\/schema\\\/logo\\\/image\\\/\"},\"sameAs\":[\"https:\\\/\\\/web.facebook.com\\\/lequotidienmr\",\"https:\\\/\\\/x.com\\\/lequotidienmr\"]},{\"@type\":\"Person\",\"@id\":\"https:\\\/\\\/lequotidien.mr\\\/#\\\/schema\\\/person\\\/d2d350202a4d599685ed8abc25f97596\",\"name\":\"Med Ahmed\",\"image\":{\"@type\":\"ImageObject\",\"inLanguage\":\"ar\",\"@id\":\"https:\\\/\\\/secure.gravatar.com\\\/avatar\\\/fd2acc62ed50732923d1d39c17172c9b04149f142be92310ecc69e1358f94b52?s=96&d=mm&r=g\",\"url\":\"https:\\\/\\\/secure.gravatar.com\\\/avatar\\\/fd2acc62ed50732923d1d39c17172c9b04149f142be92310ecc69e1358f94b52?s=96&d=mm&r=g\",\"contentUrl\":\"https:\\\/\\\/secure.gravatar.com\\\/avatar\\\/fd2acc62ed50732923d1d39c17172c9b04149f142be92310ecc69e1358f94b52?s=96&d=mm&r=g\",\"caption\":\"Med Ahmed\"},\"url\":\"https:\\\/\\\/lequotidien.mr\\\/?author=12\"}]}<\/script>\n<!-- \/ Yoast SEO plugin. -->","yoast_head_json":{"title":"Nouakchott : Ouverture de la premi\u00e8re session de l\u2019Assembl\u00e9e g\u00e9n\u00e9rale ordinaire du Haut Conseil de l\u2019\u00c9ducation - Le Quotidien de Nouakchott","robots":{"index":"index","follow":"follow","max-snippet":"max-snippet:-1","max-image-preview":"max-image-preview:large","max-video-preview":"max-video-preview:-1"},"canonical":"https:\/\/lequotidien.mr\/?p=27068&lang=fr","og_locale":"ar_AR","og_type":"article","og_title":"Nouakchott : Ouverture de la premi\u00e8re session de l\u2019Assembl\u00e9e g\u00e9n\u00e9rale ordinaire du Haut Conseil de l\u2019\u00c9ducation - Le Quotidien de Nouakchott","og_description":"La premi\u00e8re session ordinaire de l\u2019Assembl\u00e9e g\u00e9n\u00e9rale du Haut Conseil de l\u2019\u00c9ducation (HCE) s\u2019est ouverte ce mercredi \u00e0 Nouakchott, marquant un moment cl\u00e9 dans la relance des r\u00e9formes \u00e9ducatives port\u00e9es par le gouvernement mauritanien. Pr\u00e9sid\u00e9e par M. Brahim Vall Ould Mohamed Lemine, pr\u00e9sident du HCE, cette assembl\u00e9e a r\u00e9uni les membres du Conseil en pr\u00e9sence.....","og_url":"https:\/\/lequotidien.mr\/?p=27068&lang=fr","og_site_name":"Le Quotidien de Nouakchott","article_publisher":"https:\/\/web.facebook.com\/lequotidienmr","article_published_time":"2025-04-23T22:25:17+00:00","og_image":[{"width":750,"height":430,"url":"https:\/\/lequotidien.mr\/wp-content\/uploads\/2025\/04\/photo-HC-education.jpg","type":"image\/jpeg"}],"author":"Med Ahmed","twitter_card":"summary_large_image","twitter_creator":"@lequotidienmr","twitter_site":"@lequotidienmr","twitter_misc":{"\u0643\u064f\u062a\u0628 \u0628\u0648\u0627\u0633\u0637\u0629":"Med Ahmed","\u0648\u0642\u062a \u0627\u0644\u0642\u0631\u0627\u0621\u0629 \u0627\u0644\u0645\u064f\u0642\u062f\u0651\u0631":"3 \u062f\u0642\u0627\u0626\u0642"},"schema":{"@context":"https:\/\/schema.org","@graph":[{"@type":"Article","@id":"https:\/\/lequotidien.mr\/?p=27068&lang=fr#article","isPartOf":{"@id":"https:\/\/lequotidien.mr\/?p=27068&lang=fr"},"author":{"name":"Med Ahmed","@id":"https:\/\/lequotidien.mr\/#\/schema\/person\/d2d350202a4d599685ed8abc25f97596"},"headline":"Nouakchott : Ouverture de la premi\u00e8re session de l\u2019Assembl\u00e9e g\u00e9n\u00e9rale ordinaire du Haut Conseil de l\u2019\u00c9ducation","datePublished":"2025-04-23T22:25:17+00:00","mainEntityOfPage":{"@id":"https:\/\/lequotidien.mr\/?p=27068&lang=fr"},"wordCount":657,"commentCount":0,"publisher":{"@id":"https:\/\/lequotidien.mr\/#organization"},"image":{"@id":"https:\/\/lequotidien.mr\/?p=27068&lang=fr#primaryimage"},"thumbnailUrl":"https:\/\/lequotidien.mr\/wp-content\/uploads\/2025\/04\/photo-HC-education.jpg","articleSection":["ACTUALIT\u00c9","Culture"],"inLanguage":"ar","potentialAction":[{"@type":"CommentAction","name":"Comment","target":["https:\/\/lequotidien.mr\/?p=27068&lang=fr#respond"]}]},{"@type":"WebPage","@id":"https:\/\/lequotidien.mr\/?p=27068&lang=fr","url":"https:\/\/lequotidien.mr\/?p=27068&lang=fr","name":"Nouakchott : Ouverture de la premi\u00e8re session de l\u2019Assembl\u00e9e g\u00e9n\u00e9rale ordinaire du Haut Conseil de l\u2019\u00c9ducation - Le Quotidien de Nouakchott","isPartOf":{"@id":"https:\/\/lequotidien.mr\/#website"},"primaryImageOfPage":{"@id":"https:\/\/lequotidien.mr\/?p=27068&lang=fr#primaryimage"},"image":{"@id":"https:\/\/lequotidien.mr\/?p=27068&lang=fr#primaryimage"},"thumbnailUrl":"https:\/\/lequotidien.mr\/wp-content\/uploads\/2025\/04\/photo-HC-education.jpg","datePublished":"2025-04-23T22:25:17+00:00","breadcrumb":{"@id":"https:\/\/lequotidien.mr\/?p=27068&lang=fr#breadcrumb"},"inLanguage":"ar","potentialAction":[{"@type":"ReadAction","target":["https:\/\/lequotidien.mr\/?p=27068&lang=fr"]}]},{"@type":"ImageObject","inLanguage":"ar","@id":"https:\/\/lequotidien.mr\/?p=27068&lang=fr#primaryimage","url":"https:\/\/lequotidien.mr\/wp-content\/uploads\/2025\/04\/photo-HC-education.jpg","contentUrl":"https:\/\/lequotidien.mr\/wp-content\/uploads\/2025\/04\/photo-HC-education.jpg","width":750,"height":430},{"@type":"BreadcrumbList","@id":"https:\/\/lequotidien.mr\/?p=27068&lang=fr#breadcrumb","itemListElement":[{"@type":"ListItem","position":1,"name":"Home","item":"https:\/\/lequotidien.mr\/"},{"@type":"ListItem","position":2,"name":"Nouakchott : Ouverture de la premi\u00e8re session de l\u2019Assembl\u00e9e g\u00e9n\u00e9rale ordinaire du Haut Conseil de l\u2019\u00c9ducation"}]},{"@type":"WebSite","@id":"https:\/\/lequotidien.mr\/#website","url":"https:\/\/lequotidien.mr\/","name":"Le Quotidien de Nouakchott","description":"\u0625\u062e\u0628\u0627\u0631\u064a\u0629 \u0645\u0633\u062a\u0642\u0644\u0629 \u0644\u0644\u0623\u0646\u0628\u0627\u0621 \u0627\u0644\u0639\u0627\u0645\u0629","publisher":{"@id":"https:\/\/lequotidien.mr\/#organization"},"potentialAction":[{"@type":"SearchAction","target":{"@type":"EntryPoint","urlTemplate":"https:\/\/lequotidien.mr\/?s={search_term_string}"},"query-input":{"@type":"PropertyValueSpecification","valueRequired":true,"valueName":"search_term_string"}}],"inLanguage":"ar"},{"@type":"Organization","@id":"https:\/\/lequotidien.mr\/#organization","name":"Le Quotidien de Nouakchott","url":"https:\/\/lequotidien.mr\/","logo":{"@type":"ImageObject","inLanguage":"ar","@id":"https:\/\/lequotidien.mr\/#\/schema\/logo\/image\/","url":"https:\/\/lequotidien.mr\/wp-content\/uploads\/2022\/11\/logolequotidien.jpg","contentUrl":"https:\/\/lequotidien.mr\/wp-content\/uploads\/2022\/11\/logolequotidien.jpg","width":290,"height":65,"caption":"Le Quotidien de Nouakchott"},"image":{"@id":"https:\/\/lequotidien.mr\/#\/schema\/logo\/image\/"},"sameAs":["https:\/\/web.facebook.com\/lequotidienmr","https:\/\/x.com\/lequotidienmr"]},{"@type":"Person","@id":"https:\/\/lequotidien.mr\/#\/schema\/person\/d2d350202a4d599685ed8abc25f97596","name":"Med Ahmed","image":{"@type":"ImageObject","inLanguage":"ar","@id":"https:\/\/secure.gravatar.com\/avatar\/fd2acc62ed50732923d1d39c17172c9b04149f142be92310ecc69e1358f94b52?s=96&d=mm&r=g","url":"https:\/\/secure.gravatar.com\/avatar\/fd2acc62ed50732923d1d39c17172c9b04149f142be92310ecc69e1358f94b52?s=96&d=mm&r=g","contentUrl":"https:\/\/secure.gravatar.com\/avatar\/fd2acc62ed50732923d1d39c17172c9b04149f142be92310ecc69e1358f94b52?s=96&d=mm&r=g","caption":"Med Ahmed"},"url":"https:\/\/lequotidien.mr\/?author=12"}]}},"_links":{"self":[{"href":"https:\/\/lequotidien.mr\/index.php?rest_route=\/wp\/v2\/posts\/27068","targetHints":{"allow":["GET"]}}],"collection":[{"href":"https:\/\/lequotidien.mr\/index.php?rest_route=\/wp\/v2\/posts"}],"about":[{"href":"https:\/\/lequotidien.mr\/index.php?rest_route=\/wp\/v2\/types\/post"}],"author":[{"embeddable":true,"href":"https:\/\/lequotidien.mr\/index.php?rest_route=\/wp\/v2\/users\/12"}],"replies":[{"embeddable":true,"href":"https:\/\/lequotidien.mr\/index.php?rest_route=%2Fwp%2Fv2%2Fcomments&post=27068"}],"version-history":[{"count":1,"href":"https:\/\/lequotidien.mr\/index.php?rest_route=\/wp\/v2\/posts\/27068\/revisions"}],"predecessor-version":[{"id":27070,"href":"https:\/\/lequotidien.mr\/index.php?rest_route=\/wp\/v2\/posts\/27068\/revisions\/27070"}],"wp:featuredmedia":[{"embeddable":true,"href":"https:\/\/lequotidien.mr\/index.php?rest_route=\/wp\/v2\/media\/27069"}],"wp:attachment":[{"href":"https:\/\/lequotidien.mr\/index.php?rest_route=%2Fwp%2Fv2%2Fmedia&parent=27068"}],"wp:term":[{"taxonomy":"category","embeddable":true,"href":"https:\/\/lequotidien.mr\/index.php?rest_route=%2Fwp%2Fv2%2Fcategories&post=27068"},{"taxonomy":"post_tag","embeddable":true,"href":"https:\/\/lequotidien.mr\/index.php?rest_route=%2Fwp%2Fv2%2Ftags&post=27068"}],"curies":[{"name":"wp","href":"https:\/\/api.w.org\/{rel}","templated":true}]}}