{"id":27018,"date":"2025-04-22T13:11:46","date_gmt":"2025-04-22T13:11:46","guid":{"rendered":"https:\/\/lequotidien.mr\/?p=27018"},"modified":"2025-04-22T13:11:46","modified_gmt":"2025-04-22T13:11:46","slug":"lancement-du-programme-africain-de-gestion-integree-des-risques-climatiques-en-mauritanie","status":"publish","type":"post","link":"https:\/\/lequotidien.mr\/?p=27018&lang=fr","title":{"rendered":"Lancement du Programme Africain de Gestion int\u00e9gr\u00e9e des Risques Climatiques en Mauritanie"},"content":{"rendered":"<p>Le ministre mauritanien de l\u2019Agriculture et de la Souverainet\u00e9 alimentaire, M. Momma Beibate, a officiellement lanc\u00e9, ce lundi \u00e0 Kiffa, le <strong>Programme africain de Gestion int\u00e9gr\u00e9e des Risques climatiques (PAGIRC)<\/strong>, une initiative strat\u00e9gique dot\u00e9e de\u00a0<strong>12 millions de dollars<\/strong>\u00a0et cofinanc\u00e9e par l\u2019\u00c9tat mauritanien, le Fonds International de D\u00e9veloppement Agricole (FIDA) et le Fonds Vert pour le Climat. Aux c\u00f4t\u00e9s de la ministre de l\u2019Environnement et du D\u00e9veloppement durable, Mme Messaouda Baham Mohamed Laghdaf, et du wali de l\u2019Assaba, M. Addahi Kht\u00e8ra, M. Beibate a soulign\u00e9 l\u2019urgence de prot\u00e9ger les communaut\u00e9s rurales face aux chocs climatiques croissants.<\/p>\n<p><strong>Un bouclier climatique pour sept pays sah\u00e9liens<\/strong><\/p>\n<p>Ce programme de\u00a0<strong>six ans<\/strong>\u00a0ciblera les petits exploitants agricoles et les \u00e9leveurs de sept pays du Sahel (Mauritanie, Burkina Faso, Mali, Niger, S\u00e9n\u00e9gal, Gambie, Tchad) \u00e0 travers des actions structurantes :<\/p>\n<p><strong>-Renforcement des services m\u00e9t\u00e9orologiques<\/strong>\u00a0pour anticiper les crises\u00a0;<\/p>\n<p><strong>-Promotion de l\u2019agroforesterie<\/strong>\u00a0et de cha\u00eenes de valeur r\u00e9silientes\u00a0;<\/p>\n<p><strong>-Acc\u00e8s \u00e0 des assurances agricoles<\/strong>\u00a0innovantes et \u00e0 des \u00e9nergies renouvelables abordables\u00a0;<\/p>\n<p><strong>-Formation des agriculteurs<\/strong>\u00a0aux pratiques adapt\u00e9es au climat.<\/p>\n<p><strong>Une vision align\u00e9e sur les priorit\u00e9s nationales<\/strong><\/p>\n<p>Dans son discours, M. Beibate a rappel\u00e9 que ce projet s\u2019inscrit dans la vision du Pr\u00e9sident Mohamed Cheikh Ghazouani, dont le programme \u00ab Mon ambition pour la nation \u00bb place la\u00a0<strong>souverainet\u00e9 alimentaire<\/strong>, la\u00a0<strong>justice sociale<\/strong>\u00a0et la\u00a0<strong>r\u00e9silience climatique<\/strong>\u00a0au c\u0153ur des politiques publiques. \u00ab Ce programme porte l\u2019espoir d\u2019un avenir meilleur pour nos r\u00e9gions les plus vuln\u00e9rables, comme l\u2019Assaba, les deux Hodhs, le Brakna et le Gorgol, o\u00f9 les syst\u00e8mes agricoles sont mis \u00e0 rude \u00e9preuve \u00bb, a-t-il d\u00e9clar\u00e9. Il a \u00e9galement salu\u00e9 l\u2019appui du Premier ministre Mokhtar Diay, dont les r\u00e9formes visent \u00e0 transformer durablement l\u2019agriculture et \u00e0 renforcer la coh\u00e9sion sociale.<\/p>\n<p>M. Moustafa Cheikh Abdallahi, responsable du <strong>M\u00e9canisme africain de Pr\u00e9vention des Risques<\/strong>, a insist\u00e9 sur la r\u00e9alit\u00e9 tangible du d\u00e9r\u00e8glement climatique : \u00ab Les s\u00e9cheresses et inondations ne sont plus des risques abstraits, mais des crises r\u00e9currentes qui menacent nos \u00e9conomies \u00bb. Il a rappel\u00e9 l\u2019accord pionnier de 2013 entre la Mauritanie et son organisme, permettant de mutualiser les risques climatiques via des m\u00e9canismes d\u2019assurance transf\u00e9r\u00e9s aux march\u00e9s internationaux.<\/p>\n<p><strong>Le PAM et le FIDA mobilis\u00e9s pour des solutions durables<\/strong><\/p>\n<p>M. Patrick Texexera, repr\u00e9sentant adjoint du Programme Alimentaire Mondial (PAM), a annonc\u00e9 l\u2019introduction de <strong>micro-assurances agricoles <\/strong>pour prot\u00e9ger les revenus de millions de petits producteurs contre les al\u00e9as climatiques. \u00ab Ces outils permettront de s\u00e9curiser les investissements face \u00e0 la s\u00e9cheresse ou aux pluies irr\u00e9guli\u00e8res \u00bb, a-t-il pr\u00e9cis\u00e9. De son c\u00f4t\u00e9, Mme St\u00e9phane Jaquette, coordinatrice du FIDA pour le Sahel, a soulign\u00e9 l\u2019impact de ses programmes r\u00e9gionaux, touchant\u00a0<strong>850 000 personnes <\/strong>dans la zone, dont 123 000 familles mauritaniennes.<\/p>\n<p><strong>Des retomb\u00e9es concr\u00e8tes pour les territoires<\/strong><\/p>\n<p>M. Ahmed Amar, coordinateur du PAGIRC en Mauritanie, a d\u00e9taill\u00e9 les b\u00e9n\u00e9fices attendus :<\/p>\n<p><strong>&#8211;<\/strong>R\u00e9habilitation de\u00a0<strong>milliers d\u2019hectares<\/strong>\u00a0de terres d\u00e9grad\u00e9es\u00a0;<\/p>\n<p><strong>&#8211;<\/strong>Diffusion de pratiques agricoles\u00a0<strong>intelligentes face au climat\u00a0<\/strong>;<\/p>\n<p><strong>&#8211;<\/strong>Acc\u00e8s \u00e0 des syst\u00e8mes d\u2019<strong>alerte pr\u00e9coce<\/strong>\u00a0et d\u2019assurance\u00a0;<\/p>\n<p><strong>&#8211;<\/strong>Cr\u00e9ation d\u2019<strong>opportunit\u00e9s \u00e9conomiques<\/strong>\u00a0locales via des cha\u00eenes de valeur vertes.<\/p>\n<p><strong>Un engagement salu\u00e9 par les acteurs locaux<\/strong><\/p>\n<p>M. Mohamed Mahmoud Habib, pr\u00e9sident de la r\u00e9gion de l\u2019Assaba, et M. Jamal Kaboud, maire de Kiffa, ont tous deux salu\u00e9 ce programme, crucial pour une zone o\u00f9 <strong>80 % des activit\u00e9s d\u00e9pendent de l\u2019agriculture et de l\u2019\u00e9levage<\/strong>. \u00ab L\u2019Assaba, frapp\u00e9e par la d\u00e9sertification et l\u2019irr\u00e9gularit\u00e9 des pluies, a besoin de ces innovations pour survivre \u00bb, ont-ils affirm\u00e9.<\/p>\n<p>En cl\u00f4ture, les ministres et le wali ont visit\u00e9 une exposition photo mettant en lumi\u00e8re les efforts du projet\u00a0<strong>Progress<\/strong>\u00a0dans la restauration des terres et l\u2019am\u00e9lioration des conditions de vie. Ce lancement marque une \u00e9tape cl\u00e9 vers la transformation \u00e9cologique du Sahel, o\u00f9 coop\u00e9ration internationale et savoirs locaux s\u2019unissent pour b\u00e2tir un avenir r\u00e9silient.<\/p>\n<p>Outre M. Beibate, Mme Laghdaf et M. Kht\u00e8ra, assistaient \u00e0 l\u2019\u00e9v\u00e9nement des repr\u00e9sentants du FIDA, du PAM, du M\u00e9canisme africain de Pr\u00e9vention des Risques, ainsi que des \u00e9lus locaux et chefs de projets agricoles.<\/p>\n","protected":false},"excerpt":{"rendered":"<p>Le ministre mauritanien de l\u2019Agriculture et de la Souverainet\u00e9 alimentaire, M. Momma Beibate, a officiellement lanc\u00e9, ce lundi \u00e0 Kiffa, le Programme africain de Gestion int\u00e9gr\u00e9e des Risques climatiques (PAGIRC), une initiative strat\u00e9gique dot\u00e9e de\u00a012 millions de dollars\u00a0et cofinanc\u00e9e par l\u2019\u00c9tat mauritanien, le Fonds International de D\u00e9veloppement Agricole (FIDA) et le Fonds Vert pour le&#8230;..<\/p>\n","protected":false},"author":12,"featured_media":27019,"comment_status":"open","ping_status":"open","sticky":false,"template":"","format":"standard","meta":{"footnotes":""},"categories":[49,55],"tags":[],"class_list":["post-27018","post","type-post","status-publish","format-standard","has-post-thumbnail","hentry","category-economie","category-culture"],"yoast_head":"<!-- This site is optimized with the Yoast SEO plugin v27.5 - https:\/\/yoast.com\/product\/yoast-seo-wordpress\/ -->\n<title>Lancement du Programme Africain de Gestion int\u00e9gr\u00e9e des Risques Climatiques en Mauritanie - Le Quotidien de Nouakchott<\/title>\n<meta name=\"robots\" content=\"index, follow, max-snippet:-1, max-image-preview:large, max-video-preview:-1\" \/>\n<link rel=\"canonical\" href=\"https:\/\/lequotidien.mr\/?p=27018&lang=fr\" \/>\n<meta property=\"og:locale\" content=\"ar_AR\" \/>\n<meta property=\"og:type\" content=\"article\" \/>\n<meta property=\"og:title\" content=\"Lancement du Programme Africain de Gestion int\u00e9gr\u00e9e des Risques Climatiques en Mauritanie - Le Quotidien de Nouakchott\" \/>\n<meta property=\"og:description\" content=\"Le ministre mauritanien de l\u2019Agriculture et de la Souverainet\u00e9 alimentaire, M. Momma Beibate, a officiellement lanc\u00e9, ce lundi \u00e0 Kiffa, le Programme africain de Gestion int\u00e9gr\u00e9e des Risques climatiques (PAGIRC), une initiative strat\u00e9gique dot\u00e9e de\u00a012 millions de dollars\u00a0et cofinanc\u00e9e par l\u2019\u00c9tat mauritanien, le Fonds International de D\u00e9veloppement Agricole (FIDA) et le Fonds Vert pour le.....\" \/>\n<meta property=\"og:url\" content=\"https:\/\/lequotidien.mr\/?p=27018&amp;lang=fr\" \/>\n<meta property=\"og:site_name\" content=\"Le Quotidien de Nouakchott\" \/>\n<meta property=\"article:publisher\" content=\"https:\/\/web.facebook.com\/lequotidienmr\" \/>\n<meta property=\"article:published_time\" content=\"2025-04-22T13:11:46+00:00\" \/>\n<meta property=\"og:image\" content=\"https:\/\/lequotidien.mr\/wp-content\/uploads\/2025\/04\/photo-gest-rques-envirronnement.jpg\" \/>\n\t<meta property=\"og:image:width\" content=\"750\" \/>\n\t<meta property=\"og:image:height\" content=\"430\" \/>\n\t<meta property=\"og:image:type\" content=\"image\/jpeg\" \/>\n<meta name=\"author\" content=\"Med Ahmed\" \/>\n<meta name=\"twitter:card\" content=\"summary_large_image\" \/>\n<meta name=\"twitter:creator\" content=\"@lequotidienmr\" \/>\n<meta name=\"twitter:site\" content=\"@lequotidienmr\" \/>\n<meta name=\"twitter:label1\" content=\"\u0643\u064f\u062a\u0628 \u0628\u0648\u0627\u0633\u0637\u0629\" \/>\n\t<meta name=\"twitter:data1\" content=\"Med Ahmed\" \/>\n\t<meta name=\"twitter:label2\" content=\"\u0648\u0642\u062a \u0627\u0644\u0642\u0631\u0627\u0621\u0629 \u0627\u0644\u0645\u064f\u0642\u062f\u0651\u0631\" \/>\n\t<meta name=\"twitter:data2\" content=\"4 \u062f\u0642\u0627\u0626\u0642\" \/>\n<script type=\"application\/ld+json\" class=\"yoast-schema-graph\">{\"@context\":\"https:\\\/\\\/schema.org\",\"@graph\":[{\"@type\":\"Article\",\"@id\":\"https:\\\/\\\/lequotidien.mr\\\/?p=27018&lang=fr#article\",\"isPartOf\":{\"@id\":\"https:\\\/\\\/lequotidien.mr\\\/?p=27018&lang=fr\"},\"author\":{\"name\":\"Med Ahmed\",\"@id\":\"https:\\\/\\\/lequotidien.mr\\\/#\\\/schema\\\/person\\\/d2d350202a4d599685ed8abc25f97596\"},\"headline\":\"Lancement du Programme Africain de Gestion int\u00e9gr\u00e9e des Risques Climatiques en Mauritanie\",\"datePublished\":\"2025-04-22T13:11:46+00:00\",\"mainEntityOfPage\":{\"@id\":\"https:\\\/\\\/lequotidien.mr\\\/?p=27018&lang=fr\"},\"wordCount\":748,\"commentCount\":0,\"publisher\":{\"@id\":\"https:\\\/\\\/lequotidien.mr\\\/#organization\"},\"image\":{\"@id\":\"https:\\\/\\\/lequotidien.mr\\\/?p=27018&lang=fr#primaryimage\"},\"thumbnailUrl\":\"https:\\\/\\\/lequotidien.mr\\\/wp-content\\\/uploads\\\/2025\\\/04\\\/photo-gest-rques-envirronnement.jpg\",\"articleSection\":[\"Economie\",\"Culture\"],\"inLanguage\":\"ar\",\"potentialAction\":[{\"@type\":\"CommentAction\",\"name\":\"Comment\",\"target\":[\"https:\\\/\\\/lequotidien.mr\\\/?p=27018&lang=fr#respond\"]}]},{\"@type\":\"WebPage\",\"@id\":\"https:\\\/\\\/lequotidien.mr\\\/?p=27018&lang=fr\",\"url\":\"https:\\\/\\\/lequotidien.mr\\\/?p=27018&lang=fr\",\"name\":\"Lancement du Programme Africain de Gestion int\u00e9gr\u00e9e des Risques Climatiques en Mauritanie - Le Quotidien de Nouakchott\",\"isPartOf\":{\"@id\":\"https:\\\/\\\/lequotidien.mr\\\/#website\"},\"primaryImageOfPage\":{\"@id\":\"https:\\\/\\\/lequotidien.mr\\\/?p=27018&lang=fr#primaryimage\"},\"image\":{\"@id\":\"https:\\\/\\\/lequotidien.mr\\\/?p=27018&lang=fr#primaryimage\"},\"thumbnailUrl\":\"https:\\\/\\\/lequotidien.mr\\\/wp-content\\\/uploads\\\/2025\\\/04\\\/photo-gest-rques-envirronnement.jpg\",\"datePublished\":\"2025-04-22T13:11:46+00:00\",\"breadcrumb\":{\"@id\":\"https:\\\/\\\/lequotidien.mr\\\/?p=27018&lang=fr#breadcrumb\"},\"inLanguage\":\"ar\",\"potentialAction\":[{\"@type\":\"ReadAction\",\"target\":[\"https:\\\/\\\/lequotidien.mr\\\/?p=27018&lang=fr\"]}]},{\"@type\":\"ImageObject\",\"inLanguage\":\"ar\",\"@id\":\"https:\\\/\\\/lequotidien.mr\\\/?p=27018&lang=fr#primaryimage\",\"url\":\"https:\\\/\\\/lequotidien.mr\\\/wp-content\\\/uploads\\\/2025\\\/04\\\/photo-gest-rques-envirronnement.jpg\",\"contentUrl\":\"https:\\\/\\\/lequotidien.mr\\\/wp-content\\\/uploads\\\/2025\\\/04\\\/photo-gest-rques-envirronnement.jpg\",\"width\":750,\"height\":430},{\"@type\":\"BreadcrumbList\",\"@id\":\"https:\\\/\\\/lequotidien.mr\\\/?p=27018&lang=fr#breadcrumb\",\"itemListElement\":[{\"@type\":\"ListItem\",\"position\":1,\"name\":\"Home\",\"item\":\"https:\\\/\\\/lequotidien.mr\\\/\"},{\"@type\":\"ListItem\",\"position\":2,\"name\":\"Lancement du Programme Africain de Gestion int\u00e9gr\u00e9e des Risques Climatiques en Mauritanie\"}]},{\"@type\":\"WebSite\",\"@id\":\"https:\\\/\\\/lequotidien.mr\\\/#website\",\"url\":\"https:\\\/\\\/lequotidien.mr\\\/\",\"name\":\"Le Quotidien de Nouakchott\",\"description\":\"\u0625\u062e\u0628\u0627\u0631\u064a\u0629 \u0645\u0633\u062a\u0642\u0644\u0629 \u0644\u0644\u0623\u0646\u0628\u0627\u0621 \u0627\u0644\u0639\u0627\u0645\u0629\",\"publisher\":{\"@id\":\"https:\\\/\\\/lequotidien.mr\\\/#organization\"},\"potentialAction\":[{\"@type\":\"SearchAction\",\"target\":{\"@type\":\"EntryPoint\",\"urlTemplate\":\"https:\\\/\\\/lequotidien.mr\\\/?s={search_term_string}\"},\"query-input\":{\"@type\":\"PropertyValueSpecification\",\"valueRequired\":true,\"valueName\":\"search_term_string\"}}],\"inLanguage\":\"ar\"},{\"@type\":\"Organization\",\"@id\":\"https:\\\/\\\/lequotidien.mr\\\/#organization\",\"name\":\"Le Quotidien de Nouakchott\",\"url\":\"https:\\\/\\\/lequotidien.mr\\\/\",\"logo\":{\"@type\":\"ImageObject\",\"inLanguage\":\"ar\",\"@id\":\"https:\\\/\\\/lequotidien.mr\\\/#\\\/schema\\\/logo\\\/image\\\/\",\"url\":\"https:\\\/\\\/lequotidien.mr\\\/wp-content\\\/uploads\\\/2022\\\/11\\\/logolequotidien.jpg\",\"contentUrl\":\"https:\\\/\\\/lequotidien.mr\\\/wp-content\\\/uploads\\\/2022\\\/11\\\/logolequotidien.jpg\",\"width\":290,\"height\":65,\"caption\":\"Le Quotidien de Nouakchott\"},\"image\":{\"@id\":\"https:\\\/\\\/lequotidien.mr\\\/#\\\/schema\\\/logo\\\/image\\\/\"},\"sameAs\":[\"https:\\\/\\\/web.facebook.com\\\/lequotidienmr\",\"https:\\\/\\\/x.com\\\/lequotidienmr\"]},{\"@type\":\"Person\",\"@id\":\"https:\\\/\\\/lequotidien.mr\\\/#\\\/schema\\\/person\\\/d2d350202a4d599685ed8abc25f97596\",\"name\":\"Med Ahmed\",\"image\":{\"@type\":\"ImageObject\",\"inLanguage\":\"ar\",\"@id\":\"https:\\\/\\\/secure.gravatar.com\\\/avatar\\\/fd2acc62ed50732923d1d39c17172c9b04149f142be92310ecc69e1358f94b52?s=96&d=mm&r=g\",\"url\":\"https:\\\/\\\/secure.gravatar.com\\\/avatar\\\/fd2acc62ed50732923d1d39c17172c9b04149f142be92310ecc69e1358f94b52?s=96&d=mm&r=g\",\"contentUrl\":\"https:\\\/\\\/secure.gravatar.com\\\/avatar\\\/fd2acc62ed50732923d1d39c17172c9b04149f142be92310ecc69e1358f94b52?s=96&d=mm&r=g\",\"caption\":\"Med Ahmed\"},\"url\":\"https:\\\/\\\/lequotidien.mr\\\/?author=12\"}]}<\/script>\n<!-- \/ Yoast SEO plugin. -->","yoast_head_json":{"title":"Lancement du Programme Africain de Gestion int\u00e9gr\u00e9e des Risques Climatiques en Mauritanie - Le Quotidien de Nouakchott","robots":{"index":"index","follow":"follow","max-snippet":"max-snippet:-1","max-image-preview":"max-image-preview:large","max-video-preview":"max-video-preview:-1"},"canonical":"https:\/\/lequotidien.mr\/?p=27018&lang=fr","og_locale":"ar_AR","og_type":"article","og_title":"Lancement du Programme Africain de Gestion int\u00e9gr\u00e9e des Risques Climatiques en Mauritanie - Le Quotidien de Nouakchott","og_description":"Le ministre mauritanien de l\u2019Agriculture et de la Souverainet\u00e9 alimentaire, M. Momma Beibate, a officiellement lanc\u00e9, ce lundi \u00e0 Kiffa, le Programme africain de Gestion int\u00e9gr\u00e9e des Risques climatiques (PAGIRC), une initiative strat\u00e9gique dot\u00e9e de\u00a012 millions de dollars\u00a0et cofinanc\u00e9e par l\u2019\u00c9tat mauritanien, le Fonds International de D\u00e9veloppement Agricole (FIDA) et le Fonds Vert pour le.....","og_url":"https:\/\/lequotidien.mr\/?p=27018&lang=fr","og_site_name":"Le Quotidien de Nouakchott","article_publisher":"https:\/\/web.facebook.com\/lequotidienmr","article_published_time":"2025-04-22T13:11:46+00:00","og_image":[{"width":750,"height":430,"url":"https:\/\/lequotidien.mr\/wp-content\/uploads\/2025\/04\/photo-gest-rques-envirronnement.jpg","type":"image\/jpeg"}],"author":"Med Ahmed","twitter_card":"summary_large_image","twitter_creator":"@lequotidienmr","twitter_site":"@lequotidienmr","twitter_misc":{"\u0643\u064f\u062a\u0628 \u0628\u0648\u0627\u0633\u0637\u0629":"Med Ahmed","\u0648\u0642\u062a \u0627\u0644\u0642\u0631\u0627\u0621\u0629 \u0627\u0644\u0645\u064f\u0642\u062f\u0651\u0631":"4 \u062f\u0642\u0627\u0626\u0642"},"schema":{"@context":"https:\/\/schema.org","@graph":[{"@type":"Article","@id":"https:\/\/lequotidien.mr\/?p=27018&lang=fr#article","isPartOf":{"@id":"https:\/\/lequotidien.mr\/?p=27018&lang=fr"},"author":{"name":"Med Ahmed","@id":"https:\/\/lequotidien.mr\/#\/schema\/person\/d2d350202a4d599685ed8abc25f97596"},"headline":"Lancement du Programme Africain de Gestion int\u00e9gr\u00e9e des Risques Climatiques en Mauritanie","datePublished":"2025-04-22T13:11:46+00:00","mainEntityOfPage":{"@id":"https:\/\/lequotidien.mr\/?p=27018&lang=fr"},"wordCount":748,"commentCount":0,"publisher":{"@id":"https:\/\/lequotidien.mr\/#organization"},"image":{"@id":"https:\/\/lequotidien.mr\/?p=27018&lang=fr#primaryimage"},"thumbnailUrl":"https:\/\/lequotidien.mr\/wp-content\/uploads\/2025\/04\/photo-gest-rques-envirronnement.jpg","articleSection":["Economie","Culture"],"inLanguage":"ar","potentialAction":[{"@type":"CommentAction","name":"Comment","target":["https:\/\/lequotidien.mr\/?p=27018&lang=fr#respond"]}]},{"@type":"WebPage","@id":"https:\/\/lequotidien.mr\/?p=27018&lang=fr","url":"https:\/\/lequotidien.mr\/?p=27018&lang=fr","name":"Lancement du Programme Africain de Gestion int\u00e9gr\u00e9e des Risques Climatiques en Mauritanie - Le Quotidien de Nouakchott","isPartOf":{"@id":"https:\/\/lequotidien.mr\/#website"},"primaryImageOfPage":{"@id":"https:\/\/lequotidien.mr\/?p=27018&lang=fr#primaryimage"},"image":{"@id":"https:\/\/lequotidien.mr\/?p=27018&lang=fr#primaryimage"},"thumbnailUrl":"https:\/\/lequotidien.mr\/wp-content\/uploads\/2025\/04\/photo-gest-rques-envirronnement.jpg","datePublished":"2025-04-22T13:11:46+00:00","breadcrumb":{"@id":"https:\/\/lequotidien.mr\/?p=27018&lang=fr#breadcrumb"},"inLanguage":"ar","potentialAction":[{"@type":"ReadAction","target":["https:\/\/lequotidien.mr\/?p=27018&lang=fr"]}]},{"@type":"ImageObject","inLanguage":"ar","@id":"https:\/\/lequotidien.mr\/?p=27018&lang=fr#primaryimage","url":"https:\/\/lequotidien.mr\/wp-content\/uploads\/2025\/04\/photo-gest-rques-envirronnement.jpg","contentUrl":"https:\/\/lequotidien.mr\/wp-content\/uploads\/2025\/04\/photo-gest-rques-envirronnement.jpg","width":750,"height":430},{"@type":"BreadcrumbList","@id":"https:\/\/lequotidien.mr\/?p=27018&lang=fr#breadcrumb","itemListElement":[{"@type":"ListItem","position":1,"name":"Home","item":"https:\/\/lequotidien.mr\/"},{"@type":"ListItem","position":2,"name":"Lancement du Programme Africain de Gestion int\u00e9gr\u00e9e des Risques Climatiques en Mauritanie"}]},{"@type":"WebSite","@id":"https:\/\/lequotidien.mr\/#website","url":"https:\/\/lequotidien.mr\/","name":"Le Quotidien de Nouakchott","description":"\u0625\u062e\u0628\u0627\u0631\u064a\u0629 \u0645\u0633\u062a\u0642\u0644\u0629 \u0644\u0644\u0623\u0646\u0628\u0627\u0621 \u0627\u0644\u0639\u0627\u0645\u0629","publisher":{"@id":"https:\/\/lequotidien.mr\/#organization"},"potentialAction":[{"@type":"SearchAction","target":{"@type":"EntryPoint","urlTemplate":"https:\/\/lequotidien.mr\/?s={search_term_string}"},"query-input":{"@type":"PropertyValueSpecification","valueRequired":true,"valueName":"search_term_string"}}],"inLanguage":"ar"},{"@type":"Organization","@id":"https:\/\/lequotidien.mr\/#organization","name":"Le Quotidien de Nouakchott","url":"https:\/\/lequotidien.mr\/","logo":{"@type":"ImageObject","inLanguage":"ar","@id":"https:\/\/lequotidien.mr\/#\/schema\/logo\/image\/","url":"https:\/\/lequotidien.mr\/wp-content\/uploads\/2022\/11\/logolequotidien.jpg","contentUrl":"https:\/\/lequotidien.mr\/wp-content\/uploads\/2022\/11\/logolequotidien.jpg","width":290,"height":65,"caption":"Le Quotidien de Nouakchott"},"image":{"@id":"https:\/\/lequotidien.mr\/#\/schema\/logo\/image\/"},"sameAs":["https:\/\/web.facebook.com\/lequotidienmr","https:\/\/x.com\/lequotidienmr"]},{"@type":"Person","@id":"https:\/\/lequotidien.mr\/#\/schema\/person\/d2d350202a4d599685ed8abc25f97596","name":"Med Ahmed","image":{"@type":"ImageObject","inLanguage":"ar","@id":"https:\/\/secure.gravatar.com\/avatar\/fd2acc62ed50732923d1d39c17172c9b04149f142be92310ecc69e1358f94b52?s=96&d=mm&r=g","url":"https:\/\/secure.gravatar.com\/avatar\/fd2acc62ed50732923d1d39c17172c9b04149f142be92310ecc69e1358f94b52?s=96&d=mm&r=g","contentUrl":"https:\/\/secure.gravatar.com\/avatar\/fd2acc62ed50732923d1d39c17172c9b04149f142be92310ecc69e1358f94b52?s=96&d=mm&r=g","caption":"Med Ahmed"},"url":"https:\/\/lequotidien.mr\/?author=12"}]}},"_links":{"self":[{"href":"https:\/\/lequotidien.mr\/index.php?rest_route=\/wp\/v2\/posts\/27018","targetHints":{"allow":["GET"]}}],"collection":[{"href":"https:\/\/lequotidien.mr\/index.php?rest_route=\/wp\/v2\/posts"}],"about":[{"href":"https:\/\/lequotidien.mr\/index.php?rest_route=\/wp\/v2\/types\/post"}],"author":[{"embeddable":true,"href":"https:\/\/lequotidien.mr\/index.php?rest_route=\/wp\/v2\/users\/12"}],"replies":[{"embeddable":true,"href":"https:\/\/lequotidien.mr\/index.php?rest_route=%2Fwp%2Fv2%2Fcomments&post=27018"}],"version-history":[{"count":1,"href":"https:\/\/lequotidien.mr\/index.php?rest_route=\/wp\/v2\/posts\/27018\/revisions"}],"predecessor-version":[{"id":27020,"href":"https:\/\/lequotidien.mr\/index.php?rest_route=\/wp\/v2\/posts\/27018\/revisions\/27020"}],"wp:featuredmedia":[{"embeddable":true,"href":"https:\/\/lequotidien.mr\/index.php?rest_route=\/wp\/v2\/media\/27019"}],"wp:attachment":[{"href":"https:\/\/lequotidien.mr\/index.php?rest_route=%2Fwp%2Fv2%2Fmedia&parent=27018"}],"wp:term":[{"taxonomy":"category","embeddable":true,"href":"https:\/\/lequotidien.mr\/index.php?rest_route=%2Fwp%2Fv2%2Fcategories&post=27018"},{"taxonomy":"post_tag","embeddable":true,"href":"https:\/\/lequotidien.mr\/index.php?rest_route=%2Fwp%2Fv2%2Ftags&post=27018"}],"curies":[{"name":"wp","href":"https:\/\/api.w.org\/{rel}","templated":true}]}}