{"id":27011,"date":"2025-04-22T12:02:28","date_gmt":"2025-04-22T12:02:28","guid":{"rendered":"https:\/\/lequotidien.mr\/?p=27011"},"modified":"2025-04-22T12:02:28","modified_gmt":"2025-04-22T12:02:28","slug":"le-premier-ministre-m-djay-supervise-lavancement-du-projet-de-developpement-de-nouakchott-un-engagement-ferme-pour-les-citoyens","status":"publish","type":"post","link":"https:\/\/lequotidien.mr\/?p=27011&lang=fr","title":{"rendered":"Le Premier ministre M. Djay supervise l\u2019avancement du projet de d\u00e9veloppement de Nouakchott : \u00ab Un engagement ferme pour les citoyens \u00bb"},"content":{"rendered":"<p>Le Premier ministre mauritanien, M. Moctar Djay, a r\u00e9affirm\u00e9 ce samedi que le projet de d\u00e9veloppement int\u00e9gr\u00e9 de la ville de Nouakchott se d\u00e9roule conform\u00e9ment aux d\u00e9lais et aux sp\u00e9cifications techniques pr\u00e9vus. Lors d\u2019une s\u00e9rie de visites de terrain, le chef du gouvernement a insist\u00e9 sur l\u2019importance de ce chantier structurant, directement li\u00e9 aux pr\u00e9occupations quotidiennes des citoyens, et a rappel\u00e9 l\u2019engagement du Pr\u00e9sident de la R\u00e9publique, M. Mohamed Cheikh El Ghazouani, \u00e0 en assurer un suivi rigoureux jusqu\u2019\u00e0 son ach\u00e8vement.<\/p>\n<p><strong>Un projet multisectoriel au c\u0153ur des priorit\u00e9s citoyennes<\/strong><\/p>\n<p>Accompagn\u00e9 d\u2019une d\u00e9l\u00e9gation minist\u00e9rielle et des autorit\u00e9s locales, le Premier ministre a inspect\u00e9 plusieurs composantes du projet, ax\u00e9es sur l\u2019acc\u00e8s \u00e0 l\u2019eau potable, l\u2019assainissement, l\u2019\u00e9lectricit\u00e9, l\u2019\u00e9clairage public, la cr\u00e9ation d\u2019espaces verts et le renforcement des activit\u00e9s associatives. Ces chantiers, visant \u00e0 am\u00e9liorer les conditions de vie des habitants, ont \u00e9t\u00e9 pass\u00e9s en revue avec une attention particuli\u00e8re port\u00e9e \u00e0 leur avancement et \u00e0 leur impact social.<\/p>\n<p>Lors de ces visites, M. Djay s\u2019est inform\u00e9 en d\u00e9tail sur l\u2019\u00e9tat des travaux, \u00e9coutant les explications des responsables quant aux b\u00e9n\u00e9fices concrets de chaque \u00e9quipement pour la population. Il a notamment soulign\u00e9 la n\u00e9cessit\u00e9 de \u00ab respecter scrupuleusement le cahier des charges pour garantir des r\u00e9alisations durables et r\u00e9pondant aux attentes des citoyens \u00bb.<\/p>\n<p><strong>Sant\u00e9, \u00e9ducation et d\u00e9senclavement : des piliers essentiels<\/strong><\/p>\n<p>La journ\u00e9e de samedi a \u00e9galement \u00e9t\u00e9 marqu\u00e9e par l\u2019inspection des composantes li\u00e9es \u00e0 l\u2019\u00e9ducation, \u00e0 la sant\u00e9, aux routes et au d\u00e9senclavement des quartiers p\u00e9riph\u00e9riques. Le Premier ministre a tenu \u00e0 v\u00e9rifier personnellement les progr\u00e8s r\u00e9alis\u00e9s dans ces secteurs cl\u00e9s, rappelant que \u00ab ces infrastructures sont vitales pour r\u00e9duire les in\u00e9galit\u00e9s et offrir \u00e0 tous les Mauritaniens un acc\u00e8s \u00e9quitable aux services de base \u00bb.<\/p>\n<p>Exigeant un contr\u00f4le permanent des chantiers, M. Djay a demand\u00e9 aux ministres concern\u00e9s de \u00ab maintenir un suivi rapproch\u00e9 afin d\u2019\u00e9viter tout retard ou d\u00e9passement technique \u00bb. Cette rigueur, a-t-il expliqu\u00e9, s\u2019inscrit dans les directives du Pr\u00e9sident de la R\u00e9publique, qui a fait de la transparence et de l\u2019efficacit\u00e9 des politiques publiques une priorit\u00e9 absolue.<\/p>\n<p>Le Premier ministre \u00e9tait accompagn\u00e9 lors de ces visites par une d\u00e9l\u00e9gation compos\u00e9e du ministre charg\u00e9 du secr\u00e9tariat g\u00e9n\u00e9ral du gouvernement, du ministre de la jeunesse, de l\u2019emploi, des sports et du service civique, du ministre de l\u2019\u00e9nergie et du p\u00e9trole, du ministre de l\u2019hydraulique et de l\u2019assainissement, de la ministre de l\u2019environnement et du d\u00e9veloppement durable, ainsi que du directeur de cabinet du Premier ministre, des conseillers du premier minist\u00e8re, des trois walis de Nouakchott, des maires des communes et des hakems des moughataas.<\/p>\n<p><strong>Vers une Nouakchott moderne et inclusive<\/strong><\/p>\n<p>Ce projet de d\u00e9veloppement urbain, pilot\u00e9 sous l\u2019autorit\u00e9 directe du Pr\u00e9sident Ghazouani, illustre la volont\u00e9 des autorit\u00e9s de transformer la capitale en un mod\u00e8le de durabilit\u00e9 et d\u2019inclusion. En ciblant des secteurs aussi vari\u00e9s que l\u2019assainissement, l\u2019\u00e9nergie ou l\u2019\u00e9ducation, le gouvernement entend non seulement am\u00e9liorer le cadre de vie des habitants, mais aussi poser les bases d\u2019une croissance \u00e9conomique harmonieuse, cr\u00e9atrice d\u2019emplois et respectueuse de l\u2019environnement.<\/p>\n<p>Avec un calendrier serr\u00e9 et un engagement sans faille des parties prenantes, Nouakchott s\u2019appr\u00eate ainsi \u00e0 tourner une nouvelle page de son d\u00e9veloppement, align\u00e9e sur les aspirations d\u2019une population en qu\u00eate de progr\u00e8s et de stabilit\u00e9.<\/p>\n<p>&nbsp;<\/p>\n","protected":false},"excerpt":{"rendered":"<p>Le Premier ministre mauritanien, M. Moctar Djay, a r\u00e9affirm\u00e9 ce samedi que le projet de d\u00e9veloppement int\u00e9gr\u00e9 de la ville de Nouakchott se d\u00e9roule conform\u00e9ment aux d\u00e9lais et aux sp\u00e9cifications techniques pr\u00e9vus. Lors d\u2019une s\u00e9rie de visites de terrain, le chef du gouvernement a insist\u00e9 sur l\u2019importance de ce chantier structurant, directement li\u00e9 aux pr\u00e9occupations&#8230;..<\/p>\n","protected":false},"author":12,"featured_media":27012,"comment_status":"open","ping_status":"open","sticky":false,"template":"","format":"standard","meta":{"footnotes":""},"categories":[23,49,55],"tags":[],"class_list":["post-27011","post","type-post","status-publish","format-standard","has-post-thumbnail","hentry","category-actualite","category-economie","category-culture"],"yoast_head":"<!-- This site is optimized with the Yoast SEO plugin v27.5 - https:\/\/yoast.com\/product\/yoast-seo-wordpress\/ -->\n<title>Le Premier ministre M. Djay supervise l\u2019avancement du projet de d\u00e9veloppement de Nouakchott : \u00ab Un engagement ferme pour les citoyens \u00bb - Le Quotidien de Nouakchott<\/title>\n<meta name=\"robots\" content=\"index, follow, max-snippet:-1, max-image-preview:large, max-video-preview:-1\" \/>\n<link rel=\"canonical\" href=\"https:\/\/lequotidien.mr\/?p=27011&lang=fr\" \/>\n<meta property=\"og:locale\" content=\"ar_AR\" \/>\n<meta property=\"og:type\" content=\"article\" \/>\n<meta property=\"og:title\" content=\"Le Premier ministre M. Djay supervise l\u2019avancement du projet de d\u00e9veloppement de Nouakchott : \u00ab Un engagement ferme pour les citoyens \u00bb - Le Quotidien de Nouakchott\" \/>\n<meta property=\"og:description\" content=\"Le Premier ministre mauritanien, M. Moctar Djay, a r\u00e9affirm\u00e9 ce samedi que le projet de d\u00e9veloppement int\u00e9gr\u00e9 de la ville de Nouakchott se d\u00e9roule conform\u00e9ment aux d\u00e9lais et aux sp\u00e9cifications techniques pr\u00e9vus. Lors d\u2019une s\u00e9rie de visites de terrain, le chef du gouvernement a insist\u00e9 sur l\u2019importance de ce chantier structurant, directement li\u00e9 aux pr\u00e9occupations.....\" \/>\n<meta property=\"og:url\" content=\"https:\/\/lequotidien.mr\/?p=27011&amp;lang=fr\" \/>\n<meta property=\"og:site_name\" content=\"Le Quotidien de Nouakchott\" \/>\n<meta property=\"article:publisher\" content=\"https:\/\/web.facebook.com\/lequotidienmr\" \/>\n<meta property=\"article:published_time\" content=\"2025-04-22T12:02:28+00:00\" \/>\n<meta property=\"og:image\" content=\"https:\/\/lequotidien.mr\/wp-content\/uploads\/2025\/04\/photo-PM-plan-Nkc.jpg\" \/>\n\t<meta property=\"og:image:width\" content=\"750\" \/>\n\t<meta property=\"og:image:height\" content=\"430\" \/>\n\t<meta property=\"og:image:type\" content=\"image\/jpeg\" \/>\n<meta name=\"author\" content=\"Med Ahmed\" \/>\n<meta name=\"twitter:card\" content=\"summary_large_image\" \/>\n<meta name=\"twitter:creator\" content=\"@lequotidienmr\" \/>\n<meta name=\"twitter:site\" content=\"@lequotidienmr\" \/>\n<meta name=\"twitter:label1\" content=\"\u0643\u064f\u062a\u0628 \u0628\u0648\u0627\u0633\u0637\u0629\" \/>\n\t<meta name=\"twitter:data1\" content=\"Med Ahmed\" \/>\n\t<meta name=\"twitter:label2\" content=\"\u0648\u0642\u062a \u0627\u0644\u0642\u0631\u0627\u0621\u0629 \u0627\u0644\u0645\u064f\u0642\u062f\u0651\u0631\" \/>\n\t<meta name=\"twitter:data2\" content=\"3 \u062f\u0642\u0627\u0626\u0642\" \/>\n<script type=\"application\/ld+json\" class=\"yoast-schema-graph\">{\"@context\":\"https:\\\/\\\/schema.org\",\"@graph\":[{\"@type\":\"Article\",\"@id\":\"https:\\\/\\\/lequotidien.mr\\\/?p=27011&lang=fr#article\",\"isPartOf\":{\"@id\":\"https:\\\/\\\/lequotidien.mr\\\/?p=27011&lang=fr\"},\"author\":{\"name\":\"Med Ahmed\",\"@id\":\"https:\\\/\\\/lequotidien.mr\\\/#\\\/schema\\\/person\\\/d2d350202a4d599685ed8abc25f97596\"},\"headline\":\"Le Premier ministre M. Djay supervise l\u2019avancement du projet de d\u00e9veloppement de Nouakchott : \u00ab Un engagement ferme pour les citoyens \u00bb\",\"datePublished\":\"2025-04-22T12:02:28+00:00\",\"mainEntityOfPage\":{\"@id\":\"https:\\\/\\\/lequotidien.mr\\\/?p=27011&lang=fr\"},\"wordCount\":644,\"commentCount\":0,\"publisher\":{\"@id\":\"https:\\\/\\\/lequotidien.mr\\\/#organization\"},\"image\":{\"@id\":\"https:\\\/\\\/lequotidien.mr\\\/?p=27011&lang=fr#primaryimage\"},\"thumbnailUrl\":\"https:\\\/\\\/lequotidien.mr\\\/wp-content\\\/uploads\\\/2025\\\/04\\\/photo-PM-plan-Nkc.jpg\",\"articleSection\":[\"ACTUALIT\u00c9\",\"Economie\",\"Culture\"],\"inLanguage\":\"ar\",\"potentialAction\":[{\"@type\":\"CommentAction\",\"name\":\"Comment\",\"target\":[\"https:\\\/\\\/lequotidien.mr\\\/?p=27011&lang=fr#respond\"]}]},{\"@type\":\"WebPage\",\"@id\":\"https:\\\/\\\/lequotidien.mr\\\/?p=27011&lang=fr\",\"url\":\"https:\\\/\\\/lequotidien.mr\\\/?p=27011&lang=fr\",\"name\":\"Le Premier ministre M. Djay supervise l\u2019avancement du projet de d\u00e9veloppement de Nouakchott : \u00ab Un engagement ferme pour les citoyens \u00bb - Le Quotidien de Nouakchott\",\"isPartOf\":{\"@id\":\"https:\\\/\\\/lequotidien.mr\\\/#website\"},\"primaryImageOfPage\":{\"@id\":\"https:\\\/\\\/lequotidien.mr\\\/?p=27011&lang=fr#primaryimage\"},\"image\":{\"@id\":\"https:\\\/\\\/lequotidien.mr\\\/?p=27011&lang=fr#primaryimage\"},\"thumbnailUrl\":\"https:\\\/\\\/lequotidien.mr\\\/wp-content\\\/uploads\\\/2025\\\/04\\\/photo-PM-plan-Nkc.jpg\",\"datePublished\":\"2025-04-22T12:02:28+00:00\",\"breadcrumb\":{\"@id\":\"https:\\\/\\\/lequotidien.mr\\\/?p=27011&lang=fr#breadcrumb\"},\"inLanguage\":\"ar\",\"potentialAction\":[{\"@type\":\"ReadAction\",\"target\":[\"https:\\\/\\\/lequotidien.mr\\\/?p=27011&lang=fr\"]}]},{\"@type\":\"ImageObject\",\"inLanguage\":\"ar\",\"@id\":\"https:\\\/\\\/lequotidien.mr\\\/?p=27011&lang=fr#primaryimage\",\"url\":\"https:\\\/\\\/lequotidien.mr\\\/wp-content\\\/uploads\\\/2025\\\/04\\\/photo-PM-plan-Nkc.jpg\",\"contentUrl\":\"https:\\\/\\\/lequotidien.mr\\\/wp-content\\\/uploads\\\/2025\\\/04\\\/photo-PM-plan-Nkc.jpg\",\"width\":750,\"height\":430},{\"@type\":\"BreadcrumbList\",\"@id\":\"https:\\\/\\\/lequotidien.mr\\\/?p=27011&lang=fr#breadcrumb\",\"itemListElement\":[{\"@type\":\"ListItem\",\"position\":1,\"name\":\"Home\",\"item\":\"https:\\\/\\\/lequotidien.mr\\\/\"},{\"@type\":\"ListItem\",\"position\":2,\"name\":\"Le Premier ministre M. Djay supervise l\u2019avancement du projet de d\u00e9veloppement de Nouakchott : \u00ab Un engagement ferme pour les citoyens \u00bb\"}]},{\"@type\":\"WebSite\",\"@id\":\"https:\\\/\\\/lequotidien.mr\\\/#website\",\"url\":\"https:\\\/\\\/lequotidien.mr\\\/\",\"name\":\"Le Quotidien de Nouakchott\",\"description\":\"\u0625\u062e\u0628\u0627\u0631\u064a\u0629 \u0645\u0633\u062a\u0642\u0644\u0629 \u0644\u0644\u0623\u0646\u0628\u0627\u0621 \u0627\u0644\u0639\u0627\u0645\u0629\",\"publisher\":{\"@id\":\"https:\\\/\\\/lequotidien.mr\\\/#organization\"},\"potentialAction\":[{\"@type\":\"SearchAction\",\"target\":{\"@type\":\"EntryPoint\",\"urlTemplate\":\"https:\\\/\\\/lequotidien.mr\\\/?s={search_term_string}\"},\"query-input\":{\"@type\":\"PropertyValueSpecification\",\"valueRequired\":true,\"valueName\":\"search_term_string\"}}],\"inLanguage\":\"ar\"},{\"@type\":\"Organization\",\"@id\":\"https:\\\/\\\/lequotidien.mr\\\/#organization\",\"name\":\"Le Quotidien de Nouakchott\",\"url\":\"https:\\\/\\\/lequotidien.mr\\\/\",\"logo\":{\"@type\":\"ImageObject\",\"inLanguage\":\"ar\",\"@id\":\"https:\\\/\\\/lequotidien.mr\\\/#\\\/schema\\\/logo\\\/image\\\/\",\"url\":\"https:\\\/\\\/lequotidien.mr\\\/wp-content\\\/uploads\\\/2022\\\/11\\\/logolequotidien.jpg\",\"contentUrl\":\"https:\\\/\\\/lequotidien.mr\\\/wp-content\\\/uploads\\\/2022\\\/11\\\/logolequotidien.jpg\",\"width\":290,\"height\":65,\"caption\":\"Le Quotidien de Nouakchott\"},\"image\":{\"@id\":\"https:\\\/\\\/lequotidien.mr\\\/#\\\/schema\\\/logo\\\/image\\\/\"},\"sameAs\":[\"https:\\\/\\\/web.facebook.com\\\/lequotidienmr\",\"https:\\\/\\\/x.com\\\/lequotidienmr\"]},{\"@type\":\"Person\",\"@id\":\"https:\\\/\\\/lequotidien.mr\\\/#\\\/schema\\\/person\\\/d2d350202a4d599685ed8abc25f97596\",\"name\":\"Med Ahmed\",\"image\":{\"@type\":\"ImageObject\",\"inLanguage\":\"ar\",\"@id\":\"https:\\\/\\\/secure.gravatar.com\\\/avatar\\\/fd2acc62ed50732923d1d39c17172c9b04149f142be92310ecc69e1358f94b52?s=96&d=mm&r=g\",\"url\":\"https:\\\/\\\/secure.gravatar.com\\\/avatar\\\/fd2acc62ed50732923d1d39c17172c9b04149f142be92310ecc69e1358f94b52?s=96&d=mm&r=g\",\"contentUrl\":\"https:\\\/\\\/secure.gravatar.com\\\/avatar\\\/fd2acc62ed50732923d1d39c17172c9b04149f142be92310ecc69e1358f94b52?s=96&d=mm&r=g\",\"caption\":\"Med Ahmed\"},\"url\":\"https:\\\/\\\/lequotidien.mr\\\/?author=12\"}]}<\/script>\n<!-- \/ Yoast SEO plugin. -->","yoast_head_json":{"title":"Le Premier ministre M. Djay supervise l\u2019avancement du projet de d\u00e9veloppement de Nouakchott : \u00ab Un engagement ferme pour les citoyens \u00bb - Le Quotidien de Nouakchott","robots":{"index":"index","follow":"follow","max-snippet":"max-snippet:-1","max-image-preview":"max-image-preview:large","max-video-preview":"max-video-preview:-1"},"canonical":"https:\/\/lequotidien.mr\/?p=27011&lang=fr","og_locale":"ar_AR","og_type":"article","og_title":"Le Premier ministre M. Djay supervise l\u2019avancement du projet de d\u00e9veloppement de Nouakchott : \u00ab Un engagement ferme pour les citoyens \u00bb - Le Quotidien de Nouakchott","og_description":"Le Premier ministre mauritanien, M. Moctar Djay, a r\u00e9affirm\u00e9 ce samedi que le projet de d\u00e9veloppement int\u00e9gr\u00e9 de la ville de Nouakchott se d\u00e9roule conform\u00e9ment aux d\u00e9lais et aux sp\u00e9cifications techniques pr\u00e9vus. Lors d\u2019une s\u00e9rie de visites de terrain, le chef du gouvernement a insist\u00e9 sur l\u2019importance de ce chantier structurant, directement li\u00e9 aux pr\u00e9occupations.....","og_url":"https:\/\/lequotidien.mr\/?p=27011&lang=fr","og_site_name":"Le Quotidien de Nouakchott","article_publisher":"https:\/\/web.facebook.com\/lequotidienmr","article_published_time":"2025-04-22T12:02:28+00:00","og_image":[{"width":750,"height":430,"url":"https:\/\/lequotidien.mr\/wp-content\/uploads\/2025\/04\/photo-PM-plan-Nkc.jpg","type":"image\/jpeg"}],"author":"Med Ahmed","twitter_card":"summary_large_image","twitter_creator":"@lequotidienmr","twitter_site":"@lequotidienmr","twitter_misc":{"\u0643\u064f\u062a\u0628 \u0628\u0648\u0627\u0633\u0637\u0629":"Med Ahmed","\u0648\u0642\u062a \u0627\u0644\u0642\u0631\u0627\u0621\u0629 \u0627\u0644\u0645\u064f\u0642\u062f\u0651\u0631":"3 \u062f\u0642\u0627\u0626\u0642"},"schema":{"@context":"https:\/\/schema.org","@graph":[{"@type":"Article","@id":"https:\/\/lequotidien.mr\/?p=27011&lang=fr#article","isPartOf":{"@id":"https:\/\/lequotidien.mr\/?p=27011&lang=fr"},"author":{"name":"Med Ahmed","@id":"https:\/\/lequotidien.mr\/#\/schema\/person\/d2d350202a4d599685ed8abc25f97596"},"headline":"Le Premier ministre M. Djay supervise l\u2019avancement du projet de d\u00e9veloppement de Nouakchott : \u00ab Un engagement ferme pour les citoyens \u00bb","datePublished":"2025-04-22T12:02:28+00:00","mainEntityOfPage":{"@id":"https:\/\/lequotidien.mr\/?p=27011&lang=fr"},"wordCount":644,"commentCount":0,"publisher":{"@id":"https:\/\/lequotidien.mr\/#organization"},"image":{"@id":"https:\/\/lequotidien.mr\/?p=27011&lang=fr#primaryimage"},"thumbnailUrl":"https:\/\/lequotidien.mr\/wp-content\/uploads\/2025\/04\/photo-PM-plan-Nkc.jpg","articleSection":["ACTUALIT\u00c9","Economie","Culture"],"inLanguage":"ar","potentialAction":[{"@type":"CommentAction","name":"Comment","target":["https:\/\/lequotidien.mr\/?p=27011&lang=fr#respond"]}]},{"@type":"WebPage","@id":"https:\/\/lequotidien.mr\/?p=27011&lang=fr","url":"https:\/\/lequotidien.mr\/?p=27011&lang=fr","name":"Le Premier ministre M. Djay supervise l\u2019avancement du projet de d\u00e9veloppement de Nouakchott : \u00ab Un engagement ferme pour les citoyens \u00bb - Le Quotidien de Nouakchott","isPartOf":{"@id":"https:\/\/lequotidien.mr\/#website"},"primaryImageOfPage":{"@id":"https:\/\/lequotidien.mr\/?p=27011&lang=fr#primaryimage"},"image":{"@id":"https:\/\/lequotidien.mr\/?p=27011&lang=fr#primaryimage"},"thumbnailUrl":"https:\/\/lequotidien.mr\/wp-content\/uploads\/2025\/04\/photo-PM-plan-Nkc.jpg","datePublished":"2025-04-22T12:02:28+00:00","breadcrumb":{"@id":"https:\/\/lequotidien.mr\/?p=27011&lang=fr#breadcrumb"},"inLanguage":"ar","potentialAction":[{"@type":"ReadAction","target":["https:\/\/lequotidien.mr\/?p=27011&lang=fr"]}]},{"@type":"ImageObject","inLanguage":"ar","@id":"https:\/\/lequotidien.mr\/?p=27011&lang=fr#primaryimage","url":"https:\/\/lequotidien.mr\/wp-content\/uploads\/2025\/04\/photo-PM-plan-Nkc.jpg","contentUrl":"https:\/\/lequotidien.mr\/wp-content\/uploads\/2025\/04\/photo-PM-plan-Nkc.jpg","width":750,"height":430},{"@type":"BreadcrumbList","@id":"https:\/\/lequotidien.mr\/?p=27011&lang=fr#breadcrumb","itemListElement":[{"@type":"ListItem","position":1,"name":"Home","item":"https:\/\/lequotidien.mr\/"},{"@type":"ListItem","position":2,"name":"Le Premier ministre M. Djay supervise l\u2019avancement du projet de d\u00e9veloppement de Nouakchott : \u00ab Un engagement ferme pour les citoyens \u00bb"}]},{"@type":"WebSite","@id":"https:\/\/lequotidien.mr\/#website","url":"https:\/\/lequotidien.mr\/","name":"Le Quotidien de Nouakchott","description":"\u0625\u062e\u0628\u0627\u0631\u064a\u0629 \u0645\u0633\u062a\u0642\u0644\u0629 \u0644\u0644\u0623\u0646\u0628\u0627\u0621 \u0627\u0644\u0639\u0627\u0645\u0629","publisher":{"@id":"https:\/\/lequotidien.mr\/#organization"},"potentialAction":[{"@type":"SearchAction","target":{"@type":"EntryPoint","urlTemplate":"https:\/\/lequotidien.mr\/?s={search_term_string}"},"query-input":{"@type":"PropertyValueSpecification","valueRequired":true,"valueName":"search_term_string"}}],"inLanguage":"ar"},{"@type":"Organization","@id":"https:\/\/lequotidien.mr\/#organization","name":"Le Quotidien de Nouakchott","url":"https:\/\/lequotidien.mr\/","logo":{"@type":"ImageObject","inLanguage":"ar","@id":"https:\/\/lequotidien.mr\/#\/schema\/logo\/image\/","url":"https:\/\/lequotidien.mr\/wp-content\/uploads\/2022\/11\/logolequotidien.jpg","contentUrl":"https:\/\/lequotidien.mr\/wp-content\/uploads\/2022\/11\/logolequotidien.jpg","width":290,"height":65,"caption":"Le Quotidien de Nouakchott"},"image":{"@id":"https:\/\/lequotidien.mr\/#\/schema\/logo\/image\/"},"sameAs":["https:\/\/web.facebook.com\/lequotidienmr","https:\/\/x.com\/lequotidienmr"]},{"@type":"Person","@id":"https:\/\/lequotidien.mr\/#\/schema\/person\/d2d350202a4d599685ed8abc25f97596","name":"Med Ahmed","image":{"@type":"ImageObject","inLanguage":"ar","@id":"https:\/\/secure.gravatar.com\/avatar\/fd2acc62ed50732923d1d39c17172c9b04149f142be92310ecc69e1358f94b52?s=96&d=mm&r=g","url":"https:\/\/secure.gravatar.com\/avatar\/fd2acc62ed50732923d1d39c17172c9b04149f142be92310ecc69e1358f94b52?s=96&d=mm&r=g","contentUrl":"https:\/\/secure.gravatar.com\/avatar\/fd2acc62ed50732923d1d39c17172c9b04149f142be92310ecc69e1358f94b52?s=96&d=mm&r=g","caption":"Med Ahmed"},"url":"https:\/\/lequotidien.mr\/?author=12"}]}},"_links":{"self":[{"href":"https:\/\/lequotidien.mr\/index.php?rest_route=\/wp\/v2\/posts\/27011","targetHints":{"allow":["GET"]}}],"collection":[{"href":"https:\/\/lequotidien.mr\/index.php?rest_route=\/wp\/v2\/posts"}],"about":[{"href":"https:\/\/lequotidien.mr\/index.php?rest_route=\/wp\/v2\/types\/post"}],"author":[{"embeddable":true,"href":"https:\/\/lequotidien.mr\/index.php?rest_route=\/wp\/v2\/users\/12"}],"replies":[{"embeddable":true,"href":"https:\/\/lequotidien.mr\/index.php?rest_route=%2Fwp%2Fv2%2Fcomments&post=27011"}],"version-history":[{"count":2,"href":"https:\/\/lequotidien.mr\/index.php?rest_route=\/wp\/v2\/posts\/27011\/revisions"}],"predecessor-version":[{"id":27014,"href":"https:\/\/lequotidien.mr\/index.php?rest_route=\/wp\/v2\/posts\/27011\/revisions\/27014"}],"wp:featuredmedia":[{"embeddable":true,"href":"https:\/\/lequotidien.mr\/index.php?rest_route=\/wp\/v2\/media\/27012"}],"wp:attachment":[{"href":"https:\/\/lequotidien.mr\/index.php?rest_route=%2Fwp%2Fv2%2Fmedia&parent=27011"}],"wp:term":[{"taxonomy":"category","embeddable":true,"href":"https:\/\/lequotidien.mr\/index.php?rest_route=%2Fwp%2Fv2%2Fcategories&post=27011"},{"taxonomy":"post_tag","embeddable":true,"href":"https:\/\/lequotidien.mr\/index.php?rest_route=%2Fwp%2Fv2%2Ftags&post=27011"}],"curies":[{"name":"wp","href":"https:\/\/api.w.org\/{rel}","templated":true}]}}