{"id":27008,"date":"2025-04-22T11:39:11","date_gmt":"2025-04-22T11:39:11","guid":{"rendered":"https:\/\/lequotidien.mr\/?p=27008"},"modified":"2025-04-22T11:39:11","modified_gmt":"2025-04-22T11:39:11","slug":"le-president-el-ghazouani-lance-la-2%e1%b5%89-edition-d-expo-mauritanie-2025-le-secteur-prive-au-coeur-de-la-relance-economique","status":"publish","type":"post","link":"https:\/\/lequotidien.mr\/?p=27008&lang=fr","title":{"rendered":"Le Pr\u00e9sident El Ghazouani lance la 2\u1d49 \u00e9dition d\u2019\u00ab Expo Mauritanie 2025 \u00bb : le secteur priv\u00e9 au c\u0153ur de la relance \u00e9conomique"},"content":{"rendered":"<p>Le Pr\u00e9sident de la R\u00e9publique, M. Mohamed Cheikh El Ghazouani, a officiellement lanc\u00e9, jeudi dernier, au stade olympique de Nouakchott, la deuxi\u00e8me \u00e9dition de l\u2019exposition du secteur priv\u00e9 \u00ab Expo Mauritanie 2025 \u00bb. Plac\u00e9e sous le th\u00e8me \u00ab Le secteur priv\u00e9 est le moteur de la croissance \u00e9conomique et le cr\u00e9ateur d\u2019emplois \u00bb, cette manifestation de trois jours incarne l\u2019ambition nationale de renforcer l\u2019\u00e9conomie locale et de valoriser le savoir-faire mauritanien.<\/p>\n<p>Accompagn\u00e9 du Premier ministre, M. El Moctar Djay, et de membres \u00e9minents du gouvernement, le chef de l\u2019\u00c9tat a coup\u00e9 le ruban symbolique marquant l\u2019ouverture de l\u2019\u00e9v\u00e9nement. Par la suite, il a visit\u00e9 les pavillons des exposants, \u00e9coutant attentivement les explications sur les produits pr\u00e9sent\u00e9s et leur contribution aux secteurs cl\u00e9s de l\u2019\u00e9conomie. Cette immersion refl\u00e8te la volont\u00e9 pr\u00e9sidentielle de soutenir les initiatives locales et de promouvoir le label \u00ab Made in Mauritania \u00bb.<\/p>\n<p><strong>Une vitrine strat\u00e9gique pour l\u2019\u00e9conomie nationale<\/strong><\/p>\n<p>Organis\u00e9e par l\u2019Union Nationale du Patronat Mauritanien (UNPM), l\u2019exposition r\u00e9unit 11 groupes, 75 institutions et 250 usines issues de divers domaines de production et de services. V\u00e9ritable plateforme d\u2019innovation, elle vise \u00e0 stimuler les partenariats commerciaux, \u00e0 renforcer la coop\u00e9ration \u00e9conomique et \u00e0 mettre en lumi\u00e8re le dynamisme du secteur priv\u00e9. Pour M. Mohamed Zeine El Abidine Cheikh Ahmed, pr\u00e9sident de l\u2019UNPM, cet \u00e9v\u00e9nement \u00ab illustre les acquis nationaux et le r\u00f4le central des entrepreneurs dans le d\u00e9veloppement industriel, la cr\u00e9ation d\u2019emplois et la valorisation des ressources locales \u00bb.<\/p>\n<p>Dans son allocution, M. Tidjani Thiam, ministre de l\u2019Industrie et des Mines, a salu\u00e9 l\u2019engagement personnel du Pr\u00e9sident Ghazouani en faveur du secteur priv\u00e9. Il a rappel\u00e9 les r\u00e9centes avanc\u00e9es, notamment la strat\u00e9gie nationale d\u2019industrialisation \u00e0 l\u2019horizon 2030, ax\u00e9e sur la transformation des ressources naturelles (\u00e9levage, p\u00eache, agriculture) et la substitution aux importations. \u00ab Seule l\u2019industrie peut am\u00e9liorer la productivit\u00e9, r\u00e9duire le ch\u00f4mage et renforcer la souverainet\u00e9 \u00e9conomique \u00bb, a-t-il d\u00e9clar\u00e9, citant les directives pr\u00e9sidentielles pour la cr\u00e9ation de zones industrielles modernes et l\u2019adoption d\u2019un cadre l\u00e9gislatif attractif pour les investisseurs.<\/p>\n<p><strong>Des projets phares et des ambitions concr\u00e8tes<\/strong><\/p>\n<p>Parmi les annonces marquantes, le lancement prochain de la premi\u00e8re usine de transformation d\u2019acier de la sous-r\u00e9gion, financ\u00e9e \u00e0 hauteur de 60 milliards d\u2019anciennes ouguiyas par des investisseurs nationaux, a \u00e9t\u00e9 d\u00e9voil\u00e9. Ce projet, dont la premi\u00e8re pierre sera pos\u00e9e en juin 2025, s\u2019inscrit dans une vision plus large d\u2019augmentation de la production mini\u00e8re, avec un objectif de 45 millions de tonnes de minerai de fer d\u2019ici 2031 pour la SNIM.<\/p>\n<p>Par ailleurs, un programme de formation et d\u2019insertion professionnelle pour 1 500 jeunes Mauritaniens a \u00e9t\u00e9 mis en avant, soulignant l\u2019engagement du gouvernement et du secteur priv\u00e9 \u00e0 lutter contre le ch\u00f4mage et \u00e0 autonomiser la jeunesse.<\/p>\n<p>Le ministre Thiam a rappel\u00e9 les cinq piliers du programme gouvernemental, pr\u00e9sent\u00e9 par le Premier ministre Djay au Parlement : renforcement de l\u2019\u00c9tat de droit, \u00e9conomie durable, capital humain qualifi\u00e9, unit\u00e9 nationale et s\u00e9curit\u00e9 renforc\u00e9e. Ces axes s\u2019articulent avec des projets structurants tels que le d\u00e9veloppement des \u00e9nergies renouvelables, l\u2019extension des infrastructures hydrauliques et routi\u00e8res, et la promotion des PME via des feuilles de route d\u00e9di\u00e9es.<\/p>\n<p><strong>Un avenir prometteur, port\u00e9 par le dialogue public-priv\u00e9<\/strong><\/p>\n<p>La pr\u00e9sence massive des hautes autorit\u00e9s, du corps diplomatique et des entrepreneurs lors de cet \u00e9v\u00e9nement t\u00e9moigne d\u2019une synergie renouvel\u00e9e entre l\u2019\u00c9tat et le secteur priv\u00e9. Comme l\u2019a soulign\u00e9 le Pr\u00e9sident Ghazouani dans son programme \u00e9lectoral, cette collaboration est essentielle pour construire une \u00e9conomie r\u00e9siliente, inclusive et tourn\u00e9e vers l\u2019avenir.<\/p>\n<p>Avec \u00ab Expo Mauritanie 2025 \u00bb, le pays affirme sa d\u00e9termination \u00e0 hisser le secteur priv\u00e9 au rang de pilier incontournable de sa prosp\u00e9rit\u00e9, tout en honorant son engagement envers les g\u00e9n\u00e9rations futures \u00e0 travers une croissance respectueuse de l\u2019environnement et des ressources nationales.<\/p>\n<p>Outre le Pr\u00e9sident Ghazouani et le Premier ministre Djay, assistaient \u00e0 l\u2019\u00e9v\u00e9nement le ministre secr\u00e9taire g\u00e9n\u00e9ral de la Pr\u00e9sidence, les ministres conseillers, les membres du gouvernement, le wali de Nouakchott Ouest, le maire de Tevragh-Zeina, les chefs d\u2019\u00e9tat-major des forces arm\u00e9es et de s\u00e9curit\u00e9, ainsi que des repr\u00e9sentants du corps diplomatique et des entrepreneurs nationaux.<\/p>\n","protected":false},"excerpt":{"rendered":"<p>Le Pr\u00e9sident de la R\u00e9publique, M. Mohamed Cheikh El Ghazouani, a officiellement lanc\u00e9, jeudi dernier, au stade olympique de Nouakchott, la deuxi\u00e8me \u00e9dition de l\u2019exposition du secteur priv\u00e9 \u00ab Expo Mauritanie 2025 \u00bb. Plac\u00e9e sous le th\u00e8me \u00ab Le secteur priv\u00e9 est le moteur de la croissance \u00e9conomique et le cr\u00e9ateur d\u2019emplois \u00bb, cette manifestation&#8230;..<\/p>\n","protected":false},"author":12,"featured_media":27009,"comment_status":"open","ping_status":"open","sticky":false,"template":"","format":"standard","meta":{"footnotes":""},"categories":[23,49],"tags":[],"class_list":["post-27008","post","type-post","status-publish","format-standard","has-post-thumbnail","hentry","category-actualite","category-economie"],"yoast_head":"<!-- This site is optimized with the Yoast SEO plugin v27.5 - https:\/\/yoast.com\/product\/yoast-seo-wordpress\/ -->\n<title>Le Pr\u00e9sident El Ghazouani lance la 2\u1d49 \u00e9dition d\u2019\u00ab Expo Mauritanie 2025 \u00bb : le secteur priv\u00e9 au c\u0153ur de la relance \u00e9conomique - Le Quotidien de Nouakchott<\/title>\n<meta name=\"robots\" content=\"index, follow, max-snippet:-1, max-image-preview:large, max-video-preview:-1\" \/>\n<link rel=\"canonical\" href=\"https:\/\/lequotidien.mr\/?p=27008&lang=fr\" \/>\n<meta property=\"og:locale\" content=\"ar_AR\" \/>\n<meta property=\"og:type\" content=\"article\" \/>\n<meta property=\"og:title\" content=\"Le Pr\u00e9sident El Ghazouani lance la 2\u1d49 \u00e9dition d\u2019\u00ab Expo Mauritanie 2025 \u00bb : le secteur priv\u00e9 au c\u0153ur de la relance \u00e9conomique - Le Quotidien de Nouakchott\" \/>\n<meta property=\"og:description\" content=\"Le Pr\u00e9sident de la R\u00e9publique, M. Mohamed Cheikh El Ghazouani, a officiellement lanc\u00e9, jeudi dernier, au stade olympique de Nouakchott, la deuxi\u00e8me \u00e9dition de l\u2019exposition du secteur priv\u00e9 \u00ab Expo Mauritanie 2025 \u00bb. Plac\u00e9e sous le th\u00e8me \u00ab Le secteur priv\u00e9 est le moteur de la croissance \u00e9conomique et le cr\u00e9ateur d\u2019emplois \u00bb, cette manifestation.....\" \/>\n<meta property=\"og:url\" content=\"https:\/\/lequotidien.mr\/?p=27008&amp;lang=fr\" \/>\n<meta property=\"og:site_name\" content=\"Le Quotidien de Nouakchott\" \/>\n<meta property=\"article:publisher\" content=\"https:\/\/web.facebook.com\/lequotidienmr\" \/>\n<meta property=\"article:published_time\" content=\"2025-04-22T11:39:11+00:00\" \/>\n<meta property=\"og:image\" content=\"https:\/\/lequotidien.mr\/wp-content\/uploads\/2025\/04\/photo-Pdt-expo-Mtnie-2025.jpg\" \/>\n\t<meta property=\"og:image:width\" content=\"750\" \/>\n\t<meta property=\"og:image:height\" content=\"430\" \/>\n\t<meta property=\"og:image:type\" content=\"image\/jpeg\" \/>\n<meta name=\"author\" content=\"Med Ahmed\" \/>\n<meta name=\"twitter:card\" content=\"summary_large_image\" \/>\n<meta name=\"twitter:creator\" content=\"@lequotidienmr\" \/>\n<meta name=\"twitter:site\" content=\"@lequotidienmr\" \/>\n<meta name=\"twitter:label1\" content=\"\u0643\u064f\u062a\u0628 \u0628\u0648\u0627\u0633\u0637\u0629\" \/>\n\t<meta name=\"twitter:data1\" content=\"Med Ahmed\" \/>\n\t<meta name=\"twitter:label2\" content=\"\u0648\u0642\u062a \u0627\u0644\u0642\u0631\u0627\u0621\u0629 \u0627\u0644\u0645\u064f\u0642\u062f\u0651\u0631\" \/>\n\t<meta name=\"twitter:data2\" content=\"4 \u062f\u0642\u0627\u0626\u0642\" \/>\n<script type=\"application\/ld+json\" class=\"yoast-schema-graph\">{\"@context\":\"https:\\\/\\\/schema.org\",\"@graph\":[{\"@type\":\"Article\",\"@id\":\"https:\\\/\\\/lequotidien.mr\\\/?p=27008&lang=fr#article\",\"isPartOf\":{\"@id\":\"https:\\\/\\\/lequotidien.mr\\\/?p=27008&lang=fr\"},\"author\":{\"name\":\"Med Ahmed\",\"@id\":\"https:\\\/\\\/lequotidien.mr\\\/#\\\/schema\\\/person\\\/d2d350202a4d599685ed8abc25f97596\"},\"headline\":\"Le Pr\u00e9sident El Ghazouani lance la 2\u1d49 \u00e9dition d\u2019\u00ab Expo Mauritanie 2025 \u00bb : le secteur priv\u00e9 au c\u0153ur de la relance \u00e9conomique\",\"datePublished\":\"2025-04-22T11:39:11+00:00\",\"mainEntityOfPage\":{\"@id\":\"https:\\\/\\\/lequotidien.mr\\\/?p=27008&lang=fr\"},\"wordCount\":766,\"commentCount\":0,\"publisher\":{\"@id\":\"https:\\\/\\\/lequotidien.mr\\\/#organization\"},\"image\":{\"@id\":\"https:\\\/\\\/lequotidien.mr\\\/?p=27008&lang=fr#primaryimage\"},\"thumbnailUrl\":\"https:\\\/\\\/lequotidien.mr\\\/wp-content\\\/uploads\\\/2025\\\/04\\\/photo-Pdt-expo-Mtnie-2025.jpg\",\"articleSection\":[\"ACTUALIT\u00c9\",\"Economie\"],\"inLanguage\":\"ar\",\"potentialAction\":[{\"@type\":\"CommentAction\",\"name\":\"Comment\",\"target\":[\"https:\\\/\\\/lequotidien.mr\\\/?p=27008&lang=fr#respond\"]}]},{\"@type\":\"WebPage\",\"@id\":\"https:\\\/\\\/lequotidien.mr\\\/?p=27008&lang=fr\",\"url\":\"https:\\\/\\\/lequotidien.mr\\\/?p=27008&lang=fr\",\"name\":\"Le Pr\u00e9sident El Ghazouani lance la 2\u1d49 \u00e9dition d\u2019\u00ab Expo Mauritanie 2025 \u00bb : le secteur priv\u00e9 au c\u0153ur de la relance \u00e9conomique - Le Quotidien de Nouakchott\",\"isPartOf\":{\"@id\":\"https:\\\/\\\/lequotidien.mr\\\/#website\"},\"primaryImageOfPage\":{\"@id\":\"https:\\\/\\\/lequotidien.mr\\\/?p=27008&lang=fr#primaryimage\"},\"image\":{\"@id\":\"https:\\\/\\\/lequotidien.mr\\\/?p=27008&lang=fr#primaryimage\"},\"thumbnailUrl\":\"https:\\\/\\\/lequotidien.mr\\\/wp-content\\\/uploads\\\/2025\\\/04\\\/photo-Pdt-expo-Mtnie-2025.jpg\",\"datePublished\":\"2025-04-22T11:39:11+00:00\",\"breadcrumb\":{\"@id\":\"https:\\\/\\\/lequotidien.mr\\\/?p=27008&lang=fr#breadcrumb\"},\"inLanguage\":\"ar\",\"potentialAction\":[{\"@type\":\"ReadAction\",\"target\":[\"https:\\\/\\\/lequotidien.mr\\\/?p=27008&lang=fr\"]}]},{\"@type\":\"ImageObject\",\"inLanguage\":\"ar\",\"@id\":\"https:\\\/\\\/lequotidien.mr\\\/?p=27008&lang=fr#primaryimage\",\"url\":\"https:\\\/\\\/lequotidien.mr\\\/wp-content\\\/uploads\\\/2025\\\/04\\\/photo-Pdt-expo-Mtnie-2025.jpg\",\"contentUrl\":\"https:\\\/\\\/lequotidien.mr\\\/wp-content\\\/uploads\\\/2025\\\/04\\\/photo-Pdt-expo-Mtnie-2025.jpg\",\"width\":750,\"height\":430},{\"@type\":\"BreadcrumbList\",\"@id\":\"https:\\\/\\\/lequotidien.mr\\\/?p=27008&lang=fr#breadcrumb\",\"itemListElement\":[{\"@type\":\"ListItem\",\"position\":1,\"name\":\"Home\",\"item\":\"https:\\\/\\\/lequotidien.mr\\\/\"},{\"@type\":\"ListItem\",\"position\":2,\"name\":\"Le Pr\u00e9sident El Ghazouani lance la 2\u1d49 \u00e9dition d\u2019\u00ab Expo Mauritanie 2025 \u00bb : le secteur priv\u00e9 au c\u0153ur de la relance \u00e9conomique\"}]},{\"@type\":\"WebSite\",\"@id\":\"https:\\\/\\\/lequotidien.mr\\\/#website\",\"url\":\"https:\\\/\\\/lequotidien.mr\\\/\",\"name\":\"Le Quotidien de Nouakchott\",\"description\":\"\u0625\u062e\u0628\u0627\u0631\u064a\u0629 \u0645\u0633\u062a\u0642\u0644\u0629 \u0644\u0644\u0623\u0646\u0628\u0627\u0621 \u0627\u0644\u0639\u0627\u0645\u0629\",\"publisher\":{\"@id\":\"https:\\\/\\\/lequotidien.mr\\\/#organization\"},\"potentialAction\":[{\"@type\":\"SearchAction\",\"target\":{\"@type\":\"EntryPoint\",\"urlTemplate\":\"https:\\\/\\\/lequotidien.mr\\\/?s={search_term_string}\"},\"query-input\":{\"@type\":\"PropertyValueSpecification\",\"valueRequired\":true,\"valueName\":\"search_term_string\"}}],\"inLanguage\":\"ar\"},{\"@type\":\"Organization\",\"@id\":\"https:\\\/\\\/lequotidien.mr\\\/#organization\",\"name\":\"Le Quotidien de Nouakchott\",\"url\":\"https:\\\/\\\/lequotidien.mr\\\/\",\"logo\":{\"@type\":\"ImageObject\",\"inLanguage\":\"ar\",\"@id\":\"https:\\\/\\\/lequotidien.mr\\\/#\\\/schema\\\/logo\\\/image\\\/\",\"url\":\"https:\\\/\\\/lequotidien.mr\\\/wp-content\\\/uploads\\\/2022\\\/11\\\/logolequotidien.jpg\",\"contentUrl\":\"https:\\\/\\\/lequotidien.mr\\\/wp-content\\\/uploads\\\/2022\\\/11\\\/logolequotidien.jpg\",\"width\":290,\"height\":65,\"caption\":\"Le Quotidien de Nouakchott\"},\"image\":{\"@id\":\"https:\\\/\\\/lequotidien.mr\\\/#\\\/schema\\\/logo\\\/image\\\/\"},\"sameAs\":[\"https:\\\/\\\/web.facebook.com\\\/lequotidienmr\",\"https:\\\/\\\/x.com\\\/lequotidienmr\"]},{\"@type\":\"Person\",\"@id\":\"https:\\\/\\\/lequotidien.mr\\\/#\\\/schema\\\/person\\\/d2d350202a4d599685ed8abc25f97596\",\"name\":\"Med Ahmed\",\"image\":{\"@type\":\"ImageObject\",\"inLanguage\":\"ar\",\"@id\":\"https:\\\/\\\/secure.gravatar.com\\\/avatar\\\/fd2acc62ed50732923d1d39c17172c9b04149f142be92310ecc69e1358f94b52?s=96&d=mm&r=g\",\"url\":\"https:\\\/\\\/secure.gravatar.com\\\/avatar\\\/fd2acc62ed50732923d1d39c17172c9b04149f142be92310ecc69e1358f94b52?s=96&d=mm&r=g\",\"contentUrl\":\"https:\\\/\\\/secure.gravatar.com\\\/avatar\\\/fd2acc62ed50732923d1d39c17172c9b04149f142be92310ecc69e1358f94b52?s=96&d=mm&r=g\",\"caption\":\"Med Ahmed\"},\"url\":\"https:\\\/\\\/lequotidien.mr\\\/?author=12\"}]}<\/script>\n<!-- \/ Yoast SEO plugin. -->","yoast_head_json":{"title":"Le Pr\u00e9sident El Ghazouani lance la 2\u1d49 \u00e9dition d\u2019\u00ab Expo Mauritanie 2025 \u00bb : le secteur priv\u00e9 au c\u0153ur de la relance \u00e9conomique - Le Quotidien de Nouakchott","robots":{"index":"index","follow":"follow","max-snippet":"max-snippet:-1","max-image-preview":"max-image-preview:large","max-video-preview":"max-video-preview:-1"},"canonical":"https:\/\/lequotidien.mr\/?p=27008&lang=fr","og_locale":"ar_AR","og_type":"article","og_title":"Le Pr\u00e9sident El Ghazouani lance la 2\u1d49 \u00e9dition d\u2019\u00ab Expo Mauritanie 2025 \u00bb : le secteur priv\u00e9 au c\u0153ur de la relance \u00e9conomique - Le Quotidien de Nouakchott","og_description":"Le Pr\u00e9sident de la R\u00e9publique, M. Mohamed Cheikh El Ghazouani, a officiellement lanc\u00e9, jeudi dernier, au stade olympique de Nouakchott, la deuxi\u00e8me \u00e9dition de l\u2019exposition du secteur priv\u00e9 \u00ab Expo Mauritanie 2025 \u00bb. Plac\u00e9e sous le th\u00e8me \u00ab Le secteur priv\u00e9 est le moteur de la croissance \u00e9conomique et le cr\u00e9ateur d\u2019emplois \u00bb, cette manifestation.....","og_url":"https:\/\/lequotidien.mr\/?p=27008&lang=fr","og_site_name":"Le Quotidien de Nouakchott","article_publisher":"https:\/\/web.facebook.com\/lequotidienmr","article_published_time":"2025-04-22T11:39:11+00:00","og_image":[{"width":750,"height":430,"url":"https:\/\/lequotidien.mr\/wp-content\/uploads\/2025\/04\/photo-Pdt-expo-Mtnie-2025.jpg","type":"image\/jpeg"}],"author":"Med Ahmed","twitter_card":"summary_large_image","twitter_creator":"@lequotidienmr","twitter_site":"@lequotidienmr","twitter_misc":{"\u0643\u064f\u062a\u0628 \u0628\u0648\u0627\u0633\u0637\u0629":"Med Ahmed","\u0648\u0642\u062a \u0627\u0644\u0642\u0631\u0627\u0621\u0629 \u0627\u0644\u0645\u064f\u0642\u062f\u0651\u0631":"4 \u062f\u0642\u0627\u0626\u0642"},"schema":{"@context":"https:\/\/schema.org","@graph":[{"@type":"Article","@id":"https:\/\/lequotidien.mr\/?p=27008&lang=fr#article","isPartOf":{"@id":"https:\/\/lequotidien.mr\/?p=27008&lang=fr"},"author":{"name":"Med Ahmed","@id":"https:\/\/lequotidien.mr\/#\/schema\/person\/d2d350202a4d599685ed8abc25f97596"},"headline":"Le Pr\u00e9sident El Ghazouani lance la 2\u1d49 \u00e9dition d\u2019\u00ab Expo Mauritanie 2025 \u00bb : le secteur priv\u00e9 au c\u0153ur de la relance \u00e9conomique","datePublished":"2025-04-22T11:39:11+00:00","mainEntityOfPage":{"@id":"https:\/\/lequotidien.mr\/?p=27008&lang=fr"},"wordCount":766,"commentCount":0,"publisher":{"@id":"https:\/\/lequotidien.mr\/#organization"},"image":{"@id":"https:\/\/lequotidien.mr\/?p=27008&lang=fr#primaryimage"},"thumbnailUrl":"https:\/\/lequotidien.mr\/wp-content\/uploads\/2025\/04\/photo-Pdt-expo-Mtnie-2025.jpg","articleSection":["ACTUALIT\u00c9","Economie"],"inLanguage":"ar","potentialAction":[{"@type":"CommentAction","name":"Comment","target":["https:\/\/lequotidien.mr\/?p=27008&lang=fr#respond"]}]},{"@type":"WebPage","@id":"https:\/\/lequotidien.mr\/?p=27008&lang=fr","url":"https:\/\/lequotidien.mr\/?p=27008&lang=fr","name":"Le Pr\u00e9sident El Ghazouani lance la 2\u1d49 \u00e9dition d\u2019\u00ab Expo Mauritanie 2025 \u00bb : le secteur priv\u00e9 au c\u0153ur de la relance \u00e9conomique - Le Quotidien de Nouakchott","isPartOf":{"@id":"https:\/\/lequotidien.mr\/#website"},"primaryImageOfPage":{"@id":"https:\/\/lequotidien.mr\/?p=27008&lang=fr#primaryimage"},"image":{"@id":"https:\/\/lequotidien.mr\/?p=27008&lang=fr#primaryimage"},"thumbnailUrl":"https:\/\/lequotidien.mr\/wp-content\/uploads\/2025\/04\/photo-Pdt-expo-Mtnie-2025.jpg","datePublished":"2025-04-22T11:39:11+00:00","breadcrumb":{"@id":"https:\/\/lequotidien.mr\/?p=27008&lang=fr#breadcrumb"},"inLanguage":"ar","potentialAction":[{"@type":"ReadAction","target":["https:\/\/lequotidien.mr\/?p=27008&lang=fr"]}]},{"@type":"ImageObject","inLanguage":"ar","@id":"https:\/\/lequotidien.mr\/?p=27008&lang=fr#primaryimage","url":"https:\/\/lequotidien.mr\/wp-content\/uploads\/2025\/04\/photo-Pdt-expo-Mtnie-2025.jpg","contentUrl":"https:\/\/lequotidien.mr\/wp-content\/uploads\/2025\/04\/photo-Pdt-expo-Mtnie-2025.jpg","width":750,"height":430},{"@type":"BreadcrumbList","@id":"https:\/\/lequotidien.mr\/?p=27008&lang=fr#breadcrumb","itemListElement":[{"@type":"ListItem","position":1,"name":"Home","item":"https:\/\/lequotidien.mr\/"},{"@type":"ListItem","position":2,"name":"Le Pr\u00e9sident El Ghazouani lance la 2\u1d49 \u00e9dition d\u2019\u00ab Expo Mauritanie 2025 \u00bb : le secteur priv\u00e9 au c\u0153ur de la relance \u00e9conomique"}]},{"@type":"WebSite","@id":"https:\/\/lequotidien.mr\/#website","url":"https:\/\/lequotidien.mr\/","name":"Le Quotidien de Nouakchott","description":"\u0625\u062e\u0628\u0627\u0631\u064a\u0629 \u0645\u0633\u062a\u0642\u0644\u0629 \u0644\u0644\u0623\u0646\u0628\u0627\u0621 \u0627\u0644\u0639\u0627\u0645\u0629","publisher":{"@id":"https:\/\/lequotidien.mr\/#organization"},"potentialAction":[{"@type":"SearchAction","target":{"@type":"EntryPoint","urlTemplate":"https:\/\/lequotidien.mr\/?s={search_term_string}"},"query-input":{"@type":"PropertyValueSpecification","valueRequired":true,"valueName":"search_term_string"}}],"inLanguage":"ar"},{"@type":"Organization","@id":"https:\/\/lequotidien.mr\/#organization","name":"Le Quotidien de Nouakchott","url":"https:\/\/lequotidien.mr\/","logo":{"@type":"ImageObject","inLanguage":"ar","@id":"https:\/\/lequotidien.mr\/#\/schema\/logo\/image\/","url":"https:\/\/lequotidien.mr\/wp-content\/uploads\/2022\/11\/logolequotidien.jpg","contentUrl":"https:\/\/lequotidien.mr\/wp-content\/uploads\/2022\/11\/logolequotidien.jpg","width":290,"height":65,"caption":"Le Quotidien de Nouakchott"},"image":{"@id":"https:\/\/lequotidien.mr\/#\/schema\/logo\/image\/"},"sameAs":["https:\/\/web.facebook.com\/lequotidienmr","https:\/\/x.com\/lequotidienmr"]},{"@type":"Person","@id":"https:\/\/lequotidien.mr\/#\/schema\/person\/d2d350202a4d599685ed8abc25f97596","name":"Med Ahmed","image":{"@type":"ImageObject","inLanguage":"ar","@id":"https:\/\/secure.gravatar.com\/avatar\/fd2acc62ed50732923d1d39c17172c9b04149f142be92310ecc69e1358f94b52?s=96&d=mm&r=g","url":"https:\/\/secure.gravatar.com\/avatar\/fd2acc62ed50732923d1d39c17172c9b04149f142be92310ecc69e1358f94b52?s=96&d=mm&r=g","contentUrl":"https:\/\/secure.gravatar.com\/avatar\/fd2acc62ed50732923d1d39c17172c9b04149f142be92310ecc69e1358f94b52?s=96&d=mm&r=g","caption":"Med Ahmed"},"url":"https:\/\/lequotidien.mr\/?author=12"}]}},"_links":{"self":[{"href":"https:\/\/lequotidien.mr\/index.php?rest_route=\/wp\/v2\/posts\/27008","targetHints":{"allow":["GET"]}}],"collection":[{"href":"https:\/\/lequotidien.mr\/index.php?rest_route=\/wp\/v2\/posts"}],"about":[{"href":"https:\/\/lequotidien.mr\/index.php?rest_route=\/wp\/v2\/types\/post"}],"author":[{"embeddable":true,"href":"https:\/\/lequotidien.mr\/index.php?rest_route=\/wp\/v2\/users\/12"}],"replies":[{"embeddable":true,"href":"https:\/\/lequotidien.mr\/index.php?rest_route=%2Fwp%2Fv2%2Fcomments&post=27008"}],"version-history":[{"count":1,"href":"https:\/\/lequotidien.mr\/index.php?rest_route=\/wp\/v2\/posts\/27008\/revisions"}],"predecessor-version":[{"id":27010,"href":"https:\/\/lequotidien.mr\/index.php?rest_route=\/wp\/v2\/posts\/27008\/revisions\/27010"}],"wp:featuredmedia":[{"embeddable":true,"href":"https:\/\/lequotidien.mr\/index.php?rest_route=\/wp\/v2\/media\/27009"}],"wp:attachment":[{"href":"https:\/\/lequotidien.mr\/index.php?rest_route=%2Fwp%2Fv2%2Fmedia&parent=27008"}],"wp:term":[{"taxonomy":"category","embeddable":true,"href":"https:\/\/lequotidien.mr\/index.php?rest_route=%2Fwp%2Fv2%2Fcategories&post=27008"},{"taxonomy":"post_tag","embeddable":true,"href":"https:\/\/lequotidien.mr\/index.php?rest_route=%2Fwp%2Fv2%2Ftags&post=27008"}],"curies":[{"name":"wp","href":"https:\/\/api.w.org\/{rel}","templated":true}]}}