{"id":26891,"date":"2025-04-16T13:18:58","date_gmt":"2025-04-16T13:18:58","guid":{"rendered":"https:\/\/lequotidien.mr\/?p=26891"},"modified":"2025-04-16T13:18:58","modified_gmt":"2025-04-16T13:18:58","slug":"sidi-ould-tah-devoile-sa-vision-pour-la-bad-mais-son-equipe-de-campagne-interroge","status":"publish","type":"post","link":"https:\/\/lequotidien.mr\/?p=26891&lang=fr","title":{"rendered":"Sidi Ould Tah d\u00e9voile sa vision pour la BAD, mais son \u00e9quipe de campagne interroge"},"content":{"rendered":"<p><strong>Paris, 15 avril 2025<\/strong> \u2013 \u00c0 l\u2019occasion d\u2019un d\u00e9jeuner de presse organis\u00e9 dans la capitale fran\u00e7aise, <strong>le candidat mauritanien \u00e0 la pr\u00e9sidence de la Banque africaine de d\u00e9veloppement (BAD), Sidi Ould Tah<\/strong>, a pr\u00e9sent\u00e9 les axes structurants de sa vision pour l\u2019institution panafricaine. Un projet ambitieux, articul\u00e9 autour de quatre piliers \u2013 impact, innovation, inclusion et int\u00e9gration \u2013 destin\u00e9 \u00e0 faire de la BAD un levier plus efficace, plus proche des r\u00e9alit\u00e9s africaines et mieux pr\u00e9par\u00e9 aux d\u00e9fis du futur.<\/p>\n<p>Actuellement \u00e0 la t\u00eate de la Banque arabe pour le d\u00e9veloppement \u00e9conomique en Afrique (BADEA), Sidi Ould Tah n\u2019a pas manqu\u00e9 de souligner l\u2019urgence de repenser la dynamique du d\u00e9veloppement continental :<\/p>\n<p>\u00ab Il ne s\u2019agit plus de <em>g\u00e9rer<\/em> le d\u00e9veloppement, il faut l\u2019<em>acc\u00e9l\u00e9rer<\/em>. \u00bb<\/p>\n<p>Il a notamment plaid\u00e9 pour une meilleure synergie entre les institutions financi\u00e8res africaines, une r\u00e9ponse coordonn\u00e9e face au changement climatique, une inclusion renforc\u00e9e des jeunes et des femmes, et une architecture financi\u00e8re plus int\u00e9gr\u00e9e.<\/p>\n<p>Le programme est bien ficel\u00e9, la rh\u00e9torique ma\u00eetris\u00e9e. Mais <strong>une ombre plane sur cette candidature pourtant prometteuse : la composition de son \u00e9quipe de campagne<\/strong>.<\/p>\n<h3>Des figures controvers\u00e9es aux manettes<\/h3>\n<p>Dans les coulisses de cette campagne bien huil\u00e9e, plusieurs observateurs s\u2019interrogent sur la pr\u00e9sence de <strong>personnalit\u00e9s sulfureuses<\/strong> au sein du staff strat\u00e9gique de Sidi Ould Tah. Parmi eux, <strong>l\u2019avocat franco-mauritanien Jemal Taleb Lemoigne<\/strong>, r\u00e9guli\u00e8rement point\u00e9 du doigt pour son r\u00f4le ambigu dans de nombreux dossiers sensibles en Afrique de l\u2019Ouest.<\/p>\n<p>Autre nom qui suscite la controverse : <strong>Hmeyda Ould Bah<\/strong>, ancien conseiller influent de Mohamed Ould Abdel Aziz et toujours per\u00e7u comme l\u2019un des symboles d\u2019un syst\u00e8me ancien o\u00f9 opacit\u00e9, client\u00e9lisme et conflits d\u2019int\u00e9r\u00eats se c\u00f4toyaient sans complexe.<\/p>\n<p>Le retour de ces figures aux avant-postes d\u2019une campagne pour diriger une institution cens\u00e9e incarner <strong>la bonne gouvernance, la transparence et la rigueur<\/strong> a de quoi surprendre. Pire : il alimente un certain scepticisme parmi les partenaires techniques et financiers de la BAD, qui attendent du prochain pr\u00e9sident qu\u2019il incarne une <strong>rupture avec les pratiques douteuses<\/strong> du pass\u00e9.<\/p>\n<h3>Une contradiction entre le discours et la m\u00e9thode<\/h3>\n<p>Le paradoxe est frappant. Alors que Sidi Ould Tah insiste sur l\u2019importance d\u2019une gouvernance vertueuse et d\u2019une culture du r\u00e9sultat, il s\u2019entoure de profils dont le pass\u00e9 soul\u00e8ve de l\u00e9gitimes interrogations. Ce choix fragilise non seulement son discours, mais risque de d\u00e9tourner l\u2019attention de son programme, pourtant salu\u00e9 pour sa clart\u00e9 strat\u00e9gique.<\/p>\n<p>\u00ab Pour diriger la BAD, il ne suffit pas d\u2019avoir une bonne vision. Il faut aussi donner l\u2019exemple, d\u00e8s maintenant, dans la mani\u00e8re de faire campagne. \u00bb<\/p>\n<p>Cette phrase, entendue dans les couloirs de la presse africaine pr\u00e9sente au d\u00e9jeuner, r\u00e9sume le malaise ambiant : <strong>peut-on pr\u00e9tendre incarner une nouvelle \u00e8re de d\u00e9veloppement en s\u2019entourant des visages du vieux syst\u00e8me ?<\/strong><\/p>\n<h3>Une BAD \u00e0 la crois\u00e9e des chemins<\/h3>\n<p>Dans un contexte o\u00f9 les besoins en financement explosent, o\u00f9 les populations attendent des r\u00e9sultats tangibles, et o\u00f9 les partenaires exigent plus de redevabilit\u00e9, <strong>le choix du prochain pr\u00e9sident de la BAD est crucial pour l\u2019avenir du continent<\/strong>.<\/p>\n<p>La candidature de Sidi Ould Tah m\u00e9rite d\u2019\u00eatre examin\u00e9e s\u00e9rieusement \u2013 pour la solidit\u00e9 de sa trajectoire, la pertinence de ses id\u00e9es, et sa connaissance du terrain africain. Mais <strong>elle gagnerait en cr\u00e9dibilit\u00e9 si elle s\u2019appuyait sur une \u00e9quipe \u00e0 la hauteur de ses ambitions<\/strong>, d\u00e9barrass\u00e9e des figures qui rappellent trop les pratiques qu\u2019il dit vouloir d\u00e9passer.<\/p>\n<p>Le rendez-vous de Paris a permis \u00e0 Sidi Ould Tah de poser sa vision et de convaincre sur le fond. Il lui reste \u00e0 convaincre sur la forme. Car si l\u2019Afrique a besoin de leaders capables de tracer la voie, <strong>elle a encore plus besoin de pratiques irr\u00e9prochables d\u00e8s le premier pas<\/strong>.<\/p>\n<p>&nbsp;<\/p>\n","protected":false},"excerpt":{"rendered":"<p>Paris, 15 avril 2025 \u2013 \u00c0 l\u2019occasion d\u2019un d\u00e9jeuner de presse organis\u00e9 dans la capitale fran\u00e7aise, le candidat mauritanien \u00e0 la pr\u00e9sidence de la Banque africaine de d\u00e9veloppement (BAD), Sidi Ould Tah, a pr\u00e9sent\u00e9 les axes structurants de sa vision pour l\u2019institution panafricaine. Un projet ambitieux, articul\u00e9 autour de quatre piliers \u2013 impact, innovation, inclusion&#8230;..<\/p>\n","protected":false},"author":4,"featured_media":26892,"comment_status":"open","ping_status":"open","sticky":false,"template":"","format":"standard","meta":{"footnotes":""},"categories":[23,57],"tags":[],"class_list":["post-26891","post","type-post","status-publish","format-standard","has-post-thumbnail","hentry","category-actualite","category-couverture-specilale"],"yoast_head":"<!-- This site is optimized with the Yoast SEO plugin v27.5 - https:\/\/yoast.com\/product\/yoast-seo-wordpress\/ -->\n<title>Sidi Ould Tah d\u00e9voile sa vision pour la BAD, mais son \u00e9quipe de campagne interroge - Le Quotidien de Nouakchott<\/title>\n<meta name=\"robots\" content=\"index, follow, max-snippet:-1, max-image-preview:large, max-video-preview:-1\" \/>\n<link rel=\"canonical\" href=\"https:\/\/lequotidien.mr\/?p=26891&lang=fr\" \/>\n<meta property=\"og:locale\" content=\"ar_AR\" \/>\n<meta property=\"og:type\" content=\"article\" \/>\n<meta property=\"og:title\" content=\"Sidi Ould Tah d\u00e9voile sa vision pour la BAD, mais son \u00e9quipe de campagne interroge - Le Quotidien de Nouakchott\" \/>\n<meta property=\"og:description\" content=\"Paris, 15 avril 2025 \u2013 \u00c0 l\u2019occasion d\u2019un d\u00e9jeuner de presse organis\u00e9 dans la capitale fran\u00e7aise, le candidat mauritanien \u00e0 la pr\u00e9sidence de la Banque africaine de d\u00e9veloppement (BAD), Sidi Ould Tah, a pr\u00e9sent\u00e9 les axes structurants de sa vision pour l\u2019institution panafricaine. Un projet ambitieux, articul\u00e9 autour de quatre piliers \u2013 impact, innovation, inclusion.....\" \/>\n<meta property=\"og:url\" content=\"https:\/\/lequotidien.mr\/?p=26891&amp;lang=fr\" \/>\n<meta property=\"og:site_name\" content=\"Le Quotidien de Nouakchott\" \/>\n<meta property=\"article:publisher\" content=\"https:\/\/web.facebook.com\/lequotidienmr\" \/>\n<meta property=\"article:published_time\" content=\"2025-04-16T13:18:58+00:00\" \/>\n<meta property=\"og:image\" content=\"https:\/\/lequotidien.mr\/wp-content\/uploads\/2025\/04\/sidi-tah.jpeg\" \/>\n\t<meta property=\"og:image:width\" content=\"300\" \/>\n\t<meta property=\"og:image:height\" content=\"168\" \/>\n\t<meta property=\"og:image:type\" content=\"image\/jpeg\" \/>\n<meta name=\"author\" content=\"Le Quotidien\" \/>\n<meta name=\"twitter:card\" content=\"summary_large_image\" \/>\n<meta name=\"twitter:creator\" content=\"@lequotidienmr\" \/>\n<meta name=\"twitter:site\" content=\"@lequotidienmr\" \/>\n<meta name=\"twitter:label1\" content=\"\u0643\u064f\u062a\u0628 \u0628\u0648\u0627\u0633\u0637\u0629\" \/>\n\t<meta name=\"twitter:data1\" content=\"Le Quotidien\" \/>\n\t<meta name=\"twitter:label2\" content=\"\u0648\u0642\u062a \u0627\u0644\u0642\u0631\u0627\u0621\u0629 \u0627\u0644\u0645\u064f\u0642\u062f\u0651\u0631\" \/>\n\t<meta name=\"twitter:data2\" content=\"3 \u062f\u0642\u0627\u0626\u0642\" \/>\n<script type=\"application\/ld+json\" class=\"yoast-schema-graph\">{\"@context\":\"https:\\\/\\\/schema.org\",\"@graph\":[{\"@type\":\"Article\",\"@id\":\"https:\\\/\\\/lequotidien.mr\\\/?p=26891&lang=fr#article\",\"isPartOf\":{\"@id\":\"https:\\\/\\\/lequotidien.mr\\\/?p=26891&lang=fr\"},\"author\":{\"name\":\"Le Quotidien\",\"@id\":\"https:\\\/\\\/lequotidien.mr\\\/#\\\/schema\\\/person\\\/f90fcdaa970c60288de4ed2e64a56472\"},\"headline\":\"Sidi Ould Tah d\u00e9voile sa vision pour la BAD, mais son \u00e9quipe de campagne interroge\",\"datePublished\":\"2025-04-16T13:18:58+00:00\",\"mainEntityOfPage\":{\"@id\":\"https:\\\/\\\/lequotidien.mr\\\/?p=26891&lang=fr\"},\"wordCount\":701,\"commentCount\":0,\"publisher\":{\"@id\":\"https:\\\/\\\/lequotidien.mr\\\/#organization\"},\"image\":{\"@id\":\"https:\\\/\\\/lequotidien.mr\\\/?p=26891&lang=fr#primaryimage\"},\"thumbnailUrl\":\"https:\\\/\\\/lequotidien.mr\\\/wp-content\\\/uploads\\\/2025\\\/04\\\/sidi-tah.jpeg\",\"articleSection\":[\"ACTUALIT\u00c9\",\"Couverture sp\u00e9cilale\"],\"inLanguage\":\"ar\",\"potentialAction\":[{\"@type\":\"CommentAction\",\"name\":\"Comment\",\"target\":[\"https:\\\/\\\/lequotidien.mr\\\/?p=26891&lang=fr#respond\"]}]},{\"@type\":\"WebPage\",\"@id\":\"https:\\\/\\\/lequotidien.mr\\\/?p=26891&lang=fr\",\"url\":\"https:\\\/\\\/lequotidien.mr\\\/?p=26891&lang=fr\",\"name\":\"Sidi Ould Tah d\u00e9voile sa vision pour la BAD, mais son \u00e9quipe de campagne interroge - Le Quotidien de Nouakchott\",\"isPartOf\":{\"@id\":\"https:\\\/\\\/lequotidien.mr\\\/#website\"},\"primaryImageOfPage\":{\"@id\":\"https:\\\/\\\/lequotidien.mr\\\/?p=26891&lang=fr#primaryimage\"},\"image\":{\"@id\":\"https:\\\/\\\/lequotidien.mr\\\/?p=26891&lang=fr#primaryimage\"},\"thumbnailUrl\":\"https:\\\/\\\/lequotidien.mr\\\/wp-content\\\/uploads\\\/2025\\\/04\\\/sidi-tah.jpeg\",\"datePublished\":\"2025-04-16T13:18:58+00:00\",\"breadcrumb\":{\"@id\":\"https:\\\/\\\/lequotidien.mr\\\/?p=26891&lang=fr#breadcrumb\"},\"inLanguage\":\"ar\",\"potentialAction\":[{\"@type\":\"ReadAction\",\"target\":[\"https:\\\/\\\/lequotidien.mr\\\/?p=26891&lang=fr\"]}]},{\"@type\":\"ImageObject\",\"inLanguage\":\"ar\",\"@id\":\"https:\\\/\\\/lequotidien.mr\\\/?p=26891&lang=fr#primaryimage\",\"url\":\"https:\\\/\\\/lequotidien.mr\\\/wp-content\\\/uploads\\\/2025\\\/04\\\/sidi-tah.jpeg\",\"contentUrl\":\"https:\\\/\\\/lequotidien.mr\\\/wp-content\\\/uploads\\\/2025\\\/04\\\/sidi-tah.jpeg\",\"width\":300,\"height\":168},{\"@type\":\"BreadcrumbList\",\"@id\":\"https:\\\/\\\/lequotidien.mr\\\/?p=26891&lang=fr#breadcrumb\",\"itemListElement\":[{\"@type\":\"ListItem\",\"position\":1,\"name\":\"Home\",\"item\":\"https:\\\/\\\/lequotidien.mr\\\/\"},{\"@type\":\"ListItem\",\"position\":2,\"name\":\"Sidi Ould Tah d\u00e9voile sa vision pour la BAD, mais son \u00e9quipe de campagne interroge\"}]},{\"@type\":\"WebSite\",\"@id\":\"https:\\\/\\\/lequotidien.mr\\\/#website\",\"url\":\"https:\\\/\\\/lequotidien.mr\\\/\",\"name\":\"Le Quotidien de Nouakchott\",\"description\":\"\u0625\u062e\u0628\u0627\u0631\u064a\u0629 \u0645\u0633\u062a\u0642\u0644\u0629 \u0644\u0644\u0623\u0646\u0628\u0627\u0621 \u0627\u0644\u0639\u0627\u0645\u0629\",\"publisher\":{\"@id\":\"https:\\\/\\\/lequotidien.mr\\\/#organization\"},\"potentialAction\":[{\"@type\":\"SearchAction\",\"target\":{\"@type\":\"EntryPoint\",\"urlTemplate\":\"https:\\\/\\\/lequotidien.mr\\\/?s={search_term_string}\"},\"query-input\":{\"@type\":\"PropertyValueSpecification\",\"valueRequired\":true,\"valueName\":\"search_term_string\"}}],\"inLanguage\":\"ar\"},{\"@type\":\"Organization\",\"@id\":\"https:\\\/\\\/lequotidien.mr\\\/#organization\",\"name\":\"Le Quotidien de Nouakchott\",\"url\":\"https:\\\/\\\/lequotidien.mr\\\/\",\"logo\":{\"@type\":\"ImageObject\",\"inLanguage\":\"ar\",\"@id\":\"https:\\\/\\\/lequotidien.mr\\\/#\\\/schema\\\/logo\\\/image\\\/\",\"url\":\"https:\\\/\\\/lequotidien.mr\\\/wp-content\\\/uploads\\\/2022\\\/11\\\/logolequotidien.jpg\",\"contentUrl\":\"https:\\\/\\\/lequotidien.mr\\\/wp-content\\\/uploads\\\/2022\\\/11\\\/logolequotidien.jpg\",\"width\":290,\"height\":65,\"caption\":\"Le Quotidien de Nouakchott\"},\"image\":{\"@id\":\"https:\\\/\\\/lequotidien.mr\\\/#\\\/schema\\\/logo\\\/image\\\/\"},\"sameAs\":[\"https:\\\/\\\/web.facebook.com\\\/lequotidienmr\",\"https:\\\/\\\/x.com\\\/lequotidienmr\"]},{\"@type\":\"Person\",\"@id\":\"https:\\\/\\\/lequotidien.mr\\\/#\\\/schema\\\/person\\\/f90fcdaa970c60288de4ed2e64a56472\",\"name\":\"Le Quotidien\",\"image\":{\"@type\":\"ImageObject\",\"inLanguage\":\"ar\",\"@id\":\"https:\\\/\\\/secure.gravatar.com\\\/avatar\\\/374cb39a1a458a912465a93e5a3ce6546886fc3da809a1f10c63e4e8fcbca30f?s=96&d=mm&r=g\",\"url\":\"https:\\\/\\\/secure.gravatar.com\\\/avatar\\\/374cb39a1a458a912465a93e5a3ce6546886fc3da809a1f10c63e4e8fcbca30f?s=96&d=mm&r=g\",\"contentUrl\":\"https:\\\/\\\/secure.gravatar.com\\\/avatar\\\/374cb39a1a458a912465a93e5a3ce6546886fc3da809a1f10c63e4e8fcbca30f?s=96&d=mm&r=g\",\"caption\":\"Le Quotidien\"},\"sameAs\":[\"https:\\\/\\\/lequotidien.mr\\\/\"],\"url\":\"https:\\\/\\\/lequotidien.mr\\\/?author=4\"}]}<\/script>\n<!-- \/ Yoast SEO plugin. -->","yoast_head_json":{"title":"Sidi Ould Tah d\u00e9voile sa vision pour la BAD, mais son \u00e9quipe de campagne interroge - Le Quotidien de Nouakchott","robots":{"index":"index","follow":"follow","max-snippet":"max-snippet:-1","max-image-preview":"max-image-preview:large","max-video-preview":"max-video-preview:-1"},"canonical":"https:\/\/lequotidien.mr\/?p=26891&lang=fr","og_locale":"ar_AR","og_type":"article","og_title":"Sidi Ould Tah d\u00e9voile sa vision pour la BAD, mais son \u00e9quipe de campagne interroge - Le Quotidien de Nouakchott","og_description":"Paris, 15 avril 2025 \u2013 \u00c0 l\u2019occasion d\u2019un d\u00e9jeuner de presse organis\u00e9 dans la capitale fran\u00e7aise, le candidat mauritanien \u00e0 la pr\u00e9sidence de la Banque africaine de d\u00e9veloppement (BAD), Sidi Ould Tah, a pr\u00e9sent\u00e9 les axes structurants de sa vision pour l\u2019institution panafricaine. Un projet ambitieux, articul\u00e9 autour de quatre piliers \u2013 impact, innovation, inclusion.....","og_url":"https:\/\/lequotidien.mr\/?p=26891&lang=fr","og_site_name":"Le Quotidien de Nouakchott","article_publisher":"https:\/\/web.facebook.com\/lequotidienmr","article_published_time":"2025-04-16T13:18:58+00:00","og_image":[{"width":300,"height":168,"url":"https:\/\/lequotidien.mr\/wp-content\/uploads\/2025\/04\/sidi-tah.jpeg","type":"image\/jpeg"}],"author":"Le Quotidien","twitter_card":"summary_large_image","twitter_creator":"@lequotidienmr","twitter_site":"@lequotidienmr","twitter_misc":{"\u0643\u064f\u062a\u0628 \u0628\u0648\u0627\u0633\u0637\u0629":"Le Quotidien","\u0648\u0642\u062a \u0627\u0644\u0642\u0631\u0627\u0621\u0629 \u0627\u0644\u0645\u064f\u0642\u062f\u0651\u0631":"3 \u062f\u0642\u0627\u0626\u0642"},"schema":{"@context":"https:\/\/schema.org","@graph":[{"@type":"Article","@id":"https:\/\/lequotidien.mr\/?p=26891&lang=fr#article","isPartOf":{"@id":"https:\/\/lequotidien.mr\/?p=26891&lang=fr"},"author":{"name":"Le Quotidien","@id":"https:\/\/lequotidien.mr\/#\/schema\/person\/f90fcdaa970c60288de4ed2e64a56472"},"headline":"Sidi Ould Tah d\u00e9voile sa vision pour la BAD, mais son \u00e9quipe de campagne interroge","datePublished":"2025-04-16T13:18:58+00:00","mainEntityOfPage":{"@id":"https:\/\/lequotidien.mr\/?p=26891&lang=fr"},"wordCount":701,"commentCount":0,"publisher":{"@id":"https:\/\/lequotidien.mr\/#organization"},"image":{"@id":"https:\/\/lequotidien.mr\/?p=26891&lang=fr#primaryimage"},"thumbnailUrl":"https:\/\/lequotidien.mr\/wp-content\/uploads\/2025\/04\/sidi-tah.jpeg","articleSection":["ACTUALIT\u00c9","Couverture sp\u00e9cilale"],"inLanguage":"ar","potentialAction":[{"@type":"CommentAction","name":"Comment","target":["https:\/\/lequotidien.mr\/?p=26891&lang=fr#respond"]}]},{"@type":"WebPage","@id":"https:\/\/lequotidien.mr\/?p=26891&lang=fr","url":"https:\/\/lequotidien.mr\/?p=26891&lang=fr","name":"Sidi Ould Tah d\u00e9voile sa vision pour la BAD, mais son \u00e9quipe de campagne interroge - Le Quotidien de Nouakchott","isPartOf":{"@id":"https:\/\/lequotidien.mr\/#website"},"primaryImageOfPage":{"@id":"https:\/\/lequotidien.mr\/?p=26891&lang=fr#primaryimage"},"image":{"@id":"https:\/\/lequotidien.mr\/?p=26891&lang=fr#primaryimage"},"thumbnailUrl":"https:\/\/lequotidien.mr\/wp-content\/uploads\/2025\/04\/sidi-tah.jpeg","datePublished":"2025-04-16T13:18:58+00:00","breadcrumb":{"@id":"https:\/\/lequotidien.mr\/?p=26891&lang=fr#breadcrumb"},"inLanguage":"ar","potentialAction":[{"@type":"ReadAction","target":["https:\/\/lequotidien.mr\/?p=26891&lang=fr"]}]},{"@type":"ImageObject","inLanguage":"ar","@id":"https:\/\/lequotidien.mr\/?p=26891&lang=fr#primaryimage","url":"https:\/\/lequotidien.mr\/wp-content\/uploads\/2025\/04\/sidi-tah.jpeg","contentUrl":"https:\/\/lequotidien.mr\/wp-content\/uploads\/2025\/04\/sidi-tah.jpeg","width":300,"height":168},{"@type":"BreadcrumbList","@id":"https:\/\/lequotidien.mr\/?p=26891&lang=fr#breadcrumb","itemListElement":[{"@type":"ListItem","position":1,"name":"Home","item":"https:\/\/lequotidien.mr\/"},{"@type":"ListItem","position":2,"name":"Sidi Ould Tah d\u00e9voile sa vision pour la BAD, mais son \u00e9quipe de campagne interroge"}]},{"@type":"WebSite","@id":"https:\/\/lequotidien.mr\/#website","url":"https:\/\/lequotidien.mr\/","name":"Le Quotidien de Nouakchott","description":"\u0625\u062e\u0628\u0627\u0631\u064a\u0629 \u0645\u0633\u062a\u0642\u0644\u0629 \u0644\u0644\u0623\u0646\u0628\u0627\u0621 \u0627\u0644\u0639\u0627\u0645\u0629","publisher":{"@id":"https:\/\/lequotidien.mr\/#organization"},"potentialAction":[{"@type":"SearchAction","target":{"@type":"EntryPoint","urlTemplate":"https:\/\/lequotidien.mr\/?s={search_term_string}"},"query-input":{"@type":"PropertyValueSpecification","valueRequired":true,"valueName":"search_term_string"}}],"inLanguage":"ar"},{"@type":"Organization","@id":"https:\/\/lequotidien.mr\/#organization","name":"Le Quotidien de Nouakchott","url":"https:\/\/lequotidien.mr\/","logo":{"@type":"ImageObject","inLanguage":"ar","@id":"https:\/\/lequotidien.mr\/#\/schema\/logo\/image\/","url":"https:\/\/lequotidien.mr\/wp-content\/uploads\/2022\/11\/logolequotidien.jpg","contentUrl":"https:\/\/lequotidien.mr\/wp-content\/uploads\/2022\/11\/logolequotidien.jpg","width":290,"height":65,"caption":"Le Quotidien de Nouakchott"},"image":{"@id":"https:\/\/lequotidien.mr\/#\/schema\/logo\/image\/"},"sameAs":["https:\/\/web.facebook.com\/lequotidienmr","https:\/\/x.com\/lequotidienmr"]},{"@type":"Person","@id":"https:\/\/lequotidien.mr\/#\/schema\/person\/f90fcdaa970c60288de4ed2e64a56472","name":"Le Quotidien","image":{"@type":"ImageObject","inLanguage":"ar","@id":"https:\/\/secure.gravatar.com\/avatar\/374cb39a1a458a912465a93e5a3ce6546886fc3da809a1f10c63e4e8fcbca30f?s=96&d=mm&r=g","url":"https:\/\/secure.gravatar.com\/avatar\/374cb39a1a458a912465a93e5a3ce6546886fc3da809a1f10c63e4e8fcbca30f?s=96&d=mm&r=g","contentUrl":"https:\/\/secure.gravatar.com\/avatar\/374cb39a1a458a912465a93e5a3ce6546886fc3da809a1f10c63e4e8fcbca30f?s=96&d=mm&r=g","caption":"Le Quotidien"},"sameAs":["https:\/\/lequotidien.mr\/"],"url":"https:\/\/lequotidien.mr\/?author=4"}]}},"_links":{"self":[{"href":"https:\/\/lequotidien.mr\/index.php?rest_route=\/wp\/v2\/posts\/26891","targetHints":{"allow":["GET"]}}],"collection":[{"href":"https:\/\/lequotidien.mr\/index.php?rest_route=\/wp\/v2\/posts"}],"about":[{"href":"https:\/\/lequotidien.mr\/index.php?rest_route=\/wp\/v2\/types\/post"}],"author":[{"embeddable":true,"href":"https:\/\/lequotidien.mr\/index.php?rest_route=\/wp\/v2\/users\/4"}],"replies":[{"embeddable":true,"href":"https:\/\/lequotidien.mr\/index.php?rest_route=%2Fwp%2Fv2%2Fcomments&post=26891"}],"version-history":[{"count":1,"href":"https:\/\/lequotidien.mr\/index.php?rest_route=\/wp\/v2\/posts\/26891\/revisions"}],"predecessor-version":[{"id":26893,"href":"https:\/\/lequotidien.mr\/index.php?rest_route=\/wp\/v2\/posts\/26891\/revisions\/26893"}],"wp:featuredmedia":[{"embeddable":true,"href":"https:\/\/lequotidien.mr\/index.php?rest_route=\/wp\/v2\/media\/26892"}],"wp:attachment":[{"href":"https:\/\/lequotidien.mr\/index.php?rest_route=%2Fwp%2Fv2%2Fmedia&parent=26891"}],"wp:term":[{"taxonomy":"category","embeddable":true,"href":"https:\/\/lequotidien.mr\/index.php?rest_route=%2Fwp%2Fv2%2Fcategories&post=26891"},{"taxonomy":"post_tag","embeddable":true,"href":"https:\/\/lequotidien.mr\/index.php?rest_route=%2Fwp%2Fv2%2Ftags&post=26891"}],"curies":[{"name":"wp","href":"https:\/\/api.w.org\/{rel}","templated":true}]}}