{"id":26881,"date":"2025-04-16T09:57:39","date_gmt":"2025-04-16T09:57:39","guid":{"rendered":"https:\/\/lequotidien.mr\/?p=26881"},"modified":"2025-04-16T09:57:39","modified_gmt":"2025-04-16T09:57:39","slug":"le-4e-salon-de-lemploi-et-de-la-formation-a-nouakchott-entre-ambitions-affichees-et-realite-masquee","status":"publish","type":"post","link":"https:\/\/lequotidien.mr\/?p=26881&lang=fr","title":{"rendered":"\u00a0\u00a0Le 4e Salon de l\u2019Emploi et de la Formation \u00e0 Nouakchott, entre ambitions affich\u00e9es et r\u00e9alit\u00e9 masqu\u00e9e"},"content":{"rendered":"<p>Le 15 avril 2025, le Centre international des conf\u00e9rences de Nouakchott a accueilli en grande pompe la <strong>quatri\u00e8me \u00e9dition du Salon national de l\u2019emploi et de la formation professionnelle<\/strong>. Organis\u00e9 sous l\u2019\u00e9gide de la F\u00e9d\u00e9ration des services affili\u00e9e \u00e0 l\u2019Union nationale du patronat mauritanien, avec le soutien des minist\u00e8res de la Jeunesse, de l\u2019Emploi et de la Formation professionnelle, ce salon s\u2019est donn\u00e9 pour th\u00e8me ambitieux : <em>\u00ab L\u2019employabilit\u00e9 des jeunes : d\u00e9fis et perspectives \u00bb<\/em>.<\/p>\n<p>Mais derri\u00e8re les discours soigneusement calibr\u00e9s et les bilans chiffr\u00e9s abondamment cit\u00e9s, <strong>le flou demeure entier sur l\u2019impact r\u00e9el<\/strong> de ces initiatives successives, souvent plus proches de la communication politique que d\u2019une politique de l\u2019emploi structur\u00e9e, durable et mesurable.<\/p>\n<h3>Un d\u00e9cor bien install\u00e9, mais des r\u00e9sultats encore timides<\/h3>\n<p>Au fil des interventions des ministres et des repr\u00e9sentants du patronat, une conviction semble partag\u00e9e : il faut impliquer le secteur priv\u00e9, \u00e9largir l\u2019offre de formation, adapter les politiques publiques \u00e0 un march\u00e9 de l\u2019emploi mouvant. Autant d\u2019objectifs louables\u2026 mais d\u00e9j\u00e0 maintes fois proclam\u00e9s.<\/p>\n<p><strong>Le ministre de l\u2019Emploi, Mohamed Abdallahi Ould Louli<\/strong>, a dress\u00e9 une longue liste de projets : emploi de jeunes dans l\u2019agriculture et la p\u00eache, soutien \u00e0 l\u2019auto-emploi, programme &#8220;Machrou\u2019i Mustaqbali&#8221;, ou encore &#8220;Ma profession&#8221;, avec des milliers de jeunes form\u00e9s ou financ\u00e9s. Pourtant, ces chiffres, lanc\u00e9s comme autant de preuves d\u2019efficacit\u00e9, ne disent rien des <strong>conditions concr\u00e8tes d\u2019insertion<\/strong>, ni du <strong>taux de p\u00e9rennisation des emplois cr\u00e9\u00e9s<\/strong>.<\/p>\n<p><strong>Les projets pilotes cit\u00e9s \u2014 comme celui de 102 jeunes entrepreneurs agricoles \u00e0 Rkiz et Mbagne, ou encore l\u2019int\u00e9gration de 300 jeunes dans la p\u00eache artisanale \u2014 restent symboliques \u00e0 l\u2019\u00e9chelle nationale<\/strong>. Leur d\u00e9multiplication \u00e0 l\u2019\u00e9chelle des besoins (des dizaines de milliers de jeunes sans emploi ou d\u00e9scolaris\u00e9s) rel\u00e8ve pour l\u2019instant de la d\u00e9claration d\u2019intention, plus que d\u2019une strat\u00e9gie syst\u00e9mique.<\/p>\n<h3>Une strat\u00e9gie morcel\u00e9e, une absence de vision globale<\/h3>\n<p>Les ministres ont insist\u00e9 sur l\u2019importance d\u2019une \u00ab strat\u00e9gie tripartite \u00bb : cr\u00e9er des emplois dans les secteurs porteurs, soutenir l\u2019auto-emploi dans les cha\u00eenes de valeur, et structurer des programmes d\u2019accompagnement. Mais cette strat\u00e9gie reste <strong>morcel\u00e9e, sans articulation claire entre les formations, les besoins des entreprises et les politiques de d\u00e9veloppement<\/strong>.<\/p>\n<p>Le <strong>chantier de la \u201cmauritanisation\u201d des emplois<\/strong> \u2014 bien que mentionn\u00e9 \u2014 est toujours confront\u00e9 \u00e0 des freins majeurs : absence de profil qualifi\u00e9, d\u00e9pendance \u00e0 la main-d\u2019\u0153uvre \u00e9trang\u00e8re dans des secteurs cl\u00e9s, et r\u00e9sistance de certains employeurs. La plateforme \u00ab Rukhsa \u00bb cens\u00e9e r\u00e9guler l\u2019acc\u00e8s aux emplois \u00e9trangers est un bon outil\u2026 encore faut-il qu\u2019elle soit utilis\u00e9e avec rigueur et transparence.<\/p>\n<h3>Le r\u00f4le du patronat : mobilisation sinc\u00e8re ou opportunisme conjoncturel ?<\/h3>\n<p>Le pr\u00e9sident du patronat, <strong>Mohamed Zein El Abidine Ould Cheikh Ahmed<\/strong>, a salu\u00e9 la coop\u00e9ration croissante entre public et priv\u00e9. Il a rappel\u00e9 les efforts du secteur priv\u00e9 dans la formation et l\u2019emploi, \u00e9voquant des partenariats strat\u00e9giques avec l\u2019\u00c9tat. L\u00e0 encore, le discours est bien rod\u00e9, mais sur le terrain, <strong>de nombreuses entreprises peinent encore \u00e0 s\u2019engager pleinement dans la formation de jeunes sans exp\u00e9rience<\/strong>, privil\u00e9giant souvent la sous-traitance ou les recrutements temporaires \u00e0 bas co\u00fbt.<\/p>\n<p>Quant \u00e0 l\u2019appel \u00e0 \u00ab valoriser les m\u00e9tiers manuels \u00bb et \u00e0 \u00ab changer les mentalit\u00e9s des jeunes \u00bb, il revient comme une rengaine. Mais peut-on vraiment leur demander d\u2019embrasser des m\u00e9tiers \u00ab d\u00e9valoris\u00e9s \u00bb sans garantir un salaire digne, une protection sociale minimale et une perspective d\u2019\u00e9volution professionnelle ?<\/p>\n<h3>Formation professionnelle : la vraie promesse \u00e0 concr\u00e9tiser<\/h3>\n<p>Le ministre de la Formation professionnelle, <strong>Mohamed Melainine Ould Eyih<\/strong>, a lui aussi livr\u00e9 un bilan flatteur de la premi\u00e8re mandature pr\u00e9sidentielle : triplement des places dans les centres de formation, plus de 50 000 jeunes form\u00e9s, et un objectif de 115 000 form\u00e9s d\u2019ici 2030. Mais l\u00e0 encore, <strong>rien n\u2019a \u00e9t\u00e9 dit sur les d\u00e9bouch\u00e9s r\u00e9els de ces formations, ni sur leur ad\u00e9quation avec les besoins locaux et r\u00e9gionaux<\/strong>.<\/p>\n<p>Former pour former est devenu une habitude. Ce qui manque cruellement, ce sont les <strong>m\u00e9canismes de suivi post-formation<\/strong>, les partenariats engageants avec des entreprises, et surtout une orientation claire vers les fili\u00e8res d\u2019avenir (num\u00e9rique, \u00e9nergies renouvelables, agriculture modernis\u00e9e).<\/p>\n<p>Ce quatri\u00e8me salon national de l\u2019emploi se veut \u00eatre une plateforme de dialogue. Mais il risque fort, comme les \u00e9ditions pr\u00e9c\u00e9dentes, de <strong>s\u2019enliser dans un bavardage technocratique<\/strong>, sans remise en cause structurelle du syst\u00e8me.<\/p>\n<p><strong>Les jeunes Mauritaniens attendent des r\u00e9sultats, pas des chiffres.<\/strong> Ils attendent des perspectives, pas des salons. Ce n\u2019est pas une photo avec un badge autour du cou qui cr\u00e9e un emploi, mais une politique coh\u00e9rente, honn\u00eate, et suivie dans le temps.<\/p>\n<p>Tant que l\u2019on continuera \u00e0 c\u00e9l\u00e9brer l\u2019apparence d\u2019une solution sans oser affronter les vraies causes du ch\u00f4mage et de l\u2019exclusion \u2014 in\u00e9galit\u00e9s sociales, faible attractivit\u00e9 des secteurs productifs, \u00e9chec du syst\u00e8me \u00e9ducatif, inertie de l\u2019administration \u2014 la jeunesse continuera d\u2019applaudir\u2026 de loin.<\/p>\n<p>Cette c\u00e9r\u00e9monie de plus n\u2019est qu\u2019un \u00e9cran de fum\u00e9e. Derri\u00e8re, le ch\u00f4mage des jeunes reste massif, structurel, et ignor\u00e9. La mise en sc\u00e8ne continue. Le changement, lui, attend toujours.<\/p>\n","protected":false},"excerpt":{"rendered":"<p>Le 15 avril 2025, le Centre international des conf\u00e9rences de Nouakchott a accueilli en grande pompe la quatri\u00e8me \u00e9dition du Salon national de l\u2019emploi et de la formation professionnelle. Organis\u00e9 sous l\u2019\u00e9gide de la F\u00e9d\u00e9ration des services affili\u00e9e \u00e0 l\u2019Union nationale du patronat mauritanien, avec le soutien des minist\u00e8res de la Jeunesse, de l\u2019Emploi et&#8230;..<\/p>\n","protected":false},"author":4,"featured_media":26883,"comment_status":"open","ping_status":"open","sticky":false,"template":"","format":"standard","meta":{"footnotes":""},"categories":[23,49,57],"tags":[],"class_list":["post-26881","post","type-post","status-publish","format-standard","has-post-thumbnail","hentry","category-actualite","category-economie","category-couverture-specilale"],"yoast_head":"<!-- This site is optimized with the Yoast SEO plugin v27.5 - https:\/\/yoast.com\/product\/yoast-seo-wordpress\/ -->\n<title>\u00a0\u00a0Le 4e Salon de l\u2019Emploi et de la Formation \u00e0 Nouakchott, entre ambitions affich\u00e9es et r\u00e9alit\u00e9 masqu\u00e9e - Le Quotidien de Nouakchott<\/title>\n<meta name=\"robots\" content=\"index, follow, max-snippet:-1, max-image-preview:large, max-video-preview:-1\" \/>\n<link rel=\"canonical\" href=\"https:\/\/lequotidien.mr\/?p=26881&lang=fr\" \/>\n<meta property=\"og:locale\" content=\"ar_AR\" \/>\n<meta property=\"og:type\" content=\"article\" \/>\n<meta property=\"og:title\" content=\"\u00a0\u00a0Le 4e Salon de l\u2019Emploi et de la Formation \u00e0 Nouakchott, entre ambitions affich\u00e9es et r\u00e9alit\u00e9 masqu\u00e9e - Le Quotidien de Nouakchott\" \/>\n<meta property=\"og:description\" content=\"Le 15 avril 2025, le Centre international des conf\u00e9rences de Nouakchott a accueilli en grande pompe la quatri\u00e8me \u00e9dition du Salon national de l\u2019emploi et de la formation professionnelle. Organis\u00e9 sous l\u2019\u00e9gide de la F\u00e9d\u00e9ration des services affili\u00e9e \u00e0 l\u2019Union nationale du patronat mauritanien, avec le soutien des minist\u00e8res de la Jeunesse, de l\u2019Emploi et.....\" \/>\n<meta property=\"og:url\" content=\"https:\/\/lequotidien.mr\/?p=26881&amp;lang=fr\" \/>\n<meta property=\"og:site_name\" content=\"Le Quotidien de Nouakchott\" \/>\n<meta property=\"article:publisher\" content=\"https:\/\/web.facebook.com\/lequotidienmr\" \/>\n<meta property=\"article:published_time\" content=\"2025-04-16T09:57:39+00:00\" \/>\n<meta property=\"og:image\" content=\"https:\/\/lequotidien.mr\/wp-content\/uploads\/2025\/04\/salon.jpeg\" \/>\n\t<meta property=\"og:image:width\" content=\"480\" \/>\n\t<meta property=\"og:image:height\" content=\"320\" \/>\n\t<meta property=\"og:image:type\" content=\"image\/jpeg\" \/>\n<meta name=\"author\" content=\"Le Quotidien\" \/>\n<meta name=\"twitter:card\" content=\"summary_large_image\" \/>\n<meta name=\"twitter:creator\" content=\"@lequotidienmr\" \/>\n<meta name=\"twitter:site\" content=\"@lequotidienmr\" \/>\n<meta name=\"twitter:label1\" content=\"\u0643\u064f\u062a\u0628 \u0628\u0648\u0627\u0633\u0637\u0629\" \/>\n\t<meta name=\"twitter:data1\" content=\"Le Quotidien\" \/>\n\t<meta name=\"twitter:label2\" content=\"\u0648\u0642\u062a \u0627\u0644\u0642\u0631\u0627\u0621\u0629 \u0627\u0644\u0645\u064f\u0642\u062f\u0651\u0631\" \/>\n\t<meta name=\"twitter:data2\" content=\"5 \u062f\u0642\u0627\u0626\u0642\" \/>\n<script type=\"application\/ld+json\" class=\"yoast-schema-graph\">{\"@context\":\"https:\\\/\\\/schema.org\",\"@graph\":[{\"@type\":\"Article\",\"@id\":\"https:\\\/\\\/lequotidien.mr\\\/?p=26881&lang=fr#article\",\"isPartOf\":{\"@id\":\"https:\\\/\\\/lequotidien.mr\\\/?p=26881&lang=fr\"},\"author\":{\"name\":\"Le Quotidien\",\"@id\":\"https:\\\/\\\/lequotidien.mr\\\/#\\\/schema\\\/person\\\/f90fcdaa970c60288de4ed2e64a56472\"},\"headline\":\"\u00a0\u00a0Le 4e Salon de l\u2019Emploi et de la Formation \u00e0 Nouakchott, entre ambitions affich\u00e9es et r\u00e9alit\u00e9 masqu\u00e9e\",\"datePublished\":\"2025-04-16T09:57:39+00:00\",\"mainEntityOfPage\":{\"@id\":\"https:\\\/\\\/lequotidien.mr\\\/?p=26881&lang=fr\"},\"wordCount\":932,\"commentCount\":0,\"publisher\":{\"@id\":\"https:\\\/\\\/lequotidien.mr\\\/#organization\"},\"image\":{\"@id\":\"https:\\\/\\\/lequotidien.mr\\\/?p=26881&lang=fr#primaryimage\"},\"thumbnailUrl\":\"https:\\\/\\\/lequotidien.mr\\\/wp-content\\\/uploads\\\/2025\\\/04\\\/salon.jpeg\",\"articleSection\":[\"ACTUALIT\u00c9\",\"Economie\",\"Couverture sp\u00e9cilale\"],\"inLanguage\":\"ar\",\"potentialAction\":[{\"@type\":\"CommentAction\",\"name\":\"Comment\",\"target\":[\"https:\\\/\\\/lequotidien.mr\\\/?p=26881&lang=fr#respond\"]}]},{\"@type\":\"WebPage\",\"@id\":\"https:\\\/\\\/lequotidien.mr\\\/?p=26881&lang=fr\",\"url\":\"https:\\\/\\\/lequotidien.mr\\\/?p=26881&lang=fr\",\"name\":\"\u00a0\u00a0Le 4e Salon de l\u2019Emploi et de la Formation \u00e0 Nouakchott, entre ambitions affich\u00e9es et r\u00e9alit\u00e9 masqu\u00e9e - Le Quotidien de Nouakchott\",\"isPartOf\":{\"@id\":\"https:\\\/\\\/lequotidien.mr\\\/#website\"},\"primaryImageOfPage\":{\"@id\":\"https:\\\/\\\/lequotidien.mr\\\/?p=26881&lang=fr#primaryimage\"},\"image\":{\"@id\":\"https:\\\/\\\/lequotidien.mr\\\/?p=26881&lang=fr#primaryimage\"},\"thumbnailUrl\":\"https:\\\/\\\/lequotidien.mr\\\/wp-content\\\/uploads\\\/2025\\\/04\\\/salon.jpeg\",\"datePublished\":\"2025-04-16T09:57:39+00:00\",\"breadcrumb\":{\"@id\":\"https:\\\/\\\/lequotidien.mr\\\/?p=26881&lang=fr#breadcrumb\"},\"inLanguage\":\"ar\",\"potentialAction\":[{\"@type\":\"ReadAction\",\"target\":[\"https:\\\/\\\/lequotidien.mr\\\/?p=26881&lang=fr\"]}]},{\"@type\":\"ImageObject\",\"inLanguage\":\"ar\",\"@id\":\"https:\\\/\\\/lequotidien.mr\\\/?p=26881&lang=fr#primaryimage\",\"url\":\"https:\\\/\\\/lequotidien.mr\\\/wp-content\\\/uploads\\\/2025\\\/04\\\/salon.jpeg\",\"contentUrl\":\"https:\\\/\\\/lequotidien.mr\\\/wp-content\\\/uploads\\\/2025\\\/04\\\/salon.jpeg\",\"width\":480,\"height\":320},{\"@type\":\"BreadcrumbList\",\"@id\":\"https:\\\/\\\/lequotidien.mr\\\/?p=26881&lang=fr#breadcrumb\",\"itemListElement\":[{\"@type\":\"ListItem\",\"position\":1,\"name\":\"Home\",\"item\":\"https:\\\/\\\/lequotidien.mr\\\/\"},{\"@type\":\"ListItem\",\"position\":2,\"name\":\"\u00a0\u00a0Le 4e Salon de l\u2019Emploi et de la Formation \u00e0 Nouakchott, entre ambitions affich\u00e9es et r\u00e9alit\u00e9 masqu\u00e9e\"}]},{\"@type\":\"WebSite\",\"@id\":\"https:\\\/\\\/lequotidien.mr\\\/#website\",\"url\":\"https:\\\/\\\/lequotidien.mr\\\/\",\"name\":\"Le Quotidien de Nouakchott\",\"description\":\"\u0625\u062e\u0628\u0627\u0631\u064a\u0629 \u0645\u0633\u062a\u0642\u0644\u0629 \u0644\u0644\u0623\u0646\u0628\u0627\u0621 \u0627\u0644\u0639\u0627\u0645\u0629\",\"publisher\":{\"@id\":\"https:\\\/\\\/lequotidien.mr\\\/#organization\"},\"potentialAction\":[{\"@type\":\"SearchAction\",\"target\":{\"@type\":\"EntryPoint\",\"urlTemplate\":\"https:\\\/\\\/lequotidien.mr\\\/?s={search_term_string}\"},\"query-input\":{\"@type\":\"PropertyValueSpecification\",\"valueRequired\":true,\"valueName\":\"search_term_string\"}}],\"inLanguage\":\"ar\"},{\"@type\":\"Organization\",\"@id\":\"https:\\\/\\\/lequotidien.mr\\\/#organization\",\"name\":\"Le Quotidien de Nouakchott\",\"url\":\"https:\\\/\\\/lequotidien.mr\\\/\",\"logo\":{\"@type\":\"ImageObject\",\"inLanguage\":\"ar\",\"@id\":\"https:\\\/\\\/lequotidien.mr\\\/#\\\/schema\\\/logo\\\/image\\\/\",\"url\":\"https:\\\/\\\/lequotidien.mr\\\/wp-content\\\/uploads\\\/2022\\\/11\\\/logolequotidien.jpg\",\"contentUrl\":\"https:\\\/\\\/lequotidien.mr\\\/wp-content\\\/uploads\\\/2022\\\/11\\\/logolequotidien.jpg\",\"width\":290,\"height\":65,\"caption\":\"Le Quotidien de Nouakchott\"},\"image\":{\"@id\":\"https:\\\/\\\/lequotidien.mr\\\/#\\\/schema\\\/logo\\\/image\\\/\"},\"sameAs\":[\"https:\\\/\\\/web.facebook.com\\\/lequotidienmr\",\"https:\\\/\\\/x.com\\\/lequotidienmr\"]},{\"@type\":\"Person\",\"@id\":\"https:\\\/\\\/lequotidien.mr\\\/#\\\/schema\\\/person\\\/f90fcdaa970c60288de4ed2e64a56472\",\"name\":\"Le Quotidien\",\"image\":{\"@type\":\"ImageObject\",\"inLanguage\":\"ar\",\"@id\":\"https:\\\/\\\/secure.gravatar.com\\\/avatar\\\/374cb39a1a458a912465a93e5a3ce6546886fc3da809a1f10c63e4e8fcbca30f?s=96&d=mm&r=g\",\"url\":\"https:\\\/\\\/secure.gravatar.com\\\/avatar\\\/374cb39a1a458a912465a93e5a3ce6546886fc3da809a1f10c63e4e8fcbca30f?s=96&d=mm&r=g\",\"contentUrl\":\"https:\\\/\\\/secure.gravatar.com\\\/avatar\\\/374cb39a1a458a912465a93e5a3ce6546886fc3da809a1f10c63e4e8fcbca30f?s=96&d=mm&r=g\",\"caption\":\"Le Quotidien\"},\"sameAs\":[\"https:\\\/\\\/lequotidien.mr\\\/\"],\"url\":\"https:\\\/\\\/lequotidien.mr\\\/?author=4\"}]}<\/script>\n<!-- \/ Yoast SEO plugin. -->","yoast_head_json":{"title":"\u00a0\u00a0Le 4e Salon de l\u2019Emploi et de la Formation \u00e0 Nouakchott, entre ambitions affich\u00e9es et r\u00e9alit\u00e9 masqu\u00e9e - Le Quotidien de Nouakchott","robots":{"index":"index","follow":"follow","max-snippet":"max-snippet:-1","max-image-preview":"max-image-preview:large","max-video-preview":"max-video-preview:-1"},"canonical":"https:\/\/lequotidien.mr\/?p=26881&lang=fr","og_locale":"ar_AR","og_type":"article","og_title":"\u00a0\u00a0Le 4e Salon de l\u2019Emploi et de la Formation \u00e0 Nouakchott, entre ambitions affich\u00e9es et r\u00e9alit\u00e9 masqu\u00e9e - Le Quotidien de Nouakchott","og_description":"Le 15 avril 2025, le Centre international des conf\u00e9rences de Nouakchott a accueilli en grande pompe la quatri\u00e8me \u00e9dition du Salon national de l\u2019emploi et de la formation professionnelle. Organis\u00e9 sous l\u2019\u00e9gide de la F\u00e9d\u00e9ration des services affili\u00e9e \u00e0 l\u2019Union nationale du patronat mauritanien, avec le soutien des minist\u00e8res de la Jeunesse, de l\u2019Emploi et.....","og_url":"https:\/\/lequotidien.mr\/?p=26881&lang=fr","og_site_name":"Le Quotidien de Nouakchott","article_publisher":"https:\/\/web.facebook.com\/lequotidienmr","article_published_time":"2025-04-16T09:57:39+00:00","og_image":[{"width":480,"height":320,"url":"https:\/\/lequotidien.mr\/wp-content\/uploads\/2025\/04\/salon.jpeg","type":"image\/jpeg"}],"author":"Le Quotidien","twitter_card":"summary_large_image","twitter_creator":"@lequotidienmr","twitter_site":"@lequotidienmr","twitter_misc":{"\u0643\u064f\u062a\u0628 \u0628\u0648\u0627\u0633\u0637\u0629":"Le Quotidien","\u0648\u0642\u062a \u0627\u0644\u0642\u0631\u0627\u0621\u0629 \u0627\u0644\u0645\u064f\u0642\u062f\u0651\u0631":"5 \u062f\u0642\u0627\u0626\u0642"},"schema":{"@context":"https:\/\/schema.org","@graph":[{"@type":"Article","@id":"https:\/\/lequotidien.mr\/?p=26881&lang=fr#article","isPartOf":{"@id":"https:\/\/lequotidien.mr\/?p=26881&lang=fr"},"author":{"name":"Le Quotidien","@id":"https:\/\/lequotidien.mr\/#\/schema\/person\/f90fcdaa970c60288de4ed2e64a56472"},"headline":"\u00a0\u00a0Le 4e Salon de l\u2019Emploi et de la Formation \u00e0 Nouakchott, entre ambitions affich\u00e9es et r\u00e9alit\u00e9 masqu\u00e9e","datePublished":"2025-04-16T09:57:39+00:00","mainEntityOfPage":{"@id":"https:\/\/lequotidien.mr\/?p=26881&lang=fr"},"wordCount":932,"commentCount":0,"publisher":{"@id":"https:\/\/lequotidien.mr\/#organization"},"image":{"@id":"https:\/\/lequotidien.mr\/?p=26881&lang=fr#primaryimage"},"thumbnailUrl":"https:\/\/lequotidien.mr\/wp-content\/uploads\/2025\/04\/salon.jpeg","articleSection":["ACTUALIT\u00c9","Economie","Couverture sp\u00e9cilale"],"inLanguage":"ar","potentialAction":[{"@type":"CommentAction","name":"Comment","target":["https:\/\/lequotidien.mr\/?p=26881&lang=fr#respond"]}]},{"@type":"WebPage","@id":"https:\/\/lequotidien.mr\/?p=26881&lang=fr","url":"https:\/\/lequotidien.mr\/?p=26881&lang=fr","name":"\u00a0\u00a0Le 4e Salon de l\u2019Emploi et de la Formation \u00e0 Nouakchott, entre ambitions affich\u00e9es et r\u00e9alit\u00e9 masqu\u00e9e - Le Quotidien de Nouakchott","isPartOf":{"@id":"https:\/\/lequotidien.mr\/#website"},"primaryImageOfPage":{"@id":"https:\/\/lequotidien.mr\/?p=26881&lang=fr#primaryimage"},"image":{"@id":"https:\/\/lequotidien.mr\/?p=26881&lang=fr#primaryimage"},"thumbnailUrl":"https:\/\/lequotidien.mr\/wp-content\/uploads\/2025\/04\/salon.jpeg","datePublished":"2025-04-16T09:57:39+00:00","breadcrumb":{"@id":"https:\/\/lequotidien.mr\/?p=26881&lang=fr#breadcrumb"},"inLanguage":"ar","potentialAction":[{"@type":"ReadAction","target":["https:\/\/lequotidien.mr\/?p=26881&lang=fr"]}]},{"@type":"ImageObject","inLanguage":"ar","@id":"https:\/\/lequotidien.mr\/?p=26881&lang=fr#primaryimage","url":"https:\/\/lequotidien.mr\/wp-content\/uploads\/2025\/04\/salon.jpeg","contentUrl":"https:\/\/lequotidien.mr\/wp-content\/uploads\/2025\/04\/salon.jpeg","width":480,"height":320},{"@type":"BreadcrumbList","@id":"https:\/\/lequotidien.mr\/?p=26881&lang=fr#breadcrumb","itemListElement":[{"@type":"ListItem","position":1,"name":"Home","item":"https:\/\/lequotidien.mr\/"},{"@type":"ListItem","position":2,"name":"\u00a0\u00a0Le 4e Salon de l\u2019Emploi et de la Formation \u00e0 Nouakchott, entre ambitions affich\u00e9es et r\u00e9alit\u00e9 masqu\u00e9e"}]},{"@type":"WebSite","@id":"https:\/\/lequotidien.mr\/#website","url":"https:\/\/lequotidien.mr\/","name":"Le Quotidien de Nouakchott","description":"\u0625\u062e\u0628\u0627\u0631\u064a\u0629 \u0645\u0633\u062a\u0642\u0644\u0629 \u0644\u0644\u0623\u0646\u0628\u0627\u0621 \u0627\u0644\u0639\u0627\u0645\u0629","publisher":{"@id":"https:\/\/lequotidien.mr\/#organization"},"potentialAction":[{"@type":"SearchAction","target":{"@type":"EntryPoint","urlTemplate":"https:\/\/lequotidien.mr\/?s={search_term_string}"},"query-input":{"@type":"PropertyValueSpecification","valueRequired":true,"valueName":"search_term_string"}}],"inLanguage":"ar"},{"@type":"Organization","@id":"https:\/\/lequotidien.mr\/#organization","name":"Le Quotidien de Nouakchott","url":"https:\/\/lequotidien.mr\/","logo":{"@type":"ImageObject","inLanguage":"ar","@id":"https:\/\/lequotidien.mr\/#\/schema\/logo\/image\/","url":"https:\/\/lequotidien.mr\/wp-content\/uploads\/2022\/11\/logolequotidien.jpg","contentUrl":"https:\/\/lequotidien.mr\/wp-content\/uploads\/2022\/11\/logolequotidien.jpg","width":290,"height":65,"caption":"Le Quotidien de Nouakchott"},"image":{"@id":"https:\/\/lequotidien.mr\/#\/schema\/logo\/image\/"},"sameAs":["https:\/\/web.facebook.com\/lequotidienmr","https:\/\/x.com\/lequotidienmr"]},{"@type":"Person","@id":"https:\/\/lequotidien.mr\/#\/schema\/person\/f90fcdaa970c60288de4ed2e64a56472","name":"Le Quotidien","image":{"@type":"ImageObject","inLanguage":"ar","@id":"https:\/\/secure.gravatar.com\/avatar\/374cb39a1a458a912465a93e5a3ce6546886fc3da809a1f10c63e4e8fcbca30f?s=96&d=mm&r=g","url":"https:\/\/secure.gravatar.com\/avatar\/374cb39a1a458a912465a93e5a3ce6546886fc3da809a1f10c63e4e8fcbca30f?s=96&d=mm&r=g","contentUrl":"https:\/\/secure.gravatar.com\/avatar\/374cb39a1a458a912465a93e5a3ce6546886fc3da809a1f10c63e4e8fcbca30f?s=96&d=mm&r=g","caption":"Le Quotidien"},"sameAs":["https:\/\/lequotidien.mr\/"],"url":"https:\/\/lequotidien.mr\/?author=4"}]}},"_links":{"self":[{"href":"https:\/\/lequotidien.mr\/index.php?rest_route=\/wp\/v2\/posts\/26881","targetHints":{"allow":["GET"]}}],"collection":[{"href":"https:\/\/lequotidien.mr\/index.php?rest_route=\/wp\/v2\/posts"}],"about":[{"href":"https:\/\/lequotidien.mr\/index.php?rest_route=\/wp\/v2\/types\/post"}],"author":[{"embeddable":true,"href":"https:\/\/lequotidien.mr\/index.php?rest_route=\/wp\/v2\/users\/4"}],"replies":[{"embeddable":true,"href":"https:\/\/lequotidien.mr\/index.php?rest_route=%2Fwp%2Fv2%2Fcomments&post=26881"}],"version-history":[{"count":1,"href":"https:\/\/lequotidien.mr\/index.php?rest_route=\/wp\/v2\/posts\/26881\/revisions"}],"predecessor-version":[{"id":26884,"href":"https:\/\/lequotidien.mr\/index.php?rest_route=\/wp\/v2\/posts\/26881\/revisions\/26884"}],"wp:featuredmedia":[{"embeddable":true,"href":"https:\/\/lequotidien.mr\/index.php?rest_route=\/wp\/v2\/media\/26883"}],"wp:attachment":[{"href":"https:\/\/lequotidien.mr\/index.php?rest_route=%2Fwp%2Fv2%2Fmedia&parent=26881"}],"wp:term":[{"taxonomy":"category","embeddable":true,"href":"https:\/\/lequotidien.mr\/index.php?rest_route=%2Fwp%2Fv2%2Fcategories&post=26881"},{"taxonomy":"post_tag","embeddable":true,"href":"https:\/\/lequotidien.mr\/index.php?rest_route=%2Fwp%2Fv2%2Ftags&post=26881"}],"curies":[{"name":"wp","href":"https:\/\/api.w.org\/{rel}","templated":true}]}}